{"id":80831,"date":"2024-06-28T10:59:56","date_gmt":"2024-06-28T08:59:56","guid":{"rendered":"https:\/\/swissbaker.ch\/?p=80831"},"modified":"2024-06-28T11:02:24","modified_gmt":"2024-06-28T09:02:24","slug":"nous-ne-savons-jamais-assez","status":"publish","type":"post","link":"https:\/\/swissbaker.ch\/fr\/panissimo-news\/nous-ne-savons-jamais-assez\/","title":{"rendered":"Nous ne savons jamais assez\u2009!"},"content":{"rendered":"\n<p><strong>Ce n\u2019est pas anodin mais bien la force d\u2019un chemin celui qui fait de nous toutes et tous des \u00e9ternels apprentis. Ce n\u2019est pas n\u00e9gatif de penser que nous sommes des \u00e9ternels apprentis car ceci est source de motivations. <\/strong><\/p>\n\n\n\n<p>L\u2019apprentissage n\u2019est qu\u2019un passage mais il est vital pour marcher sur les chemins et l\u2019accomplissement professionnel. Apprendre c\u2019est d\u00e9j\u00e0 se mettre dans les dispositions n\u00e9cessaires et utiles pour s\u2019ouvrir au savoir qui est la cl\u00e9 qui donne les bases et qui permet d\u2019avancer. Ouvrir son esprit c\u2019est se mettre dans le sch\u00e9ma de ce qui est \u00e0 apprendre et il faut ajouter la volont\u00e9 de parvenir \u00e0 la r\u00e9ussite de cet apprentissage. <\/p>\n\n\n\n<p>Apprendre pour comprendre est cet autre acte qui ne sort pas du par c\u0153ur mais bien de la compr\u00e9hension de la mati\u00e8re et de ses arcanes divers ceux qui font que les actes d\u2019apprentissages ne sont pas m\u00e9caniques mais bas\u00e9s sur la compr\u00e9hension du pourquoi et du comment. Ouvrir son esprit, son c\u0153ur et y mettre les forces physiques et psychiques indispensables sont aussi une n\u00e9cessit\u00e9 et des actes fondateurs de la valeur de ce qui sera appris et compris. <\/p>\n\n\n\n<p>L\u2019apprentissage est une d\u00e9marche d\u2019acceptation, un rite de passage qui est obligatoire mais qui est infini ne l\u2019oublions pas. Garder le savoir en continuant \u00e0 apprendre est un chemin qui demande engagement et volont\u00e9 et ouverture d\u2019esprit vers ce qui est et ce qui \u00e9volue car rien n\u2019est fig\u00e9\u2009! Apprendre pour comprendre et de fait savoir est aussi ce qui est n\u00e9cessaire pour transmettre et former afin d\u2019assurer la rel\u00e8ve de demain et ceci est un devoir.<br><\/p>\n\n\n\n<p>Alors, n\u2019ayons pas peur \u00e0 travers les exp\u00e9riences de construire et de comprendre nos savoirs. Ce savoir qui s\u2019acqui\u00e8re en faisant des \u00e9tapes sur le chemin de la vie, dans des r\u00e9gions, des entreprises et parfois des pays divers et par la formation continue, gage de succ\u00e8s professionnels et surtout qui sert \u00e0 renforcer son savoir. Alors ne craignez pas d\u2019\u00eatre des \u00e9ternels apprentis\u2009!<\/p>\n\n\n\n<p class=\"has-text-align-right\"><em>Bernard Pignat,<\/em><br><em>Chevalier d\u2019honneur de la Confr\u00e9rie valaisanne des chevaliers du bon pain<\/em><\/p>\n","protected":false},"excerpt":{"rendered":"<p>Ce n\u2019est pas anodin mais bien la force d\u2019un chemin celui qui fait de nous toutes et tous des \u00e9ternels apprentis. Ce n\u2019est pas n\u00e9gatif de penser que nous sommes des \u00e9ternels apprentis car ceci est source de motivations. <\/p>\n","protected":false},"author":5,"featured_media":78135,"comment_status":"closed","ping_status":"closed","sticky":false,"template":"","format":"standard","meta":{"_acf_changed":false,"footnotes":""},"categories":[39,40],"tags":[],"class_list":["post-80831","post","type-post","status-publish","format-standard","has-post-thumbnail","hentry","category-de-la-branche","category-des-cantons"],"acf":[],"yoast_head":"<!-- This site is optimized with the Yoast SEO Premium plugin v26.8 (Yoast SEO v26.8) - https:\/\/yoast.com\/product\/yoast-seo-premium-wordpress\/ -->\n<title>Nous ne savons jamais assez\u2009! | SBC<\/title>\n<meta name=\"description\" content=\"Ce n\u2019est pas anodin mais bien la force d\u2019un chemin celui qui fait de nous toutes et tous des \u00e9ternels apprentis.\" \/>\n<meta name=\"robots\" content=\"index, follow, max-snippet:-1, max-image-preview:large, max-video-preview:-1\" \/>\n<link rel=\"canonical\" href=\"https:\/\/swissbaker.ch\/fr\/panissimo-news\/nous-ne-savons-jamais-assez\/\" \/>\n<meta property=\"og:locale\" content=\"fr_FR\" \/>\n<meta property=\"og:type\" content=\"article\" \/>\n<meta property=\"og:title\" content=\"Nous ne savons jamais assez\u2009!\" \/>\n<meta property=\"og:description\" content=\"Ce n\u2019est pas anodin mais bien la force d\u2019un chemin celui qui fait de nous toutes et tous des \u00e9ternels apprentis.\" \/>\n<meta property=\"og:url\" content=\"https:\/\/swissbaker.ch\/fr\/panissimo-news\/nous-ne-savons-jamais-assez\/\" \/>\n<meta property=\"og:site_name\" content=\"SBC\" \/>\n<meta property=\"article:publisher\" content=\"https:\/\/www.facebook.com\/swissbaker.ch\" \/>\n<meta property=\"article:published_time\" content=\"2024-06-28T08:59:56+00:00\" \/>\n<meta property=\"article:modified_time\" content=\"2024-06-28T09:02:24+00:00\" \/>\n<meta property=\"og:image\" content=\"https:\/\/swissbaker.ch\/wp-content\/uploads\/2023\/03\/bernard_pignat_2024.jpg\" \/>\n\t<meta property=\"og:image:width\" content=\"1200\" \/>\n\t<meta property=\"og:image:height\" content=\"712\" \/>\n\t<meta property=\"og:image:type\" content=\"image\/jpeg\" \/>\n<meta name=\"author\" content=\"Simon Nussbaum\" \/>\n<meta name=\"twitter:card\" content=\"summary_large_image\" \/>\n<meta name=\"twitter:creator\" content=\"@ch_swissbaker\" \/>\n<meta name=\"twitter:site\" content=\"@ch_swissbaker\" \/>\n<meta name=\"twitter:label1\" content=\"Written by\" \/>\n\t<meta name=\"twitter:data1\" content=\"Simon Nussbaum\" \/>\n\t<meta name=\"twitter:label2\" content=\"Est. reading time\" \/>\n\t<meta name=\"twitter:data2\" content=\"2 minutes\" \/>\n<script type=\"application\/ld+json\" class=\"yoast-schema-graph\">{\"@context\":\"https:\/\/schema.org\",\"@graph\":[{\"@type\":\"Article\",\"@id\":\"https:\/\/swissbaker.ch\/fr\/panissimo-news\/nous-ne-savons-jamais-assez\/#article\",\"isPartOf\":{\"@id\":\"https:\/\/swissbaker.ch\/fr\/panissimo-news\/nous-ne-savons-jamais-assez\/\"},\"author\":{\"name\":\"Simon Nussbaum\",\"@id\":\"https:\/\/swissbaker.ch\/fr\/#\/schema\/person\/74bd327b08c18ca6042c02ff6f0ed5e2\"},\"headline\":\"Nous ne savons jamais assez\u2009!\",\"datePublished\":\"2024-06-28T08:59:56+00:00\",\"dateModified\":\"2024-06-28T09:02:24+00:00\",\"mainEntityOfPage\":{\"@id\":\"https:\/\/swissbaker.ch\/fr\/panissimo-news\/nous-ne-savons-jamais-assez\/\"},\"wordCount\":388,\"publisher\":{\"@id\":\"https:\/\/swissbaker.ch\/fr\/#organization\"},\"image\":{\"@id\":\"https:\/\/swissbaker.ch\/fr\/panissimo-news\/nous-ne-savons-jamais-assez\/#primaryimage\"},\"thumbnailUrl\":\"https:\/\/swissbaker.ch\/wp-content\/uploads\/2023\/03\/bernard_pignat_2024.jpg\",\"articleSection\":[\"De la branche\",\"Des cantons\"],\"inLanguage\":\"fr-FR\"},{\"@type\":\"WebPage\",\"@id\":\"https:\/\/swissbaker.ch\/fr\/panissimo-news\/nous-ne-savons-jamais-assez\/\",\"url\":\"https:\/\/swissbaker.ch\/fr\/panissimo-news\/nous-ne-savons-jamais-assez\/\",\"name\":\"Nous ne savons jamais assez\u2009! | SBC\",\"isPartOf\":{\"@id\":\"https:\/\/swissbaker.ch\/fr\/#website\"},\"primaryImageOfPage\":{\"@id\":\"https:\/\/swissbaker.ch\/fr\/panissimo-news\/nous-ne-savons-jamais-assez\/#primaryimage\"},\"image\":{\"@id\":\"https:\/\/swissbaker.ch\/fr\/panissimo-news\/nous-ne-savons-jamais-assez\/#primaryimage\"},\"thumbnailUrl\":\"https:\/\/swissbaker.ch\/wp-content\/uploads\/2023\/03\/bernard_pignat_2024.jpg\",\"datePublished\":\"2024-06-28T08:59:56+00:00\",\"dateModified\":\"2024-06-28T09:02:24+00:00\",\"description\":\"Ce n\u2019est pas anodin mais bien la force d\u2019un chemin celui qui fait de nous toutes et tous des \u00e9ternels apprentis.\",\"breadcrumb\":{\"@id\":\"https:\/\/swissbaker.ch\/fr\/panissimo-news\/nous-ne-savons-jamais-assez\/#breadcrumb\"},\"inLanguage\":\"fr-FR\",\"potentialAction\":[{\"@type\":\"ReadAction\",\"target\":[\"https:\/\/swissbaker.ch\/fr\/panissimo-news\/nous-ne-savons-jamais-assez\/\"]}]},{\"@type\":\"ImageObject\",\"inLanguage\":\"fr-FR\",\"@id\":\"https:\/\/swissbaker.ch\/fr\/panissimo-news\/nous-ne-savons-jamais-assez\/#primaryimage\",\"url\":\"https:\/\/swissbaker.ch\/wp-content\/uploads\/2023\/03\/bernard_pignat_2024.jpg\",\"contentUrl\":\"https:\/\/swissbaker.ch\/wp-content\/uploads\/2023\/03\/bernard_pignat_2024.jpg\",\"width\":1200,\"height\":712},{\"@type\":\"BreadcrumbList\",\"@id\":\"https:\/\/swissbaker.ch\/fr\/panissimo-news\/nous-ne-savons-jamais-assez\/#breadcrumb\",\"itemListElement\":[{\"@type\":\"ListItem\",\"position\":1,\"name\":\"\",\"item\":\"https:\/\/swissbaker.ch\/fr\/\"},{\"@type\":\"ListItem\",\"position\":2,\"name\":\"De la branche\",\"item\":\"https:\/\/swissbaker.ch\/fr\/panissimo-news\/category\/de-la-branche\/\"},{\"@type\":\"ListItem\",\"position\":3,\"name\":\"Nous ne savons jamais assez\u2009!\"}]},{\"@type\":\"WebSite\",\"@id\":\"https:\/\/swissbaker.ch\/fr\/#website\",\"url\":\"https:\/\/swissbaker.ch\/fr\/\",\"name\":\"SBC\",\"description\":\"\",\"publisher\":{\"@id\":\"https:\/\/swissbaker.ch\/fr\/#organization\"},\"potentialAction\":[{\"@type\":\"SearchAction\",\"target\":{\"@type\":\"EntryPoint\",\"urlTemplate\":\"https:\/\/swissbaker.ch\/fr\/?s={search_term_string}\"},\"query-input\":{\"@type\":\"PropertyValueSpecification\",\"valueRequired\":true,\"valueName\":\"search_term_string\"}}],\"inLanguage\":\"fr-FR\"},{\"@type\":\"Organization\",\"@id\":\"https:\/\/swissbaker.ch\/fr\/#organization\",\"name\":\"Schweizerischer B\u00e4cker-Confiseurmeister-Verband\",\"url\":\"https:\/\/swissbaker.ch\/fr\/\",\"logo\":{\"@type\":\"ImageObject\",\"inLanguage\":\"fr-FR\",\"@id\":\"https:\/\/swissbaker.ch\/fr\/#\/schema\/logo\/image\/\",\"url\":\"https:\/\/swissbaker.ch\/wp-content\/uploads\/2022\/04\/sbc-logo-yoast.jpg\",\"contentUrl\":\"https:\/\/swissbaker.ch\/wp-content\/uploads\/2022\/04\/sbc-logo-yoast.jpg\",\"width\":512,\"height\":512,\"caption\":\"Schweizerischer B\u00e4cker-Confiseurmeister-Verband\"},\"image\":{\"@id\":\"https:\/\/swissbaker.ch\/fr\/#\/schema\/logo\/image\/\"},\"sameAs\":[\"https:\/\/www.facebook.com\/swissbaker.ch\",\"https:\/\/x.com\/ch_swissbaker\"]},{\"@type\":\"Person\",\"@id\":\"https:\/\/swissbaker.ch\/fr\/#\/schema\/person\/74bd327b08c18ca6042c02ff6f0ed5e2\",\"name\":\"Simon Nussbaum\",\"image\":{\"@type\":\"ImageObject\",\"inLanguage\":\"fr-FR\",\"@id\":\"https:\/\/swissbaker.ch\/fr\/#\/schema\/person\/image\/\",\"url\":\"https:\/\/secure.gravatar.com\/avatar\/df0eced3bb556c806cb760cf503ade1ed1df25b4104d80d6fd28d93a9509aa12?s=96&d=mm&r=g\",\"contentUrl\":\"https:\/\/secure.gravatar.com\/avatar\/df0eced3bb556c806cb760cf503ade1ed1df25b4104d80d6fd28d93a9509aa12?s=96&d=mm&r=g\",\"caption\":\"Simon Nussbaum\"},\"url\":\"https:\/\/swissbaker.ch\/fr\/panissimo-news\/author\/simon-nussbaum\/\"}]}<\/script>\n<!-- \/ Yoast SEO Premium plugin. -->","yoast_head_json":{"title":"Nous ne savons jamais assez\u2009! | SBC","description":"Ce n\u2019est pas anodin mais bien la force d\u2019un chemin celui qui fait de nous toutes et tous des \u00e9ternels apprentis.","robots":{"index":"index","follow":"follow","max-snippet":"max-snippet:-1","max-image-preview":"max-image-preview:large","max-video-preview":"max-video-preview:-1"},"canonical":"https:\/\/swissbaker.ch\/fr\/panissimo-news\/nous-ne-savons-jamais-assez\/","og_locale":"fr_FR","og_type":"article","og_title":"Nous ne savons jamais assez\u2009!","og_description":"Ce n\u2019est pas anodin mais bien la force d\u2019un chemin celui qui fait de nous toutes et tous des \u00e9ternels apprentis.","og_url":"https:\/\/swissbaker.ch\/fr\/panissimo-news\/nous-ne-savons-jamais-assez\/","og_site_name":"SBC","article_publisher":"https:\/\/www.facebook.com\/swissbaker.ch","article_published_time":"2024-06-28T08:59:56+00:00","article_modified_time":"2024-06-28T09:02:24+00:00","og_image":[{"width":1200,"height":712,"url":"https:\/\/swissbaker.ch\/wp-content\/uploads\/2023\/03\/bernard_pignat_2024.jpg","type":"image\/jpeg"}],"author":"Simon Nussbaum","twitter_card":"summary_large_image","twitter_creator":"@ch_swissbaker","twitter_site":"@ch_swissbaker","twitter_misc":{"Written by":"Simon Nussbaum","Est. reading time":"2 minutes"},"schema":{"@context":"https:\/\/schema.org","@graph":[{"@type":"Article","@id":"https:\/\/swissbaker.ch\/fr\/panissimo-news\/nous-ne-savons-jamais-assez\/#article","isPartOf":{"@id":"https:\/\/swissbaker.ch\/fr\/panissimo-news\/nous-ne-savons-jamais-assez\/"},"author":{"name":"Simon Nussbaum","@id":"https:\/\/swissbaker.ch\/fr\/#\/schema\/person\/74bd327b08c18ca6042c02ff6f0ed5e2"},"headline":"Nous ne savons jamais assez\u2009!","datePublished":"2024-06-28T08:59:56+00:00","dateModified":"2024-06-28T09:02:24+00:00","mainEntityOfPage":{"@id":"https:\/\/swissbaker.ch\/fr\/panissimo-news\/nous-ne-savons-jamais-assez\/"},"wordCount":388,"publisher":{"@id":"https:\/\/swissbaker.ch\/fr\/#organization"},"image":{"@id":"https:\/\/swissbaker.ch\/fr\/panissimo-news\/nous-ne-savons-jamais-assez\/#primaryimage"},"thumbnailUrl":"https:\/\/swissbaker.ch\/wp-content\/uploads\/2023\/03\/bernard_pignat_2024.jpg","articleSection":["De la branche","Des cantons"],"inLanguage":"fr-FR"},{"@type":"WebPage","@id":"https:\/\/swissbaker.ch\/fr\/panissimo-news\/nous-ne-savons-jamais-assez\/","url":"https:\/\/swissbaker.ch\/fr\/panissimo-news\/nous-ne-savons-jamais-assez\/","name":"Nous ne savons jamais assez\u2009! | SBC","isPartOf":{"@id":"https:\/\/swissbaker.ch\/fr\/#website"},"primaryImageOfPage":{"@id":"https:\/\/swissbaker.ch\/fr\/panissimo-news\/nous-ne-savons-jamais-assez\/#primaryimage"},"image":{"@id":"https:\/\/swissbaker.ch\/fr\/panissimo-news\/nous-ne-savons-jamais-assez\/#primaryimage"},"thumbnailUrl":"https:\/\/swissbaker.ch\/wp-content\/uploads\/2023\/03\/bernard_pignat_2024.jpg","datePublished":"2024-06-28T08:59:56+00:00","dateModified":"2024-06-28T09:02:24+00:00","description":"Ce n\u2019est pas anodin mais bien la force d\u2019un chemin celui qui fait de nous toutes et tous des \u00e9ternels apprentis.","breadcrumb":{"@id":"https:\/\/swissbaker.ch\/fr\/panissimo-news\/nous-ne-savons-jamais-assez\/#breadcrumb"},"inLanguage":"fr-FR","potentialAction":[{"@type":"ReadAction","target":["https:\/\/swissbaker.ch\/fr\/panissimo-news\/nous-ne-savons-jamais-assez\/"]}]},{"@type":"ImageObject","inLanguage":"fr-FR","@id":"https:\/\/swissbaker.ch\/fr\/panissimo-news\/nous-ne-savons-jamais-assez\/#primaryimage","url":"https:\/\/swissbaker.ch\/wp-content\/uploads\/2023\/03\/bernard_pignat_2024.jpg","contentUrl":"https:\/\/swissbaker.ch\/wp-content\/uploads\/2023\/03\/bernard_pignat_2024.jpg","width":1200,"height":712},{"@type":"BreadcrumbList","@id":"https:\/\/swissbaker.ch\/fr\/panissimo-news\/nous-ne-savons-jamais-assez\/#breadcrumb","itemListElement":[{"@type":"ListItem","position":1,"name":"","item":"https:\/\/swissbaker.ch\/fr\/"},{"@type":"ListItem","position":2,"name":"De la branche","item":"https:\/\/swissbaker.ch\/fr\/panissimo-news\/category\/de-la-branche\/"},{"@type":"ListItem","position":3,"name":"Nous ne savons jamais assez\u2009!"}]},{"@type":"WebSite","@id":"https:\/\/swissbaker.ch\/fr\/#website","url":"https:\/\/swissbaker.ch\/fr\/","name":"SBC","description":"","publisher":{"@id":"https:\/\/swissbaker.ch\/fr\/#organization"},"potentialAction":[{"@type":"SearchAction","target":{"@type":"EntryPoint","urlTemplate":"https:\/\/swissbaker.ch\/fr\/?s={search_term_string}"},"query-input":{"@type":"PropertyValueSpecification","valueRequired":true,"valueName":"search_term_string"}}],"inLanguage":"fr-FR"},{"@type":"Organization","@id":"https:\/\/swissbaker.ch\/fr\/#organization","name":"Schweizerischer B\u00e4cker-Confiseurmeister-Verband","url":"https:\/\/swissbaker.ch\/fr\/","logo":{"@type":"ImageObject","inLanguage":"fr-FR","@id":"https:\/\/swissbaker.ch\/fr\/#\/schema\/logo\/image\/","url":"https:\/\/swissbaker.ch\/wp-content\/uploads\/2022\/04\/sbc-logo-yoast.jpg","contentUrl":"https:\/\/swissbaker.ch\/wp-content\/uploads\/2022\/04\/sbc-logo-yoast.jpg","width":512,"height":512,"caption":"Schweizerischer B\u00e4cker-Confiseurmeister-Verband"},"image":{"@id":"https:\/\/swissbaker.ch\/fr\/#\/schema\/logo\/image\/"},"sameAs":["https:\/\/www.facebook.com\/swissbaker.ch","https:\/\/x.com\/ch_swissbaker"]},{"@type":"Person","@id":"https:\/\/swissbaker.ch\/fr\/#\/schema\/person\/74bd327b08c18ca6042c02ff6f0ed5e2","name":"Simon Nussbaum","image":{"@type":"ImageObject","inLanguage":"fr-FR","@id":"https:\/\/swissbaker.ch\/fr\/#\/schema\/person\/image\/","url":"https:\/\/secure.gravatar.com\/avatar\/df0eced3bb556c806cb760cf503ade1ed1df25b4104d80d6fd28d93a9509aa12?s=96&d=mm&r=g","contentUrl":"https:\/\/secure.gravatar.com\/avatar\/df0eced3bb556c806cb760cf503ade1ed1df25b4104d80d6fd28d93a9509aa12?s=96&d=mm&r=g","caption":"Simon Nussbaum"},"url":"https:\/\/swissbaker.ch\/fr\/panissimo-news\/author\/simon-nussbaum\/"}]}},"_links":{"self":[{"href":"https:\/\/swissbaker.ch\/fr\/wp-json\/wp\/v2\/posts\/80831","targetHints":{"allow":["GET"]}}],"collection":[{"href":"https:\/\/swissbaker.ch\/fr\/wp-json\/wp\/v2\/posts"}],"about":[{"href":"https:\/\/swissbaker.ch\/fr\/wp-json\/wp\/v2\/types\/post"}],"author":[{"embeddable":true,"href":"https:\/\/swissbaker.ch\/fr\/wp-json\/wp\/v2\/users\/5"}],"replies":[{"embeddable":true,"href":"https:\/\/swissbaker.ch\/fr\/wp-json\/wp\/v2\/comments?post=80831"}],"version-history":[{"count":0,"href":"https:\/\/swissbaker.ch\/fr\/wp-json\/wp\/v2\/posts\/80831\/revisions"}],"wp:featuredmedia":[{"embeddable":true,"href":"https:\/\/swissbaker.ch\/fr\/wp-json\/wp\/v2\/media\/78135"}],"wp:attachment":[{"href":"https:\/\/swissbaker.ch\/fr\/wp-json\/wp\/v2\/media?parent=80831"}],"wp:term":[{"taxonomy":"category","embeddable":true,"href":"https:\/\/swissbaker.ch\/fr\/wp-json\/wp\/v2\/categories?post=80831"},{"taxonomy":"post_tag","embeddable":true,"href":"https:\/\/swissbaker.ch\/fr\/wp-json\/wp\/v2\/tags?post=80831"}],"curies":[{"name":"wp","href":"https:\/\/api.w.org\/{rel}","templated":true}]}}