{"id":80506,"date":"2024-06-27T11:04:00","date_gmt":"2024-06-27T09:04:00","guid":{"rendered":"https:\/\/swissbaker.ch\/?p=80506"},"modified":"2024-06-28T13:55:51","modified_gmt":"2024-06-28T11:55:51","slug":"le-pain-peut-etre-sexy","status":"publish","type":"post","link":"https:\/\/swissbaker.ch\/fr\/panissimo-news\/le-pain-peut-etre-sexy\/","title":{"rendered":"Le pain peut \u00eatre sexy"},"content":{"rendered":"\n<p><strong><strong>L\u2019Ecole professionnelle Richemont va lancer en janvier la formation continue de sommelier dipl\u00f4m\u00e9 ou sommeli\u00e8re dipl\u00f4m\u00e9e \u2013 une formation dispens\u00e9e uniquement en Allemagne jusqu\u2019\u00e0 pr\u00e9sent.\u00a0\u00abPanissimo\u00bb a voulu en savoir plus sur le sujet en interviewant Marcel Paa, sommelier suisse du pain et boulanger sur Youtube<\/strong>.<\/strong><\/p>\n\n\n\n<p><strong><strong>Une question un peu cavali\u00e8re: qu&#8217;apporte la formation continue de sommelier du pain?<\/strong><\/strong><\/p>\n\n\n\n<p>C\u2019est tr\u00e8s individuel. Personnellement, elle me permet de mettre des mots sur le pain. Ce dernier est en effet habituellement qualifi\u00e9 de \u00abbon\u00bb, sa description se bornant \u00e0 ce seul adjectif \u2013 malgr\u00e9 les 500&nbsp;ar\u00f4mes qu\u2019il peut contenir.<br>Des connaissances sp\u00e9cialis\u00e9es \u00e9tant requises, les volets principaux de la formation continue sont l&#8217;analyse sensorielle, le marketing et les relations publiques (ndlr: souvent abr\u00e9g\u00e9es en RP, travail de relations publiques des entreprises et des institutions). L\u2019objectif est d\u2019apprendre aux participants et participantes \u00e0 parler du pain de mani\u00e8re captivante.<\/p>\n\n\n\n<p>.<\/p>\n\n\n\n<hr class=\"wp-block-separator has-alpha-channel-opacity\"\/>\n\n\n\n<div class=\"wp-block-columns\">\n<div class=\"wp-block-column\">\n<h3 class=\"wp-block-heading\" id=\"h-donnee-personnelles\"><strong><strong>Donn\u00e9e personnelles<\/strong><\/strong><\/h3>\n\n\n\n<p>Marcel Paa est boulanger-p\u00e2tissier de formation avec dipl\u00f4me f\u00e9d\u00e9ral. Il g\u00e8re la boulangerie familiale CreaBeck avec son \u00e9pouse et son beau-fr\u00e8re. Inspir\u00e9 par des vid\u00e9os de fitness, c\u2019est en&nbsp;2015 qu\u2019il a t\u00e9l\u00e9charg\u00e9 sa premi\u00e8re vid\u00e9o sur Youtube. Durant la pand\u00e9mie, la cha\u00eene \u00abEinfach Backen \u2013 Marcel Paa\u00bb a pris de l&#8217;ampleur jusqu\u2019\u00e0 devenir une entreprise \u00e0 part enti\u00e8re.<\/p>\n<\/div>\n\n\n\n<div class=\"wp-block-column\"><div class=\"wp-block-image\">\n<figure class=\"alignright size-full is-resized\"><img decoding=\"async\" width=\"888\" height=\"739\" src=\"https:\/\/swissbaker.ch\/wp-content\/uploads\/2024\/06\/projektarbeit-mpaa_auftaktbild-web.jpg\" alt=\"Brot-Sommelier Marcel Paa\" class=\"wp-image-80304\" style=\"width:405px;height:auto\" srcset=\"https:\/\/swissbaker.ch\/wp-content\/uploads\/2024\/06\/projektarbeit-mpaa_auftaktbild-web.jpg 888w, https:\/\/swissbaker.ch\/wp-content\/uploads\/2024\/06\/projektarbeit-mpaa_auftaktbild-web-768x639.jpg 768w\" sizes=\"(max-width: 888px) 100vw, 888px\" \/><figcaption class=\"wp-element-caption\"><em>Son pain quotidien: Marcel Paa est entrepreneur, boulanger sur Youtube et sommelier du pain.<\/em><\/figcaption><\/figure>\n<\/div><\/div>\n<\/div>\n\n\n\n<p>Dans le secteur, Marcel Paa est toujours engag\u00e9 en tant qu&#8217;expert aux examens dans la formation initiale en boulangerie-p\u00e2tisserie et dans le cadre de l&#8217;examen professionnel de boulanger-p\u00e2tissier. Il a en outre publi\u00e9 plusieurs livres sur la boulangerie. Marcel Paa a achev\u00e9 avec succ\u00e8s en novembre sa formation continue de sommelier du pain \u2013 avec entre autres Urs R\u00f6thlin (Ecole professionnelle Richemont, LU) et Gregor Maier (Beck Maier, AG).<\/p>\n\n\n\n<hr class=\"wp-block-separator has-alpha-channel-opacity\"\/>\n\n\n\n<p><strong><strong>Comment se d\u00e9roule cette formation<\/strong>?<\/strong><\/p>\n\n\n\n<p>Il y a huit champs d&#8217;action r\u00e9partis sur trois jours chacun. Dans le cadre du bread pairing, on apprend \u00e0 assortir le pain qui convient \u00e0 la garniture ad hoc; dans le cadre de l&#8217;analyse sensorielle, on aiguise les papilles gustatives, et dans le cadre de la verbalisation, on montre dans quelle mesure le pain peut \u00eatre sexy (rires).<br>Les th\u00e8mes de la culture du pain et des exigences l\u00e9gales sont \u00e9galement abord\u00e9s. Ce que je peux dire de l&#8217;Akademie Deutsches B\u00e4ckerhandwerk de Weinheim (D), c\u2019est que j&#8217;ai d\u00fb tout apprendre sur l&#8217;Allemagne, il a fallu beaucoup bachoter! L&#8217;avantage d&#8217;un cours en Suisse est que l\u2019enseignement des connaissances peut \u00eatre sp\u00e9cifique \u00e0 la situation et \u00e0 la culture suisses.<\/p>\n\n\n\n<p><strong><strong>Et comment mets-tu ces connaissances \u00e0 profit dans ton travail quotidien<\/strong>?<\/strong><\/p>\n\n\n\n<p>L&#8217;analyse sensorielle me permet d&#8217;\u00e9laborer de savoureuses descriptions des produits. Et je peux d\u00e9sormais en dire beaucoup plus sur les diff\u00e9rentes vari\u00e9t\u00e9s de pain, sur ma cha\u00eene YouTube notamment. Ces connaissances sur l&#8217;histoire du pain permettent de faire appr\u00e9cier le produit \u00e0 la client\u00e8le et de le valoriser avant m\u00eame qu&#8217;elle ne le go\u00fbte. J\u2019ai \u00e9galement appris \u00e0 parler aux journalistes \u2013 comme je le fais avec toi en ce moment.<\/p>\n\n\n<div class=\"wp-block-image\">\n<figure class=\"aligncenter size-full is-resized\"><img decoding=\"async\" width=\"835\" height=\"515\" src=\"https:\/\/swissbaker.ch\/wp-content\/uploads\/2024\/06\/projektarbeit-mpaa_quinoa-gemuesebrot-web.jpg\" alt=\"Vom Brot-Sommelier entwickelt: Das Quinoa-Gem\u00fcsebrot\" class=\"wp-image-80310\" style=\"width:381px;height:auto\" srcset=\"https:\/\/swissbaker.ch\/wp-content\/uploads\/2024\/06\/projektarbeit-mpaa_quinoa-gemuesebrot-web.jpg 835w, https:\/\/swissbaker.ch\/wp-content\/uploads\/2024\/06\/projektarbeit-mpaa_quinoa-gemuesebrot-web-768x474.jpg 768w\" sizes=\"(max-width: 835px) 100vw, 835px\" \/><figcaption class=\"wp-element-caption\"><em>Une r\u00e9ussite du sommelier du pain: le succulent pain quinoa aux l\u00e9gumes, saveur noisette<\/em><\/figcaption><\/figure>\n<\/div>\n\n\n<p><strong><strong>\u00c0 qui recommanderais-tu de suivre le cours de sommelier du pain<\/strong>?<\/strong><\/p>\n\n\n\n<p>A toutes celles et ceux qui veulent progresser. Il faut davantage d\u2019engagement pour faire entendre la voix du secteur; nous autres boulangers avons trop souvent la t\u00eate dans la farine. En ce moment, de plus en plus de cuisiniers s&#8217;engouffrent dans la br\u00e8che, pour des d\u00e9gustations notamment, alors que nous avons l\u2019expertise en la mati\u00e8re.<\/p>\n\n\n\n<p><strong><strong>Quel conseil donnerais-tu aux personnes int\u00e9ress\u00e9es et ind\u00e9cises<\/strong>?<\/strong><\/p>\n\n\n\n<p>Inscrivez-vous sans tarder! C&#8217;est une formation continue solide, avec \u00e0 la cl\u00e9 un savoir-faire unique et un r\u00e9seau passionnant. Les personnes ind\u00e9cises peuvent demander aux dix sommeliers que compte actuellement la Suisse de leur faire part de leurs exp\u00e9riences. Nous sommes un petit cercle tr\u00e8s engag\u00e9.<\/p>\n\n\n\n<p class=\"has-text-align-right\"><em>Interview: Diego Schwerzmann<\/em><\/p>\n\n\n\n<p>Le num\u00e9ro 13\/24 de \u00abPanissimo\u00bb donne un autre aper\u00e7u de la formation de sommelier du pain.<\/p>\n\n\n\n<hr class=\"wp-block-separator has-alpha-channel-opacity\"\/>\n\n\n\n<h3 class=\"wp-block-heading\" id=\"h-questions\"><strong>Questions<\/strong><\/h3>\n\n\n\n<div class=\"wp-block-columns\">\n<div class=\"wp-block-column\">\n<p>Cro\u00fbte ou mie?<\/p>\n\n\n\n<p>Pain blanc ou complet?<\/p>\n\n\n\n<p>Sal\u00e9 ou sucr\u00e9?<\/p>\n\n\n\n<p>Chocolat noir ou au lait?<\/p>\n\n\n\n<p>Mer ou montagne?<\/p>\n\n\n\n<p>Caf\u00e9 ou th\u00e9?<\/p>\n\n\n\n<p>Pop, hard-rock ou classique?<\/p>\n<\/div>\n\n\n\n<div class=\"wp-block-column\">\n<p><em>Cro\u00fbte<\/em><\/p>\n\n\n\n<p><em>Pain complet<\/em><\/p>\n\n\n\n<p><em>Sal\u00e9<\/em><\/p>\n\n\n\n<p><em>Au lait<\/em><\/p>\n\n\n\n<p><em>Mer<\/em><\/p>\n\n\n\n<p><em>Caf\u00e9<\/em><\/p>\n\n\n\n<p><em>Hard-rock<\/em><\/p>\n<\/div>\n\n\n\n<div class=\"wp-block-column\">\n<figure class=\"wp-block-image size-large is-resized\"><img decoding=\"async\" width=\"600\" height=\"800\" src=\"https:\/\/swissbaker.ch\/wp-content\/uploads\/2024\/06\/bildungstage_25_juni-7-edited.jpg\" alt=\"\" class=\"wp-image-80796\" style=\"width:294px;height:auto\"\/><\/figure>\n<\/div>\n<\/div>\n\n\n\n<p>Pour en savoir plus sur Marcel Paa: <a href=\"https:\/\/www.marcelpaa.com\/\">marcelpaa.com<\/a><\/p>\n","protected":false},"excerpt":{"rendered":"<p>L\u2019Ecole professionnelle Richemont va lancer en janvier la formation continue de sommelier dipl\u00f4m\u00e9 ou sommeli\u00e8re dipl\u00f4m\u00e9e.\u00a0\u00abPanissimo\u00bb a voulu en savoir plus sur le sujet en interviewant Marcel Paa, sommelier suisse du pain et boulanger sur Youtube.<\/p>\n","protected":false},"author":15,"featured_media":80308,"comment_status":"closed","ping_status":"closed","sticky":false,"template":"","format":"standard","meta":{"_acf_changed":false,"footnotes":""},"categories":[84,47],"tags":[444,440,236,441,443,436,439,178,437,438,442],"class_list":["post-80506","post","type-post","status-publish","format-standard","has-post-thumbnail","hentry","category-courant","category-formation-releve","tag-analyse-sensorielle","tag-boulanger","tag-boulangerie","tag-bpulanger","tag-bread-pairing-2","tag-formation-continue","tag-marcel-paa-2","tag-richemont-2","tag-sommelier","tag-sommelier-du-pain","tag-youtube-2"],"acf":[],"yoast_head":"<!-- This site is optimized with the Yoast SEO Premium plugin v26.8 (Yoast SEO v26.8) - https:\/\/yoast.com\/product\/yoast-seo-premium-wordpress\/ -->\n<title>Le pain peut \u00eatre sexy | SBC<\/title>\n<meta name=\"description\" content=\"\u00abPanissimo\u00bb a voulu en savoir plus sur la formation continue de sommelier du pain en interviewant Marcel Paa, sommelier suisse du pain.\" \/>\n<meta name=\"robots\" content=\"index, follow, max-snippet:-1, max-image-preview:large, max-video-preview:-1\" \/>\n<link rel=\"canonical\" href=\"https:\/\/swissbaker.ch\/fr\/panissimo-news\/le-pain-peut-etre-sexy\/\" \/>\n<meta property=\"og:locale\" content=\"fr_FR\" \/>\n<meta property=\"og:type\" content=\"article\" \/>\n<meta property=\"og:title\" content=\"Le pain peut \u00eatre sexy\" \/>\n<meta property=\"og:description\" content=\"\u00abPanissimo\u00bb a voulu en savoir plus sur la formation continue de sommelier du pain en interviewant Marcel Paa, sommelier suisse du pain.\" \/>\n<meta property=\"og:url\" content=\"https:\/\/swissbaker.ch\/fr\/panissimo-news\/le-pain-peut-etre-sexy\/\" \/>\n<meta property=\"og:site_name\" content=\"SBC\" \/>\n<meta property=\"article:publisher\" content=\"https:\/\/www.facebook.com\/swissbaker.ch\" \/>\n<meta property=\"article:published_time\" content=\"2024-06-27T09:04:00+00:00\" \/>\n<meta property=\"article:modified_time\" content=\"2024-06-28T11:55:51+00:00\" \/>\n<meta property=\"og:image\" content=\"https:\/\/swissbaker.ch\/wp-content\/uploads\/2024\/06\/marcel-paa_bildschirmfoto_25-6-2024-web.jpg\" \/>\n\t<meta property=\"og:image:width\" content=\"1024\" \/>\n\t<meta property=\"og:image:height\" content=\"1028\" \/>\n\t<meta property=\"og:image:type\" content=\"image\/jpeg\" \/>\n<meta name=\"author\" content=\"Diego Schwerzmann\" \/>\n<meta name=\"twitter:card\" content=\"summary_large_image\" \/>\n<meta name=\"twitter:creator\" content=\"@ch_swissbaker\" \/>\n<meta name=\"twitter:site\" content=\"@ch_swissbaker\" \/>\n<meta name=\"twitter:label1\" content=\"Written by\" \/>\n\t<meta name=\"twitter:data1\" content=\"Diego Schwerzmann\" \/>\n\t<meta name=\"twitter:label2\" content=\"Est. reading time\" \/>\n\t<meta name=\"twitter:data2\" content=\"4 minutes\" \/>\n<script type=\"application\/ld+json\" class=\"yoast-schema-graph\">{\"@context\":\"https:\/\/schema.org\",\"@graph\":[{\"@type\":\"Article\",\"@id\":\"https:\/\/swissbaker.ch\/fr\/panissimo-news\/le-pain-peut-etre-sexy\/#article\",\"isPartOf\":{\"@id\":\"https:\/\/swissbaker.ch\/fr\/panissimo-news\/le-pain-peut-etre-sexy\/\"},\"author\":{\"name\":\"Diego Schwerzmann\",\"@id\":\"https:\/\/swissbaker.ch\/fr\/#\/schema\/person\/cae241ac3dea35c6ff575148bc79c6fc\"},\"headline\":\"Le pain peut \u00eatre sexy\",\"datePublished\":\"2024-06-27T09:04:00+00:00\",\"dateModified\":\"2024-06-28T11:55:51+00:00\",\"mainEntityOfPage\":{\"@id\":\"https:\/\/swissbaker.ch\/fr\/panissimo-news\/le-pain-peut-etre-sexy\/\"},\"wordCount\":777,\"publisher\":{\"@id\":\"https:\/\/swissbaker.ch\/fr\/#organization\"},\"image\":{\"@id\":\"https:\/\/swissbaker.ch\/fr\/panissimo-news\/le-pain-peut-etre-sexy\/#primaryimage\"},\"thumbnailUrl\":\"https:\/\/swissbaker.ch\/wp-content\/uploads\/2024\/06\/marcel-paa_bildschirmfoto_25-6-2024-web.jpg\",\"keywords\":[\"analyse sensorielle\",\"boulanger\",\"Boulangerie\",\"bpulanger\",\"bread pairing\",\"formation continue\",\"Marcel Paa\",\"richemont\",\"sommelier\",\"sommelier du pain\",\"Youtube\"],\"articleSection\":[\"Courant\",\"Formation\/Rel\u00e8ve\"],\"inLanguage\":\"fr-FR\"},{\"@type\":\"WebPage\",\"@id\":\"https:\/\/swissbaker.ch\/fr\/panissimo-news\/le-pain-peut-etre-sexy\/\",\"url\":\"https:\/\/swissbaker.ch\/fr\/panissimo-news\/le-pain-peut-etre-sexy\/\",\"name\":\"Le pain peut \u00eatre sexy | SBC\",\"isPartOf\":{\"@id\":\"https:\/\/swissbaker.ch\/fr\/#website\"},\"primaryImageOfPage\":{\"@id\":\"https:\/\/swissbaker.ch\/fr\/panissimo-news\/le-pain-peut-etre-sexy\/#primaryimage\"},\"image\":{\"@id\":\"https:\/\/swissbaker.ch\/fr\/panissimo-news\/le-pain-peut-etre-sexy\/#primaryimage\"},\"thumbnailUrl\":\"https:\/\/swissbaker.ch\/wp-content\/uploads\/2024\/06\/marcel-paa_bildschirmfoto_25-6-2024-web.jpg\",\"datePublished\":\"2024-06-27T09:04:00+00:00\",\"dateModified\":\"2024-06-28T11:55:51+00:00\",\"description\":\"\u00abPanissimo\u00bb a voulu en savoir plus sur la formation continue de sommelier du pain en interviewant Marcel Paa, sommelier suisse du pain.\",\"breadcrumb\":{\"@id\":\"https:\/\/swissbaker.ch\/fr\/panissimo-news\/le-pain-peut-etre-sexy\/#breadcrumb\"},\"inLanguage\":\"fr-FR\",\"potentialAction\":[{\"@type\":\"ReadAction\",\"target\":[\"https:\/\/swissbaker.ch\/fr\/panissimo-news\/le-pain-peut-etre-sexy\/\"]}]},{\"@type\":\"ImageObject\",\"inLanguage\":\"fr-FR\",\"@id\":\"https:\/\/swissbaker.ch\/fr\/panissimo-news\/le-pain-peut-etre-sexy\/#primaryimage\",\"url\":\"https:\/\/swissbaker.ch\/wp-content\/uploads\/2024\/06\/marcel-paa_bildschirmfoto_25-6-2024-web.jpg\",\"contentUrl\":\"https:\/\/swissbaker.ch\/wp-content\/uploads\/2024\/06\/marcel-paa_bildschirmfoto_25-6-2024-web.jpg\",\"width\":1024,\"height\":1028},{\"@type\":\"BreadcrumbList\",\"@id\":\"https:\/\/swissbaker.ch\/fr\/panissimo-news\/le-pain-peut-etre-sexy\/#breadcrumb\",\"itemListElement\":[{\"@type\":\"ListItem\",\"position\":1,\"name\":\"\",\"item\":\"https:\/\/swissbaker.ch\/fr\/\"},{\"@type\":\"ListItem\",\"position\":2,\"name\":\"Formation\/Rel\u00e8ve\",\"item\":\"https:\/\/swissbaker.ch\/fr\/panissimo-news\/category\/formation-releve\/\"},{\"@type\":\"ListItem\",\"position\":3,\"name\":\"Le pain peut \u00eatre sexy\"}]},{\"@type\":\"WebSite\",\"@id\":\"https:\/\/swissbaker.ch\/fr\/#website\",\"url\":\"https:\/\/swissbaker.ch\/fr\/\",\"name\":\"SBC\",\"description\":\"\",\"publisher\":{\"@id\":\"https:\/\/swissbaker.ch\/fr\/#organization\"},\"potentialAction\":[{\"@type\":\"SearchAction\",\"target\":{\"@type\":\"EntryPoint\",\"urlTemplate\":\"https:\/\/swissbaker.ch\/fr\/?s={search_term_string}\"},\"query-input\":{\"@type\":\"PropertyValueSpecification\",\"valueRequired\":true,\"valueName\":\"search_term_string\"}}],\"inLanguage\":\"fr-FR\"},{\"@type\":\"Organization\",\"@id\":\"https:\/\/swissbaker.ch\/fr\/#organization\",\"name\":\"Schweizerischer B\u00e4cker-Confiseurmeister-Verband\",\"url\":\"https:\/\/swissbaker.ch\/fr\/\",\"logo\":{\"@type\":\"ImageObject\",\"inLanguage\":\"fr-FR\",\"@id\":\"https:\/\/swissbaker.ch\/fr\/#\/schema\/logo\/image\/\",\"url\":\"https:\/\/swissbaker.ch\/wp-content\/uploads\/2022\/04\/sbc-logo-yoast.jpg\",\"contentUrl\":\"https:\/\/swissbaker.ch\/wp-content\/uploads\/2022\/04\/sbc-logo-yoast.jpg\",\"width\":512,\"height\":512,\"caption\":\"Schweizerischer B\u00e4cker-Confiseurmeister-Verband\"},\"image\":{\"@id\":\"https:\/\/swissbaker.ch\/fr\/#\/schema\/logo\/image\/\"},\"sameAs\":[\"https:\/\/www.facebook.com\/swissbaker.ch\",\"https:\/\/x.com\/ch_swissbaker\"]},{\"@type\":\"Person\",\"@id\":\"https:\/\/swissbaker.ch\/fr\/#\/schema\/person\/cae241ac3dea35c6ff575148bc79c6fc\",\"name\":\"Diego Schwerzmann\",\"image\":{\"@type\":\"ImageObject\",\"inLanguage\":\"fr-FR\",\"@id\":\"https:\/\/swissbaker.ch\/fr\/#\/schema\/person\/image\/\",\"url\":\"https:\/\/secure.gravatar.com\/avatar\/41bc369b7d340bb06ddaa86c0442a37d3cfdf73381f0f0328f1028fa6a9f6bb5?s=96&d=mm&r=g\",\"contentUrl\":\"https:\/\/secure.gravatar.com\/avatar\/41bc369b7d340bb06ddaa86c0442a37d3cfdf73381f0f0328f1028fa6a9f6bb5?s=96&d=mm&r=g\",\"caption\":\"Diego Schwerzmann\"},\"url\":\"https:\/\/swissbaker.ch\/fr\/panissimo-news\/author\/diego-schwerzmann\/\"}]}<\/script>\n<!-- \/ Yoast SEO Premium plugin. -->","yoast_head_json":{"title":"Le pain peut \u00eatre sexy | SBC","description":"\u00abPanissimo\u00bb a voulu en savoir plus sur la formation continue de sommelier du pain en interviewant Marcel Paa, sommelier suisse du pain.","robots":{"index":"index","follow":"follow","max-snippet":"max-snippet:-1","max-image-preview":"max-image-preview:large","max-video-preview":"max-video-preview:-1"},"canonical":"https:\/\/swissbaker.ch\/fr\/panissimo-news\/le-pain-peut-etre-sexy\/","og_locale":"fr_FR","og_type":"article","og_title":"Le pain peut \u00eatre sexy","og_description":"\u00abPanissimo\u00bb a voulu en savoir plus sur la formation continue de sommelier du pain en interviewant Marcel Paa, sommelier suisse du pain.","og_url":"https:\/\/swissbaker.ch\/fr\/panissimo-news\/le-pain-peut-etre-sexy\/","og_site_name":"SBC","article_publisher":"https:\/\/www.facebook.com\/swissbaker.ch","article_published_time":"2024-06-27T09:04:00+00:00","article_modified_time":"2024-06-28T11:55:51+00:00","og_image":[{"width":1024,"height":1028,"url":"https:\/\/swissbaker.ch\/wp-content\/uploads\/2024\/06\/marcel-paa_bildschirmfoto_25-6-2024-web.jpg","type":"image\/jpeg"}],"author":"Diego Schwerzmann","twitter_card":"summary_large_image","twitter_creator":"@ch_swissbaker","twitter_site":"@ch_swissbaker","twitter_misc":{"Written by":"Diego Schwerzmann","Est. reading time":"4 minutes"},"schema":{"@context":"https:\/\/schema.org","@graph":[{"@type":"Article","@id":"https:\/\/swissbaker.ch\/fr\/panissimo-news\/le-pain-peut-etre-sexy\/#article","isPartOf":{"@id":"https:\/\/swissbaker.ch\/fr\/panissimo-news\/le-pain-peut-etre-sexy\/"},"author":{"name":"Diego Schwerzmann","@id":"https:\/\/swissbaker.ch\/fr\/#\/schema\/person\/cae241ac3dea35c6ff575148bc79c6fc"},"headline":"Le pain peut \u00eatre sexy","datePublished":"2024-06-27T09:04:00+00:00","dateModified":"2024-06-28T11:55:51+00:00","mainEntityOfPage":{"@id":"https:\/\/swissbaker.ch\/fr\/panissimo-news\/le-pain-peut-etre-sexy\/"},"wordCount":777,"publisher":{"@id":"https:\/\/swissbaker.ch\/fr\/#organization"},"image":{"@id":"https:\/\/swissbaker.ch\/fr\/panissimo-news\/le-pain-peut-etre-sexy\/#primaryimage"},"thumbnailUrl":"https:\/\/swissbaker.ch\/wp-content\/uploads\/2024\/06\/marcel-paa_bildschirmfoto_25-6-2024-web.jpg","keywords":["analyse sensorielle","boulanger","Boulangerie","bpulanger","bread pairing","formation continue","Marcel Paa","richemont","sommelier","sommelier du pain","Youtube"],"articleSection":["Courant","Formation\/Rel\u00e8ve"],"inLanguage":"fr-FR"},{"@type":"WebPage","@id":"https:\/\/swissbaker.ch\/fr\/panissimo-news\/le-pain-peut-etre-sexy\/","url":"https:\/\/swissbaker.ch\/fr\/panissimo-news\/le-pain-peut-etre-sexy\/","name":"Le pain peut \u00eatre sexy | SBC","isPartOf":{"@id":"https:\/\/swissbaker.ch\/fr\/#website"},"primaryImageOfPage":{"@id":"https:\/\/swissbaker.ch\/fr\/panissimo-news\/le-pain-peut-etre-sexy\/#primaryimage"},"image":{"@id":"https:\/\/swissbaker.ch\/fr\/panissimo-news\/le-pain-peut-etre-sexy\/#primaryimage"},"thumbnailUrl":"https:\/\/swissbaker.ch\/wp-content\/uploads\/2024\/06\/marcel-paa_bildschirmfoto_25-6-2024-web.jpg","datePublished":"2024-06-27T09:04:00+00:00","dateModified":"2024-06-28T11:55:51+00:00","description":"\u00abPanissimo\u00bb a voulu en savoir plus sur la formation continue de sommelier du pain en interviewant Marcel Paa, sommelier suisse du pain.","breadcrumb":{"@id":"https:\/\/swissbaker.ch\/fr\/panissimo-news\/le-pain-peut-etre-sexy\/#breadcrumb"},"inLanguage":"fr-FR","potentialAction":[{"@type":"ReadAction","target":["https:\/\/swissbaker.ch\/fr\/panissimo-news\/le-pain-peut-etre-sexy\/"]}]},{"@type":"ImageObject","inLanguage":"fr-FR","@id":"https:\/\/swissbaker.ch\/fr\/panissimo-news\/le-pain-peut-etre-sexy\/#primaryimage","url":"https:\/\/swissbaker.ch\/wp-content\/uploads\/2024\/06\/marcel-paa_bildschirmfoto_25-6-2024-web.jpg","contentUrl":"https:\/\/swissbaker.ch\/wp-content\/uploads\/2024\/06\/marcel-paa_bildschirmfoto_25-6-2024-web.jpg","width":1024,"height":1028},{"@type":"BreadcrumbList","@id":"https:\/\/swissbaker.ch\/fr\/panissimo-news\/le-pain-peut-etre-sexy\/#breadcrumb","itemListElement":[{"@type":"ListItem","position":1,"name":"","item":"https:\/\/swissbaker.ch\/fr\/"},{"@type":"ListItem","position":2,"name":"Formation\/Rel\u00e8ve","item":"https:\/\/swissbaker.ch\/fr\/panissimo-news\/category\/formation-releve\/"},{"@type":"ListItem","position":3,"name":"Le pain peut \u00eatre sexy"}]},{"@type":"WebSite","@id":"https:\/\/swissbaker.ch\/fr\/#website","url":"https:\/\/swissbaker.ch\/fr\/","name":"SBC","description":"","publisher":{"@id":"https:\/\/swissbaker.ch\/fr\/#organization"},"potentialAction":[{"@type":"SearchAction","target":{"@type":"EntryPoint","urlTemplate":"https:\/\/swissbaker.ch\/fr\/?s={search_term_string}"},"query-input":{"@type":"PropertyValueSpecification","valueRequired":true,"valueName":"search_term_string"}}],"inLanguage":"fr-FR"},{"@type":"Organization","@id":"https:\/\/swissbaker.ch\/fr\/#organization","name":"Schweizerischer B\u00e4cker-Confiseurmeister-Verband","url":"https:\/\/swissbaker.ch\/fr\/","logo":{"@type":"ImageObject","inLanguage":"fr-FR","@id":"https:\/\/swissbaker.ch\/fr\/#\/schema\/logo\/image\/","url":"https:\/\/swissbaker.ch\/wp-content\/uploads\/2022\/04\/sbc-logo-yoast.jpg","contentUrl":"https:\/\/swissbaker.ch\/wp-content\/uploads\/2022\/04\/sbc-logo-yoast.jpg","width":512,"height":512,"caption":"Schweizerischer B\u00e4cker-Confiseurmeister-Verband"},"image":{"@id":"https:\/\/swissbaker.ch\/fr\/#\/schema\/logo\/image\/"},"sameAs":["https:\/\/www.facebook.com\/swissbaker.ch","https:\/\/x.com\/ch_swissbaker"]},{"@type":"Person","@id":"https:\/\/swissbaker.ch\/fr\/#\/schema\/person\/cae241ac3dea35c6ff575148bc79c6fc","name":"Diego Schwerzmann","image":{"@type":"ImageObject","inLanguage":"fr-FR","@id":"https:\/\/swissbaker.ch\/fr\/#\/schema\/person\/image\/","url":"https:\/\/secure.gravatar.com\/avatar\/41bc369b7d340bb06ddaa86c0442a37d3cfdf73381f0f0328f1028fa6a9f6bb5?s=96&d=mm&r=g","contentUrl":"https:\/\/secure.gravatar.com\/avatar\/41bc369b7d340bb06ddaa86c0442a37d3cfdf73381f0f0328f1028fa6a9f6bb5?s=96&d=mm&r=g","caption":"Diego Schwerzmann"},"url":"https:\/\/swissbaker.ch\/fr\/panissimo-news\/author\/diego-schwerzmann\/"}]}},"_links":{"self":[{"href":"https:\/\/swissbaker.ch\/fr\/wp-json\/wp\/v2\/posts\/80506","targetHints":{"allow":["GET"]}}],"collection":[{"href":"https:\/\/swissbaker.ch\/fr\/wp-json\/wp\/v2\/posts"}],"about":[{"href":"https:\/\/swissbaker.ch\/fr\/wp-json\/wp\/v2\/types\/post"}],"author":[{"embeddable":true,"href":"https:\/\/swissbaker.ch\/fr\/wp-json\/wp\/v2\/users\/15"}],"replies":[{"embeddable":true,"href":"https:\/\/swissbaker.ch\/fr\/wp-json\/wp\/v2\/comments?post=80506"}],"version-history":[{"count":0,"href":"https:\/\/swissbaker.ch\/fr\/wp-json\/wp\/v2\/posts\/80506\/revisions"}],"wp:featuredmedia":[{"embeddable":true,"href":"https:\/\/swissbaker.ch\/fr\/wp-json\/wp\/v2\/media\/80308"}],"wp:attachment":[{"href":"https:\/\/swissbaker.ch\/fr\/wp-json\/wp\/v2\/media?parent=80506"}],"wp:term":[{"taxonomy":"category","embeddable":true,"href":"https:\/\/swissbaker.ch\/fr\/wp-json\/wp\/v2\/categories?post=80506"},{"taxonomy":"post_tag","embeddable":true,"href":"https:\/\/swissbaker.ch\/fr\/wp-json\/wp\/v2\/tags?post=80506"}],"curies":[{"name":"wp","href":"https:\/\/api.w.org\/{rel}","templated":true}]}}