{"id":80145,"date":"2024-06-13T13:11:33","date_gmt":"2024-06-13T11:11:33","guid":{"rendered":"https:\/\/swissbaker.ch\/?p=80145"},"modified":"2024-06-13T13:43:48","modified_gmt":"2024-06-13T11:43:48","slug":"18-nouveaux-professionnels-pour-la-branche","status":"publish","type":"post","link":"https:\/\/swissbaker.ch\/fr\/panissimo-news\/18-nouveaux-professionnels-pour-la-branche\/","title":{"rendered":"18 nouveaux professionnels pour la branche"},"content":{"rendered":"\n<p><strong>D\u00e9but juin, lors de la c\u00e9r\u00e9monie de cl\u00f4ture \u00e0 l\u2019\u00c9cole professionnelle Richemont \u00e0 Lucerne, 18 nouveaux chefs\/cheffes boulangerie-p\u00e2tisserie-confiserie avec les deux orientations boulangerie-p\u00e2tisserie et p\u00e2tisserie-confiserie ainsi que des sp\u00e9cialistes de la branche ont re\u00e7u leur dipl\u00f4me. Le pr\u00e9sident de la BCS Silvan Hotz a f\u00e9licit\u00e9 les laur\u00e9ats et les a appel\u00e9s \u00e0 transmettre leurs connaissances professionnelles et \u00e0 ne pas s\u2019arr\u00eater en si bon chemin.<\/strong><\/p>\n\n\n\n<p>Il y a deux ans, 19 professionnels de la branche de la boulangerie-confiserie ont commenc\u00e9 les cours de pr\u00e9paration \u00e0 l\u2019examen professionnel. \u00abLe chemin n\u2019a pas toujours \u00e9t\u00e9 simple et souvent sem\u00e9 d\u2019obstacles plus ou moins importants\u00bb, a d\u00e9clar\u00e9 r\u00e9trospectivement Reto Fries, directeur de l\u2019\u00e9cole Richemont. Trois de ces \u00e9l\u00e8ves ont abandonn\u00e9 en cours de formation ou d\u00e9cid\u00e9 de renoncer \u00e0 l\u2019examen f\u00e9d\u00e9ral. Lors de la c\u00e9r\u00e9monie de cl\u00f4ture des examens professionnels \u00e0 l\u2019\u00c9cole Richemont de Lucerne, outre les 14 participants au cours 2022\/23, quatre autres ayant r\u00e9ussi l\u2019examen en deuxi\u00e8me tentative ont \u00e9galement \u00e9t\u00e9 f\u00e9licit\u00e9s. Pour se rattraper apr\u00e8s une d\u00e9cision n\u00e9gative \u00e0 l\u2019examen et tenter une nouvelle fois sa chance, il faut beaucoup de volont\u00e9, de conviction et d\u2019\u00e9nergie. \u00abJe leur tire mon chapeau pour cette performance\u00bb, a ajout\u00e9 Reto Fries.<\/p>\n\n\n\n<h3 class=\"wp-block-heading\" id=\"h-les-meilleurs\"><strong>Les meilleurs<\/strong><\/h3>\n\n\n\n<p>La moyenne des notes obtenues par les sp\u00e9cialistes de la branche \u00e9tait de 4,3; de 4,5 pour la boulangerie-p\u00e2tisserie et de 4,7 pour la p\u00e2tisserie-confiserie. La meilleure note dans le commerce de d\u00e9tail a \u00e9t\u00e9 obtenue par Vanessa Huber (Suter&#8217;s Back &amp; Snack, Sch\u00f6tz) avec 4,5. Dans la boulangerie-p\u00e2tisserie, c&#8217;est Livia Wasem-Kr\u00fcsi (Marzili-Beck AG, Berne) qui a obtenu le meilleur r\u00e9sultat avec 5,3. Melanie Stocker (B\u00e4ckerei-Konditorei-Confiserie Aukofer, M\u00f6hlin) avec 5,4. et Rene Frei (Stiftung Behindertenwerk St. Jakob-Beck, Zurich) avec une excellente note de 5,5 ont brill\u00e9 par leurs performances.<\/p>\n\n\n<div class=\"wp-block-image\">\n<figure class=\"aligncenter size-large is-resized\"><img decoding=\"async\" width=\"768\" height=\"1024\" src=\"https:\/\/swissbaker.ch\/wp-content\/uploads\/2024\/06\/img_e6262-768x1024.jpg\" alt=\"\" class=\"wp-image-79331\" style=\"width:324px;height:auto\" srcset=\"https:\/\/swissbaker.ch\/wp-content\/uploads\/2024\/06\/img_e6262-768x1024.jpg 768w, https:\/\/swissbaker.ch\/wp-content\/uploads\/2024\/06\/img_e6262-1152x1536.jpg 1152w, https:\/\/swissbaker.ch\/wp-content\/uploads\/2024\/06\/img_e6262-1536x2048.jpg 1536w\" sizes=\"(max-width: 768px) 100vw, 768px\" \/><figcaption class=\"wp-element-caption\"><em>d.g.:<\/em> <em>Livia Wasem-Kr\u00fcsi, Rene Frei, Melanie Stocker et Vanessa Huber<\/em><\/figcaption><\/figure>\n<\/div>\n\n\n<div style=\"height:27px\" aria-hidden=\"true\" class=\"wp-block-spacer\"><\/div>\n\n\n\n<h3 class=\"wp-block-heading\" id=\"h-etre-un-modele\"><strong>\u00catre un mod\u00e8le<\/strong><\/h3>\n\n\n\n<p>Le pr\u00e9sident de la BCS, Silvan Hotz, a soulign\u00e9 l\u2019engagement et le travail acharn\u00e9 qui ont \u00e9t\u00e9 n\u00e9cessaires pour atteindre cet objectif. Il a f\u00e9licit\u00e9 les dipl\u00f4m\u00e9s et les dipl\u00f4m\u00e9es et a exprim\u00e9 sa gratitude aux employeurs, \u00e0 toute l\u2019\u00e9quipe de l\u2019\u00e9cole professionnelle et aux enseignants sous la direction de Reto Fries et de Markus Zimmerli, directeur adjoint de l\u2019\u00e9cole professionnelle Richemont. Les professionnels fra\u00eechement dipl\u00f4m\u00e9s doivent \u00eatre des mod\u00e8les dans la branche et transmettre leur savoir-faire. \u00abVivez votre passion, cr\u00e9ez de la nouveaut\u00e9 sans oublier la tradition\u00bb, leur a-t-il demand\u00e9.<\/p>\n\n\n\n<h3 class=\"wp-block-heading\" id=\"h-a-quoi-sert-le-meilleur-pain\"><strong>\u00c0 quoi sert le meilleur pain&#8230;<\/strong><\/h3>\n\n\n\n<p>Lisa Frunz, responsable du commerce de d\u00e9tail au comit\u00e9 central de la BCS, s\u2019est r\u00e9jouie du nombre de parents et d\u2019amis qui ont assist\u00e9 \u00e0 la c\u00e9r\u00e9monie. C\u2019est une grande marque d\u2019estime pour tous ces \u00e9l\u00e8ves. Parmi les 18 dipl\u00f4m\u00e9-es, on compte deux sp\u00e9cialistes de la branche. Lisa Frunz a soulign\u00e9 la collaboration entre la production et le commerce de d\u00e9tail. Cela est d\u00e9cisif pour le succ\u00e8s d\u2019une entreprise et la satisfaction des clients. \u00ab\u00c0 quoi sert le meilleur pain si personne n\u2019est l\u00e0 pour en faire l\u2019\u00e9loge?\u00bb. Elle est fi\u00e8re de savoir que de tels professionnels de la vente sont parmi nous. \u00abProuvons que notre branche est la meilleure!\u00bb, a-t-elle soulign\u00e9 en guise de conclusion.<\/p>\n\n\n\n<h3 class=\"wp-block-heading\" id=\"h-une-collaboration-exemplaire\"><strong>Une collaboration exemplaire<\/strong><\/h3>\n\n\n\n<p>Peter Signer, responsable de la formation BCS dans le domaine de la production, a fait l\u2019\u00e9loge de cette formation, qui a \u00e9t\u00e9 marqu\u00e9e par une collaboration exemplaire. Selon lui, cela t\u00e9moigne d\u2019un esprit de classe sup\u00e9rieur \u00e0 la moyenne et se refl\u00e8te dans les notes. \u00abQuelle est la suite? Quel est votre prochain objectif?\u00bb &#8211; Peter Signer a motiv\u00e9 les nouveaux dipl\u00f4m\u00e9s \u00e0 s&#8217;engager en tant qu&#8217;experts de la proc\u00e9dure de qualification, \u00e0 viser l&#8217;ind\u00e9pendance, \u00e0 s&#8217;attaquer \u00e0 l&#8217;examen professionnel sup\u00e9rieur ou \u00e0 s&#8217;annoncer aupr\u00e8s des \u00e9coles professionnelles pour couvrir les postes d&#8217;enseignants sp\u00e9cialis\u00e9s qui se lib\u00e8rent \u00e0 titre accessoire.<\/p>\n\n\n\n<p>Pirmin Corradini, pr\u00e9sident de l&#8217;association professionnelle de la boulangerie-confiserie, a salu\u00e9 la pers\u00e9v\u00e9rance et la d\u00e9termination dont ont fait preuve les professionnels qui ont r\u00e9ussi l&#8217;examen. Ce succ\u00e8s ne signifie toutefois pas la fin, mais seulement le d\u00e9but. \u00abUtilisez ce succ\u00e8s comme un tremplin\u00bb, a-t-il lanc\u00e9 aux jeunes professionnels.<\/p>\n\n\n\n<div class=\"wp-block-media-text is-stacked-on-mobile\" style=\"grid-template-columns:25% auto\"><figure class=\"wp-block-media-text__media\"><img decoding=\"async\" width=\"576\" height=\"1024\" src=\"https:\/\/swissbaker.ch\/wp-content\/uploads\/2024\/06\/img_e1911-576x1024.jpg\" alt=\"\" class=\"wp-image-79279 size-full\" srcset=\"https:\/\/swissbaker.ch\/wp-content\/uploads\/2024\/06\/img_e1911-576x1024.jpg 576w, https:\/\/swissbaker.ch\/wp-content\/uploads\/2024\/06\/img_e1911-768x1365.jpg 768w, https:\/\/swissbaker.ch\/wp-content\/uploads\/2024\/06\/img_e1911-864x1536.jpg 864w, https:\/\/swissbaker.ch\/wp-content\/uploads\/2024\/06\/img_e1911-1152x2048.jpg 1152w\" sizes=\"(max-width: 576px) 100vw, 576px\" \/><\/figure><div class=\"wp-block-media-text__content\">\n<p>L\u2019enseignant sp\u00e9cialis\u00e9 tessinois Marco Pasotti (\u00e0 droit) a donn\u00e9 sa d\u00e9mission en tant que membre de la commission EPS, poste qu\u2019il a occup\u00e9 pendant 25 ans. Peter Signer n\u2019a pas manqu\u00e9 de le remercier chaleureusement pour son engagement.<\/p>\n<\/div><\/div>\n\n\n\n<div style=\"height:26px\" aria-hidden=\"true\" class=\"wp-block-spacer\"><\/div>\n\n\n\n<p>L\u2019\u00e9v\u00e9nement a \u00e9t\u00e9 encadr\u00e9 en musique par le groupe bernois Behave, dont la chanteuse Shehnaz Sonderegger avait particip\u00e9 l\u2019ann\u00e9e derni\u00e8re \u00e0 la f\u00eate en tant que dipl\u00f4m\u00e9e de l\u2019examen professionnel la plus performante.&nbsp;<\/p>\n\n\n\n<div class=\"wp-block-file\"><a id=\"wp-block-file--media-9f9dd063-7a51-479b-997b-3abc4fc90f12\" href=\"https:\/\/swissbaker.ch\/wp-content\/uploads\/2024\/06\/berufspruefungen.pdf\"><strong>Liste des dipl\u00f4m\u00e9(e)s<\/strong><\/a><\/div>\n\n\n\n<p><a href=\"https:\/\/swissbaker.ch\/panissimo-news\/fotogalerie\/berufspruefungsfeier-2024\/\" target=\"_blank\" rel=\"noreferrer noopener\"><strong>Galerie de photos&#8230;\u00bb<\/strong><\/a><\/p>\n\n\n\n<p class=\"has-text-align-right\"><em>Claudia Vernocchi<\/em><\/p>\n","protected":false},"excerpt":{"rendered":"<p>D\u00e9but juin, lors de la c\u00e9r\u00e9monie de cl\u00f4ture \u00e0 l\u2019\u00c9cole professionnelle Richemont \u00e0 Lucerne, 18 nouveaux chefs\/cheffes boulangerie-p\u00e2tisserie-confiserie avec les deux orientations boulangerie-p\u00e2tisserie et p\u00e2tisserie-confiserie ainsi que des sp\u00e9cialistes de la branche ont re\u00e7u leur dipl\u00f4me. Le pr\u00e9sident de la BCS Silvan Hotz a f\u00e9licit\u00e9 les laur\u00e9ats et les a appel\u00e9s \u00e0 transmettre leurs connaissances professionnelles et \u00e0 ne pas s\u2019arr\u00eater en si bon chemin.<\/p>\n","protected":false},"author":5,"featured_media":79247,"comment_status":"closed","ping_status":"closed","sticky":true,"template":"","format":"standard","meta":{"_acf_changed":false,"footnotes":""},"categories":[47],"tags":[],"class_list":["post-80145","post","type-post","status-publish","format-standard","has-post-thumbnail","hentry","category-formation-releve"],"acf":[],"yoast_head":"<!-- This site is optimized with the Yoast SEO Premium plugin v26.8 (Yoast SEO v26.8) - https:\/\/yoast.com\/product\/yoast-seo-premium-wordpress\/ -->\n<title>18 nouveaux professionnels pour la branche | SBC<\/title>\n<meta name=\"robots\" content=\"index, follow, max-snippet:-1, max-image-preview:large, max-video-preview:-1\" \/>\n<link rel=\"canonical\" href=\"https:\/\/swissbaker.ch\/fr\/panissimo-news\/18-nouveaux-professionnels-pour-la-branche\/\" \/>\n<meta property=\"og:locale\" content=\"fr_FR\" \/>\n<meta property=\"og:type\" content=\"article\" \/>\n<meta property=\"og:title\" content=\"18 nouveaux professionnels pour la branche\" \/>\n<meta property=\"og:description\" content=\"D\u00e9but juin, lors de la c\u00e9r\u00e9monie de cl\u00f4ture \u00e0 l\u2019\u00c9cole professionnelle Richemont \u00e0 Lucerne, 18 nouveaux chefs\/cheffes boulangerie-p\u00e2tisserie-confiserie avec les deux orientations boulangerie-p\u00e2tisserie et p\u00e2tisserie-confiserie ainsi que des sp\u00e9cialistes de la branche ont re\u00e7u leur dipl\u00f4me. Le pr\u00e9sident de la BCS Silvan Hotz a f\u00e9licit\u00e9 les laur\u00e9ats et les a appel\u00e9s \u00e0 transmettre leurs connaissances professionnelles et \u00e0 ne pas s\u2019arr\u00eater en si bon chemin.\" \/>\n<meta property=\"og:url\" content=\"https:\/\/swissbaker.ch\/fr\/panissimo-news\/18-nouveaux-professionnels-pour-la-branche\/\" \/>\n<meta property=\"og:site_name\" content=\"SBC\" \/>\n<meta property=\"article:publisher\" content=\"https:\/\/www.facebook.com\/swissbaker.ch\" \/>\n<meta property=\"article:published_time\" content=\"2024-06-13T11:11:33+00:00\" \/>\n<meta property=\"article:modified_time\" content=\"2024-06-13T11:43:48+00:00\" \/>\n<meta property=\"og:image\" content=\"https:\/\/swissbaker.ch\/wp-content\/uploads\/2024\/06\/img_6247-1024x768.jpg\" \/>\n\t<meta property=\"og:image:width\" content=\"1024\" \/>\n\t<meta property=\"og:image:height\" content=\"768\" \/>\n\t<meta property=\"og:image:type\" content=\"image\/jpeg\" \/>\n<meta name=\"author\" content=\"Simon Nussbaum\" \/>\n<meta name=\"twitter:card\" content=\"summary_large_image\" \/>\n<meta name=\"twitter:creator\" content=\"@ch_swissbaker\" \/>\n<meta name=\"twitter:site\" content=\"@ch_swissbaker\" \/>\n<meta name=\"twitter:label1\" content=\"Written by\" \/>\n\t<meta name=\"twitter:data1\" content=\"Simon Nussbaum\" \/>\n\t<meta name=\"twitter:label2\" content=\"Est. reading time\" \/>\n\t<meta name=\"twitter:data2\" content=\"4 minutes\" \/>\n<script type=\"application\/ld+json\" class=\"yoast-schema-graph\">{\"@context\":\"https:\/\/schema.org\",\"@graph\":[{\"@type\":\"Article\",\"@id\":\"https:\/\/swissbaker.ch\/fr\/panissimo-news\/18-nouveaux-professionnels-pour-la-branche\/#article\",\"isPartOf\":{\"@id\":\"https:\/\/swissbaker.ch\/fr\/panissimo-news\/18-nouveaux-professionnels-pour-la-branche\/\"},\"author\":{\"name\":\"Simon Nussbaum\",\"@id\":\"https:\/\/swissbaker.ch\/fr\/#\/schema\/person\/74bd327b08c18ca6042c02ff6f0ed5e2\"},\"headline\":\"18 nouveaux professionnels pour la branche\",\"datePublished\":\"2024-06-13T11:11:33+00:00\",\"dateModified\":\"2024-06-13T11:43:48+00:00\",\"mainEntityOfPage\":{\"@id\":\"https:\/\/swissbaker.ch\/fr\/panissimo-news\/18-nouveaux-professionnels-pour-la-branche\/\"},\"wordCount\":861,\"publisher\":{\"@id\":\"https:\/\/swissbaker.ch\/fr\/#organization\"},\"image\":{\"@id\":\"https:\/\/swissbaker.ch\/fr\/panissimo-news\/18-nouveaux-professionnels-pour-la-branche\/#primaryimage\"},\"thumbnailUrl\":\"https:\/\/swissbaker.ch\/wp-content\/uploads\/2024\/06\/img_6247.jpg\",\"articleSection\":[\"Formation\/Rel\u00e8ve\"],\"inLanguage\":\"fr-FR\"},{\"@type\":\"WebPage\",\"@id\":\"https:\/\/swissbaker.ch\/fr\/panissimo-news\/18-nouveaux-professionnels-pour-la-branche\/\",\"url\":\"https:\/\/swissbaker.ch\/fr\/panissimo-news\/18-nouveaux-professionnels-pour-la-branche\/\",\"name\":\"18 nouveaux professionnels pour la branche | SBC\",\"isPartOf\":{\"@id\":\"https:\/\/swissbaker.ch\/fr\/#website\"},\"primaryImageOfPage\":{\"@id\":\"https:\/\/swissbaker.ch\/fr\/panissimo-news\/18-nouveaux-professionnels-pour-la-branche\/#primaryimage\"},\"image\":{\"@id\":\"https:\/\/swissbaker.ch\/fr\/panissimo-news\/18-nouveaux-professionnels-pour-la-branche\/#primaryimage\"},\"thumbnailUrl\":\"https:\/\/swissbaker.ch\/wp-content\/uploads\/2024\/06\/img_6247.jpg\",\"datePublished\":\"2024-06-13T11:11:33+00:00\",\"dateModified\":\"2024-06-13T11:43:48+00:00\",\"breadcrumb\":{\"@id\":\"https:\/\/swissbaker.ch\/fr\/panissimo-news\/18-nouveaux-professionnels-pour-la-branche\/#breadcrumb\"},\"inLanguage\":\"fr-FR\",\"potentialAction\":[{\"@type\":\"ReadAction\",\"target\":[\"https:\/\/swissbaker.ch\/fr\/panissimo-news\/18-nouveaux-professionnels-pour-la-branche\/\"]}]},{\"@type\":\"ImageObject\",\"inLanguage\":\"fr-FR\",\"@id\":\"https:\/\/swissbaker.ch\/fr\/panissimo-news\/18-nouveaux-professionnels-pour-la-branche\/#primaryimage\",\"url\":\"https:\/\/swissbaker.ch\/wp-content\/uploads\/2024\/06\/img_6247.jpg\",\"contentUrl\":\"https:\/\/swissbaker.ch\/wp-content\/uploads\/2024\/06\/img_6247.jpg\",\"width\":4032,\"height\":3024},{\"@type\":\"BreadcrumbList\",\"@id\":\"https:\/\/swissbaker.ch\/fr\/panissimo-news\/18-nouveaux-professionnels-pour-la-branche\/#breadcrumb\",\"itemListElement\":[{\"@type\":\"ListItem\",\"position\":1,\"name\":\"\",\"item\":\"https:\/\/swissbaker.ch\/fr\/\"},{\"@type\":\"ListItem\",\"position\":2,\"name\":\"Formation\/Rel\u00e8ve\",\"item\":\"https:\/\/swissbaker.ch\/fr\/panissimo-news\/category\/formation-releve\/\"},{\"@type\":\"ListItem\",\"position\":3,\"name\":\"18 nouveaux professionnels pour la branche\"}]},{\"@type\":\"WebSite\",\"@id\":\"https:\/\/swissbaker.ch\/fr\/#website\",\"url\":\"https:\/\/swissbaker.ch\/fr\/\",\"name\":\"SBC\",\"description\":\"\",\"publisher\":{\"@id\":\"https:\/\/swissbaker.ch\/fr\/#organization\"},\"potentialAction\":[{\"@type\":\"SearchAction\",\"target\":{\"@type\":\"EntryPoint\",\"urlTemplate\":\"https:\/\/swissbaker.ch\/fr\/?s={search_term_string}\"},\"query-input\":{\"@type\":\"PropertyValueSpecification\",\"valueRequired\":true,\"valueName\":\"search_term_string\"}}],\"inLanguage\":\"fr-FR\"},{\"@type\":\"Organization\",\"@id\":\"https:\/\/swissbaker.ch\/fr\/#organization\",\"name\":\"Schweizerischer B\u00e4cker-Confiseurmeister-Verband\",\"url\":\"https:\/\/swissbaker.ch\/fr\/\",\"logo\":{\"@type\":\"ImageObject\",\"inLanguage\":\"fr-FR\",\"@id\":\"https:\/\/swissbaker.ch\/fr\/#\/schema\/logo\/image\/\",\"url\":\"https:\/\/swissbaker.ch\/wp-content\/uploads\/2022\/04\/sbc-logo-yoast.jpg\",\"contentUrl\":\"https:\/\/swissbaker.ch\/wp-content\/uploads\/2022\/04\/sbc-logo-yoast.jpg\",\"width\":512,\"height\":512,\"caption\":\"Schweizerischer B\u00e4cker-Confiseurmeister-Verband\"},\"image\":{\"@id\":\"https:\/\/swissbaker.ch\/fr\/#\/schema\/logo\/image\/\"},\"sameAs\":[\"https:\/\/www.facebook.com\/swissbaker.ch\",\"https:\/\/x.com\/ch_swissbaker\"]},{\"@type\":\"Person\",\"@id\":\"https:\/\/swissbaker.ch\/fr\/#\/schema\/person\/74bd327b08c18ca6042c02ff6f0ed5e2\",\"name\":\"Simon Nussbaum\",\"image\":{\"@type\":\"ImageObject\",\"inLanguage\":\"fr-FR\",\"@id\":\"https:\/\/swissbaker.ch\/fr\/#\/schema\/person\/image\/\",\"url\":\"https:\/\/secure.gravatar.com\/avatar\/df0eced3bb556c806cb760cf503ade1ed1df25b4104d80d6fd28d93a9509aa12?s=96&d=mm&r=g\",\"contentUrl\":\"https:\/\/secure.gravatar.com\/avatar\/df0eced3bb556c806cb760cf503ade1ed1df25b4104d80d6fd28d93a9509aa12?s=96&d=mm&r=g\",\"caption\":\"Simon Nussbaum\"},\"url\":\"https:\/\/swissbaker.ch\/fr\/panissimo-news\/author\/simon-nussbaum\/\"}]}<\/script>\n<!-- \/ Yoast SEO Premium plugin. -->","yoast_head_json":{"title":"18 nouveaux professionnels pour la branche | SBC","robots":{"index":"index","follow":"follow","max-snippet":"max-snippet:-1","max-image-preview":"max-image-preview:large","max-video-preview":"max-video-preview:-1"},"canonical":"https:\/\/swissbaker.ch\/fr\/panissimo-news\/18-nouveaux-professionnels-pour-la-branche\/","og_locale":"fr_FR","og_type":"article","og_title":"18 nouveaux professionnels pour la branche","og_description":"D\u00e9but juin, lors de la c\u00e9r\u00e9monie de cl\u00f4ture \u00e0 l\u2019\u00c9cole professionnelle Richemont \u00e0 Lucerne, 18 nouveaux chefs\/cheffes boulangerie-p\u00e2tisserie-confiserie avec les deux orientations boulangerie-p\u00e2tisserie et p\u00e2tisserie-confiserie ainsi que des sp\u00e9cialistes de la branche ont re\u00e7u leur dipl\u00f4me. Le pr\u00e9sident de la BCS Silvan Hotz a f\u00e9licit\u00e9 les laur\u00e9ats et les a appel\u00e9s \u00e0 transmettre leurs connaissances professionnelles et \u00e0 ne pas s\u2019arr\u00eater en si bon chemin.","og_url":"https:\/\/swissbaker.ch\/fr\/panissimo-news\/18-nouveaux-professionnels-pour-la-branche\/","og_site_name":"SBC","article_publisher":"https:\/\/www.facebook.com\/swissbaker.ch","article_published_time":"2024-06-13T11:11:33+00:00","article_modified_time":"2024-06-13T11:43:48+00:00","og_image":[{"width":1024,"height":768,"url":"https:\/\/swissbaker.ch\/wp-content\/uploads\/2024\/06\/img_6247-1024x768.jpg","type":"image\/jpeg"}],"author":"Simon Nussbaum","twitter_card":"summary_large_image","twitter_creator":"@ch_swissbaker","twitter_site":"@ch_swissbaker","twitter_misc":{"Written by":"Simon Nussbaum","Est. reading time":"4 minutes"},"schema":{"@context":"https:\/\/schema.org","@graph":[{"@type":"Article","@id":"https:\/\/swissbaker.ch\/fr\/panissimo-news\/18-nouveaux-professionnels-pour-la-branche\/#article","isPartOf":{"@id":"https:\/\/swissbaker.ch\/fr\/panissimo-news\/18-nouveaux-professionnels-pour-la-branche\/"},"author":{"name":"Simon Nussbaum","@id":"https:\/\/swissbaker.ch\/fr\/#\/schema\/person\/74bd327b08c18ca6042c02ff6f0ed5e2"},"headline":"18 nouveaux professionnels pour la branche","datePublished":"2024-06-13T11:11:33+00:00","dateModified":"2024-06-13T11:43:48+00:00","mainEntityOfPage":{"@id":"https:\/\/swissbaker.ch\/fr\/panissimo-news\/18-nouveaux-professionnels-pour-la-branche\/"},"wordCount":861,"publisher":{"@id":"https:\/\/swissbaker.ch\/fr\/#organization"},"image":{"@id":"https:\/\/swissbaker.ch\/fr\/panissimo-news\/18-nouveaux-professionnels-pour-la-branche\/#primaryimage"},"thumbnailUrl":"https:\/\/swissbaker.ch\/wp-content\/uploads\/2024\/06\/img_6247.jpg","articleSection":["Formation\/Rel\u00e8ve"],"inLanguage":"fr-FR"},{"@type":"WebPage","@id":"https:\/\/swissbaker.ch\/fr\/panissimo-news\/18-nouveaux-professionnels-pour-la-branche\/","url":"https:\/\/swissbaker.ch\/fr\/panissimo-news\/18-nouveaux-professionnels-pour-la-branche\/","name":"18 nouveaux professionnels pour la branche | SBC","isPartOf":{"@id":"https:\/\/swissbaker.ch\/fr\/#website"},"primaryImageOfPage":{"@id":"https:\/\/swissbaker.ch\/fr\/panissimo-news\/18-nouveaux-professionnels-pour-la-branche\/#primaryimage"},"image":{"@id":"https:\/\/swissbaker.ch\/fr\/panissimo-news\/18-nouveaux-professionnels-pour-la-branche\/#primaryimage"},"thumbnailUrl":"https:\/\/swissbaker.ch\/wp-content\/uploads\/2024\/06\/img_6247.jpg","datePublished":"2024-06-13T11:11:33+00:00","dateModified":"2024-06-13T11:43:48+00:00","breadcrumb":{"@id":"https:\/\/swissbaker.ch\/fr\/panissimo-news\/18-nouveaux-professionnels-pour-la-branche\/#breadcrumb"},"inLanguage":"fr-FR","potentialAction":[{"@type":"ReadAction","target":["https:\/\/swissbaker.ch\/fr\/panissimo-news\/18-nouveaux-professionnels-pour-la-branche\/"]}]},{"@type":"ImageObject","inLanguage":"fr-FR","@id":"https:\/\/swissbaker.ch\/fr\/panissimo-news\/18-nouveaux-professionnels-pour-la-branche\/#primaryimage","url":"https:\/\/swissbaker.ch\/wp-content\/uploads\/2024\/06\/img_6247.jpg","contentUrl":"https:\/\/swissbaker.ch\/wp-content\/uploads\/2024\/06\/img_6247.jpg","width":4032,"height":3024},{"@type":"BreadcrumbList","@id":"https:\/\/swissbaker.ch\/fr\/panissimo-news\/18-nouveaux-professionnels-pour-la-branche\/#breadcrumb","itemListElement":[{"@type":"ListItem","position":1,"name":"","item":"https:\/\/swissbaker.ch\/fr\/"},{"@type":"ListItem","position":2,"name":"Formation\/Rel\u00e8ve","item":"https:\/\/swissbaker.ch\/fr\/panissimo-news\/category\/formation-releve\/"},{"@type":"ListItem","position":3,"name":"18 nouveaux professionnels pour la branche"}]},{"@type":"WebSite","@id":"https:\/\/swissbaker.ch\/fr\/#website","url":"https:\/\/swissbaker.ch\/fr\/","name":"SBC","description":"","publisher":{"@id":"https:\/\/swissbaker.ch\/fr\/#organization"},"potentialAction":[{"@type":"SearchAction","target":{"@type":"EntryPoint","urlTemplate":"https:\/\/swissbaker.ch\/fr\/?s={search_term_string}"},"query-input":{"@type":"PropertyValueSpecification","valueRequired":true,"valueName":"search_term_string"}}],"inLanguage":"fr-FR"},{"@type":"Organization","@id":"https:\/\/swissbaker.ch\/fr\/#organization","name":"Schweizerischer B\u00e4cker-Confiseurmeister-Verband","url":"https:\/\/swissbaker.ch\/fr\/","logo":{"@type":"ImageObject","inLanguage":"fr-FR","@id":"https:\/\/swissbaker.ch\/fr\/#\/schema\/logo\/image\/","url":"https:\/\/swissbaker.ch\/wp-content\/uploads\/2022\/04\/sbc-logo-yoast.jpg","contentUrl":"https:\/\/swissbaker.ch\/wp-content\/uploads\/2022\/04\/sbc-logo-yoast.jpg","width":512,"height":512,"caption":"Schweizerischer B\u00e4cker-Confiseurmeister-Verband"},"image":{"@id":"https:\/\/swissbaker.ch\/fr\/#\/schema\/logo\/image\/"},"sameAs":["https:\/\/www.facebook.com\/swissbaker.ch","https:\/\/x.com\/ch_swissbaker"]},{"@type":"Person","@id":"https:\/\/swissbaker.ch\/fr\/#\/schema\/person\/74bd327b08c18ca6042c02ff6f0ed5e2","name":"Simon Nussbaum","image":{"@type":"ImageObject","inLanguage":"fr-FR","@id":"https:\/\/swissbaker.ch\/fr\/#\/schema\/person\/image\/","url":"https:\/\/secure.gravatar.com\/avatar\/df0eced3bb556c806cb760cf503ade1ed1df25b4104d80d6fd28d93a9509aa12?s=96&d=mm&r=g","contentUrl":"https:\/\/secure.gravatar.com\/avatar\/df0eced3bb556c806cb760cf503ade1ed1df25b4104d80d6fd28d93a9509aa12?s=96&d=mm&r=g","caption":"Simon Nussbaum"},"url":"https:\/\/swissbaker.ch\/fr\/panissimo-news\/author\/simon-nussbaum\/"}]}},"_links":{"self":[{"href":"https:\/\/swissbaker.ch\/fr\/wp-json\/wp\/v2\/posts\/80145","targetHints":{"allow":["GET"]}}],"collection":[{"href":"https:\/\/swissbaker.ch\/fr\/wp-json\/wp\/v2\/posts"}],"about":[{"href":"https:\/\/swissbaker.ch\/fr\/wp-json\/wp\/v2\/types\/post"}],"author":[{"embeddable":true,"href":"https:\/\/swissbaker.ch\/fr\/wp-json\/wp\/v2\/users\/5"}],"replies":[{"embeddable":true,"href":"https:\/\/swissbaker.ch\/fr\/wp-json\/wp\/v2\/comments?post=80145"}],"version-history":[{"count":0,"href":"https:\/\/swissbaker.ch\/fr\/wp-json\/wp\/v2\/posts\/80145\/revisions"}],"wp:featuredmedia":[{"embeddable":true,"href":"https:\/\/swissbaker.ch\/fr\/wp-json\/wp\/v2\/media\/79247"}],"wp:attachment":[{"href":"https:\/\/swissbaker.ch\/fr\/wp-json\/wp\/v2\/media?parent=80145"}],"wp:term":[{"taxonomy":"category","embeddable":true,"href":"https:\/\/swissbaker.ch\/fr\/wp-json\/wp\/v2\/categories?post=80145"},{"taxonomy":"post_tag","embeddable":true,"href":"https:\/\/swissbaker.ch\/fr\/wp-json\/wp\/v2\/tags?post=80145"}],"curies":[{"name":"wp","href":"https:\/\/api.w.org\/{rel}","templated":true}]}}