{"id":8014,"date":"2021-09-22T11:09:00","date_gmt":"2021-09-22T09:09:00","guid":{"rendered":"https:\/\/swissbaker.ch\/?p=8014"},"modified":"2022-05-04T14:20:13","modified_gmt":"2022-05-04T12:20:13","slug":"malgre-tout-nous-devons-nous-estimer-heureux","status":"publish","type":"post","link":"https:\/\/swissbaker.ch\/fr\/panissimo-news\/malgre-tout-nous-devons-nous-estimer-heureux\/","title":{"rendered":"\u00ab\u2009Malgr\u00e9 tout, nous devons nous estimer heureux\u2009\u00bb"},"content":{"rendered":"\n<p><strong>Vice-pr\u00e9sident de la BCS, Jean-Fran\u00e7ois Leuenberger revient sur des faits marquants de la boulangerie-p\u00e2tisserie-confiserie.<\/strong><\/p>\n\n\n\n<p>Chers membres, chers coll\u00e8gues,<\/p>\n\n\n\n<p>L\u2019ann\u00e9e vient de commencer et nous voil\u00e0 d\u00e9j\u00e0 pr\u00eats \u00e0 pr\u00e9parer les plannings de novembre et d\u00e9cembre avec leurs lots de surprises\u2009! Ce satan\u00e9 virus ne nous l\u00e2che pas et \u00e0 court terme il semble que la situation ne va pas beaucoup s\u2019am\u00e9liorer. Malgr\u00e9 tout, nous devons nous estimer heureux car dans notre branche nous avons chacun \u00e0 notre niveau trouv\u00e9 des solutions pour ne pas trop souffrir \u00e9conomiquement de cette situation.<\/p>\n\n\n\n<h2 class=\"wp-block-heading\" id=\"h-mediamaticiens-romands-au-centre-de-competences\">M\u00e9diamaticiens romands au centre de comp\u00e9tences<\/h2>\n\n\n\n<p>Dans notre centre de comp\u00e9tences Richemont \u00e0 Yverdon-les-Bains, les choses ont boug\u00e9 fin ao\u00fbt avec la signature d\u2019un contrat jusqu\u2019en 2028 avec l\u2019\u00e9cole des m\u00e9diamaticiens de suisse romande pour la location de 1\u2009000 m2 au sein de notre centre. Cette synergie est parfaite avec notre activit\u00e9 de formation.<\/p>\n\n\n\n<h2 class=\"wp-block-heading\" id=\"h-sbt-plus-d-excuse-pour-les-confiseurs\">SBT\u2009: \u00ab\u2009plus d\u2019excuse\u2009\u00bbpour les confiseurs<\/h2>\n\n\n\n<p>Le Swiss Bakery Trophy (SBT) vivra de nouveau cette ann\u00e9e, du 28\u202foctobre au 1er\u202fnovembre, une magnifique \u00e9dition \u00e0 Bulle. Je ne peux que vous encourager \u00e0 y participer pour favoriser la relance \u00e9conomique de vos commerces et vous d\u00e9marquer de la concurrence toujours plus importante des grandes surfaces\u2009! Petit clin d\u2019\u0153il aux chocolatiers car d\u00e8s cette ann\u00e9e le m\u00e9tier de confiseur sera inscrit sur les m\u00e9dailles\u2026 il n\u2019y a donc plus d\u2019excuse\u2009!<br>Au niveau du comit\u00e9 central, les sujets sont toujours plus nombreux et nous prenons notre t\u00e2che au s\u00e9rieux. Nous venons de passer deux jours de s\u00e9ances en Thurgovie afin d\u2019affiner la strat\u00e9gie et les lignes directives pour le futur. Soyez assur\u00e9s que nous mettons tout en place pour assurer la viabilit\u00e9 de notre association pour l\u2019avenir.<\/p>\n\n\n\n<h2 class=\"wp-block-heading\" id=\"h-formation-a-distance-a-l-aide-d-avatars\">Formation \u00e0 distance \u00e0 l\u2019aide d\u2019avatars<\/h2>\n\n\n\n<p>R\u00e9cemment, j\u2019ai eu la chance d\u2019assister \u00e0 une s\u00e9ance d\u2019information \u00e0 Richemont Lucerne concernant un projet de formation \u00e0 distance avec des avatars\u2009! Oui, oui, des avatars\u2009! Cette pr\u00e9sentation \u00e9tait vraiment exceptionnelle et notre corporation a \u00e9t\u00e9 la premi\u00e8re \u00e0 prendre part \u00e0 ce projet d\u2019avenir extr\u00eamement prometteur.<\/p>\n\n\n\n<p>Voil\u00e0 chers coll\u00e8gues, je vous laisse dans vos p\u00e9trins et vos temp\u00e9reuses afin d\u2019aller pr\u00e9parer mes plannings de fin d\u2019ann\u00e9e.<br>Toujours \u00e0 votre service,<\/p>\n\n\n\n<p>Votre vice-pr\u00e9sident, Jean-Fran\u00e7ois Leuenberger<\/p>\n\n\n\n<p>PS\u2009: Ecrivez-moi en cas de questions ou de suggestions\u2009! Je me r\u00e9jouis de vous lire\u2009: panissimo(at)swissbaker.ch<\/p>\n","protected":false},"excerpt":{"rendered":"<p>Vice-pr\u00e9sident de la BCS, Jean-Fran\u00e7ois Leuenberger revient sur des faits marquants de la boulangerie-p\u00e2tisserie-confiserie. Chers membres, chers coll\u00e8gues, L\u2019ann\u00e9e vient de commencer et nous voil\u00e0 d\u00e9j\u00e0 pr\u00eats \u00e0 pr\u00e9parer les plannings de novembre et d\u00e9cembre avec leurs lots de surprises\u2009! Ce satan\u00e9 virus ne nous l\u00e2che pas et \u00e0 court terme il semble que la situation ne va pas beaucoup [&hellip;]<\/p>\n","protected":false},"author":1,"featured_media":5181,"comment_status":"open","ping_status":"closed","sticky":false,"template":"","format":"standard","meta":{"_acf_changed":false,"footnotes":""},"categories":[25],"tags":[],"class_list":["post-8014","post","type-post","status-publish","format-standard","has-post-thumbnail","hentry","category-non-classifiee"],"acf":[],"yoast_head":"<!-- This site is optimized with the Yoast SEO Premium plugin v26.8 (Yoast SEO v26.8) - https:\/\/yoast.com\/product\/yoast-seo-premium-wordpress\/ -->\n<title>\u00ab\u2009Malgr\u00e9 tout, nous devons nous estimer heureux\u2009\u00bb | SBC<\/title>\n<meta name=\"robots\" content=\"index, follow, max-snippet:-1, max-image-preview:large, max-video-preview:-1\" \/>\n<link rel=\"canonical\" href=\"https:\/\/swissbaker.ch\/fr\/panissimo-news\/malgre-tout-nous-devons-nous-estimer-heureux\/\" \/>\n<meta property=\"og:locale\" content=\"fr_FR\" \/>\n<meta property=\"og:type\" content=\"article\" \/>\n<meta property=\"og:title\" content=\"\u00ab\u2009Malgr\u00e9 tout, nous devons nous estimer heureux\u2009\u00bb\" \/>\n<meta property=\"og:description\" content=\"Vice-pr\u00e9sident de la BCS, Jean-Fran\u00e7ois Leuenberger revient sur des faits marquants de la boulangerie-p\u00e2tisserie-confiserie. Chers membres, chers coll\u00e8gues, L\u2019ann\u00e9e vient de commencer et nous voil\u00e0 d\u00e9j\u00e0 pr\u00eats \u00e0 pr\u00e9parer les plannings de novembre et d\u00e9cembre avec leurs lots de surprises\u2009! Ce satan\u00e9 virus ne nous l\u00e2che pas et \u00e0 court terme il semble que la situation ne va pas beaucoup [&hellip;]\" \/>\n<meta property=\"og:url\" content=\"https:\/\/swissbaker.ch\/fr\/panissimo-news\/malgre-tout-nous-devons-nous-estimer-heureux\/\" \/>\n<meta property=\"og:site_name\" content=\"SBC\" \/>\n<meta property=\"article:publisher\" content=\"https:\/\/www.facebook.com\/swissbaker.ch\" \/>\n<meta property=\"article:published_time\" content=\"2021-09-22T09:09:00+00:00\" \/>\n<meta property=\"article:modified_time\" content=\"2022-05-04T12:20:13+00:00\" \/>\n<meta property=\"og:image\" content=\"https:\/\/swissbaker.ch\/wp-content\/uploads\/2022\/03\/19_1_jf_leuenberger-1.jpeg\" \/>\n\t<meta property=\"og:image:width\" content=\"800\" \/>\n\t<meta property=\"og:image:height\" content=\"474\" \/>\n\t<meta property=\"og:image:type\" content=\"image\/jpeg\" \/>\n<meta name=\"author\" content=\"azureart\" \/>\n<meta name=\"twitter:card\" content=\"summary_large_image\" \/>\n<meta name=\"twitter:creator\" content=\"@ch_swissbaker\" \/>\n<meta name=\"twitter:site\" content=\"@ch_swissbaker\" \/>\n<meta name=\"twitter:label1\" content=\"Written by\" \/>\n\t<meta name=\"twitter:data1\" content=\"azureart\" \/>\n\t<meta name=\"twitter:label2\" content=\"Est. reading time\" \/>\n\t<meta name=\"twitter:data2\" content=\"3 minutes\" \/>\n<script type=\"application\/ld+json\" class=\"yoast-schema-graph\">{\"@context\":\"https:\/\/schema.org\",\"@graph\":[{\"@type\":\"Article\",\"@id\":\"https:\/\/swissbaker.ch\/fr\/panissimo-news\/malgre-tout-nous-devons-nous-estimer-heureux\/#article\",\"isPartOf\":{\"@id\":\"https:\/\/swissbaker.ch\/fr\/panissimo-news\/malgre-tout-nous-devons-nous-estimer-heureux\/\"},\"author\":{\"name\":\"azureart\",\"@id\":\"https:\/\/swissbaker.ch\/fr\/#\/schema\/person\/058ac47619f7da53df62aba60f939b78\"},\"headline\":\"\u00ab\u2009Malgr\u00e9 tout, nous devons nous estimer heureux\u2009\u00bb\",\"datePublished\":\"2021-09-22T09:09:00+00:00\",\"dateModified\":\"2022-05-04T12:20:13+00:00\",\"mainEntityOfPage\":{\"@id\":\"https:\/\/swissbaker.ch\/fr\/panissimo-news\/malgre-tout-nous-devons-nous-estimer-heureux\/\"},\"wordCount\":430,\"commentCount\":0,\"publisher\":{\"@id\":\"https:\/\/swissbaker.ch\/fr\/#organization\"},\"image\":{\"@id\":\"https:\/\/swissbaker.ch\/fr\/panissimo-news\/malgre-tout-nous-devons-nous-estimer-heureux\/#primaryimage\"},\"thumbnailUrl\":\"https:\/\/swissbaker.ch\/wp-content\/uploads\/2022\/03\/19_1_jf_leuenberger-1.jpeg\",\"articleSection\":[\"Non classifi\u00e9(e)\"],\"inLanguage\":\"fr-FR\",\"potentialAction\":[{\"@type\":\"CommentAction\",\"name\":\"Comment\",\"target\":[\"https:\/\/swissbaker.ch\/fr\/panissimo-news\/malgre-tout-nous-devons-nous-estimer-heureux\/#respond\"]}]},{\"@type\":\"WebPage\",\"@id\":\"https:\/\/swissbaker.ch\/fr\/panissimo-news\/malgre-tout-nous-devons-nous-estimer-heureux\/\",\"url\":\"https:\/\/swissbaker.ch\/fr\/panissimo-news\/malgre-tout-nous-devons-nous-estimer-heureux\/\",\"name\":\"\u00ab\u2009Malgr\u00e9 tout, nous devons nous estimer heureux\u2009\u00bb | SBC\",\"isPartOf\":{\"@id\":\"https:\/\/swissbaker.ch\/fr\/#website\"},\"primaryImageOfPage\":{\"@id\":\"https:\/\/swissbaker.ch\/fr\/panissimo-news\/malgre-tout-nous-devons-nous-estimer-heureux\/#primaryimage\"},\"image\":{\"@id\":\"https:\/\/swissbaker.ch\/fr\/panissimo-news\/malgre-tout-nous-devons-nous-estimer-heureux\/#primaryimage\"},\"thumbnailUrl\":\"https:\/\/swissbaker.ch\/wp-content\/uploads\/2022\/03\/19_1_jf_leuenberger-1.jpeg\",\"datePublished\":\"2021-09-22T09:09:00+00:00\",\"dateModified\":\"2022-05-04T12:20:13+00:00\",\"breadcrumb\":{\"@id\":\"https:\/\/swissbaker.ch\/fr\/panissimo-news\/malgre-tout-nous-devons-nous-estimer-heureux\/#breadcrumb\"},\"inLanguage\":\"fr-FR\",\"potentialAction\":[{\"@type\":\"ReadAction\",\"target\":[\"https:\/\/swissbaker.ch\/fr\/panissimo-news\/malgre-tout-nous-devons-nous-estimer-heureux\/\"]}]},{\"@type\":\"ImageObject\",\"inLanguage\":\"fr-FR\",\"@id\":\"https:\/\/swissbaker.ch\/fr\/panissimo-news\/malgre-tout-nous-devons-nous-estimer-heureux\/#primaryimage\",\"url\":\"https:\/\/swissbaker.ch\/wp-content\/uploads\/2022\/03\/19_1_jf_leuenberger-1.jpeg\",\"contentUrl\":\"https:\/\/swissbaker.ch\/wp-content\/uploads\/2022\/03\/19_1_jf_leuenberger-1.jpeg\",\"width\":800,\"height\":474,\"caption\":\"\u00ab\u2009Malgr\u00e9 tout, nous devons nous estimer heureux\u2009\u00bb\"},{\"@type\":\"BreadcrumbList\",\"@id\":\"https:\/\/swissbaker.ch\/fr\/panissimo-news\/malgre-tout-nous-devons-nous-estimer-heureux\/#breadcrumb\",\"itemListElement\":[{\"@type\":\"ListItem\",\"position\":1,\"name\":\"\",\"item\":\"https:\/\/swissbaker.ch\/fr\/\"},{\"@type\":\"ListItem\",\"position\":2,\"name\":\"Non classifi\u00e9(e)\",\"item\":\"https:\/\/swissbaker.ch\/fr\/panissimo-news\/category\/non-classifiee\/\"},{\"@type\":\"ListItem\",\"position\":3,\"name\":\"\u00ab\u2009Malgr\u00e9 tout, nous devons nous estimer heureux\u2009\u00bb\"}]},{\"@type\":\"WebSite\",\"@id\":\"https:\/\/swissbaker.ch\/fr\/#website\",\"url\":\"https:\/\/swissbaker.ch\/fr\/\",\"name\":\"SBC\",\"description\":\"\",\"publisher\":{\"@id\":\"https:\/\/swissbaker.ch\/fr\/#organization\"},\"potentialAction\":[{\"@type\":\"SearchAction\",\"target\":{\"@type\":\"EntryPoint\",\"urlTemplate\":\"https:\/\/swissbaker.ch\/fr\/?s={search_term_string}\"},\"query-input\":{\"@type\":\"PropertyValueSpecification\",\"valueRequired\":true,\"valueName\":\"search_term_string\"}}],\"inLanguage\":\"fr-FR\"},{\"@type\":\"Organization\",\"@id\":\"https:\/\/swissbaker.ch\/fr\/#organization\",\"name\":\"Schweizerischer B\u00e4cker-Confiseurmeister-Verband\",\"url\":\"https:\/\/swissbaker.ch\/fr\/\",\"logo\":{\"@type\":\"ImageObject\",\"inLanguage\":\"fr-FR\",\"@id\":\"https:\/\/swissbaker.ch\/fr\/#\/schema\/logo\/image\/\",\"url\":\"https:\/\/swissbaker.ch\/wp-content\/uploads\/2022\/04\/sbc-logo-yoast.jpg\",\"contentUrl\":\"https:\/\/swissbaker.ch\/wp-content\/uploads\/2022\/04\/sbc-logo-yoast.jpg\",\"width\":512,\"height\":512,\"caption\":\"Schweizerischer B\u00e4cker-Confiseurmeister-Verband\"},\"image\":{\"@id\":\"https:\/\/swissbaker.ch\/fr\/#\/schema\/logo\/image\/\"},\"sameAs\":[\"https:\/\/www.facebook.com\/swissbaker.ch\",\"https:\/\/x.com\/ch_swissbaker\"]},{\"@type\":\"Person\",\"@id\":\"https:\/\/swissbaker.ch\/fr\/#\/schema\/person\/058ac47619f7da53df62aba60f939b78\",\"name\":\"azureart\",\"image\":{\"@type\":\"ImageObject\",\"inLanguage\":\"fr-FR\",\"@id\":\"https:\/\/swissbaker.ch\/fr\/#\/schema\/person\/image\/\",\"url\":\"https:\/\/secure.gravatar.com\/avatar\/be04dd3098fd612c83067af4f7a295384c93cb6a9112f51beb9d2f477d25da61?s=96&d=mm&r=g\",\"contentUrl\":\"https:\/\/secure.gravatar.com\/avatar\/be04dd3098fd612c83067af4f7a295384c93cb6a9112f51beb9d2f477d25da61?s=96&d=mm&r=g\",\"caption\":\"azureart\"},\"sameAs\":[\"https:\/\/swissbaker.ch\"],\"url\":\"https:\/\/swissbaker.ch\/fr\/panissimo-news\/author\/pixel-ahoi\/\"}]}<\/script>\n<!-- \/ Yoast SEO Premium plugin. -->","yoast_head_json":{"title":"\u00ab\u2009Malgr\u00e9 tout, nous devons nous estimer heureux\u2009\u00bb | SBC","robots":{"index":"index","follow":"follow","max-snippet":"max-snippet:-1","max-image-preview":"max-image-preview:large","max-video-preview":"max-video-preview:-1"},"canonical":"https:\/\/swissbaker.ch\/fr\/panissimo-news\/malgre-tout-nous-devons-nous-estimer-heureux\/","og_locale":"fr_FR","og_type":"article","og_title":"\u00ab\u2009Malgr\u00e9 tout, nous devons nous estimer heureux\u2009\u00bb","og_description":"Vice-pr\u00e9sident de la BCS, Jean-Fran\u00e7ois Leuenberger revient sur des faits marquants de la boulangerie-p\u00e2tisserie-confiserie. Chers membres, chers coll\u00e8gues, L\u2019ann\u00e9e vient de commencer et nous voil\u00e0 d\u00e9j\u00e0 pr\u00eats \u00e0 pr\u00e9parer les plannings de novembre et d\u00e9cembre avec leurs lots de surprises\u2009! Ce satan\u00e9 virus ne nous l\u00e2che pas et \u00e0 court terme il semble que la situation ne va pas beaucoup [&hellip;]","og_url":"https:\/\/swissbaker.ch\/fr\/panissimo-news\/malgre-tout-nous-devons-nous-estimer-heureux\/","og_site_name":"SBC","article_publisher":"https:\/\/www.facebook.com\/swissbaker.ch","article_published_time":"2021-09-22T09:09:00+00:00","article_modified_time":"2022-05-04T12:20:13+00:00","og_image":[{"width":800,"height":474,"url":"https:\/\/swissbaker.ch\/wp-content\/uploads\/2022\/03\/19_1_jf_leuenberger-1.jpeg","type":"image\/jpeg"}],"author":"azureart","twitter_card":"summary_large_image","twitter_creator":"@ch_swissbaker","twitter_site":"@ch_swissbaker","twitter_misc":{"Written by":"azureart","Est. reading time":"3 minutes"},"schema":{"@context":"https:\/\/schema.org","@graph":[{"@type":"Article","@id":"https:\/\/swissbaker.ch\/fr\/panissimo-news\/malgre-tout-nous-devons-nous-estimer-heureux\/#article","isPartOf":{"@id":"https:\/\/swissbaker.ch\/fr\/panissimo-news\/malgre-tout-nous-devons-nous-estimer-heureux\/"},"author":{"name":"azureart","@id":"https:\/\/swissbaker.ch\/fr\/#\/schema\/person\/058ac47619f7da53df62aba60f939b78"},"headline":"\u00ab\u2009Malgr\u00e9 tout, nous devons nous estimer heureux\u2009\u00bb","datePublished":"2021-09-22T09:09:00+00:00","dateModified":"2022-05-04T12:20:13+00:00","mainEntityOfPage":{"@id":"https:\/\/swissbaker.ch\/fr\/panissimo-news\/malgre-tout-nous-devons-nous-estimer-heureux\/"},"wordCount":430,"commentCount":0,"publisher":{"@id":"https:\/\/swissbaker.ch\/fr\/#organization"},"image":{"@id":"https:\/\/swissbaker.ch\/fr\/panissimo-news\/malgre-tout-nous-devons-nous-estimer-heureux\/#primaryimage"},"thumbnailUrl":"https:\/\/swissbaker.ch\/wp-content\/uploads\/2022\/03\/19_1_jf_leuenberger-1.jpeg","articleSection":["Non classifi\u00e9(e)"],"inLanguage":"fr-FR","potentialAction":[{"@type":"CommentAction","name":"Comment","target":["https:\/\/swissbaker.ch\/fr\/panissimo-news\/malgre-tout-nous-devons-nous-estimer-heureux\/#respond"]}]},{"@type":"WebPage","@id":"https:\/\/swissbaker.ch\/fr\/panissimo-news\/malgre-tout-nous-devons-nous-estimer-heureux\/","url":"https:\/\/swissbaker.ch\/fr\/panissimo-news\/malgre-tout-nous-devons-nous-estimer-heureux\/","name":"\u00ab\u2009Malgr\u00e9 tout, nous devons nous estimer heureux\u2009\u00bb | SBC","isPartOf":{"@id":"https:\/\/swissbaker.ch\/fr\/#website"},"primaryImageOfPage":{"@id":"https:\/\/swissbaker.ch\/fr\/panissimo-news\/malgre-tout-nous-devons-nous-estimer-heureux\/#primaryimage"},"image":{"@id":"https:\/\/swissbaker.ch\/fr\/panissimo-news\/malgre-tout-nous-devons-nous-estimer-heureux\/#primaryimage"},"thumbnailUrl":"https:\/\/swissbaker.ch\/wp-content\/uploads\/2022\/03\/19_1_jf_leuenberger-1.jpeg","datePublished":"2021-09-22T09:09:00+00:00","dateModified":"2022-05-04T12:20:13+00:00","breadcrumb":{"@id":"https:\/\/swissbaker.ch\/fr\/panissimo-news\/malgre-tout-nous-devons-nous-estimer-heureux\/#breadcrumb"},"inLanguage":"fr-FR","potentialAction":[{"@type":"ReadAction","target":["https:\/\/swissbaker.ch\/fr\/panissimo-news\/malgre-tout-nous-devons-nous-estimer-heureux\/"]}]},{"@type":"ImageObject","inLanguage":"fr-FR","@id":"https:\/\/swissbaker.ch\/fr\/panissimo-news\/malgre-tout-nous-devons-nous-estimer-heureux\/#primaryimage","url":"https:\/\/swissbaker.ch\/wp-content\/uploads\/2022\/03\/19_1_jf_leuenberger-1.jpeg","contentUrl":"https:\/\/swissbaker.ch\/wp-content\/uploads\/2022\/03\/19_1_jf_leuenberger-1.jpeg","width":800,"height":474,"caption":"\u00ab\u2009Malgr\u00e9 tout, nous devons nous estimer heureux\u2009\u00bb"},{"@type":"BreadcrumbList","@id":"https:\/\/swissbaker.ch\/fr\/panissimo-news\/malgre-tout-nous-devons-nous-estimer-heureux\/#breadcrumb","itemListElement":[{"@type":"ListItem","position":1,"name":"","item":"https:\/\/swissbaker.ch\/fr\/"},{"@type":"ListItem","position":2,"name":"Non classifi\u00e9(e)","item":"https:\/\/swissbaker.ch\/fr\/panissimo-news\/category\/non-classifiee\/"},{"@type":"ListItem","position":3,"name":"\u00ab\u2009Malgr\u00e9 tout, nous devons nous estimer heureux\u2009\u00bb"}]},{"@type":"WebSite","@id":"https:\/\/swissbaker.ch\/fr\/#website","url":"https:\/\/swissbaker.ch\/fr\/","name":"SBC","description":"","publisher":{"@id":"https:\/\/swissbaker.ch\/fr\/#organization"},"potentialAction":[{"@type":"SearchAction","target":{"@type":"EntryPoint","urlTemplate":"https:\/\/swissbaker.ch\/fr\/?s={search_term_string}"},"query-input":{"@type":"PropertyValueSpecification","valueRequired":true,"valueName":"search_term_string"}}],"inLanguage":"fr-FR"},{"@type":"Organization","@id":"https:\/\/swissbaker.ch\/fr\/#organization","name":"Schweizerischer B\u00e4cker-Confiseurmeister-Verband","url":"https:\/\/swissbaker.ch\/fr\/","logo":{"@type":"ImageObject","inLanguage":"fr-FR","@id":"https:\/\/swissbaker.ch\/fr\/#\/schema\/logo\/image\/","url":"https:\/\/swissbaker.ch\/wp-content\/uploads\/2022\/04\/sbc-logo-yoast.jpg","contentUrl":"https:\/\/swissbaker.ch\/wp-content\/uploads\/2022\/04\/sbc-logo-yoast.jpg","width":512,"height":512,"caption":"Schweizerischer B\u00e4cker-Confiseurmeister-Verband"},"image":{"@id":"https:\/\/swissbaker.ch\/fr\/#\/schema\/logo\/image\/"},"sameAs":["https:\/\/www.facebook.com\/swissbaker.ch","https:\/\/x.com\/ch_swissbaker"]},{"@type":"Person","@id":"https:\/\/swissbaker.ch\/fr\/#\/schema\/person\/058ac47619f7da53df62aba60f939b78","name":"azureart","image":{"@type":"ImageObject","inLanguage":"fr-FR","@id":"https:\/\/swissbaker.ch\/fr\/#\/schema\/person\/image\/","url":"https:\/\/secure.gravatar.com\/avatar\/be04dd3098fd612c83067af4f7a295384c93cb6a9112f51beb9d2f477d25da61?s=96&d=mm&r=g","contentUrl":"https:\/\/secure.gravatar.com\/avatar\/be04dd3098fd612c83067af4f7a295384c93cb6a9112f51beb9d2f477d25da61?s=96&d=mm&r=g","caption":"azureart"},"sameAs":["https:\/\/swissbaker.ch"],"url":"https:\/\/swissbaker.ch\/fr\/panissimo-news\/author\/pixel-ahoi\/"}]}},"_links":{"self":[{"href":"https:\/\/swissbaker.ch\/fr\/wp-json\/wp\/v2\/posts\/8014","targetHints":{"allow":["GET"]}}],"collection":[{"href":"https:\/\/swissbaker.ch\/fr\/wp-json\/wp\/v2\/posts"}],"about":[{"href":"https:\/\/swissbaker.ch\/fr\/wp-json\/wp\/v2\/types\/post"}],"author":[{"embeddable":true,"href":"https:\/\/swissbaker.ch\/fr\/wp-json\/wp\/v2\/users\/1"}],"replies":[{"embeddable":true,"href":"https:\/\/swissbaker.ch\/fr\/wp-json\/wp\/v2\/comments?post=8014"}],"version-history":[{"count":0,"href":"https:\/\/swissbaker.ch\/fr\/wp-json\/wp\/v2\/posts\/8014\/revisions"}],"wp:featuredmedia":[{"embeddable":true,"href":"https:\/\/swissbaker.ch\/fr\/wp-json\/wp\/v2\/media\/5181"}],"wp:attachment":[{"href":"https:\/\/swissbaker.ch\/fr\/wp-json\/wp\/v2\/media?parent=8014"}],"wp:term":[{"taxonomy":"category","embeddable":true,"href":"https:\/\/swissbaker.ch\/fr\/wp-json\/wp\/v2\/categories?post=8014"},{"taxonomy":"post_tag","embeddable":true,"href":"https:\/\/swissbaker.ch\/fr\/wp-json\/wp\/v2\/tags?post=8014"}],"curies":[{"name":"wp","href":"https:\/\/api.w.org\/{rel}","templated":true}]}}