{"id":7980,"date":"2021-09-29T10:32:00","date_gmt":"2021-09-29T08:32:00","guid":{"rendered":"https:\/\/swissbaker.ch\/?p=7980"},"modified":"2022-05-03T17:02:54","modified_gmt":"2022-05-03T15:02:54","slug":"petite-foulee-pour-grandes-bouchees","status":"publish","type":"post","link":"https:\/\/swissbaker.ch\/fr\/panissimo-news\/petite-foulee-pour-grandes-bouchees\/","title":{"rendered":"Petite foul\u00e9e pour grandes bouch\u00e9es"},"content":{"rendered":"\n<p><strong>Avec l\u2019arriv\u00e9e des premiers rafra\u00eechissements, les envies de chocolat se font de plus en plus intenses. En guise de balades automnales, deux \u00e9v\u00e9nements proposent de partir \u00e0 la d\u00e9couverte d\u2019artisans confiseurs \u00e0 lausannois et genevois.<\/strong><\/p>\n\n\n\n<p><strong>Choco Treck Lausanne<\/strong> a ouvert les festivit\u00e9s le 16\u202fseptembre. Dans le cadre de La semaine du go\u00fbt et de Lausanne \u00e0 Table, la deuxi\u00e8me \u00e9dition de cette escapade gourmande entra\u00eene les gourmands \u00e0 la d\u00e9couverte de douze confiseurs et de leurs cr\u00e9ations, dont des membres de la BCS\u2009: Boillat, Buet, Chocolaterie du Bugnon, Jacot Chocolatier, L\u2019Espace Chocolat, Manuel, Nessi et Noz Chocolatier. A chaque halte, les visiteurs munis de leur carte de participation re\u00e7oivent une sp\u00e9cialit\u00e9 chocolat\u00e9e artisanale. La balade d\u2019environ 4,5 kilom\u00e8tres \u00e0 travers les rues de la capitale vaudoise peut \u00eatre r\u00e9partie sur plusieurs jours. Elle doit cependant \u00eatre accomplie au plus tard, le 25\u202fseptembre.<br><a href=\"https:\/\/www.facebook.com\/ChocoTreck\/\">www.fb.com\/chocotreck<\/a><\/p>\n\n\n\n<p><strong>Le Rallye du chocolat<\/strong> propose trois parcours au choix \u00e0 travers les rues genevoises autour du th\u00e8me \u00ab\u2009Gru\u00e9 et deux saveurs\u2009\u00bb, le 2\u202foctobre. R\u00e9partis le long des diff\u00e9rents itin\u00e9raires, les quatorze confiseurs, dont Canonica, M\u00e9rigonde, Oberson, A.\u202fPougnier et Wolfisberg pour ne citer que les membres de la BCS, ont pour d\u00e9fi de cr\u00e9er un chocolat en lien avec la th\u00e9matique. Gr\u00e2ce \u00e0 un passeport acquis sur la billetterie en ligne de la manifestation, curieux et amateurs de douceurs pourront d\u00e9guster la cr\u00e9ation de chacune des boutiques du trac\u00e9 choisi. Au terme de leur balade, ils sont invit\u00e9s \u00e0 voter pour leur chocolat pr\u00e9f\u00e9r\u00e9. Un concours leur permettra aussi de remporter des tablettes et des cadeaux offerts par les partenaires et sponsor de l\u2019\u00e9v\u00e9nement.<\/p>\n\n\n\n<p><a href=\"https:\/\/www.salondeschocolatiers.com\/\">salondeschocolatiers.com<\/a><\/p>\n","protected":false},"excerpt":{"rendered":"<p>Avec l\u2019arriv\u00e9e des premiers rafra\u00eechissements, les envies de chocolat se font de plus en plus intenses. En guise de balades automnales, deux \u00e9v\u00e9nements proposent de partir \u00e0 la d\u00e9couverte d\u2019artisans confiseurs \u00e0 lausannois et genevois. Choco Treck Lausanne a ouvert les festivit\u00e9s le 16\u202fseptembre. Dans le cadre de La semaine du go\u00fbt et de Lausanne \u00e0 Table, la deuxi\u00e8me \u00e9dition [&hellip;]<\/p>\n","protected":false},"author":1,"featured_media":5176,"comment_status":"open","ping_status":"closed","sticky":false,"template":"","format":"standard","meta":{"_acf_changed":false,"footnotes":""},"categories":[46],"tags":[],"class_list":["post-7980","post","type-post","status-publish","format-standard","has-post-thumbnail","hentry","category-evenement"],"acf":[],"yoast_head":"<!-- This site is optimized with the Yoast SEO Premium plugin v26.8 (Yoast SEO v26.8) - https:\/\/yoast.com\/product\/yoast-seo-premium-wordpress\/ -->\n<title>Petite foul\u00e9e pour grandes bouch\u00e9es | SBC<\/title>\n<meta name=\"robots\" content=\"index, follow, max-snippet:-1, max-image-preview:large, max-video-preview:-1\" \/>\n<link rel=\"canonical\" href=\"https:\/\/swissbaker.ch\/fr\/panissimo-news\/petite-foulee-pour-grandes-bouchees\/\" \/>\n<meta property=\"og:locale\" content=\"fr_FR\" \/>\n<meta property=\"og:type\" content=\"article\" \/>\n<meta property=\"og:title\" content=\"Petite foul\u00e9e pour grandes bouch\u00e9es\" \/>\n<meta property=\"og:description\" content=\"Avec l\u2019arriv\u00e9e des premiers rafra\u00eechissements, les envies de chocolat se font de plus en plus intenses. En guise de balades automnales, deux \u00e9v\u00e9nements proposent de partir \u00e0 la d\u00e9couverte d\u2019artisans confiseurs \u00e0 lausannois et genevois. Choco Treck Lausanne a ouvert les festivit\u00e9s le 16\u202fseptembre. Dans le cadre de La semaine du go\u00fbt et de Lausanne \u00e0 Table, la deuxi\u00e8me \u00e9dition [&hellip;]\" \/>\n<meta property=\"og:url\" content=\"https:\/\/swissbaker.ch\/fr\/panissimo-news\/petite-foulee-pour-grandes-bouchees\/\" \/>\n<meta property=\"og:site_name\" content=\"SBC\" \/>\n<meta property=\"article:publisher\" content=\"https:\/\/www.facebook.com\/swissbaker.ch\" \/>\n<meta property=\"article:published_time\" content=\"2021-09-29T08:32:00+00:00\" \/>\n<meta property=\"article:modified_time\" content=\"2022-05-03T15:02:54+00:00\" \/>\n<meta property=\"og:image\" content=\"https:\/\/swissbaker.ch\/wp-content\/uploads\/2022\/03\/19_2_choco_treck.jpeg\" \/>\n\t<meta property=\"og:image:width\" content=\"800\" \/>\n\t<meta property=\"og:image:height\" content=\"474\" \/>\n\t<meta property=\"og:image:type\" content=\"image\/jpeg\" \/>\n<meta name=\"author\" content=\"azureart\" \/>\n<meta name=\"twitter:card\" content=\"summary_large_image\" \/>\n<meta name=\"twitter:creator\" content=\"@ch_swissbaker\" \/>\n<meta name=\"twitter:site\" content=\"@ch_swissbaker\" \/>\n<meta name=\"twitter:label1\" content=\"Written by\" \/>\n\t<meta name=\"twitter:data1\" content=\"azureart\" \/>\n\t<meta name=\"twitter:label2\" content=\"Est. reading time\" \/>\n\t<meta name=\"twitter:data2\" content=\"2 minutes\" \/>\n<script type=\"application\/ld+json\" class=\"yoast-schema-graph\">{\"@context\":\"https:\/\/schema.org\",\"@graph\":[{\"@type\":\"Article\",\"@id\":\"https:\/\/swissbaker.ch\/fr\/panissimo-news\/petite-foulee-pour-grandes-bouchees\/#article\",\"isPartOf\":{\"@id\":\"https:\/\/swissbaker.ch\/fr\/panissimo-news\/petite-foulee-pour-grandes-bouchees\/\"},\"author\":{\"name\":\"azureart\",\"@id\":\"https:\/\/swissbaker.ch\/fr\/#\/schema\/person\/058ac47619f7da53df62aba60f939b78\"},\"headline\":\"Petite foul\u00e9e pour grandes bouch\u00e9es\",\"datePublished\":\"2021-09-29T08:32:00+00:00\",\"dateModified\":\"2022-05-03T15:02:54+00:00\",\"mainEntityOfPage\":{\"@id\":\"https:\/\/swissbaker.ch\/fr\/panissimo-news\/petite-foulee-pour-grandes-bouchees\/\"},\"wordCount\":305,\"commentCount\":0,\"publisher\":{\"@id\":\"https:\/\/swissbaker.ch\/fr\/#organization\"},\"image\":{\"@id\":\"https:\/\/swissbaker.ch\/fr\/panissimo-news\/petite-foulee-pour-grandes-bouchees\/#primaryimage\"},\"thumbnailUrl\":\"https:\/\/swissbaker.ch\/wp-content\/uploads\/2022\/03\/19_2_choco_treck.jpeg\",\"articleSection\":[\"Ev\u00e9nement\"],\"inLanguage\":\"fr-FR\",\"potentialAction\":[{\"@type\":\"CommentAction\",\"name\":\"Comment\",\"target\":[\"https:\/\/swissbaker.ch\/fr\/panissimo-news\/petite-foulee-pour-grandes-bouchees\/#respond\"]}]},{\"@type\":\"WebPage\",\"@id\":\"https:\/\/swissbaker.ch\/fr\/panissimo-news\/petite-foulee-pour-grandes-bouchees\/\",\"url\":\"https:\/\/swissbaker.ch\/fr\/panissimo-news\/petite-foulee-pour-grandes-bouchees\/\",\"name\":\"Petite foul\u00e9e pour grandes bouch\u00e9es | SBC\",\"isPartOf\":{\"@id\":\"https:\/\/swissbaker.ch\/fr\/#website\"},\"primaryImageOfPage\":{\"@id\":\"https:\/\/swissbaker.ch\/fr\/panissimo-news\/petite-foulee-pour-grandes-bouchees\/#primaryimage\"},\"image\":{\"@id\":\"https:\/\/swissbaker.ch\/fr\/panissimo-news\/petite-foulee-pour-grandes-bouchees\/#primaryimage\"},\"thumbnailUrl\":\"https:\/\/swissbaker.ch\/wp-content\/uploads\/2022\/03\/19_2_choco_treck.jpeg\",\"datePublished\":\"2021-09-29T08:32:00+00:00\",\"dateModified\":\"2022-05-03T15:02:54+00:00\",\"breadcrumb\":{\"@id\":\"https:\/\/swissbaker.ch\/fr\/panissimo-news\/petite-foulee-pour-grandes-bouchees\/#breadcrumb\"},\"inLanguage\":\"fr-FR\",\"potentialAction\":[{\"@type\":\"ReadAction\",\"target\":[\"https:\/\/swissbaker.ch\/fr\/panissimo-news\/petite-foulee-pour-grandes-bouchees\/\"]}]},{\"@type\":\"ImageObject\",\"inLanguage\":\"fr-FR\",\"@id\":\"https:\/\/swissbaker.ch\/fr\/panissimo-news\/petite-foulee-pour-grandes-bouchees\/#primaryimage\",\"url\":\"https:\/\/swissbaker.ch\/wp-content\/uploads\/2022\/03\/19_2_choco_treck.jpeg\",\"contentUrl\":\"https:\/\/swissbaker.ch\/wp-content\/uploads\/2022\/03\/19_2_choco_treck.jpeg\",\"width\":800,\"height\":474,\"caption\":\"Petite foul\u00e9e pour grandes bouch\u00e9es\"},{\"@type\":\"BreadcrumbList\",\"@id\":\"https:\/\/swissbaker.ch\/fr\/panissimo-news\/petite-foulee-pour-grandes-bouchees\/#breadcrumb\",\"itemListElement\":[{\"@type\":\"ListItem\",\"position\":1,\"name\":\"\",\"item\":\"https:\/\/swissbaker.ch\/fr\/\"},{\"@type\":\"ListItem\",\"position\":2,\"name\":\"Ev\u00e9nement\",\"item\":\"https:\/\/swissbaker.ch\/fr\/panissimo-news\/category\/evenement\/\"},{\"@type\":\"ListItem\",\"position\":3,\"name\":\"Petite foul\u00e9e pour grandes bouch\u00e9es\"}]},{\"@type\":\"WebSite\",\"@id\":\"https:\/\/swissbaker.ch\/fr\/#website\",\"url\":\"https:\/\/swissbaker.ch\/fr\/\",\"name\":\"SBC\",\"description\":\"\",\"publisher\":{\"@id\":\"https:\/\/swissbaker.ch\/fr\/#organization\"},\"potentialAction\":[{\"@type\":\"SearchAction\",\"target\":{\"@type\":\"EntryPoint\",\"urlTemplate\":\"https:\/\/swissbaker.ch\/fr\/?s={search_term_string}\"},\"query-input\":{\"@type\":\"PropertyValueSpecification\",\"valueRequired\":true,\"valueName\":\"search_term_string\"}}],\"inLanguage\":\"fr-FR\"},{\"@type\":\"Organization\",\"@id\":\"https:\/\/swissbaker.ch\/fr\/#organization\",\"name\":\"Schweizerischer B\u00e4cker-Confiseurmeister-Verband\",\"url\":\"https:\/\/swissbaker.ch\/fr\/\",\"logo\":{\"@type\":\"ImageObject\",\"inLanguage\":\"fr-FR\",\"@id\":\"https:\/\/swissbaker.ch\/fr\/#\/schema\/logo\/image\/\",\"url\":\"https:\/\/swissbaker.ch\/wp-content\/uploads\/2022\/04\/sbc-logo-yoast.jpg\",\"contentUrl\":\"https:\/\/swissbaker.ch\/wp-content\/uploads\/2022\/04\/sbc-logo-yoast.jpg\",\"width\":512,\"height\":512,\"caption\":\"Schweizerischer B\u00e4cker-Confiseurmeister-Verband\"},\"image\":{\"@id\":\"https:\/\/swissbaker.ch\/fr\/#\/schema\/logo\/image\/\"},\"sameAs\":[\"https:\/\/www.facebook.com\/swissbaker.ch\",\"https:\/\/x.com\/ch_swissbaker\"]},{\"@type\":\"Person\",\"@id\":\"https:\/\/swissbaker.ch\/fr\/#\/schema\/person\/058ac47619f7da53df62aba60f939b78\",\"name\":\"azureart\",\"image\":{\"@type\":\"ImageObject\",\"inLanguage\":\"fr-FR\",\"@id\":\"https:\/\/swissbaker.ch\/fr\/#\/schema\/person\/image\/\",\"url\":\"https:\/\/secure.gravatar.com\/avatar\/be04dd3098fd612c83067af4f7a295384c93cb6a9112f51beb9d2f477d25da61?s=96&d=mm&r=g\",\"contentUrl\":\"https:\/\/secure.gravatar.com\/avatar\/be04dd3098fd612c83067af4f7a295384c93cb6a9112f51beb9d2f477d25da61?s=96&d=mm&r=g\",\"caption\":\"azureart\"},\"sameAs\":[\"https:\/\/swissbaker.ch\"],\"url\":\"https:\/\/swissbaker.ch\/fr\/panissimo-news\/author\/pixel-ahoi\/\"}]}<\/script>\n<!-- \/ Yoast SEO Premium plugin. -->","yoast_head_json":{"title":"Petite foul\u00e9e pour grandes bouch\u00e9es | SBC","robots":{"index":"index","follow":"follow","max-snippet":"max-snippet:-1","max-image-preview":"max-image-preview:large","max-video-preview":"max-video-preview:-1"},"canonical":"https:\/\/swissbaker.ch\/fr\/panissimo-news\/petite-foulee-pour-grandes-bouchees\/","og_locale":"fr_FR","og_type":"article","og_title":"Petite foul\u00e9e pour grandes bouch\u00e9es","og_description":"Avec l\u2019arriv\u00e9e des premiers rafra\u00eechissements, les envies de chocolat se font de plus en plus intenses. En guise de balades automnales, deux \u00e9v\u00e9nements proposent de partir \u00e0 la d\u00e9couverte d\u2019artisans confiseurs \u00e0 lausannois et genevois. Choco Treck Lausanne a ouvert les festivit\u00e9s le 16\u202fseptembre. Dans le cadre de La semaine du go\u00fbt et de Lausanne \u00e0 Table, la deuxi\u00e8me \u00e9dition [&hellip;]","og_url":"https:\/\/swissbaker.ch\/fr\/panissimo-news\/petite-foulee-pour-grandes-bouchees\/","og_site_name":"SBC","article_publisher":"https:\/\/www.facebook.com\/swissbaker.ch","article_published_time":"2021-09-29T08:32:00+00:00","article_modified_time":"2022-05-03T15:02:54+00:00","og_image":[{"width":800,"height":474,"url":"https:\/\/swissbaker.ch\/wp-content\/uploads\/2022\/03\/19_2_choco_treck.jpeg","type":"image\/jpeg"}],"author":"azureart","twitter_card":"summary_large_image","twitter_creator":"@ch_swissbaker","twitter_site":"@ch_swissbaker","twitter_misc":{"Written by":"azureart","Est. reading time":"2 minutes"},"schema":{"@context":"https:\/\/schema.org","@graph":[{"@type":"Article","@id":"https:\/\/swissbaker.ch\/fr\/panissimo-news\/petite-foulee-pour-grandes-bouchees\/#article","isPartOf":{"@id":"https:\/\/swissbaker.ch\/fr\/panissimo-news\/petite-foulee-pour-grandes-bouchees\/"},"author":{"name":"azureart","@id":"https:\/\/swissbaker.ch\/fr\/#\/schema\/person\/058ac47619f7da53df62aba60f939b78"},"headline":"Petite foul\u00e9e pour grandes bouch\u00e9es","datePublished":"2021-09-29T08:32:00+00:00","dateModified":"2022-05-03T15:02:54+00:00","mainEntityOfPage":{"@id":"https:\/\/swissbaker.ch\/fr\/panissimo-news\/petite-foulee-pour-grandes-bouchees\/"},"wordCount":305,"commentCount":0,"publisher":{"@id":"https:\/\/swissbaker.ch\/fr\/#organization"},"image":{"@id":"https:\/\/swissbaker.ch\/fr\/panissimo-news\/petite-foulee-pour-grandes-bouchees\/#primaryimage"},"thumbnailUrl":"https:\/\/swissbaker.ch\/wp-content\/uploads\/2022\/03\/19_2_choco_treck.jpeg","articleSection":["Ev\u00e9nement"],"inLanguage":"fr-FR","potentialAction":[{"@type":"CommentAction","name":"Comment","target":["https:\/\/swissbaker.ch\/fr\/panissimo-news\/petite-foulee-pour-grandes-bouchees\/#respond"]}]},{"@type":"WebPage","@id":"https:\/\/swissbaker.ch\/fr\/panissimo-news\/petite-foulee-pour-grandes-bouchees\/","url":"https:\/\/swissbaker.ch\/fr\/panissimo-news\/petite-foulee-pour-grandes-bouchees\/","name":"Petite foul\u00e9e pour grandes bouch\u00e9es | SBC","isPartOf":{"@id":"https:\/\/swissbaker.ch\/fr\/#website"},"primaryImageOfPage":{"@id":"https:\/\/swissbaker.ch\/fr\/panissimo-news\/petite-foulee-pour-grandes-bouchees\/#primaryimage"},"image":{"@id":"https:\/\/swissbaker.ch\/fr\/panissimo-news\/petite-foulee-pour-grandes-bouchees\/#primaryimage"},"thumbnailUrl":"https:\/\/swissbaker.ch\/wp-content\/uploads\/2022\/03\/19_2_choco_treck.jpeg","datePublished":"2021-09-29T08:32:00+00:00","dateModified":"2022-05-03T15:02:54+00:00","breadcrumb":{"@id":"https:\/\/swissbaker.ch\/fr\/panissimo-news\/petite-foulee-pour-grandes-bouchees\/#breadcrumb"},"inLanguage":"fr-FR","potentialAction":[{"@type":"ReadAction","target":["https:\/\/swissbaker.ch\/fr\/panissimo-news\/petite-foulee-pour-grandes-bouchees\/"]}]},{"@type":"ImageObject","inLanguage":"fr-FR","@id":"https:\/\/swissbaker.ch\/fr\/panissimo-news\/petite-foulee-pour-grandes-bouchees\/#primaryimage","url":"https:\/\/swissbaker.ch\/wp-content\/uploads\/2022\/03\/19_2_choco_treck.jpeg","contentUrl":"https:\/\/swissbaker.ch\/wp-content\/uploads\/2022\/03\/19_2_choco_treck.jpeg","width":800,"height":474,"caption":"Petite foul\u00e9e pour grandes bouch\u00e9es"},{"@type":"BreadcrumbList","@id":"https:\/\/swissbaker.ch\/fr\/panissimo-news\/petite-foulee-pour-grandes-bouchees\/#breadcrumb","itemListElement":[{"@type":"ListItem","position":1,"name":"","item":"https:\/\/swissbaker.ch\/fr\/"},{"@type":"ListItem","position":2,"name":"Ev\u00e9nement","item":"https:\/\/swissbaker.ch\/fr\/panissimo-news\/category\/evenement\/"},{"@type":"ListItem","position":3,"name":"Petite foul\u00e9e pour grandes bouch\u00e9es"}]},{"@type":"WebSite","@id":"https:\/\/swissbaker.ch\/fr\/#website","url":"https:\/\/swissbaker.ch\/fr\/","name":"SBC","description":"","publisher":{"@id":"https:\/\/swissbaker.ch\/fr\/#organization"},"potentialAction":[{"@type":"SearchAction","target":{"@type":"EntryPoint","urlTemplate":"https:\/\/swissbaker.ch\/fr\/?s={search_term_string}"},"query-input":{"@type":"PropertyValueSpecification","valueRequired":true,"valueName":"search_term_string"}}],"inLanguage":"fr-FR"},{"@type":"Organization","@id":"https:\/\/swissbaker.ch\/fr\/#organization","name":"Schweizerischer B\u00e4cker-Confiseurmeister-Verband","url":"https:\/\/swissbaker.ch\/fr\/","logo":{"@type":"ImageObject","inLanguage":"fr-FR","@id":"https:\/\/swissbaker.ch\/fr\/#\/schema\/logo\/image\/","url":"https:\/\/swissbaker.ch\/wp-content\/uploads\/2022\/04\/sbc-logo-yoast.jpg","contentUrl":"https:\/\/swissbaker.ch\/wp-content\/uploads\/2022\/04\/sbc-logo-yoast.jpg","width":512,"height":512,"caption":"Schweizerischer B\u00e4cker-Confiseurmeister-Verband"},"image":{"@id":"https:\/\/swissbaker.ch\/fr\/#\/schema\/logo\/image\/"},"sameAs":["https:\/\/www.facebook.com\/swissbaker.ch","https:\/\/x.com\/ch_swissbaker"]},{"@type":"Person","@id":"https:\/\/swissbaker.ch\/fr\/#\/schema\/person\/058ac47619f7da53df62aba60f939b78","name":"azureart","image":{"@type":"ImageObject","inLanguage":"fr-FR","@id":"https:\/\/swissbaker.ch\/fr\/#\/schema\/person\/image\/","url":"https:\/\/secure.gravatar.com\/avatar\/be04dd3098fd612c83067af4f7a295384c93cb6a9112f51beb9d2f477d25da61?s=96&d=mm&r=g","contentUrl":"https:\/\/secure.gravatar.com\/avatar\/be04dd3098fd612c83067af4f7a295384c93cb6a9112f51beb9d2f477d25da61?s=96&d=mm&r=g","caption":"azureart"},"sameAs":["https:\/\/swissbaker.ch"],"url":"https:\/\/swissbaker.ch\/fr\/panissimo-news\/author\/pixel-ahoi\/"}]}},"_links":{"self":[{"href":"https:\/\/swissbaker.ch\/fr\/wp-json\/wp\/v2\/posts\/7980","targetHints":{"allow":["GET"]}}],"collection":[{"href":"https:\/\/swissbaker.ch\/fr\/wp-json\/wp\/v2\/posts"}],"about":[{"href":"https:\/\/swissbaker.ch\/fr\/wp-json\/wp\/v2\/types\/post"}],"author":[{"embeddable":true,"href":"https:\/\/swissbaker.ch\/fr\/wp-json\/wp\/v2\/users\/1"}],"replies":[{"embeddable":true,"href":"https:\/\/swissbaker.ch\/fr\/wp-json\/wp\/v2\/comments?post=7980"}],"version-history":[{"count":0,"href":"https:\/\/swissbaker.ch\/fr\/wp-json\/wp\/v2\/posts\/7980\/revisions"}],"wp:featuredmedia":[{"embeddable":true,"href":"https:\/\/swissbaker.ch\/fr\/wp-json\/wp\/v2\/media\/5176"}],"wp:attachment":[{"href":"https:\/\/swissbaker.ch\/fr\/wp-json\/wp\/v2\/media?parent=7980"}],"wp:term":[{"taxonomy":"category","embeddable":true,"href":"https:\/\/swissbaker.ch\/fr\/wp-json\/wp\/v2\/categories?post=7980"},{"taxonomy":"post_tag","embeddable":true,"href":"https:\/\/swissbaker.ch\/fr\/wp-json\/wp\/v2\/tags?post=7980"}],"curies":[{"name":"wp","href":"https:\/\/api.w.org\/{rel}","templated":true}]}}