{"id":79781,"date":"2024-06-06T10:59:13","date_gmt":"2024-06-06T08:59:13","guid":{"rendered":"https:\/\/swissbaker.ch\/?p=79781"},"modified":"2024-06-13T11:17:56","modified_gmt":"2024-06-13T09:17:56","slug":"convention-collective-de-travail-aupres-du-seco","status":"publish","type":"post","link":"https:\/\/swissbaker.ch\/fr\/panissimo-news\/convention-collective-de-travail-aupres-du-seco\/","title":{"rendered":"Convention collective de travail aupr\u00e8s du Seco"},"content":{"rendered":"\n<p>Le comit\u00e9 central de la BCS a donn\u00e9 \u00e0 l&#8217;unanimit\u00e9 son feu vert d\u00e9finitif au r\u00e8glement sur l&#8217;utilisation des contributions aux frais d&#8217;ex\u00e9cution pour la formation initiale, la formation de base et la formation continue. Lors d&#8217;une s\u00e9ance pr\u00e9c\u00e9dente, il avait approuv\u00e9 le paquet global, compos\u00e9 de la convention collective de travail (CCT), du r\u00e8glement salarial, de la convention des apprentis et de l&#8217;accord sur le protocole. La semaine derni\u00e8re, la BCS et les associations d&#8217;employ\u00e9s, Hotel &amp; Gastro Union, Syna et Unia ont sign\u00e9 la CCT et les documents susmentionn\u00e9s.<\/p>\n\n\n\n<p>L&#8217;ensemble du paquet a \u00e9t\u00e9 imm\u00e9diatement d\u00e9pos\u00e9 aupr\u00e8s du Secr\u00e9tariat d&#8217;Etat \u00e0 l&#8217;\u00e9conomie (Seco) afin d&#8217;obtenir la d\u00e9cision du Conseil f\u00e9d\u00e9ral sur l&#8217;extension du champ d&#8217;application (AVE). D\u00e8s que la CCT aura \u00e9t\u00e9 mise au point en collaboration avec le Seco, le document d\u00e9finitif sera mis en ligne sur l&#8217;intranet. Des s\u00e9ances d&#8217;information seront organis\u00e9es en parall\u00e8le. Les associations cantonales seront inform\u00e9es en temps utile. Les membres seront \u00e9galement inform\u00e9s dans \u00ab Panissimo \u00bb, dans la newsletter et sur swissbaker.ch.<\/p>\n\n\n\n<p>Tant que la d\u00e9cision du Conseil f\u00e9d\u00e9ral sur l&#8217;extension de la nouvelle CCT n&#8217;est pas prise, la CCT actuelle reste valable. Les nouveaux salaires minimaux sont introduits au 1<em>er<\/em> janvier 2025.<\/p>\n\n\n\n<p class=\"has-text-align-right\"><em>BCS<\/em><\/p>\n","protected":false},"excerpt":{"rendered":"<p>Le comit\u00e9 central de la BCS a donn\u00e9 \u00e0 l&#8217;unanimit\u00e9 son feu vert d\u00e9finitif au r\u00e8glement sur l&#8217;utilisation des contributions aux frais d&#8217;ex\u00e9cution pour la formation initiale, la formation de base et la formation continue. Lors d&#8217;une s\u00e9ance pr\u00e9c\u00e9dente, il avait approuv\u00e9 le paquet global, compos\u00e9 de la convention collective de travail (CCT), du r\u00e8glement salarial, de la convention des apprentis et de l&#8217;accord sur le protocole. La semaine derni\u00e8re, la BCS et les associations d&#8217;employ\u00e9s, Hotel &#038; Gastro Union, Syna et Unia ont sign\u00e9 la CCT et les documents susmentionn\u00e9s. <\/p>\n","protected":false},"author":5,"featured_media":79778,"comment_status":"closed","ping_status":"closed","sticky":true,"template":"","format":"standard","meta":{"_acf_changed":false,"footnotes":""},"categories":[41,44],"tags":[],"class_list":["post-79781","post","type-post","status-publish","format-standard","has-post-thumbnail","hentry","category-association","category-droit-politique"],"acf":[],"yoast_head":"<!-- This site is optimized with the Yoast SEO Premium plugin v26.8 (Yoast SEO v26.8) - https:\/\/yoast.com\/product\/yoast-seo-premium-wordpress\/ -->\n<title>Convention collective de travail aupr\u00e8s du Seco | SBC<\/title>\n<meta name=\"robots\" content=\"index, follow, max-snippet:-1, max-image-preview:large, max-video-preview:-1\" \/>\n<link rel=\"canonical\" href=\"https:\/\/swissbaker.ch\/fr\/panissimo-news\/convention-collective-de-travail-aupres-du-seco\/\" \/>\n<meta property=\"og:locale\" content=\"fr_FR\" \/>\n<meta property=\"og:type\" content=\"article\" \/>\n<meta property=\"og:title\" content=\"Convention collective de travail aupr\u00e8s du Seco\" \/>\n<meta property=\"og:description\" content=\"Le comit\u00e9 central de la BCS a donn\u00e9 \u00e0 l&#039;unanimit\u00e9 son feu vert d\u00e9finitif au r\u00e8glement sur l&#039;utilisation des contributions aux frais d&#039;ex\u00e9cution pour la formation initiale, la formation de base et la formation continue. Lors d&#039;une s\u00e9ance pr\u00e9c\u00e9dente, il avait approuv\u00e9 le paquet global, compos\u00e9 de la convention collective de travail (CCT), du r\u00e8glement salarial, de la convention des apprentis et de l&#039;accord sur le protocole. La semaine derni\u00e8re, la BCS et les associations d&#039;employ\u00e9s, Hotel &amp; Gastro Union, Syna et Unia ont sign\u00e9 la CCT et les documents susmentionn\u00e9s.\" \/>\n<meta property=\"og:url\" content=\"https:\/\/swissbaker.ch\/fr\/panissimo-news\/convention-collective-de-travail-aupres-du-seco\/\" \/>\n<meta property=\"og:site_name\" content=\"SBC\" \/>\n<meta property=\"article:publisher\" content=\"https:\/\/www.facebook.com\/swissbaker.ch\" \/>\n<meta property=\"article:published_time\" content=\"2024-06-06T08:59:13+00:00\" \/>\n<meta property=\"article:modified_time\" content=\"2024-06-13T09:17:56+00:00\" \/>\n<meta property=\"og:image\" content=\"https:\/\/swissbaker.ch\/wp-content\/uploads\/2024\/06\/11_2_gav.jpg\" \/>\n\t<meta property=\"og:image:width\" content=\"1200\" \/>\n\t<meta property=\"og:image:height\" content=\"712\" \/>\n\t<meta property=\"og:image:type\" content=\"image\/jpeg\" \/>\n<meta name=\"author\" content=\"Simon Nussbaum\" \/>\n<meta name=\"twitter:card\" content=\"summary_large_image\" \/>\n<meta name=\"twitter:creator\" content=\"@ch_swissbaker\" \/>\n<meta name=\"twitter:site\" content=\"@ch_swissbaker\" \/>\n<meta name=\"twitter:label1\" content=\"Written by\" \/>\n\t<meta name=\"twitter:data1\" content=\"Simon Nussbaum\" \/>\n\t<meta name=\"twitter:label2\" content=\"Est. reading time\" \/>\n\t<meta name=\"twitter:data2\" content=\"1 minute\" \/>\n<script type=\"application\/ld+json\" class=\"yoast-schema-graph\">{\"@context\":\"https:\/\/schema.org\",\"@graph\":[{\"@type\":\"Article\",\"@id\":\"https:\/\/swissbaker.ch\/fr\/panissimo-news\/convention-collective-de-travail-aupres-du-seco\/#article\",\"isPartOf\":{\"@id\":\"https:\/\/swissbaker.ch\/fr\/panissimo-news\/convention-collective-de-travail-aupres-du-seco\/\"},\"author\":{\"name\":\"Simon Nussbaum\",\"@id\":\"https:\/\/swissbaker.ch\/fr\/#\/schema\/person\/74bd327b08c18ca6042c02ff6f0ed5e2\"},\"headline\":\"Convention collective de travail aupr\u00e8s du Seco\",\"datePublished\":\"2024-06-06T08:59:13+00:00\",\"dateModified\":\"2024-06-13T09:17:56+00:00\",\"mainEntityOfPage\":{\"@id\":\"https:\/\/swissbaker.ch\/fr\/panissimo-news\/convention-collective-de-travail-aupres-du-seco\/\"},\"wordCount\":250,\"publisher\":{\"@id\":\"https:\/\/swissbaker.ch\/fr\/#organization\"},\"image\":{\"@id\":\"https:\/\/swissbaker.ch\/fr\/panissimo-news\/convention-collective-de-travail-aupres-du-seco\/#primaryimage\"},\"thumbnailUrl\":\"https:\/\/swissbaker.ch\/wp-content\/uploads\/2024\/06\/11_2_gav.jpg\",\"articleSection\":[\"Association\",\"Droit &amp; politique\"],\"inLanguage\":\"fr-FR\"},{\"@type\":\"WebPage\",\"@id\":\"https:\/\/swissbaker.ch\/fr\/panissimo-news\/convention-collective-de-travail-aupres-du-seco\/\",\"url\":\"https:\/\/swissbaker.ch\/fr\/panissimo-news\/convention-collective-de-travail-aupres-du-seco\/\",\"name\":\"Convention collective de travail aupr\u00e8s du Seco | SBC\",\"isPartOf\":{\"@id\":\"https:\/\/swissbaker.ch\/fr\/#website\"},\"primaryImageOfPage\":{\"@id\":\"https:\/\/swissbaker.ch\/fr\/panissimo-news\/convention-collective-de-travail-aupres-du-seco\/#primaryimage\"},\"image\":{\"@id\":\"https:\/\/swissbaker.ch\/fr\/panissimo-news\/convention-collective-de-travail-aupres-du-seco\/#primaryimage\"},\"thumbnailUrl\":\"https:\/\/swissbaker.ch\/wp-content\/uploads\/2024\/06\/11_2_gav.jpg\",\"datePublished\":\"2024-06-06T08:59:13+00:00\",\"dateModified\":\"2024-06-13T09:17:56+00:00\",\"breadcrumb\":{\"@id\":\"https:\/\/swissbaker.ch\/fr\/panissimo-news\/convention-collective-de-travail-aupres-du-seco\/#breadcrumb\"},\"inLanguage\":\"fr-FR\",\"potentialAction\":[{\"@type\":\"ReadAction\",\"target\":[\"https:\/\/swissbaker.ch\/fr\/panissimo-news\/convention-collective-de-travail-aupres-du-seco\/\"]}]},{\"@type\":\"ImageObject\",\"inLanguage\":\"fr-FR\",\"@id\":\"https:\/\/swissbaker.ch\/fr\/panissimo-news\/convention-collective-de-travail-aupres-du-seco\/#primaryimage\",\"url\":\"https:\/\/swissbaker.ch\/wp-content\/uploads\/2024\/06\/11_2_gav.jpg\",\"contentUrl\":\"https:\/\/swissbaker.ch\/wp-content\/uploads\/2024\/06\/11_2_gav.jpg\",\"width\":1200,\"height\":712},{\"@type\":\"BreadcrumbList\",\"@id\":\"https:\/\/swissbaker.ch\/fr\/panissimo-news\/convention-collective-de-travail-aupres-du-seco\/#breadcrumb\",\"itemListElement\":[{\"@type\":\"ListItem\",\"position\":1,\"name\":\"\",\"item\":\"https:\/\/swissbaker.ch\/fr\/\"},{\"@type\":\"ListItem\",\"position\":2,\"name\":\"Association\",\"item\":\"https:\/\/swissbaker.ch\/fr\/panissimo-news\/category\/association\/\"},{\"@type\":\"ListItem\",\"position\":3,\"name\":\"Convention collective de travail aupr\u00e8s du Seco\"}]},{\"@type\":\"WebSite\",\"@id\":\"https:\/\/swissbaker.ch\/fr\/#website\",\"url\":\"https:\/\/swissbaker.ch\/fr\/\",\"name\":\"SBC\",\"description\":\"\",\"publisher\":{\"@id\":\"https:\/\/swissbaker.ch\/fr\/#organization\"},\"potentialAction\":[{\"@type\":\"SearchAction\",\"target\":{\"@type\":\"EntryPoint\",\"urlTemplate\":\"https:\/\/swissbaker.ch\/fr\/?s={search_term_string}\"},\"query-input\":{\"@type\":\"PropertyValueSpecification\",\"valueRequired\":true,\"valueName\":\"search_term_string\"}}],\"inLanguage\":\"fr-FR\"},{\"@type\":\"Organization\",\"@id\":\"https:\/\/swissbaker.ch\/fr\/#organization\",\"name\":\"Schweizerischer B\u00e4cker-Confiseurmeister-Verband\",\"url\":\"https:\/\/swissbaker.ch\/fr\/\",\"logo\":{\"@type\":\"ImageObject\",\"inLanguage\":\"fr-FR\",\"@id\":\"https:\/\/swissbaker.ch\/fr\/#\/schema\/logo\/image\/\",\"url\":\"https:\/\/swissbaker.ch\/wp-content\/uploads\/2022\/04\/sbc-logo-yoast.jpg\",\"contentUrl\":\"https:\/\/swissbaker.ch\/wp-content\/uploads\/2022\/04\/sbc-logo-yoast.jpg\",\"width\":512,\"height\":512,\"caption\":\"Schweizerischer B\u00e4cker-Confiseurmeister-Verband\"},\"image\":{\"@id\":\"https:\/\/swissbaker.ch\/fr\/#\/schema\/logo\/image\/\"},\"sameAs\":[\"https:\/\/www.facebook.com\/swissbaker.ch\",\"https:\/\/x.com\/ch_swissbaker\"]},{\"@type\":\"Person\",\"@id\":\"https:\/\/swissbaker.ch\/fr\/#\/schema\/person\/74bd327b08c18ca6042c02ff6f0ed5e2\",\"name\":\"Simon Nussbaum\",\"image\":{\"@type\":\"ImageObject\",\"inLanguage\":\"fr-FR\",\"@id\":\"https:\/\/swissbaker.ch\/fr\/#\/schema\/person\/image\/\",\"url\":\"https:\/\/secure.gravatar.com\/avatar\/df0eced3bb556c806cb760cf503ade1ed1df25b4104d80d6fd28d93a9509aa12?s=96&d=mm&r=g\",\"contentUrl\":\"https:\/\/secure.gravatar.com\/avatar\/df0eced3bb556c806cb760cf503ade1ed1df25b4104d80d6fd28d93a9509aa12?s=96&d=mm&r=g\",\"caption\":\"Simon Nussbaum\"},\"url\":\"https:\/\/swissbaker.ch\/fr\/panissimo-news\/author\/simon-nussbaum\/\"}]}<\/script>\n<!-- \/ Yoast SEO Premium plugin. -->","yoast_head_json":{"title":"Convention collective de travail aupr\u00e8s du Seco | SBC","robots":{"index":"index","follow":"follow","max-snippet":"max-snippet:-1","max-image-preview":"max-image-preview:large","max-video-preview":"max-video-preview:-1"},"canonical":"https:\/\/swissbaker.ch\/fr\/panissimo-news\/convention-collective-de-travail-aupres-du-seco\/","og_locale":"fr_FR","og_type":"article","og_title":"Convention collective de travail aupr\u00e8s du Seco","og_description":"Le comit\u00e9 central de la BCS a donn\u00e9 \u00e0 l'unanimit\u00e9 son feu vert d\u00e9finitif au r\u00e8glement sur l'utilisation des contributions aux frais d'ex\u00e9cution pour la formation initiale, la formation de base et la formation continue. Lors d'une s\u00e9ance pr\u00e9c\u00e9dente, il avait approuv\u00e9 le paquet global, compos\u00e9 de la convention collective de travail (CCT), du r\u00e8glement salarial, de la convention des apprentis et de l'accord sur le protocole. La semaine derni\u00e8re, la BCS et les associations d'employ\u00e9s, Hotel & Gastro Union, Syna et Unia ont sign\u00e9 la CCT et les documents susmentionn\u00e9s.","og_url":"https:\/\/swissbaker.ch\/fr\/panissimo-news\/convention-collective-de-travail-aupres-du-seco\/","og_site_name":"SBC","article_publisher":"https:\/\/www.facebook.com\/swissbaker.ch","article_published_time":"2024-06-06T08:59:13+00:00","article_modified_time":"2024-06-13T09:17:56+00:00","og_image":[{"width":1200,"height":712,"url":"https:\/\/swissbaker.ch\/wp-content\/uploads\/2024\/06\/11_2_gav.jpg","type":"image\/jpeg"}],"author":"Simon Nussbaum","twitter_card":"summary_large_image","twitter_creator":"@ch_swissbaker","twitter_site":"@ch_swissbaker","twitter_misc":{"Written by":"Simon Nussbaum","Est. reading time":"1 minute"},"schema":{"@context":"https:\/\/schema.org","@graph":[{"@type":"Article","@id":"https:\/\/swissbaker.ch\/fr\/panissimo-news\/convention-collective-de-travail-aupres-du-seco\/#article","isPartOf":{"@id":"https:\/\/swissbaker.ch\/fr\/panissimo-news\/convention-collective-de-travail-aupres-du-seco\/"},"author":{"name":"Simon Nussbaum","@id":"https:\/\/swissbaker.ch\/fr\/#\/schema\/person\/74bd327b08c18ca6042c02ff6f0ed5e2"},"headline":"Convention collective de travail aupr\u00e8s du Seco","datePublished":"2024-06-06T08:59:13+00:00","dateModified":"2024-06-13T09:17:56+00:00","mainEntityOfPage":{"@id":"https:\/\/swissbaker.ch\/fr\/panissimo-news\/convention-collective-de-travail-aupres-du-seco\/"},"wordCount":250,"publisher":{"@id":"https:\/\/swissbaker.ch\/fr\/#organization"},"image":{"@id":"https:\/\/swissbaker.ch\/fr\/panissimo-news\/convention-collective-de-travail-aupres-du-seco\/#primaryimage"},"thumbnailUrl":"https:\/\/swissbaker.ch\/wp-content\/uploads\/2024\/06\/11_2_gav.jpg","articleSection":["Association","Droit &amp; politique"],"inLanguage":"fr-FR"},{"@type":"WebPage","@id":"https:\/\/swissbaker.ch\/fr\/panissimo-news\/convention-collective-de-travail-aupres-du-seco\/","url":"https:\/\/swissbaker.ch\/fr\/panissimo-news\/convention-collective-de-travail-aupres-du-seco\/","name":"Convention collective de travail aupr\u00e8s du Seco | SBC","isPartOf":{"@id":"https:\/\/swissbaker.ch\/fr\/#website"},"primaryImageOfPage":{"@id":"https:\/\/swissbaker.ch\/fr\/panissimo-news\/convention-collective-de-travail-aupres-du-seco\/#primaryimage"},"image":{"@id":"https:\/\/swissbaker.ch\/fr\/panissimo-news\/convention-collective-de-travail-aupres-du-seco\/#primaryimage"},"thumbnailUrl":"https:\/\/swissbaker.ch\/wp-content\/uploads\/2024\/06\/11_2_gav.jpg","datePublished":"2024-06-06T08:59:13+00:00","dateModified":"2024-06-13T09:17:56+00:00","breadcrumb":{"@id":"https:\/\/swissbaker.ch\/fr\/panissimo-news\/convention-collective-de-travail-aupres-du-seco\/#breadcrumb"},"inLanguage":"fr-FR","potentialAction":[{"@type":"ReadAction","target":["https:\/\/swissbaker.ch\/fr\/panissimo-news\/convention-collective-de-travail-aupres-du-seco\/"]}]},{"@type":"ImageObject","inLanguage":"fr-FR","@id":"https:\/\/swissbaker.ch\/fr\/panissimo-news\/convention-collective-de-travail-aupres-du-seco\/#primaryimage","url":"https:\/\/swissbaker.ch\/wp-content\/uploads\/2024\/06\/11_2_gav.jpg","contentUrl":"https:\/\/swissbaker.ch\/wp-content\/uploads\/2024\/06\/11_2_gav.jpg","width":1200,"height":712},{"@type":"BreadcrumbList","@id":"https:\/\/swissbaker.ch\/fr\/panissimo-news\/convention-collective-de-travail-aupres-du-seco\/#breadcrumb","itemListElement":[{"@type":"ListItem","position":1,"name":"","item":"https:\/\/swissbaker.ch\/fr\/"},{"@type":"ListItem","position":2,"name":"Association","item":"https:\/\/swissbaker.ch\/fr\/panissimo-news\/category\/association\/"},{"@type":"ListItem","position":3,"name":"Convention collective de travail aupr\u00e8s du Seco"}]},{"@type":"WebSite","@id":"https:\/\/swissbaker.ch\/fr\/#website","url":"https:\/\/swissbaker.ch\/fr\/","name":"SBC","description":"","publisher":{"@id":"https:\/\/swissbaker.ch\/fr\/#organization"},"potentialAction":[{"@type":"SearchAction","target":{"@type":"EntryPoint","urlTemplate":"https:\/\/swissbaker.ch\/fr\/?s={search_term_string}"},"query-input":{"@type":"PropertyValueSpecification","valueRequired":true,"valueName":"search_term_string"}}],"inLanguage":"fr-FR"},{"@type":"Organization","@id":"https:\/\/swissbaker.ch\/fr\/#organization","name":"Schweizerischer B\u00e4cker-Confiseurmeister-Verband","url":"https:\/\/swissbaker.ch\/fr\/","logo":{"@type":"ImageObject","inLanguage":"fr-FR","@id":"https:\/\/swissbaker.ch\/fr\/#\/schema\/logo\/image\/","url":"https:\/\/swissbaker.ch\/wp-content\/uploads\/2022\/04\/sbc-logo-yoast.jpg","contentUrl":"https:\/\/swissbaker.ch\/wp-content\/uploads\/2022\/04\/sbc-logo-yoast.jpg","width":512,"height":512,"caption":"Schweizerischer B\u00e4cker-Confiseurmeister-Verband"},"image":{"@id":"https:\/\/swissbaker.ch\/fr\/#\/schema\/logo\/image\/"},"sameAs":["https:\/\/www.facebook.com\/swissbaker.ch","https:\/\/x.com\/ch_swissbaker"]},{"@type":"Person","@id":"https:\/\/swissbaker.ch\/fr\/#\/schema\/person\/74bd327b08c18ca6042c02ff6f0ed5e2","name":"Simon Nussbaum","image":{"@type":"ImageObject","inLanguage":"fr-FR","@id":"https:\/\/swissbaker.ch\/fr\/#\/schema\/person\/image\/","url":"https:\/\/secure.gravatar.com\/avatar\/df0eced3bb556c806cb760cf503ade1ed1df25b4104d80d6fd28d93a9509aa12?s=96&d=mm&r=g","contentUrl":"https:\/\/secure.gravatar.com\/avatar\/df0eced3bb556c806cb760cf503ade1ed1df25b4104d80d6fd28d93a9509aa12?s=96&d=mm&r=g","caption":"Simon Nussbaum"},"url":"https:\/\/swissbaker.ch\/fr\/panissimo-news\/author\/simon-nussbaum\/"}]}},"_links":{"self":[{"href":"https:\/\/swissbaker.ch\/fr\/wp-json\/wp\/v2\/posts\/79781","targetHints":{"allow":["GET"]}}],"collection":[{"href":"https:\/\/swissbaker.ch\/fr\/wp-json\/wp\/v2\/posts"}],"about":[{"href":"https:\/\/swissbaker.ch\/fr\/wp-json\/wp\/v2\/types\/post"}],"author":[{"embeddable":true,"href":"https:\/\/swissbaker.ch\/fr\/wp-json\/wp\/v2\/users\/5"}],"replies":[{"embeddable":true,"href":"https:\/\/swissbaker.ch\/fr\/wp-json\/wp\/v2\/comments?post=79781"}],"version-history":[{"count":0,"href":"https:\/\/swissbaker.ch\/fr\/wp-json\/wp\/v2\/posts\/79781\/revisions"}],"wp:featuredmedia":[{"embeddable":true,"href":"https:\/\/swissbaker.ch\/fr\/wp-json\/wp\/v2\/media\/79778"}],"wp:attachment":[{"href":"https:\/\/swissbaker.ch\/fr\/wp-json\/wp\/v2\/media?parent=79781"}],"wp:term":[{"taxonomy":"category","embeddable":true,"href":"https:\/\/swissbaker.ch\/fr\/wp-json\/wp\/v2\/categories?post=79781"},{"taxonomy":"post_tag","embeddable":true,"href":"https:\/\/swissbaker.ch\/fr\/wp-json\/wp\/v2\/tags?post=79781"}],"curies":[{"name":"wp","href":"https:\/\/api.w.org\/{rel}","templated":true}]}}