{"id":79766,"date":"2024-06-05T14:11:28","date_gmt":"2024-06-05T12:11:28","guid":{"rendered":"https:\/\/swissbaker.ch\/?p=79766"},"modified":"2024-06-05T15:48:47","modified_gmt":"2024-06-05T13:48:47","slug":"un-nouveau-membre-du-cc-et-un-nouveau-membre-dhonneur","status":"publish","type":"post","link":"https:\/\/swissbaker.ch\/fr\/panissimo-news\/un-nouveau-membre-du-cc-et-un-nouveau-membre-dhonneur\/","title":{"rendered":"Un nouveau membre du CC et un nouveau membre d&#8217;honneur"},"content":{"rendered":"\n<p>La journ\u00e9e de mardi a \u00e9t\u00e9 plac\u00e9e sous le signe de la boulangerie-confiserie artisanale et ponctu\u00e9e de temps forts. Le 138e congr\u00e8s de la BCS \u00e0 Berne a attir\u00e9 de nombreux participants. Un nouveau membre du comit\u00e9 central a \u00e9t\u00e9 \u00e9lu en la personne d&#8217;Adrian Knobel, en plus des th\u00e8mes statutaires. Son pr\u00e9d\u00e9cesseur Franz Willi a \u00e9t\u00e9 nomm\u00e9 membre d&#8217;honneur. La remise de la couronne boulang\u00e8re, la nomination de l&#8217;ambassadeur de la branche et la pr\u00e9sence de la rel\u00e8ve \u00e0 succ\u00e8s ainsi que l\u2019expos\u00e9 \u00ab Comment fonctionne la g\u00e9n\u00e9ration Z ? \u00bb ont constitu\u00e9 les points forts la manifestation.<\/p>\n\n\n\n<ul class=\"wp-block-list\">\n<li><a href=\"https:\/\/swissbaker.ch\/fr\/panissimo-news\/galerie\/congres-2024-de-la-bcs\/\">Galerie de photos&#8230;\u00bb<\/a><\/li>\n\n\n\n<li><a href=\"https:\/\/swissbaker.ch\/fr\/panissimo-news\/la-couronne-boulangere-2024-decernee-a-piraten-backerei-sollberger\/\">La \u00abcouronne boulang\u00e8re 2024\u00bb d\u00e9cern\u00e9e \u00e0 Piraten-B\u00e4ckerei Sollberger&#8230;\u00bb<\/a><\/li>\n\n\n\n<li><a href=\"https:\/\/swissbaker.ch\/fr\/panissimo-news\/le-conseiller-national-lorenz-hess-est-le-nouvel-ambassadeur-du-secteur\/\">Le conseiller national Lorenz Hess est le nouvel ambassadeur du secteur&#8230;\u00bb<\/a><\/li>\n<\/ul>\n\n\n\n<p><em>Un compte-rendu d\u00e9taill\u00e9 suivra dans \u00ab Panissimo \u00bb du 14 juin.<\/em><\/p>\n","protected":false},"excerpt":{"rendered":"<p>La journ\u00e9e de mardi a \u00e9t\u00e9 plac\u00e9e sous le signe de la boulangerie-confiserie artisanale et ponctu\u00e9e de temps forts. Le 138e congr\u00e8s de la BCS \u00e0 Berne a attir\u00e9 de nombreux participants. <\/p>\n","protected":false},"author":5,"featured_media":79764,"comment_status":"closed","ping_status":"closed","sticky":true,"template":"","format":"standard","meta":{"_acf_changed":false,"footnotes":""},"categories":[41],"tags":[],"class_list":["post-79766","post","type-post","status-publish","format-standard","has-post-thumbnail","hentry","category-association"],"acf":[],"yoast_head":"<!-- This site is optimized with the Yoast SEO Premium plugin v26.8 (Yoast SEO v26.8) - https:\/\/yoast.com\/product\/yoast-seo-premium-wordpress\/ -->\n<title>Un nouveau membre du CC et un nouveau membre d&#039;honneur | SBC<\/title>\n<meta name=\"robots\" content=\"index, follow, max-snippet:-1, max-image-preview:large, max-video-preview:-1\" \/>\n<link rel=\"canonical\" href=\"https:\/\/swissbaker.ch\/fr\/panissimo-news\/un-nouveau-membre-du-cc-et-un-nouveau-membre-dhonneur\/\" \/>\n<meta property=\"og:locale\" content=\"fr_FR\" \/>\n<meta property=\"og:type\" content=\"article\" \/>\n<meta property=\"og:title\" content=\"Un nouveau membre du CC et un nouveau membre d&#039;honneur\" \/>\n<meta property=\"og:description\" content=\"La journ\u00e9e de mardi a \u00e9t\u00e9 plac\u00e9e sous le signe de la boulangerie-confiserie artisanale et ponctu\u00e9e de temps forts. Le 138e congr\u00e8s de la BCS \u00e0 Berne a attir\u00e9 de nombreux participants.\" \/>\n<meta property=\"og:url\" content=\"https:\/\/swissbaker.ch\/fr\/panissimo-news\/un-nouveau-membre-du-cc-et-un-nouveau-membre-dhonneur\/\" \/>\n<meta property=\"og:site_name\" content=\"SBC\" \/>\n<meta property=\"article:publisher\" content=\"https:\/\/www.facebook.com\/swissbaker.ch\" \/>\n<meta property=\"article:published_time\" content=\"2024-06-05T12:11:28+00:00\" \/>\n<meta property=\"article:modified_time\" content=\"2024-06-05T13:48:47+00:00\" \/>\n<meta property=\"og:image\" content=\"https:\/\/swissbaker.ch\/wp-content\/uploads\/2024\/06\/11_2_kongress_willi_knobel.jpg\" \/>\n\t<meta property=\"og:image:width\" content=\"1200\" \/>\n\t<meta property=\"og:image:height\" content=\"712\" \/>\n\t<meta property=\"og:image:type\" content=\"image\/jpeg\" \/>\n<meta name=\"author\" content=\"Simon Nussbaum\" \/>\n<meta name=\"twitter:card\" content=\"summary_large_image\" \/>\n<meta name=\"twitter:creator\" content=\"@ch_swissbaker\" \/>\n<meta name=\"twitter:site\" content=\"@ch_swissbaker\" \/>\n<meta name=\"twitter:label1\" content=\"Written by\" \/>\n\t<meta name=\"twitter:data1\" content=\"Simon Nussbaum\" \/>\n\t<meta name=\"twitter:label2\" content=\"Est. reading time\" \/>\n\t<meta name=\"twitter:data2\" content=\"1 minute\" \/>\n<script type=\"application\/ld+json\" class=\"yoast-schema-graph\">{\"@context\":\"https:\/\/schema.org\",\"@graph\":[{\"@type\":\"Article\",\"@id\":\"https:\/\/swissbaker.ch\/fr\/panissimo-news\/un-nouveau-membre-du-cc-et-un-nouveau-membre-dhonneur\/#article\",\"isPartOf\":{\"@id\":\"https:\/\/swissbaker.ch\/fr\/panissimo-news\/un-nouveau-membre-du-cc-et-un-nouveau-membre-dhonneur\/\"},\"author\":{\"name\":\"Simon Nussbaum\",\"@id\":\"https:\/\/swissbaker.ch\/fr\/#\/schema\/person\/74bd327b08c18ca6042c02ff6f0ed5e2\"},\"headline\":\"Un nouveau membre du CC et un nouveau membre d&#8217;honneur\",\"datePublished\":\"2024-06-05T12:11:28+00:00\",\"dateModified\":\"2024-06-05T13:48:47+00:00\",\"mainEntityOfPage\":{\"@id\":\"https:\/\/swissbaker.ch\/fr\/panissimo-news\/un-nouveau-membre-du-cc-et-un-nouveau-membre-dhonneur\/\"},\"wordCount\":155,\"publisher\":{\"@id\":\"https:\/\/swissbaker.ch\/fr\/#organization\"},\"image\":{\"@id\":\"https:\/\/swissbaker.ch\/fr\/panissimo-news\/un-nouveau-membre-du-cc-et-un-nouveau-membre-dhonneur\/#primaryimage\"},\"thumbnailUrl\":\"https:\/\/swissbaker.ch\/wp-content\/uploads\/2024\/06\/11_2_kongress_willi_knobel.jpg\",\"articleSection\":[\"Association\"],\"inLanguage\":\"fr-FR\"},{\"@type\":\"WebPage\",\"@id\":\"https:\/\/swissbaker.ch\/fr\/panissimo-news\/un-nouveau-membre-du-cc-et-un-nouveau-membre-dhonneur\/\",\"url\":\"https:\/\/swissbaker.ch\/fr\/panissimo-news\/un-nouveau-membre-du-cc-et-un-nouveau-membre-dhonneur\/\",\"name\":\"Un nouveau membre du CC et un nouveau membre d'honneur | SBC\",\"isPartOf\":{\"@id\":\"https:\/\/swissbaker.ch\/fr\/#website\"},\"primaryImageOfPage\":{\"@id\":\"https:\/\/swissbaker.ch\/fr\/panissimo-news\/un-nouveau-membre-du-cc-et-un-nouveau-membre-dhonneur\/#primaryimage\"},\"image\":{\"@id\":\"https:\/\/swissbaker.ch\/fr\/panissimo-news\/un-nouveau-membre-du-cc-et-un-nouveau-membre-dhonneur\/#primaryimage\"},\"thumbnailUrl\":\"https:\/\/swissbaker.ch\/wp-content\/uploads\/2024\/06\/11_2_kongress_willi_knobel.jpg\",\"datePublished\":\"2024-06-05T12:11:28+00:00\",\"dateModified\":\"2024-06-05T13:48:47+00:00\",\"breadcrumb\":{\"@id\":\"https:\/\/swissbaker.ch\/fr\/panissimo-news\/un-nouveau-membre-du-cc-et-un-nouveau-membre-dhonneur\/#breadcrumb\"},\"inLanguage\":\"fr-FR\",\"potentialAction\":[{\"@type\":\"ReadAction\",\"target\":[\"https:\/\/swissbaker.ch\/fr\/panissimo-news\/un-nouveau-membre-du-cc-et-un-nouveau-membre-dhonneur\/\"]}]},{\"@type\":\"ImageObject\",\"inLanguage\":\"fr-FR\",\"@id\":\"https:\/\/swissbaker.ch\/fr\/panissimo-news\/un-nouveau-membre-du-cc-et-un-nouveau-membre-dhonneur\/#primaryimage\",\"url\":\"https:\/\/swissbaker.ch\/wp-content\/uploads\/2024\/06\/11_2_kongress_willi_knobel.jpg\",\"contentUrl\":\"https:\/\/swissbaker.ch\/wp-content\/uploads\/2024\/06\/11_2_kongress_willi_knobel.jpg\",\"width\":1200,\"height\":712},{\"@type\":\"BreadcrumbList\",\"@id\":\"https:\/\/swissbaker.ch\/fr\/panissimo-news\/un-nouveau-membre-du-cc-et-un-nouveau-membre-dhonneur\/#breadcrumb\",\"itemListElement\":[{\"@type\":\"ListItem\",\"position\":1,\"name\":\"\",\"item\":\"https:\/\/swissbaker.ch\/fr\/\"},{\"@type\":\"ListItem\",\"position\":2,\"name\":\"Association\",\"item\":\"https:\/\/swissbaker.ch\/fr\/panissimo-news\/category\/association\/\"},{\"@type\":\"ListItem\",\"position\":3,\"name\":\"Un nouveau membre du CC et un nouveau membre d&#8217;honneur\"}]},{\"@type\":\"WebSite\",\"@id\":\"https:\/\/swissbaker.ch\/fr\/#website\",\"url\":\"https:\/\/swissbaker.ch\/fr\/\",\"name\":\"SBC\",\"description\":\"\",\"publisher\":{\"@id\":\"https:\/\/swissbaker.ch\/fr\/#organization\"},\"potentialAction\":[{\"@type\":\"SearchAction\",\"target\":{\"@type\":\"EntryPoint\",\"urlTemplate\":\"https:\/\/swissbaker.ch\/fr\/?s={search_term_string}\"},\"query-input\":{\"@type\":\"PropertyValueSpecification\",\"valueRequired\":true,\"valueName\":\"search_term_string\"}}],\"inLanguage\":\"fr-FR\"},{\"@type\":\"Organization\",\"@id\":\"https:\/\/swissbaker.ch\/fr\/#organization\",\"name\":\"Schweizerischer B\u00e4cker-Confiseurmeister-Verband\",\"url\":\"https:\/\/swissbaker.ch\/fr\/\",\"logo\":{\"@type\":\"ImageObject\",\"inLanguage\":\"fr-FR\",\"@id\":\"https:\/\/swissbaker.ch\/fr\/#\/schema\/logo\/image\/\",\"url\":\"https:\/\/swissbaker.ch\/wp-content\/uploads\/2022\/04\/sbc-logo-yoast.jpg\",\"contentUrl\":\"https:\/\/swissbaker.ch\/wp-content\/uploads\/2022\/04\/sbc-logo-yoast.jpg\",\"width\":512,\"height\":512,\"caption\":\"Schweizerischer B\u00e4cker-Confiseurmeister-Verband\"},\"image\":{\"@id\":\"https:\/\/swissbaker.ch\/fr\/#\/schema\/logo\/image\/\"},\"sameAs\":[\"https:\/\/www.facebook.com\/swissbaker.ch\",\"https:\/\/x.com\/ch_swissbaker\"]},{\"@type\":\"Person\",\"@id\":\"https:\/\/swissbaker.ch\/fr\/#\/schema\/person\/74bd327b08c18ca6042c02ff6f0ed5e2\",\"name\":\"Simon Nussbaum\",\"image\":{\"@type\":\"ImageObject\",\"inLanguage\":\"fr-FR\",\"@id\":\"https:\/\/swissbaker.ch\/fr\/#\/schema\/person\/image\/\",\"url\":\"https:\/\/secure.gravatar.com\/avatar\/df0eced3bb556c806cb760cf503ade1ed1df25b4104d80d6fd28d93a9509aa12?s=96&d=mm&r=g\",\"contentUrl\":\"https:\/\/secure.gravatar.com\/avatar\/df0eced3bb556c806cb760cf503ade1ed1df25b4104d80d6fd28d93a9509aa12?s=96&d=mm&r=g\",\"caption\":\"Simon Nussbaum\"},\"url\":\"https:\/\/swissbaker.ch\/fr\/panissimo-news\/author\/simon-nussbaum\/\"}]}<\/script>\n<!-- \/ Yoast SEO Premium plugin. -->","yoast_head_json":{"title":"Un nouveau membre du CC et un nouveau membre d'honneur | SBC","robots":{"index":"index","follow":"follow","max-snippet":"max-snippet:-1","max-image-preview":"max-image-preview:large","max-video-preview":"max-video-preview:-1"},"canonical":"https:\/\/swissbaker.ch\/fr\/panissimo-news\/un-nouveau-membre-du-cc-et-un-nouveau-membre-dhonneur\/","og_locale":"fr_FR","og_type":"article","og_title":"Un nouveau membre du CC et un nouveau membre d'honneur","og_description":"La journ\u00e9e de mardi a \u00e9t\u00e9 plac\u00e9e sous le signe de la boulangerie-confiserie artisanale et ponctu\u00e9e de temps forts. Le 138e congr\u00e8s de la BCS \u00e0 Berne a attir\u00e9 de nombreux participants.","og_url":"https:\/\/swissbaker.ch\/fr\/panissimo-news\/un-nouveau-membre-du-cc-et-un-nouveau-membre-dhonneur\/","og_site_name":"SBC","article_publisher":"https:\/\/www.facebook.com\/swissbaker.ch","article_published_time":"2024-06-05T12:11:28+00:00","article_modified_time":"2024-06-05T13:48:47+00:00","og_image":[{"width":1200,"height":712,"url":"https:\/\/swissbaker.ch\/wp-content\/uploads\/2024\/06\/11_2_kongress_willi_knobel.jpg","type":"image\/jpeg"}],"author":"Simon Nussbaum","twitter_card":"summary_large_image","twitter_creator":"@ch_swissbaker","twitter_site":"@ch_swissbaker","twitter_misc":{"Written by":"Simon Nussbaum","Est. reading time":"1 minute"},"schema":{"@context":"https:\/\/schema.org","@graph":[{"@type":"Article","@id":"https:\/\/swissbaker.ch\/fr\/panissimo-news\/un-nouveau-membre-du-cc-et-un-nouveau-membre-dhonneur\/#article","isPartOf":{"@id":"https:\/\/swissbaker.ch\/fr\/panissimo-news\/un-nouveau-membre-du-cc-et-un-nouveau-membre-dhonneur\/"},"author":{"name":"Simon Nussbaum","@id":"https:\/\/swissbaker.ch\/fr\/#\/schema\/person\/74bd327b08c18ca6042c02ff6f0ed5e2"},"headline":"Un nouveau membre du CC et un nouveau membre d&#8217;honneur","datePublished":"2024-06-05T12:11:28+00:00","dateModified":"2024-06-05T13:48:47+00:00","mainEntityOfPage":{"@id":"https:\/\/swissbaker.ch\/fr\/panissimo-news\/un-nouveau-membre-du-cc-et-un-nouveau-membre-dhonneur\/"},"wordCount":155,"publisher":{"@id":"https:\/\/swissbaker.ch\/fr\/#organization"},"image":{"@id":"https:\/\/swissbaker.ch\/fr\/panissimo-news\/un-nouveau-membre-du-cc-et-un-nouveau-membre-dhonneur\/#primaryimage"},"thumbnailUrl":"https:\/\/swissbaker.ch\/wp-content\/uploads\/2024\/06\/11_2_kongress_willi_knobel.jpg","articleSection":["Association"],"inLanguage":"fr-FR"},{"@type":"WebPage","@id":"https:\/\/swissbaker.ch\/fr\/panissimo-news\/un-nouveau-membre-du-cc-et-un-nouveau-membre-dhonneur\/","url":"https:\/\/swissbaker.ch\/fr\/panissimo-news\/un-nouveau-membre-du-cc-et-un-nouveau-membre-dhonneur\/","name":"Un nouveau membre du CC et un nouveau membre d'honneur | SBC","isPartOf":{"@id":"https:\/\/swissbaker.ch\/fr\/#website"},"primaryImageOfPage":{"@id":"https:\/\/swissbaker.ch\/fr\/panissimo-news\/un-nouveau-membre-du-cc-et-un-nouveau-membre-dhonneur\/#primaryimage"},"image":{"@id":"https:\/\/swissbaker.ch\/fr\/panissimo-news\/un-nouveau-membre-du-cc-et-un-nouveau-membre-dhonneur\/#primaryimage"},"thumbnailUrl":"https:\/\/swissbaker.ch\/wp-content\/uploads\/2024\/06\/11_2_kongress_willi_knobel.jpg","datePublished":"2024-06-05T12:11:28+00:00","dateModified":"2024-06-05T13:48:47+00:00","breadcrumb":{"@id":"https:\/\/swissbaker.ch\/fr\/panissimo-news\/un-nouveau-membre-du-cc-et-un-nouveau-membre-dhonneur\/#breadcrumb"},"inLanguage":"fr-FR","potentialAction":[{"@type":"ReadAction","target":["https:\/\/swissbaker.ch\/fr\/panissimo-news\/un-nouveau-membre-du-cc-et-un-nouveau-membre-dhonneur\/"]}]},{"@type":"ImageObject","inLanguage":"fr-FR","@id":"https:\/\/swissbaker.ch\/fr\/panissimo-news\/un-nouveau-membre-du-cc-et-un-nouveau-membre-dhonneur\/#primaryimage","url":"https:\/\/swissbaker.ch\/wp-content\/uploads\/2024\/06\/11_2_kongress_willi_knobel.jpg","contentUrl":"https:\/\/swissbaker.ch\/wp-content\/uploads\/2024\/06\/11_2_kongress_willi_knobel.jpg","width":1200,"height":712},{"@type":"BreadcrumbList","@id":"https:\/\/swissbaker.ch\/fr\/panissimo-news\/un-nouveau-membre-du-cc-et-un-nouveau-membre-dhonneur\/#breadcrumb","itemListElement":[{"@type":"ListItem","position":1,"name":"","item":"https:\/\/swissbaker.ch\/fr\/"},{"@type":"ListItem","position":2,"name":"Association","item":"https:\/\/swissbaker.ch\/fr\/panissimo-news\/category\/association\/"},{"@type":"ListItem","position":3,"name":"Un nouveau membre du CC et un nouveau membre d&#8217;honneur"}]},{"@type":"WebSite","@id":"https:\/\/swissbaker.ch\/fr\/#website","url":"https:\/\/swissbaker.ch\/fr\/","name":"SBC","description":"","publisher":{"@id":"https:\/\/swissbaker.ch\/fr\/#organization"},"potentialAction":[{"@type":"SearchAction","target":{"@type":"EntryPoint","urlTemplate":"https:\/\/swissbaker.ch\/fr\/?s={search_term_string}"},"query-input":{"@type":"PropertyValueSpecification","valueRequired":true,"valueName":"search_term_string"}}],"inLanguage":"fr-FR"},{"@type":"Organization","@id":"https:\/\/swissbaker.ch\/fr\/#organization","name":"Schweizerischer B\u00e4cker-Confiseurmeister-Verband","url":"https:\/\/swissbaker.ch\/fr\/","logo":{"@type":"ImageObject","inLanguage":"fr-FR","@id":"https:\/\/swissbaker.ch\/fr\/#\/schema\/logo\/image\/","url":"https:\/\/swissbaker.ch\/wp-content\/uploads\/2022\/04\/sbc-logo-yoast.jpg","contentUrl":"https:\/\/swissbaker.ch\/wp-content\/uploads\/2022\/04\/sbc-logo-yoast.jpg","width":512,"height":512,"caption":"Schweizerischer B\u00e4cker-Confiseurmeister-Verband"},"image":{"@id":"https:\/\/swissbaker.ch\/fr\/#\/schema\/logo\/image\/"},"sameAs":["https:\/\/www.facebook.com\/swissbaker.ch","https:\/\/x.com\/ch_swissbaker"]},{"@type":"Person","@id":"https:\/\/swissbaker.ch\/fr\/#\/schema\/person\/74bd327b08c18ca6042c02ff6f0ed5e2","name":"Simon Nussbaum","image":{"@type":"ImageObject","inLanguage":"fr-FR","@id":"https:\/\/swissbaker.ch\/fr\/#\/schema\/person\/image\/","url":"https:\/\/secure.gravatar.com\/avatar\/df0eced3bb556c806cb760cf503ade1ed1df25b4104d80d6fd28d93a9509aa12?s=96&d=mm&r=g","contentUrl":"https:\/\/secure.gravatar.com\/avatar\/df0eced3bb556c806cb760cf503ade1ed1df25b4104d80d6fd28d93a9509aa12?s=96&d=mm&r=g","caption":"Simon Nussbaum"},"url":"https:\/\/swissbaker.ch\/fr\/panissimo-news\/author\/simon-nussbaum\/"}]}},"_links":{"self":[{"href":"https:\/\/swissbaker.ch\/fr\/wp-json\/wp\/v2\/posts\/79766","targetHints":{"allow":["GET"]}}],"collection":[{"href":"https:\/\/swissbaker.ch\/fr\/wp-json\/wp\/v2\/posts"}],"about":[{"href":"https:\/\/swissbaker.ch\/fr\/wp-json\/wp\/v2\/types\/post"}],"author":[{"embeddable":true,"href":"https:\/\/swissbaker.ch\/fr\/wp-json\/wp\/v2\/users\/5"}],"replies":[{"embeddable":true,"href":"https:\/\/swissbaker.ch\/fr\/wp-json\/wp\/v2\/comments?post=79766"}],"version-history":[{"count":0,"href":"https:\/\/swissbaker.ch\/fr\/wp-json\/wp\/v2\/posts\/79766\/revisions"}],"wp:featuredmedia":[{"embeddable":true,"href":"https:\/\/swissbaker.ch\/fr\/wp-json\/wp\/v2\/media\/79764"}],"wp:attachment":[{"href":"https:\/\/swissbaker.ch\/fr\/wp-json\/wp\/v2\/media?parent=79766"}],"wp:term":[{"taxonomy":"category","embeddable":true,"href":"https:\/\/swissbaker.ch\/fr\/wp-json\/wp\/v2\/categories?post=79766"},{"taxonomy":"post_tag","embeddable":true,"href":"https:\/\/swissbaker.ch\/fr\/wp-json\/wp\/v2\/tags?post=79766"}],"curies":[{"name":"wp","href":"https:\/\/api.w.org\/{rel}","templated":true}]}}