{"id":79593,"date":"2024-06-04T20:40:17","date_gmt":"2024-06-04T18:40:17","guid":{"rendered":"https:\/\/swissbaker.ch\/?p=79593"},"modified":"2024-06-06T13:45:32","modified_gmt":"2024-06-06T11:45:32","slug":"la-couronne-boulangere-2024-decernee-a-piraten-backerei-sollberger","status":"publish","type":"post","link":"https:\/\/swissbaker.ch\/fr\/panissimo-news\/la-couronne-boulangere-2024-decernee-a-piraten-backerei-sollberger\/","title":{"rendered":"La \u00abcouronne boulang\u00e8re 2024\u00bb d\u00e9cern\u00e9e \u00e0 Piraten-B\u00e4ckerei Sollberger"},"content":{"rendered":"\n<p><strong>La distinction nationale du secteur qu\u2019est la \u00abcouronne boulang\u00e8re\u00bb a \u00e9t\u00e9 remise cette ann\u00e9e \u00e0 Piraten-B\u00e4ckerei Sollberger, \u00e0 Gontenschwil (AG). Tr\u00e8s engag\u00e9 depuis des ann\u00e9es en faveur de la rel\u00e8ve professionnelle, le couple de propri\u00e9taires Stefanie et Kevin Sollberger a su oser hisser les voiles diff\u00e9remment et r\u00e9organiser sa boulangerie-p\u00e2tisserie avec succ\u00e8s, sous la banni\u00e8re des \u00abpirates\u00bb. Les places d\u2019honneur sont revenues \u00e0 Gut\u2019s Genuss GmbH, \u00e0 Wolfenschiessen (NW), et \u00e0 Toggenburger Brothandwerk GmbH, \u00e0 Neu St. Johann (SG).<\/strong><\/p>\n\n\n\n<p>Inventivit\u00e9, professionnalisme, talent et engagement extraordinaire sont les ma\u00eetres mots de la distinction que repr\u00e9sente la \u00abcouronne boulang\u00e8re\u00bb \u2013 dot\u00e9e d\u2019un prix de 15&#8217;000 francs. L\u2019Association suisse des patrons boulangers-confiseurs (BCS) et l\u2019Union suisse de la levure (SHV) ont, le 4 juin 2024, d\u00e9cern\u00e9 pour la douzi\u00e8me fois d\u00e9j\u00e0 le prix cr\u00e9\u00e9 par cette derni\u00e8re. Cette distinction r\u00e9compense des id\u00e9es et des actions sociales, \u00e9conomiques, professionnelles ou \u00e9cologiques.<\/p>\n\n\n\n<figure class=\"wp-block-image size-large\"><img decoding=\"async\" width=\"1024\" height=\"683\" src=\"https:\/\/swissbaker.ch\/wp-content\/uploads\/2024\/06\/baeckerkrone_2024-9-1024x683.jpg\" alt=\"\" class=\"wp-image-79502\" srcset=\"https:\/\/swissbaker.ch\/wp-content\/uploads\/2024\/06\/baeckerkrone_2024-9-1024x683.jpg 1024w, https:\/\/swissbaker.ch\/wp-content\/uploads\/2024\/06\/baeckerkrone_2024-9-768x512.jpg 768w, https:\/\/swissbaker.ch\/wp-content\/uploads\/2024\/06\/baeckerkrone_2024-9.jpg 1200w\" sizes=\"(max-width: 1024px) 100vw, 1024px\" \/><figcaption class=\"wp-element-caption\"><em>Gagnant et gagnante de la \u00ab couronne boulang\u00e8re 2024 \u00bb : Boulangerie pirate Sollberger, Stefanie et Kevin Sollberger avec leurs enfants.<\/em><\/figcaption><\/figure>\n\n\n\n<h2 class=\"wp-block-heading\" id=\"h-just-do-it-and-go-for-it\">\u00abJust do it and go for it\u00bb<\/h2>\n\n\n\n<p>\u00abLe \u2018boulanger pirate\u2019 remporte la couronne boulang\u00e8re en haute mer\u00bb: l\u2019objectif fix\u00e9 devient r\u00e9alit\u00e9 pour l&#8217;\u00e9quipage argovien de Kevin Sollberger qui, en collaboration avec son \u00e9pouse Stefanie, copropri\u00e9taire et sp\u00e9cialiste du commerce de d\u00e9tail en boulangerie-confiserie, surfe sur la vague succ\u00e8s depuis 2018, avec sa boulangerie se voulant un bastion de pirates. \u00abJust do it and go for it\u00bb, tel est le credo de Captain Tscheggee, alias Kevin Sollberger. A Gontenschwil (AG), Piraten-B\u00e4ckerei Sollberger essaie toujours de faire les choses diff\u00e9remment, avec r\u00e9ussite \u00e0 la cl\u00e9. La r\u00e9organisation sous l\u2019enseigne de la piraterie a fait qu\u2019au d\u00e9but, on s\u2019est un peu moqu\u00e9 du couple de propri\u00e9taires \u2013 mais maintenant on l\u2019admire plut\u00f4t, a confi\u00e9 Kevin Sollberger dans le magazine sectoriel \u00abPanissimo\u00bb.<\/p>\n\n\n\n<p>L&#8217;\u00e9quipage propose une exp\u00e9rience d&#8217;achat pirate pour petits et grands, avec pour objectif bonheur et sant\u00e9 \u00e0 bord. \u00abNous c\u00e9l\u00e9brons nos beaux m\u00e9tiers avec passion et \u00e9nergie positive. Car c\u2019est le seul moyen de transmettre le feu sacr\u00e9 \u00e0 la g\u00e9n\u00e9ration suivante et \u00e0 notre admirable client\u00e8le, pour en faire de grands fans du secteur de la boulangerie-confiserie!\u00bb, d\u00e9clarent les deux laur\u00e9ats de la \u00abcouronne boulang\u00e8re\u00bb pour r\u00e9sumer leur grand engagement en faveur de la rel\u00e8ve professionnelle et du secteur.<\/p>\n\n\n\n<figure class=\"wp-block-embed is-type-video is-provider-youtube wp-block-embed-youtube wp-embed-aspect-16-9 wp-has-aspect-ratio\"><div class=\"wp-block-embed__wrapper\">\n<iframe title=\"Preisverleihung B\u00e4ckerkrone 2024\" width=\"800\" height=\"450\" src=\"https:\/\/www.youtube.com\/embed\/DM0KAafPMAU?feature=oembed\" frameborder=\"0\" allow=\"accelerometer; autoplay; clipboard-write; encrypted-media; gyroscope; picture-in-picture; web-share\" referrerpolicy=\"strict-origin-when-cross-origin\" allowfullscreen><\/iframe>\n<\/div><figcaption class=\"wp-element-caption\"><em>Remise de la Couronne boulang\u00e8re 2024<\/em><\/figcaption><\/figure>\n\n\n\n<h2 class=\"wp-block-heading\" id=\"h-acteur-cle-de-la-campagne-de-promotion-de-la-releve-de-la-bcs\">Acteur cl\u00e9 de la campagne de promotion de la rel\u00e8ve de la BCS<\/h2>\n\n\n\n<p>Elu meilleur formateur de l&#8217;ann\u00e9e 2023 dans la cat\u00e9gorie boulangerie-p\u00e2tisserie-confiserie, Kevin Sollberger est au demeurant un acteur cl\u00e9 de la quatri\u00e8me vague de l\u2019actuelle campagne de promotion de la rel\u00e8ve de la BCS (<a href=\"http:\/\/forme-ton-avenir.ch\" target=\"_blank\" rel=\"noreferrer noopener\">forme-ton-avenir.ch<\/a>). L\u2019entreprise forme depuis de nombreuses ann\u00e9es d&#8217;excellents apprentis et apprenties, dont la championne du monde (2017) en boulangerie-p\u00e2tisserie Ramona Bolliger et diff\u00e9rents participants et participantes aux SwissSkills. Les propri\u00e9taires de l&#8217;entreprise familiale fond\u00e9e en 1929 ont \u00e0 coeur de former des apprentis et apprenties depuis des g\u00e9n\u00e9rations.<\/p>\n\n\n\n<p>\u00abIl fallait absolument r\u00e9compenser la passion et les id\u00e9es novatrices du couple de pirates selon le jury, qui a \u00e9galement \u00e9t\u00e9 convaincu par son grand engagement en faveur de la rel\u00e8ve\u00bb, a d\u00e9clar\u00e9 la pr\u00e9sidente du jury Nicole Emmenegger.<br><br><strong>Outre Piraten-B\u00e4ckerei Sollberger (AG), les deux heureuses entreprises ci-apr\u00e8s faisaient \u00e9galement partie des finalistes de la \u00abcouronne boulang\u00e8re 2024\u00bb.<\/strong><\/p>\n\n\n\n<h3 class=\"wp-block-heading\" id=\"h-gut-s-genuss-gmbh-wolfenschiessen-nw-a-wolfenschiessen-nw\">Gut\u2019s Genuss GmbH, Wolfenschiessen (NW) A Wolfenschiessen (NW)<\/h3>\n\n\n<div class=\"wp-block-image\">\n<figure class=\"aligncenter size-large\"><img decoding=\"async\" width=\"1024\" height=\"683\" src=\"https:\/\/swissbaker.ch\/wp-content\/uploads\/2024\/06\/bild_4_guts_genuss-1024x683.jpg\" alt=\"\" class=\"wp-image-79559\" srcset=\"https:\/\/swissbaker.ch\/wp-content\/uploads\/2024\/06\/bild_4_guts_genuss-1024x683.jpg 1024w, https:\/\/swissbaker.ch\/wp-content\/uploads\/2024\/06\/bild_4_guts_genuss-768x512.jpg 768w, https:\/\/swissbaker.ch\/wp-content\/uploads\/2024\/06\/bild_4_guts_genuss-1536x1024.jpg 1536w, https:\/\/swissbaker.ch\/wp-content\/uploads\/2024\/06\/bild_4_guts_genuss-2048x1365.jpg 2048w\" sizes=\"(max-width: 1024px) 100vw, 1024px\" \/><figcaption class=\"wp-element-caption\"><em>Regina Gut (Gut\u2019s Genuss GmbH, Mitte) avec leur Team<\/em><\/figcaption><\/figure>\n<\/div>\n\n\n<p>Gut\u2019s Genuss r\u00e9unit deux artisanats sous son toit: outre le fournil, Regina Gut, boulang\u00e8re-p\u00e2tissi\u00e8re de formation, dirige en effet sa propre charcuterie. Appr\u00e9ci\u00e9s dans les deux secteurs, les produits de charcuterie et de boulangerie de l\u2019entreprise ont d\u2019ores et d\u00e9j\u00e0 brill\u00e9 tant au Swiss Bakery Trophy qu\u2019au concours suisse des m\u00e9tiers de la viande. Regina Gut a toutefois un faible particulier pour la boulangerie-confiserie, comme le montre son engagement dans la branche: pr\u00e9sidente des boulangers-confiseurs obwaldiens et nidwaldiens, elle fait \u00e9galement partie des membres fondateurs du label de qualit\u00e9 chornwald.ch.<\/p>\n\n\n\n<h3 class=\"wp-block-heading\" id=\"h-toggenburger-brothandwerk-gmbh-neu-st-johann-sg\">Toggenburger Brothandwerk GmbH, Neu St. Johann (SG)<\/h3>\n\n\n\n<figure class=\"wp-block-image size-large\"><img decoding=\"async\" width=\"1024\" height=\"683\" src=\"https:\/\/swissbaker.ch\/wp-content\/uploads\/2024\/06\/bild_3_toggenburger_brothandwerk-1024x683.jpg\" alt=\"\" class=\"wp-image-79557\" srcset=\"https:\/\/swissbaker.ch\/wp-content\/uploads\/2024\/06\/bild_3_toggenburger_brothandwerk-1024x683.jpg 1024w, https:\/\/swissbaker.ch\/wp-content\/uploads\/2024\/06\/bild_3_toggenburger_brothandwerk-768x512.jpg 768w, https:\/\/swissbaker.ch\/wp-content\/uploads\/2024\/06\/bild_3_toggenburger_brothandwerk-1536x1024.jpg 1536w, https:\/\/swissbaker.ch\/wp-content\/uploads\/2024\/06\/bild_3_toggenburger_brothandwerk-2048x1365.jpg 2048w\" sizes=\"(max-width: 1024px) 100vw, 1024px\" \/><figcaption class=\"wp-element-caption\"><em>Nadine Jud und Manuel Hinder (Toggenburger Brothandwerk GmbH, Mitte) et les membres du jury<\/em><\/figcaption><\/figure>\n\n\n\n<p>Propri\u00e9taire de sa boulangerie depuis moins de deux ans et d\u00e9j\u00e0 finaliste de la \u00abcouronne boulang\u00e8re\u00bb. Quel est le secret de Manuel Hinder, qui dirige Toggenburger Brothandwerk \u00e0 Neu St. Johann (SG)? Peut-\u00eatre son ing\u00e9nieux slogan \u00abBack to the Roots\u00bb \u2013 pr\u00f4nant un retour aux sources de la boulangerie. Ou son assortiment de pains audacieux, dont les cr\u00e9ations originales Tonka Tonka, Beschwipste Feige, Kernen Kurkuma pour ne citer qu\u2019elles, qui l&#8217;a catapult\u00e9 dans le top 10 des boulangeries suisses pr\u00e9f\u00e9r\u00e9es dans le sondage r\u00e9alis\u00e9 par \u00ab20 minutes\u00bb aupr\u00e8s de son lectorat.<\/p>\n\n\n\n<h3 class=\"wp-block-heading\" id=\"h-50-boulangeries-confiseries-en-lice\">50 boulangeries-confiseries en lice<\/h3>\n\n\n\n<p>Au total, 50 entreprises de boulangerie-confiserie \u00e9taient en lice \u2013 apr\u00e8s nomination par des clients et clientes ou d\u00e9p\u00f4t d\u2019un dossier de candidature. Une d\u00e9l\u00e9gation du jury \u2013 comprenant la pr\u00e9sidente du jury Nicole Emmenegger (directrice de SHV), Daniel Daepp (directeur de Klipfel Levure SA), Sandro Meier (directeur de Levure Suisse SA), Silvan Hotz (pr\u00e9sident de la BCS), Urs Wellauer-Boschung (directeur de la BCS) et Lisa Frunz (membre du comit\u00e9 central de la BCS) \u2013 s\u2019est rendue dans les entreprises pr\u00e9s\u00e9lectionn\u00e9es en vue de les \u00e9valuer.<\/p>\n\n\n\n<p>La SHV et la BCS f\u00e9licitent tous les nomin\u00e9s et nomin\u00e9es, ainsi que le laur\u00e9at de la \u00abcouronne boulang\u00e8re 2024\u00bb, et leur souhaitent plein succ\u00e8s pour l\u2018avenir.<\/p>\n\n\n\n<p><a href=\"https:\/\/swissbaker.ch\/fr\/panissimo-news\/galerie\/remise-de-la-couronne-boulangere-2024\/\" target=\"_blank\" rel=\"noreferrer noopener\">Galerie de photos&#8230;\u00bb<\/a><\/p>\n\n\n\n<p><a href=\"https:\/\/swissbaker.ch\/fr\/communique-de-presse\/la-couronne-boulangere-2024-decernee-a-piraten-backerei-sollberger-ag\/\" target=\"_blank\" rel=\"noreferrer noopener\">Communiqu\u00e9 de presse&#8230;\u00bb<\/a><\/p>\n\n\n\n<p class=\"has-text-align-right\"><em>BCS<\/em><\/p>\n","protected":false},"excerpt":{"rendered":"<p>La distinction nationale du secteur qu\u2019est la \u00abcouronne boulang\u00e8re\u00bb a \u00e9t\u00e9 remise cette ann\u00e9e \u00e0 Piraten-B\u00e4ckerei Sollberger, \u00e0 Gontenschwil (AG). Tr\u00e8s engag\u00e9 depuis des ann\u00e9es en faveur de la rel\u00e8ve professionnelle, le couple de propri\u00e9taires Stefanie et Kevin Sollberger a su oser hisser les voiles diff\u00e9remment et r\u00e9organiser sa boulangerie-p\u00e2tisserie avec succ\u00e8s, sous la banni\u00e8re des \u00abpirates\u00bb. Les places d\u2019honneur sont revenues \u00e0 Gut\u2019s Genuss GmbH, \u00e0 Wolfenschiessen (NW), et \u00e0 Toggenburger Brothandwerk GmbH, \u00e0 Neu St. Johann (SG).<\/p>\n","protected":false},"author":5,"featured_media":79591,"comment_status":"closed","ping_status":"closed","sticky":true,"template":"","format":"standard","meta":{"_acf_changed":false,"footnotes":""},"categories":[41,42],"tags":[],"class_list":["post-79593","post","type-post","status-publish","format-standard","has-post-thumbnail","hentry","category-association","category-boulangeries-confiseries"],"acf":[],"yoast_head":"<!-- This site is optimized with the Yoast SEO Premium plugin v26.8 (Yoast SEO v26.8) - https:\/\/yoast.com\/product\/yoast-seo-premium-wordpress\/ -->\n<title>La \u00abcouronne boulang\u00e8re 2024\u00bb d\u00e9cern\u00e9e \u00e0 Piraten-B\u00e4ckerei Sollberger | SBC<\/title>\n<meta name=\"description\" content=\"Tr\u00e8s engag\u00e9 depuis des ann\u00e9es en faveur de la rel\u00e8ve professionnelle, le couple de propri\u00e9taires Stefanie et Kevin Sollberger a su oser hisser les voiles diff\u00e9remment.\" \/>\n<meta name=\"robots\" content=\"index, follow, max-snippet:-1, max-image-preview:large, max-video-preview:-1\" \/>\n<link rel=\"canonical\" href=\"https:\/\/swissbaker.ch\/fr\/panissimo-news\/la-couronne-boulangere-2024-decernee-a-piraten-backerei-sollberger\/\" \/>\n<meta property=\"og:locale\" content=\"fr_FR\" \/>\n<meta property=\"og:type\" content=\"article\" \/>\n<meta property=\"og:title\" content=\"La \u00abcouronne boulang\u00e8re 2024\u00bb d\u00e9cern\u00e9e \u00e0 Piraten-B\u00e4ckerei Sollberger\" \/>\n<meta property=\"og:description\" content=\"Tr\u00e8s engag\u00e9 depuis des ann\u00e9es en faveur de la rel\u00e8ve professionnelle, le couple de propri\u00e9taires Stefanie et Kevin Sollberger a su oser hisser les voiles diff\u00e9remment.\" \/>\n<meta property=\"og:url\" content=\"https:\/\/swissbaker.ch\/fr\/panissimo-news\/la-couronne-boulangere-2024-decernee-a-piraten-backerei-sollberger\/\" \/>\n<meta property=\"og:site_name\" content=\"SBC\" \/>\n<meta property=\"article:publisher\" content=\"https:\/\/www.facebook.com\/swissbaker.ch\" \/>\n<meta property=\"article:published_time\" content=\"2024-06-04T18:40:17+00:00\" \/>\n<meta property=\"article:modified_time\" content=\"2024-06-06T11:45:32+00:00\" \/>\n<meta property=\"og:image\" content=\"https:\/\/swissbaker.ch\/wp-content\/uploads\/2024\/06\/piratenbeck_web.jpg\" \/>\n\t<meta property=\"og:image:width\" content=\"1200\" \/>\n\t<meta property=\"og:image:height\" content=\"712\" \/>\n\t<meta property=\"og:image:type\" content=\"image\/jpeg\" \/>\n<meta name=\"author\" content=\"Simon Nussbaum\" \/>\n<meta name=\"twitter:card\" content=\"summary_large_image\" \/>\n<meta name=\"twitter:creator\" content=\"@ch_swissbaker\" \/>\n<meta name=\"twitter:site\" content=\"@ch_swissbaker\" \/>\n<meta name=\"twitter:label1\" content=\"Written by\" \/>\n\t<meta name=\"twitter:data1\" content=\"Simon Nussbaum\" \/>\n\t<meta name=\"twitter:label2\" content=\"Est. reading time\" \/>\n\t<meta name=\"twitter:data2\" content=\"5 minutes\" \/>\n<script type=\"application\/ld+json\" class=\"yoast-schema-graph\">{\"@context\":\"https:\/\/schema.org\",\"@graph\":[{\"@type\":\"Article\",\"@id\":\"https:\/\/swissbaker.ch\/fr\/panissimo-news\/la-couronne-boulangere-2024-decernee-a-piraten-backerei-sollberger\/#article\",\"isPartOf\":{\"@id\":\"https:\/\/swissbaker.ch\/fr\/panissimo-news\/la-couronne-boulangere-2024-decernee-a-piraten-backerei-sollberger\/\"},\"author\":{\"name\":\"Simon Nussbaum\",\"@id\":\"https:\/\/swissbaker.ch\/fr\/#\/schema\/person\/74bd327b08c18ca6042c02ff6f0ed5e2\"},\"headline\":\"La \u00abcouronne boulang\u00e8re 2024\u00bb d\u00e9cern\u00e9e \u00e0 Piraten-B\u00e4ckerei Sollberger\",\"datePublished\":\"2024-06-04T18:40:17+00:00\",\"dateModified\":\"2024-06-06T11:45:32+00:00\",\"mainEntityOfPage\":{\"@id\":\"https:\/\/swissbaker.ch\/fr\/panissimo-news\/la-couronne-boulangere-2024-decernee-a-piraten-backerei-sollberger\/\"},\"wordCount\":1002,\"publisher\":{\"@id\":\"https:\/\/swissbaker.ch\/fr\/#organization\"},\"image\":{\"@id\":\"https:\/\/swissbaker.ch\/fr\/panissimo-news\/la-couronne-boulangere-2024-decernee-a-piraten-backerei-sollberger\/#primaryimage\"},\"thumbnailUrl\":\"https:\/\/swissbaker.ch\/wp-content\/uploads\/2024\/06\/piratenbeck_web.jpg\",\"articleSection\":[\"Association\",\"Boulangeries\/Confiseries\"],\"inLanguage\":\"fr-FR\"},{\"@type\":\"WebPage\",\"@id\":\"https:\/\/swissbaker.ch\/fr\/panissimo-news\/la-couronne-boulangere-2024-decernee-a-piraten-backerei-sollberger\/\",\"url\":\"https:\/\/swissbaker.ch\/fr\/panissimo-news\/la-couronne-boulangere-2024-decernee-a-piraten-backerei-sollberger\/\",\"name\":\"La \u00abcouronne boulang\u00e8re 2024\u00bb d\u00e9cern\u00e9e \u00e0 Piraten-B\u00e4ckerei Sollberger | SBC\",\"isPartOf\":{\"@id\":\"https:\/\/swissbaker.ch\/fr\/#website\"},\"primaryImageOfPage\":{\"@id\":\"https:\/\/swissbaker.ch\/fr\/panissimo-news\/la-couronne-boulangere-2024-decernee-a-piraten-backerei-sollberger\/#primaryimage\"},\"image\":{\"@id\":\"https:\/\/swissbaker.ch\/fr\/panissimo-news\/la-couronne-boulangere-2024-decernee-a-piraten-backerei-sollberger\/#primaryimage\"},\"thumbnailUrl\":\"https:\/\/swissbaker.ch\/wp-content\/uploads\/2024\/06\/piratenbeck_web.jpg\",\"datePublished\":\"2024-06-04T18:40:17+00:00\",\"dateModified\":\"2024-06-06T11:45:32+00:00\",\"description\":\"Tr\u00e8s engag\u00e9 depuis des ann\u00e9es en faveur de la rel\u00e8ve professionnelle, le couple de propri\u00e9taires Stefanie et Kevin Sollberger a su oser hisser les voiles diff\u00e9remment.\",\"breadcrumb\":{\"@id\":\"https:\/\/swissbaker.ch\/fr\/panissimo-news\/la-couronne-boulangere-2024-decernee-a-piraten-backerei-sollberger\/#breadcrumb\"},\"inLanguage\":\"fr-FR\",\"potentialAction\":[{\"@type\":\"ReadAction\",\"target\":[\"https:\/\/swissbaker.ch\/fr\/panissimo-news\/la-couronne-boulangere-2024-decernee-a-piraten-backerei-sollberger\/\"]}]},{\"@type\":\"ImageObject\",\"inLanguage\":\"fr-FR\",\"@id\":\"https:\/\/swissbaker.ch\/fr\/panissimo-news\/la-couronne-boulangere-2024-decernee-a-piraten-backerei-sollberger\/#primaryimage\",\"url\":\"https:\/\/swissbaker.ch\/wp-content\/uploads\/2024\/06\/piratenbeck_web.jpg\",\"contentUrl\":\"https:\/\/swissbaker.ch\/wp-content\/uploads\/2024\/06\/piratenbeck_web.jpg\",\"width\":1200,\"height\":712},{\"@type\":\"BreadcrumbList\",\"@id\":\"https:\/\/swissbaker.ch\/fr\/panissimo-news\/la-couronne-boulangere-2024-decernee-a-piraten-backerei-sollberger\/#breadcrumb\",\"itemListElement\":[{\"@type\":\"ListItem\",\"position\":1,\"name\":\"\",\"item\":\"https:\/\/swissbaker.ch\/fr\/\"},{\"@type\":\"ListItem\",\"position\":2,\"name\":\"Association\",\"item\":\"https:\/\/swissbaker.ch\/fr\/panissimo-news\/category\/association\/\"},{\"@type\":\"ListItem\",\"position\":3,\"name\":\"La \u00abcouronne boulang\u00e8re 2024\u00bb d\u00e9cern\u00e9e \u00e0 Piraten-B\u00e4ckerei Sollberger\"}]},{\"@type\":\"WebSite\",\"@id\":\"https:\/\/swissbaker.ch\/fr\/#website\",\"url\":\"https:\/\/swissbaker.ch\/fr\/\",\"name\":\"SBC\",\"description\":\"\",\"publisher\":{\"@id\":\"https:\/\/swissbaker.ch\/fr\/#organization\"},\"potentialAction\":[{\"@type\":\"SearchAction\",\"target\":{\"@type\":\"EntryPoint\",\"urlTemplate\":\"https:\/\/swissbaker.ch\/fr\/?s={search_term_string}\"},\"query-input\":{\"@type\":\"PropertyValueSpecification\",\"valueRequired\":true,\"valueName\":\"search_term_string\"}}],\"inLanguage\":\"fr-FR\"},{\"@type\":\"Organization\",\"@id\":\"https:\/\/swissbaker.ch\/fr\/#organization\",\"name\":\"Schweizerischer B\u00e4cker-Confiseurmeister-Verband\",\"url\":\"https:\/\/swissbaker.ch\/fr\/\",\"logo\":{\"@type\":\"ImageObject\",\"inLanguage\":\"fr-FR\",\"@id\":\"https:\/\/swissbaker.ch\/fr\/#\/schema\/logo\/image\/\",\"url\":\"https:\/\/swissbaker.ch\/wp-content\/uploads\/2022\/04\/sbc-logo-yoast.jpg\",\"contentUrl\":\"https:\/\/swissbaker.ch\/wp-content\/uploads\/2022\/04\/sbc-logo-yoast.jpg\",\"width\":512,\"height\":512,\"caption\":\"Schweizerischer B\u00e4cker-Confiseurmeister-Verband\"},\"image\":{\"@id\":\"https:\/\/swissbaker.ch\/fr\/#\/schema\/logo\/image\/\"},\"sameAs\":[\"https:\/\/www.facebook.com\/swissbaker.ch\",\"https:\/\/x.com\/ch_swissbaker\"]},{\"@type\":\"Person\",\"@id\":\"https:\/\/swissbaker.ch\/fr\/#\/schema\/person\/74bd327b08c18ca6042c02ff6f0ed5e2\",\"name\":\"Simon Nussbaum\",\"image\":{\"@type\":\"ImageObject\",\"inLanguage\":\"fr-FR\",\"@id\":\"https:\/\/swissbaker.ch\/fr\/#\/schema\/person\/image\/\",\"url\":\"https:\/\/secure.gravatar.com\/avatar\/df0eced3bb556c806cb760cf503ade1ed1df25b4104d80d6fd28d93a9509aa12?s=96&d=mm&r=g\",\"contentUrl\":\"https:\/\/secure.gravatar.com\/avatar\/df0eced3bb556c806cb760cf503ade1ed1df25b4104d80d6fd28d93a9509aa12?s=96&d=mm&r=g\",\"caption\":\"Simon Nussbaum\"},\"url\":\"https:\/\/swissbaker.ch\/fr\/panissimo-news\/author\/simon-nussbaum\/\"}]}<\/script>\n<!-- \/ Yoast SEO Premium plugin. -->","yoast_head_json":{"title":"La \u00abcouronne boulang\u00e8re 2024\u00bb d\u00e9cern\u00e9e \u00e0 Piraten-B\u00e4ckerei Sollberger | SBC","description":"Tr\u00e8s engag\u00e9 depuis des ann\u00e9es en faveur de la rel\u00e8ve professionnelle, le couple de propri\u00e9taires Stefanie et Kevin Sollberger a su oser hisser les voiles diff\u00e9remment.","robots":{"index":"index","follow":"follow","max-snippet":"max-snippet:-1","max-image-preview":"max-image-preview:large","max-video-preview":"max-video-preview:-1"},"canonical":"https:\/\/swissbaker.ch\/fr\/panissimo-news\/la-couronne-boulangere-2024-decernee-a-piraten-backerei-sollberger\/","og_locale":"fr_FR","og_type":"article","og_title":"La \u00abcouronne boulang\u00e8re 2024\u00bb d\u00e9cern\u00e9e \u00e0 Piraten-B\u00e4ckerei Sollberger","og_description":"Tr\u00e8s engag\u00e9 depuis des ann\u00e9es en faveur de la rel\u00e8ve professionnelle, le couple de propri\u00e9taires Stefanie et Kevin Sollberger a su oser hisser les voiles diff\u00e9remment.","og_url":"https:\/\/swissbaker.ch\/fr\/panissimo-news\/la-couronne-boulangere-2024-decernee-a-piraten-backerei-sollberger\/","og_site_name":"SBC","article_publisher":"https:\/\/www.facebook.com\/swissbaker.ch","article_published_time":"2024-06-04T18:40:17+00:00","article_modified_time":"2024-06-06T11:45:32+00:00","og_image":[{"width":1200,"height":712,"url":"https:\/\/swissbaker.ch\/wp-content\/uploads\/2024\/06\/piratenbeck_web.jpg","type":"image\/jpeg"}],"author":"Simon Nussbaum","twitter_card":"summary_large_image","twitter_creator":"@ch_swissbaker","twitter_site":"@ch_swissbaker","twitter_misc":{"Written by":"Simon Nussbaum","Est. reading time":"5 minutes"},"schema":{"@context":"https:\/\/schema.org","@graph":[{"@type":"Article","@id":"https:\/\/swissbaker.ch\/fr\/panissimo-news\/la-couronne-boulangere-2024-decernee-a-piraten-backerei-sollberger\/#article","isPartOf":{"@id":"https:\/\/swissbaker.ch\/fr\/panissimo-news\/la-couronne-boulangere-2024-decernee-a-piraten-backerei-sollberger\/"},"author":{"name":"Simon Nussbaum","@id":"https:\/\/swissbaker.ch\/fr\/#\/schema\/person\/74bd327b08c18ca6042c02ff6f0ed5e2"},"headline":"La \u00abcouronne boulang\u00e8re 2024\u00bb d\u00e9cern\u00e9e \u00e0 Piraten-B\u00e4ckerei Sollberger","datePublished":"2024-06-04T18:40:17+00:00","dateModified":"2024-06-06T11:45:32+00:00","mainEntityOfPage":{"@id":"https:\/\/swissbaker.ch\/fr\/panissimo-news\/la-couronne-boulangere-2024-decernee-a-piraten-backerei-sollberger\/"},"wordCount":1002,"publisher":{"@id":"https:\/\/swissbaker.ch\/fr\/#organization"},"image":{"@id":"https:\/\/swissbaker.ch\/fr\/panissimo-news\/la-couronne-boulangere-2024-decernee-a-piraten-backerei-sollberger\/#primaryimage"},"thumbnailUrl":"https:\/\/swissbaker.ch\/wp-content\/uploads\/2024\/06\/piratenbeck_web.jpg","articleSection":["Association","Boulangeries\/Confiseries"],"inLanguage":"fr-FR"},{"@type":"WebPage","@id":"https:\/\/swissbaker.ch\/fr\/panissimo-news\/la-couronne-boulangere-2024-decernee-a-piraten-backerei-sollberger\/","url":"https:\/\/swissbaker.ch\/fr\/panissimo-news\/la-couronne-boulangere-2024-decernee-a-piraten-backerei-sollberger\/","name":"La \u00abcouronne boulang\u00e8re 2024\u00bb d\u00e9cern\u00e9e \u00e0 Piraten-B\u00e4ckerei Sollberger | SBC","isPartOf":{"@id":"https:\/\/swissbaker.ch\/fr\/#website"},"primaryImageOfPage":{"@id":"https:\/\/swissbaker.ch\/fr\/panissimo-news\/la-couronne-boulangere-2024-decernee-a-piraten-backerei-sollberger\/#primaryimage"},"image":{"@id":"https:\/\/swissbaker.ch\/fr\/panissimo-news\/la-couronne-boulangere-2024-decernee-a-piraten-backerei-sollberger\/#primaryimage"},"thumbnailUrl":"https:\/\/swissbaker.ch\/wp-content\/uploads\/2024\/06\/piratenbeck_web.jpg","datePublished":"2024-06-04T18:40:17+00:00","dateModified":"2024-06-06T11:45:32+00:00","description":"Tr\u00e8s engag\u00e9 depuis des ann\u00e9es en faveur de la rel\u00e8ve professionnelle, le couple de propri\u00e9taires Stefanie et Kevin Sollberger a su oser hisser les voiles diff\u00e9remment.","breadcrumb":{"@id":"https:\/\/swissbaker.ch\/fr\/panissimo-news\/la-couronne-boulangere-2024-decernee-a-piraten-backerei-sollberger\/#breadcrumb"},"inLanguage":"fr-FR","potentialAction":[{"@type":"ReadAction","target":["https:\/\/swissbaker.ch\/fr\/panissimo-news\/la-couronne-boulangere-2024-decernee-a-piraten-backerei-sollberger\/"]}]},{"@type":"ImageObject","inLanguage":"fr-FR","@id":"https:\/\/swissbaker.ch\/fr\/panissimo-news\/la-couronne-boulangere-2024-decernee-a-piraten-backerei-sollberger\/#primaryimage","url":"https:\/\/swissbaker.ch\/wp-content\/uploads\/2024\/06\/piratenbeck_web.jpg","contentUrl":"https:\/\/swissbaker.ch\/wp-content\/uploads\/2024\/06\/piratenbeck_web.jpg","width":1200,"height":712},{"@type":"BreadcrumbList","@id":"https:\/\/swissbaker.ch\/fr\/panissimo-news\/la-couronne-boulangere-2024-decernee-a-piraten-backerei-sollberger\/#breadcrumb","itemListElement":[{"@type":"ListItem","position":1,"name":"","item":"https:\/\/swissbaker.ch\/fr\/"},{"@type":"ListItem","position":2,"name":"Association","item":"https:\/\/swissbaker.ch\/fr\/panissimo-news\/category\/association\/"},{"@type":"ListItem","position":3,"name":"La \u00abcouronne boulang\u00e8re 2024\u00bb d\u00e9cern\u00e9e \u00e0 Piraten-B\u00e4ckerei Sollberger"}]},{"@type":"WebSite","@id":"https:\/\/swissbaker.ch\/fr\/#website","url":"https:\/\/swissbaker.ch\/fr\/","name":"SBC","description":"","publisher":{"@id":"https:\/\/swissbaker.ch\/fr\/#organization"},"potentialAction":[{"@type":"SearchAction","target":{"@type":"EntryPoint","urlTemplate":"https:\/\/swissbaker.ch\/fr\/?s={search_term_string}"},"query-input":{"@type":"PropertyValueSpecification","valueRequired":true,"valueName":"search_term_string"}}],"inLanguage":"fr-FR"},{"@type":"Organization","@id":"https:\/\/swissbaker.ch\/fr\/#organization","name":"Schweizerischer B\u00e4cker-Confiseurmeister-Verband","url":"https:\/\/swissbaker.ch\/fr\/","logo":{"@type":"ImageObject","inLanguage":"fr-FR","@id":"https:\/\/swissbaker.ch\/fr\/#\/schema\/logo\/image\/","url":"https:\/\/swissbaker.ch\/wp-content\/uploads\/2022\/04\/sbc-logo-yoast.jpg","contentUrl":"https:\/\/swissbaker.ch\/wp-content\/uploads\/2022\/04\/sbc-logo-yoast.jpg","width":512,"height":512,"caption":"Schweizerischer B\u00e4cker-Confiseurmeister-Verband"},"image":{"@id":"https:\/\/swissbaker.ch\/fr\/#\/schema\/logo\/image\/"},"sameAs":["https:\/\/www.facebook.com\/swissbaker.ch","https:\/\/x.com\/ch_swissbaker"]},{"@type":"Person","@id":"https:\/\/swissbaker.ch\/fr\/#\/schema\/person\/74bd327b08c18ca6042c02ff6f0ed5e2","name":"Simon Nussbaum","image":{"@type":"ImageObject","inLanguage":"fr-FR","@id":"https:\/\/swissbaker.ch\/fr\/#\/schema\/person\/image\/","url":"https:\/\/secure.gravatar.com\/avatar\/df0eced3bb556c806cb760cf503ade1ed1df25b4104d80d6fd28d93a9509aa12?s=96&d=mm&r=g","contentUrl":"https:\/\/secure.gravatar.com\/avatar\/df0eced3bb556c806cb760cf503ade1ed1df25b4104d80d6fd28d93a9509aa12?s=96&d=mm&r=g","caption":"Simon Nussbaum"},"url":"https:\/\/swissbaker.ch\/fr\/panissimo-news\/author\/simon-nussbaum\/"}]}},"_links":{"self":[{"href":"https:\/\/swissbaker.ch\/fr\/wp-json\/wp\/v2\/posts\/79593","targetHints":{"allow":["GET"]}}],"collection":[{"href":"https:\/\/swissbaker.ch\/fr\/wp-json\/wp\/v2\/posts"}],"about":[{"href":"https:\/\/swissbaker.ch\/fr\/wp-json\/wp\/v2\/types\/post"}],"author":[{"embeddable":true,"href":"https:\/\/swissbaker.ch\/fr\/wp-json\/wp\/v2\/users\/5"}],"replies":[{"embeddable":true,"href":"https:\/\/swissbaker.ch\/fr\/wp-json\/wp\/v2\/comments?post=79593"}],"version-history":[{"count":0,"href":"https:\/\/swissbaker.ch\/fr\/wp-json\/wp\/v2\/posts\/79593\/revisions"}],"wp:featuredmedia":[{"embeddable":true,"href":"https:\/\/swissbaker.ch\/fr\/wp-json\/wp\/v2\/media\/79591"}],"wp:attachment":[{"href":"https:\/\/swissbaker.ch\/fr\/wp-json\/wp\/v2\/media?parent=79593"}],"wp:term":[{"taxonomy":"category","embeddable":true,"href":"https:\/\/swissbaker.ch\/fr\/wp-json\/wp\/v2\/categories?post=79593"},{"taxonomy":"post_tag","embeddable":true,"href":"https:\/\/swissbaker.ch\/fr\/wp-json\/wp\/v2\/tags?post=79593"}],"curies":[{"name":"wp","href":"https:\/\/api.w.org\/{rel}","templated":true}]}}