{"id":7909,"date":"2017-04-26T16:19:00","date_gmt":"2017-04-26T14:19:00","guid":{"rendered":"https:\/\/swissbaker.ch\/?p=7909"},"modified":"2022-05-03T16:02:40","modified_gmt":"2022-05-03T14:02:40","slug":"a-la-decouverte-dun-monde-riche-en-saveurs","status":"publish","type":"post","link":"https:\/\/swissbaker.ch\/fr\/panissimo-news\/a-la-decouverte-dun-monde-riche-en-saveurs\/","title":{"rendered":"A la d\u00e9couverte d\u2019un monde riche en saveurs"},"content":{"rendered":"\n<p><strong>La deuxi\u00e8me \u00e9dition de la F\u00eate du Chocolat nationale aura lieu du 3 au 12\u202fnovembre. Les boulangeries-confiseries entra\u00eeneront \u00e0 leurs clients leur monde du chocolat.<\/strong><\/p>\n\n\n\n<p>La BCS demande aux boulangers-confiseurs de r\u00e9server un cr\u00e9neau horaire pour des activit\u00e9s d\u2019entreprise, dans le cadre de la F\u00eate du Chocolat, et de donner un signal \u00e0 la population en faveur de notre artisanat, de la qualit\u00e9, d\u2019agr\u00e9ment et de cr\u00e9ativit\u00e9.<\/p>\n\n\n\n<h2 class=\"wp-block-heading\" id=\"h-propres-activites\">Propres activit\u00e9s<\/h2>\n\n\n\n<p>Chaque chef d\u2019entreprise peut choisir de proposer des activit\u00e9s \u00e0 sa client\u00e8le toute la semaine ou un seul jour, pour la F\u00eate du Chocolat. Gr\u00e2ce \u00e0 la p\u00e9riode d\u00e9finie, les entreprises pourront assurer une communication effective par rapport aux m\u00e9dias.<\/p>\n\n\n\n<p>Utilisez cette deuxi\u00e8me \u00e9dition comme plateforme pour vos produits en chocolat et pour proposer \u00e0 vos clients une exp\u00e9rience d\u2019achat. Ensemble, nous sommes la meilleure image pour l\u2019ensemble de la branche et chaque entreprise.<\/p>\n\n\n\n<h2 class=\"wp-block-heading\">D\u00e9lai<\/h2>\n\n\n\n<p>Mi-mai, les membres de la BCS recevront par la poste des informations d\u00e9taill\u00e9es et un formulaire de commande pour les affiches gratuites ainsi que pour la documentation destin\u00e9e \u00e0 la client\u00e8le. Les membres de la BCS peuvent partager leurs activit\u00e9s avec la BCS jusqu\u2019au 14\u202fjuillet, et commander des flyers avec impression individuelle pour la client\u00e8le.<\/p>\n\n\n\n<h2 class=\"wp-block-heading\">Mat\u00e9riel publicitaire<\/h2>\n\n\n\n<p>-\u2002Affiches A1 et A3 gratuites<\/p>\n\n\n\n<p>-\u2002Flyers pour client\u00e8le, impression 4 couleurs (logo de l\u2019entreprise, date, horaire, activit\u00e9s)\u2009: CHF 150.\u2013 \/ 1000 exemplaires.<\/p>\n\n\n\n<p>A commander au promo-shop, t\u00e9l. 031 388 14 00 ou \u00e0 sarah.stettler(at)swissbaker.ch .<\/p>\n","protected":false},"excerpt":{"rendered":"<p>La deuxi\u00e8me \u00e9dition de la F\u00eate du Chocolat nationale aura lieu du 3 au 12\u202fnovembre. Les boulangeries-confiseries entra\u00eeneront \u00e0 leurs clients leur monde du chocolat. La BCS demande aux boulangers-confiseurs de r\u00e9server un cr\u00e9neau horaire pour des activit\u00e9s d\u2019entreprise, dans le cadre de la F\u00eate du Chocolat, et de donner un signal \u00e0 la population en faveur de notre artisanat, [&hellip;]<\/p>\n","protected":false},"author":1,"featured_media":5742,"comment_status":"open","ping_status":"closed","sticky":false,"template":"","format":"standard","meta":{"_acf_changed":false,"footnotes":""},"categories":[41],"tags":[],"class_list":["post-7909","post","type-post","status-publish","format-standard","has-post-thumbnail","hentry","category-association"],"acf":[],"yoast_head":"<!-- This site is optimized with the Yoast SEO Premium plugin v26.8 (Yoast SEO v26.8) - https:\/\/yoast.com\/product\/yoast-seo-premium-wordpress\/ -->\n<title>A la d\u00e9couverte d\u2019un monde riche en saveurs | SBC<\/title>\n<meta name=\"robots\" content=\"index, follow, max-snippet:-1, max-image-preview:large, max-video-preview:-1\" \/>\n<link rel=\"canonical\" href=\"https:\/\/swissbaker.ch\/fr\/panissimo-news\/a-la-decouverte-dun-monde-riche-en-saveurs\/\" \/>\n<meta property=\"og:locale\" content=\"fr_FR\" \/>\n<meta property=\"og:type\" content=\"article\" \/>\n<meta property=\"og:title\" content=\"A la d\u00e9couverte d\u2019un monde riche en saveurs\" \/>\n<meta property=\"og:description\" content=\"La deuxi\u00e8me \u00e9dition de la F\u00eate du Chocolat nationale aura lieu du 3 au 12\u202fnovembre. Les boulangeries-confiseries entra\u00eeneront \u00e0 leurs clients leur monde du chocolat. La BCS demande aux boulangers-confiseurs de r\u00e9server un cr\u00e9neau horaire pour des activit\u00e9s d\u2019entreprise, dans le cadre de la F\u00eate du Chocolat, et de donner un signal \u00e0 la population en faveur de notre artisanat, [&hellip;]\" \/>\n<meta property=\"og:url\" content=\"https:\/\/swissbaker.ch\/fr\/panissimo-news\/a-la-decouverte-dun-monde-riche-en-saveurs\/\" \/>\n<meta property=\"og:site_name\" content=\"SBC\" \/>\n<meta property=\"article:publisher\" content=\"https:\/\/www.facebook.com\/swissbaker.ch\" \/>\n<meta property=\"article:published_time\" content=\"2017-04-26T14:19:00+00:00\" \/>\n<meta property=\"article:modified_time\" content=\"2022-05-03T14:02:40+00:00\" \/>\n<meta property=\"og:image\" content=\"https:\/\/swissbaker.ch\/wp-content\/uploads\/2022\/03\/FDC-Plakat_2017_A4_D.jpg\" \/>\n\t<meta property=\"og:image:width\" content=\"429\" \/>\n\t<meta property=\"og:image:height\" content=\"600\" \/>\n\t<meta property=\"og:image:type\" content=\"image\/jpeg\" \/>\n<meta name=\"author\" content=\"azureart\" \/>\n<meta name=\"twitter:card\" content=\"summary_large_image\" \/>\n<meta name=\"twitter:creator\" content=\"@ch_swissbaker\" \/>\n<meta name=\"twitter:site\" content=\"@ch_swissbaker\" \/>\n<meta name=\"twitter:label1\" content=\"Written by\" \/>\n\t<meta name=\"twitter:data1\" content=\"azureart\" \/>\n\t<meta name=\"twitter:label2\" content=\"Est. reading time\" \/>\n\t<meta name=\"twitter:data2\" content=\"2 minutes\" \/>\n<script type=\"application\/ld+json\" class=\"yoast-schema-graph\">{\"@context\":\"https:\/\/schema.org\",\"@graph\":[{\"@type\":\"Article\",\"@id\":\"https:\/\/swissbaker.ch\/fr\/panissimo-news\/a-la-decouverte-dun-monde-riche-en-saveurs\/#article\",\"isPartOf\":{\"@id\":\"https:\/\/swissbaker.ch\/fr\/panissimo-news\/a-la-decouverte-dun-monde-riche-en-saveurs\/\"},\"author\":{\"name\":\"azureart\",\"@id\":\"https:\/\/swissbaker.ch\/fr\/#\/schema\/person\/058ac47619f7da53df62aba60f939b78\"},\"headline\":\"A la d\u00e9couverte d\u2019un monde riche en saveurs\",\"datePublished\":\"2017-04-26T14:19:00+00:00\",\"dateModified\":\"2022-05-03T14:02:40+00:00\",\"mainEntityOfPage\":{\"@id\":\"https:\/\/swissbaker.ch\/fr\/panissimo-news\/a-la-decouverte-dun-monde-riche-en-saveurs\/\"},\"wordCount\":272,\"commentCount\":0,\"publisher\":{\"@id\":\"https:\/\/swissbaker.ch\/fr\/#organization\"},\"image\":{\"@id\":\"https:\/\/swissbaker.ch\/fr\/panissimo-news\/a-la-decouverte-dun-monde-riche-en-saveurs\/#primaryimage\"},\"thumbnailUrl\":\"https:\/\/swissbaker.ch\/wp-content\/uploads\/2022\/03\/FDC-Plakat_2017_A4_D.jpg\",\"articleSection\":[\"Association\"],\"inLanguage\":\"fr-FR\",\"potentialAction\":[{\"@type\":\"CommentAction\",\"name\":\"Comment\",\"target\":[\"https:\/\/swissbaker.ch\/fr\/panissimo-news\/a-la-decouverte-dun-monde-riche-en-saveurs\/#respond\"]}]},{\"@type\":\"WebPage\",\"@id\":\"https:\/\/swissbaker.ch\/fr\/panissimo-news\/a-la-decouverte-dun-monde-riche-en-saveurs\/\",\"url\":\"https:\/\/swissbaker.ch\/fr\/panissimo-news\/a-la-decouverte-dun-monde-riche-en-saveurs\/\",\"name\":\"A la d\u00e9couverte d\u2019un monde riche en saveurs | SBC\",\"isPartOf\":{\"@id\":\"https:\/\/swissbaker.ch\/fr\/#website\"},\"primaryImageOfPage\":{\"@id\":\"https:\/\/swissbaker.ch\/fr\/panissimo-news\/a-la-decouverte-dun-monde-riche-en-saveurs\/#primaryimage\"},\"image\":{\"@id\":\"https:\/\/swissbaker.ch\/fr\/panissimo-news\/a-la-decouverte-dun-monde-riche-en-saveurs\/#primaryimage\"},\"thumbnailUrl\":\"https:\/\/swissbaker.ch\/wp-content\/uploads\/2022\/03\/FDC-Plakat_2017_A4_D.jpg\",\"datePublished\":\"2017-04-26T14:19:00+00:00\",\"dateModified\":\"2022-05-03T14:02:40+00:00\",\"breadcrumb\":{\"@id\":\"https:\/\/swissbaker.ch\/fr\/panissimo-news\/a-la-decouverte-dun-monde-riche-en-saveurs\/#breadcrumb\"},\"inLanguage\":\"fr-FR\",\"potentialAction\":[{\"@type\":\"ReadAction\",\"target\":[\"https:\/\/swissbaker.ch\/fr\/panissimo-news\/a-la-decouverte-dun-monde-riche-en-saveurs\/\"]}]},{\"@type\":\"ImageObject\",\"inLanguage\":\"fr-FR\",\"@id\":\"https:\/\/swissbaker.ch\/fr\/panissimo-news\/a-la-decouverte-dun-monde-riche-en-saveurs\/#primaryimage\",\"url\":\"https:\/\/swissbaker.ch\/wp-content\/uploads\/2022\/03\/FDC-Plakat_2017_A4_D.jpg\",\"contentUrl\":\"https:\/\/swissbaker.ch\/wp-content\/uploads\/2022\/03\/FDC-Plakat_2017_A4_D.jpg\",\"width\":429,\"height\":600,\"caption\":\"A la d\u00e9couverte d\u2019un monde riche en saveurs\"},{\"@type\":\"BreadcrumbList\",\"@id\":\"https:\/\/swissbaker.ch\/fr\/panissimo-news\/a-la-decouverte-dun-monde-riche-en-saveurs\/#breadcrumb\",\"itemListElement\":[{\"@type\":\"ListItem\",\"position\":1,\"name\":\"\",\"item\":\"https:\/\/swissbaker.ch\/fr\/\"},{\"@type\":\"ListItem\",\"position\":2,\"name\":\"Association\",\"item\":\"https:\/\/swissbaker.ch\/fr\/panissimo-news\/category\/association\/\"},{\"@type\":\"ListItem\",\"position\":3,\"name\":\"A la d\u00e9couverte d\u2019un monde riche en saveurs\"}]},{\"@type\":\"WebSite\",\"@id\":\"https:\/\/swissbaker.ch\/fr\/#website\",\"url\":\"https:\/\/swissbaker.ch\/fr\/\",\"name\":\"SBC\",\"description\":\"\",\"publisher\":{\"@id\":\"https:\/\/swissbaker.ch\/fr\/#organization\"},\"potentialAction\":[{\"@type\":\"SearchAction\",\"target\":{\"@type\":\"EntryPoint\",\"urlTemplate\":\"https:\/\/swissbaker.ch\/fr\/?s={search_term_string}\"},\"query-input\":{\"@type\":\"PropertyValueSpecification\",\"valueRequired\":true,\"valueName\":\"search_term_string\"}}],\"inLanguage\":\"fr-FR\"},{\"@type\":\"Organization\",\"@id\":\"https:\/\/swissbaker.ch\/fr\/#organization\",\"name\":\"Schweizerischer B\u00e4cker-Confiseurmeister-Verband\",\"url\":\"https:\/\/swissbaker.ch\/fr\/\",\"logo\":{\"@type\":\"ImageObject\",\"inLanguage\":\"fr-FR\",\"@id\":\"https:\/\/swissbaker.ch\/fr\/#\/schema\/logo\/image\/\",\"url\":\"https:\/\/swissbaker.ch\/wp-content\/uploads\/2022\/04\/sbc-logo-yoast.jpg\",\"contentUrl\":\"https:\/\/swissbaker.ch\/wp-content\/uploads\/2022\/04\/sbc-logo-yoast.jpg\",\"width\":512,\"height\":512,\"caption\":\"Schweizerischer B\u00e4cker-Confiseurmeister-Verband\"},\"image\":{\"@id\":\"https:\/\/swissbaker.ch\/fr\/#\/schema\/logo\/image\/\"},\"sameAs\":[\"https:\/\/www.facebook.com\/swissbaker.ch\",\"https:\/\/x.com\/ch_swissbaker\"]},{\"@type\":\"Person\",\"@id\":\"https:\/\/swissbaker.ch\/fr\/#\/schema\/person\/058ac47619f7da53df62aba60f939b78\",\"name\":\"azureart\",\"image\":{\"@type\":\"ImageObject\",\"inLanguage\":\"fr-FR\",\"@id\":\"https:\/\/swissbaker.ch\/fr\/#\/schema\/person\/image\/\",\"url\":\"https:\/\/secure.gravatar.com\/avatar\/be04dd3098fd612c83067af4f7a295384c93cb6a9112f51beb9d2f477d25da61?s=96&d=mm&r=g\",\"contentUrl\":\"https:\/\/secure.gravatar.com\/avatar\/be04dd3098fd612c83067af4f7a295384c93cb6a9112f51beb9d2f477d25da61?s=96&d=mm&r=g\",\"caption\":\"azureart\"},\"sameAs\":[\"https:\/\/swissbaker.ch\"],\"url\":\"https:\/\/swissbaker.ch\/fr\/panissimo-news\/author\/pixel-ahoi\/\"}]}<\/script>\n<!-- \/ Yoast SEO Premium plugin. -->","yoast_head_json":{"title":"A la d\u00e9couverte d\u2019un monde riche en saveurs | SBC","robots":{"index":"index","follow":"follow","max-snippet":"max-snippet:-1","max-image-preview":"max-image-preview:large","max-video-preview":"max-video-preview:-1"},"canonical":"https:\/\/swissbaker.ch\/fr\/panissimo-news\/a-la-decouverte-dun-monde-riche-en-saveurs\/","og_locale":"fr_FR","og_type":"article","og_title":"A la d\u00e9couverte d\u2019un monde riche en saveurs","og_description":"La deuxi\u00e8me \u00e9dition de la F\u00eate du Chocolat nationale aura lieu du 3 au 12\u202fnovembre. Les boulangeries-confiseries entra\u00eeneront \u00e0 leurs clients leur monde du chocolat. La BCS demande aux boulangers-confiseurs de r\u00e9server un cr\u00e9neau horaire pour des activit\u00e9s d\u2019entreprise, dans le cadre de la F\u00eate du Chocolat, et de donner un signal \u00e0 la population en faveur de notre artisanat, [&hellip;]","og_url":"https:\/\/swissbaker.ch\/fr\/panissimo-news\/a-la-decouverte-dun-monde-riche-en-saveurs\/","og_site_name":"SBC","article_publisher":"https:\/\/www.facebook.com\/swissbaker.ch","article_published_time":"2017-04-26T14:19:00+00:00","article_modified_time":"2022-05-03T14:02:40+00:00","og_image":[{"width":429,"height":600,"url":"https:\/\/swissbaker.ch\/wp-content\/uploads\/2022\/03\/FDC-Plakat_2017_A4_D.jpg","type":"image\/jpeg"}],"author":"azureart","twitter_card":"summary_large_image","twitter_creator":"@ch_swissbaker","twitter_site":"@ch_swissbaker","twitter_misc":{"Written by":"azureart","Est. reading time":"2 minutes"},"schema":{"@context":"https:\/\/schema.org","@graph":[{"@type":"Article","@id":"https:\/\/swissbaker.ch\/fr\/panissimo-news\/a-la-decouverte-dun-monde-riche-en-saveurs\/#article","isPartOf":{"@id":"https:\/\/swissbaker.ch\/fr\/panissimo-news\/a-la-decouverte-dun-monde-riche-en-saveurs\/"},"author":{"name":"azureart","@id":"https:\/\/swissbaker.ch\/fr\/#\/schema\/person\/058ac47619f7da53df62aba60f939b78"},"headline":"A la d\u00e9couverte d\u2019un monde riche en saveurs","datePublished":"2017-04-26T14:19:00+00:00","dateModified":"2022-05-03T14:02:40+00:00","mainEntityOfPage":{"@id":"https:\/\/swissbaker.ch\/fr\/panissimo-news\/a-la-decouverte-dun-monde-riche-en-saveurs\/"},"wordCount":272,"commentCount":0,"publisher":{"@id":"https:\/\/swissbaker.ch\/fr\/#organization"},"image":{"@id":"https:\/\/swissbaker.ch\/fr\/panissimo-news\/a-la-decouverte-dun-monde-riche-en-saveurs\/#primaryimage"},"thumbnailUrl":"https:\/\/swissbaker.ch\/wp-content\/uploads\/2022\/03\/FDC-Plakat_2017_A4_D.jpg","articleSection":["Association"],"inLanguage":"fr-FR","potentialAction":[{"@type":"CommentAction","name":"Comment","target":["https:\/\/swissbaker.ch\/fr\/panissimo-news\/a-la-decouverte-dun-monde-riche-en-saveurs\/#respond"]}]},{"@type":"WebPage","@id":"https:\/\/swissbaker.ch\/fr\/panissimo-news\/a-la-decouverte-dun-monde-riche-en-saveurs\/","url":"https:\/\/swissbaker.ch\/fr\/panissimo-news\/a-la-decouverte-dun-monde-riche-en-saveurs\/","name":"A la d\u00e9couverte d\u2019un monde riche en saveurs | SBC","isPartOf":{"@id":"https:\/\/swissbaker.ch\/fr\/#website"},"primaryImageOfPage":{"@id":"https:\/\/swissbaker.ch\/fr\/panissimo-news\/a-la-decouverte-dun-monde-riche-en-saveurs\/#primaryimage"},"image":{"@id":"https:\/\/swissbaker.ch\/fr\/panissimo-news\/a-la-decouverte-dun-monde-riche-en-saveurs\/#primaryimage"},"thumbnailUrl":"https:\/\/swissbaker.ch\/wp-content\/uploads\/2022\/03\/FDC-Plakat_2017_A4_D.jpg","datePublished":"2017-04-26T14:19:00+00:00","dateModified":"2022-05-03T14:02:40+00:00","breadcrumb":{"@id":"https:\/\/swissbaker.ch\/fr\/panissimo-news\/a-la-decouverte-dun-monde-riche-en-saveurs\/#breadcrumb"},"inLanguage":"fr-FR","potentialAction":[{"@type":"ReadAction","target":["https:\/\/swissbaker.ch\/fr\/panissimo-news\/a-la-decouverte-dun-monde-riche-en-saveurs\/"]}]},{"@type":"ImageObject","inLanguage":"fr-FR","@id":"https:\/\/swissbaker.ch\/fr\/panissimo-news\/a-la-decouverte-dun-monde-riche-en-saveurs\/#primaryimage","url":"https:\/\/swissbaker.ch\/wp-content\/uploads\/2022\/03\/FDC-Plakat_2017_A4_D.jpg","contentUrl":"https:\/\/swissbaker.ch\/wp-content\/uploads\/2022\/03\/FDC-Plakat_2017_A4_D.jpg","width":429,"height":600,"caption":"A la d\u00e9couverte d\u2019un monde riche en saveurs"},{"@type":"BreadcrumbList","@id":"https:\/\/swissbaker.ch\/fr\/panissimo-news\/a-la-decouverte-dun-monde-riche-en-saveurs\/#breadcrumb","itemListElement":[{"@type":"ListItem","position":1,"name":"","item":"https:\/\/swissbaker.ch\/fr\/"},{"@type":"ListItem","position":2,"name":"Association","item":"https:\/\/swissbaker.ch\/fr\/panissimo-news\/category\/association\/"},{"@type":"ListItem","position":3,"name":"A la d\u00e9couverte d\u2019un monde riche en saveurs"}]},{"@type":"WebSite","@id":"https:\/\/swissbaker.ch\/fr\/#website","url":"https:\/\/swissbaker.ch\/fr\/","name":"SBC","description":"","publisher":{"@id":"https:\/\/swissbaker.ch\/fr\/#organization"},"potentialAction":[{"@type":"SearchAction","target":{"@type":"EntryPoint","urlTemplate":"https:\/\/swissbaker.ch\/fr\/?s={search_term_string}"},"query-input":{"@type":"PropertyValueSpecification","valueRequired":true,"valueName":"search_term_string"}}],"inLanguage":"fr-FR"},{"@type":"Organization","@id":"https:\/\/swissbaker.ch\/fr\/#organization","name":"Schweizerischer B\u00e4cker-Confiseurmeister-Verband","url":"https:\/\/swissbaker.ch\/fr\/","logo":{"@type":"ImageObject","inLanguage":"fr-FR","@id":"https:\/\/swissbaker.ch\/fr\/#\/schema\/logo\/image\/","url":"https:\/\/swissbaker.ch\/wp-content\/uploads\/2022\/04\/sbc-logo-yoast.jpg","contentUrl":"https:\/\/swissbaker.ch\/wp-content\/uploads\/2022\/04\/sbc-logo-yoast.jpg","width":512,"height":512,"caption":"Schweizerischer B\u00e4cker-Confiseurmeister-Verband"},"image":{"@id":"https:\/\/swissbaker.ch\/fr\/#\/schema\/logo\/image\/"},"sameAs":["https:\/\/www.facebook.com\/swissbaker.ch","https:\/\/x.com\/ch_swissbaker"]},{"@type":"Person","@id":"https:\/\/swissbaker.ch\/fr\/#\/schema\/person\/058ac47619f7da53df62aba60f939b78","name":"azureart","image":{"@type":"ImageObject","inLanguage":"fr-FR","@id":"https:\/\/swissbaker.ch\/fr\/#\/schema\/person\/image\/","url":"https:\/\/secure.gravatar.com\/avatar\/be04dd3098fd612c83067af4f7a295384c93cb6a9112f51beb9d2f477d25da61?s=96&d=mm&r=g","contentUrl":"https:\/\/secure.gravatar.com\/avatar\/be04dd3098fd612c83067af4f7a295384c93cb6a9112f51beb9d2f477d25da61?s=96&d=mm&r=g","caption":"azureart"},"sameAs":["https:\/\/swissbaker.ch"],"url":"https:\/\/swissbaker.ch\/fr\/panissimo-news\/author\/pixel-ahoi\/"}]}},"_links":{"self":[{"href":"https:\/\/swissbaker.ch\/fr\/wp-json\/wp\/v2\/posts\/7909","targetHints":{"allow":["GET"]}}],"collection":[{"href":"https:\/\/swissbaker.ch\/fr\/wp-json\/wp\/v2\/posts"}],"about":[{"href":"https:\/\/swissbaker.ch\/fr\/wp-json\/wp\/v2\/types\/post"}],"author":[{"embeddable":true,"href":"https:\/\/swissbaker.ch\/fr\/wp-json\/wp\/v2\/users\/1"}],"replies":[{"embeddable":true,"href":"https:\/\/swissbaker.ch\/fr\/wp-json\/wp\/v2\/comments?post=7909"}],"version-history":[{"count":0,"href":"https:\/\/swissbaker.ch\/fr\/wp-json\/wp\/v2\/posts\/7909\/revisions"}],"wp:featuredmedia":[{"embeddable":true,"href":"https:\/\/swissbaker.ch\/fr\/wp-json\/wp\/v2\/media\/5742"}],"wp:attachment":[{"href":"https:\/\/swissbaker.ch\/fr\/wp-json\/wp\/v2\/media?parent=7909"}],"wp:term":[{"taxonomy":"category","embeddable":true,"href":"https:\/\/swissbaker.ch\/fr\/wp-json\/wp\/v2\/categories?post=7909"},{"taxonomy":"post_tag","embeddable":true,"href":"https:\/\/swissbaker.ch\/fr\/wp-json\/wp\/v2\/tags?post=7909"}],"curies":[{"name":"wp","href":"https:\/\/api.w.org\/{rel}","templated":true}]}}