{"id":78895,"date":"2024-05-30T10:49:16","date_gmt":"2024-05-30T08:49:16","guid":{"rendered":"https:\/\/swissbaker.ch\/?p=78895"},"modified":"2024-05-30T15:30:01","modified_gmt":"2024-05-30T13:30:01","slug":"qui-sera-couronne-lors-du-congres","status":"publish","type":"post","link":"https:\/\/swissbaker.ch\/fr\/panissimo-news\/qui-sera-couronne-lors-du-congres\/","title":{"rendered":"Qui sera couronn\u00e9 lors du Congr\u00e8s\u2009?"},"content":{"rendered":"\n<p><strong>La tension monte \u00e0 l\u2019approche du congr\u00e8s\u2009: qui va gagner la couronne boulang\u00e8re\u2009? La s\u00e9lection des trois finalistes promet une course serr\u00e9e jusqu\u2019\u00e0 la fin\u2009: la boulangerie-charcuterie, la boulangerie artisanale r\u00e9gionale et la boulangerie pirate m\u00e9riteraient toutes le titre \u2026<\/strong><\/p>\n\n\n\n<h2 class=\"wp-block-heading\" id=\"h-gut-s-genuss-gmbh\">Gut\u2019s Genuss GmbH<\/h2>\n\n\n\n<figure class=\"wp-block-image size-large\"><img decoding=\"async\" width=\"1024\" height=\"608\" src=\"https:\/\/swissbaker.ch\/wp-content\/uploads\/2024\/05\/11_1_baeckerkrone_guts_genuss-1024x608.jpg\" alt=\"\" class=\"wp-image-78886\" srcset=\"https:\/\/swissbaker.ch\/wp-content\/uploads\/2024\/05\/11_1_baeckerkrone_guts_genuss-1024x608.jpg 1024w, https:\/\/swissbaker.ch\/wp-content\/uploads\/2024\/05\/11_1_baeckerkrone_guts_genuss-768x456.jpg 768w, https:\/\/swissbaker.ch\/wp-content\/uploads\/2024\/05\/11_1_baeckerkrone_guts_genuss.jpg 1200w\" sizes=\"(max-width: 1024px) 100vw, 1024px\" \/><figcaption class=\"wp-element-caption\"><em>Chez Gut\u2019s Genuss de Regina Gut (au centre), de succulents produits de boulangerie et de charcuterie s\u2019allient parfaitement.<\/em><\/figcaption><\/figure>\n\n\n\n<h3 class=\"wp-block-heading\" id=\"h-boulangerie-patisserie-charcuterie\">Boulangerie-p\u00e2tisserie-charcuterie<\/h3>\n\n\n\n<p>A Wolfenschiessen (NW), Gut\u2019s Genuss r\u00e9unit deux artisanats sous son toit\u2009: outre le fournil, Regina Gut, boulang\u00e8re-p\u00e2tissi\u00e8re de formation, dirige en effet sa propre charcuterie. Appr\u00e9ci\u00e9s dans les deux secteurs, les produits de charcuterie et de boulangerie de l\u2019entreprise ont d\u2019ores et d\u00e9j\u00e0 brill\u00e9 tant au Swiss Bakery Trophy qu\u2019au concours suisse des m\u00e9tiers de la viande. Regina Gut a toutefois un faible particulier pour la boulangerie-confiserie, comme le montre son engagement dans la branche\u2009: pr\u00e9sidente des boulangers-confiseurs obwaldiens et nidwaldiens, elle fait \u00e9galement partie des membres fondateurs du label de qualit\u00e9 chornwald.ch, et compte parmi les premi\u00e8res femmes \u00e0 avoir \u00e9t\u00e9 admises dans la Zunft zur Pfistern, d\u00e9but mai de cette ann\u00e9e.<br><a href=\"http:\/\/guts-genuss.ch\" target=\"_blank\" rel=\"noreferrer noopener\">guts-genuss.ch<\/a><\/p>\n\n\n\n<hr class=\"wp-block-separator has-alpha-channel-opacity\"\/>\n\n\n\n<h2 class=\"wp-block-heading\" id=\"h-piraten-backerei-sollberger\">Piraten-B\u00e4ckerei Sollberger<\/h2>\n\n\n\n<figure class=\"wp-block-image size-large\"><img decoding=\"async\" width=\"1024\" height=\"608\" src=\"https:\/\/swissbaker.ch\/wp-content\/uploads\/2024\/05\/11_1_baeckerkrone_sollberger-1024x608.jpg\" alt=\"\" class=\"wp-image-78883\" srcset=\"https:\/\/swissbaker.ch\/wp-content\/uploads\/2024\/05\/11_1_baeckerkrone_sollberger-1024x608.jpg 1024w, https:\/\/swissbaker.ch\/wp-content\/uploads\/2024\/05\/11_1_baeckerkrone_sollberger-768x456.jpg 768w, https:\/\/swissbaker.ch\/wp-content\/uploads\/2024\/05\/11_1_baeckerkrone_sollberger.jpg 1200w\" sizes=\"(max-width: 1024px) 100vw, 1024px\" \/><figcaption class=\"wp-element-caption\"><em>La famille propri\u00e9taire \u00e9merveille petits et grands avec sa pr\u00e9sentation hors du commun.<\/em><\/figcaption><\/figure>\n\n\n\n<h3 class=\"wp-block-heading\" id=\"h-l-equipage-de-pirates-de-la-campagne-de-promotion-de-la-releve\">L\u2019\u00e9quipage de pirates de la campagne de promotion de la rel\u00e8ve<\/h3>\n\n\n\n<p>Pour autant qu\u2019elles ne connaissent pas encore le nom de Sollberger, les jeunes g\u00e9n\u00e9rations devraient notamment bient\u00f4t en entendre parler. Kevin Sollberger, qui s\u2019est vu d\u00e9cerner le titre de formateur de l\u2019ann\u00e9e dans le secteur de la boulangerie-confiserie en 2023, est en effet le propri\u00e9taire de la Piraten-B\u00e4ckerei de Gontenschwil (AG), vou\u00e9e \u00e0 jouer un r\u00f4le cl\u00e9 dans la campagne de promotion de la rel\u00e8ve en 2024, et donc actuellement omnipr\u00e9sente sur les r\u00e9seaux sociaux. Il g\u00e8re avec son \u00e9pouse Stefanie, copropri\u00e9taire et sp\u00e9cialiste du commerce de d\u00e9tail en boulangerie-confiserie, la boulangerie \u00e9v\u00e8nementielle Sollberger \u2013 se voulant un bastion de pirates. Quel que soit le d\u00e9fi \u00e0 relever, les \u00ab\u2009good vibes\u2009\u00bb sont garanties lorsque les deux propri\u00e9taires r\u00e9pondant aux surnoms de Captain Canap\u00e9 et Captain Tscheggee hissent les voiles.<br><a href=\"http:\/\/sollberger-beck.ch\" target=\"_blank\" rel=\"noreferrer noopener\">sollberger-beck.ch<\/a><\/p>\n\n\n\n<hr class=\"wp-block-separator has-alpha-channel-opacity\"\/>\n\n\n\n<h2 class=\"wp-block-heading\" id=\"h-toggenburger-brothandwerk\">Toggenburger Brothandwerk<\/h2>\n\n\n\n<figure class=\"wp-block-image size-large\"><img decoding=\"async\" width=\"1024\" height=\"608\" src=\"https:\/\/swissbaker.ch\/wp-content\/uploads\/2024\/05\/11_1_baeckerkrone_hinder_toggenburg-1024x608.jpg\" alt=\"\" class=\"wp-image-78879\" srcset=\"https:\/\/swissbaker.ch\/wp-content\/uploads\/2024\/05\/11_1_baeckerkrone_hinder_toggenburg-1024x608.jpg 1024w, https:\/\/swissbaker.ch\/wp-content\/uploads\/2024\/05\/11_1_baeckerkrone_hinder_toggenburg-768x456.jpg 768w, https:\/\/swissbaker.ch\/wp-content\/uploads\/2024\/05\/11_1_baeckerkrone_hinder_toggenburg.jpg 1200w\" sizes=\"(max-width: 1024px) 100vw, 1024px\" \/><figcaption class=\"wp-element-caption\"><em>Manuel Hinder (\u00e0 gauche) est finaliste de la couronne boulang\u00e8re alors qu\u2019il vient tout juste de fonder Toggenburger Brothandwerk.<\/em><\/figcaption><\/figure>\n\n\n\n<p>\u00ab\u2009Back to the Roots\u2009\u00bb \u2013 retour aux sources de la boulangerie Propri\u00e9taire de sa boulangerie depuis moins de deux ans et d\u00e9j\u00e0 finaliste de la couronne boulang\u00e8re. Quel est le secret de Manuel Hinder, qui dirige Toggenburger Brothandwerk \u00e0 Neu St. Johann (SG)\u2009? Peut-\u00eatre son ing\u00e9nieux slogan \u00ab\u2009Back to the Roots\u2009\u00bb\u2009; pr\u00f4nant un retour aux sources de la boulangerie. Ou son assortiment de pains audacieux, dont les cr\u00e9ations originales \u00ab\u2009Tonka Tonka\u2009\u00bb, \u00ab\u2009Beschwipste Feige\u2009\u00bb, \u00ab\u2009Kernen Kurkuma\u2009\u00bb pour ne citer qu\u2019elles, qui l\u2019a catapult\u00e9 dans le top 10 des boulangeries suisses pr\u00e9f\u00e9r\u00e9es dans un sondage r\u00e9alis\u00e9 par \u00ab\u200920 minutes\u2009\u00bb aupr\u00e8s de son lectorat. Son penchant pour l\u2019exotisme n\u2019emp\u00eache pas Manuel Hinder d\u2019\u00eatre ancr\u00e9 sur sol saint-gallois, sachant que dans sa vision, l\u2019assortiment de grands pains ne devrait contenir plus que de la farine toggenbourgeoise \u00e0 partir de 2025.<br><a href=\"http:\/\/brothandwerk.ch\" target=\"_blank\" rel=\"noreferrer noopener\">brothandwerk.ch<\/a><\/p>\n\n\n\n<hr class=\"wp-block-separator has-alpha-channel-opacity\"\/>\n\n\n\n<h2 class=\"wp-block-heading\" id=\"h-la-couronne-boulangere\">La couronne boulang\u00e8re<\/h2>\n\n\n\n<p>Inventivit\u00e9, professionnalisme, talent et engagement extraordinaire sont les ma\u00eetres mots de la distinction que repr\u00e9sente la couronne boulang\u00e8re\u2009; dot\u00e9e d\u2019un prix de 15\u2009000\u202ffrancs. La BCS et l\u2019Union suisse de la levure (SHV) d\u00e9cernent pour la douzi\u00e8me fois le prix cr\u00e9\u00e9 par cette derni\u00e8re. La couronne boulang\u00e8re r\u00e9compense des boulangers et des confiseurs qui se distinguent par leurs actions exceptionnelles dans le domaine social, \u00e9conomique, professionnel ou \u00e9cologique. L\u2019actuel laur\u00e9at est Giuseppe \u00ab\u2009Mastro Piff\u2009\u00bb Piffaretti, propri\u00e9taire de La Bottega del Fornaio \u00e0 Mendrisio (TI).<br><a href=\"http:\/\/couronneboulangere.ch\" target=\"_blank\" rel=\"noreferrer noopener\">couronneboulangere.ch<\/a><\/p>\n\n\n\n<p class=\"has-text-align-right\"><em>Diego Schwerzmann<\/em><\/p>\n","protected":false},"excerpt":{"rendered":"<p>La tension monte \u00e0 l\u2019approche du congr\u00e8s\u2009: qui va gagner la couronne boulang\u00e8re\u2009? La s\u00e9lection des trois finalistes promet une course serr\u00e9e jusqu\u2019\u00e0 la fin\u2009: la boulangerie charcuterie, la boulangerie artisanale r\u00e9gionale et la boulangerie pirate m\u00e9riteraient toutes le titre &#8230;<\/p>\n","protected":false},"author":5,"featured_media":78896,"comment_status":"closed","ping_status":"closed","sticky":true,"template":"","format":"standard","meta":{"_acf_changed":false,"footnotes":""},"categories":[41,42],"tags":[378,376,369,374,367,377],"class_list":["post-78895","post","type-post","status-publish","format-standard","has-post-thumbnail","hentry","category-association","category-boulangeries-confiseries","tag-boulangers-confiseurs-suisse","tag-couronne-boulangere-2024","tag-guts-genuss-gmbh","tag-piraten-backerei-sollberger","tag-toggenburger-brothandwerk","tag-union-suisse-de-la-levure"],"acf":[],"yoast_head":"<!-- This site is optimized with the Yoast SEO Premium plugin v26.8 (Yoast SEO v26.8) - https:\/\/yoast.com\/product\/yoast-seo-premium-wordpress\/ -->\n<title>Qui sera couronn\u00e9 lors du Congr\u00e8s\u2009? | SBC<\/title>\n<meta name=\"description\" content=\"La s\u00e9lection des trois finalistes promet une course serr\u00e9e jusqu\u2019\u00e0 la fin\u2009: la boulangerie-charcuterie, la boulangerie artisanale r\u00e9gionale et la boulangerie pirate m\u00e9riteraient toutes le titre \u2026\" \/>\n<meta name=\"robots\" content=\"index, follow, max-snippet:-1, max-image-preview:large, max-video-preview:-1\" \/>\n<link rel=\"canonical\" href=\"https:\/\/swissbaker.ch\/fr\/panissimo-news\/qui-sera-couronne-lors-du-congres\/\" \/>\n<meta property=\"og:locale\" content=\"fr_FR\" \/>\n<meta property=\"og:type\" content=\"article\" \/>\n<meta property=\"og:title\" content=\"Qui sera couronn\u00e9 lors du Congr\u00e8s\u2009?\" \/>\n<meta property=\"og:description\" content=\"La s\u00e9lection des trois finalistes promet une course serr\u00e9e jusqu\u2019\u00e0 la fin\u2009: la boulangerie-charcuterie, la boulangerie artisanale r\u00e9gionale et la boulangerie pirate m\u00e9riteraient toutes le titre \u2026\" \/>\n<meta property=\"og:url\" content=\"https:\/\/swissbaker.ch\/fr\/panissimo-news\/qui-sera-couronne-lors-du-congres\/\" \/>\n<meta property=\"og:site_name\" content=\"SBC\" \/>\n<meta property=\"article:publisher\" content=\"https:\/\/www.facebook.com\/swissbaker.ch\" \/>\n<meta property=\"article:published_time\" content=\"2024-05-30T08:49:16+00:00\" \/>\n<meta property=\"article:modified_time\" content=\"2024-05-30T13:30:01+00:00\" \/>\n<meta property=\"og:image\" content=\"https:\/\/swissbaker.ch\/wp-content\/uploads\/2024\/05\/11_1_baeckerkrone_2024_fr.jpg\" \/>\n\t<meta property=\"og:image:width\" content=\"1200\" \/>\n\t<meta property=\"og:image:height\" content=\"712\" \/>\n\t<meta property=\"og:image:type\" content=\"image\/jpeg\" \/>\n<meta name=\"author\" content=\"Simon Nussbaum\" \/>\n<meta name=\"twitter:card\" content=\"summary_large_image\" \/>\n<meta name=\"twitter:creator\" content=\"@ch_swissbaker\" \/>\n<meta name=\"twitter:site\" content=\"@ch_swissbaker\" \/>\n<meta name=\"twitter:label1\" content=\"Written by\" \/>\n\t<meta name=\"twitter:data1\" content=\"Simon Nussbaum\" \/>\n\t<meta name=\"twitter:label2\" content=\"Est. reading time\" \/>\n\t<meta name=\"twitter:data2\" content=\"3 minutes\" \/>\n<script type=\"application\/ld+json\" class=\"yoast-schema-graph\">{\"@context\":\"https:\/\/schema.org\",\"@graph\":[{\"@type\":\"Article\",\"@id\":\"https:\/\/swissbaker.ch\/fr\/panissimo-news\/qui-sera-couronne-lors-du-congres\/#article\",\"isPartOf\":{\"@id\":\"https:\/\/swissbaker.ch\/fr\/panissimo-news\/qui-sera-couronne-lors-du-congres\/\"},\"author\":{\"name\":\"Simon Nussbaum\",\"@id\":\"https:\/\/swissbaker.ch\/fr\/#\/schema\/person\/74bd327b08c18ca6042c02ff6f0ed5e2\"},\"headline\":\"Qui sera couronn\u00e9 lors du Congr\u00e8s\u2009?\",\"datePublished\":\"2024-05-30T08:49:16+00:00\",\"dateModified\":\"2024-05-30T13:30:01+00:00\",\"mainEntityOfPage\":{\"@id\":\"https:\/\/swissbaker.ch\/fr\/panissimo-news\/qui-sera-couronne-lors-du-congres\/\"},\"wordCount\":666,\"publisher\":{\"@id\":\"https:\/\/swissbaker.ch\/fr\/#organization\"},\"image\":{\"@id\":\"https:\/\/swissbaker.ch\/fr\/panissimo-news\/qui-sera-couronne-lors-du-congres\/#primaryimage\"},\"thumbnailUrl\":\"https:\/\/swissbaker.ch\/wp-content\/uploads\/2024\/05\/11_1_baeckerkrone_2024_fr.jpg\",\"keywords\":[\"Boulangers-Confiseurs Suisse\",\"Couronne boulang\u00e8re 2024\",\"Gut's Genuss GmbH\",\"Piraten-B\u00e4ckerei Sollberger\",\"Toggenburger Brothandwerk\",\"Union suisse de la levure\"],\"articleSection\":[\"Association\",\"Boulangeries\/Confiseries\"],\"inLanguage\":\"fr-FR\"},{\"@type\":\"WebPage\",\"@id\":\"https:\/\/swissbaker.ch\/fr\/panissimo-news\/qui-sera-couronne-lors-du-congres\/\",\"url\":\"https:\/\/swissbaker.ch\/fr\/panissimo-news\/qui-sera-couronne-lors-du-congres\/\",\"name\":\"Qui sera couronn\u00e9 lors du Congr\u00e8s\u2009? | SBC\",\"isPartOf\":{\"@id\":\"https:\/\/swissbaker.ch\/fr\/#website\"},\"primaryImageOfPage\":{\"@id\":\"https:\/\/swissbaker.ch\/fr\/panissimo-news\/qui-sera-couronne-lors-du-congres\/#primaryimage\"},\"image\":{\"@id\":\"https:\/\/swissbaker.ch\/fr\/panissimo-news\/qui-sera-couronne-lors-du-congres\/#primaryimage\"},\"thumbnailUrl\":\"https:\/\/swissbaker.ch\/wp-content\/uploads\/2024\/05\/11_1_baeckerkrone_2024_fr.jpg\",\"datePublished\":\"2024-05-30T08:49:16+00:00\",\"dateModified\":\"2024-05-30T13:30:01+00:00\",\"description\":\"La s\u00e9lection des trois finalistes promet une course serr\u00e9e jusqu\u2019\u00e0 la fin\u2009: la boulangerie-charcuterie, la boulangerie artisanale r\u00e9gionale et la boulangerie pirate m\u00e9riteraient toutes le titre \u2026\",\"breadcrumb\":{\"@id\":\"https:\/\/swissbaker.ch\/fr\/panissimo-news\/qui-sera-couronne-lors-du-congres\/#breadcrumb\"},\"inLanguage\":\"fr-FR\",\"potentialAction\":[{\"@type\":\"ReadAction\",\"target\":[\"https:\/\/swissbaker.ch\/fr\/panissimo-news\/qui-sera-couronne-lors-du-congres\/\"]}]},{\"@type\":\"ImageObject\",\"inLanguage\":\"fr-FR\",\"@id\":\"https:\/\/swissbaker.ch\/fr\/panissimo-news\/qui-sera-couronne-lors-du-congres\/#primaryimage\",\"url\":\"https:\/\/swissbaker.ch\/wp-content\/uploads\/2024\/05\/11_1_baeckerkrone_2024_fr.jpg\",\"contentUrl\":\"https:\/\/swissbaker.ch\/wp-content\/uploads\/2024\/05\/11_1_baeckerkrone_2024_fr.jpg\",\"width\":1200,\"height\":712},{\"@type\":\"BreadcrumbList\",\"@id\":\"https:\/\/swissbaker.ch\/fr\/panissimo-news\/qui-sera-couronne-lors-du-congres\/#breadcrumb\",\"itemListElement\":[{\"@type\":\"ListItem\",\"position\":1,\"name\":\"\",\"item\":\"https:\/\/swissbaker.ch\/fr\/\"},{\"@type\":\"ListItem\",\"position\":2,\"name\":\"Association\",\"item\":\"https:\/\/swissbaker.ch\/fr\/panissimo-news\/category\/association\/\"},{\"@type\":\"ListItem\",\"position\":3,\"name\":\"Qui sera couronn\u00e9 lors du Congr\u00e8s\u2009?\"}]},{\"@type\":\"WebSite\",\"@id\":\"https:\/\/swissbaker.ch\/fr\/#website\",\"url\":\"https:\/\/swissbaker.ch\/fr\/\",\"name\":\"SBC\",\"description\":\"\",\"publisher\":{\"@id\":\"https:\/\/swissbaker.ch\/fr\/#organization\"},\"potentialAction\":[{\"@type\":\"SearchAction\",\"target\":{\"@type\":\"EntryPoint\",\"urlTemplate\":\"https:\/\/swissbaker.ch\/fr\/?s={search_term_string}\"},\"query-input\":{\"@type\":\"PropertyValueSpecification\",\"valueRequired\":true,\"valueName\":\"search_term_string\"}}],\"inLanguage\":\"fr-FR\"},{\"@type\":\"Organization\",\"@id\":\"https:\/\/swissbaker.ch\/fr\/#organization\",\"name\":\"Schweizerischer B\u00e4cker-Confiseurmeister-Verband\",\"url\":\"https:\/\/swissbaker.ch\/fr\/\",\"logo\":{\"@type\":\"ImageObject\",\"inLanguage\":\"fr-FR\",\"@id\":\"https:\/\/swissbaker.ch\/fr\/#\/schema\/logo\/image\/\",\"url\":\"https:\/\/swissbaker.ch\/wp-content\/uploads\/2022\/04\/sbc-logo-yoast.jpg\",\"contentUrl\":\"https:\/\/swissbaker.ch\/wp-content\/uploads\/2022\/04\/sbc-logo-yoast.jpg\",\"width\":512,\"height\":512,\"caption\":\"Schweizerischer B\u00e4cker-Confiseurmeister-Verband\"},\"image\":{\"@id\":\"https:\/\/swissbaker.ch\/fr\/#\/schema\/logo\/image\/\"},\"sameAs\":[\"https:\/\/www.facebook.com\/swissbaker.ch\",\"https:\/\/x.com\/ch_swissbaker\"]},{\"@type\":\"Person\",\"@id\":\"https:\/\/swissbaker.ch\/fr\/#\/schema\/person\/74bd327b08c18ca6042c02ff6f0ed5e2\",\"name\":\"Simon Nussbaum\",\"image\":{\"@type\":\"ImageObject\",\"inLanguage\":\"fr-FR\",\"@id\":\"https:\/\/swissbaker.ch\/fr\/#\/schema\/person\/image\/\",\"url\":\"https:\/\/secure.gravatar.com\/avatar\/df0eced3bb556c806cb760cf503ade1ed1df25b4104d80d6fd28d93a9509aa12?s=96&d=mm&r=g\",\"contentUrl\":\"https:\/\/secure.gravatar.com\/avatar\/df0eced3bb556c806cb760cf503ade1ed1df25b4104d80d6fd28d93a9509aa12?s=96&d=mm&r=g\",\"caption\":\"Simon Nussbaum\"},\"url\":\"https:\/\/swissbaker.ch\/fr\/panissimo-news\/author\/simon-nussbaum\/\"}]}<\/script>\n<!-- \/ Yoast SEO Premium plugin. -->","yoast_head_json":{"title":"Qui sera couronn\u00e9 lors du Congr\u00e8s\u2009? | SBC","description":"La s\u00e9lection des trois finalistes promet une course serr\u00e9e jusqu\u2019\u00e0 la fin\u2009: la boulangerie-charcuterie, la boulangerie artisanale r\u00e9gionale et la boulangerie pirate m\u00e9riteraient toutes le titre \u2026","robots":{"index":"index","follow":"follow","max-snippet":"max-snippet:-1","max-image-preview":"max-image-preview:large","max-video-preview":"max-video-preview:-1"},"canonical":"https:\/\/swissbaker.ch\/fr\/panissimo-news\/qui-sera-couronne-lors-du-congres\/","og_locale":"fr_FR","og_type":"article","og_title":"Qui sera couronn\u00e9 lors du Congr\u00e8s\u2009?","og_description":"La s\u00e9lection des trois finalistes promet une course serr\u00e9e jusqu\u2019\u00e0 la fin\u2009: la boulangerie-charcuterie, la boulangerie artisanale r\u00e9gionale et la boulangerie pirate m\u00e9riteraient toutes le titre \u2026","og_url":"https:\/\/swissbaker.ch\/fr\/panissimo-news\/qui-sera-couronne-lors-du-congres\/","og_site_name":"SBC","article_publisher":"https:\/\/www.facebook.com\/swissbaker.ch","article_published_time":"2024-05-30T08:49:16+00:00","article_modified_time":"2024-05-30T13:30:01+00:00","og_image":[{"width":1200,"height":712,"url":"https:\/\/swissbaker.ch\/wp-content\/uploads\/2024\/05\/11_1_baeckerkrone_2024_fr.jpg","type":"image\/jpeg"}],"author":"Simon Nussbaum","twitter_card":"summary_large_image","twitter_creator":"@ch_swissbaker","twitter_site":"@ch_swissbaker","twitter_misc":{"Written by":"Simon Nussbaum","Est. reading time":"3 minutes"},"schema":{"@context":"https:\/\/schema.org","@graph":[{"@type":"Article","@id":"https:\/\/swissbaker.ch\/fr\/panissimo-news\/qui-sera-couronne-lors-du-congres\/#article","isPartOf":{"@id":"https:\/\/swissbaker.ch\/fr\/panissimo-news\/qui-sera-couronne-lors-du-congres\/"},"author":{"name":"Simon Nussbaum","@id":"https:\/\/swissbaker.ch\/fr\/#\/schema\/person\/74bd327b08c18ca6042c02ff6f0ed5e2"},"headline":"Qui sera couronn\u00e9 lors du Congr\u00e8s\u2009?","datePublished":"2024-05-30T08:49:16+00:00","dateModified":"2024-05-30T13:30:01+00:00","mainEntityOfPage":{"@id":"https:\/\/swissbaker.ch\/fr\/panissimo-news\/qui-sera-couronne-lors-du-congres\/"},"wordCount":666,"publisher":{"@id":"https:\/\/swissbaker.ch\/fr\/#organization"},"image":{"@id":"https:\/\/swissbaker.ch\/fr\/panissimo-news\/qui-sera-couronne-lors-du-congres\/#primaryimage"},"thumbnailUrl":"https:\/\/swissbaker.ch\/wp-content\/uploads\/2024\/05\/11_1_baeckerkrone_2024_fr.jpg","keywords":["Boulangers-Confiseurs Suisse","Couronne boulang\u00e8re 2024","Gut's Genuss GmbH","Piraten-B\u00e4ckerei Sollberger","Toggenburger Brothandwerk","Union suisse de la levure"],"articleSection":["Association","Boulangeries\/Confiseries"],"inLanguage":"fr-FR"},{"@type":"WebPage","@id":"https:\/\/swissbaker.ch\/fr\/panissimo-news\/qui-sera-couronne-lors-du-congres\/","url":"https:\/\/swissbaker.ch\/fr\/panissimo-news\/qui-sera-couronne-lors-du-congres\/","name":"Qui sera couronn\u00e9 lors du Congr\u00e8s\u2009? | SBC","isPartOf":{"@id":"https:\/\/swissbaker.ch\/fr\/#website"},"primaryImageOfPage":{"@id":"https:\/\/swissbaker.ch\/fr\/panissimo-news\/qui-sera-couronne-lors-du-congres\/#primaryimage"},"image":{"@id":"https:\/\/swissbaker.ch\/fr\/panissimo-news\/qui-sera-couronne-lors-du-congres\/#primaryimage"},"thumbnailUrl":"https:\/\/swissbaker.ch\/wp-content\/uploads\/2024\/05\/11_1_baeckerkrone_2024_fr.jpg","datePublished":"2024-05-30T08:49:16+00:00","dateModified":"2024-05-30T13:30:01+00:00","description":"La s\u00e9lection des trois finalistes promet une course serr\u00e9e jusqu\u2019\u00e0 la fin\u2009: la boulangerie-charcuterie, la boulangerie artisanale r\u00e9gionale et la boulangerie pirate m\u00e9riteraient toutes le titre \u2026","breadcrumb":{"@id":"https:\/\/swissbaker.ch\/fr\/panissimo-news\/qui-sera-couronne-lors-du-congres\/#breadcrumb"},"inLanguage":"fr-FR","potentialAction":[{"@type":"ReadAction","target":["https:\/\/swissbaker.ch\/fr\/panissimo-news\/qui-sera-couronne-lors-du-congres\/"]}]},{"@type":"ImageObject","inLanguage":"fr-FR","@id":"https:\/\/swissbaker.ch\/fr\/panissimo-news\/qui-sera-couronne-lors-du-congres\/#primaryimage","url":"https:\/\/swissbaker.ch\/wp-content\/uploads\/2024\/05\/11_1_baeckerkrone_2024_fr.jpg","contentUrl":"https:\/\/swissbaker.ch\/wp-content\/uploads\/2024\/05\/11_1_baeckerkrone_2024_fr.jpg","width":1200,"height":712},{"@type":"BreadcrumbList","@id":"https:\/\/swissbaker.ch\/fr\/panissimo-news\/qui-sera-couronne-lors-du-congres\/#breadcrumb","itemListElement":[{"@type":"ListItem","position":1,"name":"","item":"https:\/\/swissbaker.ch\/fr\/"},{"@type":"ListItem","position":2,"name":"Association","item":"https:\/\/swissbaker.ch\/fr\/panissimo-news\/category\/association\/"},{"@type":"ListItem","position":3,"name":"Qui sera couronn\u00e9 lors du Congr\u00e8s\u2009?"}]},{"@type":"WebSite","@id":"https:\/\/swissbaker.ch\/fr\/#website","url":"https:\/\/swissbaker.ch\/fr\/","name":"SBC","description":"","publisher":{"@id":"https:\/\/swissbaker.ch\/fr\/#organization"},"potentialAction":[{"@type":"SearchAction","target":{"@type":"EntryPoint","urlTemplate":"https:\/\/swissbaker.ch\/fr\/?s={search_term_string}"},"query-input":{"@type":"PropertyValueSpecification","valueRequired":true,"valueName":"search_term_string"}}],"inLanguage":"fr-FR"},{"@type":"Organization","@id":"https:\/\/swissbaker.ch\/fr\/#organization","name":"Schweizerischer B\u00e4cker-Confiseurmeister-Verband","url":"https:\/\/swissbaker.ch\/fr\/","logo":{"@type":"ImageObject","inLanguage":"fr-FR","@id":"https:\/\/swissbaker.ch\/fr\/#\/schema\/logo\/image\/","url":"https:\/\/swissbaker.ch\/wp-content\/uploads\/2022\/04\/sbc-logo-yoast.jpg","contentUrl":"https:\/\/swissbaker.ch\/wp-content\/uploads\/2022\/04\/sbc-logo-yoast.jpg","width":512,"height":512,"caption":"Schweizerischer B\u00e4cker-Confiseurmeister-Verband"},"image":{"@id":"https:\/\/swissbaker.ch\/fr\/#\/schema\/logo\/image\/"},"sameAs":["https:\/\/www.facebook.com\/swissbaker.ch","https:\/\/x.com\/ch_swissbaker"]},{"@type":"Person","@id":"https:\/\/swissbaker.ch\/fr\/#\/schema\/person\/74bd327b08c18ca6042c02ff6f0ed5e2","name":"Simon Nussbaum","image":{"@type":"ImageObject","inLanguage":"fr-FR","@id":"https:\/\/swissbaker.ch\/fr\/#\/schema\/person\/image\/","url":"https:\/\/secure.gravatar.com\/avatar\/df0eced3bb556c806cb760cf503ade1ed1df25b4104d80d6fd28d93a9509aa12?s=96&d=mm&r=g","contentUrl":"https:\/\/secure.gravatar.com\/avatar\/df0eced3bb556c806cb760cf503ade1ed1df25b4104d80d6fd28d93a9509aa12?s=96&d=mm&r=g","caption":"Simon Nussbaum"},"url":"https:\/\/swissbaker.ch\/fr\/panissimo-news\/author\/simon-nussbaum\/"}]}},"_links":{"self":[{"href":"https:\/\/swissbaker.ch\/fr\/wp-json\/wp\/v2\/posts\/78895","targetHints":{"allow":["GET"]}}],"collection":[{"href":"https:\/\/swissbaker.ch\/fr\/wp-json\/wp\/v2\/posts"}],"about":[{"href":"https:\/\/swissbaker.ch\/fr\/wp-json\/wp\/v2\/types\/post"}],"author":[{"embeddable":true,"href":"https:\/\/swissbaker.ch\/fr\/wp-json\/wp\/v2\/users\/5"}],"replies":[{"embeddable":true,"href":"https:\/\/swissbaker.ch\/fr\/wp-json\/wp\/v2\/comments?post=78895"}],"version-history":[{"count":0,"href":"https:\/\/swissbaker.ch\/fr\/wp-json\/wp\/v2\/posts\/78895\/revisions"}],"wp:featuredmedia":[{"embeddable":true,"href":"https:\/\/swissbaker.ch\/fr\/wp-json\/wp\/v2\/media\/78896"}],"wp:attachment":[{"href":"https:\/\/swissbaker.ch\/fr\/wp-json\/wp\/v2\/media?parent=78895"}],"wp:term":[{"taxonomy":"category","embeddable":true,"href":"https:\/\/swissbaker.ch\/fr\/wp-json\/wp\/v2\/categories?post=78895"},{"taxonomy":"post_tag","embeddable":true,"href":"https:\/\/swissbaker.ch\/fr\/wp-json\/wp\/v2\/tags?post=78895"}],"curies":[{"name":"wp","href":"https:\/\/api.w.org\/{rel}","templated":true}]}}