{"id":78764,"date":"2024-05-22T08:43:56","date_gmt":"2024-05-22T06:43:56","guid":{"rendered":"https:\/\/swissbaker.ch\/?p=78764"},"modified":"2024-05-22T16:46:48","modified_gmt":"2024-05-22T14:46:48","slug":"du-feu-des-talibans-celui-du-fournil","status":"publish","type":"post","link":"https:\/\/swissbaker.ch\/fr\/panissimo-news\/du-feu-des-talibans-celui-du-fournil\/","title":{"rendered":"Du feu des talibans \u00e0 celui du fournil"},"content":{"rendered":"\n<p><strong>Sourd et muet, kidnapp\u00e9, bless\u00e9\u2026 Ziaudin Safi quitte l\u2019Afghanistan \u00e0 quinze ans pour \u00e9chapper aux talibans. Il fuit \u00e0 travers l\u2019Europe. L\u2019adolescent a faim, soif, est jet\u00e9 en prison, pass\u00e9 \u00e0 tabac\u2026 D\u00e9termin\u00e9, il n\u2019abandonne pas. Au bout de 14 mois, il termine son p\u00e9riple en Suisse. En 2022, il rencontre le boulanger-confiseur St\u00e9phane Oberson. Le Genevois est depuis devenu son patron.<\/strong><\/p>\n\n\n\n<p>Rien ne pr\u00e9destinait Ziaudin Safi et St\u00e9phane Oberson \u00e0 se rencontrer. Le premier est un jeune Afghan et le second un artisan exp\u00e9riment\u00e9. Leurs chemins se croisent pourtant en 2022. Le boulanger-confiseur re\u00e7oit un appel de l\u2019Organisation romande pour l\u2019int\u00e9gration et la formation professionnelle (Orif). Il collabore depuis des ann\u00e9es avec cette association qui forme des jeunes en besoin d\u2019int\u00e9gration ou atteints dans leur la sant\u00e9. <\/p>\n\n\n\n<p>Au t\u00e9l\u00e9phone, on lui propose de prendre en stage pour trois mois \u00ab\u2009un super gars\u2009\u00bb, mais \u00e0 l\u2019enfance difficile\u2009: un exil\u00e9 afghan de 19 ans. Lorsqu\u2019il accepte, on lui pr\u00e9cise un d\u00e9tail\u2009: le stagiaire en question est sourd et muet. La surprise fait place \u00e0 l\u2019h\u00e9sitation. Son interlocuteur se veut toutefois rassurant\u2009: il travaillerait bien et sera accompagn\u00e9 d\u2019un interpr\u00e8te une heure par jour. Sensible au parcours du r\u00e9fugi\u00e9, le propri\u00e9taire de la Boulangerie Oberson SA \u00e0 Vernier (GE) veut lui laisser une chance. \u00ab\u2009On est toujours en train de r\u00e2ler sur ci, sur \u00e7a\u2009; moi le premier. J\u2019avais \u00e0 pr\u00e9sent l\u2019occasion d\u2019aider quelqu\u2019un. J\u2019ai accept\u00e9\u2009!\u2009\u00bb<\/p>\n\n\n\n<figure class=\"wp-block-image size-large\"><img decoding=\"async\" width=\"1024\" height=\"608\" src=\"https:\/\/swissbaker.ch\/wp-content\/uploads\/2024\/05\/10_2_ziaudin_oberson_dolmetscher-1024x608.jpg\" alt=\"\" class=\"wp-image-78762\" srcset=\"https:\/\/swissbaker.ch\/wp-content\/uploads\/2024\/05\/10_2_ziaudin_oberson_dolmetscher-1024x608.jpg 1024w, https:\/\/swissbaker.ch\/wp-content\/uploads\/2024\/05\/10_2_ziaudin_oberson_dolmetscher-768x456.jpg 768w, https:\/\/swissbaker.ch\/wp-content\/uploads\/2024\/05\/10_2_ziaudin_oberson_dolmetscher.jpg 1200w\" sizes=\"(max-width: 1024px) 100vw, 1024px\" \/><figcaption class=\"wp-element-caption\"><em>Le boulanger-confiseur St\u00e9phane Oberson, Ziaudin Safi et son interpr\u00e8te Fran\u00e7oise Rickli<\/em><\/figcaption><\/figure>\n\n\n\n<h2 class=\"wp-block-heading\" id=\"h-employes-dubitatifs\">Employ\u00e9s dubitatifs<\/h2>\n\n\n\n<p>Sa d\u00e9cision prise, il l\u2019annonce \u00e0 ses collaborateurs. Ils sont \u00ab\u2009plus que mitig\u00e9s\u2009\u00bb\u2009: \u00ab\u2009Laurent, mon responsable de p\u00e2tisserie est, par exemple, venu me voir en me disant \u2039\u2009S\u00e9rieusement, vous ne pensez pas que c\u2019est d\u00e9j\u00e0 assez compliqu\u00e9 \u00e0 g\u00e9rer les personnes qui parlent et entendent\u2009?\u2009\u203a.\u2009\u00bb<br>La semaine suivante, Ziaudin Safi d\u00e9bute son stage accompagn\u00e9 de Fran\u00e7oise Rickli. L\u2019interpr\u00e8te s\u2019est d\u2019ailleurs prise d\u2019affection pour le jeune homme. \u00ab\u2009Grand-maman de service\u2009\u00bb, comme elle se d\u00e9finit, elle a pr\u00e9par\u00e9 une base de communication sur feuilles A4, \u00e0 l\u2019attention des autres employ\u00e9s. Ils apprennent ainsi un peu \u00e0 signer. Tout n\u2019est pas forc\u00e9ment juste, mais ils arrivent \u00e0 se faire comprendre.<\/p>\n\n\n\n<p>L\u2019int\u00e9gration est rapide, selon son patron. \u00ab\u2009Il faut reconna\u00eetre qu\u2019il avait acquis de bonnes connaissances \u00e0 l\u2019Orif, et il avait surtout la volont\u00e9 d\u2019apprendre. Il n\u2019y a qu\u2019\u00e0 voir son parcours depuis l\u2019Afghanistan (lire <em>\u00abPanissimo\u00bb du 17 mai 2024<\/em>). S\u2019il n\u2019\u00e9tait pas volontaire, il ne serait plus de ce monde depuis longtemps\u2009!\u2009\u00bb Du c\u00f4t\u00e9 du principal int\u00e9ress\u00e9, l\u2019explication est davantage li\u00e9e \u00e0 son handicap\u2009: \u00ab\u2009Nous, les sourds, nous ne parlons pas. Nous travaillons alors vite, car si nous ne faisons rien, nous nous ennuyons. (\u2026) Comme je ne peux pas m\u2019exprimer oralement, j\u2019essaie de mimer et j\u2019observe beaucoup.\u2009\u00bb<\/p>\n\n\n\n<h2 class=\"wp-block-heading\" id=\"h-regarder-c-est-a-moitie-appris\">\u00ab\u2009Regarder, c\u2019est \u00e0 moiti\u00e9 appris\u2009\u00bb<\/h2>\n\n\n\n<p>Cette caract\u00e9ristique n\u2019\u00e9chappe pas au ma\u00eetre des lieux\u2009: \u00ab\u2009Ziaudin a une facult\u00e9 \u00e0 reproduire les gestes \u00e0 l\u2019identique et du premier coup. Il incarne vraiment la devise \u2039\u2009Regarder, c\u2019est \u00e0 moiti\u00e9 appris\u2009\u203a que j\u2019inculque \u00e0 mes apprentis. &#8230;<\/p>\n\n\n\n<p class=\"has-text-align-left\"><em>&#8230;Lisez l&#8217;article complet dans \u00abPanissimo\u00bb du 17 mai 2024<\/em><\/p>\n\n\n\n<p class=\"has-text-align-right\"><em>Johann Ruppen<\/em><\/p>\n","protected":false},"excerpt":{"rendered":"<p>Sourd et muet, kidnapp\u00e9, bless\u00e9\u2026 Ziaudin Safi quitte l\u2019Afghanistan \u00e0 quinze ans pour \u00e9chapper aux talibans. Il fuit \u00e0 travers l\u2019Europe. L\u2019adolescent a faim, soif, est jet\u00e9 en prison, pass\u00e9 \u00e0 tabac\u2026 D\u00e9termin\u00e9, il n\u2019abandonne pas. Au bout de 14 mois, il termine son p\u00e9riple en Suisse. En 2022, il rencontre le boulanger-confiseur St\u00e9phane Oberson. Le Genevois est depuis devenu son patron.<\/p>\n","protected":false},"author":5,"featured_media":78760,"comment_status":"closed","ping_status":"closed","sticky":true,"template":"","format":"standard","meta":{"_acf_changed":false,"footnotes":""},"categories":[42],"tags":[],"class_list":["post-78764","post","type-post","status-publish","format-standard","has-post-thumbnail","hentry","category-boulangeries-confiseries"],"acf":[],"yoast_head":"<!-- This site is optimized with the Yoast SEO Premium plugin v26.8 (Yoast SEO v26.8) - https:\/\/yoast.com\/product\/yoast-seo-premium-wordpress\/ -->\n<title>Du feu des talibans \u00e0 celui du fournil | SBC<\/title>\n<meta name=\"robots\" content=\"index, follow, max-snippet:-1, max-image-preview:large, max-video-preview:-1\" \/>\n<link rel=\"canonical\" href=\"https:\/\/swissbaker.ch\/fr\/panissimo-news\/du-feu-des-talibans-celui-du-fournil\/\" \/>\n<meta property=\"og:locale\" content=\"fr_FR\" \/>\n<meta property=\"og:type\" content=\"article\" \/>\n<meta property=\"og:title\" content=\"Du feu des talibans \u00e0 celui du fournil\" \/>\n<meta property=\"og:description\" content=\"Sourd et muet, kidnapp\u00e9, bless\u00e9\u2026 Ziaudin Safi quitte l\u2019Afghanistan \u00e0 quinze ans pour \u00e9chapper aux talibans. Il fuit \u00e0 travers l\u2019Europe. L\u2019adolescent a faim, soif, est jet\u00e9 en prison, pass\u00e9 \u00e0 tabac\u2026 D\u00e9termin\u00e9, il n\u2019abandonne pas. Au bout de 14 mois, il termine son p\u00e9riple en Suisse. En 2022, il rencontre le boulanger-confiseur St\u00e9phane Oberson. Le Genevois est depuis devenu son patron.\" \/>\n<meta property=\"og:url\" content=\"https:\/\/swissbaker.ch\/fr\/panissimo-news\/du-feu-des-talibans-celui-du-fournil\/\" \/>\n<meta property=\"og:site_name\" content=\"SBC\" \/>\n<meta property=\"article:publisher\" content=\"https:\/\/www.facebook.com\/swissbaker.ch\" \/>\n<meta property=\"article:published_time\" content=\"2024-05-22T06:43:56+00:00\" \/>\n<meta property=\"article:modified_time\" content=\"2024-05-22T14:46:48+00:00\" \/>\n<meta property=\"og:image\" content=\"https:\/\/swissbaker.ch\/wp-content\/uploads\/2024\/05\/10_2_ziaudin_oberson.jpg\" \/>\n\t<meta property=\"og:image:width\" content=\"1200\" \/>\n\t<meta property=\"og:image:height\" content=\"712\" \/>\n\t<meta property=\"og:image:type\" content=\"image\/jpeg\" \/>\n<meta name=\"author\" content=\"Simon Nussbaum\" \/>\n<meta name=\"twitter:card\" content=\"summary_large_image\" \/>\n<meta name=\"twitter:creator\" content=\"@ch_swissbaker\" \/>\n<meta name=\"twitter:site\" content=\"@ch_swissbaker\" \/>\n<meta name=\"twitter:label1\" content=\"Written by\" \/>\n\t<meta name=\"twitter:data1\" content=\"Simon Nussbaum\" \/>\n\t<meta name=\"twitter:label2\" content=\"Est. reading time\" \/>\n\t<meta name=\"twitter:data2\" content=\"3 minutes\" \/>\n<script type=\"application\/ld+json\" class=\"yoast-schema-graph\">{\"@context\":\"https:\/\/schema.org\",\"@graph\":[{\"@type\":\"Article\",\"@id\":\"https:\/\/swissbaker.ch\/fr\/panissimo-news\/du-feu-des-talibans-celui-du-fournil\/#article\",\"isPartOf\":{\"@id\":\"https:\/\/swissbaker.ch\/fr\/panissimo-news\/du-feu-des-talibans-celui-du-fournil\/\"},\"author\":{\"name\":\"Simon Nussbaum\",\"@id\":\"https:\/\/swissbaker.ch\/fr\/#\/schema\/person\/74bd327b08c18ca6042c02ff6f0ed5e2\"},\"headline\":\"Du feu des talibans \u00e0 celui du fournil\",\"datePublished\":\"2024-05-22T06:43:56+00:00\",\"dateModified\":\"2024-05-22T14:46:48+00:00\",\"mainEntityOfPage\":{\"@id\":\"https:\/\/swissbaker.ch\/fr\/panissimo-news\/du-feu-des-talibans-celui-du-fournil\/\"},\"wordCount\":569,\"publisher\":{\"@id\":\"https:\/\/swissbaker.ch\/fr\/#organization\"},\"image\":{\"@id\":\"https:\/\/swissbaker.ch\/fr\/panissimo-news\/du-feu-des-talibans-celui-du-fournil\/#primaryimage\"},\"thumbnailUrl\":\"https:\/\/swissbaker.ch\/wp-content\/uploads\/2024\/05\/10_2_ziaudin_oberson.jpg\",\"articleSection\":[\"Boulangeries\/Confiseries\"],\"inLanguage\":\"fr-FR\"},{\"@type\":\"WebPage\",\"@id\":\"https:\/\/swissbaker.ch\/fr\/panissimo-news\/du-feu-des-talibans-celui-du-fournil\/\",\"url\":\"https:\/\/swissbaker.ch\/fr\/panissimo-news\/du-feu-des-talibans-celui-du-fournil\/\",\"name\":\"Du feu des talibans \u00e0 celui du fournil | SBC\",\"isPartOf\":{\"@id\":\"https:\/\/swissbaker.ch\/fr\/#website\"},\"primaryImageOfPage\":{\"@id\":\"https:\/\/swissbaker.ch\/fr\/panissimo-news\/du-feu-des-talibans-celui-du-fournil\/#primaryimage\"},\"image\":{\"@id\":\"https:\/\/swissbaker.ch\/fr\/panissimo-news\/du-feu-des-talibans-celui-du-fournil\/#primaryimage\"},\"thumbnailUrl\":\"https:\/\/swissbaker.ch\/wp-content\/uploads\/2024\/05\/10_2_ziaudin_oberson.jpg\",\"datePublished\":\"2024-05-22T06:43:56+00:00\",\"dateModified\":\"2024-05-22T14:46:48+00:00\",\"breadcrumb\":{\"@id\":\"https:\/\/swissbaker.ch\/fr\/panissimo-news\/du-feu-des-talibans-celui-du-fournil\/#breadcrumb\"},\"inLanguage\":\"fr-FR\",\"potentialAction\":[{\"@type\":\"ReadAction\",\"target\":[\"https:\/\/swissbaker.ch\/fr\/panissimo-news\/du-feu-des-talibans-celui-du-fournil\/\"]}]},{\"@type\":\"ImageObject\",\"inLanguage\":\"fr-FR\",\"@id\":\"https:\/\/swissbaker.ch\/fr\/panissimo-news\/du-feu-des-talibans-celui-du-fournil\/#primaryimage\",\"url\":\"https:\/\/swissbaker.ch\/wp-content\/uploads\/2024\/05\/10_2_ziaudin_oberson.jpg\",\"contentUrl\":\"https:\/\/swissbaker.ch\/wp-content\/uploads\/2024\/05\/10_2_ziaudin_oberson.jpg\",\"width\":1200,\"height\":712},{\"@type\":\"BreadcrumbList\",\"@id\":\"https:\/\/swissbaker.ch\/fr\/panissimo-news\/du-feu-des-talibans-celui-du-fournil\/#breadcrumb\",\"itemListElement\":[{\"@type\":\"ListItem\",\"position\":1,\"name\":\"\",\"item\":\"https:\/\/swissbaker.ch\/fr\/\"},{\"@type\":\"ListItem\",\"position\":2,\"name\":\"Boulangeries\/Confiseries\",\"item\":\"https:\/\/swissbaker.ch\/fr\/panissimo-news\/category\/boulangeries-confiseries\/\"},{\"@type\":\"ListItem\",\"position\":3,\"name\":\"Du feu des talibans \u00e0 celui du fournil\"}]},{\"@type\":\"WebSite\",\"@id\":\"https:\/\/swissbaker.ch\/fr\/#website\",\"url\":\"https:\/\/swissbaker.ch\/fr\/\",\"name\":\"SBC\",\"description\":\"\",\"publisher\":{\"@id\":\"https:\/\/swissbaker.ch\/fr\/#organization\"},\"potentialAction\":[{\"@type\":\"SearchAction\",\"target\":{\"@type\":\"EntryPoint\",\"urlTemplate\":\"https:\/\/swissbaker.ch\/fr\/?s={search_term_string}\"},\"query-input\":{\"@type\":\"PropertyValueSpecification\",\"valueRequired\":true,\"valueName\":\"search_term_string\"}}],\"inLanguage\":\"fr-FR\"},{\"@type\":\"Organization\",\"@id\":\"https:\/\/swissbaker.ch\/fr\/#organization\",\"name\":\"Schweizerischer B\u00e4cker-Confiseurmeister-Verband\",\"url\":\"https:\/\/swissbaker.ch\/fr\/\",\"logo\":{\"@type\":\"ImageObject\",\"inLanguage\":\"fr-FR\",\"@id\":\"https:\/\/swissbaker.ch\/fr\/#\/schema\/logo\/image\/\",\"url\":\"https:\/\/swissbaker.ch\/wp-content\/uploads\/2022\/04\/sbc-logo-yoast.jpg\",\"contentUrl\":\"https:\/\/swissbaker.ch\/wp-content\/uploads\/2022\/04\/sbc-logo-yoast.jpg\",\"width\":512,\"height\":512,\"caption\":\"Schweizerischer B\u00e4cker-Confiseurmeister-Verband\"},\"image\":{\"@id\":\"https:\/\/swissbaker.ch\/fr\/#\/schema\/logo\/image\/\"},\"sameAs\":[\"https:\/\/www.facebook.com\/swissbaker.ch\",\"https:\/\/x.com\/ch_swissbaker\"]},{\"@type\":\"Person\",\"@id\":\"https:\/\/swissbaker.ch\/fr\/#\/schema\/person\/74bd327b08c18ca6042c02ff6f0ed5e2\",\"name\":\"Simon Nussbaum\",\"image\":{\"@type\":\"ImageObject\",\"inLanguage\":\"fr-FR\",\"@id\":\"https:\/\/swissbaker.ch\/fr\/#\/schema\/person\/image\/\",\"url\":\"https:\/\/secure.gravatar.com\/avatar\/df0eced3bb556c806cb760cf503ade1ed1df25b4104d80d6fd28d93a9509aa12?s=96&d=mm&r=g\",\"contentUrl\":\"https:\/\/secure.gravatar.com\/avatar\/df0eced3bb556c806cb760cf503ade1ed1df25b4104d80d6fd28d93a9509aa12?s=96&d=mm&r=g\",\"caption\":\"Simon Nussbaum\"},\"url\":\"https:\/\/swissbaker.ch\/fr\/panissimo-news\/author\/simon-nussbaum\/\"}]}<\/script>\n<!-- \/ Yoast SEO Premium plugin. -->","yoast_head_json":{"title":"Du feu des talibans \u00e0 celui du fournil | SBC","robots":{"index":"index","follow":"follow","max-snippet":"max-snippet:-1","max-image-preview":"max-image-preview:large","max-video-preview":"max-video-preview:-1"},"canonical":"https:\/\/swissbaker.ch\/fr\/panissimo-news\/du-feu-des-talibans-celui-du-fournil\/","og_locale":"fr_FR","og_type":"article","og_title":"Du feu des talibans \u00e0 celui du fournil","og_description":"Sourd et muet, kidnapp\u00e9, bless\u00e9\u2026 Ziaudin Safi quitte l\u2019Afghanistan \u00e0 quinze ans pour \u00e9chapper aux talibans. Il fuit \u00e0 travers l\u2019Europe. L\u2019adolescent a faim, soif, est jet\u00e9 en prison, pass\u00e9 \u00e0 tabac\u2026 D\u00e9termin\u00e9, il n\u2019abandonne pas. Au bout de 14 mois, il termine son p\u00e9riple en Suisse. En 2022, il rencontre le boulanger-confiseur St\u00e9phane Oberson. Le Genevois est depuis devenu son patron.","og_url":"https:\/\/swissbaker.ch\/fr\/panissimo-news\/du-feu-des-talibans-celui-du-fournil\/","og_site_name":"SBC","article_publisher":"https:\/\/www.facebook.com\/swissbaker.ch","article_published_time":"2024-05-22T06:43:56+00:00","article_modified_time":"2024-05-22T14:46:48+00:00","og_image":[{"width":1200,"height":712,"url":"https:\/\/swissbaker.ch\/wp-content\/uploads\/2024\/05\/10_2_ziaudin_oberson.jpg","type":"image\/jpeg"}],"author":"Simon Nussbaum","twitter_card":"summary_large_image","twitter_creator":"@ch_swissbaker","twitter_site":"@ch_swissbaker","twitter_misc":{"Written by":"Simon Nussbaum","Est. reading time":"3 minutes"},"schema":{"@context":"https:\/\/schema.org","@graph":[{"@type":"Article","@id":"https:\/\/swissbaker.ch\/fr\/panissimo-news\/du-feu-des-talibans-celui-du-fournil\/#article","isPartOf":{"@id":"https:\/\/swissbaker.ch\/fr\/panissimo-news\/du-feu-des-talibans-celui-du-fournil\/"},"author":{"name":"Simon Nussbaum","@id":"https:\/\/swissbaker.ch\/fr\/#\/schema\/person\/74bd327b08c18ca6042c02ff6f0ed5e2"},"headline":"Du feu des talibans \u00e0 celui du fournil","datePublished":"2024-05-22T06:43:56+00:00","dateModified":"2024-05-22T14:46:48+00:00","mainEntityOfPage":{"@id":"https:\/\/swissbaker.ch\/fr\/panissimo-news\/du-feu-des-talibans-celui-du-fournil\/"},"wordCount":569,"publisher":{"@id":"https:\/\/swissbaker.ch\/fr\/#organization"},"image":{"@id":"https:\/\/swissbaker.ch\/fr\/panissimo-news\/du-feu-des-talibans-celui-du-fournil\/#primaryimage"},"thumbnailUrl":"https:\/\/swissbaker.ch\/wp-content\/uploads\/2024\/05\/10_2_ziaudin_oberson.jpg","articleSection":["Boulangeries\/Confiseries"],"inLanguage":"fr-FR"},{"@type":"WebPage","@id":"https:\/\/swissbaker.ch\/fr\/panissimo-news\/du-feu-des-talibans-celui-du-fournil\/","url":"https:\/\/swissbaker.ch\/fr\/panissimo-news\/du-feu-des-talibans-celui-du-fournil\/","name":"Du feu des talibans \u00e0 celui du fournil | SBC","isPartOf":{"@id":"https:\/\/swissbaker.ch\/fr\/#website"},"primaryImageOfPage":{"@id":"https:\/\/swissbaker.ch\/fr\/panissimo-news\/du-feu-des-talibans-celui-du-fournil\/#primaryimage"},"image":{"@id":"https:\/\/swissbaker.ch\/fr\/panissimo-news\/du-feu-des-talibans-celui-du-fournil\/#primaryimage"},"thumbnailUrl":"https:\/\/swissbaker.ch\/wp-content\/uploads\/2024\/05\/10_2_ziaudin_oberson.jpg","datePublished":"2024-05-22T06:43:56+00:00","dateModified":"2024-05-22T14:46:48+00:00","breadcrumb":{"@id":"https:\/\/swissbaker.ch\/fr\/panissimo-news\/du-feu-des-talibans-celui-du-fournil\/#breadcrumb"},"inLanguage":"fr-FR","potentialAction":[{"@type":"ReadAction","target":["https:\/\/swissbaker.ch\/fr\/panissimo-news\/du-feu-des-talibans-celui-du-fournil\/"]}]},{"@type":"ImageObject","inLanguage":"fr-FR","@id":"https:\/\/swissbaker.ch\/fr\/panissimo-news\/du-feu-des-talibans-celui-du-fournil\/#primaryimage","url":"https:\/\/swissbaker.ch\/wp-content\/uploads\/2024\/05\/10_2_ziaudin_oberson.jpg","contentUrl":"https:\/\/swissbaker.ch\/wp-content\/uploads\/2024\/05\/10_2_ziaudin_oberson.jpg","width":1200,"height":712},{"@type":"BreadcrumbList","@id":"https:\/\/swissbaker.ch\/fr\/panissimo-news\/du-feu-des-talibans-celui-du-fournil\/#breadcrumb","itemListElement":[{"@type":"ListItem","position":1,"name":"","item":"https:\/\/swissbaker.ch\/fr\/"},{"@type":"ListItem","position":2,"name":"Boulangeries\/Confiseries","item":"https:\/\/swissbaker.ch\/fr\/panissimo-news\/category\/boulangeries-confiseries\/"},{"@type":"ListItem","position":3,"name":"Du feu des talibans \u00e0 celui du fournil"}]},{"@type":"WebSite","@id":"https:\/\/swissbaker.ch\/fr\/#website","url":"https:\/\/swissbaker.ch\/fr\/","name":"SBC","description":"","publisher":{"@id":"https:\/\/swissbaker.ch\/fr\/#organization"},"potentialAction":[{"@type":"SearchAction","target":{"@type":"EntryPoint","urlTemplate":"https:\/\/swissbaker.ch\/fr\/?s={search_term_string}"},"query-input":{"@type":"PropertyValueSpecification","valueRequired":true,"valueName":"search_term_string"}}],"inLanguage":"fr-FR"},{"@type":"Organization","@id":"https:\/\/swissbaker.ch\/fr\/#organization","name":"Schweizerischer B\u00e4cker-Confiseurmeister-Verband","url":"https:\/\/swissbaker.ch\/fr\/","logo":{"@type":"ImageObject","inLanguage":"fr-FR","@id":"https:\/\/swissbaker.ch\/fr\/#\/schema\/logo\/image\/","url":"https:\/\/swissbaker.ch\/wp-content\/uploads\/2022\/04\/sbc-logo-yoast.jpg","contentUrl":"https:\/\/swissbaker.ch\/wp-content\/uploads\/2022\/04\/sbc-logo-yoast.jpg","width":512,"height":512,"caption":"Schweizerischer B\u00e4cker-Confiseurmeister-Verband"},"image":{"@id":"https:\/\/swissbaker.ch\/fr\/#\/schema\/logo\/image\/"},"sameAs":["https:\/\/www.facebook.com\/swissbaker.ch","https:\/\/x.com\/ch_swissbaker"]},{"@type":"Person","@id":"https:\/\/swissbaker.ch\/fr\/#\/schema\/person\/74bd327b08c18ca6042c02ff6f0ed5e2","name":"Simon Nussbaum","image":{"@type":"ImageObject","inLanguage":"fr-FR","@id":"https:\/\/swissbaker.ch\/fr\/#\/schema\/person\/image\/","url":"https:\/\/secure.gravatar.com\/avatar\/df0eced3bb556c806cb760cf503ade1ed1df25b4104d80d6fd28d93a9509aa12?s=96&d=mm&r=g","contentUrl":"https:\/\/secure.gravatar.com\/avatar\/df0eced3bb556c806cb760cf503ade1ed1df25b4104d80d6fd28d93a9509aa12?s=96&d=mm&r=g","caption":"Simon Nussbaum"},"url":"https:\/\/swissbaker.ch\/fr\/panissimo-news\/author\/simon-nussbaum\/"}]}},"_links":{"self":[{"href":"https:\/\/swissbaker.ch\/fr\/wp-json\/wp\/v2\/posts\/78764","targetHints":{"allow":["GET"]}}],"collection":[{"href":"https:\/\/swissbaker.ch\/fr\/wp-json\/wp\/v2\/posts"}],"about":[{"href":"https:\/\/swissbaker.ch\/fr\/wp-json\/wp\/v2\/types\/post"}],"author":[{"embeddable":true,"href":"https:\/\/swissbaker.ch\/fr\/wp-json\/wp\/v2\/users\/5"}],"replies":[{"embeddable":true,"href":"https:\/\/swissbaker.ch\/fr\/wp-json\/wp\/v2\/comments?post=78764"}],"version-history":[{"count":0,"href":"https:\/\/swissbaker.ch\/fr\/wp-json\/wp\/v2\/posts\/78764\/revisions"}],"wp:featuredmedia":[{"embeddable":true,"href":"https:\/\/swissbaker.ch\/fr\/wp-json\/wp\/v2\/media\/78760"}],"wp:attachment":[{"href":"https:\/\/swissbaker.ch\/fr\/wp-json\/wp\/v2\/media?parent=78764"}],"wp:term":[{"taxonomy":"category","embeddable":true,"href":"https:\/\/swissbaker.ch\/fr\/wp-json\/wp\/v2\/categories?post=78764"},{"taxonomy":"post_tag","embeddable":true,"href":"https:\/\/swissbaker.ch\/fr\/wp-json\/wp\/v2\/tags?post=78764"}],"curies":[{"name":"wp","href":"https:\/\/api.w.org\/{rel}","templated":true}]}}