{"id":78755,"date":"2024-05-22T08:07:38","date_gmt":"2024-05-22T06:07:38","guid":{"rendered":"https:\/\/swissbaker.ch\/?p=78755"},"modified":"2024-05-22T08:23:45","modified_gmt":"2024-05-22T06:23:45","slug":"atteindre-ses-objectifs-avec-engouement","status":"publish","type":"post","link":"https:\/\/swissbaker.ch\/fr\/panissimo-news\/atteindre-ses-objectifs-avec-engouement\/","title":{"rendered":"Atteindre ses objectifs avec engouement"},"content":{"rendered":"\n<p><strong>\u00c0 24 ans, j&#8217;ai d\u00e9j\u00e0 franchi de nombreuses \u00e9tapes dans ma carri\u00e8re de p\u00e2tissi\u00e8re\/confiseuse. Au printemps dernier, j&#8217;ai pass\u00e9 l&#8217;examen professionnel de cheffe boulang\u00e8re-p\u00e2tissi\u00e8re-confiseuse, et ainsi atteint l&#8217;un de mes plus grands objectifs.<\/strong><\/p>\n\n\n\n<p>Entam\u00e9 d\u00e8s mon plus jeune \u00e2ge dans la vall\u00e9e du Rhin saint-galloise, mon voyage dans le monde de la p\u00e2tisserie et de la confiserie est la preuve que l&#8217;\u00e2ge n&#8217;est qu&#8217;un chiffre lorsqu&#8217;il s&#8217;agit de poursuivre et d&#8217;atteindre des objectifs.<\/p>\n\n\n\n<h3 class=\"wp-block-heading\" id=\"h-des-debuts-precoces-des-progres-rapides\"><br><strong>Des d\u00e9buts pr\u00e9coces, des progr\u00e8s rapides<\/strong><\/h3>\n\n\n\n<p>Je me suis tr\u00e8s t\u00f4t d\u00e9couvert une vocation pour la p\u00e2tisserie et la confiserie notamment. Cet engouement pr\u00e9coce m&#8217;a men\u00e9e \u00e0 un apprentissage de p\u00e2tissi\u00e8re-confiseuse \u00e0 Buchs\u00a0(SG), o\u00f9 j&#8217;ai pu apprendre les bases de ce m\u00e9tier. Mais j&#8217;ai toujours voulu aller plus loin: j&#8217;ai compris d\u00e8s mon apprentissage que je voulais me perfectionner et approfondir mes connaissances professionnelles. Cette d\u00e9termination m&#8217;a amen\u00e9e \u00e0 viser l&#8217;examen professionnel de cheffe boulang\u00e8re-p\u00e2tissi\u00e8re-confiseuse. Peu de temps apr\u00e8s avoir termin\u00e9 mon apprentissage, j&#8217;ai donc commenc\u00e9 \u00e0 suivre diff\u00e9rentes formations continues \u00e0 l&#8217;Ecole professionnelle Richemont, jusqu&#8217;\u00e0 ce que je puisse commencer le cours de pr\u00e9paration \u00e0 l&#8217;examen professionnel \u00e0 l&#8217;automne 2021. <\/p>\n\n\n\n<p>Pour pouvoir atteindre mon objectif, j&#8217;ai chang\u00e9 d&#8217;emploi et commenc\u00e9 \u00e0 travailler chez B\u00f6hli AG \u00e0 Appenzell, et continue \u00e0 le faire aujourd&#8217;hui. En d\u00e9crochant mon dipl\u00f4me avec une note finale de 5,2 \u00e0 l&#8217;Ecole professionnelle Richemont, j&#8217;ai non seulement d\u00e9montr\u00e9 mes capacit\u00e9s, mais aussi prouv\u00e9 qu\u2019il n\u2019y a pas de limite d\u2019\u00e2ge pour l&#8217;enthousiasme et la ferveur.<\/p>\n\n\n\n<h3 class=\"wp-block-heading\" id=\"h-le-defi-d-un-poste-de-jeune-cadre\"><strong>Le d\u00e9fi d\u2019un poste de jeune cadre<\/strong><\/h3>\n\n\n\n<p>\u00catre une jeune cadre dans le monde traditionnel de la p\u00e2tisserie et de la confiserie exige, outre des comp\u00e9tences professionnelles, une grande empathie, une capacit\u00e9 \u00e0 s&#8217;imposer et un esprit d&#8217;innovation. \u00c0 24 ans, le fait de devoir non seulement diriger une \u00e9quipe, mais aussi assumer la responsabilit\u00e9 de la production du d\u00e9partement p\u00e2tisserie-confiserie, qui compte trois personnes en formation et une vingtaine de professionnels et professionnelles, me confronte chaque jour \u00e0 de nouveaux d\u00e9fis. Mais c&#8217;est pr\u00e9cis\u00e9ment cette dynamique qui rend mon travail enrichissant. Je suis heureuse d&#8217;avoir d\u00e9j\u00e0 accompli tant de choses et je consid\u00e8re qu&#8217;il est de mon devoir d&#8217;\u00eatre un mod\u00e8le pour les jeunes talents du secteur et de les encourager.<\/p>\n\n\n\n<h3 class=\"wp-block-heading\" id=\"h-ma-motivation-et-mes-valeurs\"><strong>Ma motivation et mes valeurs<\/strong><\/h3>\n\n\n\n<p>Je puise ma motivation dans ma passion pour mon m\u00e9tier et dans mon d\u00e9sir de transmettre mon savoir. Mon c\u0153ur bat particuli\u00e8rement pour le travail de la couverture, qui allie parfaitement notre savoir-faire et notre artisanat, unique en son genre. C&#8217;est le plaisir de la cr\u00e9ativit\u00e9 qui me motive \u00e0 donner chaque jour le meilleur de moi-m\u00eame pour faire na\u00eetre un sourire sur les l\u00e8vres de la client\u00e8le.<\/p>\n\n\n\n<p>J&#8217;attache une grande importance \u00e0 la qualit\u00e9 de mes relations avec mes collaborateurs et collaboratrices, le respect \u00e9tant primordial. Nous r\u00e9alisons de grandes choses en \u00e9quipe, et je m&#8217;efforce d&#8217;am\u00e9liorer continuellement mes comp\u00e9tences de leadership pour \u00eatre la meilleure possible en la mati\u00e8re. Ce qui m\u2019aide \u00e0 cet \u00e9gard, c\u2019est la pratique r\u00e9guli\u00e8re du kickboxing pendant mon temps libre, un hobby qui me donne non seulement de la force physique, mais aussi de la force mentale et de la discipline \u2013 des qualit\u00e9s indispensables dans mon r\u00f4le de cadre. Cet \u00e9quilibre entre passion professionnelle et d\u00e9fi personnel dans le kickboxing m&#8217;enrichit encore davantage.<\/p>\n\n\n\n<hr class=\"wp-block-separator has-alpha-channel-opacity\"\/>\n\n\n\n<p class=\"has-text-align-center has-text-color has-link-color wp-elements-a79ec2ff08650994d61936cf085ce556\" style=\"color:#cc9933;font-size:22px;font-style:normal;font-weight:700\">Sarina Toldo<\/p>\n\n\n\n<h3 class=\"wp-block-heading has-text-align-center has-text-color has-link-color wp-elements-e206adecc056c1b4633ef771ee6579cb\" id=\"h-parcours-professionnel\" style=\"color:#cc9933\">Parcours professionnel<\/h3>\n\n\n\n<p class=\"has-text-align-center has-text-color has-link-color wp-elements-8748a88cf73ed6af14adf07e9ddb63a0\" style=\"color:#cc9933\"><strong>2015 \u2013 2018 <\/strong><br>Apprentissage de p\u00e2tissi\u00e8re-confiseuse et premi\u00e8res ann\u00e9es d\u2019exp\u00e9rience \u00e0 la Confiserie Rhyner AG \u00e0 Buchs SG \/ B\u00e4ckerei Frick AG<\/p>\n\n\n\n<p class=\"has-text-align-center has-text-color has-link-color wp-elements-48c5f398342b00b82d1a542f4180ab08\" style=\"color:#cc9933\"><strong>Oct. 2021 \u2013 f\u00e9v. 2024 <\/strong><br>Direction de la confiserie chez B\u00d6HLI AG<\/p>\n\n\n\n<p class=\"has-text-align-center has-text-color has-link-color wp-elements-3673b3d6182d724843eb6c6dd04f3136\" style=\"color:#cc9933\"><strong>Depuis mars 2024 <\/strong><br>Cheffe p\u00e2tissi\u00e8re\/confiseuse chez B\u00d6HLI AG<\/p>\n\n\n\n<h3 class=\"wp-block-heading has-text-align-center has-text-color has-link-color wp-elements-a5649ad6357225ca25e8fc7a1397738f\" id=\"h-formations-continues-a-l-ecole-professionnelle-richemont-de-lucerne\" style=\"color:#cc9933\">Formations continues \u00e0 l&#8217;Ecole professionnelle Richemont de Lucerne<\/h3>\n\n\n\n<p class=\"has-text-align-center has-text-color has-link-color wp-elements-8650b7566e038b1991d20d589835104f\" style=\"color:#cc9933\"><strong>Ao\u00fbt 2018 <\/strong><br>Formatrice en entreprise d\u2019apprentissage<\/p>\n\n\n\n<p class=\"has-text-align-center has-text-color has-link-color wp-elements-56cb5ed2c31fb53259f8076a286027db\" style=\"color:#cc9933\"><strong>Ao\u00fbt 2020 <br><\/strong>Cours COSEC pour la s\u00e9curit\u00e9 au travail et la protection de la sant\u00e9<\/p>\n\n\n\n<p class=\"has-text-align-center has-text-color has-link-color wp-elements-dc48c6bf7a09c14c476cbda9567f1166\" style=\"color:#cc9933\"><strong>F\u00e9v. 2021 <br><\/strong>Cours \u00abguide des bonnes pratiques pour la boulangerie-confiserie artisanale\u00bb<\/p>\n\n\n\n<p class=\"has-text-align-center has-text-color has-link-color wp-elements-61ea9a7c7286cf7e0f9783208bc64c72\" style=\"color:#cc9933\"><strong>2021 \u2013 2023 <br><\/strong>Examen professionnel<\/p>\n\n\n\n<hr class=\"wp-block-separator has-alpha-channel-opacity\"\/>\n\n\n\n<h3 class=\"wp-block-heading\" id=\"h-projets-d-avenir-et-developpement-continu\"><strong>Projets d&#8217;avenir et d\u00e9veloppement continu<\/strong><\/h3>\n\n\n\n<p>D\u00e9but f\u00e9vrier, j&#8217;ai repris l&#8217;ensemble de la direction de la production de la p\u00e2tisserie\/confiserie de B\u00f6hli AG. Je consid\u00e8re mon jeune \u00e2ge \u00e0 la fois comme un avantage et comme une incitation \u00e0 me d\u00e9velopper continuellement et \u00e0 me fixer de nouveaux objectifs. L&#8217;examen professionnel n&#8217;\u00e9tait que le d\u00e9but d&#8217;un long voyage. Je pr\u00e9vois d&#8217;approfondir encore mon engagement dans le secteur en devenant experte aux examens et en transmettant mes connaissances et mon exp\u00e9rience \u00e0 la prochaine g\u00e9n\u00e9ration de p\u00e2tissiers, p\u00e2tissi\u00e8res, confiseurs et confiseuses. J\u2019aspire \u00e9galement \u00e0 am\u00e9liorer encore mes comp\u00e9tences en mati\u00e8re de leadership et \u00e0 pr\u00e9senter B\u00f6hli AG comme une entreprise progressiste pour notre personnel qualifi\u00e9 et en formation.<\/p>\n\n\n\n<h3 class=\"wp-block-heading\" id=\"h-mon-coeur-bat-pour-la-tradition\"><strong>Mon c\u0153ur bat pour la tradition<\/strong><\/h3>\n\n\n\n<p>Ma carri\u00e8re dans la p\u00e2tisserie et la confiserie est la preuve que tradition et innovation peuvent aller de pair. \u00catre au sommet en tant que jeune femme m&#8217;a appris que le v\u00e9ritable engouement ne conna\u00eet pas de fronti\u00e8res. Mon parcours jusqu&#8217;ici a \u00e9t\u00e9 jalonn\u00e9 de d\u00e9fis, de moments d&#8217;apprentissage et de succ\u00e8s. Je suis reconnaissante de chacune de ces exp\u00e9riences, car elles ont fait de moi la professionnelle que je suis aujourd&#8217;hui. Je suis fi\u00e8re de ce que j&#8217;ai accompli et me r\u00e9jouis de tous les possibles qui m&#8217;attendent encore. La passion pour le m\u00e9tier alli\u00e9e au plaisir de collaborer avec une \u00e9quipe formidable fait la particularit\u00e9 de mon travail dans le canton d&#8217;Appenzell.<\/p>\n\n\n\n<p class=\"has-text-align-right\"><em>Sarina Toldo<\/em><\/p>\n","protected":false},"excerpt":{"rendered":"<p>\u00c0 24 ans, j&#8217;ai d\u00e9j\u00e0 franchi de nombreuses \u00e9tapes dans ma carri\u00e8re de p\u00e2tissi\u00e8re\/confiseuse. Au printemps dernier, j&#8217;ai pass\u00e9 l&#8217;examen professionnel de cheffe boulang\u00e8re-p\u00e2tissi\u00e8re-confiseuse, et ainsi atteint l&#8217;un de mes plus grands objectifs.<\/p>\n","protected":false},"author":5,"featured_media":78750,"comment_status":"closed","ping_status":"closed","sticky":true,"template":"","format":"standard","meta":{"_acf_changed":false,"footnotes":""},"categories":[53],"tags":[],"class_list":["post-78755","post","type-post","status-publish","format-standard","has-post-thumbnail","hentry","category-our-future-fr"],"acf":[],"yoast_head":"<!-- This site is optimized with the Yoast SEO Premium plugin v26.8 (Yoast SEO v26.8) - https:\/\/yoast.com\/product\/yoast-seo-premium-wordpress\/ -->\n<title>Atteindre ses objectifs avec engouement | SBC<\/title>\n<meta name=\"description\" content=\"\u00c0 24 ans, Sarina Toldo a d\u00e9j\u00e0 franchi de nombreuses \u00e9tapes dans sa carri\u00e8re de p\u00e2tissi\u00e8re\/confiseuse.\" \/>\n<meta name=\"robots\" content=\"index, follow, max-snippet:-1, max-image-preview:large, max-video-preview:-1\" \/>\n<link rel=\"canonical\" href=\"https:\/\/swissbaker.ch\/fr\/panissimo-news\/atteindre-ses-objectifs-avec-engouement\/\" \/>\n<meta property=\"og:locale\" content=\"fr_FR\" \/>\n<meta property=\"og:type\" content=\"article\" \/>\n<meta property=\"og:title\" content=\"Atteindre ses objectifs avec engouement\" \/>\n<meta property=\"og:description\" content=\"\u00c0 24 ans, Sarina Toldo a d\u00e9j\u00e0 franchi de nombreuses \u00e9tapes dans sa carri\u00e8re de p\u00e2tissi\u00e8re\/confiseuse.\" \/>\n<meta property=\"og:url\" content=\"https:\/\/swissbaker.ch\/fr\/panissimo-news\/atteindre-ses-objectifs-avec-engouement\/\" \/>\n<meta property=\"og:site_name\" content=\"SBC\" \/>\n<meta property=\"article:publisher\" content=\"https:\/\/www.facebook.com\/swissbaker.ch\" \/>\n<meta property=\"article:published_time\" content=\"2024-05-22T06:07:38+00:00\" \/>\n<meta property=\"article:modified_time\" content=\"2024-05-22T06:23:45+00:00\" \/>\n<meta property=\"og:image\" content=\"https:\/\/swissbaker.ch\/wp-content\/uploads\/2024\/05\/10_1_sarina_toldo.jpg\" \/>\n\t<meta property=\"og:image:width\" content=\"1200\" \/>\n\t<meta property=\"og:image:height\" content=\"712\" \/>\n\t<meta property=\"og:image:type\" content=\"image\/jpeg\" \/>\n<meta name=\"author\" content=\"Simon Nussbaum\" \/>\n<meta name=\"twitter:card\" content=\"summary_large_image\" \/>\n<meta name=\"twitter:creator\" content=\"@ch_swissbaker\" \/>\n<meta name=\"twitter:site\" content=\"@ch_swissbaker\" \/>\n<meta name=\"twitter:label1\" content=\"Written by\" \/>\n\t<meta name=\"twitter:data1\" content=\"Simon Nussbaum\" \/>\n\t<meta name=\"twitter:label2\" content=\"Est. reading time\" \/>\n\t<meta name=\"twitter:data2\" content=\"5 minutes\" \/>\n<script type=\"application\/ld+json\" class=\"yoast-schema-graph\">{\"@context\":\"https:\/\/schema.org\",\"@graph\":[{\"@type\":\"Article\",\"@id\":\"https:\/\/swissbaker.ch\/fr\/panissimo-news\/atteindre-ses-objectifs-avec-engouement\/#article\",\"isPartOf\":{\"@id\":\"https:\/\/swissbaker.ch\/fr\/panissimo-news\/atteindre-ses-objectifs-avec-engouement\/\"},\"author\":{\"name\":\"Simon Nussbaum\",\"@id\":\"https:\/\/swissbaker.ch\/fr\/#\/schema\/person\/74bd327b08c18ca6042c02ff6f0ed5e2\"},\"headline\":\"Atteindre ses objectifs avec engouement\",\"datePublished\":\"2024-05-22T06:07:38+00:00\",\"dateModified\":\"2024-05-22T06:23:45+00:00\",\"mainEntityOfPage\":{\"@id\":\"https:\/\/swissbaker.ch\/fr\/panissimo-news\/atteindre-ses-objectifs-avec-engouement\/\"},\"wordCount\":1006,\"publisher\":{\"@id\":\"https:\/\/swissbaker.ch\/fr\/#organization\"},\"image\":{\"@id\":\"https:\/\/swissbaker.ch\/fr\/panissimo-news\/atteindre-ses-objectifs-avec-engouement\/#primaryimage\"},\"thumbnailUrl\":\"https:\/\/swissbaker.ch\/wp-content\/uploads\/2024\/05\/10_1_sarina_toldo.jpg\",\"articleSection\":[\"Our Future\"],\"inLanguage\":\"fr-FR\"},{\"@type\":\"WebPage\",\"@id\":\"https:\/\/swissbaker.ch\/fr\/panissimo-news\/atteindre-ses-objectifs-avec-engouement\/\",\"url\":\"https:\/\/swissbaker.ch\/fr\/panissimo-news\/atteindre-ses-objectifs-avec-engouement\/\",\"name\":\"Atteindre ses objectifs avec engouement | SBC\",\"isPartOf\":{\"@id\":\"https:\/\/swissbaker.ch\/fr\/#website\"},\"primaryImageOfPage\":{\"@id\":\"https:\/\/swissbaker.ch\/fr\/panissimo-news\/atteindre-ses-objectifs-avec-engouement\/#primaryimage\"},\"image\":{\"@id\":\"https:\/\/swissbaker.ch\/fr\/panissimo-news\/atteindre-ses-objectifs-avec-engouement\/#primaryimage\"},\"thumbnailUrl\":\"https:\/\/swissbaker.ch\/wp-content\/uploads\/2024\/05\/10_1_sarina_toldo.jpg\",\"datePublished\":\"2024-05-22T06:07:38+00:00\",\"dateModified\":\"2024-05-22T06:23:45+00:00\",\"description\":\"\u00c0 24 ans, Sarina Toldo a d\u00e9j\u00e0 franchi de nombreuses \u00e9tapes dans sa carri\u00e8re de p\u00e2tissi\u00e8re\/confiseuse.\",\"breadcrumb\":{\"@id\":\"https:\/\/swissbaker.ch\/fr\/panissimo-news\/atteindre-ses-objectifs-avec-engouement\/#breadcrumb\"},\"inLanguage\":\"fr-FR\",\"potentialAction\":[{\"@type\":\"ReadAction\",\"target\":[\"https:\/\/swissbaker.ch\/fr\/panissimo-news\/atteindre-ses-objectifs-avec-engouement\/\"]}]},{\"@type\":\"ImageObject\",\"inLanguage\":\"fr-FR\",\"@id\":\"https:\/\/swissbaker.ch\/fr\/panissimo-news\/atteindre-ses-objectifs-avec-engouement\/#primaryimage\",\"url\":\"https:\/\/swissbaker.ch\/wp-content\/uploads\/2024\/05\/10_1_sarina_toldo.jpg\",\"contentUrl\":\"https:\/\/swissbaker.ch\/wp-content\/uploads\/2024\/05\/10_1_sarina_toldo.jpg\",\"width\":1200,\"height\":712},{\"@type\":\"BreadcrumbList\",\"@id\":\"https:\/\/swissbaker.ch\/fr\/panissimo-news\/atteindre-ses-objectifs-avec-engouement\/#breadcrumb\",\"itemListElement\":[{\"@type\":\"ListItem\",\"position\":1,\"name\":\"\",\"item\":\"https:\/\/swissbaker.ch\/fr\/\"},{\"@type\":\"ListItem\",\"position\":2,\"name\":\"Our Future\",\"item\":\"https:\/\/swissbaker.ch\/fr\/panissimo-news\/category\/our-future-fr\/\"},{\"@type\":\"ListItem\",\"position\":3,\"name\":\"Atteindre ses objectifs avec engouement\"}]},{\"@type\":\"WebSite\",\"@id\":\"https:\/\/swissbaker.ch\/fr\/#website\",\"url\":\"https:\/\/swissbaker.ch\/fr\/\",\"name\":\"SBC\",\"description\":\"\",\"publisher\":{\"@id\":\"https:\/\/swissbaker.ch\/fr\/#organization\"},\"potentialAction\":[{\"@type\":\"SearchAction\",\"target\":{\"@type\":\"EntryPoint\",\"urlTemplate\":\"https:\/\/swissbaker.ch\/fr\/?s={search_term_string}\"},\"query-input\":{\"@type\":\"PropertyValueSpecification\",\"valueRequired\":true,\"valueName\":\"search_term_string\"}}],\"inLanguage\":\"fr-FR\"},{\"@type\":\"Organization\",\"@id\":\"https:\/\/swissbaker.ch\/fr\/#organization\",\"name\":\"Schweizerischer B\u00e4cker-Confiseurmeister-Verband\",\"url\":\"https:\/\/swissbaker.ch\/fr\/\",\"logo\":{\"@type\":\"ImageObject\",\"inLanguage\":\"fr-FR\",\"@id\":\"https:\/\/swissbaker.ch\/fr\/#\/schema\/logo\/image\/\",\"url\":\"https:\/\/swissbaker.ch\/wp-content\/uploads\/2022\/04\/sbc-logo-yoast.jpg\",\"contentUrl\":\"https:\/\/swissbaker.ch\/wp-content\/uploads\/2022\/04\/sbc-logo-yoast.jpg\",\"width\":512,\"height\":512,\"caption\":\"Schweizerischer B\u00e4cker-Confiseurmeister-Verband\"},\"image\":{\"@id\":\"https:\/\/swissbaker.ch\/fr\/#\/schema\/logo\/image\/\"},\"sameAs\":[\"https:\/\/www.facebook.com\/swissbaker.ch\",\"https:\/\/x.com\/ch_swissbaker\"]},{\"@type\":\"Person\",\"@id\":\"https:\/\/swissbaker.ch\/fr\/#\/schema\/person\/74bd327b08c18ca6042c02ff6f0ed5e2\",\"name\":\"Simon Nussbaum\",\"image\":{\"@type\":\"ImageObject\",\"inLanguage\":\"fr-FR\",\"@id\":\"https:\/\/swissbaker.ch\/fr\/#\/schema\/person\/image\/\",\"url\":\"https:\/\/secure.gravatar.com\/avatar\/df0eced3bb556c806cb760cf503ade1ed1df25b4104d80d6fd28d93a9509aa12?s=96&d=mm&r=g\",\"contentUrl\":\"https:\/\/secure.gravatar.com\/avatar\/df0eced3bb556c806cb760cf503ade1ed1df25b4104d80d6fd28d93a9509aa12?s=96&d=mm&r=g\",\"caption\":\"Simon Nussbaum\"},\"url\":\"https:\/\/swissbaker.ch\/fr\/panissimo-news\/author\/simon-nussbaum\/\"}]}<\/script>\n<!-- \/ Yoast SEO Premium plugin. -->","yoast_head_json":{"title":"Atteindre ses objectifs avec engouement | SBC","description":"\u00c0 24 ans, Sarina Toldo a d\u00e9j\u00e0 franchi de nombreuses \u00e9tapes dans sa carri\u00e8re de p\u00e2tissi\u00e8re\/confiseuse.","robots":{"index":"index","follow":"follow","max-snippet":"max-snippet:-1","max-image-preview":"max-image-preview:large","max-video-preview":"max-video-preview:-1"},"canonical":"https:\/\/swissbaker.ch\/fr\/panissimo-news\/atteindre-ses-objectifs-avec-engouement\/","og_locale":"fr_FR","og_type":"article","og_title":"Atteindre ses objectifs avec engouement","og_description":"\u00c0 24 ans, Sarina Toldo a d\u00e9j\u00e0 franchi de nombreuses \u00e9tapes dans sa carri\u00e8re de p\u00e2tissi\u00e8re\/confiseuse.","og_url":"https:\/\/swissbaker.ch\/fr\/panissimo-news\/atteindre-ses-objectifs-avec-engouement\/","og_site_name":"SBC","article_publisher":"https:\/\/www.facebook.com\/swissbaker.ch","article_published_time":"2024-05-22T06:07:38+00:00","article_modified_time":"2024-05-22T06:23:45+00:00","og_image":[{"width":1200,"height":712,"url":"https:\/\/swissbaker.ch\/wp-content\/uploads\/2024\/05\/10_1_sarina_toldo.jpg","type":"image\/jpeg"}],"author":"Simon Nussbaum","twitter_card":"summary_large_image","twitter_creator":"@ch_swissbaker","twitter_site":"@ch_swissbaker","twitter_misc":{"Written by":"Simon Nussbaum","Est. reading time":"5 minutes"},"schema":{"@context":"https:\/\/schema.org","@graph":[{"@type":"Article","@id":"https:\/\/swissbaker.ch\/fr\/panissimo-news\/atteindre-ses-objectifs-avec-engouement\/#article","isPartOf":{"@id":"https:\/\/swissbaker.ch\/fr\/panissimo-news\/atteindre-ses-objectifs-avec-engouement\/"},"author":{"name":"Simon Nussbaum","@id":"https:\/\/swissbaker.ch\/fr\/#\/schema\/person\/74bd327b08c18ca6042c02ff6f0ed5e2"},"headline":"Atteindre ses objectifs avec engouement","datePublished":"2024-05-22T06:07:38+00:00","dateModified":"2024-05-22T06:23:45+00:00","mainEntityOfPage":{"@id":"https:\/\/swissbaker.ch\/fr\/panissimo-news\/atteindre-ses-objectifs-avec-engouement\/"},"wordCount":1006,"publisher":{"@id":"https:\/\/swissbaker.ch\/fr\/#organization"},"image":{"@id":"https:\/\/swissbaker.ch\/fr\/panissimo-news\/atteindre-ses-objectifs-avec-engouement\/#primaryimage"},"thumbnailUrl":"https:\/\/swissbaker.ch\/wp-content\/uploads\/2024\/05\/10_1_sarina_toldo.jpg","articleSection":["Our Future"],"inLanguage":"fr-FR"},{"@type":"WebPage","@id":"https:\/\/swissbaker.ch\/fr\/panissimo-news\/atteindre-ses-objectifs-avec-engouement\/","url":"https:\/\/swissbaker.ch\/fr\/panissimo-news\/atteindre-ses-objectifs-avec-engouement\/","name":"Atteindre ses objectifs avec engouement | SBC","isPartOf":{"@id":"https:\/\/swissbaker.ch\/fr\/#website"},"primaryImageOfPage":{"@id":"https:\/\/swissbaker.ch\/fr\/panissimo-news\/atteindre-ses-objectifs-avec-engouement\/#primaryimage"},"image":{"@id":"https:\/\/swissbaker.ch\/fr\/panissimo-news\/atteindre-ses-objectifs-avec-engouement\/#primaryimage"},"thumbnailUrl":"https:\/\/swissbaker.ch\/wp-content\/uploads\/2024\/05\/10_1_sarina_toldo.jpg","datePublished":"2024-05-22T06:07:38+00:00","dateModified":"2024-05-22T06:23:45+00:00","description":"\u00c0 24 ans, Sarina Toldo a d\u00e9j\u00e0 franchi de nombreuses \u00e9tapes dans sa carri\u00e8re de p\u00e2tissi\u00e8re\/confiseuse.","breadcrumb":{"@id":"https:\/\/swissbaker.ch\/fr\/panissimo-news\/atteindre-ses-objectifs-avec-engouement\/#breadcrumb"},"inLanguage":"fr-FR","potentialAction":[{"@type":"ReadAction","target":["https:\/\/swissbaker.ch\/fr\/panissimo-news\/atteindre-ses-objectifs-avec-engouement\/"]}]},{"@type":"ImageObject","inLanguage":"fr-FR","@id":"https:\/\/swissbaker.ch\/fr\/panissimo-news\/atteindre-ses-objectifs-avec-engouement\/#primaryimage","url":"https:\/\/swissbaker.ch\/wp-content\/uploads\/2024\/05\/10_1_sarina_toldo.jpg","contentUrl":"https:\/\/swissbaker.ch\/wp-content\/uploads\/2024\/05\/10_1_sarina_toldo.jpg","width":1200,"height":712},{"@type":"BreadcrumbList","@id":"https:\/\/swissbaker.ch\/fr\/panissimo-news\/atteindre-ses-objectifs-avec-engouement\/#breadcrumb","itemListElement":[{"@type":"ListItem","position":1,"name":"","item":"https:\/\/swissbaker.ch\/fr\/"},{"@type":"ListItem","position":2,"name":"Our Future","item":"https:\/\/swissbaker.ch\/fr\/panissimo-news\/category\/our-future-fr\/"},{"@type":"ListItem","position":3,"name":"Atteindre ses objectifs avec engouement"}]},{"@type":"WebSite","@id":"https:\/\/swissbaker.ch\/fr\/#website","url":"https:\/\/swissbaker.ch\/fr\/","name":"SBC","description":"","publisher":{"@id":"https:\/\/swissbaker.ch\/fr\/#organization"},"potentialAction":[{"@type":"SearchAction","target":{"@type":"EntryPoint","urlTemplate":"https:\/\/swissbaker.ch\/fr\/?s={search_term_string}"},"query-input":{"@type":"PropertyValueSpecification","valueRequired":true,"valueName":"search_term_string"}}],"inLanguage":"fr-FR"},{"@type":"Organization","@id":"https:\/\/swissbaker.ch\/fr\/#organization","name":"Schweizerischer B\u00e4cker-Confiseurmeister-Verband","url":"https:\/\/swissbaker.ch\/fr\/","logo":{"@type":"ImageObject","inLanguage":"fr-FR","@id":"https:\/\/swissbaker.ch\/fr\/#\/schema\/logo\/image\/","url":"https:\/\/swissbaker.ch\/wp-content\/uploads\/2022\/04\/sbc-logo-yoast.jpg","contentUrl":"https:\/\/swissbaker.ch\/wp-content\/uploads\/2022\/04\/sbc-logo-yoast.jpg","width":512,"height":512,"caption":"Schweizerischer B\u00e4cker-Confiseurmeister-Verband"},"image":{"@id":"https:\/\/swissbaker.ch\/fr\/#\/schema\/logo\/image\/"},"sameAs":["https:\/\/www.facebook.com\/swissbaker.ch","https:\/\/x.com\/ch_swissbaker"]},{"@type":"Person","@id":"https:\/\/swissbaker.ch\/fr\/#\/schema\/person\/74bd327b08c18ca6042c02ff6f0ed5e2","name":"Simon Nussbaum","image":{"@type":"ImageObject","inLanguage":"fr-FR","@id":"https:\/\/swissbaker.ch\/fr\/#\/schema\/person\/image\/","url":"https:\/\/secure.gravatar.com\/avatar\/df0eced3bb556c806cb760cf503ade1ed1df25b4104d80d6fd28d93a9509aa12?s=96&d=mm&r=g","contentUrl":"https:\/\/secure.gravatar.com\/avatar\/df0eced3bb556c806cb760cf503ade1ed1df25b4104d80d6fd28d93a9509aa12?s=96&d=mm&r=g","caption":"Simon Nussbaum"},"url":"https:\/\/swissbaker.ch\/fr\/panissimo-news\/author\/simon-nussbaum\/"}]}},"_links":{"self":[{"href":"https:\/\/swissbaker.ch\/fr\/wp-json\/wp\/v2\/posts\/78755","targetHints":{"allow":["GET"]}}],"collection":[{"href":"https:\/\/swissbaker.ch\/fr\/wp-json\/wp\/v2\/posts"}],"about":[{"href":"https:\/\/swissbaker.ch\/fr\/wp-json\/wp\/v2\/types\/post"}],"author":[{"embeddable":true,"href":"https:\/\/swissbaker.ch\/fr\/wp-json\/wp\/v2\/users\/5"}],"replies":[{"embeddable":true,"href":"https:\/\/swissbaker.ch\/fr\/wp-json\/wp\/v2\/comments?post=78755"}],"version-history":[{"count":0,"href":"https:\/\/swissbaker.ch\/fr\/wp-json\/wp\/v2\/posts\/78755\/revisions"}],"wp:featuredmedia":[{"embeddable":true,"href":"https:\/\/swissbaker.ch\/fr\/wp-json\/wp\/v2\/media\/78750"}],"wp:attachment":[{"href":"https:\/\/swissbaker.ch\/fr\/wp-json\/wp\/v2\/media?parent=78755"}],"wp:term":[{"taxonomy":"category","embeddable":true,"href":"https:\/\/swissbaker.ch\/fr\/wp-json\/wp\/v2\/categories?post=78755"},{"taxonomy":"post_tag","embeddable":true,"href":"https:\/\/swissbaker.ch\/fr\/wp-json\/wp\/v2\/tags?post=78755"}],"curies":[{"name":"wp","href":"https:\/\/api.w.org\/{rel}","templated":true}]}}