{"id":7787,"date":"2017-02-02T09:38:00","date_gmt":"2017-02-02T08:38:00","guid":{"rendered":"https:\/\/swissbaker.ch\/?p=7787"},"modified":"2022-05-03T11:00:11","modified_gmt":"2022-05-03T09:00:11","slug":"magnifiques-performances-de-nina-vogel-et-dangela-bissegger","status":"publish","type":"post","link":"https:\/\/swissbaker.ch\/fr\/panissimo-news\/magnifiques-performances-de-nina-vogel-et-dangela-bissegger\/","title":{"rendered":"Magnifiques performances de Nina Vogel et d\u2019Angela Bissegger"},"content":{"rendered":"\n<p><strong>Les deux Suissesses ont respectivement remport\u00e9 la m\u00e9daille d\u2019or et celle d\u2019argent, lors du 46e concours international des jeunes boulangers organis\u00e9 par l\u2019UIBC \u00e0 Lyon (FRA), du 23 au 25\u202fjanvier.<\/strong><\/p>\n\n\n\n<p>Lors de ce concours, chacun des dix-huit candidats a dispos\u00e9 de six heures pour r\u00e9aliser des pains, des petits pains, des sandwiches, des produits en p\u00e2te lev\u00e9e sucr\u00e9e, des frivolit\u00e9s danoises ainsi qu\u2019une pi\u00e8ce artistique ou une tourte sur le th\u00e8me de l\u2019\u00ab\u2009amour\u2009\u00bb. Nina Vogel, m\u00e9daill\u00e9e d\u2019or, et Angela Bissegger, m\u00e9daill\u00e9e d\u2019argent, ont r\u00e9ussi d\u2019excellentes performances et fait honneur aux boulangeries-p\u00e2tisseries-confiseries artisanales suisses. Les deux candidates su\u00e9doises se sont class\u00e9es troisi\u00e8me et quatri\u00e8me.<\/p>\n\n\n\n<h2 class=\"wp-block-heading\" id=\"h-medaillees-a-20-ans\">M\u00e9daill\u00e9es \u00e0 20 ans<\/h2>\n\n\n\n<p>Nina Vogel, de Maienfeld (GR), est \u00e2g\u00e9e de 20 ans. Elle a appris la boulangerie-p\u00e2tisserie chez Signer \u00e0 Zizers (GR). Elle travaille actuellement dans la confiserie-caf\u00e9 Maron \u00e0 Coire (GR). Angela Bissegger, de Spiez (BE), est \u00e9galement \u00e2g\u00e9e de 20 ans. Elle a effectu\u00e9 sa formation professionnelle dans la m\u00eame orientation chez Linder \u00e0 Gwatt (BE), et travaille actuellement au B\u00e4ckerforum Aeschlimann AG \u00e0 Zollbr\u00fcck (BE). Les deux candidates ont pr\u00e9par\u00e9 le programme du concours dans le cadre d\u2019un entra\u00eenement intensif avec leur coach Urs R\u00f6thlin, \u00e0 l\u2019Ecole professionnelle Richemont. Daniel Nyfeler, de Dorfbeck Nyfeler AG \u00e0 Aarwangen a pour sa part offici\u00e9 en tant que membre du jury pour la Suisse.<\/p>\n","protected":false},"excerpt":{"rendered":"<p>Les deux Suissesses ont respectivement remport\u00e9 la m\u00e9daille d\u2019or et celle d\u2019argent, lors du 46e concours international des jeunes boulangers organis\u00e9 par l\u2019UIBC \u00e0 Lyon (FRA), du 23 au 25\u202fjanvier. Lors de ce concours, chacun des dix-huit candidats a dispos\u00e9 de six heures pour r\u00e9aliser des pains, des petits pains, des sandwiches, des produits en p\u00e2te lev\u00e9e sucr\u00e9e, des frivolit\u00e9s [&hellip;]<\/p>\n","protected":false},"author":1,"featured_media":5608,"comment_status":"open","ping_status":"closed","sticky":false,"template":"","format":"standard","meta":{"_acf_changed":false,"footnotes":""},"categories":[46],"tags":[],"class_list":["post-7787","post","type-post","status-publish","format-standard","has-post-thumbnail","hentry","category-evenement"],"acf":[],"yoast_head":"<!-- This site is optimized with the Yoast SEO Premium plugin v26.8 (Yoast SEO v26.8) - https:\/\/yoast.com\/product\/yoast-seo-premium-wordpress\/ -->\n<title>Magnifiques performances de Nina Vogel et d\u2019Angela Bissegger | SBC<\/title>\n<meta name=\"robots\" content=\"index, follow, max-snippet:-1, max-image-preview:large, max-video-preview:-1\" \/>\n<link rel=\"canonical\" href=\"https:\/\/swissbaker.ch\/fr\/panissimo-news\/magnifiques-performances-de-nina-vogel-et-dangela-bissegger\/\" \/>\n<meta property=\"og:locale\" content=\"fr_FR\" \/>\n<meta property=\"og:type\" content=\"article\" \/>\n<meta property=\"og:title\" content=\"Magnifiques performances de Nina Vogel et d\u2019Angela Bissegger\" \/>\n<meta property=\"og:description\" content=\"Les deux Suissesses ont respectivement remport\u00e9 la m\u00e9daille d\u2019or et celle d\u2019argent, lors du 46e concours international des jeunes boulangers organis\u00e9 par l\u2019UIBC \u00e0 Lyon (FRA), du 23 au 25\u202fjanvier. Lors de ce concours, chacun des dix-huit candidats a dispos\u00e9 de six heures pour r\u00e9aliser des pains, des petits pains, des sandwiches, des produits en p\u00e2te lev\u00e9e sucr\u00e9e, des frivolit\u00e9s [&hellip;]\" \/>\n<meta property=\"og:url\" content=\"https:\/\/swissbaker.ch\/fr\/panissimo-news\/magnifiques-performances-de-nina-vogel-et-dangela-bissegger\/\" \/>\n<meta property=\"og:site_name\" content=\"SBC\" \/>\n<meta property=\"article:publisher\" content=\"https:\/\/www.facebook.com\/swissbaker.ch\" \/>\n<meta property=\"article:published_time\" content=\"2017-02-02T08:38:00+00:00\" \/>\n<meta property=\"article:modified_time\" content=\"2022-05-03T09:00:11+00:00\" \/>\n<meta property=\"og:image\" content=\"https:\/\/swissbaker.ch\/wp-content\/uploads\/2022\/03\/UIBC_bissegger_vogel.jpg\" \/>\n\t<meta property=\"og:image:width\" content=\"600\" \/>\n\t<meta property=\"og:image:height\" content=\"600\" \/>\n\t<meta property=\"og:image:type\" content=\"image\/jpeg\" \/>\n<meta name=\"author\" content=\"azureart\" \/>\n<meta name=\"twitter:card\" content=\"summary_large_image\" \/>\n<meta name=\"twitter:creator\" content=\"@ch_swissbaker\" \/>\n<meta name=\"twitter:site\" content=\"@ch_swissbaker\" \/>\n<meta name=\"twitter:label1\" content=\"Written by\" \/>\n\t<meta name=\"twitter:data1\" content=\"azureart\" \/>\n\t<meta name=\"twitter:label2\" content=\"Est. reading time\" \/>\n\t<meta name=\"twitter:data2\" content=\"2 minutes\" \/>\n<script type=\"application\/ld+json\" class=\"yoast-schema-graph\">{\"@context\":\"https:\/\/schema.org\",\"@graph\":[{\"@type\":\"Article\",\"@id\":\"https:\/\/swissbaker.ch\/fr\/panissimo-news\/magnifiques-performances-de-nina-vogel-et-dangela-bissegger\/#article\",\"isPartOf\":{\"@id\":\"https:\/\/swissbaker.ch\/fr\/panissimo-news\/magnifiques-performances-de-nina-vogel-et-dangela-bissegger\/\"},\"author\":{\"name\":\"azureart\",\"@id\":\"https:\/\/swissbaker.ch\/fr\/#\/schema\/person\/058ac47619f7da53df62aba60f939b78\"},\"headline\":\"Magnifiques performances de Nina Vogel et d\u2019Angela Bissegger\",\"datePublished\":\"2017-02-02T08:38:00+00:00\",\"dateModified\":\"2022-05-03T09:00:11+00:00\",\"mainEntityOfPage\":{\"@id\":\"https:\/\/swissbaker.ch\/fr\/panissimo-news\/magnifiques-performances-de-nina-vogel-et-dangela-bissegger\/\"},\"wordCount\":255,\"commentCount\":0,\"publisher\":{\"@id\":\"https:\/\/swissbaker.ch\/fr\/#organization\"},\"image\":{\"@id\":\"https:\/\/swissbaker.ch\/fr\/panissimo-news\/magnifiques-performances-de-nina-vogel-et-dangela-bissegger\/#primaryimage\"},\"thumbnailUrl\":\"https:\/\/swissbaker.ch\/wp-content\/uploads\/2022\/03\/UIBC_bissegger_vogel.jpg\",\"articleSection\":[\"Ev\u00e9nement\"],\"inLanguage\":\"fr-FR\",\"potentialAction\":[{\"@type\":\"CommentAction\",\"name\":\"Comment\",\"target\":[\"https:\/\/swissbaker.ch\/fr\/panissimo-news\/magnifiques-performances-de-nina-vogel-et-dangela-bissegger\/#respond\"]}]},{\"@type\":\"WebPage\",\"@id\":\"https:\/\/swissbaker.ch\/fr\/panissimo-news\/magnifiques-performances-de-nina-vogel-et-dangela-bissegger\/\",\"url\":\"https:\/\/swissbaker.ch\/fr\/panissimo-news\/magnifiques-performances-de-nina-vogel-et-dangela-bissegger\/\",\"name\":\"Magnifiques performances de Nina Vogel et d\u2019Angela Bissegger | SBC\",\"isPartOf\":{\"@id\":\"https:\/\/swissbaker.ch\/fr\/#website\"},\"primaryImageOfPage\":{\"@id\":\"https:\/\/swissbaker.ch\/fr\/panissimo-news\/magnifiques-performances-de-nina-vogel-et-dangela-bissegger\/#primaryimage\"},\"image\":{\"@id\":\"https:\/\/swissbaker.ch\/fr\/panissimo-news\/magnifiques-performances-de-nina-vogel-et-dangela-bissegger\/#primaryimage\"},\"thumbnailUrl\":\"https:\/\/swissbaker.ch\/wp-content\/uploads\/2022\/03\/UIBC_bissegger_vogel.jpg\",\"datePublished\":\"2017-02-02T08:38:00+00:00\",\"dateModified\":\"2022-05-03T09:00:11+00:00\",\"breadcrumb\":{\"@id\":\"https:\/\/swissbaker.ch\/fr\/panissimo-news\/magnifiques-performances-de-nina-vogel-et-dangela-bissegger\/#breadcrumb\"},\"inLanguage\":\"fr-FR\",\"potentialAction\":[{\"@type\":\"ReadAction\",\"target\":[\"https:\/\/swissbaker.ch\/fr\/panissimo-news\/magnifiques-performances-de-nina-vogel-et-dangela-bissegger\/\"]}]},{\"@type\":\"ImageObject\",\"inLanguage\":\"fr-FR\",\"@id\":\"https:\/\/swissbaker.ch\/fr\/panissimo-news\/magnifiques-performances-de-nina-vogel-et-dangela-bissegger\/#primaryimage\",\"url\":\"https:\/\/swissbaker.ch\/wp-content\/uploads\/2022\/03\/UIBC_bissegger_vogel.jpg\",\"contentUrl\":\"https:\/\/swissbaker.ch\/wp-content\/uploads\/2022\/03\/UIBC_bissegger_vogel.jpg\",\"width\":600,\"height\":600,\"caption\":\"Magnifiques performances de Nina Vogel et d\u2019Angela Bissegger\"},{\"@type\":\"BreadcrumbList\",\"@id\":\"https:\/\/swissbaker.ch\/fr\/panissimo-news\/magnifiques-performances-de-nina-vogel-et-dangela-bissegger\/#breadcrumb\",\"itemListElement\":[{\"@type\":\"ListItem\",\"position\":1,\"name\":\"\",\"item\":\"https:\/\/swissbaker.ch\/fr\/\"},{\"@type\":\"ListItem\",\"position\":2,\"name\":\"Ev\u00e9nement\",\"item\":\"https:\/\/swissbaker.ch\/fr\/panissimo-news\/category\/evenement\/\"},{\"@type\":\"ListItem\",\"position\":3,\"name\":\"Magnifiques performances de Nina Vogel et d\u2019Angela Bissegger\"}]},{\"@type\":\"WebSite\",\"@id\":\"https:\/\/swissbaker.ch\/fr\/#website\",\"url\":\"https:\/\/swissbaker.ch\/fr\/\",\"name\":\"SBC\",\"description\":\"\",\"publisher\":{\"@id\":\"https:\/\/swissbaker.ch\/fr\/#organization\"},\"potentialAction\":[{\"@type\":\"SearchAction\",\"target\":{\"@type\":\"EntryPoint\",\"urlTemplate\":\"https:\/\/swissbaker.ch\/fr\/?s={search_term_string}\"},\"query-input\":{\"@type\":\"PropertyValueSpecification\",\"valueRequired\":true,\"valueName\":\"search_term_string\"}}],\"inLanguage\":\"fr-FR\"},{\"@type\":\"Organization\",\"@id\":\"https:\/\/swissbaker.ch\/fr\/#organization\",\"name\":\"Schweizerischer B\u00e4cker-Confiseurmeister-Verband\",\"url\":\"https:\/\/swissbaker.ch\/fr\/\",\"logo\":{\"@type\":\"ImageObject\",\"inLanguage\":\"fr-FR\",\"@id\":\"https:\/\/swissbaker.ch\/fr\/#\/schema\/logo\/image\/\",\"url\":\"https:\/\/swissbaker.ch\/wp-content\/uploads\/2022\/04\/sbc-logo-yoast.jpg\",\"contentUrl\":\"https:\/\/swissbaker.ch\/wp-content\/uploads\/2022\/04\/sbc-logo-yoast.jpg\",\"width\":512,\"height\":512,\"caption\":\"Schweizerischer B\u00e4cker-Confiseurmeister-Verband\"},\"image\":{\"@id\":\"https:\/\/swissbaker.ch\/fr\/#\/schema\/logo\/image\/\"},\"sameAs\":[\"https:\/\/www.facebook.com\/swissbaker.ch\",\"https:\/\/x.com\/ch_swissbaker\"]},{\"@type\":\"Person\",\"@id\":\"https:\/\/swissbaker.ch\/fr\/#\/schema\/person\/058ac47619f7da53df62aba60f939b78\",\"name\":\"azureart\",\"image\":{\"@type\":\"ImageObject\",\"inLanguage\":\"fr-FR\",\"@id\":\"https:\/\/swissbaker.ch\/fr\/#\/schema\/person\/image\/\",\"url\":\"https:\/\/secure.gravatar.com\/avatar\/be04dd3098fd612c83067af4f7a295384c93cb6a9112f51beb9d2f477d25da61?s=96&d=mm&r=g\",\"contentUrl\":\"https:\/\/secure.gravatar.com\/avatar\/be04dd3098fd612c83067af4f7a295384c93cb6a9112f51beb9d2f477d25da61?s=96&d=mm&r=g\",\"caption\":\"azureart\"},\"sameAs\":[\"https:\/\/swissbaker.ch\"],\"url\":\"https:\/\/swissbaker.ch\/fr\/panissimo-news\/author\/pixel-ahoi\/\"}]}<\/script>\n<!-- \/ Yoast SEO Premium plugin. -->","yoast_head_json":{"title":"Magnifiques performances de Nina Vogel et d\u2019Angela Bissegger | SBC","robots":{"index":"index","follow":"follow","max-snippet":"max-snippet:-1","max-image-preview":"max-image-preview:large","max-video-preview":"max-video-preview:-1"},"canonical":"https:\/\/swissbaker.ch\/fr\/panissimo-news\/magnifiques-performances-de-nina-vogel-et-dangela-bissegger\/","og_locale":"fr_FR","og_type":"article","og_title":"Magnifiques performances de Nina Vogel et d\u2019Angela Bissegger","og_description":"Les deux Suissesses ont respectivement remport\u00e9 la m\u00e9daille d\u2019or et celle d\u2019argent, lors du 46e concours international des jeunes boulangers organis\u00e9 par l\u2019UIBC \u00e0 Lyon (FRA), du 23 au 25\u202fjanvier. Lors de ce concours, chacun des dix-huit candidats a dispos\u00e9 de six heures pour r\u00e9aliser des pains, des petits pains, des sandwiches, des produits en p\u00e2te lev\u00e9e sucr\u00e9e, des frivolit\u00e9s [&hellip;]","og_url":"https:\/\/swissbaker.ch\/fr\/panissimo-news\/magnifiques-performances-de-nina-vogel-et-dangela-bissegger\/","og_site_name":"SBC","article_publisher":"https:\/\/www.facebook.com\/swissbaker.ch","article_published_time":"2017-02-02T08:38:00+00:00","article_modified_time":"2022-05-03T09:00:11+00:00","og_image":[{"width":600,"height":600,"url":"https:\/\/swissbaker.ch\/wp-content\/uploads\/2022\/03\/UIBC_bissegger_vogel.jpg","type":"image\/jpeg"}],"author":"azureart","twitter_card":"summary_large_image","twitter_creator":"@ch_swissbaker","twitter_site":"@ch_swissbaker","twitter_misc":{"Written by":"azureart","Est. reading time":"2 minutes"},"schema":{"@context":"https:\/\/schema.org","@graph":[{"@type":"Article","@id":"https:\/\/swissbaker.ch\/fr\/panissimo-news\/magnifiques-performances-de-nina-vogel-et-dangela-bissegger\/#article","isPartOf":{"@id":"https:\/\/swissbaker.ch\/fr\/panissimo-news\/magnifiques-performances-de-nina-vogel-et-dangela-bissegger\/"},"author":{"name":"azureart","@id":"https:\/\/swissbaker.ch\/fr\/#\/schema\/person\/058ac47619f7da53df62aba60f939b78"},"headline":"Magnifiques performances de Nina Vogel et d\u2019Angela Bissegger","datePublished":"2017-02-02T08:38:00+00:00","dateModified":"2022-05-03T09:00:11+00:00","mainEntityOfPage":{"@id":"https:\/\/swissbaker.ch\/fr\/panissimo-news\/magnifiques-performances-de-nina-vogel-et-dangela-bissegger\/"},"wordCount":255,"commentCount":0,"publisher":{"@id":"https:\/\/swissbaker.ch\/fr\/#organization"},"image":{"@id":"https:\/\/swissbaker.ch\/fr\/panissimo-news\/magnifiques-performances-de-nina-vogel-et-dangela-bissegger\/#primaryimage"},"thumbnailUrl":"https:\/\/swissbaker.ch\/wp-content\/uploads\/2022\/03\/UIBC_bissegger_vogel.jpg","articleSection":["Ev\u00e9nement"],"inLanguage":"fr-FR","potentialAction":[{"@type":"CommentAction","name":"Comment","target":["https:\/\/swissbaker.ch\/fr\/panissimo-news\/magnifiques-performances-de-nina-vogel-et-dangela-bissegger\/#respond"]}]},{"@type":"WebPage","@id":"https:\/\/swissbaker.ch\/fr\/panissimo-news\/magnifiques-performances-de-nina-vogel-et-dangela-bissegger\/","url":"https:\/\/swissbaker.ch\/fr\/panissimo-news\/magnifiques-performances-de-nina-vogel-et-dangela-bissegger\/","name":"Magnifiques performances de Nina Vogel et d\u2019Angela Bissegger | SBC","isPartOf":{"@id":"https:\/\/swissbaker.ch\/fr\/#website"},"primaryImageOfPage":{"@id":"https:\/\/swissbaker.ch\/fr\/panissimo-news\/magnifiques-performances-de-nina-vogel-et-dangela-bissegger\/#primaryimage"},"image":{"@id":"https:\/\/swissbaker.ch\/fr\/panissimo-news\/magnifiques-performances-de-nina-vogel-et-dangela-bissegger\/#primaryimage"},"thumbnailUrl":"https:\/\/swissbaker.ch\/wp-content\/uploads\/2022\/03\/UIBC_bissegger_vogel.jpg","datePublished":"2017-02-02T08:38:00+00:00","dateModified":"2022-05-03T09:00:11+00:00","breadcrumb":{"@id":"https:\/\/swissbaker.ch\/fr\/panissimo-news\/magnifiques-performances-de-nina-vogel-et-dangela-bissegger\/#breadcrumb"},"inLanguage":"fr-FR","potentialAction":[{"@type":"ReadAction","target":["https:\/\/swissbaker.ch\/fr\/panissimo-news\/magnifiques-performances-de-nina-vogel-et-dangela-bissegger\/"]}]},{"@type":"ImageObject","inLanguage":"fr-FR","@id":"https:\/\/swissbaker.ch\/fr\/panissimo-news\/magnifiques-performances-de-nina-vogel-et-dangela-bissegger\/#primaryimage","url":"https:\/\/swissbaker.ch\/wp-content\/uploads\/2022\/03\/UIBC_bissegger_vogel.jpg","contentUrl":"https:\/\/swissbaker.ch\/wp-content\/uploads\/2022\/03\/UIBC_bissegger_vogel.jpg","width":600,"height":600,"caption":"Magnifiques performances de Nina Vogel et d\u2019Angela Bissegger"},{"@type":"BreadcrumbList","@id":"https:\/\/swissbaker.ch\/fr\/panissimo-news\/magnifiques-performances-de-nina-vogel-et-dangela-bissegger\/#breadcrumb","itemListElement":[{"@type":"ListItem","position":1,"name":"","item":"https:\/\/swissbaker.ch\/fr\/"},{"@type":"ListItem","position":2,"name":"Ev\u00e9nement","item":"https:\/\/swissbaker.ch\/fr\/panissimo-news\/category\/evenement\/"},{"@type":"ListItem","position":3,"name":"Magnifiques performances de Nina Vogel et d\u2019Angela Bissegger"}]},{"@type":"WebSite","@id":"https:\/\/swissbaker.ch\/fr\/#website","url":"https:\/\/swissbaker.ch\/fr\/","name":"SBC","description":"","publisher":{"@id":"https:\/\/swissbaker.ch\/fr\/#organization"},"potentialAction":[{"@type":"SearchAction","target":{"@type":"EntryPoint","urlTemplate":"https:\/\/swissbaker.ch\/fr\/?s={search_term_string}"},"query-input":{"@type":"PropertyValueSpecification","valueRequired":true,"valueName":"search_term_string"}}],"inLanguage":"fr-FR"},{"@type":"Organization","@id":"https:\/\/swissbaker.ch\/fr\/#organization","name":"Schweizerischer B\u00e4cker-Confiseurmeister-Verband","url":"https:\/\/swissbaker.ch\/fr\/","logo":{"@type":"ImageObject","inLanguage":"fr-FR","@id":"https:\/\/swissbaker.ch\/fr\/#\/schema\/logo\/image\/","url":"https:\/\/swissbaker.ch\/wp-content\/uploads\/2022\/04\/sbc-logo-yoast.jpg","contentUrl":"https:\/\/swissbaker.ch\/wp-content\/uploads\/2022\/04\/sbc-logo-yoast.jpg","width":512,"height":512,"caption":"Schweizerischer B\u00e4cker-Confiseurmeister-Verband"},"image":{"@id":"https:\/\/swissbaker.ch\/fr\/#\/schema\/logo\/image\/"},"sameAs":["https:\/\/www.facebook.com\/swissbaker.ch","https:\/\/x.com\/ch_swissbaker"]},{"@type":"Person","@id":"https:\/\/swissbaker.ch\/fr\/#\/schema\/person\/058ac47619f7da53df62aba60f939b78","name":"azureart","image":{"@type":"ImageObject","inLanguage":"fr-FR","@id":"https:\/\/swissbaker.ch\/fr\/#\/schema\/person\/image\/","url":"https:\/\/secure.gravatar.com\/avatar\/be04dd3098fd612c83067af4f7a295384c93cb6a9112f51beb9d2f477d25da61?s=96&d=mm&r=g","contentUrl":"https:\/\/secure.gravatar.com\/avatar\/be04dd3098fd612c83067af4f7a295384c93cb6a9112f51beb9d2f477d25da61?s=96&d=mm&r=g","caption":"azureart"},"sameAs":["https:\/\/swissbaker.ch"],"url":"https:\/\/swissbaker.ch\/fr\/panissimo-news\/author\/pixel-ahoi\/"}]}},"_links":{"self":[{"href":"https:\/\/swissbaker.ch\/fr\/wp-json\/wp\/v2\/posts\/7787","targetHints":{"allow":["GET"]}}],"collection":[{"href":"https:\/\/swissbaker.ch\/fr\/wp-json\/wp\/v2\/posts"}],"about":[{"href":"https:\/\/swissbaker.ch\/fr\/wp-json\/wp\/v2\/types\/post"}],"author":[{"embeddable":true,"href":"https:\/\/swissbaker.ch\/fr\/wp-json\/wp\/v2\/users\/1"}],"replies":[{"embeddable":true,"href":"https:\/\/swissbaker.ch\/fr\/wp-json\/wp\/v2\/comments?post=7787"}],"version-history":[{"count":0,"href":"https:\/\/swissbaker.ch\/fr\/wp-json\/wp\/v2\/posts\/7787\/revisions"}],"wp:featuredmedia":[{"embeddable":true,"href":"https:\/\/swissbaker.ch\/fr\/wp-json\/wp\/v2\/media\/5608"}],"wp:attachment":[{"href":"https:\/\/swissbaker.ch\/fr\/wp-json\/wp\/v2\/media?parent=7787"}],"wp:term":[{"taxonomy":"category","embeddable":true,"href":"https:\/\/swissbaker.ch\/fr\/wp-json\/wp\/v2\/categories?post=7787"},{"taxonomy":"post_tag","embeddable":true,"href":"https:\/\/swissbaker.ch\/fr\/wp-json\/wp\/v2\/tags?post=7787"}],"curies":[{"name":"wp","href":"https:\/\/api.w.org\/{rel}","templated":true}]}}