{"id":7782,"date":"2017-02-02T10:47:00","date_gmt":"2017-02-02T09:47:00","guid":{"rendered":"https:\/\/swissbaker.ch\/?p=7782"},"modified":"2022-05-03T10:54:16","modified_gmt":"2022-05-03T08:54:16","slug":"tendances-amenagement","status":"publish","type":"post","link":"https:\/\/swissbaker.ch\/fr\/panissimo-news\/tendances-amenagement\/","title":{"rendered":"Tendances am\u00e9nagement"},"content":{"rendered":"\n<p><strong>Du c\u00f4t\u00e9 des am\u00e9nagements de magasin, la bonne mise en valeur des produits saute aux yeux. Cela concerne particuli\u00e8rement les comptoirs.<\/strong><\/p>\n\n\n\n<p>De plus en plus de structures en verre, d\u00e9pourvues de montants sont utilis\u00e9es. Les vitrines et \u00e9tag\u00e8res multi-usages constituent une autre tendance. Ci-dessous, les points forts des fournisseurs pr\u00e9sents \u00e0 la FBK.<\/p>\n\n\n\n<p>Aichinger (www.aichinger.ch) a pr\u00e9sent\u00e9 sur son stand d\u00e9cor\u00e9 d\u2019\u00e9normes lampes et d\u2019un joli \u00ab\u2009mur de cha\u00eenes\u2009\u00bb, un comptoir modulable. En fonction des besoins, il contient des \u00e9tag\u00e8res interm\u00e9diaires repliables. La vitre frontale peut s\u2019abaisser enti\u00e8rement, ce qui permet une transformation en self-service. Dans l\u2019\u00e9tag\u00e8re \u00e0 pain pr\u00e9sent\u00e9e, chaque tablard peut \u00eatre repli\u00e9 individuellement. Les pani\u00e8res sont transparentes \u00e0 l\u2019avant. Int\u00e9ressant \u00e0 relever\u2009: les chariots de d\u00e9barrassage pour la vaisselle usag\u00e9e avec la mention sur le c\u00f4t\u00e9 \u00ab\u2009Donnez moi les restes\u2009!\u2009\u00bb<\/p>\n\n\n\n<p>Haueis (<a href=\"http:\/\/www.haueisag.ch\/\">www.haueisag.ch<\/a> ) a expos\u00e9 un comptoir en noir \u00e9l\u00e9gant avec des tablards interm\u00e9diaires en verre qui mettent en valeur les produits. L\u2019entreprise a aussi pr\u00e9sent\u00e9 l\u2019am\u00e9nagement de magasins de l\u2019entreprise Speck \u00e0 Zoug. Son comptoir arrondi et la conception en verre sans support servent aussi la pr\u00e9sentation optimale des produits.<\/p>\n\n\n\n<p>Jung Gastro et Agencement (<a href=\"http:\/\/www.ladenbau-jung.ch\/\">www.ladenbau-jung.ch<\/a> ) a impressionn\u00e9 avec un comptoir avanc\u00e9 refroidi et r\u00e9tro\u00e9clair\u00e9 pour les boissons en libre-service. Les paniers tress\u00e9s pour les produits de petite boulangerie avec la face avant transparente sont un autre moyen efficace de promotion les produits. Sur l\u2019\u00e9tag\u00e8re \u00e0 pain, les plateaux individuels peuvent \u00eatre d\u00e9tourn\u00e9s, lorsqu\u2019ils ne sont plus utilis\u00e9s.<\/p>\n\n\n\n<p>Ladenbau Schmidt (<a href=\"http:\/\/www.schmidt-ag.ch\/\">www.schmidt-ag.ch<\/a> ) r\u00e9alise d\u00e9lib\u00e9r\u00e9ment aucun am\u00e9nagement de magasin comme les autres entreprises. Dans des r\u00e9cipients m\u00e9talliques recourb\u00e9s, l\u2019accent a \u00e9t\u00e9 mis sur des rev\u00eatements muraux naturels, qui d\u00e9gagent un parfum appropri\u00e9 et subtil durant de nombreuses ann\u00e9es. Sur des cales en li\u00e8ge, des plantes compress\u00e9es, telles que des p\u00e9tales de rose, du th\u00e9 vert, de la mousse, du foin, de la lavande, des herbes aromatiques, des coques d\u2019\u00e9peautres, en guise de paroi ou de tableaux transmettent une atmosph\u00e8re sp\u00e9ciale et unique. M\u00eame les mousses stabilis\u00e9es peuvent \u00eatre utilis\u00e9es comme une paroi 3D. Du c\u00f4t\u00e9 des comptoirs de magasin, l\u2019entreprise propose notamment des rangements interm\u00e9diaires escamotables.<\/p>\n\n\n\n<p>Ladenmacher (<a href=\"http:\/\/www.ladenmacher.ch\/\">www.ladenmacher.ch<\/a> ) mise sur des constructions de vitrines transparentes sans soutien apparent et avec la meilleure visibilit\u00e9 des produits possibles sur l\u2019avant des vitrines L1 et L2 sur des surfaces de haute qualit\u00e9 avec des structures m\u00e9talliques, qui \u00e9taient aussi \u00e0 d\u00e9couvrir dans la \u00ab\u2009Zone d\u2019innovation\u2009\u00bb. Sur l\u2019\u00e9tag\u00e8re \u00e0 pain, des pani\u00e8res rapidement utilisables avec une fa\u00e7ade transparente permettent de contenir des produits aussi lorsque les rayons se vident. De plus, Lademacher a pr\u00e9sent\u00e9 sa proposition de minimagasin, d\u00e8s 6,7 m2, d\u00e9voil\u00e9 pour la premi\u00e8re fois en 2016.<\/p>\n\n\n\n<p>Schweitzer Ladenbau (<a href=\"http:\/\/www.schweitzer.at\/\">www.schweitzer.at<\/a> ) a pr\u00e9sent\u00e9 le comptoir Sensus qui gagn\u00e9 le s\u00fcdback Trend Award. Son approvisionnement et son nettoyage simplifi\u00e9s impressionnent, sa face avant et le dessus sont repliables. Il est con\u00e7u sans tige et offre une vue imprenable sur les produits. Entre ce couvercle de verre et la fa\u00e7ade avant du comptoir, des tableaux, des d\u00e9cors ou des produits durables peuvent \u00eatre plac\u00e9s.<\/p>\n\n\n\n<p>Des inspirations d\u2019am\u00e9nagements ou d\u2019ameublement de magasin peuvent s\u2019obtenir aussi aupr\u00e8s d\u2019entreprises qui ne sont pas agenceurs. Les fournisseurs de d\u00e9cors et d\u2019emballage ont montr\u00e9 de nombreux produits.<\/p>\n\n\n\n<p>Du c\u00f4t\u00e9 de HS-Soft (<a href=\"http:\/\/www.hssoft.com\/\">www.hssoft.com<\/a> ), des \u00e9tiquettes de prix \u00e9lectroniques avec des dur\u00e9es de batterie de plusieurs ann\u00e9es \u00e9taient \u00e0 d\u00e9couvrir. Le texte change automatiquement lorsqu\u2019il est modifi\u00e9 au bureau. Ainsi, quelques clics suffisent \u00e0 r\u00e9duire temporairement le prix d\u2019un produit encore disponible en trop grand nombre.<\/p>\n","protected":false},"excerpt":{"rendered":"<p>Du c\u00f4t\u00e9 des am\u00e9nagements de magasin, la bonne mise en valeur des produits saute aux yeux. Cela concerne particuli\u00e8rement les comptoirs. De plus en plus de structures en verre, d\u00e9pourvues de montants sont utilis\u00e9es. Les vitrines et \u00e9tag\u00e8res multi-usages constituent une autre tendance. Ci-dessous, les points forts des fournisseurs pr\u00e9sents \u00e0 la FBK. Aichinger (www.aichinger.ch) a pr\u00e9sent\u00e9 sur son stand [&hellip;]<\/p>\n","protected":false},"author":1,"featured_media":7784,"comment_status":"open","ping_status":"closed","sticky":false,"template":"","format":"standard","meta":{"_acf_changed":false,"footnotes":""},"categories":[54],"tags":[],"class_list":["post-7782","post","type-post","status-publish","format-standard","has-post-thumbnail","hentry","category-conseils"],"acf":[],"yoast_head":"<!-- This site is optimized with the Yoast SEO Premium plugin v26.8 (Yoast SEO v26.8) - https:\/\/yoast.com\/product\/yoast-seo-premium-wordpress\/ -->\n<title>Tendances am\u00e9nagement | SBC<\/title>\n<meta name=\"robots\" content=\"index, follow, max-snippet:-1, max-image-preview:large, max-video-preview:-1\" \/>\n<link rel=\"canonical\" href=\"https:\/\/swissbaker.ch\/fr\/panissimo-news\/tendances-amenagement\/\" \/>\n<meta property=\"og:locale\" content=\"fr_FR\" \/>\n<meta property=\"og:type\" content=\"article\" \/>\n<meta property=\"og:title\" content=\"Tendances am\u00e9nagement\" \/>\n<meta property=\"og:description\" content=\"Du c\u00f4t\u00e9 des am\u00e9nagements de magasin, la bonne mise en valeur des produits saute aux yeux. Cela concerne particuli\u00e8rement les comptoirs. De plus en plus de structures en verre, d\u00e9pourvues de montants sont utilis\u00e9es. Les vitrines et \u00e9tag\u00e8res multi-usages constituent une autre tendance. Ci-dessous, les points forts des fournisseurs pr\u00e9sents \u00e0 la FBK. Aichinger (www.aichinger.ch) a pr\u00e9sent\u00e9 sur son stand [&hellip;]\" \/>\n<meta property=\"og:url\" content=\"https:\/\/swissbaker.ch\/fr\/panissimo-news\/tendances-amenagement\/\" \/>\n<meta property=\"og:site_name\" content=\"SBC\" \/>\n<meta property=\"article:publisher\" content=\"https:\/\/www.facebook.com\/swissbaker.ch\" \/>\n<meta property=\"article:published_time\" content=\"2017-02-02T09:47:00+00:00\" \/>\n<meta property=\"article:modified_time\" content=\"2022-05-03T08:54:16+00:00\" \/>\n<meta property=\"og:image\" content=\"https:\/\/swissbaker.ch\/wp-content\/uploads\/2022\/05\/ladenbau_aichinger_6756.jpg\" \/>\n\t<meta property=\"og:image:width\" content=\"600\" \/>\n\t<meta property=\"og:image:height\" content=\"600\" \/>\n\t<meta property=\"og:image:type\" content=\"image\/jpeg\" \/>\n<meta name=\"author\" content=\"azureart\" \/>\n<meta name=\"twitter:card\" content=\"summary_large_image\" \/>\n<meta name=\"twitter:creator\" content=\"@ch_swissbaker\" \/>\n<meta name=\"twitter:site\" content=\"@ch_swissbaker\" \/>\n<meta name=\"twitter:label1\" content=\"Written by\" \/>\n\t<meta name=\"twitter:data1\" content=\"azureart\" \/>\n\t<meta name=\"twitter:label2\" content=\"Est. reading time\" \/>\n\t<meta name=\"twitter:data2\" content=\"4 minutes\" \/>\n<script type=\"application\/ld+json\" class=\"yoast-schema-graph\">{\"@context\":\"https:\/\/schema.org\",\"@graph\":[{\"@type\":\"Article\",\"@id\":\"https:\/\/swissbaker.ch\/fr\/panissimo-news\/tendances-amenagement\/#article\",\"isPartOf\":{\"@id\":\"https:\/\/swissbaker.ch\/fr\/panissimo-news\/tendances-amenagement\/\"},\"author\":{\"name\":\"azureart\",\"@id\":\"https:\/\/swissbaker.ch\/fr\/#\/schema\/person\/058ac47619f7da53df62aba60f939b78\"},\"headline\":\"Tendances am\u00e9nagement\",\"datePublished\":\"2017-02-02T09:47:00+00:00\",\"dateModified\":\"2022-05-03T08:54:16+00:00\",\"mainEntityOfPage\":{\"@id\":\"https:\/\/swissbaker.ch\/fr\/panissimo-news\/tendances-amenagement\/\"},\"wordCount\":679,\"commentCount\":0,\"publisher\":{\"@id\":\"https:\/\/swissbaker.ch\/fr\/#organization\"},\"image\":{\"@id\":\"https:\/\/swissbaker.ch\/fr\/panissimo-news\/tendances-amenagement\/#primaryimage\"},\"thumbnailUrl\":\"https:\/\/swissbaker.ch\/wp-content\/uploads\/2022\/05\/ladenbau_aichinger_6756.jpg\",\"articleSection\":[\"Conseils\"],\"inLanguage\":\"fr-FR\",\"potentialAction\":[{\"@type\":\"CommentAction\",\"name\":\"Comment\",\"target\":[\"https:\/\/swissbaker.ch\/fr\/panissimo-news\/tendances-amenagement\/#respond\"]}]},{\"@type\":\"WebPage\",\"@id\":\"https:\/\/swissbaker.ch\/fr\/panissimo-news\/tendances-amenagement\/\",\"url\":\"https:\/\/swissbaker.ch\/fr\/panissimo-news\/tendances-amenagement\/\",\"name\":\"Tendances am\u00e9nagement | SBC\",\"isPartOf\":{\"@id\":\"https:\/\/swissbaker.ch\/fr\/#website\"},\"primaryImageOfPage\":{\"@id\":\"https:\/\/swissbaker.ch\/fr\/panissimo-news\/tendances-amenagement\/#primaryimage\"},\"image\":{\"@id\":\"https:\/\/swissbaker.ch\/fr\/panissimo-news\/tendances-amenagement\/#primaryimage\"},\"thumbnailUrl\":\"https:\/\/swissbaker.ch\/wp-content\/uploads\/2022\/05\/ladenbau_aichinger_6756.jpg\",\"datePublished\":\"2017-02-02T09:47:00+00:00\",\"dateModified\":\"2022-05-03T08:54:16+00:00\",\"breadcrumb\":{\"@id\":\"https:\/\/swissbaker.ch\/fr\/panissimo-news\/tendances-amenagement\/#breadcrumb\"},\"inLanguage\":\"fr-FR\",\"potentialAction\":[{\"@type\":\"ReadAction\",\"target\":[\"https:\/\/swissbaker.ch\/fr\/panissimo-news\/tendances-amenagement\/\"]}]},{\"@type\":\"ImageObject\",\"inLanguage\":\"fr-FR\",\"@id\":\"https:\/\/swissbaker.ch\/fr\/panissimo-news\/tendances-amenagement\/#primaryimage\",\"url\":\"https:\/\/swissbaker.ch\/wp-content\/uploads\/2022\/05\/ladenbau_aichinger_6756.jpg\",\"contentUrl\":\"https:\/\/swissbaker.ch\/wp-content\/uploads\/2022\/05\/ladenbau_aichinger_6756.jpg\",\"width\":600,\"height\":600,\"caption\":\"Tendances am\u00e9nagement\"},{\"@type\":\"BreadcrumbList\",\"@id\":\"https:\/\/swissbaker.ch\/fr\/panissimo-news\/tendances-amenagement\/#breadcrumb\",\"itemListElement\":[{\"@type\":\"ListItem\",\"position\":1,\"name\":\"\",\"item\":\"https:\/\/swissbaker.ch\/fr\/\"},{\"@type\":\"ListItem\",\"position\":2,\"name\":\"Conseils\",\"item\":\"https:\/\/swissbaker.ch\/fr\/panissimo-news\/category\/conseils\/\"},{\"@type\":\"ListItem\",\"position\":3,\"name\":\"Tendances am\u00e9nagement\"}]},{\"@type\":\"WebSite\",\"@id\":\"https:\/\/swissbaker.ch\/fr\/#website\",\"url\":\"https:\/\/swissbaker.ch\/fr\/\",\"name\":\"SBC\",\"description\":\"\",\"publisher\":{\"@id\":\"https:\/\/swissbaker.ch\/fr\/#organization\"},\"potentialAction\":[{\"@type\":\"SearchAction\",\"target\":{\"@type\":\"EntryPoint\",\"urlTemplate\":\"https:\/\/swissbaker.ch\/fr\/?s={search_term_string}\"},\"query-input\":{\"@type\":\"PropertyValueSpecification\",\"valueRequired\":true,\"valueName\":\"search_term_string\"}}],\"inLanguage\":\"fr-FR\"},{\"@type\":\"Organization\",\"@id\":\"https:\/\/swissbaker.ch\/fr\/#organization\",\"name\":\"Schweizerischer B\u00e4cker-Confiseurmeister-Verband\",\"url\":\"https:\/\/swissbaker.ch\/fr\/\",\"logo\":{\"@type\":\"ImageObject\",\"inLanguage\":\"fr-FR\",\"@id\":\"https:\/\/swissbaker.ch\/fr\/#\/schema\/logo\/image\/\",\"url\":\"https:\/\/swissbaker.ch\/wp-content\/uploads\/2022\/04\/sbc-logo-yoast.jpg\",\"contentUrl\":\"https:\/\/swissbaker.ch\/wp-content\/uploads\/2022\/04\/sbc-logo-yoast.jpg\",\"width\":512,\"height\":512,\"caption\":\"Schweizerischer B\u00e4cker-Confiseurmeister-Verband\"},\"image\":{\"@id\":\"https:\/\/swissbaker.ch\/fr\/#\/schema\/logo\/image\/\"},\"sameAs\":[\"https:\/\/www.facebook.com\/swissbaker.ch\",\"https:\/\/x.com\/ch_swissbaker\"]},{\"@type\":\"Person\",\"@id\":\"https:\/\/swissbaker.ch\/fr\/#\/schema\/person\/058ac47619f7da53df62aba60f939b78\",\"name\":\"azureart\",\"image\":{\"@type\":\"ImageObject\",\"inLanguage\":\"fr-FR\",\"@id\":\"https:\/\/swissbaker.ch\/fr\/#\/schema\/person\/image\/\",\"url\":\"https:\/\/secure.gravatar.com\/avatar\/be04dd3098fd612c83067af4f7a295384c93cb6a9112f51beb9d2f477d25da61?s=96&d=mm&r=g\",\"contentUrl\":\"https:\/\/secure.gravatar.com\/avatar\/be04dd3098fd612c83067af4f7a295384c93cb6a9112f51beb9d2f477d25da61?s=96&d=mm&r=g\",\"caption\":\"azureart\"},\"sameAs\":[\"https:\/\/swissbaker.ch\"],\"url\":\"https:\/\/swissbaker.ch\/fr\/panissimo-news\/author\/pixel-ahoi\/\"}]}<\/script>\n<!-- \/ Yoast SEO Premium plugin. -->","yoast_head_json":{"title":"Tendances am\u00e9nagement | SBC","robots":{"index":"index","follow":"follow","max-snippet":"max-snippet:-1","max-image-preview":"max-image-preview:large","max-video-preview":"max-video-preview:-1"},"canonical":"https:\/\/swissbaker.ch\/fr\/panissimo-news\/tendances-amenagement\/","og_locale":"fr_FR","og_type":"article","og_title":"Tendances am\u00e9nagement","og_description":"Du c\u00f4t\u00e9 des am\u00e9nagements de magasin, la bonne mise en valeur des produits saute aux yeux. Cela concerne particuli\u00e8rement les comptoirs. De plus en plus de structures en verre, d\u00e9pourvues de montants sont utilis\u00e9es. Les vitrines et \u00e9tag\u00e8res multi-usages constituent une autre tendance. Ci-dessous, les points forts des fournisseurs pr\u00e9sents \u00e0 la FBK. Aichinger (www.aichinger.ch) a pr\u00e9sent\u00e9 sur son stand [&hellip;]","og_url":"https:\/\/swissbaker.ch\/fr\/panissimo-news\/tendances-amenagement\/","og_site_name":"SBC","article_publisher":"https:\/\/www.facebook.com\/swissbaker.ch","article_published_time":"2017-02-02T09:47:00+00:00","article_modified_time":"2022-05-03T08:54:16+00:00","og_image":[{"width":600,"height":600,"url":"https:\/\/swissbaker.ch\/wp-content\/uploads\/2022\/05\/ladenbau_aichinger_6756.jpg","type":"image\/jpeg"}],"author":"azureart","twitter_card":"summary_large_image","twitter_creator":"@ch_swissbaker","twitter_site":"@ch_swissbaker","twitter_misc":{"Written by":"azureart","Est. reading time":"4 minutes"},"schema":{"@context":"https:\/\/schema.org","@graph":[{"@type":"Article","@id":"https:\/\/swissbaker.ch\/fr\/panissimo-news\/tendances-amenagement\/#article","isPartOf":{"@id":"https:\/\/swissbaker.ch\/fr\/panissimo-news\/tendances-amenagement\/"},"author":{"name":"azureart","@id":"https:\/\/swissbaker.ch\/fr\/#\/schema\/person\/058ac47619f7da53df62aba60f939b78"},"headline":"Tendances am\u00e9nagement","datePublished":"2017-02-02T09:47:00+00:00","dateModified":"2022-05-03T08:54:16+00:00","mainEntityOfPage":{"@id":"https:\/\/swissbaker.ch\/fr\/panissimo-news\/tendances-amenagement\/"},"wordCount":679,"commentCount":0,"publisher":{"@id":"https:\/\/swissbaker.ch\/fr\/#organization"},"image":{"@id":"https:\/\/swissbaker.ch\/fr\/panissimo-news\/tendances-amenagement\/#primaryimage"},"thumbnailUrl":"https:\/\/swissbaker.ch\/wp-content\/uploads\/2022\/05\/ladenbau_aichinger_6756.jpg","articleSection":["Conseils"],"inLanguage":"fr-FR","potentialAction":[{"@type":"CommentAction","name":"Comment","target":["https:\/\/swissbaker.ch\/fr\/panissimo-news\/tendances-amenagement\/#respond"]}]},{"@type":"WebPage","@id":"https:\/\/swissbaker.ch\/fr\/panissimo-news\/tendances-amenagement\/","url":"https:\/\/swissbaker.ch\/fr\/panissimo-news\/tendances-amenagement\/","name":"Tendances am\u00e9nagement | SBC","isPartOf":{"@id":"https:\/\/swissbaker.ch\/fr\/#website"},"primaryImageOfPage":{"@id":"https:\/\/swissbaker.ch\/fr\/panissimo-news\/tendances-amenagement\/#primaryimage"},"image":{"@id":"https:\/\/swissbaker.ch\/fr\/panissimo-news\/tendances-amenagement\/#primaryimage"},"thumbnailUrl":"https:\/\/swissbaker.ch\/wp-content\/uploads\/2022\/05\/ladenbau_aichinger_6756.jpg","datePublished":"2017-02-02T09:47:00+00:00","dateModified":"2022-05-03T08:54:16+00:00","breadcrumb":{"@id":"https:\/\/swissbaker.ch\/fr\/panissimo-news\/tendances-amenagement\/#breadcrumb"},"inLanguage":"fr-FR","potentialAction":[{"@type":"ReadAction","target":["https:\/\/swissbaker.ch\/fr\/panissimo-news\/tendances-amenagement\/"]}]},{"@type":"ImageObject","inLanguage":"fr-FR","@id":"https:\/\/swissbaker.ch\/fr\/panissimo-news\/tendances-amenagement\/#primaryimage","url":"https:\/\/swissbaker.ch\/wp-content\/uploads\/2022\/05\/ladenbau_aichinger_6756.jpg","contentUrl":"https:\/\/swissbaker.ch\/wp-content\/uploads\/2022\/05\/ladenbau_aichinger_6756.jpg","width":600,"height":600,"caption":"Tendances am\u00e9nagement"},{"@type":"BreadcrumbList","@id":"https:\/\/swissbaker.ch\/fr\/panissimo-news\/tendances-amenagement\/#breadcrumb","itemListElement":[{"@type":"ListItem","position":1,"name":"","item":"https:\/\/swissbaker.ch\/fr\/"},{"@type":"ListItem","position":2,"name":"Conseils","item":"https:\/\/swissbaker.ch\/fr\/panissimo-news\/category\/conseils\/"},{"@type":"ListItem","position":3,"name":"Tendances am\u00e9nagement"}]},{"@type":"WebSite","@id":"https:\/\/swissbaker.ch\/fr\/#website","url":"https:\/\/swissbaker.ch\/fr\/","name":"SBC","description":"","publisher":{"@id":"https:\/\/swissbaker.ch\/fr\/#organization"},"potentialAction":[{"@type":"SearchAction","target":{"@type":"EntryPoint","urlTemplate":"https:\/\/swissbaker.ch\/fr\/?s={search_term_string}"},"query-input":{"@type":"PropertyValueSpecification","valueRequired":true,"valueName":"search_term_string"}}],"inLanguage":"fr-FR"},{"@type":"Organization","@id":"https:\/\/swissbaker.ch\/fr\/#organization","name":"Schweizerischer B\u00e4cker-Confiseurmeister-Verband","url":"https:\/\/swissbaker.ch\/fr\/","logo":{"@type":"ImageObject","inLanguage":"fr-FR","@id":"https:\/\/swissbaker.ch\/fr\/#\/schema\/logo\/image\/","url":"https:\/\/swissbaker.ch\/wp-content\/uploads\/2022\/04\/sbc-logo-yoast.jpg","contentUrl":"https:\/\/swissbaker.ch\/wp-content\/uploads\/2022\/04\/sbc-logo-yoast.jpg","width":512,"height":512,"caption":"Schweizerischer B\u00e4cker-Confiseurmeister-Verband"},"image":{"@id":"https:\/\/swissbaker.ch\/fr\/#\/schema\/logo\/image\/"},"sameAs":["https:\/\/www.facebook.com\/swissbaker.ch","https:\/\/x.com\/ch_swissbaker"]},{"@type":"Person","@id":"https:\/\/swissbaker.ch\/fr\/#\/schema\/person\/058ac47619f7da53df62aba60f939b78","name":"azureart","image":{"@type":"ImageObject","inLanguage":"fr-FR","@id":"https:\/\/swissbaker.ch\/fr\/#\/schema\/person\/image\/","url":"https:\/\/secure.gravatar.com\/avatar\/be04dd3098fd612c83067af4f7a295384c93cb6a9112f51beb9d2f477d25da61?s=96&d=mm&r=g","contentUrl":"https:\/\/secure.gravatar.com\/avatar\/be04dd3098fd612c83067af4f7a295384c93cb6a9112f51beb9d2f477d25da61?s=96&d=mm&r=g","caption":"azureart"},"sameAs":["https:\/\/swissbaker.ch"],"url":"https:\/\/swissbaker.ch\/fr\/panissimo-news\/author\/pixel-ahoi\/"}]}},"_links":{"self":[{"href":"https:\/\/swissbaker.ch\/fr\/wp-json\/wp\/v2\/posts\/7782","targetHints":{"allow":["GET"]}}],"collection":[{"href":"https:\/\/swissbaker.ch\/fr\/wp-json\/wp\/v2\/posts"}],"about":[{"href":"https:\/\/swissbaker.ch\/fr\/wp-json\/wp\/v2\/types\/post"}],"author":[{"embeddable":true,"href":"https:\/\/swissbaker.ch\/fr\/wp-json\/wp\/v2\/users\/1"}],"replies":[{"embeddable":true,"href":"https:\/\/swissbaker.ch\/fr\/wp-json\/wp\/v2\/comments?post=7782"}],"version-history":[{"count":0,"href":"https:\/\/swissbaker.ch\/fr\/wp-json\/wp\/v2\/posts\/7782\/revisions"}],"wp:featuredmedia":[{"embeddable":true,"href":"https:\/\/swissbaker.ch\/fr\/wp-json\/wp\/v2\/media\/7784"}],"wp:attachment":[{"href":"https:\/\/swissbaker.ch\/fr\/wp-json\/wp\/v2\/media?parent=7782"}],"wp:term":[{"taxonomy":"category","embeddable":true,"href":"https:\/\/swissbaker.ch\/fr\/wp-json\/wp\/v2\/categories?post=7782"},{"taxonomy":"post_tag","embeddable":true,"href":"https:\/\/swissbaker.ch\/fr\/wp-json\/wp\/v2\/tags?post=7782"}],"curies":[{"name":"wp","href":"https:\/\/api.w.org\/{rel}","templated":true}]}}