{"id":77763,"date":"2024-04-26T11:55:01","date_gmt":"2024-04-26T09:55:01","guid":{"rendered":"https:\/\/swissbaker.ch\/?p=77763"},"modified":"2024-04-26T15:21:02","modified_gmt":"2024-04-26T13:21:02","slug":"recreer-du-lienentre-les-cantonales","status":"publish","type":"post","link":"https:\/\/swissbaker.ch\/fr\/panissimo-news\/recreer-du-lienentre-les-cantonales\/","title":{"rendered":"Recr\u00e9er du lien entre les cantonales"},"content":{"rendered":"\n<p><strong>Depuis bient\u00f4t une ann\u00e9e, les artisans boulangers-p\u00e2tissiers-confiseurs romands ont une nouvelle secr\u00e9taire g\u00e9n\u00e9rale en la personne de Caroline Vionnet. R\u00e9organisation, formation, rel\u00e8ve, valorisation du secteur\u2026 Les dossiers qui occupent la trentenaire fribourgeoise sont aussi nombreux que complexes\u2026<\/strong><\/p>\n\n\n\n<p>Caroline Vionnet g\u00e8re l\u2019Association romande des artisans boulangers-p\u00e2tissiers-confiseurs (ARABPC) depuis le 23\u202fmai. Elle a officiellement succ\u00e9d\u00e9 \u00e0 Pascal Charlet, lors de la derni\u00e8re assembl\u00e9e des d\u00e9l\u00e9gu\u00e9s \u00e0 Yverdon-les-Bains (VD).<\/p>\n\n\n\n<h2 class=\"wp-block-heading\" id=\"h-repondre-aux-besoins-des-membres\">R\u00e9pondre aux besoins des membres<\/h2>\n\n\n\n<p>La restructuration de l\u2019ARABPC est l\u2019un des dossiers les plus importants qui l\u2019attend\u2009: \u00ab\u2009Nouvelle, j\u2019ai eu quelques appr\u00e9hensions en apprenant que toute la strat\u00e9gie de la Romande \u00e9tait \u00e0 revoir.\u2009\u00bb Il ne s\u2019agissait cependant pas de tout r\u00e9volutionner. L\u2019objectif est de conserver ce qui fonctionne et d\u2019amener des id\u00e9es afin de se concentrer sur les besoins des membres. \u00ab\u2009Au fil des ann\u00e9es, avec l\u2019habitude, on ne se pose peut-\u00eatre pas, ou plus, les bonnes questions.\u2009\u00bb Durant le s\u00e9minaire qui a pr\u00e9c\u00e9d\u00e9 les assises annuelles, les repr\u00e9sentants des commissions ont \u00e9t\u00e9 mis \u00e0 contribution. Entre autres r\u00e9flexions et brainstorming, ils se sont pench\u00e9s sur le r\u00f4le de l\u2019association, leurs attentes et priorit\u00e9s. \u00ab\u2009J\u2019ai \u00e9t\u00e9 positivement surprise du r\u00e9sultat. L\u2019engouement et la passion qui animent tous ces professionnels sont tr\u00e8s motivants\u2009\u00bb, rel\u00e8ve Mme\u202fVionnet.<\/p>\n\n\n\n<figure class=\"wp-block-image size-large\"><img decoding=\"async\" width=\"1024\" height=\"608\" src=\"https:\/\/swissbaker.ch\/wp-content\/uploads\/2024\/04\/8_2_caroline_vionnet-1024x608.jpg\" alt=\"\" class=\"wp-image-77764\" srcset=\"https:\/\/swissbaker.ch\/wp-content\/uploads\/2024\/04\/8_2_caroline_vionnet-1024x608.jpg 1024w, https:\/\/swissbaker.ch\/wp-content\/uploads\/2024\/04\/8_2_caroline_vionnet-768x456.jpg 768w, https:\/\/swissbaker.ch\/wp-content\/uploads\/2024\/04\/8_2_caroline_vionnet.jpg 1200w\" sizes=\"(max-width: 1024px) 100vw, 1024px\" \/><figcaption class=\"wp-element-caption\"><em>Caroline Vionnet, secr\u00e9taire g\u00e9n\u00e9rale de l\u2019ARABPC\u2009: \u00ab\u2009La boulangerie-confiserie est un m\u00e9tier passion, mais faut-il encore pouvoir offrir la possibilit\u00e9 aux jeunes de devenir passionn\u00e9s.\u2009\u00bb<\/em><\/figcaption><\/figure>\n\n\n\n<h2 class=\"wp-block-heading\" id=\"h-gain-de-temps-et-d-efficacite\">Gain de temps et d\u2019efficacit\u00e9<\/h2>\n\n\n\n<p>Un comit\u00e9 de pilotage a repris les \u00e9l\u00e9ments issus de ces r\u00e9flexions. Compos\u00e9 de personnes du comit\u00e9 directeur de l\u2019ARABPC, mais aussi d\u2019externes, il a pu les d\u00e9grossir afin de d\u00e9finir davantage la nouvelle structure. Les d\u00e9tails ont \u00e9t\u00e9 pr\u00e9sent\u00e9s lors d\u2019une s\u00e9ance d\u2019informations, le 23\u202fjanvier \u00e0 Yverdon. Accompagn\u00e9e par des nouveaux statuts de l\u2019ARABPC, cette organisation sera officiellement expos\u00e9e et valid\u00e9e lors de l\u2019assembl\u00e9e des d\u00e9l\u00e9gu\u00e9s, le 29\u202favril aux Paccots (FR). Elle entrera imm\u00e9diatement en vigueur avec le s\u00e9minaire pr\u00e9vu le lendemain permettant de d\u00e9marrer le travail dans les nouvelles commissions.<\/p>\n\n\n\n<p>Mme\u202fVionnet a constat\u00e9 une certaine volont\u00e9 de recr\u00e9er du lien entre les cantonales et de b\u00e9n\u00e9ficier d\u2019une meilleure coordination. \u00ab\u2009Une superbe id\u00e9e peut \u00e9merger chez les Genevois, alors m\u00eame que les Neuch\u00e2telois sont \u00e0 la recherche d\u2019une solution pour une m\u00eame probl\u00e9matique, par exemple. Nous pourrions \u00eatre davantage solidaires et coordonner ces actions au niveau de la Romandie. Nous gagnerions en temps et en efficacit\u00e9 \u00e0 tous les \u00e9chelons.\u2009\u00bb<\/p>\n\n\n\n<figure class=\"wp-block-pullquote has-text-color has-link-color wp-elements-db0870f95bc0621abf031424ac959a7f\" style=\"color:#cc9933;font-size:22px;font-style:normal;font-weight:700\"><blockquote><p>\u00ab Nous pourrions \u00eatre davantage solidaires et coordonner les actions au niveau de la Romandie. \u00bb<\/p><cite>Caroline Vionnet<\/cite><\/blockquote><\/figure>\n\n\n\n<p>Le proc\u00e9d\u00e9 consisterait concr\u00e8tement \u00e0 remonter les probl\u00e9matiques cantonales vers l\u2019ARABPC\u2009; en r\u00e9introduisant les s\u00e9ances des pr\u00e9sidents romands et de leurs secr\u00e9tariats, par exemple. Il en r\u00e9sulterait une meilleure vision globale de la situation au sein des r\u00e9gions. \u00ab\u2009Evidemment, il y a des sp\u00e9cificit\u00e9s locales que les r\u00e9gions devront traiter, d\u2019o\u00f9 la n\u00e9cessit\u00e9 de poss\u00e9der des associations cantonales. En revanche, il y a quand m\u00eame des enjeux communs que l\u2019on soit dans le Jura ou en Valais\u2009: la formation, le recrutement, la promotion de la rel\u00e8ve\u2026\u2009\u00bb<\/p>\n\n\n\n<h2 class=\"wp-block-heading\" id=\"h-metiers-a-valoriser\">M\u00e9tiers \u00e0 valoriser<\/h2>\n\n\n\n<p>Ces points et plus g\u00e9n\u00e9ralement la valorisation des m\u00e9tiers de la boulangerie-confiserie sont ressortis \u00e0 plusieurs reprises. Avec une perception du travail et de l\u2019environnement professionnel en mutation, il est important d\u2019offrir une image attractive de la branche. \u00ab\u2009Dans les \u00e9coles, les services de l\u2019orientation, nous devons promouvoir au maximum la formation duale et, surtout, \u00e0 toutes les cat\u00e9gories d\u2019\u00e9l\u00e8ves.\u2009\u00bb L\u2019apprentissage n\u2019est pas assez promu, selon la secr\u00e9taire g\u00e9n\u00e9rale. \u00ab\u2009Il y a tellement de choses \u00e0 faire ensuite\u2009: une formation sup\u00e9rieure, un brevet, etc. (\u2026) La boulangerie-confiserie est un m\u00e9tier passion, mais faut-il encore pouvoir offrir la possibilit\u00e9 \u00e0 ces jeunes de devenir passionn\u00e9s. Il faut pour cela une bonne coordination avec les \u00e9coles.\u2009\u00bb Ne faut-il pas \u00e9galement des patrons et des formateurs passionn\u00e9s\u2009? \u00ab\u2009Bien s\u00fbr, et il y en a\u2009!\u2009\u00bb, r\u00e9pond la Fribourgeoise.<\/p>\n\n\n\n<p>La valorisation de l\u2019image de la branche doit aussi passer par la client\u00e8le. Les habitudes de consommation ont chang\u00e9. Les consommateurs recherchent du choix, de la simplicit\u00e9 et de la rapidit\u00e9. Se rendre dans une grande surface est devenu synonyme de facilit\u00e9. \u00ab\u2009Or, les artisans ont une plus-value \u00e9norme \u00e0 offrir. Ne serait-ce que la qualit\u00e9 de leurs produits, la proximit\u00e9 avec les gens, l\u2019authenticit\u00e9 de leur travail. Ces \u00e9l\u00e9ments doivent \u00eatre mis en valeur\u2009!\u2009\u00bb<\/p>\n\n\n\n<h2 class=\"wp-block-heading\" id=\"h-des-avantages-a-montrer\">Des avantages \u00e0 montrer<\/h2>\n\n\n\n<p>Le Swiss Bakery Trophy (SBT), dont Caroline Vionnet a aussi repris la gestion, est l\u2019un des moyens d\u2019y parvenir. Non seulement, il offre une vitrine pour l\u2019artisanat, mais en plus une vision globale de la diversit\u00e9 des m\u00e9tiers de la branche. \u00ab\u2009L\u2019image du boulanger-confiseur qui ne fait que du pain ou du chocolat est r\u00e9volue. Les activit\u00e9s dans la branche sont vari\u00e9es\u2009: boulangerie, p\u00e2tisserie, confiserie, vente, traiteur, restauration\u2026 A nous de profiter de cette diversification pour en montrer les avantages.\u2009\u00bb <\/p>\n\n\n\n<p class=\"has-text-align-right\"><em>Johann Ruppen<\/em><\/p>\n","protected":false},"excerpt":{"rendered":"<p>Depuis bient\u00f4t une ann\u00e9e, les artisans boulangers-p\u00e2tissiers-confiseurs romands ont une nouvelle secr\u00e9taire g\u00e9n\u00e9rale en la personne de Caroline Vionnet. R\u00e9organisation, formation, rel\u00e8ve, valorisation du secteur\u2026 Les dossiers qui occupent la trentenaire fribourgeoise sont aussi nombreux que complexes\u2026<\/p>\n","protected":false},"author":5,"featured_media":77764,"comment_status":"closed","ping_status":"closed","sticky":true,"template":"","format":"standard","meta":{"_acf_changed":false,"footnotes":""},"categories":[41,40],"tags":[328,329,327],"class_list":["post-77763","post","type-post","status-publish","format-standard","has-post-thumbnail","hentry","category-association","category-des-cantons","tag-arabpc","tag-association-romande-des-artisans-boulangers","tag-caroline-vionnet"],"acf":[],"yoast_head":"<!-- This site is optimized with the Yoast SEO Premium plugin v26.8 (Yoast SEO v26.8) - https:\/\/yoast.com\/product\/yoast-seo-premium-wordpress\/ -->\n<title>Recr\u00e9er du lien entre les cantonales | SBC<\/title>\n<meta name=\"description\" content=\"Depuis bient\u00f4t une ann\u00e9e, les artisans boulangers-p\u00e2tissiers-confiseurs romands ont une nouvelle secr\u00e9taire g\u00e9n\u00e9rale en la personne de Caroline Vionnet.\" \/>\n<meta name=\"robots\" content=\"index, follow, max-snippet:-1, max-image-preview:large, max-video-preview:-1\" \/>\n<link rel=\"canonical\" href=\"https:\/\/swissbaker.ch\/fr\/panissimo-news\/recreer-du-lienentre-les-cantonales\/\" \/>\n<meta property=\"og:locale\" content=\"fr_FR\" \/>\n<meta property=\"og:type\" content=\"article\" \/>\n<meta property=\"og:title\" content=\"Recr\u00e9er du lien entre les cantonales\" \/>\n<meta property=\"og:description\" content=\"Depuis bient\u00f4t une ann\u00e9e, les artisans boulangers-p\u00e2tissiers-confiseurs romands ont une nouvelle secr\u00e9taire g\u00e9n\u00e9rale en la personne de Caroline Vionnet.\" \/>\n<meta property=\"og:url\" content=\"https:\/\/swissbaker.ch\/fr\/panissimo-news\/recreer-du-lienentre-les-cantonales\/\" \/>\n<meta property=\"og:site_name\" content=\"SBC\" \/>\n<meta property=\"article:publisher\" content=\"https:\/\/www.facebook.com\/swissbaker.ch\" \/>\n<meta property=\"article:published_time\" content=\"2024-04-26T09:55:01+00:00\" \/>\n<meta property=\"article:modified_time\" content=\"2024-04-26T13:21:02+00:00\" \/>\n<meta property=\"og:image\" content=\"https:\/\/swissbaker.ch\/wp-content\/uploads\/2024\/04\/8_2_caroline_vionnet.jpg\" \/>\n\t<meta property=\"og:image:width\" content=\"1200\" \/>\n\t<meta property=\"og:image:height\" content=\"712\" \/>\n\t<meta property=\"og:image:type\" content=\"image\/jpeg\" \/>\n<meta name=\"author\" content=\"Simon Nussbaum\" \/>\n<meta name=\"twitter:card\" content=\"summary_large_image\" \/>\n<meta name=\"twitter:creator\" content=\"@ch_swissbaker\" \/>\n<meta name=\"twitter:site\" content=\"@ch_swissbaker\" \/>\n<meta name=\"twitter:label1\" content=\"Written by\" \/>\n\t<meta name=\"twitter:data1\" content=\"Simon Nussbaum\" \/>\n\t<meta name=\"twitter:label2\" content=\"Est. reading time\" \/>\n\t<meta name=\"twitter:data2\" content=\"5 minutes\" \/>\n<script type=\"application\/ld+json\" class=\"yoast-schema-graph\">{\"@context\":\"https:\/\/schema.org\",\"@graph\":[{\"@type\":\"Article\",\"@id\":\"https:\/\/swissbaker.ch\/fr\/panissimo-news\/recreer-du-lienentre-les-cantonales\/#article\",\"isPartOf\":{\"@id\":\"https:\/\/swissbaker.ch\/fr\/panissimo-news\/recreer-du-lienentre-les-cantonales\/\"},\"author\":{\"name\":\"Simon Nussbaum\",\"@id\":\"https:\/\/swissbaker.ch\/fr\/#\/schema\/person\/74bd327b08c18ca6042c02ff6f0ed5e2\"},\"headline\":\"Recr\u00e9er du lien entre les cantonales\",\"datePublished\":\"2024-04-26T09:55:01+00:00\",\"dateModified\":\"2024-04-26T13:21:02+00:00\",\"mainEntityOfPage\":{\"@id\":\"https:\/\/swissbaker.ch\/fr\/panissimo-news\/recreer-du-lienentre-les-cantonales\/\"},\"wordCount\":926,\"publisher\":{\"@id\":\"https:\/\/swissbaker.ch\/fr\/#organization\"},\"image\":{\"@id\":\"https:\/\/swissbaker.ch\/fr\/panissimo-news\/recreer-du-lienentre-les-cantonales\/#primaryimage\"},\"thumbnailUrl\":\"https:\/\/swissbaker.ch\/wp-content\/uploads\/2024\/04\/8_2_caroline_vionnet.jpg\",\"keywords\":[\"ARABPC\",\"Association romande des artisans boulangers\",\"Caroline Vionnet\"],\"articleSection\":[\"Association\",\"Des cantons\"],\"inLanguage\":\"fr-FR\"},{\"@type\":\"WebPage\",\"@id\":\"https:\/\/swissbaker.ch\/fr\/panissimo-news\/recreer-du-lienentre-les-cantonales\/\",\"url\":\"https:\/\/swissbaker.ch\/fr\/panissimo-news\/recreer-du-lienentre-les-cantonales\/\",\"name\":\"Recr\u00e9er du lien entre les cantonales | SBC\",\"isPartOf\":{\"@id\":\"https:\/\/swissbaker.ch\/fr\/#website\"},\"primaryImageOfPage\":{\"@id\":\"https:\/\/swissbaker.ch\/fr\/panissimo-news\/recreer-du-lienentre-les-cantonales\/#primaryimage\"},\"image\":{\"@id\":\"https:\/\/swissbaker.ch\/fr\/panissimo-news\/recreer-du-lienentre-les-cantonales\/#primaryimage\"},\"thumbnailUrl\":\"https:\/\/swissbaker.ch\/wp-content\/uploads\/2024\/04\/8_2_caroline_vionnet.jpg\",\"datePublished\":\"2024-04-26T09:55:01+00:00\",\"dateModified\":\"2024-04-26T13:21:02+00:00\",\"description\":\"Depuis bient\u00f4t une ann\u00e9e, les artisans boulangers-p\u00e2tissiers-confiseurs romands ont une nouvelle secr\u00e9taire g\u00e9n\u00e9rale en la personne de Caroline Vionnet.\",\"breadcrumb\":{\"@id\":\"https:\/\/swissbaker.ch\/fr\/panissimo-news\/recreer-du-lienentre-les-cantonales\/#breadcrumb\"},\"inLanguage\":\"fr-FR\",\"potentialAction\":[{\"@type\":\"ReadAction\",\"target\":[\"https:\/\/swissbaker.ch\/fr\/panissimo-news\/recreer-du-lienentre-les-cantonales\/\"]}]},{\"@type\":\"ImageObject\",\"inLanguage\":\"fr-FR\",\"@id\":\"https:\/\/swissbaker.ch\/fr\/panissimo-news\/recreer-du-lienentre-les-cantonales\/#primaryimage\",\"url\":\"https:\/\/swissbaker.ch\/wp-content\/uploads\/2024\/04\/8_2_caroline_vionnet.jpg\",\"contentUrl\":\"https:\/\/swissbaker.ch\/wp-content\/uploads\/2024\/04\/8_2_caroline_vionnet.jpg\",\"width\":1200,\"height\":712},{\"@type\":\"BreadcrumbList\",\"@id\":\"https:\/\/swissbaker.ch\/fr\/panissimo-news\/recreer-du-lienentre-les-cantonales\/#breadcrumb\",\"itemListElement\":[{\"@type\":\"ListItem\",\"position\":1,\"name\":\"\",\"item\":\"https:\/\/swissbaker.ch\/fr\/\"},{\"@type\":\"ListItem\",\"position\":2,\"name\":\"Association\",\"item\":\"https:\/\/swissbaker.ch\/fr\/panissimo-news\/category\/association\/\"},{\"@type\":\"ListItem\",\"position\":3,\"name\":\"Recr\u00e9er du lien entre les cantonales\"}]},{\"@type\":\"WebSite\",\"@id\":\"https:\/\/swissbaker.ch\/fr\/#website\",\"url\":\"https:\/\/swissbaker.ch\/fr\/\",\"name\":\"SBC\",\"description\":\"\",\"publisher\":{\"@id\":\"https:\/\/swissbaker.ch\/fr\/#organization\"},\"potentialAction\":[{\"@type\":\"SearchAction\",\"target\":{\"@type\":\"EntryPoint\",\"urlTemplate\":\"https:\/\/swissbaker.ch\/fr\/?s={search_term_string}\"},\"query-input\":{\"@type\":\"PropertyValueSpecification\",\"valueRequired\":true,\"valueName\":\"search_term_string\"}}],\"inLanguage\":\"fr-FR\"},{\"@type\":\"Organization\",\"@id\":\"https:\/\/swissbaker.ch\/fr\/#organization\",\"name\":\"Schweizerischer B\u00e4cker-Confiseurmeister-Verband\",\"url\":\"https:\/\/swissbaker.ch\/fr\/\",\"logo\":{\"@type\":\"ImageObject\",\"inLanguage\":\"fr-FR\",\"@id\":\"https:\/\/swissbaker.ch\/fr\/#\/schema\/logo\/image\/\",\"url\":\"https:\/\/swissbaker.ch\/wp-content\/uploads\/2022\/04\/sbc-logo-yoast.jpg\",\"contentUrl\":\"https:\/\/swissbaker.ch\/wp-content\/uploads\/2022\/04\/sbc-logo-yoast.jpg\",\"width\":512,\"height\":512,\"caption\":\"Schweizerischer B\u00e4cker-Confiseurmeister-Verband\"},\"image\":{\"@id\":\"https:\/\/swissbaker.ch\/fr\/#\/schema\/logo\/image\/\"},\"sameAs\":[\"https:\/\/www.facebook.com\/swissbaker.ch\",\"https:\/\/x.com\/ch_swissbaker\"]},{\"@type\":\"Person\",\"@id\":\"https:\/\/swissbaker.ch\/fr\/#\/schema\/person\/74bd327b08c18ca6042c02ff6f0ed5e2\",\"name\":\"Simon Nussbaum\",\"image\":{\"@type\":\"ImageObject\",\"inLanguage\":\"fr-FR\",\"@id\":\"https:\/\/swissbaker.ch\/fr\/#\/schema\/person\/image\/\",\"url\":\"https:\/\/secure.gravatar.com\/avatar\/df0eced3bb556c806cb760cf503ade1ed1df25b4104d80d6fd28d93a9509aa12?s=96&d=mm&r=g\",\"contentUrl\":\"https:\/\/secure.gravatar.com\/avatar\/df0eced3bb556c806cb760cf503ade1ed1df25b4104d80d6fd28d93a9509aa12?s=96&d=mm&r=g\",\"caption\":\"Simon Nussbaum\"},\"url\":\"https:\/\/swissbaker.ch\/fr\/panissimo-news\/author\/simon-nussbaum\/\"}]}<\/script>\n<!-- \/ Yoast SEO Premium plugin. -->","yoast_head_json":{"title":"Recr\u00e9er du lien entre les cantonales | SBC","description":"Depuis bient\u00f4t une ann\u00e9e, les artisans boulangers-p\u00e2tissiers-confiseurs romands ont une nouvelle secr\u00e9taire g\u00e9n\u00e9rale en la personne de Caroline Vionnet.","robots":{"index":"index","follow":"follow","max-snippet":"max-snippet:-1","max-image-preview":"max-image-preview:large","max-video-preview":"max-video-preview:-1"},"canonical":"https:\/\/swissbaker.ch\/fr\/panissimo-news\/recreer-du-lienentre-les-cantonales\/","og_locale":"fr_FR","og_type":"article","og_title":"Recr\u00e9er du lien entre les cantonales","og_description":"Depuis bient\u00f4t une ann\u00e9e, les artisans boulangers-p\u00e2tissiers-confiseurs romands ont une nouvelle secr\u00e9taire g\u00e9n\u00e9rale en la personne de Caroline Vionnet.","og_url":"https:\/\/swissbaker.ch\/fr\/panissimo-news\/recreer-du-lienentre-les-cantonales\/","og_site_name":"SBC","article_publisher":"https:\/\/www.facebook.com\/swissbaker.ch","article_published_time":"2024-04-26T09:55:01+00:00","article_modified_time":"2024-04-26T13:21:02+00:00","og_image":[{"width":1200,"height":712,"url":"https:\/\/swissbaker.ch\/wp-content\/uploads\/2024\/04\/8_2_caroline_vionnet.jpg","type":"image\/jpeg"}],"author":"Simon Nussbaum","twitter_card":"summary_large_image","twitter_creator":"@ch_swissbaker","twitter_site":"@ch_swissbaker","twitter_misc":{"Written by":"Simon Nussbaum","Est. reading time":"5 minutes"},"schema":{"@context":"https:\/\/schema.org","@graph":[{"@type":"Article","@id":"https:\/\/swissbaker.ch\/fr\/panissimo-news\/recreer-du-lienentre-les-cantonales\/#article","isPartOf":{"@id":"https:\/\/swissbaker.ch\/fr\/panissimo-news\/recreer-du-lienentre-les-cantonales\/"},"author":{"name":"Simon Nussbaum","@id":"https:\/\/swissbaker.ch\/fr\/#\/schema\/person\/74bd327b08c18ca6042c02ff6f0ed5e2"},"headline":"Recr\u00e9er du lien entre les cantonales","datePublished":"2024-04-26T09:55:01+00:00","dateModified":"2024-04-26T13:21:02+00:00","mainEntityOfPage":{"@id":"https:\/\/swissbaker.ch\/fr\/panissimo-news\/recreer-du-lienentre-les-cantonales\/"},"wordCount":926,"publisher":{"@id":"https:\/\/swissbaker.ch\/fr\/#organization"},"image":{"@id":"https:\/\/swissbaker.ch\/fr\/panissimo-news\/recreer-du-lienentre-les-cantonales\/#primaryimage"},"thumbnailUrl":"https:\/\/swissbaker.ch\/wp-content\/uploads\/2024\/04\/8_2_caroline_vionnet.jpg","keywords":["ARABPC","Association romande des artisans boulangers","Caroline Vionnet"],"articleSection":["Association","Des cantons"],"inLanguage":"fr-FR"},{"@type":"WebPage","@id":"https:\/\/swissbaker.ch\/fr\/panissimo-news\/recreer-du-lienentre-les-cantonales\/","url":"https:\/\/swissbaker.ch\/fr\/panissimo-news\/recreer-du-lienentre-les-cantonales\/","name":"Recr\u00e9er du lien entre les cantonales | SBC","isPartOf":{"@id":"https:\/\/swissbaker.ch\/fr\/#website"},"primaryImageOfPage":{"@id":"https:\/\/swissbaker.ch\/fr\/panissimo-news\/recreer-du-lienentre-les-cantonales\/#primaryimage"},"image":{"@id":"https:\/\/swissbaker.ch\/fr\/panissimo-news\/recreer-du-lienentre-les-cantonales\/#primaryimage"},"thumbnailUrl":"https:\/\/swissbaker.ch\/wp-content\/uploads\/2024\/04\/8_2_caroline_vionnet.jpg","datePublished":"2024-04-26T09:55:01+00:00","dateModified":"2024-04-26T13:21:02+00:00","description":"Depuis bient\u00f4t une ann\u00e9e, les artisans boulangers-p\u00e2tissiers-confiseurs romands ont une nouvelle secr\u00e9taire g\u00e9n\u00e9rale en la personne de Caroline Vionnet.","breadcrumb":{"@id":"https:\/\/swissbaker.ch\/fr\/panissimo-news\/recreer-du-lienentre-les-cantonales\/#breadcrumb"},"inLanguage":"fr-FR","potentialAction":[{"@type":"ReadAction","target":["https:\/\/swissbaker.ch\/fr\/panissimo-news\/recreer-du-lienentre-les-cantonales\/"]}]},{"@type":"ImageObject","inLanguage":"fr-FR","@id":"https:\/\/swissbaker.ch\/fr\/panissimo-news\/recreer-du-lienentre-les-cantonales\/#primaryimage","url":"https:\/\/swissbaker.ch\/wp-content\/uploads\/2024\/04\/8_2_caroline_vionnet.jpg","contentUrl":"https:\/\/swissbaker.ch\/wp-content\/uploads\/2024\/04\/8_2_caroline_vionnet.jpg","width":1200,"height":712},{"@type":"BreadcrumbList","@id":"https:\/\/swissbaker.ch\/fr\/panissimo-news\/recreer-du-lienentre-les-cantonales\/#breadcrumb","itemListElement":[{"@type":"ListItem","position":1,"name":"","item":"https:\/\/swissbaker.ch\/fr\/"},{"@type":"ListItem","position":2,"name":"Association","item":"https:\/\/swissbaker.ch\/fr\/panissimo-news\/category\/association\/"},{"@type":"ListItem","position":3,"name":"Recr\u00e9er du lien entre les cantonales"}]},{"@type":"WebSite","@id":"https:\/\/swissbaker.ch\/fr\/#website","url":"https:\/\/swissbaker.ch\/fr\/","name":"SBC","description":"","publisher":{"@id":"https:\/\/swissbaker.ch\/fr\/#organization"},"potentialAction":[{"@type":"SearchAction","target":{"@type":"EntryPoint","urlTemplate":"https:\/\/swissbaker.ch\/fr\/?s={search_term_string}"},"query-input":{"@type":"PropertyValueSpecification","valueRequired":true,"valueName":"search_term_string"}}],"inLanguage":"fr-FR"},{"@type":"Organization","@id":"https:\/\/swissbaker.ch\/fr\/#organization","name":"Schweizerischer B\u00e4cker-Confiseurmeister-Verband","url":"https:\/\/swissbaker.ch\/fr\/","logo":{"@type":"ImageObject","inLanguage":"fr-FR","@id":"https:\/\/swissbaker.ch\/fr\/#\/schema\/logo\/image\/","url":"https:\/\/swissbaker.ch\/wp-content\/uploads\/2022\/04\/sbc-logo-yoast.jpg","contentUrl":"https:\/\/swissbaker.ch\/wp-content\/uploads\/2022\/04\/sbc-logo-yoast.jpg","width":512,"height":512,"caption":"Schweizerischer B\u00e4cker-Confiseurmeister-Verband"},"image":{"@id":"https:\/\/swissbaker.ch\/fr\/#\/schema\/logo\/image\/"},"sameAs":["https:\/\/www.facebook.com\/swissbaker.ch","https:\/\/x.com\/ch_swissbaker"]},{"@type":"Person","@id":"https:\/\/swissbaker.ch\/fr\/#\/schema\/person\/74bd327b08c18ca6042c02ff6f0ed5e2","name":"Simon Nussbaum","image":{"@type":"ImageObject","inLanguage":"fr-FR","@id":"https:\/\/swissbaker.ch\/fr\/#\/schema\/person\/image\/","url":"https:\/\/secure.gravatar.com\/avatar\/df0eced3bb556c806cb760cf503ade1ed1df25b4104d80d6fd28d93a9509aa12?s=96&d=mm&r=g","contentUrl":"https:\/\/secure.gravatar.com\/avatar\/df0eced3bb556c806cb760cf503ade1ed1df25b4104d80d6fd28d93a9509aa12?s=96&d=mm&r=g","caption":"Simon Nussbaum"},"url":"https:\/\/swissbaker.ch\/fr\/panissimo-news\/author\/simon-nussbaum\/"}]}},"_links":{"self":[{"href":"https:\/\/swissbaker.ch\/fr\/wp-json\/wp\/v2\/posts\/77763","targetHints":{"allow":["GET"]}}],"collection":[{"href":"https:\/\/swissbaker.ch\/fr\/wp-json\/wp\/v2\/posts"}],"about":[{"href":"https:\/\/swissbaker.ch\/fr\/wp-json\/wp\/v2\/types\/post"}],"author":[{"embeddable":true,"href":"https:\/\/swissbaker.ch\/fr\/wp-json\/wp\/v2\/users\/5"}],"replies":[{"embeddable":true,"href":"https:\/\/swissbaker.ch\/fr\/wp-json\/wp\/v2\/comments?post=77763"}],"version-history":[{"count":0,"href":"https:\/\/swissbaker.ch\/fr\/wp-json\/wp\/v2\/posts\/77763\/revisions"}],"wp:featuredmedia":[{"embeddable":true,"href":"https:\/\/swissbaker.ch\/fr\/wp-json\/wp\/v2\/media\/77764"}],"wp:attachment":[{"href":"https:\/\/swissbaker.ch\/fr\/wp-json\/wp\/v2\/media?parent=77763"}],"wp:term":[{"taxonomy":"category","embeddable":true,"href":"https:\/\/swissbaker.ch\/fr\/wp-json\/wp\/v2\/categories?post=77763"},{"taxonomy":"post_tag","embeddable":true,"href":"https:\/\/swissbaker.ch\/fr\/wp-json\/wp\/v2\/tags?post=77763"}],"curies":[{"name":"wp","href":"https:\/\/api.w.org\/{rel}","templated":true}]}}