{"id":7774,"date":"2017-02-02T10:38:00","date_gmt":"2017-02-02T09:38:00","guid":{"rendered":"https:\/\/swissbaker.ch\/?p=7774"},"modified":"2022-05-03T10:40:02","modified_gmt":"2022-05-03T08:40:02","slug":"sortie-coup-doeil-et-idees","status":"publish","type":"post","link":"https:\/\/swissbaker.ch\/fr\/panissimo-news\/sortie-coup-doeil-et-idees\/","title":{"rendered":"Sortie, coup d\u2019\u0153il et id\u00e9es"},"content":{"rendered":"\n<p><strong>De nombreux Romands ont fait le d\u00e9placement \u00e0 la FBK. Rencontres et micro-trottoir, au d\u00e9tour des all\u00e9es\u2026<\/strong><\/p>\n\n\n\n<p>Parmi les 22\u2009770 visiteurs de cette 33e \u00e9dition, un certain nombre provenait de Suisse romande. La majorit\u00e9 de ces professionnels ont avou\u00e9 s\u2019y rendre sans but d\u2019achats pr\u00e9cis\u2009: \u00ab\u2009une sortie entre collaborateurs\u2009\u00bb ou \u00ab\u2009en famille\u2009\u00bb pour les uns, \u00ab\u2009l\u2019occasion de jeter un coup d\u2019\u0153il aux nouveaut\u00e9s\u2009\u00bb pour les autres ou encore \u00ab\u2009la possibilit\u00e9 de faire le plein d\u2019id\u00e9es\u2009\u00bb pour d\u2019autres encore. Il faut dire qu\u2019il y avait de quoi; et pas uniquement au niveau des produits pr\u00e9sent\u00e9s. Une dame boulang\u00e8re confia, par exemple, prendre passablement de temps \u00e0 \u00ab\u2009d\u00e9cortiquer\u2009\u00bb l\u2019am\u00e9nagement et la d\u00e9coration des stands afin de trouver l\u2019inspiration.<\/p>\n\n\n\n<p>Quelques membres ont souhait\u00e9 profiter de la pr\u00e9sence de plusieurs fournisseurs pour \u00ab\u2009observer leurs produits en fonction\u2009\u00bb, \u00ab\u2009comparer les offres\u2009\u00bb et \u00ab\u2009faire marcher la concurrence\u2009\u00bb.<\/p>\n\n\n\n<p>La quasi-totalit\u00e9 des professionnels interrog\u00e9s s\u2019est dite tr\u00e8s satisfaite d\u2019avoir fait le d\u00e9placement \u00e0 Berne, parfois m\u00eame plusieurs fois. Unique b\u00e9mol relev\u00e9 par des artisans\u2009: la collusion de dates entre la FBK et le Sirha \u00e0 Lyon o\u00f9 se disputaient plusieurs concours auxquels participait la Suisse. Une poign\u00e9e de t\u00e9m\u00e9raires a \u00ab\u2009\u00e9vit\u00e9 de choisir\u2009\u00bb\u2009: ils ont support\u00e9 les \u00e9quipes nationales en France avant de visiter le rendez-vous de la boulangerie-confiserie suisse.<\/p>\n","protected":false},"excerpt":{"rendered":"<p>De nombreux Romands ont fait le d\u00e9placement \u00e0 la FBK. Rencontres et micro-trottoir, au d\u00e9tour des all\u00e9es\u2026 Parmi les 22\u2009770 visiteurs de cette 33e \u00e9dition, un certain nombre provenait de Suisse romande. La majorit\u00e9 de ces professionnels ont avou\u00e9 s\u2019y rendre sans but d\u2019achats pr\u00e9cis\u2009: \u00ab\u2009une sortie entre collaborateurs\u2009\u00bb ou \u00ab\u2009en famille\u2009\u00bb pour les uns, \u00ab\u2009l\u2019occasion de jeter un coup [&hellip;]<\/p>\n","protected":false},"author":1,"featured_media":7775,"comment_status":"open","ping_status":"closed","sticky":false,"template":"","format":"standard","meta":{"_acf_changed":false,"footnotes":""},"categories":[46],"tags":[],"class_list":["post-7774","post","type-post","status-publish","format-standard","has-post-thumbnail","hentry","category-evenement"],"acf":[],"yoast_head":"<!-- This site is optimized with the Yoast SEO Premium plugin v26.8 (Yoast SEO v26.8) - https:\/\/yoast.com\/product\/yoast-seo-premium-wordpress\/ -->\n<title>Sortie, coup d\u2019\u0153il et id\u00e9es | SBC<\/title>\n<meta name=\"robots\" content=\"index, follow, max-snippet:-1, max-image-preview:large, max-video-preview:-1\" \/>\n<link rel=\"canonical\" href=\"https:\/\/swissbaker.ch\/fr\/panissimo-news\/sortie-coup-doeil-et-idees\/\" \/>\n<meta property=\"og:locale\" content=\"fr_FR\" \/>\n<meta property=\"og:type\" content=\"article\" \/>\n<meta property=\"og:title\" content=\"Sortie, coup d\u2019\u0153il et id\u00e9es\" \/>\n<meta property=\"og:description\" content=\"De nombreux Romands ont fait le d\u00e9placement \u00e0 la FBK. Rencontres et micro-trottoir, au d\u00e9tour des all\u00e9es\u2026 Parmi les 22\u2009770 visiteurs de cette 33e \u00e9dition, un certain nombre provenait de Suisse romande. La majorit\u00e9 de ces professionnels ont avou\u00e9 s\u2019y rendre sans but d\u2019achats pr\u00e9cis\u2009: \u00ab\u2009une sortie entre collaborateurs\u2009\u00bb ou \u00ab\u2009en famille\u2009\u00bb pour les uns, \u00ab\u2009l\u2019occasion de jeter un coup [&hellip;]\" \/>\n<meta property=\"og:url\" content=\"https:\/\/swissbaker.ch\/fr\/panissimo-news\/sortie-coup-doeil-et-idees\/\" \/>\n<meta property=\"og:site_name\" content=\"SBC\" \/>\n<meta property=\"article:publisher\" content=\"https:\/\/www.facebook.com\/swissbaker.ch\" \/>\n<meta property=\"article:published_time\" content=\"2017-02-02T09:38:00+00:00\" \/>\n<meta property=\"article:modified_time\" content=\"2022-05-03T08:40:02+00:00\" \/>\n<meta property=\"og:image\" content=\"https:\/\/swissbaker.ch\/wp-content\/uploads\/2022\/05\/fbk3550.jpg\" \/>\n\t<meta property=\"og:image:width\" content=\"600\" \/>\n\t<meta property=\"og:image:height\" content=\"600\" \/>\n\t<meta property=\"og:image:type\" content=\"image\/jpeg\" \/>\n<meta name=\"author\" content=\"azureart\" \/>\n<meta name=\"twitter:card\" content=\"summary_large_image\" \/>\n<meta name=\"twitter:creator\" content=\"@ch_swissbaker\" \/>\n<meta name=\"twitter:site\" content=\"@ch_swissbaker\" \/>\n<meta name=\"twitter:label1\" content=\"Written by\" \/>\n\t<meta name=\"twitter:data1\" content=\"azureart\" \/>\n\t<meta name=\"twitter:label2\" content=\"Est. reading time\" \/>\n\t<meta name=\"twitter:data2\" content=\"2 minutes\" \/>\n<script type=\"application\/ld+json\" class=\"yoast-schema-graph\">{\"@context\":\"https:\/\/schema.org\",\"@graph\":[{\"@type\":\"Article\",\"@id\":\"https:\/\/swissbaker.ch\/fr\/panissimo-news\/sortie-coup-doeil-et-idees\/#article\",\"isPartOf\":{\"@id\":\"https:\/\/swissbaker.ch\/fr\/panissimo-news\/sortie-coup-doeil-et-idees\/\"},\"author\":{\"name\":\"azureart\",\"@id\":\"https:\/\/swissbaker.ch\/fr\/#\/schema\/person\/058ac47619f7da53df62aba60f939b78\"},\"headline\":\"Sortie, coup d\u2019\u0153il et id\u00e9es\",\"datePublished\":\"2017-02-02T09:38:00+00:00\",\"dateModified\":\"2022-05-03T08:40:02+00:00\",\"mainEntityOfPage\":{\"@id\":\"https:\/\/swissbaker.ch\/fr\/panissimo-news\/sortie-coup-doeil-et-idees\/\"},\"wordCount\":246,\"commentCount\":0,\"publisher\":{\"@id\":\"https:\/\/swissbaker.ch\/fr\/#organization\"},\"image\":{\"@id\":\"https:\/\/swissbaker.ch\/fr\/panissimo-news\/sortie-coup-doeil-et-idees\/#primaryimage\"},\"thumbnailUrl\":\"https:\/\/swissbaker.ch\/wp-content\/uploads\/2022\/05\/fbk3550.jpg\",\"articleSection\":[\"Ev\u00e9nement\"],\"inLanguage\":\"fr-FR\",\"potentialAction\":[{\"@type\":\"CommentAction\",\"name\":\"Comment\",\"target\":[\"https:\/\/swissbaker.ch\/fr\/panissimo-news\/sortie-coup-doeil-et-idees\/#respond\"]}]},{\"@type\":\"WebPage\",\"@id\":\"https:\/\/swissbaker.ch\/fr\/panissimo-news\/sortie-coup-doeil-et-idees\/\",\"url\":\"https:\/\/swissbaker.ch\/fr\/panissimo-news\/sortie-coup-doeil-et-idees\/\",\"name\":\"Sortie, coup d\u2019\u0153il et id\u00e9es | SBC\",\"isPartOf\":{\"@id\":\"https:\/\/swissbaker.ch\/fr\/#website\"},\"primaryImageOfPage\":{\"@id\":\"https:\/\/swissbaker.ch\/fr\/panissimo-news\/sortie-coup-doeil-et-idees\/#primaryimage\"},\"image\":{\"@id\":\"https:\/\/swissbaker.ch\/fr\/panissimo-news\/sortie-coup-doeil-et-idees\/#primaryimage\"},\"thumbnailUrl\":\"https:\/\/swissbaker.ch\/wp-content\/uploads\/2022\/05\/fbk3550.jpg\",\"datePublished\":\"2017-02-02T09:38:00+00:00\",\"dateModified\":\"2022-05-03T08:40:02+00:00\",\"breadcrumb\":{\"@id\":\"https:\/\/swissbaker.ch\/fr\/panissimo-news\/sortie-coup-doeil-et-idees\/#breadcrumb\"},\"inLanguage\":\"fr-FR\",\"potentialAction\":[{\"@type\":\"ReadAction\",\"target\":[\"https:\/\/swissbaker.ch\/fr\/panissimo-news\/sortie-coup-doeil-et-idees\/\"]}]},{\"@type\":\"ImageObject\",\"inLanguage\":\"fr-FR\",\"@id\":\"https:\/\/swissbaker.ch\/fr\/panissimo-news\/sortie-coup-doeil-et-idees\/#primaryimage\",\"url\":\"https:\/\/swissbaker.ch\/wp-content\/uploads\/2022\/05\/fbk3550.jpg\",\"contentUrl\":\"https:\/\/swissbaker.ch\/wp-content\/uploads\/2022\/05\/fbk3550.jpg\",\"width\":600,\"height\":600,\"caption\":\"Sortie, coup d\u2019\u0153il et id\u00e9es\"},{\"@type\":\"BreadcrumbList\",\"@id\":\"https:\/\/swissbaker.ch\/fr\/panissimo-news\/sortie-coup-doeil-et-idees\/#breadcrumb\",\"itemListElement\":[{\"@type\":\"ListItem\",\"position\":1,\"name\":\"\",\"item\":\"https:\/\/swissbaker.ch\/fr\/\"},{\"@type\":\"ListItem\",\"position\":2,\"name\":\"Ev\u00e9nement\",\"item\":\"https:\/\/swissbaker.ch\/fr\/panissimo-news\/category\/evenement\/\"},{\"@type\":\"ListItem\",\"position\":3,\"name\":\"Sortie, coup d\u2019\u0153il et id\u00e9es\"}]},{\"@type\":\"WebSite\",\"@id\":\"https:\/\/swissbaker.ch\/fr\/#website\",\"url\":\"https:\/\/swissbaker.ch\/fr\/\",\"name\":\"SBC\",\"description\":\"\",\"publisher\":{\"@id\":\"https:\/\/swissbaker.ch\/fr\/#organization\"},\"potentialAction\":[{\"@type\":\"SearchAction\",\"target\":{\"@type\":\"EntryPoint\",\"urlTemplate\":\"https:\/\/swissbaker.ch\/fr\/?s={search_term_string}\"},\"query-input\":{\"@type\":\"PropertyValueSpecification\",\"valueRequired\":true,\"valueName\":\"search_term_string\"}}],\"inLanguage\":\"fr-FR\"},{\"@type\":\"Organization\",\"@id\":\"https:\/\/swissbaker.ch\/fr\/#organization\",\"name\":\"Schweizerischer B\u00e4cker-Confiseurmeister-Verband\",\"url\":\"https:\/\/swissbaker.ch\/fr\/\",\"logo\":{\"@type\":\"ImageObject\",\"inLanguage\":\"fr-FR\",\"@id\":\"https:\/\/swissbaker.ch\/fr\/#\/schema\/logo\/image\/\",\"url\":\"https:\/\/swissbaker.ch\/wp-content\/uploads\/2022\/04\/sbc-logo-yoast.jpg\",\"contentUrl\":\"https:\/\/swissbaker.ch\/wp-content\/uploads\/2022\/04\/sbc-logo-yoast.jpg\",\"width\":512,\"height\":512,\"caption\":\"Schweizerischer B\u00e4cker-Confiseurmeister-Verband\"},\"image\":{\"@id\":\"https:\/\/swissbaker.ch\/fr\/#\/schema\/logo\/image\/\"},\"sameAs\":[\"https:\/\/www.facebook.com\/swissbaker.ch\",\"https:\/\/x.com\/ch_swissbaker\"]},{\"@type\":\"Person\",\"@id\":\"https:\/\/swissbaker.ch\/fr\/#\/schema\/person\/058ac47619f7da53df62aba60f939b78\",\"name\":\"azureart\",\"image\":{\"@type\":\"ImageObject\",\"inLanguage\":\"fr-FR\",\"@id\":\"https:\/\/swissbaker.ch\/fr\/#\/schema\/person\/image\/\",\"url\":\"https:\/\/secure.gravatar.com\/avatar\/be04dd3098fd612c83067af4f7a295384c93cb6a9112f51beb9d2f477d25da61?s=96&d=mm&r=g\",\"contentUrl\":\"https:\/\/secure.gravatar.com\/avatar\/be04dd3098fd612c83067af4f7a295384c93cb6a9112f51beb9d2f477d25da61?s=96&d=mm&r=g\",\"caption\":\"azureart\"},\"sameAs\":[\"https:\/\/swissbaker.ch\"],\"url\":\"https:\/\/swissbaker.ch\/fr\/panissimo-news\/author\/pixel-ahoi\/\"}]}<\/script>\n<!-- \/ Yoast SEO Premium plugin. -->","yoast_head_json":{"title":"Sortie, coup d\u2019\u0153il et id\u00e9es | SBC","robots":{"index":"index","follow":"follow","max-snippet":"max-snippet:-1","max-image-preview":"max-image-preview:large","max-video-preview":"max-video-preview:-1"},"canonical":"https:\/\/swissbaker.ch\/fr\/panissimo-news\/sortie-coup-doeil-et-idees\/","og_locale":"fr_FR","og_type":"article","og_title":"Sortie, coup d\u2019\u0153il et id\u00e9es","og_description":"De nombreux Romands ont fait le d\u00e9placement \u00e0 la FBK. Rencontres et micro-trottoir, au d\u00e9tour des all\u00e9es\u2026 Parmi les 22\u2009770 visiteurs de cette 33e \u00e9dition, un certain nombre provenait de Suisse romande. La majorit\u00e9 de ces professionnels ont avou\u00e9 s\u2019y rendre sans but d\u2019achats pr\u00e9cis\u2009: \u00ab\u2009une sortie entre collaborateurs\u2009\u00bb ou \u00ab\u2009en famille\u2009\u00bb pour les uns, \u00ab\u2009l\u2019occasion de jeter un coup [&hellip;]","og_url":"https:\/\/swissbaker.ch\/fr\/panissimo-news\/sortie-coup-doeil-et-idees\/","og_site_name":"SBC","article_publisher":"https:\/\/www.facebook.com\/swissbaker.ch","article_published_time":"2017-02-02T09:38:00+00:00","article_modified_time":"2022-05-03T08:40:02+00:00","og_image":[{"width":600,"height":600,"url":"https:\/\/swissbaker.ch\/wp-content\/uploads\/2022\/05\/fbk3550.jpg","type":"image\/jpeg"}],"author":"azureart","twitter_card":"summary_large_image","twitter_creator":"@ch_swissbaker","twitter_site":"@ch_swissbaker","twitter_misc":{"Written by":"azureart","Est. reading time":"2 minutes"},"schema":{"@context":"https:\/\/schema.org","@graph":[{"@type":"Article","@id":"https:\/\/swissbaker.ch\/fr\/panissimo-news\/sortie-coup-doeil-et-idees\/#article","isPartOf":{"@id":"https:\/\/swissbaker.ch\/fr\/panissimo-news\/sortie-coup-doeil-et-idees\/"},"author":{"name":"azureart","@id":"https:\/\/swissbaker.ch\/fr\/#\/schema\/person\/058ac47619f7da53df62aba60f939b78"},"headline":"Sortie, coup d\u2019\u0153il et id\u00e9es","datePublished":"2017-02-02T09:38:00+00:00","dateModified":"2022-05-03T08:40:02+00:00","mainEntityOfPage":{"@id":"https:\/\/swissbaker.ch\/fr\/panissimo-news\/sortie-coup-doeil-et-idees\/"},"wordCount":246,"commentCount":0,"publisher":{"@id":"https:\/\/swissbaker.ch\/fr\/#organization"},"image":{"@id":"https:\/\/swissbaker.ch\/fr\/panissimo-news\/sortie-coup-doeil-et-idees\/#primaryimage"},"thumbnailUrl":"https:\/\/swissbaker.ch\/wp-content\/uploads\/2022\/05\/fbk3550.jpg","articleSection":["Ev\u00e9nement"],"inLanguage":"fr-FR","potentialAction":[{"@type":"CommentAction","name":"Comment","target":["https:\/\/swissbaker.ch\/fr\/panissimo-news\/sortie-coup-doeil-et-idees\/#respond"]}]},{"@type":"WebPage","@id":"https:\/\/swissbaker.ch\/fr\/panissimo-news\/sortie-coup-doeil-et-idees\/","url":"https:\/\/swissbaker.ch\/fr\/panissimo-news\/sortie-coup-doeil-et-idees\/","name":"Sortie, coup d\u2019\u0153il et id\u00e9es | SBC","isPartOf":{"@id":"https:\/\/swissbaker.ch\/fr\/#website"},"primaryImageOfPage":{"@id":"https:\/\/swissbaker.ch\/fr\/panissimo-news\/sortie-coup-doeil-et-idees\/#primaryimage"},"image":{"@id":"https:\/\/swissbaker.ch\/fr\/panissimo-news\/sortie-coup-doeil-et-idees\/#primaryimage"},"thumbnailUrl":"https:\/\/swissbaker.ch\/wp-content\/uploads\/2022\/05\/fbk3550.jpg","datePublished":"2017-02-02T09:38:00+00:00","dateModified":"2022-05-03T08:40:02+00:00","breadcrumb":{"@id":"https:\/\/swissbaker.ch\/fr\/panissimo-news\/sortie-coup-doeil-et-idees\/#breadcrumb"},"inLanguage":"fr-FR","potentialAction":[{"@type":"ReadAction","target":["https:\/\/swissbaker.ch\/fr\/panissimo-news\/sortie-coup-doeil-et-idees\/"]}]},{"@type":"ImageObject","inLanguage":"fr-FR","@id":"https:\/\/swissbaker.ch\/fr\/panissimo-news\/sortie-coup-doeil-et-idees\/#primaryimage","url":"https:\/\/swissbaker.ch\/wp-content\/uploads\/2022\/05\/fbk3550.jpg","contentUrl":"https:\/\/swissbaker.ch\/wp-content\/uploads\/2022\/05\/fbk3550.jpg","width":600,"height":600,"caption":"Sortie, coup d\u2019\u0153il et id\u00e9es"},{"@type":"BreadcrumbList","@id":"https:\/\/swissbaker.ch\/fr\/panissimo-news\/sortie-coup-doeil-et-idees\/#breadcrumb","itemListElement":[{"@type":"ListItem","position":1,"name":"","item":"https:\/\/swissbaker.ch\/fr\/"},{"@type":"ListItem","position":2,"name":"Ev\u00e9nement","item":"https:\/\/swissbaker.ch\/fr\/panissimo-news\/category\/evenement\/"},{"@type":"ListItem","position":3,"name":"Sortie, coup d\u2019\u0153il et id\u00e9es"}]},{"@type":"WebSite","@id":"https:\/\/swissbaker.ch\/fr\/#website","url":"https:\/\/swissbaker.ch\/fr\/","name":"SBC","description":"","publisher":{"@id":"https:\/\/swissbaker.ch\/fr\/#organization"},"potentialAction":[{"@type":"SearchAction","target":{"@type":"EntryPoint","urlTemplate":"https:\/\/swissbaker.ch\/fr\/?s={search_term_string}"},"query-input":{"@type":"PropertyValueSpecification","valueRequired":true,"valueName":"search_term_string"}}],"inLanguage":"fr-FR"},{"@type":"Organization","@id":"https:\/\/swissbaker.ch\/fr\/#organization","name":"Schweizerischer B\u00e4cker-Confiseurmeister-Verband","url":"https:\/\/swissbaker.ch\/fr\/","logo":{"@type":"ImageObject","inLanguage":"fr-FR","@id":"https:\/\/swissbaker.ch\/fr\/#\/schema\/logo\/image\/","url":"https:\/\/swissbaker.ch\/wp-content\/uploads\/2022\/04\/sbc-logo-yoast.jpg","contentUrl":"https:\/\/swissbaker.ch\/wp-content\/uploads\/2022\/04\/sbc-logo-yoast.jpg","width":512,"height":512,"caption":"Schweizerischer B\u00e4cker-Confiseurmeister-Verband"},"image":{"@id":"https:\/\/swissbaker.ch\/fr\/#\/schema\/logo\/image\/"},"sameAs":["https:\/\/www.facebook.com\/swissbaker.ch","https:\/\/x.com\/ch_swissbaker"]},{"@type":"Person","@id":"https:\/\/swissbaker.ch\/fr\/#\/schema\/person\/058ac47619f7da53df62aba60f939b78","name":"azureart","image":{"@type":"ImageObject","inLanguage":"fr-FR","@id":"https:\/\/swissbaker.ch\/fr\/#\/schema\/person\/image\/","url":"https:\/\/secure.gravatar.com\/avatar\/be04dd3098fd612c83067af4f7a295384c93cb6a9112f51beb9d2f477d25da61?s=96&d=mm&r=g","contentUrl":"https:\/\/secure.gravatar.com\/avatar\/be04dd3098fd612c83067af4f7a295384c93cb6a9112f51beb9d2f477d25da61?s=96&d=mm&r=g","caption":"azureart"},"sameAs":["https:\/\/swissbaker.ch"],"url":"https:\/\/swissbaker.ch\/fr\/panissimo-news\/author\/pixel-ahoi\/"}]}},"_links":{"self":[{"href":"https:\/\/swissbaker.ch\/fr\/wp-json\/wp\/v2\/posts\/7774","targetHints":{"allow":["GET"]}}],"collection":[{"href":"https:\/\/swissbaker.ch\/fr\/wp-json\/wp\/v2\/posts"}],"about":[{"href":"https:\/\/swissbaker.ch\/fr\/wp-json\/wp\/v2\/types\/post"}],"author":[{"embeddable":true,"href":"https:\/\/swissbaker.ch\/fr\/wp-json\/wp\/v2\/users\/1"}],"replies":[{"embeddable":true,"href":"https:\/\/swissbaker.ch\/fr\/wp-json\/wp\/v2\/comments?post=7774"}],"version-history":[{"count":0,"href":"https:\/\/swissbaker.ch\/fr\/wp-json\/wp\/v2\/posts\/7774\/revisions"}],"wp:featuredmedia":[{"embeddable":true,"href":"https:\/\/swissbaker.ch\/fr\/wp-json\/wp\/v2\/media\/7775"}],"wp:attachment":[{"href":"https:\/\/swissbaker.ch\/fr\/wp-json\/wp\/v2\/media?parent=7774"}],"wp:term":[{"taxonomy":"category","embeddable":true,"href":"https:\/\/swissbaker.ch\/fr\/wp-json\/wp\/v2\/categories?post=7774"},{"taxonomy":"post_tag","embeddable":true,"href":"https:\/\/swissbaker.ch\/fr\/wp-json\/wp\/v2\/tags?post=7774"}],"curies":[{"name":"wp","href":"https:\/\/api.w.org\/{rel}","templated":true}]}}