{"id":77655,"date":"2024-04-24T14:47:30","date_gmt":"2024-04-24T12:47:30","guid":{"rendered":"https:\/\/swissbaker.ch\/?p=77655"},"modified":"2024-04-24T15:10:01","modified_gmt":"2024-04-24T13:10:01","slug":"la-creativite-na-pas-de-limites","status":"publish","type":"post","link":"https:\/\/swissbaker.ch\/fr\/panissimo-news\/la-creativite-na-pas-de-limites\/","title":{"rendered":"La cr\u00e9ativit\u00e9 n&#8217;a pas de limites"},"content":{"rendered":"\n<p><strong>Fiona Schneider a grandi dans une famille de boulangers, et opt\u00e9 pour une formation dans le secteur de la boulangerie-confiserie bien que ses parents lui aient laiss\u00e9 le libre choix. Aujourd&#8217;hui, la jeune professionnelle appr\u00e9cie de pouvoir combiner son m\u00e9tier avec sa passion pour les voyages.<\/strong><\/p>\n\n\n\n<p>J&#8217;ai grandi dans un petit village, dans la boulangerie de mes parents (Beck Schneider, Flaach \/ ZH), en quatri\u00e8me g\u00e9n\u00e9ration. Toute petite d\u00e9j\u00e0, on me trouvait au p\u00e9trin avec de la farine et de la p\u00e2te sur le visage.<\/p>\n\n\n\n<h2 class=\"wp-block-heading\" id=\"h-choix-professionnel\"><strong>Choix professionnel<\/strong><\/h2>\n\n\n\n<p><strong>Mes parents m&#8217;ont laiss\u00e9 le choix. Le plus important pour eux \u00e9tait que je sois heureuse et que j&#8217;aime mon m\u00e9tier. J\u2019ai fait plusieurs stages pour d\u00e9couvrir diff\u00e9rents horizons avant de me d\u00e9cider pour le m\u00e9tier cr\u00e9atif et polyvalent de boulang\u00e8re-p\u00e2tissi\u00e8re, et de faire mon apprentissage pendant trois ans chez Beck Lyner \u00e0 Winterthur (ZH).<\/strong><\/p>\n\n\n\n<p>J&#8217;ai suivi l&#8217;enseignement bilingue en allemand et en anglais. En troisi\u00e8me ann\u00e9e d&#8217;apprentissage, j&#8217;ai eu l\u2019opportunit\u00e9 partir un mois \u00e0 Norwich, une petite ville d&#8217;Angleterre, o\u00f9 j&#8217;ai pu mettre la main \u00e0 la p\u00e2te dans une boulangerie pendant deux semaines. Ce qui m\u2019a marqu\u00e9e durant ce s\u00e9jour est la production d&#8217;innombrables pains de mie et le fait que le nombre de recettes de pain diff\u00e9rentes se limite \u00e0 trois.<\/p>\n\n\n\n<h2 class=\"wp-block-heading\" id=\"h-formation-complementaire\"><strong>Formation compl\u00e9mentaire<\/strong><\/h2>\n\n\n\n<p>J&#8217;ai tr\u00e8s bien r\u00e9ussi l&#8217;examen final, ce qui m&#8217;a permis de participer aux SwissSkills&nbsp;2017. J\u2019ai beaucoup aim\u00e9 participer \u00e0 ce concours, de m\u00eame que rencontrer des condisciples qui partageaient ma passion. J&#8217;ai ensuite opt\u00e9 pour une formation compl\u00e9mentaire de p\u00e2tissi\u00e8re-confiseuse \u00e0 la Confiserie Spr\u00fcngli (ZH). La plus grande diff\u00e9rence par rapport \u00e0 mon premier apprentissage \u00e9tait la production de type usine. L\u2019ann\u00e9e a \u00e9t\u00e9 passionnante, j\u2019ai pu apprendre beaucoup de nouvelles choses.<\/p>\n\n\n\n<h2 class=\"wp-block-heading\" id=\"h-la-fievre-du-voyage\"><strong>La fi\u00e8vre du voyage<\/strong><\/h2>\n\n\n\n<p>Apr\u00e8s ma formation, j&#8217;ai travaill\u00e9 six mois dans l&#8217;entreprise familiale avant que la fi\u00e8vre du voyage me rattrape et que je parte pour quatre mois en Australie et en Nouvelle-Z\u00e9lande, avec d\u2019autres jeunes, dans le cadre d\u2019un voyage en groupe. En Australie, j&#8217;ai suivi une \u00e9cole de langues et obtenu le First Certificate. \u00c0 peine rentr\u00e9e chez moi, je suis tomb\u00e9e sur une offre d&#8217;emploi. On cherchait une boulang\u00e8re sur un voilier de croisi\u00e8re de luxe, le Sea Cloud&nbsp;2. Ce poste \u00e9tait fait pour moi \u2013 j&#8217;ai donc postul\u00e9 et me suis rendue \u00e0 Hambourg quelques semaines plus tard pour l\u2019entretien d&#8217;embauche, qui s&#8217;est bien pass\u00e9. C&#8217;est ainsi que quelques mois plus tard, je suis partie pour la Sicile (I), o\u00f9 mon aventure \u00e0 bord a commenc\u00e9.<\/p>\n\n\n\n<h2 class=\"wp-block-heading\" id=\"h-travailler-en-haute-mer\"><strong>Travailler en haute mer<\/strong><\/h2>\n\n\n\n<p>Mon poste de travail se trouvait dans la cuisine de l&#8217;\u00e9quipage \u00e0 l&#8217;avant du bateau. Les h\u00f4tes am\u00e9ricains et europ\u00e9ens \u00e9tant nombreux \u00e0 bord, je devais pr\u00e9parer diff\u00e9rents petits pains et p\u00e2tisseries pour le \u00abtea time\u00bb. Etant \u00e9galement responsable du \u00abspecial tea time\u00bb, je devais pr\u00e9parer des cr\u00eapes ou des gaufres devant eux. Cela pouvait s\u2019av\u00e9rer un vrai d\u00e9fi en cas de forte houle, sachant que la balance faisait \u00e9galement des siennes lorsque je pesais les ingr\u00e9dients. J\u2019\u00e9tais de service de 23&nbsp;heures \u00e0 8&nbsp;heures, ce qui me laissait beaucoup de temps pour explorer les nouvelles contr\u00e9es o\u00f9 nous faisions escale \u2013 et me d\u00e9couvrir une passion pour les petites villes portuaires. J\u2019ai \u00e9galement pu faire quelques excursions avec les h\u00f4tes.<\/p>\n\n\n\n<figure class=\"wp-block-image size-large\"><img decoding=\"async\" width=\"1024\" height=\"608\" src=\"https:\/\/swissbaker.ch\/wp-content\/uploads\/2024\/04\/8_1_our_future_fiona_schneider-1024x608.jpg\" alt=\"\" class=\"wp-image-77650\" srcset=\"https:\/\/swissbaker.ch\/wp-content\/uploads\/2024\/04\/8_1_our_future_fiona_schneider-1024x608.jpg 1024w, https:\/\/swissbaker.ch\/wp-content\/uploads\/2024\/04\/8_1_our_future_fiona_schneider-768x456.jpg 768w, https:\/\/swissbaker.ch\/wp-content\/uploads\/2024\/04\/8_1_our_future_fiona_schneider.jpg 1200w\" sizes=\"(max-width: 1024px) 100vw, 1024px\" \/><figcaption class=\"wp-element-caption\"><em>Fiona Schneider au buffet sur le Sea Cloud 2.<\/em><\/figcaption><\/figure>\n\n\n\n<p>Depuis la M\u00e9diterran\u00e9e, nous avons navigu\u00e9 le long de la c\u00f4te europ\u00e9enne en direction de Gibraltar. Apr\u00e8s avoir pass\u00e9 Gibraltar, nous nous sommes dirig\u00e9s vers le Cap-Vert et de l\u00e0, avons travers\u00e9 l&#8217;Atlantique pour rejoindre les Cara\u00efbes et l\u2019\u00eele de la Barbade. Nous avons ensuite navigu\u00e9 vers les Petites Antilles avec notre petit voilier. Nous avons pass\u00e9 No\u00ebl en mer. Le fait de ne pas pouvoir t\u00e9l\u00e9phoner \u00e0 ma famille faute de connexion m\u2019a beaucoup attrist\u00e9e. Nous avons heureusement pu passer le Nouvel An \u00e0 Carthag\u00e8ne, en Colombie, avec des boules de Berlin faites maison.<\/p>\n\n\n\n<p>Nous avons travers\u00e9 le canal de Panama pour nous rendre au Costa Rica et revenir dans les Cara\u00efbes. De l\u00e0, nous avons navigu\u00e9 le long de la c\u00f4te vers le Nicaragua, le Honduras et le Belize o\u00f9 j&#8217;ai visit\u00e9 les temples mayas. La pand\u00e9mie a explos\u00e9 alors que nous \u00e9tions au milieu des Cara\u00efbes. J&#8217;ai d\u00fb interrompre mon voyage au bout de six mois et rentrer en Suisse.<\/p>\n\n\n\n<h2 class=\"wp-block-heading\" id=\"h-l-aventure-comme-source-d-inspiration\"><strong>L\u2019aventure comme source d\u2019inspiration<\/strong><\/h2>\n\n\n\n<p>De retour \u00e0 la maison, il me fallait une nouvelle perspective. J&#8217;ai donc d\u00e9cid\u00e9 de passer l&#8217;examen professionnel. Pour l&#8217;examen pratique, je me suis inspir\u00e9e de mon voyage dans les Cara\u00efbes, qui m\u2019a amen\u00e9e \u00e0 cr\u00e9er de nouvelles choses \u2013 dont un pain pi\u00f1a colada, un cigare en chocolat \u00e9pic\u00e9 et un petit bateau \u00e0 la goyave. Dans notre m\u00e9tier, il n&#8217;y a pas de limites. Les possibilit\u00e9s d\u2019inspiration sont infinies. Pour moi, il est important de relever des d\u00e9fis et d&#8217;essayer de nouvelles choses. Je vais donc repartir dans un avenir proche pour me lancer dans une nouvelle aventure. Je ne sais pas encore quels seront les nouveaux produits qui en r\u00e9sulteront.<\/p>\n\n\n\n<p class=\"has-text-align-right\"><em>Fiona Schneider<\/em><\/p>\n\n\n\n<h2 class=\"wp-block-heading\" id=\"h-curriculum-vitae\">Curriculum vitae<\/h2>\n\n\n\n<ul class=\"wp-block-list\">\n<li>2014 \u2013 2017 apprentissage de trois ans comme boulang\u00e8re\/p\u00e2tissi\u00e8re CFC chez Beck Lyner \u00e0 Winterthur<\/li>\n\n\n\n<li>2017 \u2013 2018 apprentissage compl\u00e9mentaire de confiseuse \u00e0 la Confiserie Spr\u00fcngli \u00e0 Dietikon<\/li>\n\n\n\n<li>2018 \u2013 2019 employ\u00e9e dans l&#8217;entreprise familiale en tant que boulang\u00e8re\/p\u00e2tissi\u00e8re et 4 mois de s\u00e9jour linguistique en Australie et en Nouvelle-Z\u00e9lande avec obtention du First Certificate<\/li>\n\n\n\n<li>2019 \u2013 2020 6 mois en tant que boulang\u00e8re\/p\u00e2tissi\u00e8re sur le Sea Cloud 2<\/li>\n\n\n\n<li>2020 \u2013 maintenant employ\u00e9e dans l&#8217;entreprise familiale comme boulang\u00e8re\/p\u00e2tissi\u00e8re<\/li>\n\n\n\n<li>2017 &nbsp;&nbsp;&nbsp; participation aux SwissSkills<\/li>\n\n\n\n<li>2018 &nbsp;&nbsp;&nbsp; 1<sup>er<\/sup>&nbsp;rang Decorissima<\/li>\n\n\n\n<li>2023\u00a0\u00a0\u00a0\u00a0\u00a0 r\u00e9ussite de l&#8217;examen professionnel de boulangerie\/p\u00e2tisserie<\/li>\n<\/ul>\n","protected":false},"excerpt":{"rendered":"<p>Mes parents m&#8217;ont laiss\u00e9 le choix. Le plus important pour eux \u00e9tait que je sois heureuse et que j&#8217;aime mon m\u00e9tier. J\u2019ai fait plusieurs stages pour d\u00e9couvrir diff\u00e9rents horizons avant de me d\u00e9cider pour le m\u00e9tier cr\u00e9atif et polyvalent de boulang\u00e8re-p\u00e2tissi\u00e8re, et de faire mon apprentissage pendant trois ans chez Beck Lyner \u00e0 Winterthur (ZH).<\/p>\n","protected":false},"author":5,"featured_media":77650,"comment_status":"closed","ping_status":"closed","sticky":true,"template":"","format":"standard","meta":{"_acf_changed":false,"footnotes":""},"categories":[53],"tags":[],"class_list":["post-77655","post","type-post","status-publish","format-standard","has-post-thumbnail","hentry","category-our-future-fr"],"acf":[],"yoast_head":"<!-- This site is optimized with the Yoast SEO Premium plugin v26.8 (Yoast SEO v26.8) - https:\/\/yoast.com\/product\/yoast-seo-premium-wordpress\/ -->\n<title>La cr\u00e9ativit\u00e9 n&#039;a pas de limites | SBC<\/title>\n<meta name=\"description\" content=\"la jeune boulang\u00e8re-p\u00e2tissi\u00e8re Fiona Schneider appr\u00e9cie de pouvoir combiner son m\u00e9tier avec sa passion pour les voyages.\" \/>\n<meta name=\"robots\" content=\"index, follow, max-snippet:-1, max-image-preview:large, max-video-preview:-1\" \/>\n<link rel=\"canonical\" href=\"https:\/\/swissbaker.ch\/fr\/panissimo-news\/la-creativite-na-pas-de-limites\/\" \/>\n<meta property=\"og:locale\" content=\"fr_FR\" \/>\n<meta property=\"og:type\" content=\"article\" \/>\n<meta property=\"og:title\" content=\"La cr\u00e9ativit\u00e9 n&#039;a pas de limites\" \/>\n<meta property=\"og:description\" content=\"la jeune boulang\u00e8re-p\u00e2tissi\u00e8re Fiona Schneider appr\u00e9cie de pouvoir combiner son m\u00e9tier avec sa passion pour les voyages.\" \/>\n<meta property=\"og:url\" content=\"https:\/\/swissbaker.ch\/fr\/panissimo-news\/la-creativite-na-pas-de-limites\/\" \/>\n<meta property=\"og:site_name\" content=\"SBC\" \/>\n<meta property=\"article:publisher\" content=\"https:\/\/www.facebook.com\/swissbaker.ch\" \/>\n<meta property=\"article:published_time\" content=\"2024-04-24T12:47:30+00:00\" \/>\n<meta property=\"article:modified_time\" content=\"2024-04-24T13:10:01+00:00\" \/>\n<meta property=\"og:image\" content=\"https:\/\/swissbaker.ch\/wp-content\/uploads\/2024\/04\/8_1_our_future_fiona_schneider.jpg\" \/>\n\t<meta property=\"og:image:width\" content=\"1200\" \/>\n\t<meta property=\"og:image:height\" content=\"712\" \/>\n\t<meta property=\"og:image:type\" content=\"image\/jpeg\" \/>\n<meta name=\"author\" content=\"Simon Nussbaum\" \/>\n<meta name=\"twitter:card\" content=\"summary_large_image\" \/>\n<meta name=\"twitter:creator\" content=\"@ch_swissbaker\" \/>\n<meta name=\"twitter:site\" content=\"@ch_swissbaker\" \/>\n<meta name=\"twitter:label1\" content=\"Written by\" \/>\n\t<meta name=\"twitter:data1\" content=\"Simon Nussbaum\" \/>\n\t<meta name=\"twitter:label2\" content=\"Est. reading time\" \/>\n\t<meta name=\"twitter:data2\" content=\"5 minutes\" \/>\n<script type=\"application\/ld+json\" class=\"yoast-schema-graph\">{\"@context\":\"https:\/\/schema.org\",\"@graph\":[{\"@type\":\"Article\",\"@id\":\"https:\/\/swissbaker.ch\/fr\/panissimo-news\/la-creativite-na-pas-de-limites\/#article\",\"isPartOf\":{\"@id\":\"https:\/\/swissbaker.ch\/fr\/panissimo-news\/la-creativite-na-pas-de-limites\/\"},\"author\":{\"name\":\"Simon Nussbaum\",\"@id\":\"https:\/\/swissbaker.ch\/fr\/#\/schema\/person\/74bd327b08c18ca6042c02ff6f0ed5e2\"},\"headline\":\"La cr\u00e9ativit\u00e9 n&#8217;a pas de limites\",\"datePublished\":\"2024-04-24T12:47:30+00:00\",\"dateModified\":\"2024-04-24T13:10:01+00:00\",\"mainEntityOfPage\":{\"@id\":\"https:\/\/swissbaker.ch\/fr\/panissimo-news\/la-creativite-na-pas-de-limites\/\"},\"wordCount\":1059,\"publisher\":{\"@id\":\"https:\/\/swissbaker.ch\/fr\/#organization\"},\"image\":{\"@id\":\"https:\/\/swissbaker.ch\/fr\/panissimo-news\/la-creativite-na-pas-de-limites\/#primaryimage\"},\"thumbnailUrl\":\"https:\/\/swissbaker.ch\/wp-content\/uploads\/2024\/04\/8_1_our_future_fiona_schneider.jpg\",\"articleSection\":[\"Our Future\"],\"inLanguage\":\"fr-FR\"},{\"@type\":\"WebPage\",\"@id\":\"https:\/\/swissbaker.ch\/fr\/panissimo-news\/la-creativite-na-pas-de-limites\/\",\"url\":\"https:\/\/swissbaker.ch\/fr\/panissimo-news\/la-creativite-na-pas-de-limites\/\",\"name\":\"La cr\u00e9ativit\u00e9 n'a pas de limites | SBC\",\"isPartOf\":{\"@id\":\"https:\/\/swissbaker.ch\/fr\/#website\"},\"primaryImageOfPage\":{\"@id\":\"https:\/\/swissbaker.ch\/fr\/panissimo-news\/la-creativite-na-pas-de-limites\/#primaryimage\"},\"image\":{\"@id\":\"https:\/\/swissbaker.ch\/fr\/panissimo-news\/la-creativite-na-pas-de-limites\/#primaryimage\"},\"thumbnailUrl\":\"https:\/\/swissbaker.ch\/wp-content\/uploads\/2024\/04\/8_1_our_future_fiona_schneider.jpg\",\"datePublished\":\"2024-04-24T12:47:30+00:00\",\"dateModified\":\"2024-04-24T13:10:01+00:00\",\"description\":\"la jeune boulang\u00e8re-p\u00e2tissi\u00e8re Fiona Schneider appr\u00e9cie de pouvoir combiner son m\u00e9tier avec sa passion pour les voyages.\",\"breadcrumb\":{\"@id\":\"https:\/\/swissbaker.ch\/fr\/panissimo-news\/la-creativite-na-pas-de-limites\/#breadcrumb\"},\"inLanguage\":\"fr-FR\",\"potentialAction\":[{\"@type\":\"ReadAction\",\"target\":[\"https:\/\/swissbaker.ch\/fr\/panissimo-news\/la-creativite-na-pas-de-limites\/\"]}]},{\"@type\":\"ImageObject\",\"inLanguage\":\"fr-FR\",\"@id\":\"https:\/\/swissbaker.ch\/fr\/panissimo-news\/la-creativite-na-pas-de-limites\/#primaryimage\",\"url\":\"https:\/\/swissbaker.ch\/wp-content\/uploads\/2024\/04\/8_1_our_future_fiona_schneider.jpg\",\"contentUrl\":\"https:\/\/swissbaker.ch\/wp-content\/uploads\/2024\/04\/8_1_our_future_fiona_schneider.jpg\",\"width\":1200,\"height\":712},{\"@type\":\"BreadcrumbList\",\"@id\":\"https:\/\/swissbaker.ch\/fr\/panissimo-news\/la-creativite-na-pas-de-limites\/#breadcrumb\",\"itemListElement\":[{\"@type\":\"ListItem\",\"position\":1,\"name\":\"\",\"item\":\"https:\/\/swissbaker.ch\/fr\/\"},{\"@type\":\"ListItem\",\"position\":2,\"name\":\"Our Future\",\"item\":\"https:\/\/swissbaker.ch\/fr\/panissimo-news\/category\/our-future-fr\/\"},{\"@type\":\"ListItem\",\"position\":3,\"name\":\"La cr\u00e9ativit\u00e9 n&#8217;a pas de limites\"}]},{\"@type\":\"WebSite\",\"@id\":\"https:\/\/swissbaker.ch\/fr\/#website\",\"url\":\"https:\/\/swissbaker.ch\/fr\/\",\"name\":\"SBC\",\"description\":\"\",\"publisher\":{\"@id\":\"https:\/\/swissbaker.ch\/fr\/#organization\"},\"potentialAction\":[{\"@type\":\"SearchAction\",\"target\":{\"@type\":\"EntryPoint\",\"urlTemplate\":\"https:\/\/swissbaker.ch\/fr\/?s={search_term_string}\"},\"query-input\":{\"@type\":\"PropertyValueSpecification\",\"valueRequired\":true,\"valueName\":\"search_term_string\"}}],\"inLanguage\":\"fr-FR\"},{\"@type\":\"Organization\",\"@id\":\"https:\/\/swissbaker.ch\/fr\/#organization\",\"name\":\"Schweizerischer B\u00e4cker-Confiseurmeister-Verband\",\"url\":\"https:\/\/swissbaker.ch\/fr\/\",\"logo\":{\"@type\":\"ImageObject\",\"inLanguage\":\"fr-FR\",\"@id\":\"https:\/\/swissbaker.ch\/fr\/#\/schema\/logo\/image\/\",\"url\":\"https:\/\/swissbaker.ch\/wp-content\/uploads\/2022\/04\/sbc-logo-yoast.jpg\",\"contentUrl\":\"https:\/\/swissbaker.ch\/wp-content\/uploads\/2022\/04\/sbc-logo-yoast.jpg\",\"width\":512,\"height\":512,\"caption\":\"Schweizerischer B\u00e4cker-Confiseurmeister-Verband\"},\"image\":{\"@id\":\"https:\/\/swissbaker.ch\/fr\/#\/schema\/logo\/image\/\"},\"sameAs\":[\"https:\/\/www.facebook.com\/swissbaker.ch\",\"https:\/\/x.com\/ch_swissbaker\"]},{\"@type\":\"Person\",\"@id\":\"https:\/\/swissbaker.ch\/fr\/#\/schema\/person\/74bd327b08c18ca6042c02ff6f0ed5e2\",\"name\":\"Simon Nussbaum\",\"image\":{\"@type\":\"ImageObject\",\"inLanguage\":\"fr-FR\",\"@id\":\"https:\/\/swissbaker.ch\/fr\/#\/schema\/person\/image\/\",\"url\":\"https:\/\/secure.gravatar.com\/avatar\/df0eced3bb556c806cb760cf503ade1ed1df25b4104d80d6fd28d93a9509aa12?s=96&d=mm&r=g\",\"contentUrl\":\"https:\/\/secure.gravatar.com\/avatar\/df0eced3bb556c806cb760cf503ade1ed1df25b4104d80d6fd28d93a9509aa12?s=96&d=mm&r=g\",\"caption\":\"Simon Nussbaum\"},\"url\":\"https:\/\/swissbaker.ch\/fr\/panissimo-news\/author\/simon-nussbaum\/\"}]}<\/script>\n<!-- \/ Yoast SEO Premium plugin. -->","yoast_head_json":{"title":"La cr\u00e9ativit\u00e9 n'a pas de limites | SBC","description":"la jeune boulang\u00e8re-p\u00e2tissi\u00e8re Fiona Schneider appr\u00e9cie de pouvoir combiner son m\u00e9tier avec sa passion pour les voyages.","robots":{"index":"index","follow":"follow","max-snippet":"max-snippet:-1","max-image-preview":"max-image-preview:large","max-video-preview":"max-video-preview:-1"},"canonical":"https:\/\/swissbaker.ch\/fr\/panissimo-news\/la-creativite-na-pas-de-limites\/","og_locale":"fr_FR","og_type":"article","og_title":"La cr\u00e9ativit\u00e9 n'a pas de limites","og_description":"la jeune boulang\u00e8re-p\u00e2tissi\u00e8re Fiona Schneider appr\u00e9cie de pouvoir combiner son m\u00e9tier avec sa passion pour les voyages.","og_url":"https:\/\/swissbaker.ch\/fr\/panissimo-news\/la-creativite-na-pas-de-limites\/","og_site_name":"SBC","article_publisher":"https:\/\/www.facebook.com\/swissbaker.ch","article_published_time":"2024-04-24T12:47:30+00:00","article_modified_time":"2024-04-24T13:10:01+00:00","og_image":[{"width":1200,"height":712,"url":"https:\/\/swissbaker.ch\/wp-content\/uploads\/2024\/04\/8_1_our_future_fiona_schneider.jpg","type":"image\/jpeg"}],"author":"Simon Nussbaum","twitter_card":"summary_large_image","twitter_creator":"@ch_swissbaker","twitter_site":"@ch_swissbaker","twitter_misc":{"Written by":"Simon Nussbaum","Est. reading time":"5 minutes"},"schema":{"@context":"https:\/\/schema.org","@graph":[{"@type":"Article","@id":"https:\/\/swissbaker.ch\/fr\/panissimo-news\/la-creativite-na-pas-de-limites\/#article","isPartOf":{"@id":"https:\/\/swissbaker.ch\/fr\/panissimo-news\/la-creativite-na-pas-de-limites\/"},"author":{"name":"Simon Nussbaum","@id":"https:\/\/swissbaker.ch\/fr\/#\/schema\/person\/74bd327b08c18ca6042c02ff6f0ed5e2"},"headline":"La cr\u00e9ativit\u00e9 n&#8217;a pas de limites","datePublished":"2024-04-24T12:47:30+00:00","dateModified":"2024-04-24T13:10:01+00:00","mainEntityOfPage":{"@id":"https:\/\/swissbaker.ch\/fr\/panissimo-news\/la-creativite-na-pas-de-limites\/"},"wordCount":1059,"publisher":{"@id":"https:\/\/swissbaker.ch\/fr\/#organization"},"image":{"@id":"https:\/\/swissbaker.ch\/fr\/panissimo-news\/la-creativite-na-pas-de-limites\/#primaryimage"},"thumbnailUrl":"https:\/\/swissbaker.ch\/wp-content\/uploads\/2024\/04\/8_1_our_future_fiona_schneider.jpg","articleSection":["Our Future"],"inLanguage":"fr-FR"},{"@type":"WebPage","@id":"https:\/\/swissbaker.ch\/fr\/panissimo-news\/la-creativite-na-pas-de-limites\/","url":"https:\/\/swissbaker.ch\/fr\/panissimo-news\/la-creativite-na-pas-de-limites\/","name":"La cr\u00e9ativit\u00e9 n'a pas de limites | SBC","isPartOf":{"@id":"https:\/\/swissbaker.ch\/fr\/#website"},"primaryImageOfPage":{"@id":"https:\/\/swissbaker.ch\/fr\/panissimo-news\/la-creativite-na-pas-de-limites\/#primaryimage"},"image":{"@id":"https:\/\/swissbaker.ch\/fr\/panissimo-news\/la-creativite-na-pas-de-limites\/#primaryimage"},"thumbnailUrl":"https:\/\/swissbaker.ch\/wp-content\/uploads\/2024\/04\/8_1_our_future_fiona_schneider.jpg","datePublished":"2024-04-24T12:47:30+00:00","dateModified":"2024-04-24T13:10:01+00:00","description":"la jeune boulang\u00e8re-p\u00e2tissi\u00e8re Fiona Schneider appr\u00e9cie de pouvoir combiner son m\u00e9tier avec sa passion pour les voyages.","breadcrumb":{"@id":"https:\/\/swissbaker.ch\/fr\/panissimo-news\/la-creativite-na-pas-de-limites\/#breadcrumb"},"inLanguage":"fr-FR","potentialAction":[{"@type":"ReadAction","target":["https:\/\/swissbaker.ch\/fr\/panissimo-news\/la-creativite-na-pas-de-limites\/"]}]},{"@type":"ImageObject","inLanguage":"fr-FR","@id":"https:\/\/swissbaker.ch\/fr\/panissimo-news\/la-creativite-na-pas-de-limites\/#primaryimage","url":"https:\/\/swissbaker.ch\/wp-content\/uploads\/2024\/04\/8_1_our_future_fiona_schneider.jpg","contentUrl":"https:\/\/swissbaker.ch\/wp-content\/uploads\/2024\/04\/8_1_our_future_fiona_schneider.jpg","width":1200,"height":712},{"@type":"BreadcrumbList","@id":"https:\/\/swissbaker.ch\/fr\/panissimo-news\/la-creativite-na-pas-de-limites\/#breadcrumb","itemListElement":[{"@type":"ListItem","position":1,"name":"","item":"https:\/\/swissbaker.ch\/fr\/"},{"@type":"ListItem","position":2,"name":"Our Future","item":"https:\/\/swissbaker.ch\/fr\/panissimo-news\/category\/our-future-fr\/"},{"@type":"ListItem","position":3,"name":"La cr\u00e9ativit\u00e9 n&#8217;a pas de limites"}]},{"@type":"WebSite","@id":"https:\/\/swissbaker.ch\/fr\/#website","url":"https:\/\/swissbaker.ch\/fr\/","name":"SBC","description":"","publisher":{"@id":"https:\/\/swissbaker.ch\/fr\/#organization"},"potentialAction":[{"@type":"SearchAction","target":{"@type":"EntryPoint","urlTemplate":"https:\/\/swissbaker.ch\/fr\/?s={search_term_string}"},"query-input":{"@type":"PropertyValueSpecification","valueRequired":true,"valueName":"search_term_string"}}],"inLanguage":"fr-FR"},{"@type":"Organization","@id":"https:\/\/swissbaker.ch\/fr\/#organization","name":"Schweizerischer B\u00e4cker-Confiseurmeister-Verband","url":"https:\/\/swissbaker.ch\/fr\/","logo":{"@type":"ImageObject","inLanguage":"fr-FR","@id":"https:\/\/swissbaker.ch\/fr\/#\/schema\/logo\/image\/","url":"https:\/\/swissbaker.ch\/wp-content\/uploads\/2022\/04\/sbc-logo-yoast.jpg","contentUrl":"https:\/\/swissbaker.ch\/wp-content\/uploads\/2022\/04\/sbc-logo-yoast.jpg","width":512,"height":512,"caption":"Schweizerischer B\u00e4cker-Confiseurmeister-Verband"},"image":{"@id":"https:\/\/swissbaker.ch\/fr\/#\/schema\/logo\/image\/"},"sameAs":["https:\/\/www.facebook.com\/swissbaker.ch","https:\/\/x.com\/ch_swissbaker"]},{"@type":"Person","@id":"https:\/\/swissbaker.ch\/fr\/#\/schema\/person\/74bd327b08c18ca6042c02ff6f0ed5e2","name":"Simon Nussbaum","image":{"@type":"ImageObject","inLanguage":"fr-FR","@id":"https:\/\/swissbaker.ch\/fr\/#\/schema\/person\/image\/","url":"https:\/\/secure.gravatar.com\/avatar\/df0eced3bb556c806cb760cf503ade1ed1df25b4104d80d6fd28d93a9509aa12?s=96&d=mm&r=g","contentUrl":"https:\/\/secure.gravatar.com\/avatar\/df0eced3bb556c806cb760cf503ade1ed1df25b4104d80d6fd28d93a9509aa12?s=96&d=mm&r=g","caption":"Simon Nussbaum"},"url":"https:\/\/swissbaker.ch\/fr\/panissimo-news\/author\/simon-nussbaum\/"}]}},"_links":{"self":[{"href":"https:\/\/swissbaker.ch\/fr\/wp-json\/wp\/v2\/posts\/77655","targetHints":{"allow":["GET"]}}],"collection":[{"href":"https:\/\/swissbaker.ch\/fr\/wp-json\/wp\/v2\/posts"}],"about":[{"href":"https:\/\/swissbaker.ch\/fr\/wp-json\/wp\/v2\/types\/post"}],"author":[{"embeddable":true,"href":"https:\/\/swissbaker.ch\/fr\/wp-json\/wp\/v2\/users\/5"}],"replies":[{"embeddable":true,"href":"https:\/\/swissbaker.ch\/fr\/wp-json\/wp\/v2\/comments?post=77655"}],"version-history":[{"count":0,"href":"https:\/\/swissbaker.ch\/fr\/wp-json\/wp\/v2\/posts\/77655\/revisions"}],"wp:featuredmedia":[{"embeddable":true,"href":"https:\/\/swissbaker.ch\/fr\/wp-json\/wp\/v2\/media\/77650"}],"wp:attachment":[{"href":"https:\/\/swissbaker.ch\/fr\/wp-json\/wp\/v2\/media?parent=77655"}],"wp:term":[{"taxonomy":"category","embeddable":true,"href":"https:\/\/swissbaker.ch\/fr\/wp-json\/wp\/v2\/categories?post=77655"},{"taxonomy":"post_tag","embeddable":true,"href":"https:\/\/swissbaker.ch\/fr\/wp-json\/wp\/v2\/tags?post=77655"}],"curies":[{"name":"wp","href":"https:\/\/api.w.org\/{rel}","templated":true}]}}