{"id":7759,"date":"2017-01-26T08:52:00","date_gmt":"2017-01-26T07:52:00","guid":{"rendered":"https:\/\/swissbaker.ch\/?p=7759"},"modified":"2022-05-03T10:08:04","modified_gmt":"2022-05-03T08:08:04","slug":"les-suisses-ont-montre-les-crocs","status":"publish","type":"post","link":"https:\/\/swissbaker.ch\/fr\/panissimo-news\/les-suisses-ont-montre-les-crocs\/","title":{"rendered":"Les Suisses ont montr\u00e9 les crocs"},"content":{"rendered":"\n<p><strong>Dans le cadre du Sirha, la Suisse a d\u00e9croch\u00e9 la m\u00e9daille de bronze lors de la finale de la Coupe du monde de p\u00e2tisserie \u00e0 Lyon (F). La France a remport\u00e9 la comp\u00e9tition devant le Japon.<\/strong><\/p>\n\n\n\n<p>Vers 19 heures le 23\u202fjanvier, C\u00e9dric Pilloud, Jorge Cardoso et Jean-Baptiste Jolliet exultent. Apr\u00e8s pr\u00e8s d\u2019une ann\u00e9e d\u2019entra\u00eenement et dix heures de finale, ils ont atteint leur objectif\u2009: monter sur le podium. Leur joie est immense. Troisi\u00e8me de la comp\u00e9tition, le trio coach\u00e9 par Patrick Bovon offre \u00e0 la Suisse sa premi\u00e8re m\u00e9daille \u00e0 la Coupe du monde de la p\u00e2tisserie.<\/p>\n\n\n\n<p>Plus t\u00f4t dans la journ\u00e9e, les trois co\u00e9quipiers ont r\u00e9alis\u00e9 leur programme sur le th\u00e8me de Dracula. Il se composait d\u2019entremets chocolat et glac\u00e9, d\u2019un dessert \u00e0 l\u2019assiette, d\u2019une pi\u00e8ce en glace hydrique et d\u2019une autre en sucre. Leur cahier des charges comprenait \u00e9galement la r\u00e9alisation d\u2019une sculpture en chocolat. Afin de r\u00e9duire le gaspillage de mati\u00e8res premi\u00e8res, les organisateurs ont exig\u00e9 des candidats qu\u2019ils r\u00e9alisent un moulage en chocolat en creux et non plus plein\u2009; ce qui augmente le risque de casse. Une casse que les Suisses ont connue, mais du c\u00f4t\u00e9 du sucre. Une partie de la pi\u00e8ce s\u2019est \u00e9croul\u00e9e \u00e0 quelques minutes de la fin de la comp\u00e9tition. Loup-garou et autres d\u00e9mons avaient toutefois d\u00e9j\u00e0 envo\u00fbt\u00e9 le jury\u2026<\/p>\n\n\n\n<p>Vingt-deux \u00e9quipes \u00e9taient engag\u00e9es. La victoire est finalement revenue \u00e0 l\u2019\u00e9quipe de France. Les Fran\u00e7ais ont \u00e9galement remport\u00e9 le Vase de S\u00e8vres. Ce prix sp\u00e9cial, offert par le Pr\u00e9sident de la R\u00e9publique, r\u00e9compense le trio ayant obtenu la meilleure totalit\u00e9 des notes de pr\u00e9sentation du buffet.<\/p>\n","protected":false},"excerpt":{"rendered":"<p>Dans le cadre du Sirha, la Suisse a d\u00e9croch\u00e9 la m\u00e9daille de bronze lors de la finale de la Coupe du monde de p\u00e2tisserie \u00e0 Lyon (F). La France a remport\u00e9 la comp\u00e9tition devant le Japon. Vers 19 heures le 23\u202fjanvier, C\u00e9dric Pilloud, Jorge Cardoso et Jean-Baptiste Jolliet exultent. Apr\u00e8s pr\u00e8s d\u2019une ann\u00e9e d\u2019entra\u00eenement et dix heures de finale, ils [&hellip;]<\/p>\n","protected":false},"author":1,"featured_media":5567,"comment_status":"open","ping_status":"closed","sticky":false,"template":"","format":"standard","meta":{"_acf_changed":false,"footnotes":""},"categories":[46],"tags":[],"class_list":["post-7759","post","type-post","status-publish","format-standard","has-post-thumbnail","hentry","category-evenement"],"acf":[],"yoast_head":"<!-- This site is optimized with the Yoast SEO Premium plugin v26.8 (Yoast SEO v26.8) - https:\/\/yoast.com\/product\/yoast-seo-premium-wordpress\/ -->\n<title>Les Suisses ont montr\u00e9 les crocs | SBC<\/title>\n<meta name=\"robots\" content=\"index, follow, max-snippet:-1, max-image-preview:large, max-video-preview:-1\" \/>\n<link rel=\"canonical\" href=\"https:\/\/swissbaker.ch\/fr\/panissimo-news\/les-suisses-ont-montre-les-crocs\/\" \/>\n<meta property=\"og:locale\" content=\"fr_FR\" \/>\n<meta property=\"og:type\" content=\"article\" \/>\n<meta property=\"og:title\" content=\"Les Suisses ont montr\u00e9 les crocs\" \/>\n<meta property=\"og:description\" content=\"Dans le cadre du Sirha, la Suisse a d\u00e9croch\u00e9 la m\u00e9daille de bronze lors de la finale de la Coupe du monde de p\u00e2tisserie \u00e0 Lyon (F). La France a remport\u00e9 la comp\u00e9tition devant le Japon. Vers 19 heures le 23\u202fjanvier, C\u00e9dric Pilloud, Jorge Cardoso et Jean-Baptiste Jolliet exultent. Apr\u00e8s pr\u00e8s d\u2019une ann\u00e9e d\u2019entra\u00eenement et dix heures de finale, ils [&hellip;]\" \/>\n<meta property=\"og:url\" content=\"https:\/\/swissbaker.ch\/fr\/panissimo-news\/les-suisses-ont-montre-les-crocs\/\" \/>\n<meta property=\"og:site_name\" content=\"SBC\" \/>\n<meta property=\"article:publisher\" content=\"https:\/\/www.facebook.com\/swissbaker.ch\" \/>\n<meta property=\"article:published_time\" content=\"2017-01-26T07:52:00+00:00\" \/>\n<meta property=\"article:modified_time\" content=\"2022-05-03T08:08:04+00:00\" \/>\n<meta property=\"og:image\" content=\"https:\/\/swissbaker.ch\/wp-content\/uploads\/2022\/03\/sirha_weltcup.jpg\" \/>\n\t<meta property=\"og:image:width\" content=\"800\" \/>\n\t<meta property=\"og:image:height\" content=\"475\" \/>\n\t<meta property=\"og:image:type\" content=\"image\/jpeg\" \/>\n<meta name=\"author\" content=\"azureart\" \/>\n<meta name=\"twitter:card\" content=\"summary_large_image\" \/>\n<meta name=\"twitter:creator\" content=\"@ch_swissbaker\" \/>\n<meta name=\"twitter:site\" content=\"@ch_swissbaker\" \/>\n<meta name=\"twitter:label1\" content=\"Written by\" \/>\n\t<meta name=\"twitter:data1\" content=\"azureart\" \/>\n\t<meta name=\"twitter:label2\" content=\"Est. reading time\" \/>\n\t<meta name=\"twitter:data2\" content=\"2 minutes\" \/>\n<script type=\"application\/ld+json\" class=\"yoast-schema-graph\">{\"@context\":\"https:\/\/schema.org\",\"@graph\":[{\"@type\":\"Article\",\"@id\":\"https:\/\/swissbaker.ch\/fr\/panissimo-news\/les-suisses-ont-montre-les-crocs\/#article\",\"isPartOf\":{\"@id\":\"https:\/\/swissbaker.ch\/fr\/panissimo-news\/les-suisses-ont-montre-les-crocs\/\"},\"author\":{\"name\":\"azureart\",\"@id\":\"https:\/\/swissbaker.ch\/fr\/#\/schema\/person\/058ac47619f7da53df62aba60f939b78\"},\"headline\":\"Les Suisses ont montr\u00e9 les crocs\",\"datePublished\":\"2017-01-26T07:52:00+00:00\",\"dateModified\":\"2022-05-03T08:08:04+00:00\",\"mainEntityOfPage\":{\"@id\":\"https:\/\/swissbaker.ch\/fr\/panissimo-news\/les-suisses-ont-montre-les-crocs\/\"},\"wordCount\":314,\"commentCount\":0,\"publisher\":{\"@id\":\"https:\/\/swissbaker.ch\/fr\/#organization\"},\"image\":{\"@id\":\"https:\/\/swissbaker.ch\/fr\/panissimo-news\/les-suisses-ont-montre-les-crocs\/#primaryimage\"},\"thumbnailUrl\":\"https:\/\/swissbaker.ch\/wp-content\/uploads\/2022\/03\/sirha_weltcup.jpg\",\"articleSection\":[\"Ev\u00e9nement\"],\"inLanguage\":\"fr-FR\",\"potentialAction\":[{\"@type\":\"CommentAction\",\"name\":\"Comment\",\"target\":[\"https:\/\/swissbaker.ch\/fr\/panissimo-news\/les-suisses-ont-montre-les-crocs\/#respond\"]}]},{\"@type\":\"WebPage\",\"@id\":\"https:\/\/swissbaker.ch\/fr\/panissimo-news\/les-suisses-ont-montre-les-crocs\/\",\"url\":\"https:\/\/swissbaker.ch\/fr\/panissimo-news\/les-suisses-ont-montre-les-crocs\/\",\"name\":\"Les Suisses ont montr\u00e9 les crocs | SBC\",\"isPartOf\":{\"@id\":\"https:\/\/swissbaker.ch\/fr\/#website\"},\"primaryImageOfPage\":{\"@id\":\"https:\/\/swissbaker.ch\/fr\/panissimo-news\/les-suisses-ont-montre-les-crocs\/#primaryimage\"},\"image\":{\"@id\":\"https:\/\/swissbaker.ch\/fr\/panissimo-news\/les-suisses-ont-montre-les-crocs\/#primaryimage\"},\"thumbnailUrl\":\"https:\/\/swissbaker.ch\/wp-content\/uploads\/2022\/03\/sirha_weltcup.jpg\",\"datePublished\":\"2017-01-26T07:52:00+00:00\",\"dateModified\":\"2022-05-03T08:08:04+00:00\",\"breadcrumb\":{\"@id\":\"https:\/\/swissbaker.ch\/fr\/panissimo-news\/les-suisses-ont-montre-les-crocs\/#breadcrumb\"},\"inLanguage\":\"fr-FR\",\"potentialAction\":[{\"@type\":\"ReadAction\",\"target\":[\"https:\/\/swissbaker.ch\/fr\/panissimo-news\/les-suisses-ont-montre-les-crocs\/\"]}]},{\"@type\":\"ImageObject\",\"inLanguage\":\"fr-FR\",\"@id\":\"https:\/\/swissbaker.ch\/fr\/panissimo-news\/les-suisses-ont-montre-les-crocs\/#primaryimage\",\"url\":\"https:\/\/swissbaker.ch\/wp-content\/uploads\/2022\/03\/sirha_weltcup.jpg\",\"contentUrl\":\"https:\/\/swissbaker.ch\/wp-content\/uploads\/2022\/03\/sirha_weltcup.jpg\",\"width\":800,\"height\":475,\"caption\":\"Les Suisses ont montr\u00e9 les crocs\"},{\"@type\":\"BreadcrumbList\",\"@id\":\"https:\/\/swissbaker.ch\/fr\/panissimo-news\/les-suisses-ont-montre-les-crocs\/#breadcrumb\",\"itemListElement\":[{\"@type\":\"ListItem\",\"position\":1,\"name\":\"\",\"item\":\"https:\/\/swissbaker.ch\/fr\/\"},{\"@type\":\"ListItem\",\"position\":2,\"name\":\"Ev\u00e9nement\",\"item\":\"https:\/\/swissbaker.ch\/fr\/panissimo-news\/category\/evenement\/\"},{\"@type\":\"ListItem\",\"position\":3,\"name\":\"Les Suisses ont montr\u00e9 les crocs\"}]},{\"@type\":\"WebSite\",\"@id\":\"https:\/\/swissbaker.ch\/fr\/#website\",\"url\":\"https:\/\/swissbaker.ch\/fr\/\",\"name\":\"SBC\",\"description\":\"\",\"publisher\":{\"@id\":\"https:\/\/swissbaker.ch\/fr\/#organization\"},\"potentialAction\":[{\"@type\":\"SearchAction\",\"target\":{\"@type\":\"EntryPoint\",\"urlTemplate\":\"https:\/\/swissbaker.ch\/fr\/?s={search_term_string}\"},\"query-input\":{\"@type\":\"PropertyValueSpecification\",\"valueRequired\":true,\"valueName\":\"search_term_string\"}}],\"inLanguage\":\"fr-FR\"},{\"@type\":\"Organization\",\"@id\":\"https:\/\/swissbaker.ch\/fr\/#organization\",\"name\":\"Schweizerischer B\u00e4cker-Confiseurmeister-Verband\",\"url\":\"https:\/\/swissbaker.ch\/fr\/\",\"logo\":{\"@type\":\"ImageObject\",\"inLanguage\":\"fr-FR\",\"@id\":\"https:\/\/swissbaker.ch\/fr\/#\/schema\/logo\/image\/\",\"url\":\"https:\/\/swissbaker.ch\/wp-content\/uploads\/2022\/04\/sbc-logo-yoast.jpg\",\"contentUrl\":\"https:\/\/swissbaker.ch\/wp-content\/uploads\/2022\/04\/sbc-logo-yoast.jpg\",\"width\":512,\"height\":512,\"caption\":\"Schweizerischer B\u00e4cker-Confiseurmeister-Verband\"},\"image\":{\"@id\":\"https:\/\/swissbaker.ch\/fr\/#\/schema\/logo\/image\/\"},\"sameAs\":[\"https:\/\/www.facebook.com\/swissbaker.ch\",\"https:\/\/x.com\/ch_swissbaker\"]},{\"@type\":\"Person\",\"@id\":\"https:\/\/swissbaker.ch\/fr\/#\/schema\/person\/058ac47619f7da53df62aba60f939b78\",\"name\":\"azureart\",\"image\":{\"@type\":\"ImageObject\",\"inLanguage\":\"fr-FR\",\"@id\":\"https:\/\/swissbaker.ch\/fr\/#\/schema\/person\/image\/\",\"url\":\"https:\/\/secure.gravatar.com\/avatar\/be04dd3098fd612c83067af4f7a295384c93cb6a9112f51beb9d2f477d25da61?s=96&d=mm&r=g\",\"contentUrl\":\"https:\/\/secure.gravatar.com\/avatar\/be04dd3098fd612c83067af4f7a295384c93cb6a9112f51beb9d2f477d25da61?s=96&d=mm&r=g\",\"caption\":\"azureart\"},\"sameAs\":[\"https:\/\/swissbaker.ch\"],\"url\":\"https:\/\/swissbaker.ch\/fr\/panissimo-news\/author\/pixel-ahoi\/\"}]}<\/script>\n<!-- \/ Yoast SEO Premium plugin. -->","yoast_head_json":{"title":"Les Suisses ont montr\u00e9 les crocs | SBC","robots":{"index":"index","follow":"follow","max-snippet":"max-snippet:-1","max-image-preview":"max-image-preview:large","max-video-preview":"max-video-preview:-1"},"canonical":"https:\/\/swissbaker.ch\/fr\/panissimo-news\/les-suisses-ont-montre-les-crocs\/","og_locale":"fr_FR","og_type":"article","og_title":"Les Suisses ont montr\u00e9 les crocs","og_description":"Dans le cadre du Sirha, la Suisse a d\u00e9croch\u00e9 la m\u00e9daille de bronze lors de la finale de la Coupe du monde de p\u00e2tisserie \u00e0 Lyon (F). La France a remport\u00e9 la comp\u00e9tition devant le Japon. Vers 19 heures le 23\u202fjanvier, C\u00e9dric Pilloud, Jorge Cardoso et Jean-Baptiste Jolliet exultent. Apr\u00e8s pr\u00e8s d\u2019une ann\u00e9e d\u2019entra\u00eenement et dix heures de finale, ils [&hellip;]","og_url":"https:\/\/swissbaker.ch\/fr\/panissimo-news\/les-suisses-ont-montre-les-crocs\/","og_site_name":"SBC","article_publisher":"https:\/\/www.facebook.com\/swissbaker.ch","article_published_time":"2017-01-26T07:52:00+00:00","article_modified_time":"2022-05-03T08:08:04+00:00","og_image":[{"width":800,"height":475,"url":"https:\/\/swissbaker.ch\/wp-content\/uploads\/2022\/03\/sirha_weltcup.jpg","type":"image\/jpeg"}],"author":"azureart","twitter_card":"summary_large_image","twitter_creator":"@ch_swissbaker","twitter_site":"@ch_swissbaker","twitter_misc":{"Written by":"azureart","Est. reading time":"2 minutes"},"schema":{"@context":"https:\/\/schema.org","@graph":[{"@type":"Article","@id":"https:\/\/swissbaker.ch\/fr\/panissimo-news\/les-suisses-ont-montre-les-crocs\/#article","isPartOf":{"@id":"https:\/\/swissbaker.ch\/fr\/panissimo-news\/les-suisses-ont-montre-les-crocs\/"},"author":{"name":"azureart","@id":"https:\/\/swissbaker.ch\/fr\/#\/schema\/person\/058ac47619f7da53df62aba60f939b78"},"headline":"Les Suisses ont montr\u00e9 les crocs","datePublished":"2017-01-26T07:52:00+00:00","dateModified":"2022-05-03T08:08:04+00:00","mainEntityOfPage":{"@id":"https:\/\/swissbaker.ch\/fr\/panissimo-news\/les-suisses-ont-montre-les-crocs\/"},"wordCount":314,"commentCount":0,"publisher":{"@id":"https:\/\/swissbaker.ch\/fr\/#organization"},"image":{"@id":"https:\/\/swissbaker.ch\/fr\/panissimo-news\/les-suisses-ont-montre-les-crocs\/#primaryimage"},"thumbnailUrl":"https:\/\/swissbaker.ch\/wp-content\/uploads\/2022\/03\/sirha_weltcup.jpg","articleSection":["Ev\u00e9nement"],"inLanguage":"fr-FR","potentialAction":[{"@type":"CommentAction","name":"Comment","target":["https:\/\/swissbaker.ch\/fr\/panissimo-news\/les-suisses-ont-montre-les-crocs\/#respond"]}]},{"@type":"WebPage","@id":"https:\/\/swissbaker.ch\/fr\/panissimo-news\/les-suisses-ont-montre-les-crocs\/","url":"https:\/\/swissbaker.ch\/fr\/panissimo-news\/les-suisses-ont-montre-les-crocs\/","name":"Les Suisses ont montr\u00e9 les crocs | SBC","isPartOf":{"@id":"https:\/\/swissbaker.ch\/fr\/#website"},"primaryImageOfPage":{"@id":"https:\/\/swissbaker.ch\/fr\/panissimo-news\/les-suisses-ont-montre-les-crocs\/#primaryimage"},"image":{"@id":"https:\/\/swissbaker.ch\/fr\/panissimo-news\/les-suisses-ont-montre-les-crocs\/#primaryimage"},"thumbnailUrl":"https:\/\/swissbaker.ch\/wp-content\/uploads\/2022\/03\/sirha_weltcup.jpg","datePublished":"2017-01-26T07:52:00+00:00","dateModified":"2022-05-03T08:08:04+00:00","breadcrumb":{"@id":"https:\/\/swissbaker.ch\/fr\/panissimo-news\/les-suisses-ont-montre-les-crocs\/#breadcrumb"},"inLanguage":"fr-FR","potentialAction":[{"@type":"ReadAction","target":["https:\/\/swissbaker.ch\/fr\/panissimo-news\/les-suisses-ont-montre-les-crocs\/"]}]},{"@type":"ImageObject","inLanguage":"fr-FR","@id":"https:\/\/swissbaker.ch\/fr\/panissimo-news\/les-suisses-ont-montre-les-crocs\/#primaryimage","url":"https:\/\/swissbaker.ch\/wp-content\/uploads\/2022\/03\/sirha_weltcup.jpg","contentUrl":"https:\/\/swissbaker.ch\/wp-content\/uploads\/2022\/03\/sirha_weltcup.jpg","width":800,"height":475,"caption":"Les Suisses ont montr\u00e9 les crocs"},{"@type":"BreadcrumbList","@id":"https:\/\/swissbaker.ch\/fr\/panissimo-news\/les-suisses-ont-montre-les-crocs\/#breadcrumb","itemListElement":[{"@type":"ListItem","position":1,"name":"","item":"https:\/\/swissbaker.ch\/fr\/"},{"@type":"ListItem","position":2,"name":"Ev\u00e9nement","item":"https:\/\/swissbaker.ch\/fr\/panissimo-news\/category\/evenement\/"},{"@type":"ListItem","position":3,"name":"Les Suisses ont montr\u00e9 les crocs"}]},{"@type":"WebSite","@id":"https:\/\/swissbaker.ch\/fr\/#website","url":"https:\/\/swissbaker.ch\/fr\/","name":"SBC","description":"","publisher":{"@id":"https:\/\/swissbaker.ch\/fr\/#organization"},"potentialAction":[{"@type":"SearchAction","target":{"@type":"EntryPoint","urlTemplate":"https:\/\/swissbaker.ch\/fr\/?s={search_term_string}"},"query-input":{"@type":"PropertyValueSpecification","valueRequired":true,"valueName":"search_term_string"}}],"inLanguage":"fr-FR"},{"@type":"Organization","@id":"https:\/\/swissbaker.ch\/fr\/#organization","name":"Schweizerischer B\u00e4cker-Confiseurmeister-Verband","url":"https:\/\/swissbaker.ch\/fr\/","logo":{"@type":"ImageObject","inLanguage":"fr-FR","@id":"https:\/\/swissbaker.ch\/fr\/#\/schema\/logo\/image\/","url":"https:\/\/swissbaker.ch\/wp-content\/uploads\/2022\/04\/sbc-logo-yoast.jpg","contentUrl":"https:\/\/swissbaker.ch\/wp-content\/uploads\/2022\/04\/sbc-logo-yoast.jpg","width":512,"height":512,"caption":"Schweizerischer B\u00e4cker-Confiseurmeister-Verband"},"image":{"@id":"https:\/\/swissbaker.ch\/fr\/#\/schema\/logo\/image\/"},"sameAs":["https:\/\/www.facebook.com\/swissbaker.ch","https:\/\/x.com\/ch_swissbaker"]},{"@type":"Person","@id":"https:\/\/swissbaker.ch\/fr\/#\/schema\/person\/058ac47619f7da53df62aba60f939b78","name":"azureart","image":{"@type":"ImageObject","inLanguage":"fr-FR","@id":"https:\/\/swissbaker.ch\/fr\/#\/schema\/person\/image\/","url":"https:\/\/secure.gravatar.com\/avatar\/be04dd3098fd612c83067af4f7a295384c93cb6a9112f51beb9d2f477d25da61?s=96&d=mm&r=g","contentUrl":"https:\/\/secure.gravatar.com\/avatar\/be04dd3098fd612c83067af4f7a295384c93cb6a9112f51beb9d2f477d25da61?s=96&d=mm&r=g","caption":"azureart"},"sameAs":["https:\/\/swissbaker.ch"],"url":"https:\/\/swissbaker.ch\/fr\/panissimo-news\/author\/pixel-ahoi\/"}]}},"_links":{"self":[{"href":"https:\/\/swissbaker.ch\/fr\/wp-json\/wp\/v2\/posts\/7759","targetHints":{"allow":["GET"]}}],"collection":[{"href":"https:\/\/swissbaker.ch\/fr\/wp-json\/wp\/v2\/posts"}],"about":[{"href":"https:\/\/swissbaker.ch\/fr\/wp-json\/wp\/v2\/types\/post"}],"author":[{"embeddable":true,"href":"https:\/\/swissbaker.ch\/fr\/wp-json\/wp\/v2\/users\/1"}],"replies":[{"embeddable":true,"href":"https:\/\/swissbaker.ch\/fr\/wp-json\/wp\/v2\/comments?post=7759"}],"version-history":[{"count":0,"href":"https:\/\/swissbaker.ch\/fr\/wp-json\/wp\/v2\/posts\/7759\/revisions"}],"wp:featuredmedia":[{"embeddable":true,"href":"https:\/\/swissbaker.ch\/fr\/wp-json\/wp\/v2\/media\/5567"}],"wp:attachment":[{"href":"https:\/\/swissbaker.ch\/fr\/wp-json\/wp\/v2\/media?parent=7759"}],"wp:term":[{"taxonomy":"category","embeddable":true,"href":"https:\/\/swissbaker.ch\/fr\/wp-json\/wp\/v2\/categories?post=7759"},{"taxonomy":"post_tag","embeddable":true,"href":"https:\/\/swissbaker.ch\/fr\/wp-json\/wp\/v2\/tags?post=7759"}],"curies":[{"name":"wp","href":"https:\/\/api.w.org\/{rel}","templated":true}]}}