{"id":77531,"date":"2024-04-18T08:34:42","date_gmt":"2024-04-18T06:34:42","guid":{"rendered":"https:\/\/swissbaker.ch\/?p=77531"},"modified":"2024-04-18T08:38:15","modified_gmt":"2024-04-18T06:38:15","slug":"fans-du-metier-contactez-nous","status":"publish","type":"post","link":"https:\/\/swissbaker.ch\/fr\/panissimo-news\/fans-du-metier-contactez-nous\/","title":{"rendered":"\u00ab\u2009Fans du m\u00e9tier\u2009\u00bb, contactez-nous\u2009!"},"content":{"rendered":"\n<p>Les d\u00e9l\u00e9gu\u00e9s et d\u00e9l\u00e9gu\u00e9es m\u2019ont une nouvelle fois confirm\u00e9 dans mes fonctions de chef de la formation lors du dernier congr\u00e8s de la BCS en 2023. J\u2019en suis tr\u00e8s honor\u00e9. C\u2019est pour moi une preuve de confiance pour le travail accompli par le pass\u00e9. Je m\u2019\u00e9tais en effet fix\u00e9 comme objectif de m\u2019engager totalement pour le secteur et l\u2019artisanat en 2016, lors de mon \u00e9lection au comit\u00e9 directeur de l\u2019\u00e9poque.<\/p>\n\n\n\n<p>Nous sommes maintenant arriv\u00e9s \u00e0 un point o\u00f9 l\u2019engagement pour le secteur implique une nouvelle t\u00e2che importante\u2009: la r\u00e9vision totale de nos m\u00e9tiers en production. Je n\u2019y parviendrai pas seul, et l\u2019aide de<br>mes coll\u00e8gues de l\u2019\u00e9cole professionnelle et des commissions ne suffira pas. Il me faudra \u00e9galement celle de personnes souhaitant fa\u00e7onner l\u2019avenir.<\/p>\n\n\n\n<h3 class=\"wp-block-heading\" id=\"h-quelles-sont-ces-personnes\">Quelles sont ces personnes\u2009?<\/h3>\n\n\n\n<p>Ce sont des \u00ab\u2009fans du m\u00e9tier\u2009\u00bb\u2009! Et \u00e0 quoi les reconna\u00eet-on\u2009? La r\u00e9ponse est simple\u2009: un fan veut<br>en savoir plus que les autres, un fan s\u2019int\u00e9resse au pourquoi et au comment, un fan veut le meilleur<br>pour son club (respectivement son association). Lors de la derni\u00e8re conf\u00e9rence des r\u00e9gions et cantons<br>\u00e0 Saint-Gall, nous avons appel\u00e9 les membres de cette derni\u00e8re \u00e0 nous notifier ce genre de fans comp\u00e9tents en vue de l\u2019atelier sur l\u2019avenir pr\u00e9vu le 27\u202fjuin 2024. <\/p>\n\n\n\n<p>Vous aimeriez vous aussi y participer\u2009? Contactez d\u00e8s lors Markus Zimmerli (<a href=\"mailto:zimmerli@richemont.swiss\">zimmerli@richemont.swiss<\/a>), la s\u00e9lection des membres dudit atelier \u00e9tant du ressort de la CSDPQ.<\/p>\n\n\n\n<p>Je me r\u00e9jouis d\u2019accueillir nos \u00ab\u2009fans du m\u00e9tier\u2009\u00bb.<br><\/p>\n\n\n\n<p class=\"has-text-align-right\"><em>Peter Signer, chef de la formation BCS<\/em><\/p>\n","protected":false},"excerpt":{"rendered":"<p>Les d\u00e9l\u00e9gu\u00e9s et d\u00e9l\u00e9gu\u00e9es m\u2019ont une nouvelle fois confirm\u00e9 dans mes fonctions de chef de la formation lors du dernier congr\u00e8s de la BCS en 2023. J\u2019en suis tr\u00e8s honor\u00e9. C\u2019est pour moi une preuve de confiance pour le travail accompli par le pass\u00e9. Je m\u2019\u00e9tais en effet fix\u00e9 comme objectif de m\u2019engager totalement pour le secteur et l\u2019artisanat en 2016, lors de mon \u00e9lection au comit\u00e9 directeur de l\u2019\u00e9poque.<\/p>\n","protected":false},"author":5,"featured_media":63627,"comment_status":"closed","ping_status":"closed","sticky":true,"template":"","format":"standard","meta":{"_acf_changed":false,"footnotes":""},"categories":[41,47],"tags":[],"class_list":["post-77531","post","type-post","status-publish","format-standard","has-post-thumbnail","hentry","category-association","category-formation-releve"],"acf":[],"yoast_head":"<!-- This site is optimized with the Yoast SEO Premium plugin v26.8 (Yoast SEO v26.8) - https:\/\/yoast.com\/product\/yoast-seo-premium-wordpress\/ -->\n<title>\u00ab\u2009Fans du m\u00e9tier\u2009\u00bb, contactez-nous\u2009! | SBC<\/title>\n<meta name=\"robots\" content=\"index, follow, max-snippet:-1, max-image-preview:large, max-video-preview:-1\" \/>\n<link rel=\"canonical\" href=\"https:\/\/swissbaker.ch\/fr\/panissimo-news\/fans-du-metier-contactez-nous\/\" \/>\n<meta property=\"og:locale\" content=\"fr_FR\" \/>\n<meta property=\"og:type\" content=\"article\" \/>\n<meta property=\"og:title\" content=\"\u00ab\u2009Fans du m\u00e9tier\u2009\u00bb, contactez-nous\u2009!\" \/>\n<meta property=\"og:description\" content=\"Les d\u00e9l\u00e9gu\u00e9s et d\u00e9l\u00e9gu\u00e9es m\u2019ont une nouvelle fois confirm\u00e9 dans mes fonctions de chef de la formation lors du dernier congr\u00e8s de la BCS en 2023. J\u2019en suis tr\u00e8s honor\u00e9. C\u2019est pour moi une preuve de confiance pour le travail accompli par le pass\u00e9. Je m\u2019\u00e9tais en effet fix\u00e9 comme objectif de m\u2019engager totalement pour le secteur et l\u2019artisanat en 2016, lors de mon \u00e9lection au comit\u00e9 directeur de l\u2019\u00e9poque.\" \/>\n<meta property=\"og:url\" content=\"https:\/\/swissbaker.ch\/fr\/panissimo-news\/fans-du-metier-contactez-nous\/\" \/>\n<meta property=\"og:site_name\" content=\"SBC\" \/>\n<meta property=\"article:publisher\" content=\"https:\/\/www.facebook.com\/swissbaker.ch\" \/>\n<meta property=\"article:published_time\" content=\"2024-04-18T06:34:42+00:00\" \/>\n<meta property=\"article:modified_time\" content=\"2024-04-18T06:38:15+00:00\" \/>\n<meta property=\"og:image\" content=\"https:\/\/swissbaker.ch\/wp-content\/uploads\/2023\/06\/peter-signer-zv-2023.jpg\" \/>\n\t<meta property=\"og:image:width\" content=\"1200\" \/>\n\t<meta property=\"og:image:height\" content=\"712\" \/>\n\t<meta property=\"og:image:type\" content=\"image\/jpeg\" \/>\n<meta name=\"author\" content=\"Simon Nussbaum\" \/>\n<meta name=\"twitter:card\" content=\"summary_large_image\" \/>\n<meta name=\"twitter:creator\" content=\"@ch_swissbaker\" \/>\n<meta name=\"twitter:site\" content=\"@ch_swissbaker\" \/>\n<meta name=\"twitter:label1\" content=\"Written by\" \/>\n\t<meta name=\"twitter:data1\" content=\"Simon Nussbaum\" \/>\n\t<meta name=\"twitter:label2\" content=\"Est. reading time\" \/>\n\t<meta name=\"twitter:data2\" content=\"1 minute\" \/>\n<script type=\"application\/ld+json\" class=\"yoast-schema-graph\">{\"@context\":\"https:\/\/schema.org\",\"@graph\":[{\"@type\":\"Article\",\"@id\":\"https:\/\/swissbaker.ch\/fr\/panissimo-news\/fans-du-metier-contactez-nous\/#article\",\"isPartOf\":{\"@id\":\"https:\/\/swissbaker.ch\/fr\/panissimo-news\/fans-du-metier-contactez-nous\/\"},\"author\":{\"name\":\"Simon Nussbaum\",\"@id\":\"https:\/\/swissbaker.ch\/fr\/#\/schema\/person\/74bd327b08c18ca6042c02ff6f0ed5e2\"},\"headline\":\"\u00ab\u2009Fans du m\u00e9tier\u2009\u00bb, contactez-nous\u2009!\",\"datePublished\":\"2024-04-18T06:34:42+00:00\",\"dateModified\":\"2024-04-18T06:38:15+00:00\",\"mainEntityOfPage\":{\"@id\":\"https:\/\/swissbaker.ch\/fr\/panissimo-news\/fans-du-metier-contactez-nous\/\"},\"wordCount\":288,\"publisher\":{\"@id\":\"https:\/\/swissbaker.ch\/fr\/#organization\"},\"image\":{\"@id\":\"https:\/\/swissbaker.ch\/fr\/panissimo-news\/fans-du-metier-contactez-nous\/#primaryimage\"},\"thumbnailUrl\":\"https:\/\/swissbaker.ch\/wp-content\/uploads\/2023\/06\/peter-signer-zv-2023.jpg\",\"articleSection\":[\"Association\",\"Formation\/Rel\u00e8ve\"],\"inLanguage\":\"fr-FR\"},{\"@type\":\"WebPage\",\"@id\":\"https:\/\/swissbaker.ch\/fr\/panissimo-news\/fans-du-metier-contactez-nous\/\",\"url\":\"https:\/\/swissbaker.ch\/fr\/panissimo-news\/fans-du-metier-contactez-nous\/\",\"name\":\"\u00ab\u2009Fans du m\u00e9tier\u2009\u00bb, contactez-nous\u2009! | SBC\",\"isPartOf\":{\"@id\":\"https:\/\/swissbaker.ch\/fr\/#website\"},\"primaryImageOfPage\":{\"@id\":\"https:\/\/swissbaker.ch\/fr\/panissimo-news\/fans-du-metier-contactez-nous\/#primaryimage\"},\"image\":{\"@id\":\"https:\/\/swissbaker.ch\/fr\/panissimo-news\/fans-du-metier-contactez-nous\/#primaryimage\"},\"thumbnailUrl\":\"https:\/\/swissbaker.ch\/wp-content\/uploads\/2023\/06\/peter-signer-zv-2023.jpg\",\"datePublished\":\"2024-04-18T06:34:42+00:00\",\"dateModified\":\"2024-04-18T06:38:15+00:00\",\"breadcrumb\":{\"@id\":\"https:\/\/swissbaker.ch\/fr\/panissimo-news\/fans-du-metier-contactez-nous\/#breadcrumb\"},\"inLanguage\":\"fr-FR\",\"potentialAction\":[{\"@type\":\"ReadAction\",\"target\":[\"https:\/\/swissbaker.ch\/fr\/panissimo-news\/fans-du-metier-contactez-nous\/\"]}]},{\"@type\":\"ImageObject\",\"inLanguage\":\"fr-FR\",\"@id\":\"https:\/\/swissbaker.ch\/fr\/panissimo-news\/fans-du-metier-contactez-nous\/#primaryimage\",\"url\":\"https:\/\/swissbaker.ch\/wp-content\/uploads\/2023\/06\/peter-signer-zv-2023.jpg\",\"contentUrl\":\"https:\/\/swissbaker.ch\/wp-content\/uploads\/2023\/06\/peter-signer-zv-2023.jpg\",\"width\":1200,\"height\":712},{\"@type\":\"BreadcrumbList\",\"@id\":\"https:\/\/swissbaker.ch\/fr\/panissimo-news\/fans-du-metier-contactez-nous\/#breadcrumb\",\"itemListElement\":[{\"@type\":\"ListItem\",\"position\":1,\"name\":\"\",\"item\":\"https:\/\/swissbaker.ch\/fr\/\"},{\"@type\":\"ListItem\",\"position\":2,\"name\":\"Association\",\"item\":\"https:\/\/swissbaker.ch\/fr\/panissimo-news\/category\/association\/\"},{\"@type\":\"ListItem\",\"position\":3,\"name\":\"\u00ab\u2009Fans du m\u00e9tier\u2009\u00bb, contactez-nous\u2009!\"}]},{\"@type\":\"WebSite\",\"@id\":\"https:\/\/swissbaker.ch\/fr\/#website\",\"url\":\"https:\/\/swissbaker.ch\/fr\/\",\"name\":\"SBC\",\"description\":\"\",\"publisher\":{\"@id\":\"https:\/\/swissbaker.ch\/fr\/#organization\"},\"potentialAction\":[{\"@type\":\"SearchAction\",\"target\":{\"@type\":\"EntryPoint\",\"urlTemplate\":\"https:\/\/swissbaker.ch\/fr\/?s={search_term_string}\"},\"query-input\":{\"@type\":\"PropertyValueSpecification\",\"valueRequired\":true,\"valueName\":\"search_term_string\"}}],\"inLanguage\":\"fr-FR\"},{\"@type\":\"Organization\",\"@id\":\"https:\/\/swissbaker.ch\/fr\/#organization\",\"name\":\"Schweizerischer B\u00e4cker-Confiseurmeister-Verband\",\"url\":\"https:\/\/swissbaker.ch\/fr\/\",\"logo\":{\"@type\":\"ImageObject\",\"inLanguage\":\"fr-FR\",\"@id\":\"https:\/\/swissbaker.ch\/fr\/#\/schema\/logo\/image\/\",\"url\":\"https:\/\/swissbaker.ch\/wp-content\/uploads\/2022\/04\/sbc-logo-yoast.jpg\",\"contentUrl\":\"https:\/\/swissbaker.ch\/wp-content\/uploads\/2022\/04\/sbc-logo-yoast.jpg\",\"width\":512,\"height\":512,\"caption\":\"Schweizerischer B\u00e4cker-Confiseurmeister-Verband\"},\"image\":{\"@id\":\"https:\/\/swissbaker.ch\/fr\/#\/schema\/logo\/image\/\"},\"sameAs\":[\"https:\/\/www.facebook.com\/swissbaker.ch\",\"https:\/\/x.com\/ch_swissbaker\"]},{\"@type\":\"Person\",\"@id\":\"https:\/\/swissbaker.ch\/fr\/#\/schema\/person\/74bd327b08c18ca6042c02ff6f0ed5e2\",\"name\":\"Simon Nussbaum\",\"image\":{\"@type\":\"ImageObject\",\"inLanguage\":\"fr-FR\",\"@id\":\"https:\/\/swissbaker.ch\/fr\/#\/schema\/person\/image\/\",\"url\":\"https:\/\/secure.gravatar.com\/avatar\/df0eced3bb556c806cb760cf503ade1ed1df25b4104d80d6fd28d93a9509aa12?s=96&d=mm&r=g\",\"contentUrl\":\"https:\/\/secure.gravatar.com\/avatar\/df0eced3bb556c806cb760cf503ade1ed1df25b4104d80d6fd28d93a9509aa12?s=96&d=mm&r=g\",\"caption\":\"Simon Nussbaum\"},\"url\":\"https:\/\/swissbaker.ch\/fr\/panissimo-news\/author\/simon-nussbaum\/\"}]}<\/script>\n<!-- \/ Yoast SEO Premium plugin. -->","yoast_head_json":{"title":"\u00ab\u2009Fans du m\u00e9tier\u2009\u00bb, contactez-nous\u2009! | SBC","robots":{"index":"index","follow":"follow","max-snippet":"max-snippet:-1","max-image-preview":"max-image-preview:large","max-video-preview":"max-video-preview:-1"},"canonical":"https:\/\/swissbaker.ch\/fr\/panissimo-news\/fans-du-metier-contactez-nous\/","og_locale":"fr_FR","og_type":"article","og_title":"\u00ab\u2009Fans du m\u00e9tier\u2009\u00bb, contactez-nous\u2009!","og_description":"Les d\u00e9l\u00e9gu\u00e9s et d\u00e9l\u00e9gu\u00e9es m\u2019ont une nouvelle fois confirm\u00e9 dans mes fonctions de chef de la formation lors du dernier congr\u00e8s de la BCS en 2023. J\u2019en suis tr\u00e8s honor\u00e9. C\u2019est pour moi une preuve de confiance pour le travail accompli par le pass\u00e9. Je m\u2019\u00e9tais en effet fix\u00e9 comme objectif de m\u2019engager totalement pour le secteur et l\u2019artisanat en 2016, lors de mon \u00e9lection au comit\u00e9 directeur de l\u2019\u00e9poque.","og_url":"https:\/\/swissbaker.ch\/fr\/panissimo-news\/fans-du-metier-contactez-nous\/","og_site_name":"SBC","article_publisher":"https:\/\/www.facebook.com\/swissbaker.ch","article_published_time":"2024-04-18T06:34:42+00:00","article_modified_time":"2024-04-18T06:38:15+00:00","og_image":[{"width":1200,"height":712,"url":"https:\/\/swissbaker.ch\/wp-content\/uploads\/2023\/06\/peter-signer-zv-2023.jpg","type":"image\/jpeg"}],"author":"Simon Nussbaum","twitter_card":"summary_large_image","twitter_creator":"@ch_swissbaker","twitter_site":"@ch_swissbaker","twitter_misc":{"Written by":"Simon Nussbaum","Est. reading time":"1 minute"},"schema":{"@context":"https:\/\/schema.org","@graph":[{"@type":"Article","@id":"https:\/\/swissbaker.ch\/fr\/panissimo-news\/fans-du-metier-contactez-nous\/#article","isPartOf":{"@id":"https:\/\/swissbaker.ch\/fr\/panissimo-news\/fans-du-metier-contactez-nous\/"},"author":{"name":"Simon Nussbaum","@id":"https:\/\/swissbaker.ch\/fr\/#\/schema\/person\/74bd327b08c18ca6042c02ff6f0ed5e2"},"headline":"\u00ab\u2009Fans du m\u00e9tier\u2009\u00bb, contactez-nous\u2009!","datePublished":"2024-04-18T06:34:42+00:00","dateModified":"2024-04-18T06:38:15+00:00","mainEntityOfPage":{"@id":"https:\/\/swissbaker.ch\/fr\/panissimo-news\/fans-du-metier-contactez-nous\/"},"wordCount":288,"publisher":{"@id":"https:\/\/swissbaker.ch\/fr\/#organization"},"image":{"@id":"https:\/\/swissbaker.ch\/fr\/panissimo-news\/fans-du-metier-contactez-nous\/#primaryimage"},"thumbnailUrl":"https:\/\/swissbaker.ch\/wp-content\/uploads\/2023\/06\/peter-signer-zv-2023.jpg","articleSection":["Association","Formation\/Rel\u00e8ve"],"inLanguage":"fr-FR"},{"@type":"WebPage","@id":"https:\/\/swissbaker.ch\/fr\/panissimo-news\/fans-du-metier-contactez-nous\/","url":"https:\/\/swissbaker.ch\/fr\/panissimo-news\/fans-du-metier-contactez-nous\/","name":"\u00ab\u2009Fans du m\u00e9tier\u2009\u00bb, contactez-nous\u2009! | SBC","isPartOf":{"@id":"https:\/\/swissbaker.ch\/fr\/#website"},"primaryImageOfPage":{"@id":"https:\/\/swissbaker.ch\/fr\/panissimo-news\/fans-du-metier-contactez-nous\/#primaryimage"},"image":{"@id":"https:\/\/swissbaker.ch\/fr\/panissimo-news\/fans-du-metier-contactez-nous\/#primaryimage"},"thumbnailUrl":"https:\/\/swissbaker.ch\/wp-content\/uploads\/2023\/06\/peter-signer-zv-2023.jpg","datePublished":"2024-04-18T06:34:42+00:00","dateModified":"2024-04-18T06:38:15+00:00","breadcrumb":{"@id":"https:\/\/swissbaker.ch\/fr\/panissimo-news\/fans-du-metier-contactez-nous\/#breadcrumb"},"inLanguage":"fr-FR","potentialAction":[{"@type":"ReadAction","target":["https:\/\/swissbaker.ch\/fr\/panissimo-news\/fans-du-metier-contactez-nous\/"]}]},{"@type":"ImageObject","inLanguage":"fr-FR","@id":"https:\/\/swissbaker.ch\/fr\/panissimo-news\/fans-du-metier-contactez-nous\/#primaryimage","url":"https:\/\/swissbaker.ch\/wp-content\/uploads\/2023\/06\/peter-signer-zv-2023.jpg","contentUrl":"https:\/\/swissbaker.ch\/wp-content\/uploads\/2023\/06\/peter-signer-zv-2023.jpg","width":1200,"height":712},{"@type":"BreadcrumbList","@id":"https:\/\/swissbaker.ch\/fr\/panissimo-news\/fans-du-metier-contactez-nous\/#breadcrumb","itemListElement":[{"@type":"ListItem","position":1,"name":"","item":"https:\/\/swissbaker.ch\/fr\/"},{"@type":"ListItem","position":2,"name":"Association","item":"https:\/\/swissbaker.ch\/fr\/panissimo-news\/category\/association\/"},{"@type":"ListItem","position":3,"name":"\u00ab\u2009Fans du m\u00e9tier\u2009\u00bb, contactez-nous\u2009!"}]},{"@type":"WebSite","@id":"https:\/\/swissbaker.ch\/fr\/#website","url":"https:\/\/swissbaker.ch\/fr\/","name":"SBC","description":"","publisher":{"@id":"https:\/\/swissbaker.ch\/fr\/#organization"},"potentialAction":[{"@type":"SearchAction","target":{"@type":"EntryPoint","urlTemplate":"https:\/\/swissbaker.ch\/fr\/?s={search_term_string}"},"query-input":{"@type":"PropertyValueSpecification","valueRequired":true,"valueName":"search_term_string"}}],"inLanguage":"fr-FR"},{"@type":"Organization","@id":"https:\/\/swissbaker.ch\/fr\/#organization","name":"Schweizerischer B\u00e4cker-Confiseurmeister-Verband","url":"https:\/\/swissbaker.ch\/fr\/","logo":{"@type":"ImageObject","inLanguage":"fr-FR","@id":"https:\/\/swissbaker.ch\/fr\/#\/schema\/logo\/image\/","url":"https:\/\/swissbaker.ch\/wp-content\/uploads\/2022\/04\/sbc-logo-yoast.jpg","contentUrl":"https:\/\/swissbaker.ch\/wp-content\/uploads\/2022\/04\/sbc-logo-yoast.jpg","width":512,"height":512,"caption":"Schweizerischer B\u00e4cker-Confiseurmeister-Verband"},"image":{"@id":"https:\/\/swissbaker.ch\/fr\/#\/schema\/logo\/image\/"},"sameAs":["https:\/\/www.facebook.com\/swissbaker.ch","https:\/\/x.com\/ch_swissbaker"]},{"@type":"Person","@id":"https:\/\/swissbaker.ch\/fr\/#\/schema\/person\/74bd327b08c18ca6042c02ff6f0ed5e2","name":"Simon Nussbaum","image":{"@type":"ImageObject","inLanguage":"fr-FR","@id":"https:\/\/swissbaker.ch\/fr\/#\/schema\/person\/image\/","url":"https:\/\/secure.gravatar.com\/avatar\/df0eced3bb556c806cb760cf503ade1ed1df25b4104d80d6fd28d93a9509aa12?s=96&d=mm&r=g","contentUrl":"https:\/\/secure.gravatar.com\/avatar\/df0eced3bb556c806cb760cf503ade1ed1df25b4104d80d6fd28d93a9509aa12?s=96&d=mm&r=g","caption":"Simon Nussbaum"},"url":"https:\/\/swissbaker.ch\/fr\/panissimo-news\/author\/simon-nussbaum\/"}]}},"_links":{"self":[{"href":"https:\/\/swissbaker.ch\/fr\/wp-json\/wp\/v2\/posts\/77531","targetHints":{"allow":["GET"]}}],"collection":[{"href":"https:\/\/swissbaker.ch\/fr\/wp-json\/wp\/v2\/posts"}],"about":[{"href":"https:\/\/swissbaker.ch\/fr\/wp-json\/wp\/v2\/types\/post"}],"author":[{"embeddable":true,"href":"https:\/\/swissbaker.ch\/fr\/wp-json\/wp\/v2\/users\/5"}],"replies":[{"embeddable":true,"href":"https:\/\/swissbaker.ch\/fr\/wp-json\/wp\/v2\/comments?post=77531"}],"version-history":[{"count":0,"href":"https:\/\/swissbaker.ch\/fr\/wp-json\/wp\/v2\/posts\/77531\/revisions"}],"wp:featuredmedia":[{"embeddable":true,"href":"https:\/\/swissbaker.ch\/fr\/wp-json\/wp\/v2\/media\/63627"}],"wp:attachment":[{"href":"https:\/\/swissbaker.ch\/fr\/wp-json\/wp\/v2\/media?parent=77531"}],"wp:term":[{"taxonomy":"category","embeddable":true,"href":"https:\/\/swissbaker.ch\/fr\/wp-json\/wp\/v2\/categories?post=77531"},{"taxonomy":"post_tag","embeddable":true,"href":"https:\/\/swissbaker.ch\/fr\/wp-json\/wp\/v2\/tags?post=77531"}],"curies":[{"name":"wp","href":"https:\/\/api.w.org\/{rel}","templated":true}]}}