{"id":77517,"date":"2024-04-18T08:39:33","date_gmt":"2024-04-18T06:39:33","guid":{"rendered":"https:\/\/swissbaker.ch\/?p=77517"},"modified":"2024-04-18T08:40:58","modified_gmt":"2024-04-18T06:40:58","slug":"manufacture-puissance-trois","status":"publish","type":"post","link":"https:\/\/swissbaker.ch\/fr\/panissimo-news\/manufacture-puissance-trois\/","title":{"rendered":"Manufacture puissance trois"},"content":{"rendered":"\n<p><strong>La boulangerie Thurbeck \u00e0 Wattwil (SG) a march\u00e9 sur les traces de son ma\u00eetre d&#8217;apprentissage il y a onze ans. Le nouveau propri\u00e9taire Roger Wichser et sa femme Rahel ont fait de cette exploitation une entreprise polyvalente qui a \u00e9largi son horizon bien au-del\u00e0 de sa passion pour le bon pain.<\/strong><\/p>\n\n\n\n<p>Roger Wichser a fait son apprentissage de boulanger-confiseur \u00e0 la boulangerie Schweizer. Une fois sa formation termin\u00e9e, il a ensuite pass\u00e9 plusieurs ann\u00e9es dans diff\u00e9rents fournils. Apr\u00e8s une br\u00e8ve \u00e9tape dans l\u2019industrie, il a pass\u00e9 son examen professionnel dans la boulangerie-p\u00e2tisserie-confiserie Leutwyler \u00e0 Zofingue (AG). Son dipl\u00f4me en poche, il est parti \u00e0 Zurich, \u00e0 la fondation St. Jakob. Il y a suivi une formation d\u2019agent d\u2019emplois. <\/p>\n\n\n\n<p>Mais dans le Toggenburg, on n\u2019avait pas oubli\u00e9 Roger Wichser\u2009: \u00ab\u2009Mon ancien formateur m\u2019a demand\u00e9 s&#8217;il pouvait me confier la boulangerie Schweizer\u2009\u00bb. C\u2019est ainsi que Roger et sa femme Rahel Wichser ont repris, le 1er\u202favril 2013, le destin de leur ancienne exploitation o\u00f9 il avait fait son apprentissage et l\u2019ont rebaptis\u00e9e Thurbeck GmbH exactement un an plus tard.<\/p>\n\n\n\n<figure class=\"wp-block-image size-large\"><img decoding=\"async\" width=\"1024\" height=\"608\" src=\"https:\/\/swissbaker.ch\/wp-content\/uploads\/2024\/04\/8_1_thurbeck_1-1024x608.jpg\" alt=\"\" class=\"wp-image-77509\" srcset=\"https:\/\/swissbaker.ch\/wp-content\/uploads\/2024\/04\/8_1_thurbeck_1-1024x608.jpg 1024w, https:\/\/swissbaker.ch\/wp-content\/uploads\/2024\/04\/8_1_thurbeck_1-768x456.jpg 768w, https:\/\/swissbaker.ch\/wp-content\/uploads\/2024\/04\/8_1_thurbeck_1.jpg 1200w\" sizes=\"(max-width: 1024px) 100vw, 1024px\" \/><figcaption class=\"wp-element-caption\"><em>Roger et Rahel Wichser<\/em><\/figcaption><\/figure>\n\n\n\n<h2 class=\"wp-block-heading\" id=\"h-patisseries-pates-chocolats-et-glaces\"><br>P\u00e2tisseries, p\u00e2tes, chocolats et glaces<\/h2>\n\n\n\n<p>Rahel Wichser a contribu\u00e9 \u00e0 fa\u00e7onner la Thurbeck d\u00e8s le d\u00e9but. Bien que les locaux de l\u2019Ebnaterstrasse \u00e0 Wattwil (SG) comprennent le magasin de vente et le fournil, le couple a ouvert une fabrique de chocolat et de p\u00e2tes sous le m\u00eame toit. \u00ab\u2009Les p\u00e2tes sont enti\u00e8rement compos\u00e9es d\u2019ingr\u00e9dients r\u00e9gionaux et nous utilisons exclusivement de l\u2019\u00e9peautre\u2009\u00bb, d\u00e9clare Rahel Wichser.<\/p>\n\n\n\n<p>En 2021, la Thurbeck a ouvert son entreprise de restauration \u00e0 Wattwil. \u00ab\u2009Avec le bistrot et le nombre croissant de clients, nous avions besoin de plus de surface de cong\u00e9lation\u2009\u00bb, raconte le propri\u00e9taire. Mais la place manquait dans l\u2019exploitation\u2009: entre les vitrines de vente, les machines de la boulangerie et la manufacture de p\u00e2tes et de chocolat, les employ\u00e9s se marchaient sur les pieds. \u00ab\u2009Quand j\u2019ai dit \u00e0 Rahel combien co\u00fbterait la surface suppl\u00e9mentaire n\u00e9cessaire, elle m\u2019a demand\u00e9, en plaisantant, pourquoi nous ne construisions pas tout de suite un nouveau fournil\u2009\u00bb, raconte le mari. De la plaisanterie naissent des projets. Et apr\u00e8s des entretiens avec la banque et un sp\u00e9cialiste de la technique boulang\u00e8re, ils ont pu \u00eatre concr\u00e9tis\u00e9s. &#8230;<\/p>\n\n\n\n<p>&#8230;<em>Lisez l&#8217;article complet dans \u00abPanissimo\u00bb du 19 avril 2024<\/em><\/p>\n\n\n\n<p><a href=\"https:\/\/www.thurbeck.ch\" target=\"_blank\" rel=\"noreferrer noopener\">thurbeck.ch<\/a><\/p>\n\n\n\n<p class=\"has-text-align-right\"><em>Diego Schwerzmann<\/em><\/p>\n\n\n\n<p><br><\/p>\n","protected":false},"excerpt":{"rendered":"<p>La boulangerie Thurbeck \u00e0 Wattwil (SG) a march\u00e9 sur les traces de son ma\u00eetre d&#8217;apprentissage il y a onze ans. Le nouveau propri\u00e9taire Roger Wichser et sa femme Rahel ont fait de cette exploitation une entreprise polyvalente qui a \u00e9largi son horizon bien au-del\u00e0 de sa passion pour le bon pain.<\/p>\n","protected":false},"author":5,"featured_media":77513,"comment_status":"closed","ping_status":"closed","sticky":true,"template":"","format":"standard","meta":{"_acf_changed":false,"footnotes":""},"categories":[42],"tags":[],"class_list":["post-77517","post","type-post","status-publish","format-standard","has-post-thumbnail","hentry","category-boulangeries-confiseries"],"acf":[],"yoast_head":"<!-- This site is optimized with the Yoast SEO Premium plugin v26.8 (Yoast SEO v26.8) - https:\/\/yoast.com\/product\/yoast-seo-premium-wordpress\/ -->\n<title>Manufacture puissance trois | SBC<\/title>\n<meta name=\"robots\" content=\"index, follow, max-snippet:-1, max-image-preview:large, max-video-preview:-1\" \/>\n<link rel=\"canonical\" href=\"https:\/\/swissbaker.ch\/fr\/panissimo-news\/manufacture-puissance-trois\/\" \/>\n<meta property=\"og:locale\" content=\"fr_FR\" \/>\n<meta property=\"og:type\" content=\"article\" \/>\n<meta property=\"og:title\" content=\"Manufacture puissance trois\" \/>\n<meta property=\"og:description\" content=\"La boulangerie Thurbeck \u00e0 Wattwil (SG) a march\u00e9 sur les traces de son ma\u00eetre d&#039;apprentissage il y a onze ans. Le nouveau propri\u00e9taire Roger Wichser et sa femme Rahel ont fait de cette exploitation une entreprise polyvalente qui a \u00e9largi son horizon bien au-del\u00e0 de sa passion pour le bon pain.\" \/>\n<meta property=\"og:url\" content=\"https:\/\/swissbaker.ch\/fr\/panissimo-news\/manufacture-puissance-trois\/\" \/>\n<meta property=\"og:site_name\" content=\"SBC\" \/>\n<meta property=\"article:publisher\" content=\"https:\/\/www.facebook.com\/swissbaker.ch\" \/>\n<meta property=\"article:published_time\" content=\"2024-04-18T06:39:33+00:00\" \/>\n<meta property=\"article:modified_time\" content=\"2024-04-18T06:40:58+00:00\" \/>\n<meta property=\"og:image\" content=\"https:\/\/swissbaker.ch\/wp-content\/uploads\/2024\/04\/8_1_thurbeck_3.jpg\" \/>\n\t<meta property=\"og:image:width\" content=\"1200\" \/>\n\t<meta property=\"og:image:height\" content=\"712\" \/>\n\t<meta property=\"og:image:type\" content=\"image\/jpeg\" \/>\n<meta name=\"author\" content=\"Simon Nussbaum\" \/>\n<meta name=\"twitter:card\" content=\"summary_large_image\" \/>\n<meta name=\"twitter:creator\" content=\"@ch_swissbaker\" \/>\n<meta name=\"twitter:site\" content=\"@ch_swissbaker\" \/>\n<meta name=\"twitter:label1\" content=\"Written by\" \/>\n\t<meta name=\"twitter:data1\" content=\"Simon Nussbaum\" \/>\n\t<meta name=\"twitter:label2\" content=\"Est. reading time\" \/>\n\t<meta name=\"twitter:data2\" content=\"2 minutes\" \/>\n<script type=\"application\/ld+json\" class=\"yoast-schema-graph\">{\"@context\":\"https:\/\/schema.org\",\"@graph\":[{\"@type\":\"Article\",\"@id\":\"https:\/\/swissbaker.ch\/fr\/panissimo-news\/manufacture-puissance-trois\/#article\",\"isPartOf\":{\"@id\":\"https:\/\/swissbaker.ch\/fr\/panissimo-news\/manufacture-puissance-trois\/\"},\"author\":{\"name\":\"Simon Nussbaum\",\"@id\":\"https:\/\/swissbaker.ch\/fr\/#\/schema\/person\/74bd327b08c18ca6042c02ff6f0ed5e2\"},\"headline\":\"Manufacture puissance trois\",\"datePublished\":\"2024-04-18T06:39:33+00:00\",\"dateModified\":\"2024-04-18T06:40:58+00:00\",\"mainEntityOfPage\":{\"@id\":\"https:\/\/swissbaker.ch\/fr\/panissimo-news\/manufacture-puissance-trois\/\"},\"wordCount\":418,\"publisher\":{\"@id\":\"https:\/\/swissbaker.ch\/fr\/#organization\"},\"image\":{\"@id\":\"https:\/\/swissbaker.ch\/fr\/panissimo-news\/manufacture-puissance-trois\/#primaryimage\"},\"thumbnailUrl\":\"https:\/\/swissbaker.ch\/wp-content\/uploads\/2024\/04\/8_1_thurbeck_3.jpg\",\"articleSection\":[\"Boulangeries\/Confiseries\"],\"inLanguage\":\"fr-FR\"},{\"@type\":\"WebPage\",\"@id\":\"https:\/\/swissbaker.ch\/fr\/panissimo-news\/manufacture-puissance-trois\/\",\"url\":\"https:\/\/swissbaker.ch\/fr\/panissimo-news\/manufacture-puissance-trois\/\",\"name\":\"Manufacture puissance trois | SBC\",\"isPartOf\":{\"@id\":\"https:\/\/swissbaker.ch\/fr\/#website\"},\"primaryImageOfPage\":{\"@id\":\"https:\/\/swissbaker.ch\/fr\/panissimo-news\/manufacture-puissance-trois\/#primaryimage\"},\"image\":{\"@id\":\"https:\/\/swissbaker.ch\/fr\/panissimo-news\/manufacture-puissance-trois\/#primaryimage\"},\"thumbnailUrl\":\"https:\/\/swissbaker.ch\/wp-content\/uploads\/2024\/04\/8_1_thurbeck_3.jpg\",\"datePublished\":\"2024-04-18T06:39:33+00:00\",\"dateModified\":\"2024-04-18T06:40:58+00:00\",\"breadcrumb\":{\"@id\":\"https:\/\/swissbaker.ch\/fr\/panissimo-news\/manufacture-puissance-trois\/#breadcrumb\"},\"inLanguage\":\"fr-FR\",\"potentialAction\":[{\"@type\":\"ReadAction\",\"target\":[\"https:\/\/swissbaker.ch\/fr\/panissimo-news\/manufacture-puissance-trois\/\"]}]},{\"@type\":\"ImageObject\",\"inLanguage\":\"fr-FR\",\"@id\":\"https:\/\/swissbaker.ch\/fr\/panissimo-news\/manufacture-puissance-trois\/#primaryimage\",\"url\":\"https:\/\/swissbaker.ch\/wp-content\/uploads\/2024\/04\/8_1_thurbeck_3.jpg\",\"contentUrl\":\"https:\/\/swissbaker.ch\/wp-content\/uploads\/2024\/04\/8_1_thurbeck_3.jpg\",\"width\":1200,\"height\":712},{\"@type\":\"BreadcrumbList\",\"@id\":\"https:\/\/swissbaker.ch\/fr\/panissimo-news\/manufacture-puissance-trois\/#breadcrumb\",\"itemListElement\":[{\"@type\":\"ListItem\",\"position\":1,\"name\":\"\",\"item\":\"https:\/\/swissbaker.ch\/fr\/\"},{\"@type\":\"ListItem\",\"position\":2,\"name\":\"Boulangeries\/Confiseries\",\"item\":\"https:\/\/swissbaker.ch\/fr\/panissimo-news\/category\/boulangeries-confiseries\/\"},{\"@type\":\"ListItem\",\"position\":3,\"name\":\"Manufacture puissance trois\"}]},{\"@type\":\"WebSite\",\"@id\":\"https:\/\/swissbaker.ch\/fr\/#website\",\"url\":\"https:\/\/swissbaker.ch\/fr\/\",\"name\":\"SBC\",\"description\":\"\",\"publisher\":{\"@id\":\"https:\/\/swissbaker.ch\/fr\/#organization\"},\"potentialAction\":[{\"@type\":\"SearchAction\",\"target\":{\"@type\":\"EntryPoint\",\"urlTemplate\":\"https:\/\/swissbaker.ch\/fr\/?s={search_term_string}\"},\"query-input\":{\"@type\":\"PropertyValueSpecification\",\"valueRequired\":true,\"valueName\":\"search_term_string\"}}],\"inLanguage\":\"fr-FR\"},{\"@type\":\"Organization\",\"@id\":\"https:\/\/swissbaker.ch\/fr\/#organization\",\"name\":\"Schweizerischer B\u00e4cker-Confiseurmeister-Verband\",\"url\":\"https:\/\/swissbaker.ch\/fr\/\",\"logo\":{\"@type\":\"ImageObject\",\"inLanguage\":\"fr-FR\",\"@id\":\"https:\/\/swissbaker.ch\/fr\/#\/schema\/logo\/image\/\",\"url\":\"https:\/\/swissbaker.ch\/wp-content\/uploads\/2022\/04\/sbc-logo-yoast.jpg\",\"contentUrl\":\"https:\/\/swissbaker.ch\/wp-content\/uploads\/2022\/04\/sbc-logo-yoast.jpg\",\"width\":512,\"height\":512,\"caption\":\"Schweizerischer B\u00e4cker-Confiseurmeister-Verband\"},\"image\":{\"@id\":\"https:\/\/swissbaker.ch\/fr\/#\/schema\/logo\/image\/\"},\"sameAs\":[\"https:\/\/www.facebook.com\/swissbaker.ch\",\"https:\/\/x.com\/ch_swissbaker\"]},{\"@type\":\"Person\",\"@id\":\"https:\/\/swissbaker.ch\/fr\/#\/schema\/person\/74bd327b08c18ca6042c02ff6f0ed5e2\",\"name\":\"Simon Nussbaum\",\"image\":{\"@type\":\"ImageObject\",\"inLanguage\":\"fr-FR\",\"@id\":\"https:\/\/swissbaker.ch\/fr\/#\/schema\/person\/image\/\",\"url\":\"https:\/\/secure.gravatar.com\/avatar\/df0eced3bb556c806cb760cf503ade1ed1df25b4104d80d6fd28d93a9509aa12?s=96&d=mm&r=g\",\"contentUrl\":\"https:\/\/secure.gravatar.com\/avatar\/df0eced3bb556c806cb760cf503ade1ed1df25b4104d80d6fd28d93a9509aa12?s=96&d=mm&r=g\",\"caption\":\"Simon Nussbaum\"},\"url\":\"https:\/\/swissbaker.ch\/fr\/panissimo-news\/author\/simon-nussbaum\/\"}]}<\/script>\n<!-- \/ Yoast SEO Premium plugin. -->","yoast_head_json":{"title":"Manufacture puissance trois | SBC","robots":{"index":"index","follow":"follow","max-snippet":"max-snippet:-1","max-image-preview":"max-image-preview:large","max-video-preview":"max-video-preview:-1"},"canonical":"https:\/\/swissbaker.ch\/fr\/panissimo-news\/manufacture-puissance-trois\/","og_locale":"fr_FR","og_type":"article","og_title":"Manufacture puissance trois","og_description":"La boulangerie Thurbeck \u00e0 Wattwil (SG) a march\u00e9 sur les traces de son ma\u00eetre d'apprentissage il y a onze ans. Le nouveau propri\u00e9taire Roger Wichser et sa femme Rahel ont fait de cette exploitation une entreprise polyvalente qui a \u00e9largi son horizon bien au-del\u00e0 de sa passion pour le bon pain.","og_url":"https:\/\/swissbaker.ch\/fr\/panissimo-news\/manufacture-puissance-trois\/","og_site_name":"SBC","article_publisher":"https:\/\/www.facebook.com\/swissbaker.ch","article_published_time":"2024-04-18T06:39:33+00:00","article_modified_time":"2024-04-18T06:40:58+00:00","og_image":[{"width":1200,"height":712,"url":"https:\/\/swissbaker.ch\/wp-content\/uploads\/2024\/04\/8_1_thurbeck_3.jpg","type":"image\/jpeg"}],"author":"Simon Nussbaum","twitter_card":"summary_large_image","twitter_creator":"@ch_swissbaker","twitter_site":"@ch_swissbaker","twitter_misc":{"Written by":"Simon Nussbaum","Est. reading time":"2 minutes"},"schema":{"@context":"https:\/\/schema.org","@graph":[{"@type":"Article","@id":"https:\/\/swissbaker.ch\/fr\/panissimo-news\/manufacture-puissance-trois\/#article","isPartOf":{"@id":"https:\/\/swissbaker.ch\/fr\/panissimo-news\/manufacture-puissance-trois\/"},"author":{"name":"Simon Nussbaum","@id":"https:\/\/swissbaker.ch\/fr\/#\/schema\/person\/74bd327b08c18ca6042c02ff6f0ed5e2"},"headline":"Manufacture puissance trois","datePublished":"2024-04-18T06:39:33+00:00","dateModified":"2024-04-18T06:40:58+00:00","mainEntityOfPage":{"@id":"https:\/\/swissbaker.ch\/fr\/panissimo-news\/manufacture-puissance-trois\/"},"wordCount":418,"publisher":{"@id":"https:\/\/swissbaker.ch\/fr\/#organization"},"image":{"@id":"https:\/\/swissbaker.ch\/fr\/panissimo-news\/manufacture-puissance-trois\/#primaryimage"},"thumbnailUrl":"https:\/\/swissbaker.ch\/wp-content\/uploads\/2024\/04\/8_1_thurbeck_3.jpg","articleSection":["Boulangeries\/Confiseries"],"inLanguage":"fr-FR"},{"@type":"WebPage","@id":"https:\/\/swissbaker.ch\/fr\/panissimo-news\/manufacture-puissance-trois\/","url":"https:\/\/swissbaker.ch\/fr\/panissimo-news\/manufacture-puissance-trois\/","name":"Manufacture puissance trois | SBC","isPartOf":{"@id":"https:\/\/swissbaker.ch\/fr\/#website"},"primaryImageOfPage":{"@id":"https:\/\/swissbaker.ch\/fr\/panissimo-news\/manufacture-puissance-trois\/#primaryimage"},"image":{"@id":"https:\/\/swissbaker.ch\/fr\/panissimo-news\/manufacture-puissance-trois\/#primaryimage"},"thumbnailUrl":"https:\/\/swissbaker.ch\/wp-content\/uploads\/2024\/04\/8_1_thurbeck_3.jpg","datePublished":"2024-04-18T06:39:33+00:00","dateModified":"2024-04-18T06:40:58+00:00","breadcrumb":{"@id":"https:\/\/swissbaker.ch\/fr\/panissimo-news\/manufacture-puissance-trois\/#breadcrumb"},"inLanguage":"fr-FR","potentialAction":[{"@type":"ReadAction","target":["https:\/\/swissbaker.ch\/fr\/panissimo-news\/manufacture-puissance-trois\/"]}]},{"@type":"ImageObject","inLanguage":"fr-FR","@id":"https:\/\/swissbaker.ch\/fr\/panissimo-news\/manufacture-puissance-trois\/#primaryimage","url":"https:\/\/swissbaker.ch\/wp-content\/uploads\/2024\/04\/8_1_thurbeck_3.jpg","contentUrl":"https:\/\/swissbaker.ch\/wp-content\/uploads\/2024\/04\/8_1_thurbeck_3.jpg","width":1200,"height":712},{"@type":"BreadcrumbList","@id":"https:\/\/swissbaker.ch\/fr\/panissimo-news\/manufacture-puissance-trois\/#breadcrumb","itemListElement":[{"@type":"ListItem","position":1,"name":"","item":"https:\/\/swissbaker.ch\/fr\/"},{"@type":"ListItem","position":2,"name":"Boulangeries\/Confiseries","item":"https:\/\/swissbaker.ch\/fr\/panissimo-news\/category\/boulangeries-confiseries\/"},{"@type":"ListItem","position":3,"name":"Manufacture puissance trois"}]},{"@type":"WebSite","@id":"https:\/\/swissbaker.ch\/fr\/#website","url":"https:\/\/swissbaker.ch\/fr\/","name":"SBC","description":"","publisher":{"@id":"https:\/\/swissbaker.ch\/fr\/#organization"},"potentialAction":[{"@type":"SearchAction","target":{"@type":"EntryPoint","urlTemplate":"https:\/\/swissbaker.ch\/fr\/?s={search_term_string}"},"query-input":{"@type":"PropertyValueSpecification","valueRequired":true,"valueName":"search_term_string"}}],"inLanguage":"fr-FR"},{"@type":"Organization","@id":"https:\/\/swissbaker.ch\/fr\/#organization","name":"Schweizerischer B\u00e4cker-Confiseurmeister-Verband","url":"https:\/\/swissbaker.ch\/fr\/","logo":{"@type":"ImageObject","inLanguage":"fr-FR","@id":"https:\/\/swissbaker.ch\/fr\/#\/schema\/logo\/image\/","url":"https:\/\/swissbaker.ch\/wp-content\/uploads\/2022\/04\/sbc-logo-yoast.jpg","contentUrl":"https:\/\/swissbaker.ch\/wp-content\/uploads\/2022\/04\/sbc-logo-yoast.jpg","width":512,"height":512,"caption":"Schweizerischer B\u00e4cker-Confiseurmeister-Verband"},"image":{"@id":"https:\/\/swissbaker.ch\/fr\/#\/schema\/logo\/image\/"},"sameAs":["https:\/\/www.facebook.com\/swissbaker.ch","https:\/\/x.com\/ch_swissbaker"]},{"@type":"Person","@id":"https:\/\/swissbaker.ch\/fr\/#\/schema\/person\/74bd327b08c18ca6042c02ff6f0ed5e2","name":"Simon Nussbaum","image":{"@type":"ImageObject","inLanguage":"fr-FR","@id":"https:\/\/swissbaker.ch\/fr\/#\/schema\/person\/image\/","url":"https:\/\/secure.gravatar.com\/avatar\/df0eced3bb556c806cb760cf503ade1ed1df25b4104d80d6fd28d93a9509aa12?s=96&d=mm&r=g","contentUrl":"https:\/\/secure.gravatar.com\/avatar\/df0eced3bb556c806cb760cf503ade1ed1df25b4104d80d6fd28d93a9509aa12?s=96&d=mm&r=g","caption":"Simon Nussbaum"},"url":"https:\/\/swissbaker.ch\/fr\/panissimo-news\/author\/simon-nussbaum\/"}]}},"_links":{"self":[{"href":"https:\/\/swissbaker.ch\/fr\/wp-json\/wp\/v2\/posts\/77517","targetHints":{"allow":["GET"]}}],"collection":[{"href":"https:\/\/swissbaker.ch\/fr\/wp-json\/wp\/v2\/posts"}],"about":[{"href":"https:\/\/swissbaker.ch\/fr\/wp-json\/wp\/v2\/types\/post"}],"author":[{"embeddable":true,"href":"https:\/\/swissbaker.ch\/fr\/wp-json\/wp\/v2\/users\/5"}],"replies":[{"embeddable":true,"href":"https:\/\/swissbaker.ch\/fr\/wp-json\/wp\/v2\/comments?post=77517"}],"version-history":[{"count":0,"href":"https:\/\/swissbaker.ch\/fr\/wp-json\/wp\/v2\/posts\/77517\/revisions"}],"wp:featuredmedia":[{"embeddable":true,"href":"https:\/\/swissbaker.ch\/fr\/wp-json\/wp\/v2\/media\/77513"}],"wp:attachment":[{"href":"https:\/\/swissbaker.ch\/fr\/wp-json\/wp\/v2\/media?parent=77517"}],"wp:term":[{"taxonomy":"category","embeddable":true,"href":"https:\/\/swissbaker.ch\/fr\/wp-json\/wp\/v2\/categories?post=77517"},{"taxonomy":"post_tag","embeddable":true,"href":"https:\/\/swissbaker.ch\/fr\/wp-json\/wp\/v2\/tags?post=77517"}],"curies":[{"name":"wp","href":"https:\/\/api.w.org\/{rel}","templated":true}]}}