{"id":77434,"date":"2024-04-11T12:11:38","date_gmt":"2024-04-11T10:11:38","guid":{"rendered":"https:\/\/swissbaker.ch\/?p=77434"},"modified":"2024-04-11T12:11:40","modified_gmt":"2024-04-11T10:11:40","slug":"la-pique-du-chevalier-leche-vitrine","status":"publish","type":"post","link":"https:\/\/swissbaker.ch\/fr\/panissimo-news\/la-pique-du-chevalier-leche-vitrine\/","title":{"rendered":"La pique du chevalier : L\u00e8che-vitrine\u2009!"},"content":{"rendered":"\n<p>Action favorable aux yeux et ouverture de l\u2019esprit pour une d\u00e9marche d\u2019achat. Ce r\u00e9sum\u00e9 simpliste est pourtant un des axes de l\u2019acte d\u2019achat et pour susciter ce dernier de la part de la vendeuse ou du vendeur. Attirer le chaland n\u2019est pas anodin et ne s\u2019apparente pas \u00e0 attraper des mouches avec du vinaigre. Mais pour que le l\u00e8che-vitrine soit mis au rang de motivateur d\u2019achat, faut-il d\u00e9j\u00e0 que la vitrine soit attrayante de par sa composition, ce qui y est pr\u00e9sent\u00e9 et mis en valeur. C\u2019est l\u00e0 qu\u2019interviennent les qualit\u00e9s des personnes charg\u00e9es de la d\u00e9coration ou de la pr\u00e9sentation.<\/p>\n\n\n\n<p>Trop souvent les vitrines sont banales voire insignifiantes malheureusement ou ternes. Les gens de la production font des merveilleux produits de qualit\u00e9 et la mise en avant de tout ceci n\u2019est pas au rendez-vous de ce qui doit susciter l\u2019acte d\u2019achat et celui de vente qui est la tache du personnel d\u00e9volu. S\u2019inspirer de ce qui se fait ailleurs y compris dans la grande concurrence n\u2019est pas du plagiat mais de savoir prendre le meilleur en d\u2019autres lieux. Le l\u00e8che-vitrine accomplit son \u0153uvre quand pour attirer cela, il est jou\u00e9 sur les th\u00e8mes des saisons, leurs produits sp\u00e9cifiques et les \u00e9v\u00e9nements divers qui se passent dans une collectivit\u00e9 et les f\u00eates d\u00e9di\u00e9es.<\/p>\n\n\n\n<p>N\u2019oubliez pas de faire des vitrines attractives lorsque vous voulez marquer un anniversaire commercial ou lors d\u2019une reprise de commerce. Lors de vos vacances apprenez \u00e0 voler avec vos yeux toutes les id\u00e9es de vitrines qui vous marquent chez-nous ou \u00e0 l\u2019\u00e9tranger. N\u2019h\u00e9sitez pas \u00e0 provoquer \u00e0 ouvrir l\u2019esprit et le c\u0153ur de vos clients pour les mener m\u00eame \u00e0 un achat compulsif. Et surtout n\u2019oubliez pas le trio gagnant \u00ab\u2009Produits de qualit\u00e9, pr\u00e9sentation optimale et connaissance de ces derniers et de leur composition\u2009\u00bb et pour le reste vous savez que l\u2019accueil, la pr\u00e9sentation du personnel c\u2019est la cerise sur le g\u00e2teau.<\/p>\n\n\n\n<p>Alors, amenez les clients pas seulement \u00e0 faire du l\u00e8che-vitrine, mais \u00e0 pousser la porte de vos commerces et y revenir. Bons succ\u00e8s \u00e0 vous\u2009!<\/p>\n\n\n\n<p>Bernard Pignat, Chevalier d\u2019honneur de la Confr\u00e9rie valaisanne des chevaliers du bon pain<\/p>\n","protected":false},"excerpt":{"rendered":"<p>Action favorable aux yeux et ouverture de l\u2019esprit pour une d\u00e9marche d\u2019achat. Ce r\u00e9sum\u00e9 simpliste est pourtant un des axes de l\u2019acte d\u2019achat et pour susciter ce dernier de la part de la vendeuse ou du vendeur. Attirer le chaland n\u2019est pas anodin et ne s\u2019apparente pas \u00e0 attraper des mouches avec du vinaigre. Mais pour que le l\u00e8che-vitrine soit [&hellip;]<\/p>\n","protected":false},"author":14,"featured_media":7213,"comment_status":"closed","ping_status":"closed","sticky":false,"template":"","format":"standard","meta":{"_acf_changed":false,"footnotes":""},"categories":[39],"tags":[],"class_list":["post-77434","post","type-post","status-publish","format-standard","has-post-thumbnail","hentry","category-de-la-branche"],"acf":[],"yoast_head":"<!-- This site is optimized with the Yoast SEO Premium plugin v26.8 (Yoast SEO v26.8) - https:\/\/yoast.com\/product\/yoast-seo-premium-wordpress\/ -->\n<title>La pique du chevalier : L\u00e8che-vitrine\u2009! | SBC<\/title>\n<meta name=\"robots\" content=\"index, follow, max-snippet:-1, max-image-preview:large, max-video-preview:-1\" \/>\n<link rel=\"canonical\" href=\"https:\/\/swissbaker.ch\/fr\/panissimo-news\/la-pique-du-chevalier-leche-vitrine\/\" \/>\n<meta property=\"og:locale\" content=\"fr_FR\" \/>\n<meta property=\"og:type\" content=\"article\" \/>\n<meta property=\"og:title\" content=\"La pique du chevalier : L\u00e8che-vitrine\u2009!\" \/>\n<meta property=\"og:description\" content=\"Action favorable aux yeux et ouverture de l\u2019esprit pour une d\u00e9marche d\u2019achat. Ce r\u00e9sum\u00e9 simpliste est pourtant un des axes de l\u2019acte d\u2019achat et pour susciter ce dernier de la part de la vendeuse ou du vendeur. Attirer le chaland n\u2019est pas anodin et ne s\u2019apparente pas \u00e0 attraper des mouches avec du vinaigre. Mais pour que le l\u00e8che-vitrine soit [&hellip;]\" \/>\n<meta property=\"og:url\" content=\"https:\/\/swissbaker.ch\/fr\/panissimo-news\/la-pique-du-chevalier-leche-vitrine\/\" \/>\n<meta property=\"og:site_name\" content=\"SBC\" \/>\n<meta property=\"article:publisher\" content=\"https:\/\/www.facebook.com\/swissbaker.ch\" \/>\n<meta property=\"article:published_time\" content=\"2024-04-11T10:11:38+00:00\" \/>\n<meta property=\"article:modified_time\" content=\"2024-04-11T10:11:40+00:00\" \/>\n<meta property=\"og:image\" content=\"https:\/\/swissbaker.ch\/wp-content\/uploads\/2022\/04\/le_chevalier.jpeg\" \/>\n\t<meta property=\"og:image:width\" content=\"800\" \/>\n\t<meta property=\"og:image:height\" content=\"474\" \/>\n\t<meta property=\"og:image:type\" content=\"image\/jpeg\" \/>\n<meta name=\"author\" content=\"Franzisca Ellenberger\" \/>\n<meta name=\"twitter:card\" content=\"summary_large_image\" \/>\n<meta name=\"twitter:creator\" content=\"@ch_swissbaker\" \/>\n<meta name=\"twitter:site\" content=\"@ch_swissbaker\" \/>\n<meta name=\"twitter:label1\" content=\"Written by\" \/>\n\t<meta name=\"twitter:data1\" content=\"Franzisca Ellenberger\" \/>\n\t<meta name=\"twitter:label2\" content=\"Est. reading time\" \/>\n\t<meta name=\"twitter:data2\" content=\"2 minutes\" \/>\n<script type=\"application\/ld+json\" class=\"yoast-schema-graph\">{\"@context\":\"https:\/\/schema.org\",\"@graph\":[{\"@type\":\"Article\",\"@id\":\"https:\/\/swissbaker.ch\/fr\/panissimo-news\/la-pique-du-chevalier-leche-vitrine\/#article\",\"isPartOf\":{\"@id\":\"https:\/\/swissbaker.ch\/fr\/panissimo-news\/la-pique-du-chevalier-leche-vitrine\/\"},\"author\":{\"name\":\"Franzisca Ellenberger\",\"@id\":\"https:\/\/swissbaker.ch\/fr\/#\/schema\/person\/882cf7a0c343605a02113006afd3cf48\"},\"headline\":\"La pique du chevalier : L\u00e8che-vitrine\u2009!\",\"datePublished\":\"2024-04-11T10:11:38+00:00\",\"dateModified\":\"2024-04-11T10:11:40+00:00\",\"mainEntityOfPage\":{\"@id\":\"https:\/\/swissbaker.ch\/fr\/panissimo-news\/la-pique-du-chevalier-leche-vitrine\/\"},\"wordCount\":401,\"publisher\":{\"@id\":\"https:\/\/swissbaker.ch\/fr\/#organization\"},\"image\":{\"@id\":\"https:\/\/swissbaker.ch\/fr\/panissimo-news\/la-pique-du-chevalier-leche-vitrine\/#primaryimage\"},\"thumbnailUrl\":\"https:\/\/swissbaker.ch\/wp-content\/uploads\/2022\/04\/le_chevalier.jpeg\",\"articleSection\":[\"De la branche\"],\"inLanguage\":\"fr-FR\"},{\"@type\":\"WebPage\",\"@id\":\"https:\/\/swissbaker.ch\/fr\/panissimo-news\/la-pique-du-chevalier-leche-vitrine\/\",\"url\":\"https:\/\/swissbaker.ch\/fr\/panissimo-news\/la-pique-du-chevalier-leche-vitrine\/\",\"name\":\"La pique du chevalier : L\u00e8che-vitrine\u2009! | SBC\",\"isPartOf\":{\"@id\":\"https:\/\/swissbaker.ch\/fr\/#website\"},\"primaryImageOfPage\":{\"@id\":\"https:\/\/swissbaker.ch\/fr\/panissimo-news\/la-pique-du-chevalier-leche-vitrine\/#primaryimage\"},\"image\":{\"@id\":\"https:\/\/swissbaker.ch\/fr\/panissimo-news\/la-pique-du-chevalier-leche-vitrine\/#primaryimage\"},\"thumbnailUrl\":\"https:\/\/swissbaker.ch\/wp-content\/uploads\/2022\/04\/le_chevalier.jpeg\",\"datePublished\":\"2024-04-11T10:11:38+00:00\",\"dateModified\":\"2024-04-11T10:11:40+00:00\",\"breadcrumb\":{\"@id\":\"https:\/\/swissbaker.ch\/fr\/panissimo-news\/la-pique-du-chevalier-leche-vitrine\/#breadcrumb\"},\"inLanguage\":\"fr-FR\",\"potentialAction\":[{\"@type\":\"ReadAction\",\"target\":[\"https:\/\/swissbaker.ch\/fr\/panissimo-news\/la-pique-du-chevalier-leche-vitrine\/\"]}]},{\"@type\":\"ImageObject\",\"inLanguage\":\"fr-FR\",\"@id\":\"https:\/\/swissbaker.ch\/fr\/panissimo-news\/la-pique-du-chevalier-leche-vitrine\/#primaryimage\",\"url\":\"https:\/\/swissbaker.ch\/wp-content\/uploads\/2022\/04\/le_chevalier.jpeg\",\"contentUrl\":\"https:\/\/swissbaker.ch\/wp-content\/uploads\/2022\/04\/le_chevalier.jpeg\",\"width\":800,\"height\":474,\"caption\":\"Traction avant\u2026Ou quatre fois quatre !\"},{\"@type\":\"BreadcrumbList\",\"@id\":\"https:\/\/swissbaker.ch\/fr\/panissimo-news\/la-pique-du-chevalier-leche-vitrine\/#breadcrumb\",\"itemListElement\":[{\"@type\":\"ListItem\",\"position\":1,\"name\":\"\",\"item\":\"https:\/\/swissbaker.ch\/fr\/\"},{\"@type\":\"ListItem\",\"position\":2,\"name\":\"De la branche\",\"item\":\"https:\/\/swissbaker.ch\/fr\/panissimo-news\/category\/de-la-branche\/\"},{\"@type\":\"ListItem\",\"position\":3,\"name\":\"La pique du chevalier : L\u00e8che-vitrine\u2009!\"}]},{\"@type\":\"WebSite\",\"@id\":\"https:\/\/swissbaker.ch\/fr\/#website\",\"url\":\"https:\/\/swissbaker.ch\/fr\/\",\"name\":\"SBC\",\"description\":\"\",\"publisher\":{\"@id\":\"https:\/\/swissbaker.ch\/fr\/#organization\"},\"potentialAction\":[{\"@type\":\"SearchAction\",\"target\":{\"@type\":\"EntryPoint\",\"urlTemplate\":\"https:\/\/swissbaker.ch\/fr\/?s={search_term_string}\"},\"query-input\":{\"@type\":\"PropertyValueSpecification\",\"valueRequired\":true,\"valueName\":\"search_term_string\"}}],\"inLanguage\":\"fr-FR\"},{\"@type\":\"Organization\",\"@id\":\"https:\/\/swissbaker.ch\/fr\/#organization\",\"name\":\"Schweizerischer B\u00e4cker-Confiseurmeister-Verband\",\"url\":\"https:\/\/swissbaker.ch\/fr\/\",\"logo\":{\"@type\":\"ImageObject\",\"inLanguage\":\"fr-FR\",\"@id\":\"https:\/\/swissbaker.ch\/fr\/#\/schema\/logo\/image\/\",\"url\":\"https:\/\/swissbaker.ch\/wp-content\/uploads\/2022\/04\/sbc-logo-yoast.jpg\",\"contentUrl\":\"https:\/\/swissbaker.ch\/wp-content\/uploads\/2022\/04\/sbc-logo-yoast.jpg\",\"width\":512,\"height\":512,\"caption\":\"Schweizerischer B\u00e4cker-Confiseurmeister-Verband\"},\"image\":{\"@id\":\"https:\/\/swissbaker.ch\/fr\/#\/schema\/logo\/image\/\"},\"sameAs\":[\"https:\/\/www.facebook.com\/swissbaker.ch\",\"https:\/\/x.com\/ch_swissbaker\"]},{\"@type\":\"Person\",\"@id\":\"https:\/\/swissbaker.ch\/fr\/#\/schema\/person\/882cf7a0c343605a02113006afd3cf48\",\"name\":\"Franzisca Ellenberger\",\"image\":{\"@type\":\"ImageObject\",\"inLanguage\":\"fr-FR\",\"@id\":\"https:\/\/swissbaker.ch\/fr\/#\/schema\/person\/image\/\",\"url\":\"https:\/\/secure.gravatar.com\/avatar\/cfbbf5e1c965abf6a3e577fb088280ca678978f8d63bfc6ea7a2f0dca671ee5f?s=96&d=mm&r=g\",\"contentUrl\":\"https:\/\/secure.gravatar.com\/avatar\/cfbbf5e1c965abf6a3e577fb088280ca678978f8d63bfc6ea7a2f0dca671ee5f?s=96&d=mm&r=g\",\"caption\":\"Franzisca Ellenberger\"},\"url\":\"https:\/\/swissbaker.ch\/fr\/panissimo-news\/author\/franzisca-ellenberger\/\"}]}<\/script>\n<!-- \/ Yoast SEO Premium plugin. -->","yoast_head_json":{"title":"La pique du chevalier : L\u00e8che-vitrine\u2009! | SBC","robots":{"index":"index","follow":"follow","max-snippet":"max-snippet:-1","max-image-preview":"max-image-preview:large","max-video-preview":"max-video-preview:-1"},"canonical":"https:\/\/swissbaker.ch\/fr\/panissimo-news\/la-pique-du-chevalier-leche-vitrine\/","og_locale":"fr_FR","og_type":"article","og_title":"La pique du chevalier : L\u00e8che-vitrine\u2009!","og_description":"Action favorable aux yeux et ouverture de l\u2019esprit pour une d\u00e9marche d\u2019achat. Ce r\u00e9sum\u00e9 simpliste est pourtant un des axes de l\u2019acte d\u2019achat et pour susciter ce dernier de la part de la vendeuse ou du vendeur. Attirer le chaland n\u2019est pas anodin et ne s\u2019apparente pas \u00e0 attraper des mouches avec du vinaigre. Mais pour que le l\u00e8che-vitrine soit [&hellip;]","og_url":"https:\/\/swissbaker.ch\/fr\/panissimo-news\/la-pique-du-chevalier-leche-vitrine\/","og_site_name":"SBC","article_publisher":"https:\/\/www.facebook.com\/swissbaker.ch","article_published_time":"2024-04-11T10:11:38+00:00","article_modified_time":"2024-04-11T10:11:40+00:00","og_image":[{"width":800,"height":474,"url":"https:\/\/swissbaker.ch\/wp-content\/uploads\/2022\/04\/le_chevalier.jpeg","type":"image\/jpeg"}],"author":"Franzisca Ellenberger","twitter_card":"summary_large_image","twitter_creator":"@ch_swissbaker","twitter_site":"@ch_swissbaker","twitter_misc":{"Written by":"Franzisca Ellenberger","Est. reading time":"2 minutes"},"schema":{"@context":"https:\/\/schema.org","@graph":[{"@type":"Article","@id":"https:\/\/swissbaker.ch\/fr\/panissimo-news\/la-pique-du-chevalier-leche-vitrine\/#article","isPartOf":{"@id":"https:\/\/swissbaker.ch\/fr\/panissimo-news\/la-pique-du-chevalier-leche-vitrine\/"},"author":{"name":"Franzisca Ellenberger","@id":"https:\/\/swissbaker.ch\/fr\/#\/schema\/person\/882cf7a0c343605a02113006afd3cf48"},"headline":"La pique du chevalier : L\u00e8che-vitrine\u2009!","datePublished":"2024-04-11T10:11:38+00:00","dateModified":"2024-04-11T10:11:40+00:00","mainEntityOfPage":{"@id":"https:\/\/swissbaker.ch\/fr\/panissimo-news\/la-pique-du-chevalier-leche-vitrine\/"},"wordCount":401,"publisher":{"@id":"https:\/\/swissbaker.ch\/fr\/#organization"},"image":{"@id":"https:\/\/swissbaker.ch\/fr\/panissimo-news\/la-pique-du-chevalier-leche-vitrine\/#primaryimage"},"thumbnailUrl":"https:\/\/swissbaker.ch\/wp-content\/uploads\/2022\/04\/le_chevalier.jpeg","articleSection":["De la branche"],"inLanguage":"fr-FR"},{"@type":"WebPage","@id":"https:\/\/swissbaker.ch\/fr\/panissimo-news\/la-pique-du-chevalier-leche-vitrine\/","url":"https:\/\/swissbaker.ch\/fr\/panissimo-news\/la-pique-du-chevalier-leche-vitrine\/","name":"La pique du chevalier : L\u00e8che-vitrine\u2009! | SBC","isPartOf":{"@id":"https:\/\/swissbaker.ch\/fr\/#website"},"primaryImageOfPage":{"@id":"https:\/\/swissbaker.ch\/fr\/panissimo-news\/la-pique-du-chevalier-leche-vitrine\/#primaryimage"},"image":{"@id":"https:\/\/swissbaker.ch\/fr\/panissimo-news\/la-pique-du-chevalier-leche-vitrine\/#primaryimage"},"thumbnailUrl":"https:\/\/swissbaker.ch\/wp-content\/uploads\/2022\/04\/le_chevalier.jpeg","datePublished":"2024-04-11T10:11:38+00:00","dateModified":"2024-04-11T10:11:40+00:00","breadcrumb":{"@id":"https:\/\/swissbaker.ch\/fr\/panissimo-news\/la-pique-du-chevalier-leche-vitrine\/#breadcrumb"},"inLanguage":"fr-FR","potentialAction":[{"@type":"ReadAction","target":["https:\/\/swissbaker.ch\/fr\/panissimo-news\/la-pique-du-chevalier-leche-vitrine\/"]}]},{"@type":"ImageObject","inLanguage":"fr-FR","@id":"https:\/\/swissbaker.ch\/fr\/panissimo-news\/la-pique-du-chevalier-leche-vitrine\/#primaryimage","url":"https:\/\/swissbaker.ch\/wp-content\/uploads\/2022\/04\/le_chevalier.jpeg","contentUrl":"https:\/\/swissbaker.ch\/wp-content\/uploads\/2022\/04\/le_chevalier.jpeg","width":800,"height":474,"caption":"Traction avant\u2026Ou quatre fois quatre !"},{"@type":"BreadcrumbList","@id":"https:\/\/swissbaker.ch\/fr\/panissimo-news\/la-pique-du-chevalier-leche-vitrine\/#breadcrumb","itemListElement":[{"@type":"ListItem","position":1,"name":"","item":"https:\/\/swissbaker.ch\/fr\/"},{"@type":"ListItem","position":2,"name":"De la branche","item":"https:\/\/swissbaker.ch\/fr\/panissimo-news\/category\/de-la-branche\/"},{"@type":"ListItem","position":3,"name":"La pique du chevalier : L\u00e8che-vitrine\u2009!"}]},{"@type":"WebSite","@id":"https:\/\/swissbaker.ch\/fr\/#website","url":"https:\/\/swissbaker.ch\/fr\/","name":"SBC","description":"","publisher":{"@id":"https:\/\/swissbaker.ch\/fr\/#organization"},"potentialAction":[{"@type":"SearchAction","target":{"@type":"EntryPoint","urlTemplate":"https:\/\/swissbaker.ch\/fr\/?s={search_term_string}"},"query-input":{"@type":"PropertyValueSpecification","valueRequired":true,"valueName":"search_term_string"}}],"inLanguage":"fr-FR"},{"@type":"Organization","@id":"https:\/\/swissbaker.ch\/fr\/#organization","name":"Schweizerischer B\u00e4cker-Confiseurmeister-Verband","url":"https:\/\/swissbaker.ch\/fr\/","logo":{"@type":"ImageObject","inLanguage":"fr-FR","@id":"https:\/\/swissbaker.ch\/fr\/#\/schema\/logo\/image\/","url":"https:\/\/swissbaker.ch\/wp-content\/uploads\/2022\/04\/sbc-logo-yoast.jpg","contentUrl":"https:\/\/swissbaker.ch\/wp-content\/uploads\/2022\/04\/sbc-logo-yoast.jpg","width":512,"height":512,"caption":"Schweizerischer B\u00e4cker-Confiseurmeister-Verband"},"image":{"@id":"https:\/\/swissbaker.ch\/fr\/#\/schema\/logo\/image\/"},"sameAs":["https:\/\/www.facebook.com\/swissbaker.ch","https:\/\/x.com\/ch_swissbaker"]},{"@type":"Person","@id":"https:\/\/swissbaker.ch\/fr\/#\/schema\/person\/882cf7a0c343605a02113006afd3cf48","name":"Franzisca Ellenberger","image":{"@type":"ImageObject","inLanguage":"fr-FR","@id":"https:\/\/swissbaker.ch\/fr\/#\/schema\/person\/image\/","url":"https:\/\/secure.gravatar.com\/avatar\/cfbbf5e1c965abf6a3e577fb088280ca678978f8d63bfc6ea7a2f0dca671ee5f?s=96&d=mm&r=g","contentUrl":"https:\/\/secure.gravatar.com\/avatar\/cfbbf5e1c965abf6a3e577fb088280ca678978f8d63bfc6ea7a2f0dca671ee5f?s=96&d=mm&r=g","caption":"Franzisca Ellenberger"},"url":"https:\/\/swissbaker.ch\/fr\/panissimo-news\/author\/franzisca-ellenberger\/"}]}},"_links":{"self":[{"href":"https:\/\/swissbaker.ch\/fr\/wp-json\/wp\/v2\/posts\/77434","targetHints":{"allow":["GET"]}}],"collection":[{"href":"https:\/\/swissbaker.ch\/fr\/wp-json\/wp\/v2\/posts"}],"about":[{"href":"https:\/\/swissbaker.ch\/fr\/wp-json\/wp\/v2\/types\/post"}],"author":[{"embeddable":true,"href":"https:\/\/swissbaker.ch\/fr\/wp-json\/wp\/v2\/users\/14"}],"replies":[{"embeddable":true,"href":"https:\/\/swissbaker.ch\/fr\/wp-json\/wp\/v2\/comments?post=77434"}],"version-history":[{"count":0,"href":"https:\/\/swissbaker.ch\/fr\/wp-json\/wp\/v2\/posts\/77434\/revisions"}],"wp:featuredmedia":[{"embeddable":true,"href":"https:\/\/swissbaker.ch\/fr\/wp-json\/wp\/v2\/media\/7213"}],"wp:attachment":[{"href":"https:\/\/swissbaker.ch\/fr\/wp-json\/wp\/v2\/media?parent=77434"}],"wp:term":[{"taxonomy":"category","embeddable":true,"href":"https:\/\/swissbaker.ch\/fr\/wp-json\/wp\/v2\/categories?post=77434"},{"taxonomy":"post_tag","embeddable":true,"href":"https:\/\/swissbaker.ch\/fr\/wp-json\/wp\/v2\/tags?post=77434"}],"curies":[{"name":"wp","href":"https:\/\/api.w.org\/{rel}","templated":true}]}}