{"id":77230,"date":"2024-04-04T09:11:22","date_gmt":"2024-04-04T07:11:22","guid":{"rendered":"https:\/\/swissbaker.ch\/?p=77230"},"modified":"2024-04-04T10:49:22","modified_gmt":"2024-04-04T08:49:22","slug":"course-aux-oeufs-gourmande-et-cuchturelle","status":"publish","type":"post","link":"https:\/\/swissbaker.ch\/fr\/panissimo-news\/course-aux-oeufs-gourmande-et-cuchturelle\/","title":{"rendered":"Course aux \u0153ufs gourmande et cuchturelle"},"content":{"rendered":"\n<p><strong>En ce lundi de P\u00e2ques, l\u2019\u00e9cole de spectacle de Benjamin Cuche \u00e0 Vevey (VD) a accueilli une cinquantaine d\u2019enfants et de parents, pour sa traditionnelle course aux \u0153ufs annuelle. Une excellente occasion pour l\u2019Ambassadeur du pain et du chocolat de rev\u00eatir sa blouse de boulanger-confiseur, dont il n\u2019est pas peu fier, pour jouer les ma\u00eetres de c\u00e9r\u00e9monie.<\/strong><\/p>\n\n\n\n<p>Les petits lapins et \u0153ufs gourmands de la Maison Buet \u00e0 Lausanne n\u2019ont pas mis beaucoup de temps \u00e0 se faire d\u00e9busquer. Les deux lapins g\u00e9ants ont quant \u00e0 eux \u00e9t\u00e9 remport\u00e9s par tirage au sort, \u00e0 la suite d\u2019un concours de dessin haut en couleur\u2009! <\/p>\n\n\n<div class=\"wp-block-image\">\n<figure class=\"aligncenter size-large\"><img decoding=\"async\" width=\"1024\" height=\"608\" src=\"https:\/\/swissbaker.ch\/wp-content\/uploads\/2024\/04\/7_1_cuche_enfants_lapins-1024x608.jpg\" alt=\"\" class=\"wp-image-77231\" srcset=\"https:\/\/swissbaker.ch\/wp-content\/uploads\/2024\/04\/7_1_cuche_enfants_lapins-1024x608.jpg 1024w, https:\/\/swissbaker.ch\/wp-content\/uploads\/2024\/04\/7_1_cuche_enfants_lapins-768x456.jpg 768w, https:\/\/swissbaker.ch\/wp-content\/uploads\/2024\/04\/7_1_cuche_enfants_lapins.jpg 1200w\" sizes=\"(max-width: 1024px) 100vw, 1024px\" \/><figcaption class=\"wp-element-caption\"><em>Les jeunes gagnants des deux lapins g\u00e9ants,<br>en compagnie de Benjamin Cuche.<\/em><\/figcaption><\/figure>\n<\/div>\n\n\n<p>Les participants ont grandement appr\u00e9ci\u00e9 la haute qualit\u00e9 des gourmandises faites maison. Avec un plaisir non dissimul\u00e9, l\u2019\u00e9quipe de Lafabrik Cuchturelle a d\u00e9gust\u00e9 les quelques \u0153ufs restants, qui \u00e9taient un peu trop bien cach\u00e9s\u2026 Elle remercie d\u2019ailleurs les Artisans boulangers-p\u00e2tissiers-confiseurs vaudois et la Maison Buet pour leur collaboration Il lui tarde d\u2019organiser la prochaine \u00e9dition\u2009: \u00ab\u2009L\u2019amusement de cacher ces petits tr\u00e9sors \u00e9gale sans aucun doute le plaisir des enfants \u00e0 les trouver\u2009\u00bb.<\/p>\n\n\n\n<p class=\"has-text-align-right\"><em>L\u00e9a Schweizer<\/em><\/p>\n","protected":false},"excerpt":{"rendered":"<p>En ce lundi de P\u00e2ques, l\u2019\u00e9cole de spectacle de Benjamin Cuche \u00e0 Vevey (VD) a accueilli une cinquantaine d\u2019enfants et de parents, pour sa traditionnelle course aux \u0153ufs annuelle. Une excellente occasion pour l\u2019Ambassadeur du pain et du chocolat de rev\u00eatir sa blouse de boulanger-confiseur, dont il n\u2019est pas peu fier, pour jouer les ma\u00eetres de c\u00e9r\u00e9monie.<\/p>\n","protected":false},"author":5,"featured_media":77231,"comment_status":"closed","ping_status":"closed","sticky":false,"template":"","format":"standard","meta":{"_acf_changed":false,"footnotes":""},"categories":[40],"tags":[316,314,315],"class_list":["post-77230","post","type-post","status-publish","format-standard","has-post-thumbnail","hentry","category-des-cantons","tag-ambassadeurs-de-pain-et-de-chocolat","tag-benjamin-cuche","tag-cuche-et-barbezat"],"acf":[],"yoast_head":"<!-- This site is optimized with the Yoast SEO Premium plugin v26.8 (Yoast SEO v26.8) - https:\/\/yoast.com\/product\/yoast-seo-premium-wordpress\/ -->\n<title>Course aux \u0153ufs gourmande et cuchturelle | SBC<\/title>\n<meta name=\"robots\" content=\"index, follow, max-snippet:-1, max-image-preview:large, max-video-preview:-1\" \/>\n<link rel=\"canonical\" href=\"https:\/\/swissbaker.ch\/fr\/panissimo-news\/course-aux-oeufs-gourmande-et-cuchturelle\/\" \/>\n<meta property=\"og:locale\" content=\"fr_FR\" \/>\n<meta property=\"og:type\" content=\"article\" \/>\n<meta property=\"og:title\" content=\"Course aux \u0153ufs gourmande et cuchturelle\" \/>\n<meta property=\"og:description\" content=\"En ce lundi de P\u00e2ques, l\u2019\u00e9cole de spectacle de Benjamin Cuche \u00e0 Vevey (VD) a accueilli une cinquantaine d\u2019enfants et de parents, pour sa traditionnelle course aux \u0153ufs annuelle. Une excellente occasion pour l\u2019Ambassadeur du pain et du chocolat de rev\u00eatir sa blouse de boulanger-confiseur, dont il n\u2019est pas peu fier, pour jouer les ma\u00eetres de c\u00e9r\u00e9monie.\" \/>\n<meta property=\"og:url\" content=\"https:\/\/swissbaker.ch\/fr\/panissimo-news\/course-aux-oeufs-gourmande-et-cuchturelle\/\" \/>\n<meta property=\"og:site_name\" content=\"SBC\" \/>\n<meta property=\"article:publisher\" content=\"https:\/\/www.facebook.com\/swissbaker.ch\" \/>\n<meta property=\"article:published_time\" content=\"2024-04-04T07:11:22+00:00\" \/>\n<meta property=\"article:modified_time\" content=\"2024-04-04T08:49:22+00:00\" \/>\n<meta property=\"og:image\" content=\"https:\/\/swissbaker.ch\/wp-content\/uploads\/2024\/04\/7_1_cuche_enfants_lapins.jpg\" \/>\n\t<meta property=\"og:image:width\" content=\"1200\" \/>\n\t<meta property=\"og:image:height\" content=\"712\" \/>\n\t<meta property=\"og:image:type\" content=\"image\/jpeg\" \/>\n<meta name=\"author\" content=\"Simon Nussbaum\" \/>\n<meta name=\"twitter:card\" content=\"summary_large_image\" \/>\n<meta name=\"twitter:creator\" content=\"@ch_swissbaker\" \/>\n<meta name=\"twitter:site\" content=\"@ch_swissbaker\" \/>\n<meta name=\"twitter:label1\" content=\"Written by\" \/>\n\t<meta name=\"twitter:data1\" content=\"Simon Nussbaum\" \/>\n\t<meta name=\"twitter:label2\" content=\"Est. reading time\" \/>\n\t<meta name=\"twitter:data2\" content=\"1 minute\" \/>\n<script type=\"application\/ld+json\" class=\"yoast-schema-graph\">{\"@context\":\"https:\/\/schema.org\",\"@graph\":[{\"@type\":\"Article\",\"@id\":\"https:\/\/swissbaker.ch\/fr\/panissimo-news\/course-aux-oeufs-gourmande-et-cuchturelle\/#article\",\"isPartOf\":{\"@id\":\"https:\/\/swissbaker.ch\/fr\/panissimo-news\/course-aux-oeufs-gourmande-et-cuchturelle\/\"},\"author\":{\"name\":\"Simon Nussbaum\",\"@id\":\"https:\/\/swissbaker.ch\/fr\/#\/schema\/person\/74bd327b08c18ca6042c02ff6f0ed5e2\"},\"headline\":\"Course aux \u0153ufs gourmande et cuchturelle\",\"datePublished\":\"2024-04-04T07:11:22+00:00\",\"dateModified\":\"2024-04-04T08:49:22+00:00\",\"mainEntityOfPage\":{\"@id\":\"https:\/\/swissbaker.ch\/fr\/panissimo-news\/course-aux-oeufs-gourmande-et-cuchturelle\/\"},\"wordCount\":214,\"publisher\":{\"@id\":\"https:\/\/swissbaker.ch\/fr\/#organization\"},\"image\":{\"@id\":\"https:\/\/swissbaker.ch\/fr\/panissimo-news\/course-aux-oeufs-gourmande-et-cuchturelle\/#primaryimage\"},\"thumbnailUrl\":\"https:\/\/swissbaker.ch\/wp-content\/uploads\/2024\/04\/7_1_cuche_enfants_lapins.jpg\",\"keywords\":[\"Ambassadeurs de pain et de chocolat\",\"Benjamin Cuche\",\"Cuche et Barbezat\"],\"articleSection\":[\"Des cantons\"],\"inLanguage\":\"fr-FR\"},{\"@type\":\"WebPage\",\"@id\":\"https:\/\/swissbaker.ch\/fr\/panissimo-news\/course-aux-oeufs-gourmande-et-cuchturelle\/\",\"url\":\"https:\/\/swissbaker.ch\/fr\/panissimo-news\/course-aux-oeufs-gourmande-et-cuchturelle\/\",\"name\":\"Course aux \u0153ufs gourmande et cuchturelle | SBC\",\"isPartOf\":{\"@id\":\"https:\/\/swissbaker.ch\/fr\/#website\"},\"primaryImageOfPage\":{\"@id\":\"https:\/\/swissbaker.ch\/fr\/panissimo-news\/course-aux-oeufs-gourmande-et-cuchturelle\/#primaryimage\"},\"image\":{\"@id\":\"https:\/\/swissbaker.ch\/fr\/panissimo-news\/course-aux-oeufs-gourmande-et-cuchturelle\/#primaryimage\"},\"thumbnailUrl\":\"https:\/\/swissbaker.ch\/wp-content\/uploads\/2024\/04\/7_1_cuche_enfants_lapins.jpg\",\"datePublished\":\"2024-04-04T07:11:22+00:00\",\"dateModified\":\"2024-04-04T08:49:22+00:00\",\"breadcrumb\":{\"@id\":\"https:\/\/swissbaker.ch\/fr\/panissimo-news\/course-aux-oeufs-gourmande-et-cuchturelle\/#breadcrumb\"},\"inLanguage\":\"fr-FR\",\"potentialAction\":[{\"@type\":\"ReadAction\",\"target\":[\"https:\/\/swissbaker.ch\/fr\/panissimo-news\/course-aux-oeufs-gourmande-et-cuchturelle\/\"]}]},{\"@type\":\"ImageObject\",\"inLanguage\":\"fr-FR\",\"@id\":\"https:\/\/swissbaker.ch\/fr\/panissimo-news\/course-aux-oeufs-gourmande-et-cuchturelle\/#primaryimage\",\"url\":\"https:\/\/swissbaker.ch\/wp-content\/uploads\/2024\/04\/7_1_cuche_enfants_lapins.jpg\",\"contentUrl\":\"https:\/\/swissbaker.ch\/wp-content\/uploads\/2024\/04\/7_1_cuche_enfants_lapins.jpg\",\"width\":1200,\"height\":712},{\"@type\":\"BreadcrumbList\",\"@id\":\"https:\/\/swissbaker.ch\/fr\/panissimo-news\/course-aux-oeufs-gourmande-et-cuchturelle\/#breadcrumb\",\"itemListElement\":[{\"@type\":\"ListItem\",\"position\":1,\"name\":\"\",\"item\":\"https:\/\/swissbaker.ch\/fr\/\"},{\"@type\":\"ListItem\",\"position\":2,\"name\":\"Des cantons\",\"item\":\"https:\/\/swissbaker.ch\/fr\/panissimo-news\/category\/des-cantons\/\"},{\"@type\":\"ListItem\",\"position\":3,\"name\":\"Course aux \u0153ufs gourmande et cuchturelle\"}]},{\"@type\":\"WebSite\",\"@id\":\"https:\/\/swissbaker.ch\/fr\/#website\",\"url\":\"https:\/\/swissbaker.ch\/fr\/\",\"name\":\"SBC\",\"description\":\"\",\"publisher\":{\"@id\":\"https:\/\/swissbaker.ch\/fr\/#organization\"},\"potentialAction\":[{\"@type\":\"SearchAction\",\"target\":{\"@type\":\"EntryPoint\",\"urlTemplate\":\"https:\/\/swissbaker.ch\/fr\/?s={search_term_string}\"},\"query-input\":{\"@type\":\"PropertyValueSpecification\",\"valueRequired\":true,\"valueName\":\"search_term_string\"}}],\"inLanguage\":\"fr-FR\"},{\"@type\":\"Organization\",\"@id\":\"https:\/\/swissbaker.ch\/fr\/#organization\",\"name\":\"Schweizerischer B\u00e4cker-Confiseurmeister-Verband\",\"url\":\"https:\/\/swissbaker.ch\/fr\/\",\"logo\":{\"@type\":\"ImageObject\",\"inLanguage\":\"fr-FR\",\"@id\":\"https:\/\/swissbaker.ch\/fr\/#\/schema\/logo\/image\/\",\"url\":\"https:\/\/swissbaker.ch\/wp-content\/uploads\/2022\/04\/sbc-logo-yoast.jpg\",\"contentUrl\":\"https:\/\/swissbaker.ch\/wp-content\/uploads\/2022\/04\/sbc-logo-yoast.jpg\",\"width\":512,\"height\":512,\"caption\":\"Schweizerischer B\u00e4cker-Confiseurmeister-Verband\"},\"image\":{\"@id\":\"https:\/\/swissbaker.ch\/fr\/#\/schema\/logo\/image\/\"},\"sameAs\":[\"https:\/\/www.facebook.com\/swissbaker.ch\",\"https:\/\/x.com\/ch_swissbaker\"]},{\"@type\":\"Person\",\"@id\":\"https:\/\/swissbaker.ch\/fr\/#\/schema\/person\/74bd327b08c18ca6042c02ff6f0ed5e2\",\"name\":\"Simon Nussbaum\",\"image\":{\"@type\":\"ImageObject\",\"inLanguage\":\"fr-FR\",\"@id\":\"https:\/\/swissbaker.ch\/fr\/#\/schema\/person\/image\/\",\"url\":\"https:\/\/secure.gravatar.com\/avatar\/df0eced3bb556c806cb760cf503ade1ed1df25b4104d80d6fd28d93a9509aa12?s=96&d=mm&r=g\",\"contentUrl\":\"https:\/\/secure.gravatar.com\/avatar\/df0eced3bb556c806cb760cf503ade1ed1df25b4104d80d6fd28d93a9509aa12?s=96&d=mm&r=g\",\"caption\":\"Simon Nussbaum\"},\"url\":\"https:\/\/swissbaker.ch\/fr\/panissimo-news\/author\/simon-nussbaum\/\"}]}<\/script>\n<!-- \/ Yoast SEO Premium plugin. -->","yoast_head_json":{"title":"Course aux \u0153ufs gourmande et cuchturelle | SBC","robots":{"index":"index","follow":"follow","max-snippet":"max-snippet:-1","max-image-preview":"max-image-preview:large","max-video-preview":"max-video-preview:-1"},"canonical":"https:\/\/swissbaker.ch\/fr\/panissimo-news\/course-aux-oeufs-gourmande-et-cuchturelle\/","og_locale":"fr_FR","og_type":"article","og_title":"Course aux \u0153ufs gourmande et cuchturelle","og_description":"En ce lundi de P\u00e2ques, l\u2019\u00e9cole de spectacle de Benjamin Cuche \u00e0 Vevey (VD) a accueilli une cinquantaine d\u2019enfants et de parents, pour sa traditionnelle course aux \u0153ufs annuelle. Une excellente occasion pour l\u2019Ambassadeur du pain et du chocolat de rev\u00eatir sa blouse de boulanger-confiseur, dont il n\u2019est pas peu fier, pour jouer les ma\u00eetres de c\u00e9r\u00e9monie.","og_url":"https:\/\/swissbaker.ch\/fr\/panissimo-news\/course-aux-oeufs-gourmande-et-cuchturelle\/","og_site_name":"SBC","article_publisher":"https:\/\/www.facebook.com\/swissbaker.ch","article_published_time":"2024-04-04T07:11:22+00:00","article_modified_time":"2024-04-04T08:49:22+00:00","og_image":[{"width":1200,"height":712,"url":"https:\/\/swissbaker.ch\/wp-content\/uploads\/2024\/04\/7_1_cuche_enfants_lapins.jpg","type":"image\/jpeg"}],"author":"Simon Nussbaum","twitter_card":"summary_large_image","twitter_creator":"@ch_swissbaker","twitter_site":"@ch_swissbaker","twitter_misc":{"Written by":"Simon Nussbaum","Est. reading time":"1 minute"},"schema":{"@context":"https:\/\/schema.org","@graph":[{"@type":"Article","@id":"https:\/\/swissbaker.ch\/fr\/panissimo-news\/course-aux-oeufs-gourmande-et-cuchturelle\/#article","isPartOf":{"@id":"https:\/\/swissbaker.ch\/fr\/panissimo-news\/course-aux-oeufs-gourmande-et-cuchturelle\/"},"author":{"name":"Simon Nussbaum","@id":"https:\/\/swissbaker.ch\/fr\/#\/schema\/person\/74bd327b08c18ca6042c02ff6f0ed5e2"},"headline":"Course aux \u0153ufs gourmande et cuchturelle","datePublished":"2024-04-04T07:11:22+00:00","dateModified":"2024-04-04T08:49:22+00:00","mainEntityOfPage":{"@id":"https:\/\/swissbaker.ch\/fr\/panissimo-news\/course-aux-oeufs-gourmande-et-cuchturelle\/"},"wordCount":214,"publisher":{"@id":"https:\/\/swissbaker.ch\/fr\/#organization"},"image":{"@id":"https:\/\/swissbaker.ch\/fr\/panissimo-news\/course-aux-oeufs-gourmande-et-cuchturelle\/#primaryimage"},"thumbnailUrl":"https:\/\/swissbaker.ch\/wp-content\/uploads\/2024\/04\/7_1_cuche_enfants_lapins.jpg","keywords":["Ambassadeurs de pain et de chocolat","Benjamin Cuche","Cuche et Barbezat"],"articleSection":["Des cantons"],"inLanguage":"fr-FR"},{"@type":"WebPage","@id":"https:\/\/swissbaker.ch\/fr\/panissimo-news\/course-aux-oeufs-gourmande-et-cuchturelle\/","url":"https:\/\/swissbaker.ch\/fr\/panissimo-news\/course-aux-oeufs-gourmande-et-cuchturelle\/","name":"Course aux \u0153ufs gourmande et cuchturelle | SBC","isPartOf":{"@id":"https:\/\/swissbaker.ch\/fr\/#website"},"primaryImageOfPage":{"@id":"https:\/\/swissbaker.ch\/fr\/panissimo-news\/course-aux-oeufs-gourmande-et-cuchturelle\/#primaryimage"},"image":{"@id":"https:\/\/swissbaker.ch\/fr\/panissimo-news\/course-aux-oeufs-gourmande-et-cuchturelle\/#primaryimage"},"thumbnailUrl":"https:\/\/swissbaker.ch\/wp-content\/uploads\/2024\/04\/7_1_cuche_enfants_lapins.jpg","datePublished":"2024-04-04T07:11:22+00:00","dateModified":"2024-04-04T08:49:22+00:00","breadcrumb":{"@id":"https:\/\/swissbaker.ch\/fr\/panissimo-news\/course-aux-oeufs-gourmande-et-cuchturelle\/#breadcrumb"},"inLanguage":"fr-FR","potentialAction":[{"@type":"ReadAction","target":["https:\/\/swissbaker.ch\/fr\/panissimo-news\/course-aux-oeufs-gourmande-et-cuchturelle\/"]}]},{"@type":"ImageObject","inLanguage":"fr-FR","@id":"https:\/\/swissbaker.ch\/fr\/panissimo-news\/course-aux-oeufs-gourmande-et-cuchturelle\/#primaryimage","url":"https:\/\/swissbaker.ch\/wp-content\/uploads\/2024\/04\/7_1_cuche_enfants_lapins.jpg","contentUrl":"https:\/\/swissbaker.ch\/wp-content\/uploads\/2024\/04\/7_1_cuche_enfants_lapins.jpg","width":1200,"height":712},{"@type":"BreadcrumbList","@id":"https:\/\/swissbaker.ch\/fr\/panissimo-news\/course-aux-oeufs-gourmande-et-cuchturelle\/#breadcrumb","itemListElement":[{"@type":"ListItem","position":1,"name":"","item":"https:\/\/swissbaker.ch\/fr\/"},{"@type":"ListItem","position":2,"name":"Des cantons","item":"https:\/\/swissbaker.ch\/fr\/panissimo-news\/category\/des-cantons\/"},{"@type":"ListItem","position":3,"name":"Course aux \u0153ufs gourmande et cuchturelle"}]},{"@type":"WebSite","@id":"https:\/\/swissbaker.ch\/fr\/#website","url":"https:\/\/swissbaker.ch\/fr\/","name":"SBC","description":"","publisher":{"@id":"https:\/\/swissbaker.ch\/fr\/#organization"},"potentialAction":[{"@type":"SearchAction","target":{"@type":"EntryPoint","urlTemplate":"https:\/\/swissbaker.ch\/fr\/?s={search_term_string}"},"query-input":{"@type":"PropertyValueSpecification","valueRequired":true,"valueName":"search_term_string"}}],"inLanguage":"fr-FR"},{"@type":"Organization","@id":"https:\/\/swissbaker.ch\/fr\/#organization","name":"Schweizerischer B\u00e4cker-Confiseurmeister-Verband","url":"https:\/\/swissbaker.ch\/fr\/","logo":{"@type":"ImageObject","inLanguage":"fr-FR","@id":"https:\/\/swissbaker.ch\/fr\/#\/schema\/logo\/image\/","url":"https:\/\/swissbaker.ch\/wp-content\/uploads\/2022\/04\/sbc-logo-yoast.jpg","contentUrl":"https:\/\/swissbaker.ch\/wp-content\/uploads\/2022\/04\/sbc-logo-yoast.jpg","width":512,"height":512,"caption":"Schweizerischer B\u00e4cker-Confiseurmeister-Verband"},"image":{"@id":"https:\/\/swissbaker.ch\/fr\/#\/schema\/logo\/image\/"},"sameAs":["https:\/\/www.facebook.com\/swissbaker.ch","https:\/\/x.com\/ch_swissbaker"]},{"@type":"Person","@id":"https:\/\/swissbaker.ch\/fr\/#\/schema\/person\/74bd327b08c18ca6042c02ff6f0ed5e2","name":"Simon Nussbaum","image":{"@type":"ImageObject","inLanguage":"fr-FR","@id":"https:\/\/swissbaker.ch\/fr\/#\/schema\/person\/image\/","url":"https:\/\/secure.gravatar.com\/avatar\/df0eced3bb556c806cb760cf503ade1ed1df25b4104d80d6fd28d93a9509aa12?s=96&d=mm&r=g","contentUrl":"https:\/\/secure.gravatar.com\/avatar\/df0eced3bb556c806cb760cf503ade1ed1df25b4104d80d6fd28d93a9509aa12?s=96&d=mm&r=g","caption":"Simon Nussbaum"},"url":"https:\/\/swissbaker.ch\/fr\/panissimo-news\/author\/simon-nussbaum\/"}]}},"_links":{"self":[{"href":"https:\/\/swissbaker.ch\/fr\/wp-json\/wp\/v2\/posts\/77230","targetHints":{"allow":["GET"]}}],"collection":[{"href":"https:\/\/swissbaker.ch\/fr\/wp-json\/wp\/v2\/posts"}],"about":[{"href":"https:\/\/swissbaker.ch\/fr\/wp-json\/wp\/v2\/types\/post"}],"author":[{"embeddable":true,"href":"https:\/\/swissbaker.ch\/fr\/wp-json\/wp\/v2\/users\/5"}],"replies":[{"embeddable":true,"href":"https:\/\/swissbaker.ch\/fr\/wp-json\/wp\/v2\/comments?post=77230"}],"version-history":[{"count":0,"href":"https:\/\/swissbaker.ch\/fr\/wp-json\/wp\/v2\/posts\/77230\/revisions"}],"wp:featuredmedia":[{"embeddable":true,"href":"https:\/\/swissbaker.ch\/fr\/wp-json\/wp\/v2\/media\/77231"}],"wp:attachment":[{"href":"https:\/\/swissbaker.ch\/fr\/wp-json\/wp\/v2\/media?parent=77230"}],"wp:term":[{"taxonomy":"category","embeddable":true,"href":"https:\/\/swissbaker.ch\/fr\/wp-json\/wp\/v2\/categories?post=77230"},{"taxonomy":"post_tag","embeddable":true,"href":"https:\/\/swissbaker.ch\/fr\/wp-json\/wp\/v2\/tags?post=77230"}],"curies":[{"name":"wp","href":"https:\/\/api.w.org\/{rel}","templated":true}]}}