{"id":77015,"date":"2024-03-25T15:55:23","date_gmt":"2024-03-25T14:55:23","guid":{"rendered":"https:\/\/swissbaker.ch\/?p=77015"},"modified":"2024-03-25T16:01:15","modified_gmt":"2024-03-25T15:01:15","slug":"session-de-printemps-du-parlement-federal","status":"publish","type":"post","link":"https:\/\/swissbaker.ch\/fr\/panissimo-news\/session-de-printemps-du-parlement-federal\/","title":{"rendered":"Session de printemps du Parlement f\u00e9d\u00e9ral"},"content":{"rendered":"\n<p><strong>Les Chambres f\u00e9d\u00e9rales ont approuv\u00e9 le 15\u202fmars en votations finales les quatorze objets mis sous toit lors de la session de printemps. Le Parlement a notamment adopt\u00e9 la loi f\u00e9d\u00e9rale sur la r\u00e9duction des \u00e9missions de CO\u2082, la loi f\u00e9d\u00e9rale sur le dossier \u00e9lectronique du patient (financement transitoire), l\u2019arr\u00eat\u00e9 f\u00e9d\u00e9ral relatif \u00e0 la modification des \u00e9tapes d\u2019am\u00e9nagement de l\u2019infrastructure ferroviaire et la loi f\u00e9d\u00e9rale sur les r\u00e9sidences secondaires.<\/strong><\/p>\n\n\n\n<p><strong>Ci-apr\u00e8s l\u2019essentiel de la session de printemps pour notre secteur.<\/strong><\/p>\n\n\n\n<h3 class=\"wp-block-heading\" id=\"h-nutri-score\">Nutri-Score<\/h3>\n\n\n\n<p>Les effets n\u00e9gatifs du Nutri-Score doivent \u00eatre \u00e9vit\u00e9s. Le Conseil national a transmis une motion du Conseil des Etats demandant au Conseil f\u00e9d\u00e9ral d\u2019adopter les bases l\u00e9gales n\u00e9cessaires. La BCS est favorable au projet, notamment pour \u00e9viter une obligation.<\/p>\n\n\n\n<h3 class=\"wp-block-heading\" id=\"h-loi-sur-le-co2\">Loi sur le CO2<\/h3>\n\n\n\n<p>Les Chambres f\u00e9d\u00e9rales ont mis sous toit la loi sur le CO2 r\u00e9vis\u00e9e au dernier moment\u2009: c\u2019est seulement en conf\u00e9rence de conciliation qu\u2019elles ont d\u00e9cid\u00e9 de supprimer un encouragement controvers\u00e9 des stations de charge pour voitures \u00e9lectriques dans les immeubles d\u2019habitation. Le Parlement a adopt\u00e9, \u00e0 la deuxi\u00e8me tentative, un projet solide qui mise sur les incitations plut\u00f4t que sur les interdictions. Quant aux objectifs de r\u00e9duction \u00e0 r\u00e9aliser en Suisse, ils seront fix\u00e9s, \u00e0 juste titre, par le Conseil f\u00e9d\u00e9ral et non inscrits de mani\u00e8re rigide dans la loi.<\/p>\n\n\n\n<h3 class=\"wp-block-heading\" id=\"h-conge-jeunesse\">Cong\u00e9 jeunesse<\/h3>\n\n\n\n<p>Le Parlement souhaite doubler la dur\u00e9e du cong\u00e9 jeunesse, qui permet aux travailleurs de moins de trente ans de prendre une semaine de cong\u00e9 non pay\u00e9 pour faire du b\u00e9n\u00e9volat. Le Conseil des Etats a suivi le Conseil national et demande au Conseil f\u00e9d\u00e9ral d\u2019\u00e9laborer un projet en ce sens.<\/p>\n\n\n\n<h3 class=\"wp-block-heading\" id=\"h-commerces-de-proximite\">Commerces de proximit\u00e9<\/h3>\n\n\n\n<p>Les commerces de proximit\u00e9 dans les zones p\u00e9riurbaines devraient pouvoir ouvrir le dimanche. Cette ouverture concernerait les magasins d\u2019une petite taille dont l\u2019assortiment est celui d\u2019une \u00e9picerie. Il est admis aujourd\u2019hui qu\u2019un certain nombre de commerces sont ouverts les dimanches et que les consommateurs peuvent s\u2019approvisionner facilement dans les gares, les stations-service, les a\u00e9roports et dans les r\u00e9gions touristiques. Le National a adopt\u00e9 une motion de Philippe Nantermod (PLR\/VS) en ce sens. Le Conseil des Etats doit encore se prononcer.<\/p>\n\n\n\n<h3 class=\"wp-block-heading\" id=\"h-revision-de-la-loi-sur-les-douanes\">R\u00e9vision de la loi sur les douanes<\/h3>\n\n\n\n<p>Lors de l\u2019examen d\u00e9taill\u00e9 de la r\u00e9vision de la loi sur les douanes, le Conseil national a remport\u00e9 de premiers succ\u00e8s dans un projet \u00ab\u2009monstre\u2009\u00bb\u2009: il a pris des d\u00e9cisions importantes pour l\u2019\u00e9conomie sur la simplification des processus douaniers, les entrep\u00f4ts douaniers, l\u2019analyse des risques ainsi que la solution rempla\u00e7ant la loi \u00ab\u2009chocolati\u00e8re\u2009\u00bb. Le projet doit maintenant passer devant le Conseil des \u00c9tats.<\/p>\n\n\n\n<h3 class=\"wp-block-heading\" id=\"h-production-d-amidon\">Production d\u2019amidon<\/h3>\n\n\n\n<p>Le Conseil national ne veut pas revenir \u00e0 la pratique de longue date concernant l\u2019importation de bl\u00e9 tendre destin\u00e9 \u00e0 la production d\u2019amidon. Lors de l\u2019examen de la loi sur les douanes, il s\u2019est prononc\u00e9 contre une modification de la loi qui aurait cr\u00e9\u00e9 une base l\u00e9gale \u00e0 cet effet. Le Conseil des Etats peut encore corriger cela.<\/p>\n\n\n\n<h3 class=\"wp-block-heading\" id=\"h-tourisme-d-achat\">Tourisme d\u2019achat<\/h3>\n\n\n\n<p>Le National a rejet\u00e9 une proposition minoritaire de sa commission de l\u2019\u00e9conomie. Les commissaires proposaient que la franchise de 300\u202ffrancs ne s\u2019applique qu\u2019aux personnes qui n\u2019auraient pas demand\u00e9 \u00e0 r\u00e9cup\u00e9rer la TVA pay\u00e9e \u00e0 l\u2019\u00e9tranger. Malgr\u00e9 ce refus, la question d\u2019un abaissement de la franchise risque fort de revenir sur la table. En effet, trois interventions parlementaires sur le sujet sont encore en suspens.<\/p>\n\n\n\n<h3 class=\"wp-block-heading\" id=\"h-caisses-de-compensation-pour-allocations-familiales\">Caisses de compensation pour allocations familiales<\/h3>\n\n\n\n<p>Les cantons sont appel\u00e9s \u00e0 introduire une compensation int\u00e9grale des charges pour le financement des allocations familiales des salari\u00e9s et des ind\u00e9pendants. Le projet a \u00e9t\u00e9 adopt\u00e9 lors du vote final.<\/p>\n\n\n\n<h3 class=\"wp-block-heading\" id=\"h-commissions-d-interchange\">Commissions d\u2019interchange<\/h3>\n\n\n\n<p>Les commissions d\u2019interchange pour les op\u00e9rations de paiement des cartes de d\u00e9bit devraient \u00eatre supprim\u00e9es. Le Conseil national a adopt\u00e9 deux interventions demandant leur interdiction. Le Conseil des Etats doit maintenant se pencher sur la question. <\/p>\n\n\n\n<p class=\"has-text-align-right\"><em>Urs Wellauer-Boschung, directeur de la BCS<\/em><\/p>\n","protected":false},"excerpt":{"rendered":"<p>Les Chambres f\u00e9d\u00e9rales ont approuv\u00e9 le 15\u202fmars en votations finales les quatorze objets mis sous toit lors de la session de printemps. Le Parlement a notamment adopt\u00e9 la loi f\u00e9d\u00e9rale sur la r\u00e9duction des \u00e9missions de CO\u2082, la loi f\u00e9d\u00e9rale sur le dossier \u00e9lectronique du patient (financement transitoire), l\u2019arr\u00eat\u00e9 f\u00e9d\u00e9ral relatif \u00e0 la modification des \u00e9tapes d\u2019am\u00e9nagement de l\u2019infrastructure ferroviaire et la loi f\u00e9d\u00e9rale sur les r\u00e9sidences secondaires.<\/p>\n","protected":false},"author":5,"featured_media":77013,"comment_status":"closed","ping_status":"closed","sticky":false,"template":"","format":"standard","meta":{"_acf_changed":false,"footnotes":""},"categories":[44],"tags":[],"class_list":["post-77015","post","type-post","status-publish","format-standard","has-post-thumbnail","hentry","category-droit-politique"],"acf":[],"yoast_head":"<!-- This site is optimized with the Yoast SEO Premium plugin v26.8 (Yoast SEO v26.8) - https:\/\/yoast.com\/product\/yoast-seo-premium-wordpress\/ -->\n<title>Session de printemps du Parlement f\u00e9d\u00e9ral | SBC<\/title>\n<meta name=\"robots\" content=\"index, follow, max-snippet:-1, max-image-preview:large, max-video-preview:-1\" \/>\n<link rel=\"canonical\" href=\"https:\/\/swissbaker.ch\/fr\/panissimo-news\/session-de-printemps-du-parlement-federal\/\" \/>\n<meta property=\"og:locale\" content=\"fr_FR\" \/>\n<meta property=\"og:type\" content=\"article\" \/>\n<meta property=\"og:title\" content=\"Session de printemps du Parlement f\u00e9d\u00e9ral\" \/>\n<meta property=\"og:description\" content=\"Les Chambres f\u00e9d\u00e9rales ont approuv\u00e9 le 15\u202fmars en votations finales les quatorze objets mis sous toit lors de la session de printemps. Le Parlement a notamment adopt\u00e9 la loi f\u00e9d\u00e9rale sur la r\u00e9duction des \u00e9missions de CO\u2082, la loi f\u00e9d\u00e9rale sur le dossier \u00e9lectronique du patient (financement transitoire), l\u2019arr\u00eat\u00e9 f\u00e9d\u00e9ral relatif \u00e0 la modification des \u00e9tapes d\u2019am\u00e9nagement de l\u2019infrastructure ferroviaire et la loi f\u00e9d\u00e9rale sur les r\u00e9sidences secondaires.\" \/>\n<meta property=\"og:url\" content=\"https:\/\/swissbaker.ch\/fr\/panissimo-news\/session-de-printemps-du-parlement-federal\/\" \/>\n<meta property=\"og:site_name\" content=\"SBC\" \/>\n<meta property=\"article:publisher\" content=\"https:\/\/www.facebook.com\/swissbaker.ch\" \/>\n<meta property=\"article:published_time\" content=\"2024-03-25T14:55:23+00:00\" \/>\n<meta property=\"article:modified_time\" content=\"2024-03-25T15:01:15+00:00\" \/>\n<meta property=\"og:image\" content=\"https:\/\/swissbaker.ch\/wp-content\/uploads\/2024\/03\/urs_wellauer_2024.jpg\" \/>\n\t<meta property=\"og:image:width\" content=\"1200\" \/>\n\t<meta property=\"og:image:height\" content=\"712\" \/>\n\t<meta property=\"og:image:type\" content=\"image\/jpeg\" \/>\n<meta name=\"author\" content=\"Simon Nussbaum\" \/>\n<meta name=\"twitter:card\" content=\"summary_large_image\" \/>\n<meta name=\"twitter:creator\" content=\"@ch_swissbaker\" \/>\n<meta name=\"twitter:site\" content=\"@ch_swissbaker\" \/>\n<meta name=\"twitter:label1\" content=\"Written by\" \/>\n\t<meta name=\"twitter:data1\" content=\"Simon Nussbaum\" \/>\n\t<meta name=\"twitter:label2\" content=\"Est. reading time\" \/>\n\t<meta name=\"twitter:data2\" content=\"4 minutes\" \/>\n<script type=\"application\/ld+json\" class=\"yoast-schema-graph\">{\"@context\":\"https:\/\/schema.org\",\"@graph\":[{\"@type\":\"Article\",\"@id\":\"https:\/\/swissbaker.ch\/fr\/panissimo-news\/session-de-printemps-du-parlement-federal\/#article\",\"isPartOf\":{\"@id\":\"https:\/\/swissbaker.ch\/fr\/panissimo-news\/session-de-printemps-du-parlement-federal\/\"},\"author\":{\"name\":\"Simon Nussbaum\",\"@id\":\"https:\/\/swissbaker.ch\/fr\/#\/schema\/person\/74bd327b08c18ca6042c02ff6f0ed5e2\"},\"headline\":\"Session de printemps du Parlement f\u00e9d\u00e9ral\",\"datePublished\":\"2024-03-25T14:55:23+00:00\",\"dateModified\":\"2024-03-25T15:01:15+00:00\",\"mainEntityOfPage\":{\"@id\":\"https:\/\/swissbaker.ch\/fr\/panissimo-news\/session-de-printemps-du-parlement-federal\/\"},\"wordCount\":717,\"publisher\":{\"@id\":\"https:\/\/swissbaker.ch\/fr\/#organization\"},\"image\":{\"@id\":\"https:\/\/swissbaker.ch\/fr\/panissimo-news\/session-de-printemps-du-parlement-federal\/#primaryimage\"},\"thumbnailUrl\":\"https:\/\/swissbaker.ch\/wp-content\/uploads\/2024\/03\/urs_wellauer_2024.jpg\",\"articleSection\":[\"Droit &amp; politique\"],\"inLanguage\":\"fr-FR\"},{\"@type\":\"WebPage\",\"@id\":\"https:\/\/swissbaker.ch\/fr\/panissimo-news\/session-de-printemps-du-parlement-federal\/\",\"url\":\"https:\/\/swissbaker.ch\/fr\/panissimo-news\/session-de-printemps-du-parlement-federal\/\",\"name\":\"Session de printemps du Parlement f\u00e9d\u00e9ral | SBC\",\"isPartOf\":{\"@id\":\"https:\/\/swissbaker.ch\/fr\/#website\"},\"primaryImageOfPage\":{\"@id\":\"https:\/\/swissbaker.ch\/fr\/panissimo-news\/session-de-printemps-du-parlement-federal\/#primaryimage\"},\"image\":{\"@id\":\"https:\/\/swissbaker.ch\/fr\/panissimo-news\/session-de-printemps-du-parlement-federal\/#primaryimage\"},\"thumbnailUrl\":\"https:\/\/swissbaker.ch\/wp-content\/uploads\/2024\/03\/urs_wellauer_2024.jpg\",\"datePublished\":\"2024-03-25T14:55:23+00:00\",\"dateModified\":\"2024-03-25T15:01:15+00:00\",\"breadcrumb\":{\"@id\":\"https:\/\/swissbaker.ch\/fr\/panissimo-news\/session-de-printemps-du-parlement-federal\/#breadcrumb\"},\"inLanguage\":\"fr-FR\",\"potentialAction\":[{\"@type\":\"ReadAction\",\"target\":[\"https:\/\/swissbaker.ch\/fr\/panissimo-news\/session-de-printemps-du-parlement-federal\/\"]}]},{\"@type\":\"ImageObject\",\"inLanguage\":\"fr-FR\",\"@id\":\"https:\/\/swissbaker.ch\/fr\/panissimo-news\/session-de-printemps-du-parlement-federal\/#primaryimage\",\"url\":\"https:\/\/swissbaker.ch\/wp-content\/uploads\/2024\/03\/urs_wellauer_2024.jpg\",\"contentUrl\":\"https:\/\/swissbaker.ch\/wp-content\/uploads\/2024\/03\/urs_wellauer_2024.jpg\",\"width\":1200,\"height\":712},{\"@type\":\"BreadcrumbList\",\"@id\":\"https:\/\/swissbaker.ch\/fr\/panissimo-news\/session-de-printemps-du-parlement-federal\/#breadcrumb\",\"itemListElement\":[{\"@type\":\"ListItem\",\"position\":1,\"name\":\"\",\"item\":\"https:\/\/swissbaker.ch\/fr\/\"},{\"@type\":\"ListItem\",\"position\":2,\"name\":\"Droit &amp; politique\",\"item\":\"https:\/\/swissbaker.ch\/fr\/panissimo-news\/category\/droit-politique\/\"},{\"@type\":\"ListItem\",\"position\":3,\"name\":\"Session de printemps du Parlement f\u00e9d\u00e9ral\"}]},{\"@type\":\"WebSite\",\"@id\":\"https:\/\/swissbaker.ch\/fr\/#website\",\"url\":\"https:\/\/swissbaker.ch\/fr\/\",\"name\":\"SBC\",\"description\":\"\",\"publisher\":{\"@id\":\"https:\/\/swissbaker.ch\/fr\/#organization\"},\"potentialAction\":[{\"@type\":\"SearchAction\",\"target\":{\"@type\":\"EntryPoint\",\"urlTemplate\":\"https:\/\/swissbaker.ch\/fr\/?s={search_term_string}\"},\"query-input\":{\"@type\":\"PropertyValueSpecification\",\"valueRequired\":true,\"valueName\":\"search_term_string\"}}],\"inLanguage\":\"fr-FR\"},{\"@type\":\"Organization\",\"@id\":\"https:\/\/swissbaker.ch\/fr\/#organization\",\"name\":\"Schweizerischer B\u00e4cker-Confiseurmeister-Verband\",\"url\":\"https:\/\/swissbaker.ch\/fr\/\",\"logo\":{\"@type\":\"ImageObject\",\"inLanguage\":\"fr-FR\",\"@id\":\"https:\/\/swissbaker.ch\/fr\/#\/schema\/logo\/image\/\",\"url\":\"https:\/\/swissbaker.ch\/wp-content\/uploads\/2022\/04\/sbc-logo-yoast.jpg\",\"contentUrl\":\"https:\/\/swissbaker.ch\/wp-content\/uploads\/2022\/04\/sbc-logo-yoast.jpg\",\"width\":512,\"height\":512,\"caption\":\"Schweizerischer B\u00e4cker-Confiseurmeister-Verband\"},\"image\":{\"@id\":\"https:\/\/swissbaker.ch\/fr\/#\/schema\/logo\/image\/\"},\"sameAs\":[\"https:\/\/www.facebook.com\/swissbaker.ch\",\"https:\/\/x.com\/ch_swissbaker\"]},{\"@type\":\"Person\",\"@id\":\"https:\/\/swissbaker.ch\/fr\/#\/schema\/person\/74bd327b08c18ca6042c02ff6f0ed5e2\",\"name\":\"Simon Nussbaum\",\"image\":{\"@type\":\"ImageObject\",\"inLanguage\":\"fr-FR\",\"@id\":\"https:\/\/swissbaker.ch\/fr\/#\/schema\/person\/image\/\",\"url\":\"https:\/\/secure.gravatar.com\/avatar\/df0eced3bb556c806cb760cf503ade1ed1df25b4104d80d6fd28d93a9509aa12?s=96&d=mm&r=g\",\"contentUrl\":\"https:\/\/secure.gravatar.com\/avatar\/df0eced3bb556c806cb760cf503ade1ed1df25b4104d80d6fd28d93a9509aa12?s=96&d=mm&r=g\",\"caption\":\"Simon Nussbaum\"},\"url\":\"https:\/\/swissbaker.ch\/fr\/panissimo-news\/author\/simon-nussbaum\/\"}]}<\/script>\n<!-- \/ Yoast SEO Premium plugin. -->","yoast_head_json":{"title":"Session de printemps du Parlement f\u00e9d\u00e9ral | SBC","robots":{"index":"index","follow":"follow","max-snippet":"max-snippet:-1","max-image-preview":"max-image-preview:large","max-video-preview":"max-video-preview:-1"},"canonical":"https:\/\/swissbaker.ch\/fr\/panissimo-news\/session-de-printemps-du-parlement-federal\/","og_locale":"fr_FR","og_type":"article","og_title":"Session de printemps du Parlement f\u00e9d\u00e9ral","og_description":"Les Chambres f\u00e9d\u00e9rales ont approuv\u00e9 le 15\u202fmars en votations finales les quatorze objets mis sous toit lors de la session de printemps. Le Parlement a notamment adopt\u00e9 la loi f\u00e9d\u00e9rale sur la r\u00e9duction des \u00e9missions de CO\u2082, la loi f\u00e9d\u00e9rale sur le dossier \u00e9lectronique du patient (financement transitoire), l\u2019arr\u00eat\u00e9 f\u00e9d\u00e9ral relatif \u00e0 la modification des \u00e9tapes d\u2019am\u00e9nagement de l\u2019infrastructure ferroviaire et la loi f\u00e9d\u00e9rale sur les r\u00e9sidences secondaires.","og_url":"https:\/\/swissbaker.ch\/fr\/panissimo-news\/session-de-printemps-du-parlement-federal\/","og_site_name":"SBC","article_publisher":"https:\/\/www.facebook.com\/swissbaker.ch","article_published_time":"2024-03-25T14:55:23+00:00","article_modified_time":"2024-03-25T15:01:15+00:00","og_image":[{"width":1200,"height":712,"url":"https:\/\/swissbaker.ch\/wp-content\/uploads\/2024\/03\/urs_wellauer_2024.jpg","type":"image\/jpeg"}],"author":"Simon Nussbaum","twitter_card":"summary_large_image","twitter_creator":"@ch_swissbaker","twitter_site":"@ch_swissbaker","twitter_misc":{"Written by":"Simon Nussbaum","Est. reading time":"4 minutes"},"schema":{"@context":"https:\/\/schema.org","@graph":[{"@type":"Article","@id":"https:\/\/swissbaker.ch\/fr\/panissimo-news\/session-de-printemps-du-parlement-federal\/#article","isPartOf":{"@id":"https:\/\/swissbaker.ch\/fr\/panissimo-news\/session-de-printemps-du-parlement-federal\/"},"author":{"name":"Simon Nussbaum","@id":"https:\/\/swissbaker.ch\/fr\/#\/schema\/person\/74bd327b08c18ca6042c02ff6f0ed5e2"},"headline":"Session de printemps du Parlement f\u00e9d\u00e9ral","datePublished":"2024-03-25T14:55:23+00:00","dateModified":"2024-03-25T15:01:15+00:00","mainEntityOfPage":{"@id":"https:\/\/swissbaker.ch\/fr\/panissimo-news\/session-de-printemps-du-parlement-federal\/"},"wordCount":717,"publisher":{"@id":"https:\/\/swissbaker.ch\/fr\/#organization"},"image":{"@id":"https:\/\/swissbaker.ch\/fr\/panissimo-news\/session-de-printemps-du-parlement-federal\/#primaryimage"},"thumbnailUrl":"https:\/\/swissbaker.ch\/wp-content\/uploads\/2024\/03\/urs_wellauer_2024.jpg","articleSection":["Droit &amp; politique"],"inLanguage":"fr-FR"},{"@type":"WebPage","@id":"https:\/\/swissbaker.ch\/fr\/panissimo-news\/session-de-printemps-du-parlement-federal\/","url":"https:\/\/swissbaker.ch\/fr\/panissimo-news\/session-de-printemps-du-parlement-federal\/","name":"Session de printemps du Parlement f\u00e9d\u00e9ral | SBC","isPartOf":{"@id":"https:\/\/swissbaker.ch\/fr\/#website"},"primaryImageOfPage":{"@id":"https:\/\/swissbaker.ch\/fr\/panissimo-news\/session-de-printemps-du-parlement-federal\/#primaryimage"},"image":{"@id":"https:\/\/swissbaker.ch\/fr\/panissimo-news\/session-de-printemps-du-parlement-federal\/#primaryimage"},"thumbnailUrl":"https:\/\/swissbaker.ch\/wp-content\/uploads\/2024\/03\/urs_wellauer_2024.jpg","datePublished":"2024-03-25T14:55:23+00:00","dateModified":"2024-03-25T15:01:15+00:00","breadcrumb":{"@id":"https:\/\/swissbaker.ch\/fr\/panissimo-news\/session-de-printemps-du-parlement-federal\/#breadcrumb"},"inLanguage":"fr-FR","potentialAction":[{"@type":"ReadAction","target":["https:\/\/swissbaker.ch\/fr\/panissimo-news\/session-de-printemps-du-parlement-federal\/"]}]},{"@type":"ImageObject","inLanguage":"fr-FR","@id":"https:\/\/swissbaker.ch\/fr\/panissimo-news\/session-de-printemps-du-parlement-federal\/#primaryimage","url":"https:\/\/swissbaker.ch\/wp-content\/uploads\/2024\/03\/urs_wellauer_2024.jpg","contentUrl":"https:\/\/swissbaker.ch\/wp-content\/uploads\/2024\/03\/urs_wellauer_2024.jpg","width":1200,"height":712},{"@type":"BreadcrumbList","@id":"https:\/\/swissbaker.ch\/fr\/panissimo-news\/session-de-printemps-du-parlement-federal\/#breadcrumb","itemListElement":[{"@type":"ListItem","position":1,"name":"","item":"https:\/\/swissbaker.ch\/fr\/"},{"@type":"ListItem","position":2,"name":"Droit &amp; politique","item":"https:\/\/swissbaker.ch\/fr\/panissimo-news\/category\/droit-politique\/"},{"@type":"ListItem","position":3,"name":"Session de printemps du Parlement f\u00e9d\u00e9ral"}]},{"@type":"WebSite","@id":"https:\/\/swissbaker.ch\/fr\/#website","url":"https:\/\/swissbaker.ch\/fr\/","name":"SBC","description":"","publisher":{"@id":"https:\/\/swissbaker.ch\/fr\/#organization"},"potentialAction":[{"@type":"SearchAction","target":{"@type":"EntryPoint","urlTemplate":"https:\/\/swissbaker.ch\/fr\/?s={search_term_string}"},"query-input":{"@type":"PropertyValueSpecification","valueRequired":true,"valueName":"search_term_string"}}],"inLanguage":"fr-FR"},{"@type":"Organization","@id":"https:\/\/swissbaker.ch\/fr\/#organization","name":"Schweizerischer B\u00e4cker-Confiseurmeister-Verband","url":"https:\/\/swissbaker.ch\/fr\/","logo":{"@type":"ImageObject","inLanguage":"fr-FR","@id":"https:\/\/swissbaker.ch\/fr\/#\/schema\/logo\/image\/","url":"https:\/\/swissbaker.ch\/wp-content\/uploads\/2022\/04\/sbc-logo-yoast.jpg","contentUrl":"https:\/\/swissbaker.ch\/wp-content\/uploads\/2022\/04\/sbc-logo-yoast.jpg","width":512,"height":512,"caption":"Schweizerischer B\u00e4cker-Confiseurmeister-Verband"},"image":{"@id":"https:\/\/swissbaker.ch\/fr\/#\/schema\/logo\/image\/"},"sameAs":["https:\/\/www.facebook.com\/swissbaker.ch","https:\/\/x.com\/ch_swissbaker"]},{"@type":"Person","@id":"https:\/\/swissbaker.ch\/fr\/#\/schema\/person\/74bd327b08c18ca6042c02ff6f0ed5e2","name":"Simon Nussbaum","image":{"@type":"ImageObject","inLanguage":"fr-FR","@id":"https:\/\/swissbaker.ch\/fr\/#\/schema\/person\/image\/","url":"https:\/\/secure.gravatar.com\/avatar\/df0eced3bb556c806cb760cf503ade1ed1df25b4104d80d6fd28d93a9509aa12?s=96&d=mm&r=g","contentUrl":"https:\/\/secure.gravatar.com\/avatar\/df0eced3bb556c806cb760cf503ade1ed1df25b4104d80d6fd28d93a9509aa12?s=96&d=mm&r=g","caption":"Simon Nussbaum"},"url":"https:\/\/swissbaker.ch\/fr\/panissimo-news\/author\/simon-nussbaum\/"}]}},"_links":{"self":[{"href":"https:\/\/swissbaker.ch\/fr\/wp-json\/wp\/v2\/posts\/77015","targetHints":{"allow":["GET"]}}],"collection":[{"href":"https:\/\/swissbaker.ch\/fr\/wp-json\/wp\/v2\/posts"}],"about":[{"href":"https:\/\/swissbaker.ch\/fr\/wp-json\/wp\/v2\/types\/post"}],"author":[{"embeddable":true,"href":"https:\/\/swissbaker.ch\/fr\/wp-json\/wp\/v2\/users\/5"}],"replies":[{"embeddable":true,"href":"https:\/\/swissbaker.ch\/fr\/wp-json\/wp\/v2\/comments?post=77015"}],"version-history":[{"count":0,"href":"https:\/\/swissbaker.ch\/fr\/wp-json\/wp\/v2\/posts\/77015\/revisions"}],"wp:featuredmedia":[{"embeddable":true,"href":"https:\/\/swissbaker.ch\/fr\/wp-json\/wp\/v2\/media\/77013"}],"wp:attachment":[{"href":"https:\/\/swissbaker.ch\/fr\/wp-json\/wp\/v2\/media?parent=77015"}],"wp:term":[{"taxonomy":"category","embeddable":true,"href":"https:\/\/swissbaker.ch\/fr\/wp-json\/wp\/v2\/categories?post=77015"},{"taxonomy":"post_tag","embeddable":true,"href":"https:\/\/swissbaker.ch\/fr\/wp-json\/wp\/v2\/tags?post=77015"}],"curies":[{"name":"wp","href":"https:\/\/api.w.org\/{rel}","templated":true}]}}