{"id":76963,"date":"2024-03-21T10:54:30","date_gmt":"2024-03-21T09:54:30","guid":{"rendered":"https:\/\/swissbaker.ch\/?p=76963"},"modified":"2024-03-28T10:46:26","modified_gmt":"2024-03-28T09:46:26","slug":"le-nouvel-or-noir","status":"publish","type":"post","link":"https:\/\/swissbaker.ch\/fr\/panissimo-news\/le-nouvel-or-noir\/","title":{"rendered":"Le prix du cacao explose"},"content":{"rendered":"\n<p><strong>En d\u00e9but de semaine, le prix du cacao a atteint son plus haut niveau depuis 50 ans en d\u00e9passant les 10 000 dollars (9100 francs) la tonne.<\/strong> <strong>Les causes sont multiples, comme le d\u00e9crit Stefan K\u00fcnzli de Felchlin AG. Sa recommandation\u2009: r\u00e9percuter les hausses sur la client\u00e8le et mettre en avant la qualit\u00e9 de ses propres produits. L\u2019augmentation du prix de la tonne de cacao l\u2019ann\u00e9e derni\u00e8re inqui\u00e8te. Divers portails sp\u00e9cialis\u00e9s font \u00e9tat de plus d\u2019un doublement en 13 mois.<\/strong><\/p>\n\n\n\n<h2 class=\"wp-block-heading\" id=\"h-meteo-et-bourse-imprevisibles\">M\u00e9t\u00e9o et bourse impr\u00e9visibles<\/h2>\n\n\n\n<p>Les principales raisons se situent \u00e0 plusieurs niveaux de la cr\u00e9ation de valeur. \u00ab\u2009La r\u00e9colte en Afrique de l\u2019Ouest a \u00e9t\u00e9 maigre pour la troisi\u00e8me ann\u00e9e cons\u00e9cutive\u2009\u00bb, explique Stefan K\u00fcnzli, responsable de la division Marketing de Felchlin AG. \u00ab\u2009En outre, pr\u00e8s d\u2019un quart du cacao n\u00e9goci\u00e9 sur les march\u00e9s boursiers est entre les mains de sp\u00e9culateurs. Ceux-ci retiennent la marchandise afin de r\u00e9aliser un maximum de profit.\u2009\u00bb L\u2019offre, limit\u00e9e, est ainsi r\u00e9duite. Combin\u00e9 \u00e0 des exigences r\u00e9glementaires croissantes en mati\u00e8re de transparence de la cha\u00eene d\u2019approvisionnement dans l\u2019UE, \u00ab\u2009aucun changement de tendance n\u2019est perceptible ou pr\u00e9visible pour le moment\u2009\u00bb.<\/p>\n\n\n\n<h2 class=\"wp-block-heading\" id=\"h-contexte-et-prix-a-transmettre\">Contexte et prix \u00e0 transmettre<\/h2>\n\n\n\n<p>\u00ab\u2009Pour y rem\u00e9dier, Felchlin AG entretient d\u00e9sormais des \u00e9changes particuli\u00e8rement intensifs avec les cultivateurs de cacao\u2009\u00bb, explique M. K\u00fcnzli en \u00e9num\u00e9rant une contre-mesure actuelle. De plus, l\u2019entreprise dispose encore d\u2019un certain stock disponible. Ainsi, une facture mixte pourrait freiner la hausse des co\u00fbts cette ann\u00e9e.<\/p>\n\n\n\n<p>Le sp\u00e9cialiste de Felchlin conseille aux boulangeries et confiseries suisses\u2009: \u00ab\u2009Ayez le courage de r\u00e9percuter les prix\u2009! De nombreux consommateurs sont au courant de la situation tendue et font preuve de compr\u00e9hension\u2009\u00bb. Mais cette compr\u00e9hension n\u2019est accord\u00e9e que \u00ab\u2009si le contexte est communiqu\u00e9 de mani\u00e8re honn\u00eate et transparente\u2009\u00bb, souligne-t-il. \u00ab\u2009Celui qui se r\u00e9clame de la qualit\u00e9 ne doit pas faire d\u2019\u00e9conomies \u00e0 ce niveau-l\u00e0.\u2009\u00bb<\/p>\n\n\n\n<p class=\"has-text-align-right\"><em>Diego Schwerzmann<\/em><\/p>\n","protected":false},"excerpt":{"rendered":"<p>Sup\u00e9rieur \u00e0 6100\u202fdollars (5380\u202ffrancs) la tonne, le prix du cacao a atteint son plus haut niveau depuis 50 ans. Les causes sont multiples, comme le d\u00e9crit Stefan K\u00fcnzli de Felchlin AG. Sa recommandation\u2009: r\u00e9percuter les hausses sur la client\u00e8le et mettre en avant la qualit\u00e9 de ses propres produits. L\u2019augmentation du prix de la tonne de cacao l\u2019ann\u00e9e derni\u00e8re inqui\u00e8te. Divers portails sp\u00e9cialis\u00e9s font \u00e9tat de plus d\u2019un doublement en 13 mois.<\/p>\n","protected":false},"author":5,"featured_media":76961,"comment_status":"closed","ping_status":"closed","sticky":true,"template":"","format":"standard","meta":{"_acf_changed":false,"footnotes":""},"categories":[39],"tags":[],"class_list":["post-76963","post","type-post","status-publish","format-standard","has-post-thumbnail","hentry","category-de-la-branche"],"acf":[],"yoast_head":"<!-- This site is optimized with the Yoast SEO Premium plugin v26.8 (Yoast SEO v26.8) - https:\/\/yoast.com\/product\/yoast-seo-premium-wordpress\/ -->\n<title>Le prix du cacao explose | SBC<\/title>\n<meta name=\"description\" content=\"Sup\u00e9rieur \u00e0 6100\u202fdollars (5380\u202ffrancs) la tonne, le prix du cacao a atteint son plus haut niveau depuis 50 ans.\" \/>\n<meta name=\"robots\" content=\"index, follow, max-snippet:-1, max-image-preview:large, max-video-preview:-1\" \/>\n<link rel=\"canonical\" href=\"https:\/\/swissbaker.ch\/fr\/panissimo-news\/le-nouvel-or-noir\/\" \/>\n<meta property=\"og:locale\" content=\"fr_FR\" \/>\n<meta property=\"og:type\" content=\"article\" \/>\n<meta property=\"og:title\" content=\"Le prix du cacao explose\" \/>\n<meta property=\"og:description\" content=\"Sup\u00e9rieur \u00e0 6100\u202fdollars (5380\u202ffrancs) la tonne, le prix du cacao a atteint son plus haut niveau depuis 50 ans.\" \/>\n<meta property=\"og:url\" content=\"https:\/\/swissbaker.ch\/fr\/panissimo-news\/le-nouvel-or-noir\/\" \/>\n<meta property=\"og:site_name\" content=\"SBC\" \/>\n<meta property=\"article:publisher\" content=\"https:\/\/www.facebook.com\/swissbaker.ch\" \/>\n<meta property=\"article:published_time\" content=\"2024-03-21T09:54:30+00:00\" \/>\n<meta property=\"article:modified_time\" content=\"2024-03-28T09:46:26+00:00\" \/>\n<meta property=\"og:image\" content=\"https:\/\/swissbaker.ch\/wp-content\/uploads\/2024\/03\/6_1_kakao.jpg\" \/>\n\t<meta property=\"og:image:width\" content=\"1200\" \/>\n\t<meta property=\"og:image:height\" content=\"712\" \/>\n\t<meta property=\"og:image:type\" content=\"image\/jpeg\" \/>\n<meta name=\"author\" content=\"Simon Nussbaum\" \/>\n<meta name=\"twitter:card\" content=\"summary_large_image\" \/>\n<meta name=\"twitter:creator\" content=\"@ch_swissbaker\" \/>\n<meta name=\"twitter:site\" content=\"@ch_swissbaker\" \/>\n<meta name=\"twitter:label1\" content=\"Written by\" \/>\n\t<meta name=\"twitter:data1\" content=\"Simon Nussbaum\" \/>\n\t<meta name=\"twitter:label2\" content=\"Est. reading time\" \/>\n\t<meta name=\"twitter:data2\" content=\"2 minutes\" \/>\n<script type=\"application\/ld+json\" class=\"yoast-schema-graph\">{\"@context\":\"https:\/\/schema.org\",\"@graph\":[{\"@type\":\"Article\",\"@id\":\"https:\/\/swissbaker.ch\/fr\/panissimo-news\/le-nouvel-or-noir\/#article\",\"isPartOf\":{\"@id\":\"https:\/\/swissbaker.ch\/fr\/panissimo-news\/le-nouvel-or-noir\/\"},\"author\":{\"name\":\"Simon Nussbaum\",\"@id\":\"https:\/\/swissbaker.ch\/fr\/#\/schema\/person\/74bd327b08c18ca6042c02ff6f0ed5e2\"},\"headline\":\"Le prix du cacao explose\",\"datePublished\":\"2024-03-21T09:54:30+00:00\",\"dateModified\":\"2024-03-28T09:46:26+00:00\",\"mainEntityOfPage\":{\"@id\":\"https:\/\/swissbaker.ch\/fr\/panissimo-news\/le-nouvel-or-noir\/\"},\"wordCount\":354,\"publisher\":{\"@id\":\"https:\/\/swissbaker.ch\/fr\/#organization\"},\"image\":{\"@id\":\"https:\/\/swissbaker.ch\/fr\/panissimo-news\/le-nouvel-or-noir\/#primaryimage\"},\"thumbnailUrl\":\"https:\/\/swissbaker.ch\/wp-content\/uploads\/2024\/03\/6_1_kakao.jpg\",\"articleSection\":[\"De la branche\"],\"inLanguage\":\"fr-FR\"},{\"@type\":\"WebPage\",\"@id\":\"https:\/\/swissbaker.ch\/fr\/panissimo-news\/le-nouvel-or-noir\/\",\"url\":\"https:\/\/swissbaker.ch\/fr\/panissimo-news\/le-nouvel-or-noir\/\",\"name\":\"Le prix du cacao explose | SBC\",\"isPartOf\":{\"@id\":\"https:\/\/swissbaker.ch\/fr\/#website\"},\"primaryImageOfPage\":{\"@id\":\"https:\/\/swissbaker.ch\/fr\/panissimo-news\/le-nouvel-or-noir\/#primaryimage\"},\"image\":{\"@id\":\"https:\/\/swissbaker.ch\/fr\/panissimo-news\/le-nouvel-or-noir\/#primaryimage\"},\"thumbnailUrl\":\"https:\/\/swissbaker.ch\/wp-content\/uploads\/2024\/03\/6_1_kakao.jpg\",\"datePublished\":\"2024-03-21T09:54:30+00:00\",\"dateModified\":\"2024-03-28T09:46:26+00:00\",\"description\":\"Sup\u00e9rieur \u00e0 6100\u202fdollars (5380\u202ffrancs) la tonne, le prix du cacao a atteint son plus haut niveau depuis 50 ans.\",\"breadcrumb\":{\"@id\":\"https:\/\/swissbaker.ch\/fr\/panissimo-news\/le-nouvel-or-noir\/#breadcrumb\"},\"inLanguage\":\"fr-FR\",\"potentialAction\":[{\"@type\":\"ReadAction\",\"target\":[\"https:\/\/swissbaker.ch\/fr\/panissimo-news\/le-nouvel-or-noir\/\"]}]},{\"@type\":\"ImageObject\",\"inLanguage\":\"fr-FR\",\"@id\":\"https:\/\/swissbaker.ch\/fr\/panissimo-news\/le-nouvel-or-noir\/#primaryimage\",\"url\":\"https:\/\/swissbaker.ch\/wp-content\/uploads\/2024\/03\/6_1_kakao.jpg\",\"contentUrl\":\"https:\/\/swissbaker.ch\/wp-content\/uploads\/2024\/03\/6_1_kakao.jpg\",\"width\":1200,\"height\":712},{\"@type\":\"BreadcrumbList\",\"@id\":\"https:\/\/swissbaker.ch\/fr\/panissimo-news\/le-nouvel-or-noir\/#breadcrumb\",\"itemListElement\":[{\"@type\":\"ListItem\",\"position\":1,\"name\":\"\",\"item\":\"https:\/\/swissbaker.ch\/fr\/\"},{\"@type\":\"ListItem\",\"position\":2,\"name\":\"De la branche\",\"item\":\"https:\/\/swissbaker.ch\/fr\/panissimo-news\/category\/de-la-branche\/\"},{\"@type\":\"ListItem\",\"position\":3,\"name\":\"Le prix du cacao explose\"}]},{\"@type\":\"WebSite\",\"@id\":\"https:\/\/swissbaker.ch\/fr\/#website\",\"url\":\"https:\/\/swissbaker.ch\/fr\/\",\"name\":\"SBC\",\"description\":\"\",\"publisher\":{\"@id\":\"https:\/\/swissbaker.ch\/fr\/#organization\"},\"potentialAction\":[{\"@type\":\"SearchAction\",\"target\":{\"@type\":\"EntryPoint\",\"urlTemplate\":\"https:\/\/swissbaker.ch\/fr\/?s={search_term_string}\"},\"query-input\":{\"@type\":\"PropertyValueSpecification\",\"valueRequired\":true,\"valueName\":\"search_term_string\"}}],\"inLanguage\":\"fr-FR\"},{\"@type\":\"Organization\",\"@id\":\"https:\/\/swissbaker.ch\/fr\/#organization\",\"name\":\"Schweizerischer B\u00e4cker-Confiseurmeister-Verband\",\"url\":\"https:\/\/swissbaker.ch\/fr\/\",\"logo\":{\"@type\":\"ImageObject\",\"inLanguage\":\"fr-FR\",\"@id\":\"https:\/\/swissbaker.ch\/fr\/#\/schema\/logo\/image\/\",\"url\":\"https:\/\/swissbaker.ch\/wp-content\/uploads\/2022\/04\/sbc-logo-yoast.jpg\",\"contentUrl\":\"https:\/\/swissbaker.ch\/wp-content\/uploads\/2022\/04\/sbc-logo-yoast.jpg\",\"width\":512,\"height\":512,\"caption\":\"Schweizerischer B\u00e4cker-Confiseurmeister-Verband\"},\"image\":{\"@id\":\"https:\/\/swissbaker.ch\/fr\/#\/schema\/logo\/image\/\"},\"sameAs\":[\"https:\/\/www.facebook.com\/swissbaker.ch\",\"https:\/\/x.com\/ch_swissbaker\"]},{\"@type\":\"Person\",\"@id\":\"https:\/\/swissbaker.ch\/fr\/#\/schema\/person\/74bd327b08c18ca6042c02ff6f0ed5e2\",\"name\":\"Simon Nussbaum\",\"image\":{\"@type\":\"ImageObject\",\"inLanguage\":\"fr-FR\",\"@id\":\"https:\/\/swissbaker.ch\/fr\/#\/schema\/person\/image\/\",\"url\":\"https:\/\/secure.gravatar.com\/avatar\/df0eced3bb556c806cb760cf503ade1ed1df25b4104d80d6fd28d93a9509aa12?s=96&d=mm&r=g\",\"contentUrl\":\"https:\/\/secure.gravatar.com\/avatar\/df0eced3bb556c806cb760cf503ade1ed1df25b4104d80d6fd28d93a9509aa12?s=96&d=mm&r=g\",\"caption\":\"Simon Nussbaum\"},\"url\":\"https:\/\/swissbaker.ch\/fr\/panissimo-news\/author\/simon-nussbaum\/\"}]}<\/script>\n<!-- \/ Yoast SEO Premium plugin. -->","yoast_head_json":{"title":"Le prix du cacao explose | SBC","description":"Sup\u00e9rieur \u00e0 6100\u202fdollars (5380\u202ffrancs) la tonne, le prix du cacao a atteint son plus haut niveau depuis 50 ans.","robots":{"index":"index","follow":"follow","max-snippet":"max-snippet:-1","max-image-preview":"max-image-preview:large","max-video-preview":"max-video-preview:-1"},"canonical":"https:\/\/swissbaker.ch\/fr\/panissimo-news\/le-nouvel-or-noir\/","og_locale":"fr_FR","og_type":"article","og_title":"Le prix du cacao explose","og_description":"Sup\u00e9rieur \u00e0 6100\u202fdollars (5380\u202ffrancs) la tonne, le prix du cacao a atteint son plus haut niveau depuis 50 ans.","og_url":"https:\/\/swissbaker.ch\/fr\/panissimo-news\/le-nouvel-or-noir\/","og_site_name":"SBC","article_publisher":"https:\/\/www.facebook.com\/swissbaker.ch","article_published_time":"2024-03-21T09:54:30+00:00","article_modified_time":"2024-03-28T09:46:26+00:00","og_image":[{"width":1200,"height":712,"url":"https:\/\/swissbaker.ch\/wp-content\/uploads\/2024\/03\/6_1_kakao.jpg","type":"image\/jpeg"}],"author":"Simon Nussbaum","twitter_card":"summary_large_image","twitter_creator":"@ch_swissbaker","twitter_site":"@ch_swissbaker","twitter_misc":{"Written by":"Simon Nussbaum","Est. reading time":"2 minutes"},"schema":{"@context":"https:\/\/schema.org","@graph":[{"@type":"Article","@id":"https:\/\/swissbaker.ch\/fr\/panissimo-news\/le-nouvel-or-noir\/#article","isPartOf":{"@id":"https:\/\/swissbaker.ch\/fr\/panissimo-news\/le-nouvel-or-noir\/"},"author":{"name":"Simon Nussbaum","@id":"https:\/\/swissbaker.ch\/fr\/#\/schema\/person\/74bd327b08c18ca6042c02ff6f0ed5e2"},"headline":"Le prix du cacao explose","datePublished":"2024-03-21T09:54:30+00:00","dateModified":"2024-03-28T09:46:26+00:00","mainEntityOfPage":{"@id":"https:\/\/swissbaker.ch\/fr\/panissimo-news\/le-nouvel-or-noir\/"},"wordCount":354,"publisher":{"@id":"https:\/\/swissbaker.ch\/fr\/#organization"},"image":{"@id":"https:\/\/swissbaker.ch\/fr\/panissimo-news\/le-nouvel-or-noir\/#primaryimage"},"thumbnailUrl":"https:\/\/swissbaker.ch\/wp-content\/uploads\/2024\/03\/6_1_kakao.jpg","articleSection":["De la branche"],"inLanguage":"fr-FR"},{"@type":"WebPage","@id":"https:\/\/swissbaker.ch\/fr\/panissimo-news\/le-nouvel-or-noir\/","url":"https:\/\/swissbaker.ch\/fr\/panissimo-news\/le-nouvel-or-noir\/","name":"Le prix du cacao explose | SBC","isPartOf":{"@id":"https:\/\/swissbaker.ch\/fr\/#website"},"primaryImageOfPage":{"@id":"https:\/\/swissbaker.ch\/fr\/panissimo-news\/le-nouvel-or-noir\/#primaryimage"},"image":{"@id":"https:\/\/swissbaker.ch\/fr\/panissimo-news\/le-nouvel-or-noir\/#primaryimage"},"thumbnailUrl":"https:\/\/swissbaker.ch\/wp-content\/uploads\/2024\/03\/6_1_kakao.jpg","datePublished":"2024-03-21T09:54:30+00:00","dateModified":"2024-03-28T09:46:26+00:00","description":"Sup\u00e9rieur \u00e0 6100\u202fdollars (5380\u202ffrancs) la tonne, le prix du cacao a atteint son plus haut niveau depuis 50 ans.","breadcrumb":{"@id":"https:\/\/swissbaker.ch\/fr\/panissimo-news\/le-nouvel-or-noir\/#breadcrumb"},"inLanguage":"fr-FR","potentialAction":[{"@type":"ReadAction","target":["https:\/\/swissbaker.ch\/fr\/panissimo-news\/le-nouvel-or-noir\/"]}]},{"@type":"ImageObject","inLanguage":"fr-FR","@id":"https:\/\/swissbaker.ch\/fr\/panissimo-news\/le-nouvel-or-noir\/#primaryimage","url":"https:\/\/swissbaker.ch\/wp-content\/uploads\/2024\/03\/6_1_kakao.jpg","contentUrl":"https:\/\/swissbaker.ch\/wp-content\/uploads\/2024\/03\/6_1_kakao.jpg","width":1200,"height":712},{"@type":"BreadcrumbList","@id":"https:\/\/swissbaker.ch\/fr\/panissimo-news\/le-nouvel-or-noir\/#breadcrumb","itemListElement":[{"@type":"ListItem","position":1,"name":"","item":"https:\/\/swissbaker.ch\/fr\/"},{"@type":"ListItem","position":2,"name":"De la branche","item":"https:\/\/swissbaker.ch\/fr\/panissimo-news\/category\/de-la-branche\/"},{"@type":"ListItem","position":3,"name":"Le prix du cacao explose"}]},{"@type":"WebSite","@id":"https:\/\/swissbaker.ch\/fr\/#website","url":"https:\/\/swissbaker.ch\/fr\/","name":"SBC","description":"","publisher":{"@id":"https:\/\/swissbaker.ch\/fr\/#organization"},"potentialAction":[{"@type":"SearchAction","target":{"@type":"EntryPoint","urlTemplate":"https:\/\/swissbaker.ch\/fr\/?s={search_term_string}"},"query-input":{"@type":"PropertyValueSpecification","valueRequired":true,"valueName":"search_term_string"}}],"inLanguage":"fr-FR"},{"@type":"Organization","@id":"https:\/\/swissbaker.ch\/fr\/#organization","name":"Schweizerischer B\u00e4cker-Confiseurmeister-Verband","url":"https:\/\/swissbaker.ch\/fr\/","logo":{"@type":"ImageObject","inLanguage":"fr-FR","@id":"https:\/\/swissbaker.ch\/fr\/#\/schema\/logo\/image\/","url":"https:\/\/swissbaker.ch\/wp-content\/uploads\/2022\/04\/sbc-logo-yoast.jpg","contentUrl":"https:\/\/swissbaker.ch\/wp-content\/uploads\/2022\/04\/sbc-logo-yoast.jpg","width":512,"height":512,"caption":"Schweizerischer B\u00e4cker-Confiseurmeister-Verband"},"image":{"@id":"https:\/\/swissbaker.ch\/fr\/#\/schema\/logo\/image\/"},"sameAs":["https:\/\/www.facebook.com\/swissbaker.ch","https:\/\/x.com\/ch_swissbaker"]},{"@type":"Person","@id":"https:\/\/swissbaker.ch\/fr\/#\/schema\/person\/74bd327b08c18ca6042c02ff6f0ed5e2","name":"Simon Nussbaum","image":{"@type":"ImageObject","inLanguage":"fr-FR","@id":"https:\/\/swissbaker.ch\/fr\/#\/schema\/person\/image\/","url":"https:\/\/secure.gravatar.com\/avatar\/df0eced3bb556c806cb760cf503ade1ed1df25b4104d80d6fd28d93a9509aa12?s=96&d=mm&r=g","contentUrl":"https:\/\/secure.gravatar.com\/avatar\/df0eced3bb556c806cb760cf503ade1ed1df25b4104d80d6fd28d93a9509aa12?s=96&d=mm&r=g","caption":"Simon Nussbaum"},"url":"https:\/\/swissbaker.ch\/fr\/panissimo-news\/author\/simon-nussbaum\/"}]}},"_links":{"self":[{"href":"https:\/\/swissbaker.ch\/fr\/wp-json\/wp\/v2\/posts\/76963","targetHints":{"allow":["GET"]}}],"collection":[{"href":"https:\/\/swissbaker.ch\/fr\/wp-json\/wp\/v2\/posts"}],"about":[{"href":"https:\/\/swissbaker.ch\/fr\/wp-json\/wp\/v2\/types\/post"}],"author":[{"embeddable":true,"href":"https:\/\/swissbaker.ch\/fr\/wp-json\/wp\/v2\/users\/5"}],"replies":[{"embeddable":true,"href":"https:\/\/swissbaker.ch\/fr\/wp-json\/wp\/v2\/comments?post=76963"}],"version-history":[{"count":0,"href":"https:\/\/swissbaker.ch\/fr\/wp-json\/wp\/v2\/posts\/76963\/revisions"}],"wp:featuredmedia":[{"embeddable":true,"href":"https:\/\/swissbaker.ch\/fr\/wp-json\/wp\/v2\/media\/76961"}],"wp:attachment":[{"href":"https:\/\/swissbaker.ch\/fr\/wp-json\/wp\/v2\/media?parent=76963"}],"wp:term":[{"taxonomy":"category","embeddable":true,"href":"https:\/\/swissbaker.ch\/fr\/wp-json\/wp\/v2\/categories?post=76963"},{"taxonomy":"post_tag","embeddable":true,"href":"https:\/\/swissbaker.ch\/fr\/wp-json\/wp\/v2\/tags?post=76963"}],"curies":[{"name":"wp","href":"https:\/\/api.w.org\/{rel}","templated":true}]}}