{"id":76755,"date":"2024-03-20T14:04:51","date_gmt":"2024-03-20T13:04:51","guid":{"rendered":"https:\/\/swissbaker.ch\/?p=76755"},"modified":"2024-03-20T14:39:16","modified_gmt":"2024-03-20T13:39:16","slug":"passion-et-devouement","status":"publish","type":"post","link":"https:\/\/swissbaker.ch\/fr\/panissimo-news\/passion-et-devouement\/","title":{"rendered":"Passion et d\u00e9vouement"},"content":{"rendered":"\n<p><strong>Dylan Gilardoni, meilleur apprenti 2023 p\u00e2tissier-confiseur CFC du canton du Tessin, suit l&#8217;ann\u00e9e suppl\u00e9mentaire dans la branche de la boulangerie. Sa grande passion et son d\u00e9vouement pour la profession font de lui une meilleure personne avec plus de responsabilit\u00e9s.<\/strong><\/p>\n\n\n\n<p>Je m&#8217;appelle Dylan Gilardoni, j&#8217;ai 21 ans et je vis \u00e0 Porlezza, un petit village italien \u00e0 la fronti\u00e8re suisse qui surplombe le lac Ceresio.<\/p>\n\n\n\n<h2 class=\"wp-block-heading\" id=\"h-diverses-satisfactions\"><strong>Diverses satisfactions<\/strong><\/h2>\n\n\n\n<p>En juin, j&#8217;ai termin\u00e9 ma formation de p\u00e2tissier-confiseur \u00e0 la Pasticceria Ricigliano SA de Lugano avec d&#8217;excellents r\u00e9sultats. Je suis tr\u00e8s fier de m\u2019\u00eatre class\u00e9 premier au niveau du canton du Tessin et quatri\u00e8me au niveau de la Suisse romande, lors de la finale romande et tessinoise des jeunes confiseurs \u00e0 Montreux (VD).<\/p>\n\n\n<div class=\"wp-block-image\">\n<figure class=\"aligncenter size-full is-resized\"><img decoding=\"async\" width=\"594\" height=\"712\" src=\"https:\/\/swissbaker.ch\/wp-content\/uploads\/2024\/03\/6_1_of_dylan_gilardoni_2.jpg\" alt=\"\" class=\"wp-image-76752\" style=\"width:386px;height:auto\"\/><figcaption class=\"wp-element-caption\"><em>Dylan Gilardoni, meilleur apprenti 2023 <\/em><br><em>p\u00e2tissier-confiseur CFC du canton du Tessin<\/em><\/figcaption><\/figure>\n<\/div>\n\n\n<h2 class=\"wp-block-heading\" id=\"h-annee-supplementaire\"><strong>Ann\u00e9e suppl\u00e9mentaire<\/strong><\/h2>\n\n\n\n<p>J&#8217;ai d\u00e9cid\u00e9 de faire un apprentissage de boulanger \u00e0 la Panetteria Brumana Sagl de Canobbio pour me sp\u00e9cialiser encore davantage. Les horaires sont d\u00e9finitivement plus durs qu&#8217;avant, j&#8217;ai eu du mal \u00e0 m&#8217;y habituer, mais cela va mieux maintenant.<\/p>\n\n\n\n<p>Les travaux sont tr\u00e8s gratifiants dans les deux orientations. Ils se veulent plus cr\u00e9atifs et pr\u00e9cis dans l\u2019une, plus manuels et rapides dans l\u2019autre, mais l\u2019attention et la patience sont toujours de mise pour les techniques de transformation.<\/p>\n\n\n\n<h2 class=\"wp-block-heading\" id=\"h-ecole-professionnelle\"><strong>\u00c9cole professionnelle<\/strong><\/h2>\n\n\n\n<p>Je fr\u00e9quente l\u2019\u00e9cole professionnelle de Trevano, pr\u00e8s de Canobbio, qui me permet d&#8217;apprendre la th\u00e9orie du travail, les lois en vigueur, les normes d&#8217;hygi\u00e8ne et les valeurs nutritives. L\u2019\u00e9tablissement dispose d&#8217;une salle de production tr\u00e8s fonctionnelle et d\u2019un corps enseignant tr\u00e8s bien form\u00e9, qui fait de son mieux pour nous enseigner le m\u00e9tier.<\/p>\n\n\n\n<h2 class=\"wp-block-heading\" id=\"h-temps-libre\"><strong>Temps libre<\/strong><\/h2>\n\n\n\n<p>Le temps libre passe toujours tr\u00e8s vite! J&#8217;essaie d&#8217;en profiter au maximum; je passe la plupart de mon temps avec ma famille et ma petite amie. Le week-end, j&#8217;aide mes grands-parents au restaurant. Mais j&#8217;aime aussi jouer au football et aller au fitness. D\u00e8s que je le peux, j\u2019essaie de voyager pour voir et d\u00e9couvrir de nouvelles choses, tant sur le plan professionnel que personnel.<\/p>\n\n\n\n<h2 class=\"wp-block-heading\" id=\"h-meilleure-personne\"><strong>Meilleure personne<\/strong><\/h2>\n\n\n\n<p>Je sais que c&#8217;est un m\u00e9tier qui demande beaucoup de sacrifices et m\u2019emp\u00eache parfois d\u2019assister aux f\u00eates et aux r\u00e9unions de famille. Mais il m\u2019apprend \u00e0 \u00eatre une meilleure personne et \u00e0 prendre plus de responsabilit\u00e9s. J&#8217;en suis heureux, car quoi que je d\u00e9cide de faire apr\u00e8s ma formation, un bon apprentissage me sera toujours utile.<\/p>\n\n\n\n<hr class=\"wp-block-separator has-alpha-channel-opacity\"\/>\n\n\n\n<h3 class=\"wp-block-heading\" id=\"h-dylan-gilardoni\">Dylan Gilardoni<\/h3>\n\n\n\n<ul class=\"wp-block-list\">\n<li>2023 : P\u00e2tissier-confiseur CFC <br>Formation : <a href=\"https:\/\/www.ricigliano.ch\/\" target=\"_blank\" rel=\"noreferrer noopener\">Ricigliano SA &#8211; Lugano<\/a><\/li>\n\n\n\n<li>2024 : Formation compl\u00e9mentaire de boulanger \u00a0\u00a0 <br>Formation : <a href=\"https:\/\/www.brumana.ch\/\" target=\"_blank\" rel=\"noreferrer noopener\">Brumana Sagl &#8211; Canobbio<\/a>)<\/li>\n<\/ul>\n","protected":false},"excerpt":{"rendered":"<p>Dylan Gilardoni, meilleur apprenti 2023 p\u00e2tissier-confiseur CFC du canton du Tessin, suit l&#8217;ann\u00e9e suppl\u00e9mentaire dans la branche de la boulangerie. Sa grande passion et son d\u00e9vouement pour la profession font de lui une meilleure personne avec plus de responsabilit\u00e9s.<\/p>\n","protected":false},"author":5,"featured_media":76748,"comment_status":"closed","ping_status":"closed","sticky":true,"template":"","format":"standard","meta":{"_acf_changed":false,"footnotes":""},"categories":[53],"tags":[],"class_list":["post-76755","post","type-post","status-publish","format-standard","has-post-thumbnail","hentry","category-our-future-fr"],"acf":[],"yoast_head":"<!-- This site is optimized with the Yoast SEO Premium plugin v26.8 (Yoast SEO v26.8) - https:\/\/yoast.com\/product\/yoast-seo-premium-wordpress\/ -->\n<title>Passion et d\u00e9vouement | SBC<\/title>\n<meta name=\"description\" content=\"Dylan Gilardoni, meilleur apprenti 2023 p\u00e2tissier-confiseur CFC du canton du Tessin, suit l&#039;ann\u00e9e suppl\u00e9mentaire dans la branche de la boulangerie.\" \/>\n<meta name=\"robots\" content=\"index, follow, max-snippet:-1, max-image-preview:large, max-video-preview:-1\" \/>\n<link rel=\"canonical\" href=\"https:\/\/swissbaker.ch\/fr\/panissimo-news\/passion-et-devouement\/\" \/>\n<meta property=\"og:locale\" content=\"fr_FR\" \/>\n<meta property=\"og:type\" content=\"article\" \/>\n<meta property=\"og:title\" content=\"Passion et d\u00e9vouement\" \/>\n<meta property=\"og:description\" content=\"Dylan Gilardoni, meilleur apprenti 2023 p\u00e2tissier-confiseur CFC du canton du Tessin, suit l&#039;ann\u00e9e suppl\u00e9mentaire dans la branche de la boulangerie.\" \/>\n<meta property=\"og:url\" content=\"https:\/\/swissbaker.ch\/fr\/panissimo-news\/passion-et-devouement\/\" \/>\n<meta property=\"og:site_name\" content=\"SBC\" \/>\n<meta property=\"article:publisher\" content=\"https:\/\/www.facebook.com\/swissbaker.ch\" \/>\n<meta property=\"article:published_time\" content=\"2024-03-20T13:04:51+00:00\" \/>\n<meta property=\"article:modified_time\" content=\"2024-03-20T13:39:16+00:00\" \/>\n<meta property=\"og:image\" content=\"https:\/\/swissbaker.ch\/wp-content\/uploads\/2024\/03\/6_1_of_dylan_gilardoni.jpg\" \/>\n\t<meta property=\"og:image:width\" content=\"1200\" \/>\n\t<meta property=\"og:image:height\" content=\"712\" \/>\n\t<meta property=\"og:image:type\" content=\"image\/jpeg\" \/>\n<meta name=\"author\" content=\"Simon Nussbaum\" \/>\n<meta name=\"twitter:card\" content=\"summary_large_image\" \/>\n<meta name=\"twitter:creator\" content=\"@ch_swissbaker\" \/>\n<meta name=\"twitter:site\" content=\"@ch_swissbaker\" \/>\n<meta name=\"twitter:label1\" content=\"Written by\" \/>\n\t<meta name=\"twitter:data1\" content=\"Simon Nussbaum\" \/>\n\t<meta name=\"twitter:label2\" content=\"Est. reading time\" \/>\n\t<meta name=\"twitter:data2\" content=\"2 minutes\" \/>\n<script type=\"application\/ld+json\" class=\"yoast-schema-graph\">{\"@context\":\"https:\/\/schema.org\",\"@graph\":[{\"@type\":\"Article\",\"@id\":\"https:\/\/swissbaker.ch\/fr\/panissimo-news\/passion-et-devouement\/#article\",\"isPartOf\":{\"@id\":\"https:\/\/swissbaker.ch\/fr\/panissimo-news\/passion-et-devouement\/\"},\"author\":{\"name\":\"Simon Nussbaum\",\"@id\":\"https:\/\/swissbaker.ch\/fr\/#\/schema\/person\/74bd327b08c18ca6042c02ff6f0ed5e2\"},\"headline\":\"Passion et d\u00e9vouement\",\"datePublished\":\"2024-03-20T13:04:51+00:00\",\"dateModified\":\"2024-03-20T13:39:16+00:00\",\"mainEntityOfPage\":{\"@id\":\"https:\/\/swissbaker.ch\/fr\/panissimo-news\/passion-et-devouement\/\"},\"wordCount\":467,\"publisher\":{\"@id\":\"https:\/\/swissbaker.ch\/fr\/#organization\"},\"image\":{\"@id\":\"https:\/\/swissbaker.ch\/fr\/panissimo-news\/passion-et-devouement\/#primaryimage\"},\"thumbnailUrl\":\"https:\/\/swissbaker.ch\/wp-content\/uploads\/2024\/03\/6_1_of_dylan_gilardoni.jpg\",\"articleSection\":[\"Our Future\"],\"inLanguage\":\"fr-FR\"},{\"@type\":\"WebPage\",\"@id\":\"https:\/\/swissbaker.ch\/fr\/panissimo-news\/passion-et-devouement\/\",\"url\":\"https:\/\/swissbaker.ch\/fr\/panissimo-news\/passion-et-devouement\/\",\"name\":\"Passion et d\u00e9vouement | SBC\",\"isPartOf\":{\"@id\":\"https:\/\/swissbaker.ch\/fr\/#website\"},\"primaryImageOfPage\":{\"@id\":\"https:\/\/swissbaker.ch\/fr\/panissimo-news\/passion-et-devouement\/#primaryimage\"},\"image\":{\"@id\":\"https:\/\/swissbaker.ch\/fr\/panissimo-news\/passion-et-devouement\/#primaryimage\"},\"thumbnailUrl\":\"https:\/\/swissbaker.ch\/wp-content\/uploads\/2024\/03\/6_1_of_dylan_gilardoni.jpg\",\"datePublished\":\"2024-03-20T13:04:51+00:00\",\"dateModified\":\"2024-03-20T13:39:16+00:00\",\"description\":\"Dylan Gilardoni, meilleur apprenti 2023 p\u00e2tissier-confiseur CFC du canton du Tessin, suit l'ann\u00e9e suppl\u00e9mentaire dans la branche de la boulangerie.\",\"breadcrumb\":{\"@id\":\"https:\/\/swissbaker.ch\/fr\/panissimo-news\/passion-et-devouement\/#breadcrumb\"},\"inLanguage\":\"fr-FR\",\"potentialAction\":[{\"@type\":\"ReadAction\",\"target\":[\"https:\/\/swissbaker.ch\/fr\/panissimo-news\/passion-et-devouement\/\"]}]},{\"@type\":\"ImageObject\",\"inLanguage\":\"fr-FR\",\"@id\":\"https:\/\/swissbaker.ch\/fr\/panissimo-news\/passion-et-devouement\/#primaryimage\",\"url\":\"https:\/\/swissbaker.ch\/wp-content\/uploads\/2024\/03\/6_1_of_dylan_gilardoni.jpg\",\"contentUrl\":\"https:\/\/swissbaker.ch\/wp-content\/uploads\/2024\/03\/6_1_of_dylan_gilardoni.jpg\",\"width\":1200,\"height\":712},{\"@type\":\"BreadcrumbList\",\"@id\":\"https:\/\/swissbaker.ch\/fr\/panissimo-news\/passion-et-devouement\/#breadcrumb\",\"itemListElement\":[{\"@type\":\"ListItem\",\"position\":1,\"name\":\"\",\"item\":\"https:\/\/swissbaker.ch\/fr\/\"},{\"@type\":\"ListItem\",\"position\":2,\"name\":\"Our Future\",\"item\":\"https:\/\/swissbaker.ch\/fr\/panissimo-news\/category\/our-future-fr\/\"},{\"@type\":\"ListItem\",\"position\":3,\"name\":\"Passion et d\u00e9vouement\"}]},{\"@type\":\"WebSite\",\"@id\":\"https:\/\/swissbaker.ch\/fr\/#website\",\"url\":\"https:\/\/swissbaker.ch\/fr\/\",\"name\":\"SBC\",\"description\":\"\",\"publisher\":{\"@id\":\"https:\/\/swissbaker.ch\/fr\/#organization\"},\"potentialAction\":[{\"@type\":\"SearchAction\",\"target\":{\"@type\":\"EntryPoint\",\"urlTemplate\":\"https:\/\/swissbaker.ch\/fr\/?s={search_term_string}\"},\"query-input\":{\"@type\":\"PropertyValueSpecification\",\"valueRequired\":true,\"valueName\":\"search_term_string\"}}],\"inLanguage\":\"fr-FR\"},{\"@type\":\"Organization\",\"@id\":\"https:\/\/swissbaker.ch\/fr\/#organization\",\"name\":\"Schweizerischer B\u00e4cker-Confiseurmeister-Verband\",\"url\":\"https:\/\/swissbaker.ch\/fr\/\",\"logo\":{\"@type\":\"ImageObject\",\"inLanguage\":\"fr-FR\",\"@id\":\"https:\/\/swissbaker.ch\/fr\/#\/schema\/logo\/image\/\",\"url\":\"https:\/\/swissbaker.ch\/wp-content\/uploads\/2022\/04\/sbc-logo-yoast.jpg\",\"contentUrl\":\"https:\/\/swissbaker.ch\/wp-content\/uploads\/2022\/04\/sbc-logo-yoast.jpg\",\"width\":512,\"height\":512,\"caption\":\"Schweizerischer B\u00e4cker-Confiseurmeister-Verband\"},\"image\":{\"@id\":\"https:\/\/swissbaker.ch\/fr\/#\/schema\/logo\/image\/\"},\"sameAs\":[\"https:\/\/www.facebook.com\/swissbaker.ch\",\"https:\/\/x.com\/ch_swissbaker\"]},{\"@type\":\"Person\",\"@id\":\"https:\/\/swissbaker.ch\/fr\/#\/schema\/person\/74bd327b08c18ca6042c02ff6f0ed5e2\",\"name\":\"Simon Nussbaum\",\"image\":{\"@type\":\"ImageObject\",\"inLanguage\":\"fr-FR\",\"@id\":\"https:\/\/swissbaker.ch\/fr\/#\/schema\/person\/image\/\",\"url\":\"https:\/\/secure.gravatar.com\/avatar\/df0eced3bb556c806cb760cf503ade1ed1df25b4104d80d6fd28d93a9509aa12?s=96&d=mm&r=g\",\"contentUrl\":\"https:\/\/secure.gravatar.com\/avatar\/df0eced3bb556c806cb760cf503ade1ed1df25b4104d80d6fd28d93a9509aa12?s=96&d=mm&r=g\",\"caption\":\"Simon Nussbaum\"},\"url\":\"https:\/\/swissbaker.ch\/fr\/panissimo-news\/author\/simon-nussbaum\/\"}]}<\/script>\n<!-- \/ Yoast SEO Premium plugin. -->","yoast_head_json":{"title":"Passion et d\u00e9vouement | SBC","description":"Dylan Gilardoni, meilleur apprenti 2023 p\u00e2tissier-confiseur CFC du canton du Tessin, suit l'ann\u00e9e suppl\u00e9mentaire dans la branche de la boulangerie.","robots":{"index":"index","follow":"follow","max-snippet":"max-snippet:-1","max-image-preview":"max-image-preview:large","max-video-preview":"max-video-preview:-1"},"canonical":"https:\/\/swissbaker.ch\/fr\/panissimo-news\/passion-et-devouement\/","og_locale":"fr_FR","og_type":"article","og_title":"Passion et d\u00e9vouement","og_description":"Dylan Gilardoni, meilleur apprenti 2023 p\u00e2tissier-confiseur CFC du canton du Tessin, suit l'ann\u00e9e suppl\u00e9mentaire dans la branche de la boulangerie.","og_url":"https:\/\/swissbaker.ch\/fr\/panissimo-news\/passion-et-devouement\/","og_site_name":"SBC","article_publisher":"https:\/\/www.facebook.com\/swissbaker.ch","article_published_time":"2024-03-20T13:04:51+00:00","article_modified_time":"2024-03-20T13:39:16+00:00","og_image":[{"width":1200,"height":712,"url":"https:\/\/swissbaker.ch\/wp-content\/uploads\/2024\/03\/6_1_of_dylan_gilardoni.jpg","type":"image\/jpeg"}],"author":"Simon Nussbaum","twitter_card":"summary_large_image","twitter_creator":"@ch_swissbaker","twitter_site":"@ch_swissbaker","twitter_misc":{"Written by":"Simon Nussbaum","Est. reading time":"2 minutes"},"schema":{"@context":"https:\/\/schema.org","@graph":[{"@type":"Article","@id":"https:\/\/swissbaker.ch\/fr\/panissimo-news\/passion-et-devouement\/#article","isPartOf":{"@id":"https:\/\/swissbaker.ch\/fr\/panissimo-news\/passion-et-devouement\/"},"author":{"name":"Simon Nussbaum","@id":"https:\/\/swissbaker.ch\/fr\/#\/schema\/person\/74bd327b08c18ca6042c02ff6f0ed5e2"},"headline":"Passion et d\u00e9vouement","datePublished":"2024-03-20T13:04:51+00:00","dateModified":"2024-03-20T13:39:16+00:00","mainEntityOfPage":{"@id":"https:\/\/swissbaker.ch\/fr\/panissimo-news\/passion-et-devouement\/"},"wordCount":467,"publisher":{"@id":"https:\/\/swissbaker.ch\/fr\/#organization"},"image":{"@id":"https:\/\/swissbaker.ch\/fr\/panissimo-news\/passion-et-devouement\/#primaryimage"},"thumbnailUrl":"https:\/\/swissbaker.ch\/wp-content\/uploads\/2024\/03\/6_1_of_dylan_gilardoni.jpg","articleSection":["Our Future"],"inLanguage":"fr-FR"},{"@type":"WebPage","@id":"https:\/\/swissbaker.ch\/fr\/panissimo-news\/passion-et-devouement\/","url":"https:\/\/swissbaker.ch\/fr\/panissimo-news\/passion-et-devouement\/","name":"Passion et d\u00e9vouement | SBC","isPartOf":{"@id":"https:\/\/swissbaker.ch\/fr\/#website"},"primaryImageOfPage":{"@id":"https:\/\/swissbaker.ch\/fr\/panissimo-news\/passion-et-devouement\/#primaryimage"},"image":{"@id":"https:\/\/swissbaker.ch\/fr\/panissimo-news\/passion-et-devouement\/#primaryimage"},"thumbnailUrl":"https:\/\/swissbaker.ch\/wp-content\/uploads\/2024\/03\/6_1_of_dylan_gilardoni.jpg","datePublished":"2024-03-20T13:04:51+00:00","dateModified":"2024-03-20T13:39:16+00:00","description":"Dylan Gilardoni, meilleur apprenti 2023 p\u00e2tissier-confiseur CFC du canton du Tessin, suit l'ann\u00e9e suppl\u00e9mentaire dans la branche de la boulangerie.","breadcrumb":{"@id":"https:\/\/swissbaker.ch\/fr\/panissimo-news\/passion-et-devouement\/#breadcrumb"},"inLanguage":"fr-FR","potentialAction":[{"@type":"ReadAction","target":["https:\/\/swissbaker.ch\/fr\/panissimo-news\/passion-et-devouement\/"]}]},{"@type":"ImageObject","inLanguage":"fr-FR","@id":"https:\/\/swissbaker.ch\/fr\/panissimo-news\/passion-et-devouement\/#primaryimage","url":"https:\/\/swissbaker.ch\/wp-content\/uploads\/2024\/03\/6_1_of_dylan_gilardoni.jpg","contentUrl":"https:\/\/swissbaker.ch\/wp-content\/uploads\/2024\/03\/6_1_of_dylan_gilardoni.jpg","width":1200,"height":712},{"@type":"BreadcrumbList","@id":"https:\/\/swissbaker.ch\/fr\/panissimo-news\/passion-et-devouement\/#breadcrumb","itemListElement":[{"@type":"ListItem","position":1,"name":"","item":"https:\/\/swissbaker.ch\/fr\/"},{"@type":"ListItem","position":2,"name":"Our Future","item":"https:\/\/swissbaker.ch\/fr\/panissimo-news\/category\/our-future-fr\/"},{"@type":"ListItem","position":3,"name":"Passion et d\u00e9vouement"}]},{"@type":"WebSite","@id":"https:\/\/swissbaker.ch\/fr\/#website","url":"https:\/\/swissbaker.ch\/fr\/","name":"SBC","description":"","publisher":{"@id":"https:\/\/swissbaker.ch\/fr\/#organization"},"potentialAction":[{"@type":"SearchAction","target":{"@type":"EntryPoint","urlTemplate":"https:\/\/swissbaker.ch\/fr\/?s={search_term_string}"},"query-input":{"@type":"PropertyValueSpecification","valueRequired":true,"valueName":"search_term_string"}}],"inLanguage":"fr-FR"},{"@type":"Organization","@id":"https:\/\/swissbaker.ch\/fr\/#organization","name":"Schweizerischer B\u00e4cker-Confiseurmeister-Verband","url":"https:\/\/swissbaker.ch\/fr\/","logo":{"@type":"ImageObject","inLanguage":"fr-FR","@id":"https:\/\/swissbaker.ch\/fr\/#\/schema\/logo\/image\/","url":"https:\/\/swissbaker.ch\/wp-content\/uploads\/2022\/04\/sbc-logo-yoast.jpg","contentUrl":"https:\/\/swissbaker.ch\/wp-content\/uploads\/2022\/04\/sbc-logo-yoast.jpg","width":512,"height":512,"caption":"Schweizerischer B\u00e4cker-Confiseurmeister-Verband"},"image":{"@id":"https:\/\/swissbaker.ch\/fr\/#\/schema\/logo\/image\/"},"sameAs":["https:\/\/www.facebook.com\/swissbaker.ch","https:\/\/x.com\/ch_swissbaker"]},{"@type":"Person","@id":"https:\/\/swissbaker.ch\/fr\/#\/schema\/person\/74bd327b08c18ca6042c02ff6f0ed5e2","name":"Simon Nussbaum","image":{"@type":"ImageObject","inLanguage":"fr-FR","@id":"https:\/\/swissbaker.ch\/fr\/#\/schema\/person\/image\/","url":"https:\/\/secure.gravatar.com\/avatar\/df0eced3bb556c806cb760cf503ade1ed1df25b4104d80d6fd28d93a9509aa12?s=96&d=mm&r=g","contentUrl":"https:\/\/secure.gravatar.com\/avatar\/df0eced3bb556c806cb760cf503ade1ed1df25b4104d80d6fd28d93a9509aa12?s=96&d=mm&r=g","caption":"Simon Nussbaum"},"url":"https:\/\/swissbaker.ch\/fr\/panissimo-news\/author\/simon-nussbaum\/"}]}},"_links":{"self":[{"href":"https:\/\/swissbaker.ch\/fr\/wp-json\/wp\/v2\/posts\/76755","targetHints":{"allow":["GET"]}}],"collection":[{"href":"https:\/\/swissbaker.ch\/fr\/wp-json\/wp\/v2\/posts"}],"about":[{"href":"https:\/\/swissbaker.ch\/fr\/wp-json\/wp\/v2\/types\/post"}],"author":[{"embeddable":true,"href":"https:\/\/swissbaker.ch\/fr\/wp-json\/wp\/v2\/users\/5"}],"replies":[{"embeddable":true,"href":"https:\/\/swissbaker.ch\/fr\/wp-json\/wp\/v2\/comments?post=76755"}],"version-history":[{"count":0,"href":"https:\/\/swissbaker.ch\/fr\/wp-json\/wp\/v2\/posts\/76755\/revisions"}],"wp:featuredmedia":[{"embeddable":true,"href":"https:\/\/swissbaker.ch\/fr\/wp-json\/wp\/v2\/media\/76748"}],"wp:attachment":[{"href":"https:\/\/swissbaker.ch\/fr\/wp-json\/wp\/v2\/media?parent=76755"}],"wp:term":[{"taxonomy":"category","embeddable":true,"href":"https:\/\/swissbaker.ch\/fr\/wp-json\/wp\/v2\/categories?post=76755"},{"taxonomy":"post_tag","embeddable":true,"href":"https:\/\/swissbaker.ch\/fr\/wp-json\/wp\/v2\/tags?post=76755"}],"curies":[{"name":"wp","href":"https:\/\/api.w.org\/{rel}","templated":true}]}}