{"id":76744,"date":"2024-03-20T13:40:56","date_gmt":"2024-03-20T12:40:56","guid":{"rendered":"https:\/\/swissbaker.ch\/?p=76744"},"modified":"2024-03-20T13:58:10","modified_gmt":"2024-03-20T12:58:10","slug":"les-boulangers-confiseurs-suisses-se-reunissent","status":"publish","type":"post","link":"https:\/\/swissbaker.ch\/fr\/panissimo-news\/les-boulangers-confiseurs-suisses-se-reunissent\/","title":{"rendered":"Les boulangers-confiseurs suisses se r\u00e9unissent"},"content":{"rendered":"\n<p><strong>Le 138e congr\u00e8s de l\u2019Association suisse des patrons boulangers-confiseurs (BCS) aura lieu cette ann\u00e9e le mardi 4\u202fjuin au centrede congr\u00e8s de Bernexpo AG. A la suite du succ\u00e8s de la premi\u00e8re \u00e9dition, la BCS a d\u00e9cid\u00e9 d\u2019organiser \u00e0 nouveau un \u00e9v\u00e8nement de r\u00e9seautage la veille, d\u00e9di\u00e9 aux d\u00e9l\u00e9gu\u00e9s et aux membres.<\/strong><\/p>\n\n\n\n<p>Le comit\u00e9 central est heureux d\u2019inviter qui de droit au congr\u00e8s de la BCS qui se tiendra le mardi 4\u202fjuin au centre de congr\u00e8s de Bernexpo AG. Outre l\u2019ordre du jour ordinaire, l\u2019expos\u00e9 intitul\u00e9 \u00ab\u2009Comment fonctionne la g\u00e9n\u00e9ration Z\u2009?\u2009\u00bb, faisant le lien avec la campagne de promotion de la rel\u00e8ve de la BCS, constituera le point fort de l\u2019assembl\u00e9e des d\u00e9l\u00e9gu\u00e9s et d\u00e9l\u00e9gu\u00e9es de cette ann\u00e9e. Le conf\u00e9rencier Nico Schmid, Head of Creative and Production chez Neoviso AG, prodiguera \u00e9galement de pr\u00e9cieux conseils sur la gestion du personnel. En deuxi\u00e8me partie, les championnes suisses en titre et les candidates aux WorldSkills seront invit\u00e9es sur sc\u00e8ne, et l\u2019identit\u00e9 du nouvel \u00ab\u2009Ambassadeur du pain et du chocolat 2024\u2009\u00bb sera d\u00e9voil\u00e9e. Le point d\u2019orgue de la manifestation sera la remise de la \u00ab\u2009couronne boulang\u00e8re\u2009\u00bb, qui r\u00e9compensera pour la douzi\u00e8me fois une personnalit\u00e9 phare de notre secteur.<\/p>\n\n\n\n<h2 class=\"wp-block-heading\" id=\"h-le-rendez-vous-des-membres\">Le rendez-vous des membres<\/h2>\n\n\n\n<p>Les participants pourront par ailleurs profiter d\u2019\u00e9changes passionnants avec des partenaires sectoriels, tant lors du congr\u00e8s que lors de l\u2019\u00e9v\u00e8nement de r\u00e9seautage pr\u00e9vu la veille dans le cadre du lieu culte de la ville de Berne qu\u2019est le Bierh\u00fcbeli. La BCS a en effet d\u00e9cid\u00e9 d\u2019organiser une nouvelle fois ledit \u00e9v\u00e8nement suite au succ\u00e8s de la premi\u00e8re \u00e9dition. Le Bierh\u00fcbeli est \u00e0 5 min. en bus ou 10 min. \u00e0 pied de la gare centrale.<\/p>\n\n\n\n<h2 class=\"wp-block-heading\" id=\"h-programme-ordre-du-jour-et-inscription\">Programme, ordre du jour et inscription<\/h2>\n\n\n\n<p>Le programme et le lien d\u2019inscription sont disponibles ici sur <a href=\"https:\/\/swissbaker.ch\/fr\/congres\/\">swissbaker.ch\/congres<\/a>. L\u2019ordre du jour et les documents y relatifs le seront pour leur part 30 jours avant le congr\u00e8s. Tous les membres de la BCS, y compris les membres d\u2019honneur, sont les bienvenus. Les inscriptions en ligne sont ouvertes jusqu\u2019au 3\u202fmai. Il est \u00e9galement possible de s\u2019inscrire \u00e0 l\u2019\u00e9v\u00e8nement de r\u00e9seautage sans participer au congr\u00e8s.<\/p>\n\n\n\n<p class=\"has-text-align-right\"><em>BCS<\/em><\/p>\n","protected":false},"excerpt":{"rendered":"<p>Le 138e congr\u00e8s de l\u2019Association suisse des patrons boulangers-confiseurs (BCS) aura lieu cette ann\u00e9e le mardi 4\u202fjuin au centrede congr\u00e8s de Bernexpo AG. A la suite du succ\u00e8s de la premi\u00e8re \u00e9dition, la BCS a d\u00e9cid\u00e9 d\u2019organiser \u00e0 nouveau un \u00e9v\u00e8nement de r\u00e9seautage la veille, d\u00e9di\u00e9 aux d\u00e9l\u00e9gu\u00e9s et aux membres.<\/p>\n","protected":false},"author":5,"featured_media":75214,"comment_status":"closed","ping_status":"closed","sticky":true,"template":"","format":"standard","meta":{"_acf_changed":false,"footnotes":""},"categories":[41],"tags":[],"class_list":["post-76744","post","type-post","status-publish","format-standard","has-post-thumbnail","hentry","category-association"],"acf":[],"yoast_head":"<!-- This site is optimized with the Yoast SEO Premium plugin v26.8 (Yoast SEO v26.8) - https:\/\/yoast.com\/product\/yoast-seo-premium-wordpress\/ -->\n<title>Les boulangers-confiseurs suisses se r\u00e9unissent | SBC<\/title>\n<meta name=\"description\" content=\"Le 138e congr\u00e8s de l\u2019Association suisse des patrons boulangers-confiseurs (BCS) aura lieu cette ann\u00e9e le mardi 4\u202fjuin au centrede congr\u00e8s de Bernexpo AG.\" \/>\n<meta name=\"robots\" content=\"index, follow, max-snippet:-1, max-image-preview:large, max-video-preview:-1\" \/>\n<link rel=\"canonical\" href=\"https:\/\/swissbaker.ch\/fr\/panissimo-news\/les-boulangers-confiseurs-suisses-se-reunissent\/\" \/>\n<meta property=\"og:locale\" content=\"fr_FR\" \/>\n<meta property=\"og:type\" content=\"article\" \/>\n<meta property=\"og:title\" content=\"Les boulangers-confiseurs suisses se r\u00e9unissent\" \/>\n<meta property=\"og:description\" content=\"Le 138e congr\u00e8s de l\u2019Association suisse des patrons boulangers-confiseurs (BCS) aura lieu cette ann\u00e9e le mardi 4\u202fjuin au centrede congr\u00e8s de Bernexpo AG.\" \/>\n<meta property=\"og:url\" content=\"https:\/\/swissbaker.ch\/fr\/panissimo-news\/les-boulangers-confiseurs-suisses-se-reunissent\/\" \/>\n<meta property=\"og:site_name\" content=\"SBC\" \/>\n<meta property=\"article:publisher\" content=\"https:\/\/www.facebook.com\/swissbaker.ch\" \/>\n<meta property=\"article:published_time\" content=\"2024-03-20T12:40:56+00:00\" \/>\n<meta property=\"article:modified_time\" content=\"2024-03-20T12:58:10+00:00\" \/>\n<meta property=\"og:image\" content=\"https:\/\/swissbaker.ch\/wp-content\/uploads\/2024\/02\/kongress_24_headbild_fr.jpg\" \/>\n\t<meta property=\"og:image:width\" content=\"1200\" \/>\n\t<meta property=\"og:image:height\" content=\"712\" \/>\n\t<meta property=\"og:image:type\" content=\"image\/jpeg\" \/>\n<meta name=\"author\" content=\"Simon Nussbaum\" \/>\n<meta name=\"twitter:card\" content=\"summary_large_image\" \/>\n<meta name=\"twitter:creator\" content=\"@ch_swissbaker\" \/>\n<meta name=\"twitter:site\" content=\"@ch_swissbaker\" \/>\n<meta name=\"twitter:label1\" content=\"Written by\" \/>\n\t<meta name=\"twitter:data1\" content=\"Simon Nussbaum\" \/>\n\t<meta name=\"twitter:label2\" content=\"Est. reading time\" \/>\n\t<meta name=\"twitter:data2\" content=\"2 minutes\" \/>\n<script type=\"application\/ld+json\" class=\"yoast-schema-graph\">{\"@context\":\"https:\/\/schema.org\",\"@graph\":[{\"@type\":\"Article\",\"@id\":\"https:\/\/swissbaker.ch\/fr\/panissimo-news\/les-boulangers-confiseurs-suisses-se-reunissent\/#article\",\"isPartOf\":{\"@id\":\"https:\/\/swissbaker.ch\/fr\/panissimo-news\/les-boulangers-confiseurs-suisses-se-reunissent\/\"},\"author\":{\"name\":\"Simon Nussbaum\",\"@id\":\"https:\/\/swissbaker.ch\/fr\/#\/schema\/person\/74bd327b08c18ca6042c02ff6f0ed5e2\"},\"headline\":\"Les boulangers-confiseurs suisses se r\u00e9unissent\",\"datePublished\":\"2024-03-20T12:40:56+00:00\",\"dateModified\":\"2024-03-20T12:58:10+00:00\",\"mainEntityOfPage\":{\"@id\":\"https:\/\/swissbaker.ch\/fr\/panissimo-news\/les-boulangers-confiseurs-suisses-se-reunissent\/\"},\"wordCount\":412,\"publisher\":{\"@id\":\"https:\/\/swissbaker.ch\/fr\/#organization\"},\"image\":{\"@id\":\"https:\/\/swissbaker.ch\/fr\/panissimo-news\/les-boulangers-confiseurs-suisses-se-reunissent\/#primaryimage\"},\"thumbnailUrl\":\"https:\/\/swissbaker.ch\/wp-content\/uploads\/2024\/02\/kongress_24_headbild_fr.jpg\",\"articleSection\":[\"Association\"],\"inLanguage\":\"fr-FR\"},{\"@type\":\"WebPage\",\"@id\":\"https:\/\/swissbaker.ch\/fr\/panissimo-news\/les-boulangers-confiseurs-suisses-se-reunissent\/\",\"url\":\"https:\/\/swissbaker.ch\/fr\/panissimo-news\/les-boulangers-confiseurs-suisses-se-reunissent\/\",\"name\":\"Les boulangers-confiseurs suisses se r\u00e9unissent | SBC\",\"isPartOf\":{\"@id\":\"https:\/\/swissbaker.ch\/fr\/#website\"},\"primaryImageOfPage\":{\"@id\":\"https:\/\/swissbaker.ch\/fr\/panissimo-news\/les-boulangers-confiseurs-suisses-se-reunissent\/#primaryimage\"},\"image\":{\"@id\":\"https:\/\/swissbaker.ch\/fr\/panissimo-news\/les-boulangers-confiseurs-suisses-se-reunissent\/#primaryimage\"},\"thumbnailUrl\":\"https:\/\/swissbaker.ch\/wp-content\/uploads\/2024\/02\/kongress_24_headbild_fr.jpg\",\"datePublished\":\"2024-03-20T12:40:56+00:00\",\"dateModified\":\"2024-03-20T12:58:10+00:00\",\"description\":\"Le 138e congr\u00e8s de l\u2019Association suisse des patrons boulangers-confiseurs (BCS) aura lieu cette ann\u00e9e le mardi 4\u202fjuin au centrede congr\u00e8s de Bernexpo AG.\",\"breadcrumb\":{\"@id\":\"https:\/\/swissbaker.ch\/fr\/panissimo-news\/les-boulangers-confiseurs-suisses-se-reunissent\/#breadcrumb\"},\"inLanguage\":\"fr-FR\",\"potentialAction\":[{\"@type\":\"ReadAction\",\"target\":[\"https:\/\/swissbaker.ch\/fr\/panissimo-news\/les-boulangers-confiseurs-suisses-se-reunissent\/\"]}]},{\"@type\":\"ImageObject\",\"inLanguage\":\"fr-FR\",\"@id\":\"https:\/\/swissbaker.ch\/fr\/panissimo-news\/les-boulangers-confiseurs-suisses-se-reunissent\/#primaryimage\",\"url\":\"https:\/\/swissbaker.ch\/wp-content\/uploads\/2024\/02\/kongress_24_headbild_fr.jpg\",\"contentUrl\":\"https:\/\/swissbaker.ch\/wp-content\/uploads\/2024\/02\/kongress_24_headbild_fr.jpg\",\"width\":1200,\"height\":712},{\"@type\":\"BreadcrumbList\",\"@id\":\"https:\/\/swissbaker.ch\/fr\/panissimo-news\/les-boulangers-confiseurs-suisses-se-reunissent\/#breadcrumb\",\"itemListElement\":[{\"@type\":\"ListItem\",\"position\":1,\"name\":\"\",\"item\":\"https:\/\/swissbaker.ch\/fr\/\"},{\"@type\":\"ListItem\",\"position\":2,\"name\":\"Association\",\"item\":\"https:\/\/swissbaker.ch\/fr\/panissimo-news\/category\/association\/\"},{\"@type\":\"ListItem\",\"position\":3,\"name\":\"Les boulangers-confiseurs suisses se r\u00e9unissent\"}]},{\"@type\":\"WebSite\",\"@id\":\"https:\/\/swissbaker.ch\/fr\/#website\",\"url\":\"https:\/\/swissbaker.ch\/fr\/\",\"name\":\"SBC\",\"description\":\"\",\"publisher\":{\"@id\":\"https:\/\/swissbaker.ch\/fr\/#organization\"},\"potentialAction\":[{\"@type\":\"SearchAction\",\"target\":{\"@type\":\"EntryPoint\",\"urlTemplate\":\"https:\/\/swissbaker.ch\/fr\/?s={search_term_string}\"},\"query-input\":{\"@type\":\"PropertyValueSpecification\",\"valueRequired\":true,\"valueName\":\"search_term_string\"}}],\"inLanguage\":\"fr-FR\"},{\"@type\":\"Organization\",\"@id\":\"https:\/\/swissbaker.ch\/fr\/#organization\",\"name\":\"Schweizerischer B\u00e4cker-Confiseurmeister-Verband\",\"url\":\"https:\/\/swissbaker.ch\/fr\/\",\"logo\":{\"@type\":\"ImageObject\",\"inLanguage\":\"fr-FR\",\"@id\":\"https:\/\/swissbaker.ch\/fr\/#\/schema\/logo\/image\/\",\"url\":\"https:\/\/swissbaker.ch\/wp-content\/uploads\/2022\/04\/sbc-logo-yoast.jpg\",\"contentUrl\":\"https:\/\/swissbaker.ch\/wp-content\/uploads\/2022\/04\/sbc-logo-yoast.jpg\",\"width\":512,\"height\":512,\"caption\":\"Schweizerischer B\u00e4cker-Confiseurmeister-Verband\"},\"image\":{\"@id\":\"https:\/\/swissbaker.ch\/fr\/#\/schema\/logo\/image\/\"},\"sameAs\":[\"https:\/\/www.facebook.com\/swissbaker.ch\",\"https:\/\/x.com\/ch_swissbaker\"]},{\"@type\":\"Person\",\"@id\":\"https:\/\/swissbaker.ch\/fr\/#\/schema\/person\/74bd327b08c18ca6042c02ff6f0ed5e2\",\"name\":\"Simon Nussbaum\",\"image\":{\"@type\":\"ImageObject\",\"inLanguage\":\"fr-FR\",\"@id\":\"https:\/\/swissbaker.ch\/fr\/#\/schema\/person\/image\/\",\"url\":\"https:\/\/secure.gravatar.com\/avatar\/df0eced3bb556c806cb760cf503ade1ed1df25b4104d80d6fd28d93a9509aa12?s=96&d=mm&r=g\",\"contentUrl\":\"https:\/\/secure.gravatar.com\/avatar\/df0eced3bb556c806cb760cf503ade1ed1df25b4104d80d6fd28d93a9509aa12?s=96&d=mm&r=g\",\"caption\":\"Simon Nussbaum\"},\"url\":\"https:\/\/swissbaker.ch\/fr\/panissimo-news\/author\/simon-nussbaum\/\"}]}<\/script>\n<!-- \/ Yoast SEO Premium plugin. -->","yoast_head_json":{"title":"Les boulangers-confiseurs suisses se r\u00e9unissent | SBC","description":"Le 138e congr\u00e8s de l\u2019Association suisse des patrons boulangers-confiseurs (BCS) aura lieu cette ann\u00e9e le mardi 4\u202fjuin au centrede congr\u00e8s de Bernexpo AG.","robots":{"index":"index","follow":"follow","max-snippet":"max-snippet:-1","max-image-preview":"max-image-preview:large","max-video-preview":"max-video-preview:-1"},"canonical":"https:\/\/swissbaker.ch\/fr\/panissimo-news\/les-boulangers-confiseurs-suisses-se-reunissent\/","og_locale":"fr_FR","og_type":"article","og_title":"Les boulangers-confiseurs suisses se r\u00e9unissent","og_description":"Le 138e congr\u00e8s de l\u2019Association suisse des patrons boulangers-confiseurs (BCS) aura lieu cette ann\u00e9e le mardi 4\u202fjuin au centrede congr\u00e8s de Bernexpo AG.","og_url":"https:\/\/swissbaker.ch\/fr\/panissimo-news\/les-boulangers-confiseurs-suisses-se-reunissent\/","og_site_name":"SBC","article_publisher":"https:\/\/www.facebook.com\/swissbaker.ch","article_published_time":"2024-03-20T12:40:56+00:00","article_modified_time":"2024-03-20T12:58:10+00:00","og_image":[{"width":1200,"height":712,"url":"https:\/\/swissbaker.ch\/wp-content\/uploads\/2024\/02\/kongress_24_headbild_fr.jpg","type":"image\/jpeg"}],"author":"Simon Nussbaum","twitter_card":"summary_large_image","twitter_creator":"@ch_swissbaker","twitter_site":"@ch_swissbaker","twitter_misc":{"Written by":"Simon Nussbaum","Est. reading time":"2 minutes"},"schema":{"@context":"https:\/\/schema.org","@graph":[{"@type":"Article","@id":"https:\/\/swissbaker.ch\/fr\/panissimo-news\/les-boulangers-confiseurs-suisses-se-reunissent\/#article","isPartOf":{"@id":"https:\/\/swissbaker.ch\/fr\/panissimo-news\/les-boulangers-confiseurs-suisses-se-reunissent\/"},"author":{"name":"Simon Nussbaum","@id":"https:\/\/swissbaker.ch\/fr\/#\/schema\/person\/74bd327b08c18ca6042c02ff6f0ed5e2"},"headline":"Les boulangers-confiseurs suisses se r\u00e9unissent","datePublished":"2024-03-20T12:40:56+00:00","dateModified":"2024-03-20T12:58:10+00:00","mainEntityOfPage":{"@id":"https:\/\/swissbaker.ch\/fr\/panissimo-news\/les-boulangers-confiseurs-suisses-se-reunissent\/"},"wordCount":412,"publisher":{"@id":"https:\/\/swissbaker.ch\/fr\/#organization"},"image":{"@id":"https:\/\/swissbaker.ch\/fr\/panissimo-news\/les-boulangers-confiseurs-suisses-se-reunissent\/#primaryimage"},"thumbnailUrl":"https:\/\/swissbaker.ch\/wp-content\/uploads\/2024\/02\/kongress_24_headbild_fr.jpg","articleSection":["Association"],"inLanguage":"fr-FR"},{"@type":"WebPage","@id":"https:\/\/swissbaker.ch\/fr\/panissimo-news\/les-boulangers-confiseurs-suisses-se-reunissent\/","url":"https:\/\/swissbaker.ch\/fr\/panissimo-news\/les-boulangers-confiseurs-suisses-se-reunissent\/","name":"Les boulangers-confiseurs suisses se r\u00e9unissent | SBC","isPartOf":{"@id":"https:\/\/swissbaker.ch\/fr\/#website"},"primaryImageOfPage":{"@id":"https:\/\/swissbaker.ch\/fr\/panissimo-news\/les-boulangers-confiseurs-suisses-se-reunissent\/#primaryimage"},"image":{"@id":"https:\/\/swissbaker.ch\/fr\/panissimo-news\/les-boulangers-confiseurs-suisses-se-reunissent\/#primaryimage"},"thumbnailUrl":"https:\/\/swissbaker.ch\/wp-content\/uploads\/2024\/02\/kongress_24_headbild_fr.jpg","datePublished":"2024-03-20T12:40:56+00:00","dateModified":"2024-03-20T12:58:10+00:00","description":"Le 138e congr\u00e8s de l\u2019Association suisse des patrons boulangers-confiseurs (BCS) aura lieu cette ann\u00e9e le mardi 4\u202fjuin au centrede congr\u00e8s de Bernexpo AG.","breadcrumb":{"@id":"https:\/\/swissbaker.ch\/fr\/panissimo-news\/les-boulangers-confiseurs-suisses-se-reunissent\/#breadcrumb"},"inLanguage":"fr-FR","potentialAction":[{"@type":"ReadAction","target":["https:\/\/swissbaker.ch\/fr\/panissimo-news\/les-boulangers-confiseurs-suisses-se-reunissent\/"]}]},{"@type":"ImageObject","inLanguage":"fr-FR","@id":"https:\/\/swissbaker.ch\/fr\/panissimo-news\/les-boulangers-confiseurs-suisses-se-reunissent\/#primaryimage","url":"https:\/\/swissbaker.ch\/wp-content\/uploads\/2024\/02\/kongress_24_headbild_fr.jpg","contentUrl":"https:\/\/swissbaker.ch\/wp-content\/uploads\/2024\/02\/kongress_24_headbild_fr.jpg","width":1200,"height":712},{"@type":"BreadcrumbList","@id":"https:\/\/swissbaker.ch\/fr\/panissimo-news\/les-boulangers-confiseurs-suisses-se-reunissent\/#breadcrumb","itemListElement":[{"@type":"ListItem","position":1,"name":"","item":"https:\/\/swissbaker.ch\/fr\/"},{"@type":"ListItem","position":2,"name":"Association","item":"https:\/\/swissbaker.ch\/fr\/panissimo-news\/category\/association\/"},{"@type":"ListItem","position":3,"name":"Les boulangers-confiseurs suisses se r\u00e9unissent"}]},{"@type":"WebSite","@id":"https:\/\/swissbaker.ch\/fr\/#website","url":"https:\/\/swissbaker.ch\/fr\/","name":"SBC","description":"","publisher":{"@id":"https:\/\/swissbaker.ch\/fr\/#organization"},"potentialAction":[{"@type":"SearchAction","target":{"@type":"EntryPoint","urlTemplate":"https:\/\/swissbaker.ch\/fr\/?s={search_term_string}"},"query-input":{"@type":"PropertyValueSpecification","valueRequired":true,"valueName":"search_term_string"}}],"inLanguage":"fr-FR"},{"@type":"Organization","@id":"https:\/\/swissbaker.ch\/fr\/#organization","name":"Schweizerischer B\u00e4cker-Confiseurmeister-Verband","url":"https:\/\/swissbaker.ch\/fr\/","logo":{"@type":"ImageObject","inLanguage":"fr-FR","@id":"https:\/\/swissbaker.ch\/fr\/#\/schema\/logo\/image\/","url":"https:\/\/swissbaker.ch\/wp-content\/uploads\/2022\/04\/sbc-logo-yoast.jpg","contentUrl":"https:\/\/swissbaker.ch\/wp-content\/uploads\/2022\/04\/sbc-logo-yoast.jpg","width":512,"height":512,"caption":"Schweizerischer B\u00e4cker-Confiseurmeister-Verband"},"image":{"@id":"https:\/\/swissbaker.ch\/fr\/#\/schema\/logo\/image\/"},"sameAs":["https:\/\/www.facebook.com\/swissbaker.ch","https:\/\/x.com\/ch_swissbaker"]},{"@type":"Person","@id":"https:\/\/swissbaker.ch\/fr\/#\/schema\/person\/74bd327b08c18ca6042c02ff6f0ed5e2","name":"Simon Nussbaum","image":{"@type":"ImageObject","inLanguage":"fr-FR","@id":"https:\/\/swissbaker.ch\/fr\/#\/schema\/person\/image\/","url":"https:\/\/secure.gravatar.com\/avatar\/df0eced3bb556c806cb760cf503ade1ed1df25b4104d80d6fd28d93a9509aa12?s=96&d=mm&r=g","contentUrl":"https:\/\/secure.gravatar.com\/avatar\/df0eced3bb556c806cb760cf503ade1ed1df25b4104d80d6fd28d93a9509aa12?s=96&d=mm&r=g","caption":"Simon Nussbaum"},"url":"https:\/\/swissbaker.ch\/fr\/panissimo-news\/author\/simon-nussbaum\/"}]}},"_links":{"self":[{"href":"https:\/\/swissbaker.ch\/fr\/wp-json\/wp\/v2\/posts\/76744","targetHints":{"allow":["GET"]}}],"collection":[{"href":"https:\/\/swissbaker.ch\/fr\/wp-json\/wp\/v2\/posts"}],"about":[{"href":"https:\/\/swissbaker.ch\/fr\/wp-json\/wp\/v2\/types\/post"}],"author":[{"embeddable":true,"href":"https:\/\/swissbaker.ch\/fr\/wp-json\/wp\/v2\/users\/5"}],"replies":[{"embeddable":true,"href":"https:\/\/swissbaker.ch\/fr\/wp-json\/wp\/v2\/comments?post=76744"}],"version-history":[{"count":0,"href":"https:\/\/swissbaker.ch\/fr\/wp-json\/wp\/v2\/posts\/76744\/revisions"}],"wp:featuredmedia":[{"embeddable":true,"href":"https:\/\/swissbaker.ch\/fr\/wp-json\/wp\/v2\/media\/75214"}],"wp:attachment":[{"href":"https:\/\/swissbaker.ch\/fr\/wp-json\/wp\/v2\/media?parent=76744"}],"wp:term":[{"taxonomy":"category","embeddable":true,"href":"https:\/\/swissbaker.ch\/fr\/wp-json\/wp\/v2\/categories?post=76744"},{"taxonomy":"post_tag","embeddable":true,"href":"https:\/\/swissbaker.ch\/fr\/wp-json\/wp\/v2\/tags?post=76744"}],"curies":[{"name":"wp","href":"https:\/\/api.w.org\/{rel}","templated":true}]}}