{"id":76740,"date":"2024-03-20T13:12:00","date_gmt":"2024-03-20T12:12:00","guid":{"rendered":"https:\/\/swissbaker.ch\/?p=76740"},"modified":"2024-03-20T13:18:57","modified_gmt":"2024-03-20T12:18:57","slug":"quy-a-t-il-de-plus-beau","status":"publish","type":"post","link":"https:\/\/swissbaker.ch\/fr\/panissimo-news\/quy-a-t-il-de-plus-beau\/","title":{"rendered":"Qu\u2019y a-t-il de plus beau?"},"content":{"rendered":"\n<p>Ch\u00e8re lectrice, cher lecteur,<\/p>\n\n\n\n<p>\u00ab\u2009On trouve beaucoup de critiques \u00e0 notre \u00e9gard et tr\u00e8s peu de choses positives dans vos \u00e9ditoriaux\u2009\u00bb, a d\u00e9clar\u00e9 au t\u00e9l\u00e9phone un membre d\u00e9sappoint\u00e9 il y a quelque temps de cela. A raison. Nous utilisons les \u00e9ditoriaux pour attirer l\u2019attention de nos membres sur des campagnes, des probl\u00e8mes et des th\u00e8mes politiques notamment. Il est rare d\u2019y lire des propos \u00e9logieux.<\/p>\n\n\n\n<p>Le march\u00e9 est tout sauf une sin\u00e9cure pour le secteur artisanal, et ce depuis des ann\u00e9es. Et la pand\u00e9mie, la crise \u00e9nerg\u00e9tique, la p\u00e9nurie de main-d\u2019\u0153uvre qualifi\u00e9e et l\u2019inflation n\u2019ont pas arrang\u00e9 la situation. Nos membres sont aujourd\u2019hui confront\u00e9s \u00e0 des d\u00e9fis de taille pour confectionner des produits de haute qualit\u00e9 \u00e0 des co\u00fbts aussi bas que possible, en faisant toujours preuve d\u2019une grande flexibilit\u00e9 avec de moins en moins de personnel. Les marges sont \u00e0 la baisse en termes de temps et de personnel. Les charges administratives deviennent quasiment incommensurables et la pression temporelle s\u2019accro\u00eet \u00e9norm\u00e9ment. Bref, la charge de travail est grande, tr\u00e8s grande.<\/p>\n\n\n\n<p>Cet \u00e9tat de fait n\u2019est pas propre \u00e0 la boulangerie-confiserie artisanale, de nombreux autres secteurs artisanaux \u00e9tant tout aussi impact\u00e9s. Et pourtant, je suis toujours impressionn\u00e9e et touch\u00e9e par la passion et la fiert\u00e9 avec lesquelles les propri\u00e9taires d\u2019entreprise, les responsables de production ou de vente et les collaborateurs et collaboratrices parlent de leur travail, des produits ou de l\u2019entreprise, m\u00eame apr\u00e8s des ann\u00e9es d\u2019activit\u00e9 dans le secteur.<\/p>\n\n\n\n<p class=\"has-text-align-left\">Qu\u2019y a-t-il de plus beau que d\u2019\u00e9veiller les sens des consommateurs et consommatrices avec de d\u00e9licieuses gourmandises. Souvent, l\u2019hospitalit\u00e9 et les produits sucr\u00e9s ou sal\u00e9s de nos membres font na\u00eetre de beaux sourires sur les visages stress\u00e9s. Le nombre de m\u00e9tiers le permettant se compte sur les doigts d\u2019une main\u2026<\/p>\n\n\n\n<p class=\"has-text-align-right\"><em>Claudia Vernocchi<br>Vice-directrice, responsable de \u00ab\u2009Panissimo\u2009\u00bb<\/em><\/p>\n","protected":false},"excerpt":{"rendered":"<p>Ch\u00e8re lectrice, cher lecteur, \u00ab\u2009On trouve beaucoup de critiques \u00e0 notre \u00e9gard et tr\u00e8s peu de choses positives dans vos \u00e9ditoriaux\u2009\u00bb, a d\u00e9clar\u00e9 au t\u00e9l\u00e9phone un membre d\u00e9sappoint\u00e9 il y a quelque temps de cela. A raison. Nous utilisons les \u00e9ditoriaux pour attirer l\u2019attention de nos membres sur des campagnes, des probl\u00e8mes et des th\u00e8mes politiques notamment. Il est rare [&hellip;]<\/p>\n","protected":false},"author":5,"featured_media":51732,"comment_status":"closed","ping_status":"closed","sticky":true,"template":"","format":"standard","meta":{"_acf_changed":false,"footnotes":""},"categories":[41],"tags":[],"class_list":["post-76740","post","type-post","status-publish","format-standard","has-post-thumbnail","hentry","category-association"],"acf":[],"yoast_head":"<!-- This site is optimized with the Yoast SEO Premium plugin v26.8 (Yoast SEO v26.8) - https:\/\/yoast.com\/product\/yoast-seo-premium-wordpress\/ -->\n<title>Qu\u2019y a-t-il de plus beau? | SBC<\/title>\n<meta name=\"description\" content=\"Souvent, l\u2019hospitalit\u00e9 et les produits sucr\u00e9s ou sal\u00e9s de nos membres font na\u00eetre de beaux sourires sur les visages stress\u00e9s.\" \/>\n<meta name=\"robots\" content=\"index, follow, max-snippet:-1, max-image-preview:large, max-video-preview:-1\" \/>\n<link rel=\"canonical\" href=\"https:\/\/swissbaker.ch\/fr\/panissimo-news\/quy-a-t-il-de-plus-beau\/\" \/>\n<meta property=\"og:locale\" content=\"fr_FR\" \/>\n<meta property=\"og:type\" content=\"article\" \/>\n<meta property=\"og:title\" content=\"Qu\u2019y a-t-il de plus beau?\" \/>\n<meta property=\"og:description\" content=\"Souvent, l\u2019hospitalit\u00e9 et les produits sucr\u00e9s ou sal\u00e9s de nos membres font na\u00eetre de beaux sourires sur les visages stress\u00e9s.\" \/>\n<meta property=\"og:url\" content=\"https:\/\/swissbaker.ch\/fr\/panissimo-news\/quy-a-t-il-de-plus-beau\/\" \/>\n<meta property=\"og:site_name\" content=\"SBC\" \/>\n<meta property=\"article:publisher\" content=\"https:\/\/www.facebook.com\/swissbaker.ch\" \/>\n<meta property=\"article:published_time\" content=\"2024-03-20T12:12:00+00:00\" \/>\n<meta property=\"article:modified_time\" content=\"2024-03-20T12:18:57+00:00\" \/>\n<meta property=\"og:image\" content=\"https:\/\/swissbaker.ch\/wp-content\/uploads\/2022\/10\/20_1_claudia_vernocchi.jpg\" \/>\n\t<meta property=\"og:image:width\" content=\"1200\" \/>\n\t<meta property=\"og:image:height\" content=\"712\" \/>\n\t<meta property=\"og:image:type\" content=\"image\/jpeg\" \/>\n<meta name=\"author\" content=\"Simon Nussbaum\" \/>\n<meta name=\"twitter:card\" content=\"summary_large_image\" \/>\n<meta name=\"twitter:creator\" content=\"@ch_swissbaker\" \/>\n<meta name=\"twitter:site\" content=\"@ch_swissbaker\" \/>\n<meta name=\"twitter:label1\" content=\"Written by\" \/>\n\t<meta name=\"twitter:data1\" content=\"Simon Nussbaum\" \/>\n\t<meta name=\"twitter:label2\" content=\"Est. reading time\" \/>\n\t<meta name=\"twitter:data2\" content=\"2 minutes\" \/>\n<script type=\"application\/ld+json\" class=\"yoast-schema-graph\">{\"@context\":\"https:\/\/schema.org\",\"@graph\":[{\"@type\":\"Article\",\"@id\":\"https:\/\/swissbaker.ch\/fr\/panissimo-news\/quy-a-t-il-de-plus-beau\/#article\",\"isPartOf\":{\"@id\":\"https:\/\/swissbaker.ch\/fr\/panissimo-news\/quy-a-t-il-de-plus-beau\/\"},\"author\":{\"name\":\"Simon Nussbaum\",\"@id\":\"https:\/\/swissbaker.ch\/fr\/#\/schema\/person\/74bd327b08c18ca6042c02ff6f0ed5e2\"},\"headline\":\"Qu\u2019y a-t-il de plus beau?\",\"datePublished\":\"2024-03-20T12:12:00+00:00\",\"dateModified\":\"2024-03-20T12:18:57+00:00\",\"mainEntityOfPage\":{\"@id\":\"https:\/\/swissbaker.ch\/fr\/panissimo-news\/quy-a-t-il-de-plus-beau\/\"},\"wordCount\":344,\"publisher\":{\"@id\":\"https:\/\/swissbaker.ch\/fr\/#organization\"},\"image\":{\"@id\":\"https:\/\/swissbaker.ch\/fr\/panissimo-news\/quy-a-t-il-de-plus-beau\/#primaryimage\"},\"thumbnailUrl\":\"https:\/\/swissbaker.ch\/wp-content\/uploads\/2022\/10\/20_1_claudia_vernocchi.jpg\",\"articleSection\":[\"Association\"],\"inLanguage\":\"fr-FR\"},{\"@type\":\"WebPage\",\"@id\":\"https:\/\/swissbaker.ch\/fr\/panissimo-news\/quy-a-t-il-de-plus-beau\/\",\"url\":\"https:\/\/swissbaker.ch\/fr\/panissimo-news\/quy-a-t-il-de-plus-beau\/\",\"name\":\"Qu\u2019y a-t-il de plus beau? | SBC\",\"isPartOf\":{\"@id\":\"https:\/\/swissbaker.ch\/fr\/#website\"},\"primaryImageOfPage\":{\"@id\":\"https:\/\/swissbaker.ch\/fr\/panissimo-news\/quy-a-t-il-de-plus-beau\/#primaryimage\"},\"image\":{\"@id\":\"https:\/\/swissbaker.ch\/fr\/panissimo-news\/quy-a-t-il-de-plus-beau\/#primaryimage\"},\"thumbnailUrl\":\"https:\/\/swissbaker.ch\/wp-content\/uploads\/2022\/10\/20_1_claudia_vernocchi.jpg\",\"datePublished\":\"2024-03-20T12:12:00+00:00\",\"dateModified\":\"2024-03-20T12:18:57+00:00\",\"description\":\"Souvent, l\u2019hospitalit\u00e9 et les produits sucr\u00e9s ou sal\u00e9s de nos membres font na\u00eetre de beaux sourires sur les visages stress\u00e9s.\",\"breadcrumb\":{\"@id\":\"https:\/\/swissbaker.ch\/fr\/panissimo-news\/quy-a-t-il-de-plus-beau\/#breadcrumb\"},\"inLanguage\":\"fr-FR\",\"potentialAction\":[{\"@type\":\"ReadAction\",\"target\":[\"https:\/\/swissbaker.ch\/fr\/panissimo-news\/quy-a-t-il-de-plus-beau\/\"]}]},{\"@type\":\"ImageObject\",\"inLanguage\":\"fr-FR\",\"@id\":\"https:\/\/swissbaker.ch\/fr\/panissimo-news\/quy-a-t-il-de-plus-beau\/#primaryimage\",\"url\":\"https:\/\/swissbaker.ch\/wp-content\/uploads\/2022\/10\/20_1_claudia_vernocchi.jpg\",\"contentUrl\":\"https:\/\/swissbaker.ch\/wp-content\/uploads\/2022\/10\/20_1_claudia_vernocchi.jpg\",\"width\":1200,\"height\":712},{\"@type\":\"BreadcrumbList\",\"@id\":\"https:\/\/swissbaker.ch\/fr\/panissimo-news\/quy-a-t-il-de-plus-beau\/#breadcrumb\",\"itemListElement\":[{\"@type\":\"ListItem\",\"position\":1,\"name\":\"\",\"item\":\"https:\/\/swissbaker.ch\/fr\/\"},{\"@type\":\"ListItem\",\"position\":2,\"name\":\"Association\",\"item\":\"https:\/\/swissbaker.ch\/fr\/panissimo-news\/category\/association\/\"},{\"@type\":\"ListItem\",\"position\":3,\"name\":\"Qu\u2019y a-t-il de plus beau?\"}]},{\"@type\":\"WebSite\",\"@id\":\"https:\/\/swissbaker.ch\/fr\/#website\",\"url\":\"https:\/\/swissbaker.ch\/fr\/\",\"name\":\"SBC\",\"description\":\"\",\"publisher\":{\"@id\":\"https:\/\/swissbaker.ch\/fr\/#organization\"},\"potentialAction\":[{\"@type\":\"SearchAction\",\"target\":{\"@type\":\"EntryPoint\",\"urlTemplate\":\"https:\/\/swissbaker.ch\/fr\/?s={search_term_string}\"},\"query-input\":{\"@type\":\"PropertyValueSpecification\",\"valueRequired\":true,\"valueName\":\"search_term_string\"}}],\"inLanguage\":\"fr-FR\"},{\"@type\":\"Organization\",\"@id\":\"https:\/\/swissbaker.ch\/fr\/#organization\",\"name\":\"Schweizerischer B\u00e4cker-Confiseurmeister-Verband\",\"url\":\"https:\/\/swissbaker.ch\/fr\/\",\"logo\":{\"@type\":\"ImageObject\",\"inLanguage\":\"fr-FR\",\"@id\":\"https:\/\/swissbaker.ch\/fr\/#\/schema\/logo\/image\/\",\"url\":\"https:\/\/swissbaker.ch\/wp-content\/uploads\/2022\/04\/sbc-logo-yoast.jpg\",\"contentUrl\":\"https:\/\/swissbaker.ch\/wp-content\/uploads\/2022\/04\/sbc-logo-yoast.jpg\",\"width\":512,\"height\":512,\"caption\":\"Schweizerischer B\u00e4cker-Confiseurmeister-Verband\"},\"image\":{\"@id\":\"https:\/\/swissbaker.ch\/fr\/#\/schema\/logo\/image\/\"},\"sameAs\":[\"https:\/\/www.facebook.com\/swissbaker.ch\",\"https:\/\/x.com\/ch_swissbaker\"]},{\"@type\":\"Person\",\"@id\":\"https:\/\/swissbaker.ch\/fr\/#\/schema\/person\/74bd327b08c18ca6042c02ff6f0ed5e2\",\"name\":\"Simon Nussbaum\",\"image\":{\"@type\":\"ImageObject\",\"inLanguage\":\"fr-FR\",\"@id\":\"https:\/\/swissbaker.ch\/fr\/#\/schema\/person\/image\/\",\"url\":\"https:\/\/secure.gravatar.com\/avatar\/df0eced3bb556c806cb760cf503ade1ed1df25b4104d80d6fd28d93a9509aa12?s=96&d=mm&r=g\",\"contentUrl\":\"https:\/\/secure.gravatar.com\/avatar\/df0eced3bb556c806cb760cf503ade1ed1df25b4104d80d6fd28d93a9509aa12?s=96&d=mm&r=g\",\"caption\":\"Simon Nussbaum\"},\"url\":\"https:\/\/swissbaker.ch\/fr\/panissimo-news\/author\/simon-nussbaum\/\"}]}<\/script>\n<!-- \/ Yoast SEO Premium plugin. -->","yoast_head_json":{"title":"Qu\u2019y a-t-il de plus beau? | SBC","description":"Souvent, l\u2019hospitalit\u00e9 et les produits sucr\u00e9s ou sal\u00e9s de nos membres font na\u00eetre de beaux sourires sur les visages stress\u00e9s.","robots":{"index":"index","follow":"follow","max-snippet":"max-snippet:-1","max-image-preview":"max-image-preview:large","max-video-preview":"max-video-preview:-1"},"canonical":"https:\/\/swissbaker.ch\/fr\/panissimo-news\/quy-a-t-il-de-plus-beau\/","og_locale":"fr_FR","og_type":"article","og_title":"Qu\u2019y a-t-il de plus beau?","og_description":"Souvent, l\u2019hospitalit\u00e9 et les produits sucr\u00e9s ou sal\u00e9s de nos membres font na\u00eetre de beaux sourires sur les visages stress\u00e9s.","og_url":"https:\/\/swissbaker.ch\/fr\/panissimo-news\/quy-a-t-il-de-plus-beau\/","og_site_name":"SBC","article_publisher":"https:\/\/www.facebook.com\/swissbaker.ch","article_published_time":"2024-03-20T12:12:00+00:00","article_modified_time":"2024-03-20T12:18:57+00:00","og_image":[{"width":1200,"height":712,"url":"https:\/\/swissbaker.ch\/wp-content\/uploads\/2022\/10\/20_1_claudia_vernocchi.jpg","type":"image\/jpeg"}],"author":"Simon Nussbaum","twitter_card":"summary_large_image","twitter_creator":"@ch_swissbaker","twitter_site":"@ch_swissbaker","twitter_misc":{"Written by":"Simon Nussbaum","Est. reading time":"2 minutes"},"schema":{"@context":"https:\/\/schema.org","@graph":[{"@type":"Article","@id":"https:\/\/swissbaker.ch\/fr\/panissimo-news\/quy-a-t-il-de-plus-beau\/#article","isPartOf":{"@id":"https:\/\/swissbaker.ch\/fr\/panissimo-news\/quy-a-t-il-de-plus-beau\/"},"author":{"name":"Simon Nussbaum","@id":"https:\/\/swissbaker.ch\/fr\/#\/schema\/person\/74bd327b08c18ca6042c02ff6f0ed5e2"},"headline":"Qu\u2019y a-t-il de plus beau?","datePublished":"2024-03-20T12:12:00+00:00","dateModified":"2024-03-20T12:18:57+00:00","mainEntityOfPage":{"@id":"https:\/\/swissbaker.ch\/fr\/panissimo-news\/quy-a-t-il-de-plus-beau\/"},"wordCount":344,"publisher":{"@id":"https:\/\/swissbaker.ch\/fr\/#organization"},"image":{"@id":"https:\/\/swissbaker.ch\/fr\/panissimo-news\/quy-a-t-il-de-plus-beau\/#primaryimage"},"thumbnailUrl":"https:\/\/swissbaker.ch\/wp-content\/uploads\/2022\/10\/20_1_claudia_vernocchi.jpg","articleSection":["Association"],"inLanguage":"fr-FR"},{"@type":"WebPage","@id":"https:\/\/swissbaker.ch\/fr\/panissimo-news\/quy-a-t-il-de-plus-beau\/","url":"https:\/\/swissbaker.ch\/fr\/panissimo-news\/quy-a-t-il-de-plus-beau\/","name":"Qu\u2019y a-t-il de plus beau? | SBC","isPartOf":{"@id":"https:\/\/swissbaker.ch\/fr\/#website"},"primaryImageOfPage":{"@id":"https:\/\/swissbaker.ch\/fr\/panissimo-news\/quy-a-t-il-de-plus-beau\/#primaryimage"},"image":{"@id":"https:\/\/swissbaker.ch\/fr\/panissimo-news\/quy-a-t-il-de-plus-beau\/#primaryimage"},"thumbnailUrl":"https:\/\/swissbaker.ch\/wp-content\/uploads\/2022\/10\/20_1_claudia_vernocchi.jpg","datePublished":"2024-03-20T12:12:00+00:00","dateModified":"2024-03-20T12:18:57+00:00","description":"Souvent, l\u2019hospitalit\u00e9 et les produits sucr\u00e9s ou sal\u00e9s de nos membres font na\u00eetre de beaux sourires sur les visages stress\u00e9s.","breadcrumb":{"@id":"https:\/\/swissbaker.ch\/fr\/panissimo-news\/quy-a-t-il-de-plus-beau\/#breadcrumb"},"inLanguage":"fr-FR","potentialAction":[{"@type":"ReadAction","target":["https:\/\/swissbaker.ch\/fr\/panissimo-news\/quy-a-t-il-de-plus-beau\/"]}]},{"@type":"ImageObject","inLanguage":"fr-FR","@id":"https:\/\/swissbaker.ch\/fr\/panissimo-news\/quy-a-t-il-de-plus-beau\/#primaryimage","url":"https:\/\/swissbaker.ch\/wp-content\/uploads\/2022\/10\/20_1_claudia_vernocchi.jpg","contentUrl":"https:\/\/swissbaker.ch\/wp-content\/uploads\/2022\/10\/20_1_claudia_vernocchi.jpg","width":1200,"height":712},{"@type":"BreadcrumbList","@id":"https:\/\/swissbaker.ch\/fr\/panissimo-news\/quy-a-t-il-de-plus-beau\/#breadcrumb","itemListElement":[{"@type":"ListItem","position":1,"name":"","item":"https:\/\/swissbaker.ch\/fr\/"},{"@type":"ListItem","position":2,"name":"Association","item":"https:\/\/swissbaker.ch\/fr\/panissimo-news\/category\/association\/"},{"@type":"ListItem","position":3,"name":"Qu\u2019y a-t-il de plus beau?"}]},{"@type":"WebSite","@id":"https:\/\/swissbaker.ch\/fr\/#website","url":"https:\/\/swissbaker.ch\/fr\/","name":"SBC","description":"","publisher":{"@id":"https:\/\/swissbaker.ch\/fr\/#organization"},"potentialAction":[{"@type":"SearchAction","target":{"@type":"EntryPoint","urlTemplate":"https:\/\/swissbaker.ch\/fr\/?s={search_term_string}"},"query-input":{"@type":"PropertyValueSpecification","valueRequired":true,"valueName":"search_term_string"}}],"inLanguage":"fr-FR"},{"@type":"Organization","@id":"https:\/\/swissbaker.ch\/fr\/#organization","name":"Schweizerischer B\u00e4cker-Confiseurmeister-Verband","url":"https:\/\/swissbaker.ch\/fr\/","logo":{"@type":"ImageObject","inLanguage":"fr-FR","@id":"https:\/\/swissbaker.ch\/fr\/#\/schema\/logo\/image\/","url":"https:\/\/swissbaker.ch\/wp-content\/uploads\/2022\/04\/sbc-logo-yoast.jpg","contentUrl":"https:\/\/swissbaker.ch\/wp-content\/uploads\/2022\/04\/sbc-logo-yoast.jpg","width":512,"height":512,"caption":"Schweizerischer B\u00e4cker-Confiseurmeister-Verband"},"image":{"@id":"https:\/\/swissbaker.ch\/fr\/#\/schema\/logo\/image\/"},"sameAs":["https:\/\/www.facebook.com\/swissbaker.ch","https:\/\/x.com\/ch_swissbaker"]},{"@type":"Person","@id":"https:\/\/swissbaker.ch\/fr\/#\/schema\/person\/74bd327b08c18ca6042c02ff6f0ed5e2","name":"Simon Nussbaum","image":{"@type":"ImageObject","inLanguage":"fr-FR","@id":"https:\/\/swissbaker.ch\/fr\/#\/schema\/person\/image\/","url":"https:\/\/secure.gravatar.com\/avatar\/df0eced3bb556c806cb760cf503ade1ed1df25b4104d80d6fd28d93a9509aa12?s=96&d=mm&r=g","contentUrl":"https:\/\/secure.gravatar.com\/avatar\/df0eced3bb556c806cb760cf503ade1ed1df25b4104d80d6fd28d93a9509aa12?s=96&d=mm&r=g","caption":"Simon Nussbaum"},"url":"https:\/\/swissbaker.ch\/fr\/panissimo-news\/author\/simon-nussbaum\/"}]}},"_links":{"self":[{"href":"https:\/\/swissbaker.ch\/fr\/wp-json\/wp\/v2\/posts\/76740","targetHints":{"allow":["GET"]}}],"collection":[{"href":"https:\/\/swissbaker.ch\/fr\/wp-json\/wp\/v2\/posts"}],"about":[{"href":"https:\/\/swissbaker.ch\/fr\/wp-json\/wp\/v2\/types\/post"}],"author":[{"embeddable":true,"href":"https:\/\/swissbaker.ch\/fr\/wp-json\/wp\/v2\/users\/5"}],"replies":[{"embeddable":true,"href":"https:\/\/swissbaker.ch\/fr\/wp-json\/wp\/v2\/comments?post=76740"}],"version-history":[{"count":0,"href":"https:\/\/swissbaker.ch\/fr\/wp-json\/wp\/v2\/posts\/76740\/revisions"}],"wp:featuredmedia":[{"embeddable":true,"href":"https:\/\/swissbaker.ch\/fr\/wp-json\/wp\/v2\/media\/51732"}],"wp:attachment":[{"href":"https:\/\/swissbaker.ch\/fr\/wp-json\/wp\/v2\/media?parent=76740"}],"wp:term":[{"taxonomy":"category","embeddable":true,"href":"https:\/\/swissbaker.ch\/fr\/wp-json\/wp\/v2\/categories?post=76740"},{"taxonomy":"post_tag","embeddable":true,"href":"https:\/\/swissbaker.ch\/fr\/wp-json\/wp\/v2\/tags?post=76740"}],"curies":[{"name":"wp","href":"https:\/\/api.w.org\/{rel}","templated":true}]}}