{"id":7665,"date":"2021-11-03T16:38:00","date_gmt":"2021-11-03T15:38:00","guid":{"rendered":"https:\/\/swissbaker.ch\/?p=7665"},"modified":"2022-04-29T16:50:50","modified_gmt":"2022-04-29T14:50:50","slug":"prix-a-verifier-et-a-ajuster-si-necessaire","status":"publish","type":"post","link":"https:\/\/swissbaker.ch\/fr\/panissimo-news\/prix-a-verifier-et-a-ajuster-si-necessaire\/","title":{"rendered":"Prix \u00e0 v\u00e9rifier et \u00e0 ajuster si n\u00e9cessaire"},"content":{"rendered":"\n<p><strong>Les co\u00fbts pour les artisans boulangerie-confiseurs grimpent rapidement. Les d\u00e9penses pour les mati\u00e8res premi\u00e8res, l\u2019emballage, l\u2019\u00e9nergie, les frais li\u00e9s aux cartes de cr\u00e9dit et de d\u00e9bit, etc. ont augment\u00e9 jusqu\u2019\u00e0 15\u202f%. L\u2019Association suisse des patrons boulangers-confiseurs recommande \u00e0 ses membres de proc\u00e9der \u00e0 une analyse des prix et, si n\u00e9cessaire, \u00e0 un ajustement.<\/strong><\/p>\n\n\n\n<p><em>En raison de l\u2019augmentation des co\u00fbts dans diff\u00e9rents domaines, il reste moins d\u2019argent dans les caisses de l\u2019entreprise au final.<\/em><\/p>\n\n\n\n<p>Depuis le d\u00e9but de l\u2019ann\u00e9e, les cours mondiaux des denr\u00e9es alimentaires, des mati\u00e8res premi\u00e8res et de l\u2019\u00e9nergie sont en constante hausse. Ce fait, ainsi que la r\u00e9colte d\u00e9sastreuse (des c\u00e9r\u00e9ales, notamment) due aux conditions climatiques d\u00e9sastreuses de ce printemps et de cet \u00e9t\u00e9, sont des causes suppl\u00e9mentaires de l\u2019augmentation consid\u00e9rable des co\u00fbts dans le secteur.<\/p>\n\n\n\n<p>Il appartient \u00e0 chaque membre de d\u00e9cider dans quelle mesure et de quelle mani\u00e8re un ajustement des prix doit intervenir dans les boulangeries-confiseries artisanales. Un calcul des prix en raison des diff\u00e9rences de disponibilit\u00e9 et des hausses de co\u00fbt s\u2019impose dans toute la gamme de produits.<\/p>\n\n\n\n<p>L\u2019Association suisse des patrons boulangers-confiseurs compte pr\u00e8s de 1400 membres, de la grande entreprise \u00e0 la microentreprise. La diversit\u00e9 est grande\u2009: boulangerie, p\u00e2tisserie, confiserie. Certains \u00e9tablissements sont avec caf\u00e9\/restaurant, d\u2019autres proposent de l\u2019\u00e9picerie. Pour certains, la part du chiffre d\u2019affaires dans les livraisons est tr\u00e8s importante, pour d\u2019autres marginale. Plusieurs membres ont augment\u00e9 leurs prix, certains y ont renonc\u00e9 jusqu\u2019\u00e0 pr\u00e9sent, d\u2019autres encore y songent.<\/p>\n\n\n\n<h2 class=\"wp-block-heading\" id=\"h-situation-pandemique-differente\">Situation pand\u00e9mique diff\u00e9rente<\/h2>\n\n\n\n<p>La situation en lien avec le coronavirus est v\u00e9cue diff\u00e9remment selon les membres. Alors que les uns se plaignaient ou se plaignent de baisses massives de chiffre d\u2019affaires, d\u2019autres se r\u00e9jouissent d\u2019une \u00e9volution inverse.<\/p>\n\n\n\n<h2 class=\"wp-block-heading\" id=\"h-besoins-croissants-de-clients\">Besoins croissants de clients<\/h2>\n\n\n\n<p>Ces derni\u00e8res ann\u00e9es, de nombreuses entreprises ont adapt\u00e9 leur production aux besoins croissants des consommateurs. La durabilit\u00e9 est beaucoup plus prise en compte. La fabrication d\u2019un pain est devenue plus complexe et n\u00e9cessite aussi beaucoup plus de savoir-faire en th\u00e9orie et en pratique (r\u00e9gionalit\u00e9, longue p\u00e2te, levain, etc.), par exemple De m\u00eame, ces derni\u00e8res ann\u00e9es, la vente, les conseils ont \u00e9t\u00e9 intensifi\u00e9s.<br>\u00a0<\/p>\n","protected":false},"excerpt":{"rendered":"<p>Les co\u00fbts pour les artisans boulangerie-confiseurs grimpent rapidement. Les d\u00e9penses pour les mati\u00e8res premi\u00e8res, l\u2019emballage, l\u2019\u00e9nergie, les frais li\u00e9s aux cartes de cr\u00e9dit et de d\u00e9bit, etc. ont augment\u00e9 jusqu\u2019\u00e0 15\u202f%. L\u2019Association suisse des patrons boulangers-confiseurs recommande \u00e0 ses membres de proc\u00e9der \u00e0 une analyse des prix et, si n\u00e9cessaire, \u00e0 un ajustement. En raison de l\u2019augmentation des co\u00fbts dans [&hellip;]<\/p>\n","protected":false},"author":1,"featured_media":5140,"comment_status":"open","ping_status":"closed","sticky":false,"template":"","format":"standard","meta":{"_acf_changed":false,"footnotes":""},"categories":[41,50],"tags":[],"class_list":["post-7665","post","type-post","status-publish","format-standard","has-post-thumbnail","hentry","category-association","category-vente-marketing"],"acf":[],"yoast_head":"<!-- This site is optimized with the Yoast SEO Premium plugin v26.8 (Yoast SEO v26.8) - https:\/\/yoast.com\/product\/yoast-seo-premium-wordpress\/ -->\n<title>Prix \u00e0 v\u00e9rifier et \u00e0 ajuster si n\u00e9cessaire | SBC<\/title>\n<meta name=\"robots\" content=\"index, follow, max-snippet:-1, max-image-preview:large, max-video-preview:-1\" \/>\n<link rel=\"canonical\" href=\"https:\/\/swissbaker.ch\/fr\/panissimo-news\/prix-a-verifier-et-a-ajuster-si-necessaire\/\" \/>\n<meta property=\"og:locale\" content=\"fr_FR\" \/>\n<meta property=\"og:type\" content=\"article\" \/>\n<meta property=\"og:title\" content=\"Prix \u00e0 v\u00e9rifier et \u00e0 ajuster si n\u00e9cessaire\" \/>\n<meta property=\"og:description\" content=\"Les co\u00fbts pour les artisans boulangerie-confiseurs grimpent rapidement. Les d\u00e9penses pour les mati\u00e8res premi\u00e8res, l\u2019emballage, l\u2019\u00e9nergie, les frais li\u00e9s aux cartes de cr\u00e9dit et de d\u00e9bit, etc. ont augment\u00e9 jusqu\u2019\u00e0 15\u202f%. L\u2019Association suisse des patrons boulangers-confiseurs recommande \u00e0 ses membres de proc\u00e9der \u00e0 une analyse des prix et, si n\u00e9cessaire, \u00e0 un ajustement. En raison de l\u2019augmentation des co\u00fbts dans [&hellip;]\" \/>\n<meta property=\"og:url\" content=\"https:\/\/swissbaker.ch\/fr\/panissimo-news\/prix-a-verifier-et-a-ajuster-si-necessaire\/\" \/>\n<meta property=\"og:site_name\" content=\"SBC\" \/>\n<meta property=\"article:publisher\" content=\"https:\/\/www.facebook.com\/swissbaker.ch\" \/>\n<meta property=\"article:published_time\" content=\"2021-11-03T15:38:00+00:00\" \/>\n<meta property=\"article:modified_time\" content=\"2022-04-29T14:50:50+00:00\" \/>\n<meta property=\"og:image\" content=\"https:\/\/swissbaker.ch\/wp-content\/uploads\/2022\/03\/22_1_preise.jpeg\" \/>\n\t<meta property=\"og:image:width\" content=\"800\" \/>\n\t<meta property=\"og:image:height\" content=\"474\" \/>\n\t<meta property=\"og:image:type\" content=\"image\/jpeg\" \/>\n<meta name=\"author\" content=\"azureart\" \/>\n<meta name=\"twitter:card\" content=\"summary_large_image\" \/>\n<meta name=\"twitter:creator\" content=\"@ch_swissbaker\" \/>\n<meta name=\"twitter:site\" content=\"@ch_swissbaker\" \/>\n<meta name=\"twitter:label1\" content=\"Written by\" \/>\n\t<meta name=\"twitter:data1\" content=\"azureart\" \/>\n\t<meta name=\"twitter:label2\" content=\"Est. reading time\" \/>\n\t<meta name=\"twitter:data2\" content=\"2 minutes\" \/>\n<script type=\"application\/ld+json\" class=\"yoast-schema-graph\">{\"@context\":\"https:\/\/schema.org\",\"@graph\":[{\"@type\":\"Article\",\"@id\":\"https:\/\/swissbaker.ch\/fr\/panissimo-news\/prix-a-verifier-et-a-ajuster-si-necessaire\/#article\",\"isPartOf\":{\"@id\":\"https:\/\/swissbaker.ch\/fr\/panissimo-news\/prix-a-verifier-et-a-ajuster-si-necessaire\/\"},\"author\":{\"name\":\"azureart\",\"@id\":\"https:\/\/swissbaker.ch\/fr\/#\/schema\/person\/058ac47619f7da53df62aba60f939b78\"},\"headline\":\"Prix \u00e0 v\u00e9rifier et \u00e0 ajuster si n\u00e9cessaire\",\"datePublished\":\"2021-11-03T15:38:00+00:00\",\"dateModified\":\"2022-04-29T14:50:50+00:00\",\"mainEntityOfPage\":{\"@id\":\"https:\/\/swissbaker.ch\/fr\/panissimo-news\/prix-a-verifier-et-a-ajuster-si-necessaire\/\"},\"wordCount\":411,\"commentCount\":0,\"publisher\":{\"@id\":\"https:\/\/swissbaker.ch\/fr\/#organization\"},\"image\":{\"@id\":\"https:\/\/swissbaker.ch\/fr\/panissimo-news\/prix-a-verifier-et-a-ajuster-si-necessaire\/#primaryimage\"},\"thumbnailUrl\":\"https:\/\/swissbaker.ch\/wp-content\/uploads\/2022\/03\/22_1_preise.jpeg\",\"articleSection\":[\"Association\",\"Vente\/Marketing\"],\"inLanguage\":\"fr-FR\",\"potentialAction\":[{\"@type\":\"CommentAction\",\"name\":\"Comment\",\"target\":[\"https:\/\/swissbaker.ch\/fr\/panissimo-news\/prix-a-verifier-et-a-ajuster-si-necessaire\/#respond\"]}]},{\"@type\":\"WebPage\",\"@id\":\"https:\/\/swissbaker.ch\/fr\/panissimo-news\/prix-a-verifier-et-a-ajuster-si-necessaire\/\",\"url\":\"https:\/\/swissbaker.ch\/fr\/panissimo-news\/prix-a-verifier-et-a-ajuster-si-necessaire\/\",\"name\":\"Prix \u00e0 v\u00e9rifier et \u00e0 ajuster si n\u00e9cessaire | SBC\",\"isPartOf\":{\"@id\":\"https:\/\/swissbaker.ch\/fr\/#website\"},\"primaryImageOfPage\":{\"@id\":\"https:\/\/swissbaker.ch\/fr\/panissimo-news\/prix-a-verifier-et-a-ajuster-si-necessaire\/#primaryimage\"},\"image\":{\"@id\":\"https:\/\/swissbaker.ch\/fr\/panissimo-news\/prix-a-verifier-et-a-ajuster-si-necessaire\/#primaryimage\"},\"thumbnailUrl\":\"https:\/\/swissbaker.ch\/wp-content\/uploads\/2022\/03\/22_1_preise.jpeg\",\"datePublished\":\"2021-11-03T15:38:00+00:00\",\"dateModified\":\"2022-04-29T14:50:50+00:00\",\"breadcrumb\":{\"@id\":\"https:\/\/swissbaker.ch\/fr\/panissimo-news\/prix-a-verifier-et-a-ajuster-si-necessaire\/#breadcrumb\"},\"inLanguage\":\"fr-FR\",\"potentialAction\":[{\"@type\":\"ReadAction\",\"target\":[\"https:\/\/swissbaker.ch\/fr\/panissimo-news\/prix-a-verifier-et-a-ajuster-si-necessaire\/\"]}]},{\"@type\":\"ImageObject\",\"inLanguage\":\"fr-FR\",\"@id\":\"https:\/\/swissbaker.ch\/fr\/panissimo-news\/prix-a-verifier-et-a-ajuster-si-necessaire\/#primaryimage\",\"url\":\"https:\/\/swissbaker.ch\/wp-content\/uploads\/2022\/03\/22_1_preise.jpeg\",\"contentUrl\":\"https:\/\/swissbaker.ch\/wp-content\/uploads\/2022\/03\/22_1_preise.jpeg\",\"width\":800,\"height\":474,\"caption\":\"Prix \u00e0 v\u00e9rifier et \u00e0 ajuster si n\u00e9cessaire\"},{\"@type\":\"BreadcrumbList\",\"@id\":\"https:\/\/swissbaker.ch\/fr\/panissimo-news\/prix-a-verifier-et-a-ajuster-si-necessaire\/#breadcrumb\",\"itemListElement\":[{\"@type\":\"ListItem\",\"position\":1,\"name\":\"\",\"item\":\"https:\/\/swissbaker.ch\/fr\/\"},{\"@type\":\"ListItem\",\"position\":2,\"name\":\"Association\",\"item\":\"https:\/\/swissbaker.ch\/fr\/panissimo-news\/category\/association\/\"},{\"@type\":\"ListItem\",\"position\":3,\"name\":\"Prix \u00e0 v\u00e9rifier et \u00e0 ajuster si n\u00e9cessaire\"}]},{\"@type\":\"WebSite\",\"@id\":\"https:\/\/swissbaker.ch\/fr\/#website\",\"url\":\"https:\/\/swissbaker.ch\/fr\/\",\"name\":\"SBC\",\"description\":\"\",\"publisher\":{\"@id\":\"https:\/\/swissbaker.ch\/fr\/#organization\"},\"potentialAction\":[{\"@type\":\"SearchAction\",\"target\":{\"@type\":\"EntryPoint\",\"urlTemplate\":\"https:\/\/swissbaker.ch\/fr\/?s={search_term_string}\"},\"query-input\":{\"@type\":\"PropertyValueSpecification\",\"valueRequired\":true,\"valueName\":\"search_term_string\"}}],\"inLanguage\":\"fr-FR\"},{\"@type\":\"Organization\",\"@id\":\"https:\/\/swissbaker.ch\/fr\/#organization\",\"name\":\"Schweizerischer B\u00e4cker-Confiseurmeister-Verband\",\"url\":\"https:\/\/swissbaker.ch\/fr\/\",\"logo\":{\"@type\":\"ImageObject\",\"inLanguage\":\"fr-FR\",\"@id\":\"https:\/\/swissbaker.ch\/fr\/#\/schema\/logo\/image\/\",\"url\":\"https:\/\/swissbaker.ch\/wp-content\/uploads\/2022\/04\/sbc-logo-yoast.jpg\",\"contentUrl\":\"https:\/\/swissbaker.ch\/wp-content\/uploads\/2022\/04\/sbc-logo-yoast.jpg\",\"width\":512,\"height\":512,\"caption\":\"Schweizerischer B\u00e4cker-Confiseurmeister-Verband\"},\"image\":{\"@id\":\"https:\/\/swissbaker.ch\/fr\/#\/schema\/logo\/image\/\"},\"sameAs\":[\"https:\/\/www.facebook.com\/swissbaker.ch\",\"https:\/\/x.com\/ch_swissbaker\"]},{\"@type\":\"Person\",\"@id\":\"https:\/\/swissbaker.ch\/fr\/#\/schema\/person\/058ac47619f7da53df62aba60f939b78\",\"name\":\"azureart\",\"image\":{\"@type\":\"ImageObject\",\"inLanguage\":\"fr-FR\",\"@id\":\"https:\/\/swissbaker.ch\/fr\/#\/schema\/person\/image\/\",\"url\":\"https:\/\/secure.gravatar.com\/avatar\/be04dd3098fd612c83067af4f7a295384c93cb6a9112f51beb9d2f477d25da61?s=96&d=mm&r=g\",\"contentUrl\":\"https:\/\/secure.gravatar.com\/avatar\/be04dd3098fd612c83067af4f7a295384c93cb6a9112f51beb9d2f477d25da61?s=96&d=mm&r=g\",\"caption\":\"azureart\"},\"sameAs\":[\"https:\/\/swissbaker.ch\"],\"url\":\"https:\/\/swissbaker.ch\/fr\/panissimo-news\/author\/pixel-ahoi\/\"}]}<\/script>\n<!-- \/ Yoast SEO Premium plugin. -->","yoast_head_json":{"title":"Prix \u00e0 v\u00e9rifier et \u00e0 ajuster si n\u00e9cessaire | SBC","robots":{"index":"index","follow":"follow","max-snippet":"max-snippet:-1","max-image-preview":"max-image-preview:large","max-video-preview":"max-video-preview:-1"},"canonical":"https:\/\/swissbaker.ch\/fr\/panissimo-news\/prix-a-verifier-et-a-ajuster-si-necessaire\/","og_locale":"fr_FR","og_type":"article","og_title":"Prix \u00e0 v\u00e9rifier et \u00e0 ajuster si n\u00e9cessaire","og_description":"Les co\u00fbts pour les artisans boulangerie-confiseurs grimpent rapidement. Les d\u00e9penses pour les mati\u00e8res premi\u00e8res, l\u2019emballage, l\u2019\u00e9nergie, les frais li\u00e9s aux cartes de cr\u00e9dit et de d\u00e9bit, etc. ont augment\u00e9 jusqu\u2019\u00e0 15\u202f%. L\u2019Association suisse des patrons boulangers-confiseurs recommande \u00e0 ses membres de proc\u00e9der \u00e0 une analyse des prix et, si n\u00e9cessaire, \u00e0 un ajustement. En raison de l\u2019augmentation des co\u00fbts dans [&hellip;]","og_url":"https:\/\/swissbaker.ch\/fr\/panissimo-news\/prix-a-verifier-et-a-ajuster-si-necessaire\/","og_site_name":"SBC","article_publisher":"https:\/\/www.facebook.com\/swissbaker.ch","article_published_time":"2021-11-03T15:38:00+00:00","article_modified_time":"2022-04-29T14:50:50+00:00","og_image":[{"width":800,"height":474,"url":"https:\/\/swissbaker.ch\/wp-content\/uploads\/2022\/03\/22_1_preise.jpeg","type":"image\/jpeg"}],"author":"azureart","twitter_card":"summary_large_image","twitter_creator":"@ch_swissbaker","twitter_site":"@ch_swissbaker","twitter_misc":{"Written by":"azureart","Est. reading time":"2 minutes"},"schema":{"@context":"https:\/\/schema.org","@graph":[{"@type":"Article","@id":"https:\/\/swissbaker.ch\/fr\/panissimo-news\/prix-a-verifier-et-a-ajuster-si-necessaire\/#article","isPartOf":{"@id":"https:\/\/swissbaker.ch\/fr\/panissimo-news\/prix-a-verifier-et-a-ajuster-si-necessaire\/"},"author":{"name":"azureart","@id":"https:\/\/swissbaker.ch\/fr\/#\/schema\/person\/058ac47619f7da53df62aba60f939b78"},"headline":"Prix \u00e0 v\u00e9rifier et \u00e0 ajuster si n\u00e9cessaire","datePublished":"2021-11-03T15:38:00+00:00","dateModified":"2022-04-29T14:50:50+00:00","mainEntityOfPage":{"@id":"https:\/\/swissbaker.ch\/fr\/panissimo-news\/prix-a-verifier-et-a-ajuster-si-necessaire\/"},"wordCount":411,"commentCount":0,"publisher":{"@id":"https:\/\/swissbaker.ch\/fr\/#organization"},"image":{"@id":"https:\/\/swissbaker.ch\/fr\/panissimo-news\/prix-a-verifier-et-a-ajuster-si-necessaire\/#primaryimage"},"thumbnailUrl":"https:\/\/swissbaker.ch\/wp-content\/uploads\/2022\/03\/22_1_preise.jpeg","articleSection":["Association","Vente\/Marketing"],"inLanguage":"fr-FR","potentialAction":[{"@type":"CommentAction","name":"Comment","target":["https:\/\/swissbaker.ch\/fr\/panissimo-news\/prix-a-verifier-et-a-ajuster-si-necessaire\/#respond"]}]},{"@type":"WebPage","@id":"https:\/\/swissbaker.ch\/fr\/panissimo-news\/prix-a-verifier-et-a-ajuster-si-necessaire\/","url":"https:\/\/swissbaker.ch\/fr\/panissimo-news\/prix-a-verifier-et-a-ajuster-si-necessaire\/","name":"Prix \u00e0 v\u00e9rifier et \u00e0 ajuster si n\u00e9cessaire | SBC","isPartOf":{"@id":"https:\/\/swissbaker.ch\/fr\/#website"},"primaryImageOfPage":{"@id":"https:\/\/swissbaker.ch\/fr\/panissimo-news\/prix-a-verifier-et-a-ajuster-si-necessaire\/#primaryimage"},"image":{"@id":"https:\/\/swissbaker.ch\/fr\/panissimo-news\/prix-a-verifier-et-a-ajuster-si-necessaire\/#primaryimage"},"thumbnailUrl":"https:\/\/swissbaker.ch\/wp-content\/uploads\/2022\/03\/22_1_preise.jpeg","datePublished":"2021-11-03T15:38:00+00:00","dateModified":"2022-04-29T14:50:50+00:00","breadcrumb":{"@id":"https:\/\/swissbaker.ch\/fr\/panissimo-news\/prix-a-verifier-et-a-ajuster-si-necessaire\/#breadcrumb"},"inLanguage":"fr-FR","potentialAction":[{"@type":"ReadAction","target":["https:\/\/swissbaker.ch\/fr\/panissimo-news\/prix-a-verifier-et-a-ajuster-si-necessaire\/"]}]},{"@type":"ImageObject","inLanguage":"fr-FR","@id":"https:\/\/swissbaker.ch\/fr\/panissimo-news\/prix-a-verifier-et-a-ajuster-si-necessaire\/#primaryimage","url":"https:\/\/swissbaker.ch\/wp-content\/uploads\/2022\/03\/22_1_preise.jpeg","contentUrl":"https:\/\/swissbaker.ch\/wp-content\/uploads\/2022\/03\/22_1_preise.jpeg","width":800,"height":474,"caption":"Prix \u00e0 v\u00e9rifier et \u00e0 ajuster si n\u00e9cessaire"},{"@type":"BreadcrumbList","@id":"https:\/\/swissbaker.ch\/fr\/panissimo-news\/prix-a-verifier-et-a-ajuster-si-necessaire\/#breadcrumb","itemListElement":[{"@type":"ListItem","position":1,"name":"","item":"https:\/\/swissbaker.ch\/fr\/"},{"@type":"ListItem","position":2,"name":"Association","item":"https:\/\/swissbaker.ch\/fr\/panissimo-news\/category\/association\/"},{"@type":"ListItem","position":3,"name":"Prix \u00e0 v\u00e9rifier et \u00e0 ajuster si n\u00e9cessaire"}]},{"@type":"WebSite","@id":"https:\/\/swissbaker.ch\/fr\/#website","url":"https:\/\/swissbaker.ch\/fr\/","name":"SBC","description":"","publisher":{"@id":"https:\/\/swissbaker.ch\/fr\/#organization"},"potentialAction":[{"@type":"SearchAction","target":{"@type":"EntryPoint","urlTemplate":"https:\/\/swissbaker.ch\/fr\/?s={search_term_string}"},"query-input":{"@type":"PropertyValueSpecification","valueRequired":true,"valueName":"search_term_string"}}],"inLanguage":"fr-FR"},{"@type":"Organization","@id":"https:\/\/swissbaker.ch\/fr\/#organization","name":"Schweizerischer B\u00e4cker-Confiseurmeister-Verband","url":"https:\/\/swissbaker.ch\/fr\/","logo":{"@type":"ImageObject","inLanguage":"fr-FR","@id":"https:\/\/swissbaker.ch\/fr\/#\/schema\/logo\/image\/","url":"https:\/\/swissbaker.ch\/wp-content\/uploads\/2022\/04\/sbc-logo-yoast.jpg","contentUrl":"https:\/\/swissbaker.ch\/wp-content\/uploads\/2022\/04\/sbc-logo-yoast.jpg","width":512,"height":512,"caption":"Schweizerischer B\u00e4cker-Confiseurmeister-Verband"},"image":{"@id":"https:\/\/swissbaker.ch\/fr\/#\/schema\/logo\/image\/"},"sameAs":["https:\/\/www.facebook.com\/swissbaker.ch","https:\/\/x.com\/ch_swissbaker"]},{"@type":"Person","@id":"https:\/\/swissbaker.ch\/fr\/#\/schema\/person\/058ac47619f7da53df62aba60f939b78","name":"azureart","image":{"@type":"ImageObject","inLanguage":"fr-FR","@id":"https:\/\/swissbaker.ch\/fr\/#\/schema\/person\/image\/","url":"https:\/\/secure.gravatar.com\/avatar\/be04dd3098fd612c83067af4f7a295384c93cb6a9112f51beb9d2f477d25da61?s=96&d=mm&r=g","contentUrl":"https:\/\/secure.gravatar.com\/avatar\/be04dd3098fd612c83067af4f7a295384c93cb6a9112f51beb9d2f477d25da61?s=96&d=mm&r=g","caption":"azureart"},"sameAs":["https:\/\/swissbaker.ch"],"url":"https:\/\/swissbaker.ch\/fr\/panissimo-news\/author\/pixel-ahoi\/"}]}},"_links":{"self":[{"href":"https:\/\/swissbaker.ch\/fr\/wp-json\/wp\/v2\/posts\/7665","targetHints":{"allow":["GET"]}}],"collection":[{"href":"https:\/\/swissbaker.ch\/fr\/wp-json\/wp\/v2\/posts"}],"about":[{"href":"https:\/\/swissbaker.ch\/fr\/wp-json\/wp\/v2\/types\/post"}],"author":[{"embeddable":true,"href":"https:\/\/swissbaker.ch\/fr\/wp-json\/wp\/v2\/users\/1"}],"replies":[{"embeddable":true,"href":"https:\/\/swissbaker.ch\/fr\/wp-json\/wp\/v2\/comments?post=7665"}],"version-history":[{"count":0,"href":"https:\/\/swissbaker.ch\/fr\/wp-json\/wp\/v2\/posts\/7665\/revisions"}],"wp:featuredmedia":[{"embeddable":true,"href":"https:\/\/swissbaker.ch\/fr\/wp-json\/wp\/v2\/media\/5140"}],"wp:attachment":[{"href":"https:\/\/swissbaker.ch\/fr\/wp-json\/wp\/v2\/media?parent=7665"}],"wp:term":[{"taxonomy":"category","embeddable":true,"href":"https:\/\/swissbaker.ch\/fr\/wp-json\/wp\/v2\/categories?post=7665"},{"taxonomy":"post_tag","embeddable":true,"href":"https:\/\/swissbaker.ch\/fr\/wp-json\/wp\/v2\/tags?post=7665"}],"curies":[{"name":"wp","href":"https:\/\/api.w.org\/{rel}","templated":true}]}}