{"id":7658,"date":"2021-11-11T16:12:00","date_gmt":"2021-11-11T15:12:00","guid":{"rendered":"https:\/\/swissbaker.ch\/?p=7658"},"modified":"2022-04-29T16:45:04","modified_gmt":"2022-04-29T14:45:04","slug":"coupe-du-monde-de-panettone-medaille-dor-pour-la-suisse","status":"publish","type":"post","link":"https:\/\/swissbaker.ch\/fr\/panissimo-news\/coupe-du-monde-de-panettone-medaille-dor-pour-la-suisse\/","title":{"rendered":"Coupe du monde de panettone: m\u00e9daille d\u2019or pour la Suisse"},"content":{"rendered":"\n<p><strong>Belle victoire suisse lors de la 2e Coupe du monde de panettone, qui s\u2019est tenue \u00e0 Lugano du 5 au 7 novembre: dans la cat\u00e9gorie panettone au chocolat, le Tessinois Luca Poncini (Panetteria Poncini, Maggia) est mont\u00e9 sur la plus haute marche du podium. Le concours du meilleur panettone traditionnel a pour sa part \u00e9t\u00e9 remport\u00e9 par l\u2019Italien Salvatore Tortora (Casamarciano, Naples).<\/strong><\/p>\n\n\n\n<p>Le podium de la cat\u00e9gorie \u00abPanettone al cioccolato\u00bb : Le gagnant rayonnant, Luca Poncini (au centre), Giuseppe Mascolo, Italie (2\u00e8me place, \u00e0 droite) et Stefano Ferrante, Italie (3\u00e8me place, \u00e0 gauche).<\/p>\n\n\n\n<p>Apr\u00e8s deux ans de qualifications nationales, les participants des neuf pays suivants \u00e9taient en lice lors de la finale de la Coupe du monde de panettone (CPM) \u00e0 Lugano: Italie, France, Espagne, Portugal, Etats-Unis, Canada, Br\u00e9sil, Australie et Suisse. Le concours du meilleur panettone au chocolat a \u00e9t\u00e9 organis\u00e9 pour la premi\u00e8re fois.<\/p>\n\n\n\n<h2 class=\"wp-block-heading\" id=\"h-membres-du-jury-de-renom\">Membres du jury de renom<\/h2>\n\n\n\n<p>Les participants au concours ont d\u00fb pr\u00e9senter six panettones de 1 kg chacun, fabriqu\u00e9s \u00e0 base de levain naturel, de double fermentation et de forme \u00e9lev\u00e9e. Parmi les membres du jury figuraient des personnalit\u00e9s connues comme le meilleur p\u00e2tissier espagnol Paco Torreblanca et le vainqueur de la premi\u00e8re \u00e9dition de la CPM en 2019 Massimo Ferrante.<\/p>\n\n\n\n<p>L\u2019invit\u00e9 d\u2019honneur du dimanche \u00e9tait Iginio Massari, qui s\u2019est exprim\u00e9 sur le th\u00e8me du \u00abgrand art de la p\u00e2tisserie\u00bb (\u00abalta pasticcieria\u00bb). Des spectateurs ont d\u00e9gust\u00e9 son panettone \u00e0 cette occasion. Iginio Massari, originaire du Nord de l\u2019Italie, est un p\u00e2tissier et un chocolatier de renomm\u00e9e internationale.<\/p>\n\n\n\n<p>Pendant ces trois jours, les visiteurs en ont en appris davantage sur l\u2019histoire et la production du panettone. L\u2019objectif \u00e9tait non seulement de valoriser le produit, mais encore de faire d\u00e9couvrir son art exigeant, selon Giuseppe Piffaretti, initiateur de l\u2019\u00e9v\u00e8nement.<\/p>\n\n\n\n<h2 class=\"wp-block-heading\" id=\"h-classements\">Classements<\/h2>\n\n\n\n<p><strong>Panettone al cioccolato<\/strong><\/p>\n\n\n\n<ol class=\"wp-block-list\"><li>Luca Poncini \u2013 Maggia \u2013 Ticino &#8211; (CH)<\/li><li>Giuseppe Mascolo \u2013 Visciano &#8211; Napoli &#8211; (IT)<\/li><li>Stefano Ferrante \u2013 Campomorone &#8211; Genova \u2013 (IT)<\/li><\/ol>\n\n\n\n<p><strong>Panettone tradizionale:<\/strong><\/p>\n\n\n\n<ol class=\"wp-block-list\"><li>Salvatore Tortora \u2013 Casamarciano \u2013 Napoli \u2013 (IT)<\/li><li>Fiorenzo Ascolese \u2013 Salerno \u2013 (IT)<\/li><li>Massimiliano Lunardi \u2013 Quarrata \u2013 Pistoia \u2013 (IT)<\/li><\/ol>\n","protected":false},"excerpt":{"rendered":"<p>Belle victoire suisse lors de la 2e Coupe du monde de panettone, qui s\u2019est tenue \u00e0 Lugano du 5 au 7 novembre: dans la cat\u00e9gorie panettone au chocolat, le Tessinois Luca Poncini (Panetteria Poncini, Maggia) est mont\u00e9 sur la plus haute marche du podium. Le concours du meilleur panettone traditionnel a pour sa part \u00e9t\u00e9 remport\u00e9 par l\u2019Italien Salvatore Tortora [&hellip;]<\/p>\n","protected":false},"author":1,"featured_media":5134,"comment_status":"open","ping_status":"closed","sticky":false,"template":"","format":"standard","meta":{"_acf_changed":false,"footnotes":""},"categories":[43],"tags":[],"class_list":["post-7658","post","type-post","status-publish","format-standard","has-post-thumbnail","hentry","category-concours"],"acf":[],"yoast_head":"<!-- This site is optimized with the Yoast SEO Premium plugin v26.8 (Yoast SEO v26.8) - https:\/\/yoast.com\/product\/yoast-seo-premium-wordpress\/ -->\n<title>Coupe du monde de panettone: m\u00e9daille d\u2019or pour la Suisse | SBC<\/title>\n<meta name=\"robots\" content=\"index, follow, max-snippet:-1, max-image-preview:large, max-video-preview:-1\" \/>\n<link rel=\"canonical\" href=\"https:\/\/swissbaker.ch\/fr\/panissimo-news\/coupe-du-monde-de-panettone-medaille-dor-pour-la-suisse\/\" \/>\n<meta property=\"og:locale\" content=\"fr_FR\" \/>\n<meta property=\"og:type\" content=\"article\" \/>\n<meta property=\"og:title\" content=\"Coupe du monde de panettone: m\u00e9daille d\u2019or pour la Suisse\" \/>\n<meta property=\"og:description\" content=\"Belle victoire suisse lors de la 2e Coupe du monde de panettone, qui s\u2019est tenue \u00e0 Lugano du 5 au 7 novembre: dans la cat\u00e9gorie panettone au chocolat, le Tessinois Luca Poncini (Panetteria Poncini, Maggia) est mont\u00e9 sur la plus haute marche du podium. Le concours du meilleur panettone traditionnel a pour sa part \u00e9t\u00e9 remport\u00e9 par l\u2019Italien Salvatore Tortora [&hellip;]\" \/>\n<meta property=\"og:url\" content=\"https:\/\/swissbaker.ch\/fr\/panissimo-news\/coupe-du-monde-de-panettone-medaille-dor-pour-la-suisse\/\" \/>\n<meta property=\"og:site_name\" content=\"SBC\" \/>\n<meta property=\"article:publisher\" content=\"https:\/\/www.facebook.com\/swissbaker.ch\" \/>\n<meta property=\"article:published_time\" content=\"2021-11-11T15:12:00+00:00\" \/>\n<meta property=\"article:modified_time\" content=\"2022-04-29T14:45:04+00:00\" \/>\n<meta property=\"og:image\" content=\"https:\/\/swissbaker.ch\/wp-content\/uploads\/2022\/03\/22_2_panettone_poncini.jpeg\" \/>\n\t<meta property=\"og:image:width\" content=\"800\" \/>\n\t<meta property=\"og:image:height\" content=\"474\" \/>\n\t<meta property=\"og:image:type\" content=\"image\/jpeg\" \/>\n<meta name=\"author\" content=\"azureart\" \/>\n<meta name=\"twitter:card\" content=\"summary_large_image\" \/>\n<meta name=\"twitter:creator\" content=\"@ch_swissbaker\" \/>\n<meta name=\"twitter:site\" content=\"@ch_swissbaker\" \/>\n<meta name=\"twitter:label1\" content=\"Written by\" \/>\n\t<meta name=\"twitter:data1\" content=\"azureart\" \/>\n\t<meta name=\"twitter:label2\" content=\"Est. reading time\" \/>\n\t<meta name=\"twitter:data2\" content=\"2 minutes\" \/>\n<script type=\"application\/ld+json\" class=\"yoast-schema-graph\">{\"@context\":\"https:\/\/schema.org\",\"@graph\":[{\"@type\":\"Article\",\"@id\":\"https:\/\/swissbaker.ch\/fr\/panissimo-news\/coupe-du-monde-de-panettone-medaille-dor-pour-la-suisse\/#article\",\"isPartOf\":{\"@id\":\"https:\/\/swissbaker.ch\/fr\/panissimo-news\/coupe-du-monde-de-panettone-medaille-dor-pour-la-suisse\/\"},\"author\":{\"name\":\"azureart\",\"@id\":\"https:\/\/swissbaker.ch\/fr\/#\/schema\/person\/058ac47619f7da53df62aba60f939b78\"},\"headline\":\"Coupe du monde de panettone: m\u00e9daille d\u2019or pour la Suisse\",\"datePublished\":\"2021-11-11T15:12:00+00:00\",\"dateModified\":\"2022-04-29T14:45:04+00:00\",\"mainEntityOfPage\":{\"@id\":\"https:\/\/swissbaker.ch\/fr\/panissimo-news\/coupe-du-monde-de-panettone-medaille-dor-pour-la-suisse\/\"},\"wordCount\":360,\"commentCount\":0,\"publisher\":{\"@id\":\"https:\/\/swissbaker.ch\/fr\/#organization\"},\"image\":{\"@id\":\"https:\/\/swissbaker.ch\/fr\/panissimo-news\/coupe-du-monde-de-panettone-medaille-dor-pour-la-suisse\/#primaryimage\"},\"thumbnailUrl\":\"https:\/\/swissbaker.ch\/wp-content\/uploads\/2022\/03\/22_2_panettone_poncini.jpeg\",\"articleSection\":[\"Concours\"],\"inLanguage\":\"fr-FR\",\"potentialAction\":[{\"@type\":\"CommentAction\",\"name\":\"Comment\",\"target\":[\"https:\/\/swissbaker.ch\/fr\/panissimo-news\/coupe-du-monde-de-panettone-medaille-dor-pour-la-suisse\/#respond\"]}]},{\"@type\":\"WebPage\",\"@id\":\"https:\/\/swissbaker.ch\/fr\/panissimo-news\/coupe-du-monde-de-panettone-medaille-dor-pour-la-suisse\/\",\"url\":\"https:\/\/swissbaker.ch\/fr\/panissimo-news\/coupe-du-monde-de-panettone-medaille-dor-pour-la-suisse\/\",\"name\":\"Coupe du monde de panettone: m\u00e9daille d\u2019or pour la Suisse | SBC\",\"isPartOf\":{\"@id\":\"https:\/\/swissbaker.ch\/fr\/#website\"},\"primaryImageOfPage\":{\"@id\":\"https:\/\/swissbaker.ch\/fr\/panissimo-news\/coupe-du-monde-de-panettone-medaille-dor-pour-la-suisse\/#primaryimage\"},\"image\":{\"@id\":\"https:\/\/swissbaker.ch\/fr\/panissimo-news\/coupe-du-monde-de-panettone-medaille-dor-pour-la-suisse\/#primaryimage\"},\"thumbnailUrl\":\"https:\/\/swissbaker.ch\/wp-content\/uploads\/2022\/03\/22_2_panettone_poncini.jpeg\",\"datePublished\":\"2021-11-11T15:12:00+00:00\",\"dateModified\":\"2022-04-29T14:45:04+00:00\",\"breadcrumb\":{\"@id\":\"https:\/\/swissbaker.ch\/fr\/panissimo-news\/coupe-du-monde-de-panettone-medaille-dor-pour-la-suisse\/#breadcrumb\"},\"inLanguage\":\"fr-FR\",\"potentialAction\":[{\"@type\":\"ReadAction\",\"target\":[\"https:\/\/swissbaker.ch\/fr\/panissimo-news\/coupe-du-monde-de-panettone-medaille-dor-pour-la-suisse\/\"]}]},{\"@type\":\"ImageObject\",\"inLanguage\":\"fr-FR\",\"@id\":\"https:\/\/swissbaker.ch\/fr\/panissimo-news\/coupe-du-monde-de-panettone-medaille-dor-pour-la-suisse\/#primaryimage\",\"url\":\"https:\/\/swissbaker.ch\/wp-content\/uploads\/2022\/03\/22_2_panettone_poncini.jpeg\",\"contentUrl\":\"https:\/\/swissbaker.ch\/wp-content\/uploads\/2022\/03\/22_2_panettone_poncini.jpeg\",\"width\":800,\"height\":474,\"caption\":\"Coupe du monde de panettone: m\u00e9daille d\u2019or pour la Suisse\"},{\"@type\":\"BreadcrumbList\",\"@id\":\"https:\/\/swissbaker.ch\/fr\/panissimo-news\/coupe-du-monde-de-panettone-medaille-dor-pour-la-suisse\/#breadcrumb\",\"itemListElement\":[{\"@type\":\"ListItem\",\"position\":1,\"name\":\"\",\"item\":\"https:\/\/swissbaker.ch\/fr\/\"},{\"@type\":\"ListItem\",\"position\":2,\"name\":\"Concours\",\"item\":\"https:\/\/swissbaker.ch\/fr\/panissimo-news\/category\/concours\/\"},{\"@type\":\"ListItem\",\"position\":3,\"name\":\"Coupe du monde de panettone: m\u00e9daille d\u2019or pour la Suisse\"}]},{\"@type\":\"WebSite\",\"@id\":\"https:\/\/swissbaker.ch\/fr\/#website\",\"url\":\"https:\/\/swissbaker.ch\/fr\/\",\"name\":\"SBC\",\"description\":\"\",\"publisher\":{\"@id\":\"https:\/\/swissbaker.ch\/fr\/#organization\"},\"potentialAction\":[{\"@type\":\"SearchAction\",\"target\":{\"@type\":\"EntryPoint\",\"urlTemplate\":\"https:\/\/swissbaker.ch\/fr\/?s={search_term_string}\"},\"query-input\":{\"@type\":\"PropertyValueSpecification\",\"valueRequired\":true,\"valueName\":\"search_term_string\"}}],\"inLanguage\":\"fr-FR\"},{\"@type\":\"Organization\",\"@id\":\"https:\/\/swissbaker.ch\/fr\/#organization\",\"name\":\"Schweizerischer B\u00e4cker-Confiseurmeister-Verband\",\"url\":\"https:\/\/swissbaker.ch\/fr\/\",\"logo\":{\"@type\":\"ImageObject\",\"inLanguage\":\"fr-FR\",\"@id\":\"https:\/\/swissbaker.ch\/fr\/#\/schema\/logo\/image\/\",\"url\":\"https:\/\/swissbaker.ch\/wp-content\/uploads\/2022\/04\/sbc-logo-yoast.jpg\",\"contentUrl\":\"https:\/\/swissbaker.ch\/wp-content\/uploads\/2022\/04\/sbc-logo-yoast.jpg\",\"width\":512,\"height\":512,\"caption\":\"Schweizerischer B\u00e4cker-Confiseurmeister-Verband\"},\"image\":{\"@id\":\"https:\/\/swissbaker.ch\/fr\/#\/schema\/logo\/image\/\"},\"sameAs\":[\"https:\/\/www.facebook.com\/swissbaker.ch\",\"https:\/\/x.com\/ch_swissbaker\"]},{\"@type\":\"Person\",\"@id\":\"https:\/\/swissbaker.ch\/fr\/#\/schema\/person\/058ac47619f7da53df62aba60f939b78\",\"name\":\"azureart\",\"image\":{\"@type\":\"ImageObject\",\"inLanguage\":\"fr-FR\",\"@id\":\"https:\/\/swissbaker.ch\/fr\/#\/schema\/person\/image\/\",\"url\":\"https:\/\/secure.gravatar.com\/avatar\/be04dd3098fd612c83067af4f7a295384c93cb6a9112f51beb9d2f477d25da61?s=96&d=mm&r=g\",\"contentUrl\":\"https:\/\/secure.gravatar.com\/avatar\/be04dd3098fd612c83067af4f7a295384c93cb6a9112f51beb9d2f477d25da61?s=96&d=mm&r=g\",\"caption\":\"azureart\"},\"sameAs\":[\"https:\/\/swissbaker.ch\"],\"url\":\"https:\/\/swissbaker.ch\/fr\/panissimo-news\/author\/pixel-ahoi\/\"}]}<\/script>\n<!-- \/ Yoast SEO Premium plugin. -->","yoast_head_json":{"title":"Coupe du monde de panettone: m\u00e9daille d\u2019or pour la Suisse | SBC","robots":{"index":"index","follow":"follow","max-snippet":"max-snippet:-1","max-image-preview":"max-image-preview:large","max-video-preview":"max-video-preview:-1"},"canonical":"https:\/\/swissbaker.ch\/fr\/panissimo-news\/coupe-du-monde-de-panettone-medaille-dor-pour-la-suisse\/","og_locale":"fr_FR","og_type":"article","og_title":"Coupe du monde de panettone: m\u00e9daille d\u2019or pour la Suisse","og_description":"Belle victoire suisse lors de la 2e Coupe du monde de panettone, qui s\u2019est tenue \u00e0 Lugano du 5 au 7 novembre: dans la cat\u00e9gorie panettone au chocolat, le Tessinois Luca Poncini (Panetteria Poncini, Maggia) est mont\u00e9 sur la plus haute marche du podium. Le concours du meilleur panettone traditionnel a pour sa part \u00e9t\u00e9 remport\u00e9 par l\u2019Italien Salvatore Tortora [&hellip;]","og_url":"https:\/\/swissbaker.ch\/fr\/panissimo-news\/coupe-du-monde-de-panettone-medaille-dor-pour-la-suisse\/","og_site_name":"SBC","article_publisher":"https:\/\/www.facebook.com\/swissbaker.ch","article_published_time":"2021-11-11T15:12:00+00:00","article_modified_time":"2022-04-29T14:45:04+00:00","og_image":[{"width":800,"height":474,"url":"https:\/\/swissbaker.ch\/wp-content\/uploads\/2022\/03\/22_2_panettone_poncini.jpeg","type":"image\/jpeg"}],"author":"azureart","twitter_card":"summary_large_image","twitter_creator":"@ch_swissbaker","twitter_site":"@ch_swissbaker","twitter_misc":{"Written by":"azureart","Est. reading time":"2 minutes"},"schema":{"@context":"https:\/\/schema.org","@graph":[{"@type":"Article","@id":"https:\/\/swissbaker.ch\/fr\/panissimo-news\/coupe-du-monde-de-panettone-medaille-dor-pour-la-suisse\/#article","isPartOf":{"@id":"https:\/\/swissbaker.ch\/fr\/panissimo-news\/coupe-du-monde-de-panettone-medaille-dor-pour-la-suisse\/"},"author":{"name":"azureart","@id":"https:\/\/swissbaker.ch\/fr\/#\/schema\/person\/058ac47619f7da53df62aba60f939b78"},"headline":"Coupe du monde de panettone: m\u00e9daille d\u2019or pour la Suisse","datePublished":"2021-11-11T15:12:00+00:00","dateModified":"2022-04-29T14:45:04+00:00","mainEntityOfPage":{"@id":"https:\/\/swissbaker.ch\/fr\/panissimo-news\/coupe-du-monde-de-panettone-medaille-dor-pour-la-suisse\/"},"wordCount":360,"commentCount":0,"publisher":{"@id":"https:\/\/swissbaker.ch\/fr\/#organization"},"image":{"@id":"https:\/\/swissbaker.ch\/fr\/panissimo-news\/coupe-du-monde-de-panettone-medaille-dor-pour-la-suisse\/#primaryimage"},"thumbnailUrl":"https:\/\/swissbaker.ch\/wp-content\/uploads\/2022\/03\/22_2_panettone_poncini.jpeg","articleSection":["Concours"],"inLanguage":"fr-FR","potentialAction":[{"@type":"CommentAction","name":"Comment","target":["https:\/\/swissbaker.ch\/fr\/panissimo-news\/coupe-du-monde-de-panettone-medaille-dor-pour-la-suisse\/#respond"]}]},{"@type":"WebPage","@id":"https:\/\/swissbaker.ch\/fr\/panissimo-news\/coupe-du-monde-de-panettone-medaille-dor-pour-la-suisse\/","url":"https:\/\/swissbaker.ch\/fr\/panissimo-news\/coupe-du-monde-de-panettone-medaille-dor-pour-la-suisse\/","name":"Coupe du monde de panettone: m\u00e9daille d\u2019or pour la Suisse | SBC","isPartOf":{"@id":"https:\/\/swissbaker.ch\/fr\/#website"},"primaryImageOfPage":{"@id":"https:\/\/swissbaker.ch\/fr\/panissimo-news\/coupe-du-monde-de-panettone-medaille-dor-pour-la-suisse\/#primaryimage"},"image":{"@id":"https:\/\/swissbaker.ch\/fr\/panissimo-news\/coupe-du-monde-de-panettone-medaille-dor-pour-la-suisse\/#primaryimage"},"thumbnailUrl":"https:\/\/swissbaker.ch\/wp-content\/uploads\/2022\/03\/22_2_panettone_poncini.jpeg","datePublished":"2021-11-11T15:12:00+00:00","dateModified":"2022-04-29T14:45:04+00:00","breadcrumb":{"@id":"https:\/\/swissbaker.ch\/fr\/panissimo-news\/coupe-du-monde-de-panettone-medaille-dor-pour-la-suisse\/#breadcrumb"},"inLanguage":"fr-FR","potentialAction":[{"@type":"ReadAction","target":["https:\/\/swissbaker.ch\/fr\/panissimo-news\/coupe-du-monde-de-panettone-medaille-dor-pour-la-suisse\/"]}]},{"@type":"ImageObject","inLanguage":"fr-FR","@id":"https:\/\/swissbaker.ch\/fr\/panissimo-news\/coupe-du-monde-de-panettone-medaille-dor-pour-la-suisse\/#primaryimage","url":"https:\/\/swissbaker.ch\/wp-content\/uploads\/2022\/03\/22_2_panettone_poncini.jpeg","contentUrl":"https:\/\/swissbaker.ch\/wp-content\/uploads\/2022\/03\/22_2_panettone_poncini.jpeg","width":800,"height":474,"caption":"Coupe du monde de panettone: m\u00e9daille d\u2019or pour la Suisse"},{"@type":"BreadcrumbList","@id":"https:\/\/swissbaker.ch\/fr\/panissimo-news\/coupe-du-monde-de-panettone-medaille-dor-pour-la-suisse\/#breadcrumb","itemListElement":[{"@type":"ListItem","position":1,"name":"","item":"https:\/\/swissbaker.ch\/fr\/"},{"@type":"ListItem","position":2,"name":"Concours","item":"https:\/\/swissbaker.ch\/fr\/panissimo-news\/category\/concours\/"},{"@type":"ListItem","position":3,"name":"Coupe du monde de panettone: m\u00e9daille d\u2019or pour la Suisse"}]},{"@type":"WebSite","@id":"https:\/\/swissbaker.ch\/fr\/#website","url":"https:\/\/swissbaker.ch\/fr\/","name":"SBC","description":"","publisher":{"@id":"https:\/\/swissbaker.ch\/fr\/#organization"},"potentialAction":[{"@type":"SearchAction","target":{"@type":"EntryPoint","urlTemplate":"https:\/\/swissbaker.ch\/fr\/?s={search_term_string}"},"query-input":{"@type":"PropertyValueSpecification","valueRequired":true,"valueName":"search_term_string"}}],"inLanguage":"fr-FR"},{"@type":"Organization","@id":"https:\/\/swissbaker.ch\/fr\/#organization","name":"Schweizerischer B\u00e4cker-Confiseurmeister-Verband","url":"https:\/\/swissbaker.ch\/fr\/","logo":{"@type":"ImageObject","inLanguage":"fr-FR","@id":"https:\/\/swissbaker.ch\/fr\/#\/schema\/logo\/image\/","url":"https:\/\/swissbaker.ch\/wp-content\/uploads\/2022\/04\/sbc-logo-yoast.jpg","contentUrl":"https:\/\/swissbaker.ch\/wp-content\/uploads\/2022\/04\/sbc-logo-yoast.jpg","width":512,"height":512,"caption":"Schweizerischer B\u00e4cker-Confiseurmeister-Verband"},"image":{"@id":"https:\/\/swissbaker.ch\/fr\/#\/schema\/logo\/image\/"},"sameAs":["https:\/\/www.facebook.com\/swissbaker.ch","https:\/\/x.com\/ch_swissbaker"]},{"@type":"Person","@id":"https:\/\/swissbaker.ch\/fr\/#\/schema\/person\/058ac47619f7da53df62aba60f939b78","name":"azureart","image":{"@type":"ImageObject","inLanguage":"fr-FR","@id":"https:\/\/swissbaker.ch\/fr\/#\/schema\/person\/image\/","url":"https:\/\/secure.gravatar.com\/avatar\/be04dd3098fd612c83067af4f7a295384c93cb6a9112f51beb9d2f477d25da61?s=96&d=mm&r=g","contentUrl":"https:\/\/secure.gravatar.com\/avatar\/be04dd3098fd612c83067af4f7a295384c93cb6a9112f51beb9d2f477d25da61?s=96&d=mm&r=g","caption":"azureart"},"sameAs":["https:\/\/swissbaker.ch"],"url":"https:\/\/swissbaker.ch\/fr\/panissimo-news\/author\/pixel-ahoi\/"}]}},"_links":{"self":[{"href":"https:\/\/swissbaker.ch\/fr\/wp-json\/wp\/v2\/posts\/7658","targetHints":{"allow":["GET"]}}],"collection":[{"href":"https:\/\/swissbaker.ch\/fr\/wp-json\/wp\/v2\/posts"}],"about":[{"href":"https:\/\/swissbaker.ch\/fr\/wp-json\/wp\/v2\/types\/post"}],"author":[{"embeddable":true,"href":"https:\/\/swissbaker.ch\/fr\/wp-json\/wp\/v2\/users\/1"}],"replies":[{"embeddable":true,"href":"https:\/\/swissbaker.ch\/fr\/wp-json\/wp\/v2\/comments?post=7658"}],"version-history":[{"count":0,"href":"https:\/\/swissbaker.ch\/fr\/wp-json\/wp\/v2\/posts\/7658\/revisions"}],"wp:featuredmedia":[{"embeddable":true,"href":"https:\/\/swissbaker.ch\/fr\/wp-json\/wp\/v2\/media\/5134"}],"wp:attachment":[{"href":"https:\/\/swissbaker.ch\/fr\/wp-json\/wp\/v2\/media?parent=7658"}],"wp:term":[{"taxonomy":"category","embeddable":true,"href":"https:\/\/swissbaker.ch\/fr\/wp-json\/wp\/v2\/categories?post=7658"},{"taxonomy":"post_tag","embeddable":true,"href":"https:\/\/swissbaker.ch\/fr\/wp-json\/wp\/v2\/tags?post=7658"}],"curies":[{"name":"wp","href":"https:\/\/api.w.org\/{rel}","templated":true}]}}