{"id":76488,"date":"2024-03-13T13:21:03","date_gmt":"2024-03-13T12:21:03","guid":{"rendered":"https:\/\/swissbaker.ch\/?p=76488"},"modified":"2024-03-13T13:21:05","modified_gmt":"2024-03-13T12:21:05","slug":"une-perce-neige-ne-fait-pas-le-printemps-bien-que","status":"publish","type":"post","link":"https:\/\/swissbaker.ch\/fr\/panissimo-news\/une-perce-neige-ne-fait-pas-le-printemps-bien-que\/","title":{"rendered":"Une perce-neige ne fait pas le printemps, bien que\u2009\u2026"},"content":{"rendered":"\n<p><strong>Fleur embl\u00e9matique qui chasse l\u2019hiver et qui m\u00eame perce la neige tenace pour montrer le temps du printemps qui va venir. Celle petite fleur peut-\u00eatre un symbole fort pour nous toutes et tous du monde de la boulangerie qui n\u2019est pas encore au printemps mais sort de l\u2019hiver avec certaines d\u00e9cisions ou r\u00e8gles qui s\u2019imposent en ces jours.<\/strong><\/p>\n\n\n\n<p>Mais qui dit r\u00e8gles doit aussi penser devoir les mettre en vigueur et les appliquer. La d\u00e9claration de la provenance de la fabrication et de la composition sont des pas importants pour lutter contre les abus des pains et produits import\u00e9s mais aussi des r\u00e8gles strictes pour \u00e9viter ceux qui sont tent\u00e9s de tricher.<\/p>\n\n\n\n<p>Certes, une perce-neige ne fait pas le printemps mais il est de notre devoir de construire le printemps de nos entreprises. Construire le printemps, c\u2019est d\u2019abord prendre le temps de l\u2019\u00e9coute de notre client\u00e8le fid\u00e8le et de ses besoins. C\u2019est aussi r\u00e9pondre aux attentes en termes d\u2019heures d\u2019ouvertures et de jours et aux habitudes de consommation qui changent. C\u2019est ouvrir de nouveaux cr\u00e9neaux de produits bas\u00e9s sur les habitudes alimentaires actuelles li\u00e9es au travail et ses imp\u00e9ratifs ceci afin de r\u00e9pondre de la meilleure mani\u00e8re aux clients. Il est cependant n\u00e9cessaire de prendre le train du futur et ne pas rester \u00e0 quai avec des attitudes fig\u00e9es.<\/p>\n\n\n\n<p>La perce-neige doit peut-\u00eatre devenir un embl\u00e8me pour vous comme le chemin \u00e0 parcourir pour sortir de vos hivers et des frimas qui vous p\u00e8sent pour marcher vers la lumi\u00e8re, celle de la r\u00e9ussite et du succ\u00e8s. Alors, \u00e0 vous de jouer\u2009!<\/p>\n\n\n\n<p class=\"has-text-align-right\"><em>Bernard Pignat, Chevalier d\u2019honneur<br>de la Confr\u00e9rie valaisanne des chevaliers du bon pain<\/em><\/p>\n","protected":false},"excerpt":{"rendered":"<p>Fleur embl\u00e9matique qui chasse l\u2019hiver et qui m\u00eame perce la neige tenace pour montrer le temps du printemps qui va venir. Celle petite fleur peut-\u00eatre un symbole fort pour nous toutes et tous du monde de la boulangerie qui n\u2019est pas encore au printemps mais sort de l\u2019hiver avec certaines d\u00e9cisions ou r\u00e8gles qui s\u2019imposent en ces jours.<\/p>\n","protected":false},"author":5,"featured_media":7213,"comment_status":"closed","ping_status":"closed","sticky":false,"template":"","format":"standard","meta":{"_acf_changed":false,"footnotes":""},"categories":[39],"tags":[],"class_list":["post-76488","post","type-post","status-publish","format-standard","has-post-thumbnail","hentry","category-de-la-branche"],"acf":[],"yoast_head":"<!-- This site is optimized with the Yoast SEO Premium plugin v26.8 (Yoast SEO v26.8) - https:\/\/yoast.com\/product\/yoast-seo-premium-wordpress\/ -->\n<title>Une perce-neige ne fait pas le printemps, bien que\u2009\u2026 | SBC<\/title>\n<meta name=\"robots\" content=\"index, follow, max-snippet:-1, max-image-preview:large, max-video-preview:-1\" \/>\n<link rel=\"canonical\" href=\"https:\/\/swissbaker.ch\/fr\/panissimo-news\/une-perce-neige-ne-fait-pas-le-printemps-bien-que\/\" \/>\n<meta property=\"og:locale\" content=\"fr_FR\" \/>\n<meta property=\"og:type\" content=\"article\" \/>\n<meta property=\"og:title\" content=\"Une perce-neige ne fait pas le printemps, bien que\u2009\u2026\" \/>\n<meta property=\"og:description\" content=\"Fleur embl\u00e9matique qui chasse l\u2019hiver et qui m\u00eame perce la neige tenace pour montrer le temps du printemps qui va venir. Celle petite fleur peut-\u00eatre un symbole fort pour nous toutes et tous du monde de la boulangerie qui n\u2019est pas encore au printemps mais sort de l\u2019hiver avec certaines d\u00e9cisions ou r\u00e8gles qui s\u2019imposent en ces jours.\" \/>\n<meta property=\"og:url\" content=\"https:\/\/swissbaker.ch\/fr\/panissimo-news\/une-perce-neige-ne-fait-pas-le-printemps-bien-que\/\" \/>\n<meta property=\"og:site_name\" content=\"SBC\" \/>\n<meta property=\"article:publisher\" content=\"https:\/\/www.facebook.com\/swissbaker.ch\" \/>\n<meta property=\"article:published_time\" content=\"2024-03-13T12:21:03+00:00\" \/>\n<meta property=\"article:modified_time\" content=\"2024-03-13T12:21:05+00:00\" \/>\n<meta property=\"og:image\" content=\"https:\/\/swissbaker.ch\/wp-content\/uploads\/2022\/04\/le_chevalier.jpeg\" \/>\n\t<meta property=\"og:image:width\" content=\"800\" \/>\n\t<meta property=\"og:image:height\" content=\"474\" \/>\n\t<meta property=\"og:image:type\" content=\"image\/jpeg\" \/>\n<meta name=\"author\" content=\"Simon Nussbaum\" \/>\n<meta name=\"twitter:card\" content=\"summary_large_image\" \/>\n<meta name=\"twitter:creator\" content=\"@ch_swissbaker\" \/>\n<meta name=\"twitter:site\" content=\"@ch_swissbaker\" \/>\n<meta name=\"twitter:label1\" content=\"Written by\" \/>\n\t<meta name=\"twitter:data1\" content=\"Simon Nussbaum\" \/>\n\t<meta name=\"twitter:label2\" content=\"Est. reading time\" \/>\n\t<meta name=\"twitter:data2\" content=\"2 minutes\" \/>\n<script type=\"application\/ld+json\" class=\"yoast-schema-graph\">{\"@context\":\"https:\/\/schema.org\",\"@graph\":[{\"@type\":\"Article\",\"@id\":\"https:\/\/swissbaker.ch\/fr\/panissimo-news\/une-perce-neige-ne-fait-pas-le-printemps-bien-que\/#article\",\"isPartOf\":{\"@id\":\"https:\/\/swissbaker.ch\/fr\/panissimo-news\/une-perce-neige-ne-fait-pas-le-printemps-bien-que\/\"},\"author\":{\"name\":\"Simon Nussbaum\",\"@id\":\"https:\/\/swissbaker.ch\/fr\/#\/schema\/person\/74bd327b08c18ca6042c02ff6f0ed5e2\"},\"headline\":\"Une perce-neige ne fait pas le printemps, bien que\u2009\u2026\",\"datePublished\":\"2024-03-13T12:21:03+00:00\",\"dateModified\":\"2024-03-13T12:21:05+00:00\",\"mainEntityOfPage\":{\"@id\":\"https:\/\/swissbaker.ch\/fr\/panissimo-news\/une-perce-neige-ne-fait-pas-le-printemps-bien-que\/\"},\"wordCount\":319,\"publisher\":{\"@id\":\"https:\/\/swissbaker.ch\/fr\/#organization\"},\"image\":{\"@id\":\"https:\/\/swissbaker.ch\/fr\/panissimo-news\/une-perce-neige-ne-fait-pas-le-printemps-bien-que\/#primaryimage\"},\"thumbnailUrl\":\"https:\/\/swissbaker.ch\/wp-content\/uploads\/2022\/04\/le_chevalier.jpeg\",\"articleSection\":[\"De la branche\"],\"inLanguage\":\"fr-FR\"},{\"@type\":\"WebPage\",\"@id\":\"https:\/\/swissbaker.ch\/fr\/panissimo-news\/une-perce-neige-ne-fait-pas-le-printemps-bien-que\/\",\"url\":\"https:\/\/swissbaker.ch\/fr\/panissimo-news\/une-perce-neige-ne-fait-pas-le-printemps-bien-que\/\",\"name\":\"Une perce-neige ne fait pas le printemps, bien que\u2009\u2026 | SBC\",\"isPartOf\":{\"@id\":\"https:\/\/swissbaker.ch\/fr\/#website\"},\"primaryImageOfPage\":{\"@id\":\"https:\/\/swissbaker.ch\/fr\/panissimo-news\/une-perce-neige-ne-fait-pas-le-printemps-bien-que\/#primaryimage\"},\"image\":{\"@id\":\"https:\/\/swissbaker.ch\/fr\/panissimo-news\/une-perce-neige-ne-fait-pas-le-printemps-bien-que\/#primaryimage\"},\"thumbnailUrl\":\"https:\/\/swissbaker.ch\/wp-content\/uploads\/2022\/04\/le_chevalier.jpeg\",\"datePublished\":\"2024-03-13T12:21:03+00:00\",\"dateModified\":\"2024-03-13T12:21:05+00:00\",\"breadcrumb\":{\"@id\":\"https:\/\/swissbaker.ch\/fr\/panissimo-news\/une-perce-neige-ne-fait-pas-le-printemps-bien-que\/#breadcrumb\"},\"inLanguage\":\"fr-FR\",\"potentialAction\":[{\"@type\":\"ReadAction\",\"target\":[\"https:\/\/swissbaker.ch\/fr\/panissimo-news\/une-perce-neige-ne-fait-pas-le-printemps-bien-que\/\"]}]},{\"@type\":\"ImageObject\",\"inLanguage\":\"fr-FR\",\"@id\":\"https:\/\/swissbaker.ch\/fr\/panissimo-news\/une-perce-neige-ne-fait-pas-le-printemps-bien-que\/#primaryimage\",\"url\":\"https:\/\/swissbaker.ch\/wp-content\/uploads\/2022\/04\/le_chevalier.jpeg\",\"contentUrl\":\"https:\/\/swissbaker.ch\/wp-content\/uploads\/2022\/04\/le_chevalier.jpeg\",\"width\":800,\"height\":474,\"caption\":\"Traction avant\u2026Ou quatre fois quatre !\"},{\"@type\":\"BreadcrumbList\",\"@id\":\"https:\/\/swissbaker.ch\/fr\/panissimo-news\/une-perce-neige-ne-fait-pas-le-printemps-bien-que\/#breadcrumb\",\"itemListElement\":[{\"@type\":\"ListItem\",\"position\":1,\"name\":\"\",\"item\":\"https:\/\/swissbaker.ch\/fr\/\"},{\"@type\":\"ListItem\",\"position\":2,\"name\":\"De la branche\",\"item\":\"https:\/\/swissbaker.ch\/fr\/panissimo-news\/category\/de-la-branche\/\"},{\"@type\":\"ListItem\",\"position\":3,\"name\":\"Une perce-neige ne fait pas le printemps, bien que\u2009\u2026\"}]},{\"@type\":\"WebSite\",\"@id\":\"https:\/\/swissbaker.ch\/fr\/#website\",\"url\":\"https:\/\/swissbaker.ch\/fr\/\",\"name\":\"SBC\",\"description\":\"\",\"publisher\":{\"@id\":\"https:\/\/swissbaker.ch\/fr\/#organization\"},\"potentialAction\":[{\"@type\":\"SearchAction\",\"target\":{\"@type\":\"EntryPoint\",\"urlTemplate\":\"https:\/\/swissbaker.ch\/fr\/?s={search_term_string}\"},\"query-input\":{\"@type\":\"PropertyValueSpecification\",\"valueRequired\":true,\"valueName\":\"search_term_string\"}}],\"inLanguage\":\"fr-FR\"},{\"@type\":\"Organization\",\"@id\":\"https:\/\/swissbaker.ch\/fr\/#organization\",\"name\":\"Schweizerischer B\u00e4cker-Confiseurmeister-Verband\",\"url\":\"https:\/\/swissbaker.ch\/fr\/\",\"logo\":{\"@type\":\"ImageObject\",\"inLanguage\":\"fr-FR\",\"@id\":\"https:\/\/swissbaker.ch\/fr\/#\/schema\/logo\/image\/\",\"url\":\"https:\/\/swissbaker.ch\/wp-content\/uploads\/2022\/04\/sbc-logo-yoast.jpg\",\"contentUrl\":\"https:\/\/swissbaker.ch\/wp-content\/uploads\/2022\/04\/sbc-logo-yoast.jpg\",\"width\":512,\"height\":512,\"caption\":\"Schweizerischer B\u00e4cker-Confiseurmeister-Verband\"},\"image\":{\"@id\":\"https:\/\/swissbaker.ch\/fr\/#\/schema\/logo\/image\/\"},\"sameAs\":[\"https:\/\/www.facebook.com\/swissbaker.ch\",\"https:\/\/x.com\/ch_swissbaker\"]},{\"@type\":\"Person\",\"@id\":\"https:\/\/swissbaker.ch\/fr\/#\/schema\/person\/74bd327b08c18ca6042c02ff6f0ed5e2\",\"name\":\"Simon Nussbaum\",\"image\":{\"@type\":\"ImageObject\",\"inLanguage\":\"fr-FR\",\"@id\":\"https:\/\/swissbaker.ch\/fr\/#\/schema\/person\/image\/\",\"url\":\"https:\/\/secure.gravatar.com\/avatar\/df0eced3bb556c806cb760cf503ade1ed1df25b4104d80d6fd28d93a9509aa12?s=96&d=mm&r=g\",\"contentUrl\":\"https:\/\/secure.gravatar.com\/avatar\/df0eced3bb556c806cb760cf503ade1ed1df25b4104d80d6fd28d93a9509aa12?s=96&d=mm&r=g\",\"caption\":\"Simon Nussbaum\"},\"url\":\"https:\/\/swissbaker.ch\/fr\/panissimo-news\/author\/simon-nussbaum\/\"}]}<\/script>\n<!-- \/ Yoast SEO Premium plugin. -->","yoast_head_json":{"title":"Une perce-neige ne fait pas le printemps, bien que\u2009\u2026 | SBC","robots":{"index":"index","follow":"follow","max-snippet":"max-snippet:-1","max-image-preview":"max-image-preview:large","max-video-preview":"max-video-preview:-1"},"canonical":"https:\/\/swissbaker.ch\/fr\/panissimo-news\/une-perce-neige-ne-fait-pas-le-printemps-bien-que\/","og_locale":"fr_FR","og_type":"article","og_title":"Une perce-neige ne fait pas le printemps, bien que\u2009\u2026","og_description":"Fleur embl\u00e9matique qui chasse l\u2019hiver et qui m\u00eame perce la neige tenace pour montrer le temps du printemps qui va venir. Celle petite fleur peut-\u00eatre un symbole fort pour nous toutes et tous du monde de la boulangerie qui n\u2019est pas encore au printemps mais sort de l\u2019hiver avec certaines d\u00e9cisions ou r\u00e8gles qui s\u2019imposent en ces jours.","og_url":"https:\/\/swissbaker.ch\/fr\/panissimo-news\/une-perce-neige-ne-fait-pas-le-printemps-bien-que\/","og_site_name":"SBC","article_publisher":"https:\/\/www.facebook.com\/swissbaker.ch","article_published_time":"2024-03-13T12:21:03+00:00","article_modified_time":"2024-03-13T12:21:05+00:00","og_image":[{"width":800,"height":474,"url":"https:\/\/swissbaker.ch\/wp-content\/uploads\/2022\/04\/le_chevalier.jpeg","type":"image\/jpeg"}],"author":"Simon Nussbaum","twitter_card":"summary_large_image","twitter_creator":"@ch_swissbaker","twitter_site":"@ch_swissbaker","twitter_misc":{"Written by":"Simon Nussbaum","Est. reading time":"2 minutes"},"schema":{"@context":"https:\/\/schema.org","@graph":[{"@type":"Article","@id":"https:\/\/swissbaker.ch\/fr\/panissimo-news\/une-perce-neige-ne-fait-pas-le-printemps-bien-que\/#article","isPartOf":{"@id":"https:\/\/swissbaker.ch\/fr\/panissimo-news\/une-perce-neige-ne-fait-pas-le-printemps-bien-que\/"},"author":{"name":"Simon Nussbaum","@id":"https:\/\/swissbaker.ch\/fr\/#\/schema\/person\/74bd327b08c18ca6042c02ff6f0ed5e2"},"headline":"Une perce-neige ne fait pas le printemps, bien que\u2009\u2026","datePublished":"2024-03-13T12:21:03+00:00","dateModified":"2024-03-13T12:21:05+00:00","mainEntityOfPage":{"@id":"https:\/\/swissbaker.ch\/fr\/panissimo-news\/une-perce-neige-ne-fait-pas-le-printemps-bien-que\/"},"wordCount":319,"publisher":{"@id":"https:\/\/swissbaker.ch\/fr\/#organization"},"image":{"@id":"https:\/\/swissbaker.ch\/fr\/panissimo-news\/une-perce-neige-ne-fait-pas-le-printemps-bien-que\/#primaryimage"},"thumbnailUrl":"https:\/\/swissbaker.ch\/wp-content\/uploads\/2022\/04\/le_chevalier.jpeg","articleSection":["De la branche"],"inLanguage":"fr-FR"},{"@type":"WebPage","@id":"https:\/\/swissbaker.ch\/fr\/panissimo-news\/une-perce-neige-ne-fait-pas-le-printemps-bien-que\/","url":"https:\/\/swissbaker.ch\/fr\/panissimo-news\/une-perce-neige-ne-fait-pas-le-printemps-bien-que\/","name":"Une perce-neige ne fait pas le printemps, bien que\u2009\u2026 | SBC","isPartOf":{"@id":"https:\/\/swissbaker.ch\/fr\/#website"},"primaryImageOfPage":{"@id":"https:\/\/swissbaker.ch\/fr\/panissimo-news\/une-perce-neige-ne-fait-pas-le-printemps-bien-que\/#primaryimage"},"image":{"@id":"https:\/\/swissbaker.ch\/fr\/panissimo-news\/une-perce-neige-ne-fait-pas-le-printemps-bien-que\/#primaryimage"},"thumbnailUrl":"https:\/\/swissbaker.ch\/wp-content\/uploads\/2022\/04\/le_chevalier.jpeg","datePublished":"2024-03-13T12:21:03+00:00","dateModified":"2024-03-13T12:21:05+00:00","breadcrumb":{"@id":"https:\/\/swissbaker.ch\/fr\/panissimo-news\/une-perce-neige-ne-fait-pas-le-printemps-bien-que\/#breadcrumb"},"inLanguage":"fr-FR","potentialAction":[{"@type":"ReadAction","target":["https:\/\/swissbaker.ch\/fr\/panissimo-news\/une-perce-neige-ne-fait-pas-le-printemps-bien-que\/"]}]},{"@type":"ImageObject","inLanguage":"fr-FR","@id":"https:\/\/swissbaker.ch\/fr\/panissimo-news\/une-perce-neige-ne-fait-pas-le-printemps-bien-que\/#primaryimage","url":"https:\/\/swissbaker.ch\/wp-content\/uploads\/2022\/04\/le_chevalier.jpeg","contentUrl":"https:\/\/swissbaker.ch\/wp-content\/uploads\/2022\/04\/le_chevalier.jpeg","width":800,"height":474,"caption":"Traction avant\u2026Ou quatre fois quatre !"},{"@type":"BreadcrumbList","@id":"https:\/\/swissbaker.ch\/fr\/panissimo-news\/une-perce-neige-ne-fait-pas-le-printemps-bien-que\/#breadcrumb","itemListElement":[{"@type":"ListItem","position":1,"name":"","item":"https:\/\/swissbaker.ch\/fr\/"},{"@type":"ListItem","position":2,"name":"De la branche","item":"https:\/\/swissbaker.ch\/fr\/panissimo-news\/category\/de-la-branche\/"},{"@type":"ListItem","position":3,"name":"Une perce-neige ne fait pas le printemps, bien que\u2009\u2026"}]},{"@type":"WebSite","@id":"https:\/\/swissbaker.ch\/fr\/#website","url":"https:\/\/swissbaker.ch\/fr\/","name":"SBC","description":"","publisher":{"@id":"https:\/\/swissbaker.ch\/fr\/#organization"},"potentialAction":[{"@type":"SearchAction","target":{"@type":"EntryPoint","urlTemplate":"https:\/\/swissbaker.ch\/fr\/?s={search_term_string}"},"query-input":{"@type":"PropertyValueSpecification","valueRequired":true,"valueName":"search_term_string"}}],"inLanguage":"fr-FR"},{"@type":"Organization","@id":"https:\/\/swissbaker.ch\/fr\/#organization","name":"Schweizerischer B\u00e4cker-Confiseurmeister-Verband","url":"https:\/\/swissbaker.ch\/fr\/","logo":{"@type":"ImageObject","inLanguage":"fr-FR","@id":"https:\/\/swissbaker.ch\/fr\/#\/schema\/logo\/image\/","url":"https:\/\/swissbaker.ch\/wp-content\/uploads\/2022\/04\/sbc-logo-yoast.jpg","contentUrl":"https:\/\/swissbaker.ch\/wp-content\/uploads\/2022\/04\/sbc-logo-yoast.jpg","width":512,"height":512,"caption":"Schweizerischer B\u00e4cker-Confiseurmeister-Verband"},"image":{"@id":"https:\/\/swissbaker.ch\/fr\/#\/schema\/logo\/image\/"},"sameAs":["https:\/\/www.facebook.com\/swissbaker.ch","https:\/\/x.com\/ch_swissbaker"]},{"@type":"Person","@id":"https:\/\/swissbaker.ch\/fr\/#\/schema\/person\/74bd327b08c18ca6042c02ff6f0ed5e2","name":"Simon Nussbaum","image":{"@type":"ImageObject","inLanguage":"fr-FR","@id":"https:\/\/swissbaker.ch\/fr\/#\/schema\/person\/image\/","url":"https:\/\/secure.gravatar.com\/avatar\/df0eced3bb556c806cb760cf503ade1ed1df25b4104d80d6fd28d93a9509aa12?s=96&d=mm&r=g","contentUrl":"https:\/\/secure.gravatar.com\/avatar\/df0eced3bb556c806cb760cf503ade1ed1df25b4104d80d6fd28d93a9509aa12?s=96&d=mm&r=g","caption":"Simon Nussbaum"},"url":"https:\/\/swissbaker.ch\/fr\/panissimo-news\/author\/simon-nussbaum\/"}]}},"_links":{"self":[{"href":"https:\/\/swissbaker.ch\/fr\/wp-json\/wp\/v2\/posts\/76488","targetHints":{"allow":["GET"]}}],"collection":[{"href":"https:\/\/swissbaker.ch\/fr\/wp-json\/wp\/v2\/posts"}],"about":[{"href":"https:\/\/swissbaker.ch\/fr\/wp-json\/wp\/v2\/types\/post"}],"author":[{"embeddable":true,"href":"https:\/\/swissbaker.ch\/fr\/wp-json\/wp\/v2\/users\/5"}],"replies":[{"embeddable":true,"href":"https:\/\/swissbaker.ch\/fr\/wp-json\/wp\/v2\/comments?post=76488"}],"version-history":[{"count":0,"href":"https:\/\/swissbaker.ch\/fr\/wp-json\/wp\/v2\/posts\/76488\/revisions"}],"wp:featuredmedia":[{"embeddable":true,"href":"https:\/\/swissbaker.ch\/fr\/wp-json\/wp\/v2\/media\/7213"}],"wp:attachment":[{"href":"https:\/\/swissbaker.ch\/fr\/wp-json\/wp\/v2\/media?parent=76488"}],"wp:term":[{"taxonomy":"category","embeddable":true,"href":"https:\/\/swissbaker.ch\/fr\/wp-json\/wp\/v2\/categories?post=76488"},{"taxonomy":"post_tag","embeddable":true,"href":"https:\/\/swissbaker.ch\/fr\/wp-json\/wp\/v2\/tags?post=76488"}],"curies":[{"name":"wp","href":"https:\/\/api.w.org\/{rel}","templated":true}]}}