{"id":76451,"date":"2024-03-12T14:16:56","date_gmt":"2024-03-12T13:16:56","guid":{"rendered":"https:\/\/swissbaker.ch\/?p=76451"},"modified":"2024-03-13T13:22:01","modified_gmt":"2024-03-13T12:22:01","slug":"le-pirate-de-gontenschwil","status":"publish","type":"post","link":"https:\/\/swissbaker.ch\/fr\/panissimo-news\/le-pirate-de-gontenschwil\/","title":{"rendered":"Le pirate de Gontenschwil"},"content":{"rendered":"\n<p><strong>Le lac de Hallwil, le plan d\u2019eau le plus proche, se trouve \u00e0 trois kilom\u00e8tres de Gontenschwil. Ce village argovien abrite n\u00e9anmoins un bastion de pirates \u2013 la boulangerie Sollberger. Son capitaine, Kevin Sollberger, s\u2019est d\u2019ailleurs vu d\u00e9cerner le prix \u00ab\u2009Porteur d\u2019avenir 2023 \u2013 Formateur de l\u2019ann\u00e9e\u2009\u00bb en novembre dernier.<\/strong><\/p>\n\n\n\n<p>\u00ab\u2009Extraordinaire\u2009! Le fait d\u2019avoir \u00e9t\u00e9 en finale pour gagner ensuite.\u2009\u00bb C\u2019est en ces termes que Kevin Sollberger, propri\u00e9taire de Piraten-B\u00e4ckerei Sollberger \u00e0 Gontenschwil (AG), d\u00e9crit son ressenti par rapport \u00e0 sa nomination. \u00ab\u2009Mais le meilleur dans tout cela, c\u2019est d\u2019avoir \u00e9t\u00e9 d\u00e9sign\u00e9 par les apprentis\u2009\u00bb, ajoute-t-il. \u00ab\u2009C\u2019est une belle marque d\u2019estime et de gratitude pour des ann\u00e9es d\u2019investissement.\u2009\u00bb Et c\u2019est peu dire que sa carri\u00e8re professionnelle a \u00e9t\u00e9 marqu\u00e9e par l\u2019engagement.<\/p>\n\n\n<div class=\"wp-block-image\">\n<figure class=\"aligncenter size-full is-resized\"><img decoding=\"async\" width=\"627\" height=\"712\" src=\"https:\/\/swissbaker.ch\/wp-content\/uploads\/2024\/03\/5_2_sollberger_zukunftstraeger.jpg\" alt=\"\" class=\"wp-image-76446\" style=\"width:293px;height:auto\"\/><figcaption class=\"wp-element-caption\"><em>Zora Roth (apprentie, nominatrice) et Kevin Sollberger lors de leur nomination comme porteur d&#8217;avenir 2023 (photo : Linda Pollari)<\/em><\/figcaption><\/figure>\n<\/div>\n\n\n<h2 class=\"wp-block-heading\" id=\"h-une-transition-sans-heurts\">Une transition sans heurts<\/h2>\n\n\n\n<p>Kevin Sollberger a entam\u00e9 sa formation de boulanger-p\u00e2tissier en 1998. En 2001, d\u00e8s la fin de son apprentissage, il a d\u00fb temporairement prendre la rel\u00e8ve de son p\u00e8re et propri\u00e9taire de l\u2019entreprise, Peter Sollberger, qui devait se faire op\u00e9rer d\u2019une hanche.<\/p>\n\n\n\n<p>Les ann\u00e9es professionnelles suivantes du nouveau responsable de production ont \u00e9t\u00e9 marqu\u00e9es par le compagnonnage, l\u2019examen professionnel, l\u2019examen professionnel sup\u00e9rieur, de m\u00eame que l\u2019engagement en faveur de la rel\u00e8ve. \u00ab\u2009Je suis expert aux examens pratiques et oraux, et j\u2019ai m\u00eame pu enseigner les connaissances professionnelles, le calcul et le fa\u00e7onnage en tant qu\u2019enseignant dans une \u00e9cole professionnelle pendant trois.\u2009\u00bb<\/p>\n\n\n\n<div class=\"wp-block-media-text is-stacked-on-mobile\" style=\"grid-template-columns:26% auto\"><figure class=\"wp-block-media-text__media\"><img decoding=\"async\" width=\"459\" height=\"475\" src=\"https:\/\/swissbaker.ch\/wp-content\/uploads\/2024\/03\/5_2_sollberger_pirat.jpg\" alt=\"\" class=\"wp-image-76444 size-full\"\/><\/figure><div class=\"wp-block-media-text__content\">\n<p><strong>Captain Tschegge<br><\/strong>\u00ab\u2009Le salut Tschegge est n\u00e9 d\u2019une vid\u00e9o publicitaire pour les m\u00e9dias sociaux\u2009\u00bb, explique le propri\u00e9taire innovant. \u00ab\u2009Ce salut a \u00e9t\u00e9 super bien accueilli, ce n\u2019\u00e9tait pas vraiment pr\u00e9vu.\u2009\u00bb La cr\u00e9ation lexicale figure \u00e9galement dans le nom de son r\u00f4le de capitaine pirate Captain Tschegge\u2009: autrefois, le propri\u00e9taire apparaissait sporadiquement d\u00e9guis\u00e9 en pirate lors de caterings et d\u2019\u00e9v\u00e9nements. Aujourd\u2019hui, Captain Tschegge fait partie int\u00e9grante de sa vie professionnelle\u2009: \u00ab\u2009D\u00e9sormais, les gens sont d\u00e9\u00e7us si je n\u2019apparais pas en pirate lors d\u2019un catering.\u2009\u00bb &#8230;<\/p>\n<\/div><\/div>\n\n\n\n<p><em>&#8230;Lire l&#8217;article complet dans \u00abPanissimo\u00bb du 8 mars 2024<\/em><\/p>\n\n\n\n<ul class=\"wp-block-list\">\n<li><a href=\"https:\/\/www.sollberger-beck.ch\/\">sollberger-beck.ch<\/a><\/li>\n\n\n\n<li><a href=\"https:\/\/www.yourethebest.ch\/\">yourethebest.ch<\/a><\/li>\n<\/ul>\n\n\n\n<p class=\"has-text-align-right\"><em>Diego Schwerzmann<\/em><\/p>\n","protected":false},"excerpt":{"rendered":"<p>Le lac de Hallwil, le plan d\u2019eau le plus proche, se trouve \u00e0 trois kilom\u00e8tres de Gontenschwil. Ce village argovien abrite n\u00e9anmoins un bastion de pirates \u2013 la boulangerie Sollberger. Son capitaine, Kevin Sollberger, s\u2019est d\u2019ailleurs vu d\u00e9cerner le prix \u00ab\u2009Porteur d\u2019avenir 2023 \u2013 Formateur de l\u2019ann\u00e9e\u2009\u00bb en novembre dernier.<\/p>\n","protected":false},"author":5,"featured_media":76448,"comment_status":"closed","ping_status":"closed","sticky":true,"template":"","format":"standard","meta":{"_acf_changed":false,"footnotes":""},"categories":[42,25],"tags":[],"class_list":["post-76451","post","type-post","status-publish","format-standard","has-post-thumbnail","hentry","category-boulangeries-confiseries","category-non-classifiee"],"acf":[],"yoast_head":"<!-- This site is optimized with the Yoast SEO Premium plugin v26.8 (Yoast SEO v26.8) - https:\/\/yoast.com\/product\/yoast-seo-premium-wordpress\/ -->\n<title>Le pirate de Gontenschwil | SBC<\/title>\n<meta name=\"description\" content=\"Kevin Sollberger, s\u2019est vu d\u00e9cerner le prix \u00ab\u2009Porteur d\u2019avenir 2023 \u2013 Formateur de l\u2019ann\u00e9e\u2009\u00bb en novembre dernier.\" \/>\n<meta name=\"robots\" content=\"index, follow, max-snippet:-1, max-image-preview:large, max-video-preview:-1\" \/>\n<link rel=\"canonical\" href=\"https:\/\/swissbaker.ch\/fr\/panissimo-news\/le-pirate-de-gontenschwil\/\" \/>\n<meta property=\"og:locale\" content=\"fr_FR\" \/>\n<meta property=\"og:type\" content=\"article\" \/>\n<meta property=\"og:title\" content=\"Le pirate de Gontenschwil\" \/>\n<meta property=\"og:description\" content=\"Kevin Sollberger, s\u2019est vu d\u00e9cerner le prix \u00ab\u2009Porteur d\u2019avenir 2023 \u2013 Formateur de l\u2019ann\u00e9e\u2009\u00bb en novembre dernier.\" \/>\n<meta property=\"og:url\" content=\"https:\/\/swissbaker.ch\/fr\/panissimo-news\/le-pirate-de-gontenschwil\/\" \/>\n<meta property=\"og:site_name\" content=\"SBC\" \/>\n<meta property=\"article:publisher\" content=\"https:\/\/www.facebook.com\/swissbaker.ch\" \/>\n<meta property=\"article:published_time\" content=\"2024-03-12T13:16:56+00:00\" \/>\n<meta property=\"article:modified_time\" content=\"2024-03-13T12:22:01+00:00\" \/>\n<meta property=\"og:image\" content=\"https:\/\/swissbaker.ch\/wp-content\/uploads\/2024\/03\/5_2_sollberger_gontenschwil.jpg\" \/>\n\t<meta property=\"og:image:width\" content=\"1200\" \/>\n\t<meta property=\"og:image:height\" content=\"712\" \/>\n\t<meta property=\"og:image:type\" content=\"image\/jpeg\" \/>\n<meta name=\"author\" content=\"Simon Nussbaum\" \/>\n<meta name=\"twitter:card\" content=\"summary_large_image\" \/>\n<meta name=\"twitter:creator\" content=\"@ch_swissbaker\" \/>\n<meta name=\"twitter:site\" content=\"@ch_swissbaker\" \/>\n<meta name=\"twitter:label1\" content=\"Written by\" \/>\n\t<meta name=\"twitter:data1\" content=\"Simon Nussbaum\" \/>\n\t<meta name=\"twitter:label2\" content=\"Est. reading time\" \/>\n\t<meta name=\"twitter:data2\" content=\"2 minutes\" \/>\n<script type=\"application\/ld+json\" class=\"yoast-schema-graph\">{\"@context\":\"https:\/\/schema.org\",\"@graph\":[{\"@type\":\"Article\",\"@id\":\"https:\/\/swissbaker.ch\/fr\/panissimo-news\/le-pirate-de-gontenschwil\/#article\",\"isPartOf\":{\"@id\":\"https:\/\/swissbaker.ch\/fr\/panissimo-news\/le-pirate-de-gontenschwil\/\"},\"author\":{\"name\":\"Simon Nussbaum\",\"@id\":\"https:\/\/swissbaker.ch\/fr\/#\/schema\/person\/74bd327b08c18ca6042c02ff6f0ed5e2\"},\"headline\":\"Le pirate de Gontenschwil\",\"datePublished\":\"2024-03-12T13:16:56+00:00\",\"dateModified\":\"2024-03-13T12:22:01+00:00\",\"mainEntityOfPage\":{\"@id\":\"https:\/\/swissbaker.ch\/fr\/panissimo-news\/le-pirate-de-gontenschwil\/\"},\"wordCount\":399,\"publisher\":{\"@id\":\"https:\/\/swissbaker.ch\/fr\/#organization\"},\"image\":{\"@id\":\"https:\/\/swissbaker.ch\/fr\/panissimo-news\/le-pirate-de-gontenschwil\/#primaryimage\"},\"thumbnailUrl\":\"https:\/\/swissbaker.ch\/wp-content\/uploads\/2024\/03\/5_2_sollberger_gontenschwil.jpg\",\"articleSection\":[\"Boulangeries\/Confiseries\",\"Non classifi\u00e9(e)\"],\"inLanguage\":\"fr-FR\"},{\"@type\":\"WebPage\",\"@id\":\"https:\/\/swissbaker.ch\/fr\/panissimo-news\/le-pirate-de-gontenschwil\/\",\"url\":\"https:\/\/swissbaker.ch\/fr\/panissimo-news\/le-pirate-de-gontenschwil\/\",\"name\":\"Le pirate de Gontenschwil | SBC\",\"isPartOf\":{\"@id\":\"https:\/\/swissbaker.ch\/fr\/#website\"},\"primaryImageOfPage\":{\"@id\":\"https:\/\/swissbaker.ch\/fr\/panissimo-news\/le-pirate-de-gontenschwil\/#primaryimage\"},\"image\":{\"@id\":\"https:\/\/swissbaker.ch\/fr\/panissimo-news\/le-pirate-de-gontenschwil\/#primaryimage\"},\"thumbnailUrl\":\"https:\/\/swissbaker.ch\/wp-content\/uploads\/2024\/03\/5_2_sollberger_gontenschwil.jpg\",\"datePublished\":\"2024-03-12T13:16:56+00:00\",\"dateModified\":\"2024-03-13T12:22:01+00:00\",\"description\":\"Kevin Sollberger, s\u2019est vu d\u00e9cerner le prix \u00ab\u2009Porteur d\u2019avenir 2023 \u2013 Formateur de l\u2019ann\u00e9e\u2009\u00bb en novembre dernier.\",\"breadcrumb\":{\"@id\":\"https:\/\/swissbaker.ch\/fr\/panissimo-news\/le-pirate-de-gontenschwil\/#breadcrumb\"},\"inLanguage\":\"fr-FR\",\"potentialAction\":[{\"@type\":\"ReadAction\",\"target\":[\"https:\/\/swissbaker.ch\/fr\/panissimo-news\/le-pirate-de-gontenschwil\/\"]}]},{\"@type\":\"ImageObject\",\"inLanguage\":\"fr-FR\",\"@id\":\"https:\/\/swissbaker.ch\/fr\/panissimo-news\/le-pirate-de-gontenschwil\/#primaryimage\",\"url\":\"https:\/\/swissbaker.ch\/wp-content\/uploads\/2024\/03\/5_2_sollberger_gontenschwil.jpg\",\"contentUrl\":\"https:\/\/swissbaker.ch\/wp-content\/uploads\/2024\/03\/5_2_sollberger_gontenschwil.jpg\",\"width\":1200,\"height\":712},{\"@type\":\"BreadcrumbList\",\"@id\":\"https:\/\/swissbaker.ch\/fr\/panissimo-news\/le-pirate-de-gontenschwil\/#breadcrumb\",\"itemListElement\":[{\"@type\":\"ListItem\",\"position\":1,\"name\":\"\",\"item\":\"https:\/\/swissbaker.ch\/fr\/\"},{\"@type\":\"ListItem\",\"position\":2,\"name\":\"Non classifi\u00e9(e)\",\"item\":\"https:\/\/swissbaker.ch\/fr\/panissimo-news\/category\/non-classifiee\/\"},{\"@type\":\"ListItem\",\"position\":3,\"name\":\"Le pirate de Gontenschwil\"}]},{\"@type\":\"WebSite\",\"@id\":\"https:\/\/swissbaker.ch\/fr\/#website\",\"url\":\"https:\/\/swissbaker.ch\/fr\/\",\"name\":\"SBC\",\"description\":\"\",\"publisher\":{\"@id\":\"https:\/\/swissbaker.ch\/fr\/#organization\"},\"potentialAction\":[{\"@type\":\"SearchAction\",\"target\":{\"@type\":\"EntryPoint\",\"urlTemplate\":\"https:\/\/swissbaker.ch\/fr\/?s={search_term_string}\"},\"query-input\":{\"@type\":\"PropertyValueSpecification\",\"valueRequired\":true,\"valueName\":\"search_term_string\"}}],\"inLanguage\":\"fr-FR\"},{\"@type\":\"Organization\",\"@id\":\"https:\/\/swissbaker.ch\/fr\/#organization\",\"name\":\"Schweizerischer B\u00e4cker-Confiseurmeister-Verband\",\"url\":\"https:\/\/swissbaker.ch\/fr\/\",\"logo\":{\"@type\":\"ImageObject\",\"inLanguage\":\"fr-FR\",\"@id\":\"https:\/\/swissbaker.ch\/fr\/#\/schema\/logo\/image\/\",\"url\":\"https:\/\/swissbaker.ch\/wp-content\/uploads\/2022\/04\/sbc-logo-yoast.jpg\",\"contentUrl\":\"https:\/\/swissbaker.ch\/wp-content\/uploads\/2022\/04\/sbc-logo-yoast.jpg\",\"width\":512,\"height\":512,\"caption\":\"Schweizerischer B\u00e4cker-Confiseurmeister-Verband\"},\"image\":{\"@id\":\"https:\/\/swissbaker.ch\/fr\/#\/schema\/logo\/image\/\"},\"sameAs\":[\"https:\/\/www.facebook.com\/swissbaker.ch\",\"https:\/\/x.com\/ch_swissbaker\"]},{\"@type\":\"Person\",\"@id\":\"https:\/\/swissbaker.ch\/fr\/#\/schema\/person\/74bd327b08c18ca6042c02ff6f0ed5e2\",\"name\":\"Simon Nussbaum\",\"image\":{\"@type\":\"ImageObject\",\"inLanguage\":\"fr-FR\",\"@id\":\"https:\/\/swissbaker.ch\/fr\/#\/schema\/person\/image\/\",\"url\":\"https:\/\/secure.gravatar.com\/avatar\/df0eced3bb556c806cb760cf503ade1ed1df25b4104d80d6fd28d93a9509aa12?s=96&d=mm&r=g\",\"contentUrl\":\"https:\/\/secure.gravatar.com\/avatar\/df0eced3bb556c806cb760cf503ade1ed1df25b4104d80d6fd28d93a9509aa12?s=96&d=mm&r=g\",\"caption\":\"Simon Nussbaum\"},\"url\":\"https:\/\/swissbaker.ch\/fr\/panissimo-news\/author\/simon-nussbaum\/\"}]}<\/script>\n<!-- \/ Yoast SEO Premium plugin. -->","yoast_head_json":{"title":"Le pirate de Gontenschwil | SBC","description":"Kevin Sollberger, s\u2019est vu d\u00e9cerner le prix \u00ab\u2009Porteur d\u2019avenir 2023 \u2013 Formateur de l\u2019ann\u00e9e\u2009\u00bb en novembre dernier.","robots":{"index":"index","follow":"follow","max-snippet":"max-snippet:-1","max-image-preview":"max-image-preview:large","max-video-preview":"max-video-preview:-1"},"canonical":"https:\/\/swissbaker.ch\/fr\/panissimo-news\/le-pirate-de-gontenschwil\/","og_locale":"fr_FR","og_type":"article","og_title":"Le pirate de Gontenschwil","og_description":"Kevin Sollberger, s\u2019est vu d\u00e9cerner le prix \u00ab\u2009Porteur d\u2019avenir 2023 \u2013 Formateur de l\u2019ann\u00e9e\u2009\u00bb en novembre dernier.","og_url":"https:\/\/swissbaker.ch\/fr\/panissimo-news\/le-pirate-de-gontenschwil\/","og_site_name":"SBC","article_publisher":"https:\/\/www.facebook.com\/swissbaker.ch","article_published_time":"2024-03-12T13:16:56+00:00","article_modified_time":"2024-03-13T12:22:01+00:00","og_image":[{"width":1200,"height":712,"url":"https:\/\/swissbaker.ch\/wp-content\/uploads\/2024\/03\/5_2_sollberger_gontenschwil.jpg","type":"image\/jpeg"}],"author":"Simon Nussbaum","twitter_card":"summary_large_image","twitter_creator":"@ch_swissbaker","twitter_site":"@ch_swissbaker","twitter_misc":{"Written by":"Simon Nussbaum","Est. reading time":"2 minutes"},"schema":{"@context":"https:\/\/schema.org","@graph":[{"@type":"Article","@id":"https:\/\/swissbaker.ch\/fr\/panissimo-news\/le-pirate-de-gontenschwil\/#article","isPartOf":{"@id":"https:\/\/swissbaker.ch\/fr\/panissimo-news\/le-pirate-de-gontenschwil\/"},"author":{"name":"Simon Nussbaum","@id":"https:\/\/swissbaker.ch\/fr\/#\/schema\/person\/74bd327b08c18ca6042c02ff6f0ed5e2"},"headline":"Le pirate de Gontenschwil","datePublished":"2024-03-12T13:16:56+00:00","dateModified":"2024-03-13T12:22:01+00:00","mainEntityOfPage":{"@id":"https:\/\/swissbaker.ch\/fr\/panissimo-news\/le-pirate-de-gontenschwil\/"},"wordCount":399,"publisher":{"@id":"https:\/\/swissbaker.ch\/fr\/#organization"},"image":{"@id":"https:\/\/swissbaker.ch\/fr\/panissimo-news\/le-pirate-de-gontenschwil\/#primaryimage"},"thumbnailUrl":"https:\/\/swissbaker.ch\/wp-content\/uploads\/2024\/03\/5_2_sollberger_gontenschwil.jpg","articleSection":["Boulangeries\/Confiseries","Non classifi\u00e9(e)"],"inLanguage":"fr-FR"},{"@type":"WebPage","@id":"https:\/\/swissbaker.ch\/fr\/panissimo-news\/le-pirate-de-gontenschwil\/","url":"https:\/\/swissbaker.ch\/fr\/panissimo-news\/le-pirate-de-gontenschwil\/","name":"Le pirate de Gontenschwil | SBC","isPartOf":{"@id":"https:\/\/swissbaker.ch\/fr\/#website"},"primaryImageOfPage":{"@id":"https:\/\/swissbaker.ch\/fr\/panissimo-news\/le-pirate-de-gontenschwil\/#primaryimage"},"image":{"@id":"https:\/\/swissbaker.ch\/fr\/panissimo-news\/le-pirate-de-gontenschwil\/#primaryimage"},"thumbnailUrl":"https:\/\/swissbaker.ch\/wp-content\/uploads\/2024\/03\/5_2_sollberger_gontenschwil.jpg","datePublished":"2024-03-12T13:16:56+00:00","dateModified":"2024-03-13T12:22:01+00:00","description":"Kevin Sollberger, s\u2019est vu d\u00e9cerner le prix \u00ab\u2009Porteur d\u2019avenir 2023 \u2013 Formateur de l\u2019ann\u00e9e\u2009\u00bb en novembre dernier.","breadcrumb":{"@id":"https:\/\/swissbaker.ch\/fr\/panissimo-news\/le-pirate-de-gontenschwil\/#breadcrumb"},"inLanguage":"fr-FR","potentialAction":[{"@type":"ReadAction","target":["https:\/\/swissbaker.ch\/fr\/panissimo-news\/le-pirate-de-gontenschwil\/"]}]},{"@type":"ImageObject","inLanguage":"fr-FR","@id":"https:\/\/swissbaker.ch\/fr\/panissimo-news\/le-pirate-de-gontenschwil\/#primaryimage","url":"https:\/\/swissbaker.ch\/wp-content\/uploads\/2024\/03\/5_2_sollberger_gontenschwil.jpg","contentUrl":"https:\/\/swissbaker.ch\/wp-content\/uploads\/2024\/03\/5_2_sollberger_gontenschwil.jpg","width":1200,"height":712},{"@type":"BreadcrumbList","@id":"https:\/\/swissbaker.ch\/fr\/panissimo-news\/le-pirate-de-gontenschwil\/#breadcrumb","itemListElement":[{"@type":"ListItem","position":1,"name":"","item":"https:\/\/swissbaker.ch\/fr\/"},{"@type":"ListItem","position":2,"name":"Non classifi\u00e9(e)","item":"https:\/\/swissbaker.ch\/fr\/panissimo-news\/category\/non-classifiee\/"},{"@type":"ListItem","position":3,"name":"Le pirate de Gontenschwil"}]},{"@type":"WebSite","@id":"https:\/\/swissbaker.ch\/fr\/#website","url":"https:\/\/swissbaker.ch\/fr\/","name":"SBC","description":"","publisher":{"@id":"https:\/\/swissbaker.ch\/fr\/#organization"},"potentialAction":[{"@type":"SearchAction","target":{"@type":"EntryPoint","urlTemplate":"https:\/\/swissbaker.ch\/fr\/?s={search_term_string}"},"query-input":{"@type":"PropertyValueSpecification","valueRequired":true,"valueName":"search_term_string"}}],"inLanguage":"fr-FR"},{"@type":"Organization","@id":"https:\/\/swissbaker.ch\/fr\/#organization","name":"Schweizerischer B\u00e4cker-Confiseurmeister-Verband","url":"https:\/\/swissbaker.ch\/fr\/","logo":{"@type":"ImageObject","inLanguage":"fr-FR","@id":"https:\/\/swissbaker.ch\/fr\/#\/schema\/logo\/image\/","url":"https:\/\/swissbaker.ch\/wp-content\/uploads\/2022\/04\/sbc-logo-yoast.jpg","contentUrl":"https:\/\/swissbaker.ch\/wp-content\/uploads\/2022\/04\/sbc-logo-yoast.jpg","width":512,"height":512,"caption":"Schweizerischer B\u00e4cker-Confiseurmeister-Verband"},"image":{"@id":"https:\/\/swissbaker.ch\/fr\/#\/schema\/logo\/image\/"},"sameAs":["https:\/\/www.facebook.com\/swissbaker.ch","https:\/\/x.com\/ch_swissbaker"]},{"@type":"Person","@id":"https:\/\/swissbaker.ch\/fr\/#\/schema\/person\/74bd327b08c18ca6042c02ff6f0ed5e2","name":"Simon Nussbaum","image":{"@type":"ImageObject","inLanguage":"fr-FR","@id":"https:\/\/swissbaker.ch\/fr\/#\/schema\/person\/image\/","url":"https:\/\/secure.gravatar.com\/avatar\/df0eced3bb556c806cb760cf503ade1ed1df25b4104d80d6fd28d93a9509aa12?s=96&d=mm&r=g","contentUrl":"https:\/\/secure.gravatar.com\/avatar\/df0eced3bb556c806cb760cf503ade1ed1df25b4104d80d6fd28d93a9509aa12?s=96&d=mm&r=g","caption":"Simon Nussbaum"},"url":"https:\/\/swissbaker.ch\/fr\/panissimo-news\/author\/simon-nussbaum\/"}]}},"_links":{"self":[{"href":"https:\/\/swissbaker.ch\/fr\/wp-json\/wp\/v2\/posts\/76451","targetHints":{"allow":["GET"]}}],"collection":[{"href":"https:\/\/swissbaker.ch\/fr\/wp-json\/wp\/v2\/posts"}],"about":[{"href":"https:\/\/swissbaker.ch\/fr\/wp-json\/wp\/v2\/types\/post"}],"author":[{"embeddable":true,"href":"https:\/\/swissbaker.ch\/fr\/wp-json\/wp\/v2\/users\/5"}],"replies":[{"embeddable":true,"href":"https:\/\/swissbaker.ch\/fr\/wp-json\/wp\/v2\/comments?post=76451"}],"version-history":[{"count":0,"href":"https:\/\/swissbaker.ch\/fr\/wp-json\/wp\/v2\/posts\/76451\/revisions"}],"wp:featuredmedia":[{"embeddable":true,"href":"https:\/\/swissbaker.ch\/fr\/wp-json\/wp\/v2\/media\/76448"}],"wp:attachment":[{"href":"https:\/\/swissbaker.ch\/fr\/wp-json\/wp\/v2\/media?parent=76451"}],"wp:term":[{"taxonomy":"category","embeddable":true,"href":"https:\/\/swissbaker.ch\/fr\/wp-json\/wp\/v2\/categories?post=76451"},{"taxonomy":"post_tag","embeddable":true,"href":"https:\/\/swissbaker.ch\/fr\/wp-json\/wp\/v2\/tags?post=76451"}],"curies":[{"name":"wp","href":"https:\/\/api.w.org\/{rel}","templated":true}]}}