{"id":76282,"date":"2024-03-07T15:22:53","date_gmt":"2024-03-07T14:22:53","guid":{"rendered":"https:\/\/swissbaker.ch\/?p=76282"},"modified":"2024-03-07T15:26:49","modified_gmt":"2024-03-07T14:26:49","slug":"francoise-mabillard-1961-2024","status":"publish","type":"post","link":"https:\/\/swissbaker.ch\/fr\/panissimo-news\/francoise-mabillard-1961-2024\/","title":{"rendered":"Fran\u00e7oise Mabillard 1961-2024"},"content":{"rendered":"\n<p>D\u00e9but f\u00e9vrier, Fran\u00e7oise Mabillard est d\u00e9c\u00e9d\u00e9e tragiquement. S\u0153ur d\u2019Alphonse Pellet, elle a travaill\u00e9 pr\u00e8s de cinquante dans l\u2019entreprise familiale \u00e0 Uvrier (VS). D\u00e8s l\u2019\u00e2ge de douze ans, elle aidait ses parents \u00e0 la vente. Elle aurait d\u2019ailleurs souhait\u00e9 devenir boulang\u00e8re-p\u00e2tissi\u00e8re. Mais \u00e0 l\u2019\u00e9poque, ce n\u2019\u00e9tait pas dans les m\u0153urs\u2026 C\u2019est \u00e0 l\u2019occasion d\u2019un ap\u00e9ritif organis\u00e9 par la boulangerie Pellet qu\u2019elle a rencontr\u00e9 Antoine, avec qui elle a eu deux enfants : Sibylle et Denis.<\/p>\n\n\n\n<h2 class=\"wp-block-heading\" id=\"h-l-hommage-rendu-a-francoise-mabillard-de-bernard-pignat\">L\u2019hommage rendu \u00e0 Fran\u00e7oise Mabillard de Bernard Pignat:<\/h2>\n\n\n\n<figure class=\"wp-block-image size-full\"><img decoding=\"async\" width=\"309\" height=\"323\" src=\"https:\/\/swissbaker.ch\/wp-content\/uploads\/2024\/03\/bild1.jpg\" alt=\"\" class=\"wp-image-76287\"\/><\/figure>\n\n\n\n<p>Sur la route du matin<br>Tu t\u2019en allais livrer le bon pain<br>Viennoiseries ou autres douceurs<br>Confectionn\u00e9es avec amour<br>Par Fonfon ton fr\u00e8re et les siens<\/p>\n\n\n\n<p>La route celle que tu connaissais<br>Ce chemin de tes jours<br>Pour d\u00e9montrer et \u00eatre au service<\/p>\n\n\n\n<p>Au service de la dynastie Pellet<br>Celle qui \u00e9tait tienne<br>Avec toujours en ligne de mire<br>L\u2019exemple de tes chers parents<\/p>\n\n\n\n<p>Oui servir et \u00eatre pr\u00e9sente<br>Dans tous les jours de la vie<br>Ceux de joie et de peine<br>Lors des temp\u00eates et du beau temps<br>Engag\u00e9e, disponible<\/p>\n\n\n\n<p>La route de ce jour<br>A vu ta vie s\u2019arr\u00eater nette<br>Et la mort t\u2019a cueillie sans crier gare<br>Comme un voile indicible<br>D\u00e9pos\u00e9 en ce matin<\/p>\n\n\n\n<p>Tu laisses dans la peine<br>Ton \u00e9poux, tes enfants<br>Ton fr\u00e8re Alphonse et sa famille<br>Ton beau-fr\u00e8re et les siens<br>Ta s\u0153ur de c\u0153ur<br>Ton ami du matin<br>Et toutes celles et tous ceux<br>Qui \u00e9taient tes amies et amis et connaissances<\/p>\n\n\n\n<p>Ta pr\u00e9sence \u00e9tait forte<br>Ton engagement aussi<br>Et maintenant dans le ciel de la vie des tiens<br>Tu vas briller comme une \u00e9toile<br>Oui pour \u00e9clairer leurs vies<br>Et pour les soutenir de l\u00e0-haut<\/p>\n\n\n\n<p>Alors, \u00e0 ceux qui sont tous les tiens<br>En ces jours de deuil et de s\u00e9paration<br>Je veux pr\u00e9senter mes sinc\u00e8res condol\u00e9ances<br>Et l\u2019assurance de mes pens\u00e9es et de mon soutien<\/p>\n\n\n\n<p>Tu \u00e9tais le chemin et la vie<br>Ton parcours s\u2019est termin\u00e9<br>Sur la route d\u2019un jour de f\u00e9vrier<br>Il reste l\u2019esp\u00e9rance et l\u2019amour<br>Ce qui a marqu\u00e9 ta vie<\/p>\n\n\n\n<p>Et \u00e0 toi ch\u00e8re Fran\u00e7oise<br>Je te dis adieu, adieu, adieu<br>Repose en paix<br>Et avec mes sinc\u00e8res amiti\u00e9s pour tous les tiens<\/p>\n\n\n\n<p><em>Bernard Pignat <\/em><br><em>au nom de l\u2019AVABPC <\/em><br><em>et de la Confr\u00e9rie Valaisanne des Chevaliers du Bon Pain<\/em><\/p>\n\n\n\n<p><em>Vouvry, f\u00e9vrier 2024<\/em><\/p>\n","protected":false},"excerpt":{"rendered":"<p>D\u00e9but f\u00e9vrier, Fran\u00e7oise Mabillard est d\u00e9c\u00e9d\u00e9e tragiquement. S\u0153ur d\u2019Alphonse Pellet, elle a travaill\u00e9 pr\u00e8s de cinquante dans l\u2019entreprise familiale \u00e0 Uvrier (VS). D\u00e8s l\u2019\u00e2ge de douze ans, elle aidait ses parents \u00e0 la vente. Elle aurait d\u2019ailleurs souhait\u00e9 devenir boulang\u00e8re-p\u00e2tissi\u00e8re. Mais \u00e0 l\u2019\u00e9poque, ce n\u2019\u00e9tait pas dans les m\u0153urs\u2026 C\u2019est \u00e0 l\u2019occasion d\u2019un ap\u00e9ritif organis\u00e9 par la boulangerie Pellet qu\u2019elle [&hellip;]<\/p>\n","protected":false},"author":5,"featured_media":76283,"comment_status":"closed","ping_status":"closed","sticky":false,"template":"","format":"standard","meta":{"_acf_changed":false,"footnotes":""},"categories":[40],"tags":[],"class_list":["post-76282","post","type-post","status-publish","format-standard","has-post-thumbnail","hentry","category-des-cantons"],"acf":[],"yoast_head":"<!-- This site is optimized with the Yoast SEO Premium plugin v26.8 (Yoast SEO v26.8) - https:\/\/yoast.com\/product\/yoast-seo-premium-wordpress\/ -->\n<title>Fran\u00e7oise Mabillard 1961-2024 | SBC<\/title>\n<meta name=\"robots\" content=\"index, follow, max-snippet:-1, max-image-preview:large, max-video-preview:-1\" \/>\n<link rel=\"canonical\" href=\"https:\/\/swissbaker.ch\/fr\/panissimo-news\/francoise-mabillard-1961-2024\/\" \/>\n<meta property=\"og:locale\" content=\"fr_FR\" \/>\n<meta property=\"og:type\" content=\"article\" \/>\n<meta property=\"og:title\" content=\"Fran\u00e7oise Mabillard 1961-2024\" \/>\n<meta property=\"og:description\" content=\"D\u00e9but f\u00e9vrier, Fran\u00e7oise Mabillard est d\u00e9c\u00e9d\u00e9e tragiquement. S\u0153ur d\u2019Alphonse Pellet, elle a travaill\u00e9 pr\u00e8s de cinquante dans l\u2019entreprise familiale \u00e0 Uvrier (VS). D\u00e8s l\u2019\u00e2ge de douze ans, elle aidait ses parents \u00e0 la vente. Elle aurait d\u2019ailleurs souhait\u00e9 devenir boulang\u00e8re-p\u00e2tissi\u00e8re. Mais \u00e0 l\u2019\u00e9poque, ce n\u2019\u00e9tait pas dans les m\u0153urs\u2026 C\u2019est \u00e0 l\u2019occasion d\u2019un ap\u00e9ritif organis\u00e9 par la boulangerie Pellet qu\u2019elle [&hellip;]\" \/>\n<meta property=\"og:url\" content=\"https:\/\/swissbaker.ch\/fr\/panissimo-news\/francoise-mabillard-1961-2024\/\" \/>\n<meta property=\"og:site_name\" content=\"SBC\" \/>\n<meta property=\"article:publisher\" content=\"https:\/\/www.facebook.com\/swissbaker.ch\" \/>\n<meta property=\"article:published_time\" content=\"2024-03-07T14:22:53+00:00\" \/>\n<meta property=\"article:modified_time\" content=\"2024-03-07T14:26:49+00:00\" \/>\n<meta property=\"og:image\" content=\"https:\/\/swissbaker.ch\/wp-content\/uploads\/2024\/03\/francoise-mabillard-pellet.jpg\" \/>\n\t<meta property=\"og:image:width\" content=\"1200\" \/>\n\t<meta property=\"og:image:height\" content=\"712\" \/>\n\t<meta property=\"og:image:type\" content=\"image\/jpeg\" \/>\n<meta name=\"author\" content=\"Simon Nussbaum\" \/>\n<meta name=\"twitter:card\" content=\"summary_large_image\" \/>\n<meta name=\"twitter:creator\" content=\"@ch_swissbaker\" \/>\n<meta name=\"twitter:site\" content=\"@ch_swissbaker\" \/>\n<meta name=\"twitter:label1\" content=\"Written by\" \/>\n\t<meta name=\"twitter:data1\" content=\"Simon Nussbaum\" \/>\n\t<meta name=\"twitter:label2\" content=\"Est. reading time\" \/>\n\t<meta name=\"twitter:data2\" content=\"2 minutes\" \/>\n<script type=\"application\/ld+json\" class=\"yoast-schema-graph\">{\"@context\":\"https:\/\/schema.org\",\"@graph\":[{\"@type\":\"Article\",\"@id\":\"https:\/\/swissbaker.ch\/fr\/panissimo-news\/francoise-mabillard-1961-2024\/#article\",\"isPartOf\":{\"@id\":\"https:\/\/swissbaker.ch\/fr\/panissimo-news\/francoise-mabillard-1961-2024\/\"},\"author\":{\"name\":\"Simon Nussbaum\",\"@id\":\"https:\/\/swissbaker.ch\/fr\/#\/schema\/person\/74bd327b08c18ca6042c02ff6f0ed5e2\"},\"headline\":\"Fran\u00e7oise Mabillard 1961-2024\",\"datePublished\":\"2024-03-07T14:22:53+00:00\",\"dateModified\":\"2024-03-07T14:26:49+00:00\",\"mainEntityOfPage\":{\"@id\":\"https:\/\/swissbaker.ch\/fr\/panissimo-news\/francoise-mabillard-1961-2024\/\"},\"wordCount\":398,\"publisher\":{\"@id\":\"https:\/\/swissbaker.ch\/fr\/#organization\"},\"image\":{\"@id\":\"https:\/\/swissbaker.ch\/fr\/panissimo-news\/francoise-mabillard-1961-2024\/#primaryimage\"},\"thumbnailUrl\":\"https:\/\/swissbaker.ch\/wp-content\/uploads\/2024\/03\/francoise-mabillard-pellet.jpg\",\"articleSection\":[\"Des cantons\"],\"inLanguage\":\"fr-FR\"},{\"@type\":\"WebPage\",\"@id\":\"https:\/\/swissbaker.ch\/fr\/panissimo-news\/francoise-mabillard-1961-2024\/\",\"url\":\"https:\/\/swissbaker.ch\/fr\/panissimo-news\/francoise-mabillard-1961-2024\/\",\"name\":\"Fran\u00e7oise Mabillard 1961-2024 | SBC\",\"isPartOf\":{\"@id\":\"https:\/\/swissbaker.ch\/fr\/#website\"},\"primaryImageOfPage\":{\"@id\":\"https:\/\/swissbaker.ch\/fr\/panissimo-news\/francoise-mabillard-1961-2024\/#primaryimage\"},\"image\":{\"@id\":\"https:\/\/swissbaker.ch\/fr\/panissimo-news\/francoise-mabillard-1961-2024\/#primaryimage\"},\"thumbnailUrl\":\"https:\/\/swissbaker.ch\/wp-content\/uploads\/2024\/03\/francoise-mabillard-pellet.jpg\",\"datePublished\":\"2024-03-07T14:22:53+00:00\",\"dateModified\":\"2024-03-07T14:26:49+00:00\",\"breadcrumb\":{\"@id\":\"https:\/\/swissbaker.ch\/fr\/panissimo-news\/francoise-mabillard-1961-2024\/#breadcrumb\"},\"inLanguage\":\"fr-FR\",\"potentialAction\":[{\"@type\":\"ReadAction\",\"target\":[\"https:\/\/swissbaker.ch\/fr\/panissimo-news\/francoise-mabillard-1961-2024\/\"]}]},{\"@type\":\"ImageObject\",\"inLanguage\":\"fr-FR\",\"@id\":\"https:\/\/swissbaker.ch\/fr\/panissimo-news\/francoise-mabillard-1961-2024\/#primaryimage\",\"url\":\"https:\/\/swissbaker.ch\/wp-content\/uploads\/2024\/03\/francoise-mabillard-pellet.jpg\",\"contentUrl\":\"https:\/\/swissbaker.ch\/wp-content\/uploads\/2024\/03\/francoise-mabillard-pellet.jpg\",\"width\":1200,\"height\":712},{\"@type\":\"BreadcrumbList\",\"@id\":\"https:\/\/swissbaker.ch\/fr\/panissimo-news\/francoise-mabillard-1961-2024\/#breadcrumb\",\"itemListElement\":[{\"@type\":\"ListItem\",\"position\":1,\"name\":\"\",\"item\":\"https:\/\/swissbaker.ch\/fr\/\"},{\"@type\":\"ListItem\",\"position\":2,\"name\":\"Des cantons\",\"item\":\"https:\/\/swissbaker.ch\/fr\/panissimo-news\/category\/des-cantons\/\"},{\"@type\":\"ListItem\",\"position\":3,\"name\":\"Fran\u00e7oise Mabillard 1961-2024\"}]},{\"@type\":\"WebSite\",\"@id\":\"https:\/\/swissbaker.ch\/fr\/#website\",\"url\":\"https:\/\/swissbaker.ch\/fr\/\",\"name\":\"SBC\",\"description\":\"\",\"publisher\":{\"@id\":\"https:\/\/swissbaker.ch\/fr\/#organization\"},\"potentialAction\":[{\"@type\":\"SearchAction\",\"target\":{\"@type\":\"EntryPoint\",\"urlTemplate\":\"https:\/\/swissbaker.ch\/fr\/?s={search_term_string}\"},\"query-input\":{\"@type\":\"PropertyValueSpecification\",\"valueRequired\":true,\"valueName\":\"search_term_string\"}}],\"inLanguage\":\"fr-FR\"},{\"@type\":\"Organization\",\"@id\":\"https:\/\/swissbaker.ch\/fr\/#organization\",\"name\":\"Schweizerischer B\u00e4cker-Confiseurmeister-Verband\",\"url\":\"https:\/\/swissbaker.ch\/fr\/\",\"logo\":{\"@type\":\"ImageObject\",\"inLanguage\":\"fr-FR\",\"@id\":\"https:\/\/swissbaker.ch\/fr\/#\/schema\/logo\/image\/\",\"url\":\"https:\/\/swissbaker.ch\/wp-content\/uploads\/2022\/04\/sbc-logo-yoast.jpg\",\"contentUrl\":\"https:\/\/swissbaker.ch\/wp-content\/uploads\/2022\/04\/sbc-logo-yoast.jpg\",\"width\":512,\"height\":512,\"caption\":\"Schweizerischer B\u00e4cker-Confiseurmeister-Verband\"},\"image\":{\"@id\":\"https:\/\/swissbaker.ch\/fr\/#\/schema\/logo\/image\/\"},\"sameAs\":[\"https:\/\/www.facebook.com\/swissbaker.ch\",\"https:\/\/x.com\/ch_swissbaker\"]},{\"@type\":\"Person\",\"@id\":\"https:\/\/swissbaker.ch\/fr\/#\/schema\/person\/74bd327b08c18ca6042c02ff6f0ed5e2\",\"name\":\"Simon Nussbaum\",\"image\":{\"@type\":\"ImageObject\",\"inLanguage\":\"fr-FR\",\"@id\":\"https:\/\/swissbaker.ch\/fr\/#\/schema\/person\/image\/\",\"url\":\"https:\/\/secure.gravatar.com\/avatar\/df0eced3bb556c806cb760cf503ade1ed1df25b4104d80d6fd28d93a9509aa12?s=96&d=mm&r=g\",\"contentUrl\":\"https:\/\/secure.gravatar.com\/avatar\/df0eced3bb556c806cb760cf503ade1ed1df25b4104d80d6fd28d93a9509aa12?s=96&d=mm&r=g\",\"caption\":\"Simon Nussbaum\"},\"url\":\"https:\/\/swissbaker.ch\/fr\/panissimo-news\/author\/simon-nussbaum\/\"}]}<\/script>\n<!-- \/ Yoast SEO Premium plugin. -->","yoast_head_json":{"title":"Fran\u00e7oise Mabillard 1961-2024 | SBC","robots":{"index":"index","follow":"follow","max-snippet":"max-snippet:-1","max-image-preview":"max-image-preview:large","max-video-preview":"max-video-preview:-1"},"canonical":"https:\/\/swissbaker.ch\/fr\/panissimo-news\/francoise-mabillard-1961-2024\/","og_locale":"fr_FR","og_type":"article","og_title":"Fran\u00e7oise Mabillard 1961-2024","og_description":"D\u00e9but f\u00e9vrier, Fran\u00e7oise Mabillard est d\u00e9c\u00e9d\u00e9e tragiquement. S\u0153ur d\u2019Alphonse Pellet, elle a travaill\u00e9 pr\u00e8s de cinquante dans l\u2019entreprise familiale \u00e0 Uvrier (VS). D\u00e8s l\u2019\u00e2ge de douze ans, elle aidait ses parents \u00e0 la vente. Elle aurait d\u2019ailleurs souhait\u00e9 devenir boulang\u00e8re-p\u00e2tissi\u00e8re. Mais \u00e0 l\u2019\u00e9poque, ce n\u2019\u00e9tait pas dans les m\u0153urs\u2026 C\u2019est \u00e0 l\u2019occasion d\u2019un ap\u00e9ritif organis\u00e9 par la boulangerie Pellet qu\u2019elle [&hellip;]","og_url":"https:\/\/swissbaker.ch\/fr\/panissimo-news\/francoise-mabillard-1961-2024\/","og_site_name":"SBC","article_publisher":"https:\/\/www.facebook.com\/swissbaker.ch","article_published_time":"2024-03-07T14:22:53+00:00","article_modified_time":"2024-03-07T14:26:49+00:00","og_image":[{"width":1200,"height":712,"url":"https:\/\/swissbaker.ch\/wp-content\/uploads\/2024\/03\/francoise-mabillard-pellet.jpg","type":"image\/jpeg"}],"author":"Simon Nussbaum","twitter_card":"summary_large_image","twitter_creator":"@ch_swissbaker","twitter_site":"@ch_swissbaker","twitter_misc":{"Written by":"Simon Nussbaum","Est. reading time":"2 minutes"},"schema":{"@context":"https:\/\/schema.org","@graph":[{"@type":"Article","@id":"https:\/\/swissbaker.ch\/fr\/panissimo-news\/francoise-mabillard-1961-2024\/#article","isPartOf":{"@id":"https:\/\/swissbaker.ch\/fr\/panissimo-news\/francoise-mabillard-1961-2024\/"},"author":{"name":"Simon Nussbaum","@id":"https:\/\/swissbaker.ch\/fr\/#\/schema\/person\/74bd327b08c18ca6042c02ff6f0ed5e2"},"headline":"Fran\u00e7oise Mabillard 1961-2024","datePublished":"2024-03-07T14:22:53+00:00","dateModified":"2024-03-07T14:26:49+00:00","mainEntityOfPage":{"@id":"https:\/\/swissbaker.ch\/fr\/panissimo-news\/francoise-mabillard-1961-2024\/"},"wordCount":398,"publisher":{"@id":"https:\/\/swissbaker.ch\/fr\/#organization"},"image":{"@id":"https:\/\/swissbaker.ch\/fr\/panissimo-news\/francoise-mabillard-1961-2024\/#primaryimage"},"thumbnailUrl":"https:\/\/swissbaker.ch\/wp-content\/uploads\/2024\/03\/francoise-mabillard-pellet.jpg","articleSection":["Des cantons"],"inLanguage":"fr-FR"},{"@type":"WebPage","@id":"https:\/\/swissbaker.ch\/fr\/panissimo-news\/francoise-mabillard-1961-2024\/","url":"https:\/\/swissbaker.ch\/fr\/panissimo-news\/francoise-mabillard-1961-2024\/","name":"Fran\u00e7oise Mabillard 1961-2024 | SBC","isPartOf":{"@id":"https:\/\/swissbaker.ch\/fr\/#website"},"primaryImageOfPage":{"@id":"https:\/\/swissbaker.ch\/fr\/panissimo-news\/francoise-mabillard-1961-2024\/#primaryimage"},"image":{"@id":"https:\/\/swissbaker.ch\/fr\/panissimo-news\/francoise-mabillard-1961-2024\/#primaryimage"},"thumbnailUrl":"https:\/\/swissbaker.ch\/wp-content\/uploads\/2024\/03\/francoise-mabillard-pellet.jpg","datePublished":"2024-03-07T14:22:53+00:00","dateModified":"2024-03-07T14:26:49+00:00","breadcrumb":{"@id":"https:\/\/swissbaker.ch\/fr\/panissimo-news\/francoise-mabillard-1961-2024\/#breadcrumb"},"inLanguage":"fr-FR","potentialAction":[{"@type":"ReadAction","target":["https:\/\/swissbaker.ch\/fr\/panissimo-news\/francoise-mabillard-1961-2024\/"]}]},{"@type":"ImageObject","inLanguage":"fr-FR","@id":"https:\/\/swissbaker.ch\/fr\/panissimo-news\/francoise-mabillard-1961-2024\/#primaryimage","url":"https:\/\/swissbaker.ch\/wp-content\/uploads\/2024\/03\/francoise-mabillard-pellet.jpg","contentUrl":"https:\/\/swissbaker.ch\/wp-content\/uploads\/2024\/03\/francoise-mabillard-pellet.jpg","width":1200,"height":712},{"@type":"BreadcrumbList","@id":"https:\/\/swissbaker.ch\/fr\/panissimo-news\/francoise-mabillard-1961-2024\/#breadcrumb","itemListElement":[{"@type":"ListItem","position":1,"name":"","item":"https:\/\/swissbaker.ch\/fr\/"},{"@type":"ListItem","position":2,"name":"Des cantons","item":"https:\/\/swissbaker.ch\/fr\/panissimo-news\/category\/des-cantons\/"},{"@type":"ListItem","position":3,"name":"Fran\u00e7oise Mabillard 1961-2024"}]},{"@type":"WebSite","@id":"https:\/\/swissbaker.ch\/fr\/#website","url":"https:\/\/swissbaker.ch\/fr\/","name":"SBC","description":"","publisher":{"@id":"https:\/\/swissbaker.ch\/fr\/#organization"},"potentialAction":[{"@type":"SearchAction","target":{"@type":"EntryPoint","urlTemplate":"https:\/\/swissbaker.ch\/fr\/?s={search_term_string}"},"query-input":{"@type":"PropertyValueSpecification","valueRequired":true,"valueName":"search_term_string"}}],"inLanguage":"fr-FR"},{"@type":"Organization","@id":"https:\/\/swissbaker.ch\/fr\/#organization","name":"Schweizerischer B\u00e4cker-Confiseurmeister-Verband","url":"https:\/\/swissbaker.ch\/fr\/","logo":{"@type":"ImageObject","inLanguage":"fr-FR","@id":"https:\/\/swissbaker.ch\/fr\/#\/schema\/logo\/image\/","url":"https:\/\/swissbaker.ch\/wp-content\/uploads\/2022\/04\/sbc-logo-yoast.jpg","contentUrl":"https:\/\/swissbaker.ch\/wp-content\/uploads\/2022\/04\/sbc-logo-yoast.jpg","width":512,"height":512,"caption":"Schweizerischer B\u00e4cker-Confiseurmeister-Verband"},"image":{"@id":"https:\/\/swissbaker.ch\/fr\/#\/schema\/logo\/image\/"},"sameAs":["https:\/\/www.facebook.com\/swissbaker.ch","https:\/\/x.com\/ch_swissbaker"]},{"@type":"Person","@id":"https:\/\/swissbaker.ch\/fr\/#\/schema\/person\/74bd327b08c18ca6042c02ff6f0ed5e2","name":"Simon Nussbaum","image":{"@type":"ImageObject","inLanguage":"fr-FR","@id":"https:\/\/swissbaker.ch\/fr\/#\/schema\/person\/image\/","url":"https:\/\/secure.gravatar.com\/avatar\/df0eced3bb556c806cb760cf503ade1ed1df25b4104d80d6fd28d93a9509aa12?s=96&d=mm&r=g","contentUrl":"https:\/\/secure.gravatar.com\/avatar\/df0eced3bb556c806cb760cf503ade1ed1df25b4104d80d6fd28d93a9509aa12?s=96&d=mm&r=g","caption":"Simon Nussbaum"},"url":"https:\/\/swissbaker.ch\/fr\/panissimo-news\/author\/simon-nussbaum\/"}]}},"_links":{"self":[{"href":"https:\/\/swissbaker.ch\/fr\/wp-json\/wp\/v2\/posts\/76282","targetHints":{"allow":["GET"]}}],"collection":[{"href":"https:\/\/swissbaker.ch\/fr\/wp-json\/wp\/v2\/posts"}],"about":[{"href":"https:\/\/swissbaker.ch\/fr\/wp-json\/wp\/v2\/types\/post"}],"author":[{"embeddable":true,"href":"https:\/\/swissbaker.ch\/fr\/wp-json\/wp\/v2\/users\/5"}],"replies":[{"embeddable":true,"href":"https:\/\/swissbaker.ch\/fr\/wp-json\/wp\/v2\/comments?post=76282"}],"version-history":[{"count":0,"href":"https:\/\/swissbaker.ch\/fr\/wp-json\/wp\/v2\/posts\/76282\/revisions"}],"wp:featuredmedia":[{"embeddable":true,"href":"https:\/\/swissbaker.ch\/fr\/wp-json\/wp\/v2\/media\/76283"}],"wp:attachment":[{"href":"https:\/\/swissbaker.ch\/fr\/wp-json\/wp\/v2\/media?parent=76282"}],"wp:term":[{"taxonomy":"category","embeddable":true,"href":"https:\/\/swissbaker.ch\/fr\/wp-json\/wp\/v2\/categories?post=76282"},{"taxonomy":"post_tag","embeddable":true,"href":"https:\/\/swissbaker.ch\/fr\/wp-json\/wp\/v2\/tags?post=76282"}],"curies":[{"name":"wp","href":"https:\/\/api.w.org\/{rel}","templated":true}]}}