{"id":76246,"date":"2024-03-07T09:31:12","date_gmt":"2024-03-07T08:31:12","guid":{"rendered":"https:\/\/swissbaker.ch\/?p=76246"},"modified":"2024-03-07T10:18:08","modified_gmt":"2024-03-07T09:18:08","slug":"festichoc-convie-la-boulangerie-a-sa-18e","status":"publish","type":"post","link":"https:\/\/swissbaker.ch\/fr\/panissimo-news\/festichoc-convie-la-boulangerie-a-sa-18e\/","title":{"rendered":"Festichoc convie la boulangerie \u00e0 sa 18e"},"content":{"rendered":"\n<p><strong>Pour sa 18e \u00e9dition, le festival du chocolat convie les boulangers \u00e0 rejoindre l\u2019\u00e9v\u00e9nement versoisien. Plusieurs artisans s\u2019activeront sur un stand \u00e9quip\u00e9 d\u2019un fournil \u00e0 bois, le week-end du 16 et 17\u202fmars. <\/strong><\/p>\n\n\n\n<p>Le public assistera \u00e0 la confection de sp\u00e9cialit\u00e9s boulang\u00e8res. Ils pourront \u00e9galement les acheter \u00e0 la sortie du four. Les Chevaliers du bon pain seront \u00e9galement de la partie afin de promouvoir produits et professions. \u00ab\u2009Avec la nouvelle loi sur l\u2019origine des produits de boulangerie, les occasions d\u2019\u00e9changer avec les visiteurs ne manqueront pas\u2009\u00bb, se r\u00e9jouit Jo\u00ebl M\u00e9rigonde, boulanger-confiseur genevois, responsable du concours de pi\u00e8ces des apprentis.<\/p>\n\n\n\n<p>La boulangerie se retrouvera d\u2019ailleurs dans la comp\u00e9tition de rel\u00e8ve genevoise. Les 2es ann\u00e9es auront pour th\u00e9matique L\u2019Histoire du pain. Les 1res ann\u00e9es plancheront sur les Jeux olympiques. Les 3es quant \u00e0 eux auront libre choix. La remise des prix se d\u00e9roulera le dimanche \u00e0 la salle communale, \u00e0 15\u2009h\u200930.<\/p>\n\n\n\n<h3 class=\"wp-block-heading\" id=\"h-plus-de-2000-m-2-de-stands\">Plus de 2000 m<sup>2<\/sup> de stands<\/h3>\n\n\n\n<p>Toutefois, le c\u0153ur de Festichoc demeure le chocolat. Plus d\u2019une trentaine de chocolatiers pr\u00e9senteront leurs cr\u00e9ations et nouveaut\u00e9s, \u00e0 quelques jours de P\u00e2ques. Genevois, mais aussi jurassiens, vaudois et fribourgeois, ils occuperont plus de 2000m2 de tente. A c\u00f4t\u00e9 des stands, de nombreuses animations attendent petits et grands gourmands.<\/p>\n\n\n\n<p class=\"has-text-align-right\"><em>Johann Ruppen<\/em><\/p>\n\n\n\n<p><a href=\"https:\/\/festichoc.ch\" target=\"_blank\" rel=\"noreferrer noopener\">festichoc.ch<\/a><\/p>\n","protected":false},"excerpt":{"rendered":"<p>Pour sa 18e \u00e9dition, le festival du chocolat convie les boulangers \u00e0 rejoindre l\u2019\u00e9v\u00e9nement versoisien. Plusieurs artisans s\u2019activeront sur un stand \u00e9quip\u00e9 d\u2019un fournil \u00e0 bois, le week-end du 16 et 17\u202fmars. <\/p>\n","protected":false},"author":5,"featured_media":76244,"comment_status":"closed","ping_status":"closed","sticky":false,"template":"","format":"standard","meta":{"_acf_changed":false,"footnotes":""},"categories":[40,46],"tags":[],"class_list":["post-76246","post","type-post","status-publish","format-standard","has-post-thumbnail","hentry","category-des-cantons","category-evenement"],"acf":[],"yoast_head":"<!-- This site is optimized with the Yoast SEO Premium plugin v26.8 (Yoast SEO v26.8) - https:\/\/yoast.com\/product\/yoast-seo-premium-wordpress\/ -->\n<title>Festichoc convie la boulangerie \u00e0 sa 18e | SBC<\/title>\n<meta name=\"robots\" content=\"index, follow, max-snippet:-1, max-image-preview:large, max-video-preview:-1\" \/>\n<link rel=\"canonical\" href=\"https:\/\/swissbaker.ch\/fr\/panissimo-news\/festichoc-convie-la-boulangerie-a-sa-18e\/\" \/>\n<meta property=\"og:locale\" content=\"fr_FR\" \/>\n<meta property=\"og:type\" content=\"article\" \/>\n<meta property=\"og:title\" content=\"Festichoc convie la boulangerie \u00e0 sa 18e\" \/>\n<meta property=\"og:description\" content=\"Pour sa 18e \u00e9dition, le festival du chocolat convie les boulangers \u00e0 rejoindre l\u2019\u00e9v\u00e9nement versoisien. Plusieurs artisans s\u2019activeront sur un stand \u00e9quip\u00e9 d\u2019un fournil \u00e0 bois, le week-end du 16 et 17\u202fmars.\" \/>\n<meta property=\"og:url\" content=\"https:\/\/swissbaker.ch\/fr\/panissimo-news\/festichoc-convie-la-boulangerie-a-sa-18e\/\" \/>\n<meta property=\"og:site_name\" content=\"SBC\" \/>\n<meta property=\"article:publisher\" content=\"https:\/\/www.facebook.com\/swissbaker.ch\" \/>\n<meta property=\"article:published_time\" content=\"2024-03-07T08:31:12+00:00\" \/>\n<meta property=\"article:modified_time\" content=\"2024-03-07T09:18:08+00:00\" \/>\n<meta property=\"og:image\" content=\"https:\/\/swissbaker.ch\/wp-content\/uploads\/2024\/03\/5_1_festichoc.jpg\" \/>\n\t<meta property=\"og:image:width\" content=\"1200\" \/>\n\t<meta property=\"og:image:height\" content=\"712\" \/>\n\t<meta property=\"og:image:type\" content=\"image\/jpeg\" \/>\n<meta name=\"author\" content=\"Simon Nussbaum\" \/>\n<meta name=\"twitter:card\" content=\"summary_large_image\" \/>\n<meta name=\"twitter:creator\" content=\"@ch_swissbaker\" \/>\n<meta name=\"twitter:site\" content=\"@ch_swissbaker\" \/>\n<meta name=\"twitter:label1\" content=\"Written by\" \/>\n\t<meta name=\"twitter:data1\" content=\"Simon Nussbaum\" \/>\n\t<meta name=\"twitter:label2\" content=\"Est. reading time\" \/>\n\t<meta name=\"twitter:data2\" content=\"1 minute\" \/>\n<script type=\"application\/ld+json\" class=\"yoast-schema-graph\">{\"@context\":\"https:\/\/schema.org\",\"@graph\":[{\"@type\":\"Article\",\"@id\":\"https:\/\/swissbaker.ch\/fr\/panissimo-news\/festichoc-convie-la-boulangerie-a-sa-18e\/#article\",\"isPartOf\":{\"@id\":\"https:\/\/swissbaker.ch\/fr\/panissimo-news\/festichoc-convie-la-boulangerie-a-sa-18e\/\"},\"author\":{\"name\":\"Simon Nussbaum\",\"@id\":\"https:\/\/swissbaker.ch\/fr\/#\/schema\/person\/74bd327b08c18ca6042c02ff6f0ed5e2\"},\"headline\":\"Festichoc convie la boulangerie \u00e0 sa 18e\",\"datePublished\":\"2024-03-07T08:31:12+00:00\",\"dateModified\":\"2024-03-07T09:18:08+00:00\",\"mainEntityOfPage\":{\"@id\":\"https:\/\/swissbaker.ch\/fr\/panissimo-news\/festichoc-convie-la-boulangerie-a-sa-18e\/\"},\"wordCount\":232,\"publisher\":{\"@id\":\"https:\/\/swissbaker.ch\/fr\/#organization\"},\"image\":{\"@id\":\"https:\/\/swissbaker.ch\/fr\/panissimo-news\/festichoc-convie-la-boulangerie-a-sa-18e\/#primaryimage\"},\"thumbnailUrl\":\"https:\/\/swissbaker.ch\/wp-content\/uploads\/2024\/03\/5_1_festichoc.jpg\",\"articleSection\":[\"Des cantons\",\"Ev\u00e9nement\"],\"inLanguage\":\"fr-FR\"},{\"@type\":\"WebPage\",\"@id\":\"https:\/\/swissbaker.ch\/fr\/panissimo-news\/festichoc-convie-la-boulangerie-a-sa-18e\/\",\"url\":\"https:\/\/swissbaker.ch\/fr\/panissimo-news\/festichoc-convie-la-boulangerie-a-sa-18e\/\",\"name\":\"Festichoc convie la boulangerie \u00e0 sa 18e | SBC\",\"isPartOf\":{\"@id\":\"https:\/\/swissbaker.ch\/fr\/#website\"},\"primaryImageOfPage\":{\"@id\":\"https:\/\/swissbaker.ch\/fr\/panissimo-news\/festichoc-convie-la-boulangerie-a-sa-18e\/#primaryimage\"},\"image\":{\"@id\":\"https:\/\/swissbaker.ch\/fr\/panissimo-news\/festichoc-convie-la-boulangerie-a-sa-18e\/#primaryimage\"},\"thumbnailUrl\":\"https:\/\/swissbaker.ch\/wp-content\/uploads\/2024\/03\/5_1_festichoc.jpg\",\"datePublished\":\"2024-03-07T08:31:12+00:00\",\"dateModified\":\"2024-03-07T09:18:08+00:00\",\"breadcrumb\":{\"@id\":\"https:\/\/swissbaker.ch\/fr\/panissimo-news\/festichoc-convie-la-boulangerie-a-sa-18e\/#breadcrumb\"},\"inLanguage\":\"fr-FR\",\"potentialAction\":[{\"@type\":\"ReadAction\",\"target\":[\"https:\/\/swissbaker.ch\/fr\/panissimo-news\/festichoc-convie-la-boulangerie-a-sa-18e\/\"]}]},{\"@type\":\"ImageObject\",\"inLanguage\":\"fr-FR\",\"@id\":\"https:\/\/swissbaker.ch\/fr\/panissimo-news\/festichoc-convie-la-boulangerie-a-sa-18e\/#primaryimage\",\"url\":\"https:\/\/swissbaker.ch\/wp-content\/uploads\/2024\/03\/5_1_festichoc.jpg\",\"contentUrl\":\"https:\/\/swissbaker.ch\/wp-content\/uploads\/2024\/03\/5_1_festichoc.jpg\",\"width\":1200,\"height\":712},{\"@type\":\"BreadcrumbList\",\"@id\":\"https:\/\/swissbaker.ch\/fr\/panissimo-news\/festichoc-convie-la-boulangerie-a-sa-18e\/#breadcrumb\",\"itemListElement\":[{\"@type\":\"ListItem\",\"position\":1,\"name\":\"\",\"item\":\"https:\/\/swissbaker.ch\/fr\/\"},{\"@type\":\"ListItem\",\"position\":2,\"name\":\"Ev\u00e9nement\",\"item\":\"https:\/\/swissbaker.ch\/fr\/panissimo-news\/category\/evenement\/\"},{\"@type\":\"ListItem\",\"position\":3,\"name\":\"Festichoc convie la boulangerie \u00e0 sa 18e\"}]},{\"@type\":\"WebSite\",\"@id\":\"https:\/\/swissbaker.ch\/fr\/#website\",\"url\":\"https:\/\/swissbaker.ch\/fr\/\",\"name\":\"SBC\",\"description\":\"\",\"publisher\":{\"@id\":\"https:\/\/swissbaker.ch\/fr\/#organization\"},\"potentialAction\":[{\"@type\":\"SearchAction\",\"target\":{\"@type\":\"EntryPoint\",\"urlTemplate\":\"https:\/\/swissbaker.ch\/fr\/?s={search_term_string}\"},\"query-input\":{\"@type\":\"PropertyValueSpecification\",\"valueRequired\":true,\"valueName\":\"search_term_string\"}}],\"inLanguage\":\"fr-FR\"},{\"@type\":\"Organization\",\"@id\":\"https:\/\/swissbaker.ch\/fr\/#organization\",\"name\":\"Schweizerischer B\u00e4cker-Confiseurmeister-Verband\",\"url\":\"https:\/\/swissbaker.ch\/fr\/\",\"logo\":{\"@type\":\"ImageObject\",\"inLanguage\":\"fr-FR\",\"@id\":\"https:\/\/swissbaker.ch\/fr\/#\/schema\/logo\/image\/\",\"url\":\"https:\/\/swissbaker.ch\/wp-content\/uploads\/2022\/04\/sbc-logo-yoast.jpg\",\"contentUrl\":\"https:\/\/swissbaker.ch\/wp-content\/uploads\/2022\/04\/sbc-logo-yoast.jpg\",\"width\":512,\"height\":512,\"caption\":\"Schweizerischer B\u00e4cker-Confiseurmeister-Verband\"},\"image\":{\"@id\":\"https:\/\/swissbaker.ch\/fr\/#\/schema\/logo\/image\/\"},\"sameAs\":[\"https:\/\/www.facebook.com\/swissbaker.ch\",\"https:\/\/x.com\/ch_swissbaker\"]},{\"@type\":\"Person\",\"@id\":\"https:\/\/swissbaker.ch\/fr\/#\/schema\/person\/74bd327b08c18ca6042c02ff6f0ed5e2\",\"name\":\"Simon Nussbaum\",\"image\":{\"@type\":\"ImageObject\",\"inLanguage\":\"fr-FR\",\"@id\":\"https:\/\/swissbaker.ch\/fr\/#\/schema\/person\/image\/\",\"url\":\"https:\/\/secure.gravatar.com\/avatar\/df0eced3bb556c806cb760cf503ade1ed1df25b4104d80d6fd28d93a9509aa12?s=96&d=mm&r=g\",\"contentUrl\":\"https:\/\/secure.gravatar.com\/avatar\/df0eced3bb556c806cb760cf503ade1ed1df25b4104d80d6fd28d93a9509aa12?s=96&d=mm&r=g\",\"caption\":\"Simon Nussbaum\"},\"url\":\"https:\/\/swissbaker.ch\/fr\/panissimo-news\/author\/simon-nussbaum\/\"}]}<\/script>\n<!-- \/ Yoast SEO Premium plugin. -->","yoast_head_json":{"title":"Festichoc convie la boulangerie \u00e0 sa 18e | SBC","robots":{"index":"index","follow":"follow","max-snippet":"max-snippet:-1","max-image-preview":"max-image-preview:large","max-video-preview":"max-video-preview:-1"},"canonical":"https:\/\/swissbaker.ch\/fr\/panissimo-news\/festichoc-convie-la-boulangerie-a-sa-18e\/","og_locale":"fr_FR","og_type":"article","og_title":"Festichoc convie la boulangerie \u00e0 sa 18e","og_description":"Pour sa 18e \u00e9dition, le festival du chocolat convie les boulangers \u00e0 rejoindre l\u2019\u00e9v\u00e9nement versoisien. Plusieurs artisans s\u2019activeront sur un stand \u00e9quip\u00e9 d\u2019un fournil \u00e0 bois, le week-end du 16 et 17\u202fmars.","og_url":"https:\/\/swissbaker.ch\/fr\/panissimo-news\/festichoc-convie-la-boulangerie-a-sa-18e\/","og_site_name":"SBC","article_publisher":"https:\/\/www.facebook.com\/swissbaker.ch","article_published_time":"2024-03-07T08:31:12+00:00","article_modified_time":"2024-03-07T09:18:08+00:00","og_image":[{"width":1200,"height":712,"url":"https:\/\/swissbaker.ch\/wp-content\/uploads\/2024\/03\/5_1_festichoc.jpg","type":"image\/jpeg"}],"author":"Simon Nussbaum","twitter_card":"summary_large_image","twitter_creator":"@ch_swissbaker","twitter_site":"@ch_swissbaker","twitter_misc":{"Written by":"Simon Nussbaum","Est. reading time":"1 minute"},"schema":{"@context":"https:\/\/schema.org","@graph":[{"@type":"Article","@id":"https:\/\/swissbaker.ch\/fr\/panissimo-news\/festichoc-convie-la-boulangerie-a-sa-18e\/#article","isPartOf":{"@id":"https:\/\/swissbaker.ch\/fr\/panissimo-news\/festichoc-convie-la-boulangerie-a-sa-18e\/"},"author":{"name":"Simon Nussbaum","@id":"https:\/\/swissbaker.ch\/fr\/#\/schema\/person\/74bd327b08c18ca6042c02ff6f0ed5e2"},"headline":"Festichoc convie la boulangerie \u00e0 sa 18e","datePublished":"2024-03-07T08:31:12+00:00","dateModified":"2024-03-07T09:18:08+00:00","mainEntityOfPage":{"@id":"https:\/\/swissbaker.ch\/fr\/panissimo-news\/festichoc-convie-la-boulangerie-a-sa-18e\/"},"wordCount":232,"publisher":{"@id":"https:\/\/swissbaker.ch\/fr\/#organization"},"image":{"@id":"https:\/\/swissbaker.ch\/fr\/panissimo-news\/festichoc-convie-la-boulangerie-a-sa-18e\/#primaryimage"},"thumbnailUrl":"https:\/\/swissbaker.ch\/wp-content\/uploads\/2024\/03\/5_1_festichoc.jpg","articleSection":["Des cantons","Ev\u00e9nement"],"inLanguage":"fr-FR"},{"@type":"WebPage","@id":"https:\/\/swissbaker.ch\/fr\/panissimo-news\/festichoc-convie-la-boulangerie-a-sa-18e\/","url":"https:\/\/swissbaker.ch\/fr\/panissimo-news\/festichoc-convie-la-boulangerie-a-sa-18e\/","name":"Festichoc convie la boulangerie \u00e0 sa 18e | SBC","isPartOf":{"@id":"https:\/\/swissbaker.ch\/fr\/#website"},"primaryImageOfPage":{"@id":"https:\/\/swissbaker.ch\/fr\/panissimo-news\/festichoc-convie-la-boulangerie-a-sa-18e\/#primaryimage"},"image":{"@id":"https:\/\/swissbaker.ch\/fr\/panissimo-news\/festichoc-convie-la-boulangerie-a-sa-18e\/#primaryimage"},"thumbnailUrl":"https:\/\/swissbaker.ch\/wp-content\/uploads\/2024\/03\/5_1_festichoc.jpg","datePublished":"2024-03-07T08:31:12+00:00","dateModified":"2024-03-07T09:18:08+00:00","breadcrumb":{"@id":"https:\/\/swissbaker.ch\/fr\/panissimo-news\/festichoc-convie-la-boulangerie-a-sa-18e\/#breadcrumb"},"inLanguage":"fr-FR","potentialAction":[{"@type":"ReadAction","target":["https:\/\/swissbaker.ch\/fr\/panissimo-news\/festichoc-convie-la-boulangerie-a-sa-18e\/"]}]},{"@type":"ImageObject","inLanguage":"fr-FR","@id":"https:\/\/swissbaker.ch\/fr\/panissimo-news\/festichoc-convie-la-boulangerie-a-sa-18e\/#primaryimage","url":"https:\/\/swissbaker.ch\/wp-content\/uploads\/2024\/03\/5_1_festichoc.jpg","contentUrl":"https:\/\/swissbaker.ch\/wp-content\/uploads\/2024\/03\/5_1_festichoc.jpg","width":1200,"height":712},{"@type":"BreadcrumbList","@id":"https:\/\/swissbaker.ch\/fr\/panissimo-news\/festichoc-convie-la-boulangerie-a-sa-18e\/#breadcrumb","itemListElement":[{"@type":"ListItem","position":1,"name":"","item":"https:\/\/swissbaker.ch\/fr\/"},{"@type":"ListItem","position":2,"name":"Ev\u00e9nement","item":"https:\/\/swissbaker.ch\/fr\/panissimo-news\/category\/evenement\/"},{"@type":"ListItem","position":3,"name":"Festichoc convie la boulangerie \u00e0 sa 18e"}]},{"@type":"WebSite","@id":"https:\/\/swissbaker.ch\/fr\/#website","url":"https:\/\/swissbaker.ch\/fr\/","name":"SBC","description":"","publisher":{"@id":"https:\/\/swissbaker.ch\/fr\/#organization"},"potentialAction":[{"@type":"SearchAction","target":{"@type":"EntryPoint","urlTemplate":"https:\/\/swissbaker.ch\/fr\/?s={search_term_string}"},"query-input":{"@type":"PropertyValueSpecification","valueRequired":true,"valueName":"search_term_string"}}],"inLanguage":"fr-FR"},{"@type":"Organization","@id":"https:\/\/swissbaker.ch\/fr\/#organization","name":"Schweizerischer B\u00e4cker-Confiseurmeister-Verband","url":"https:\/\/swissbaker.ch\/fr\/","logo":{"@type":"ImageObject","inLanguage":"fr-FR","@id":"https:\/\/swissbaker.ch\/fr\/#\/schema\/logo\/image\/","url":"https:\/\/swissbaker.ch\/wp-content\/uploads\/2022\/04\/sbc-logo-yoast.jpg","contentUrl":"https:\/\/swissbaker.ch\/wp-content\/uploads\/2022\/04\/sbc-logo-yoast.jpg","width":512,"height":512,"caption":"Schweizerischer B\u00e4cker-Confiseurmeister-Verband"},"image":{"@id":"https:\/\/swissbaker.ch\/fr\/#\/schema\/logo\/image\/"},"sameAs":["https:\/\/www.facebook.com\/swissbaker.ch","https:\/\/x.com\/ch_swissbaker"]},{"@type":"Person","@id":"https:\/\/swissbaker.ch\/fr\/#\/schema\/person\/74bd327b08c18ca6042c02ff6f0ed5e2","name":"Simon Nussbaum","image":{"@type":"ImageObject","inLanguage":"fr-FR","@id":"https:\/\/swissbaker.ch\/fr\/#\/schema\/person\/image\/","url":"https:\/\/secure.gravatar.com\/avatar\/df0eced3bb556c806cb760cf503ade1ed1df25b4104d80d6fd28d93a9509aa12?s=96&d=mm&r=g","contentUrl":"https:\/\/secure.gravatar.com\/avatar\/df0eced3bb556c806cb760cf503ade1ed1df25b4104d80d6fd28d93a9509aa12?s=96&d=mm&r=g","caption":"Simon Nussbaum"},"url":"https:\/\/swissbaker.ch\/fr\/panissimo-news\/author\/simon-nussbaum\/"}]}},"_links":{"self":[{"href":"https:\/\/swissbaker.ch\/fr\/wp-json\/wp\/v2\/posts\/76246","targetHints":{"allow":["GET"]}}],"collection":[{"href":"https:\/\/swissbaker.ch\/fr\/wp-json\/wp\/v2\/posts"}],"about":[{"href":"https:\/\/swissbaker.ch\/fr\/wp-json\/wp\/v2\/types\/post"}],"author":[{"embeddable":true,"href":"https:\/\/swissbaker.ch\/fr\/wp-json\/wp\/v2\/users\/5"}],"replies":[{"embeddable":true,"href":"https:\/\/swissbaker.ch\/fr\/wp-json\/wp\/v2\/comments?post=76246"}],"version-history":[{"count":0,"href":"https:\/\/swissbaker.ch\/fr\/wp-json\/wp\/v2\/posts\/76246\/revisions"}],"wp:featuredmedia":[{"embeddable":true,"href":"https:\/\/swissbaker.ch\/fr\/wp-json\/wp\/v2\/media\/76244"}],"wp:attachment":[{"href":"https:\/\/swissbaker.ch\/fr\/wp-json\/wp\/v2\/media?parent=76246"}],"wp:term":[{"taxonomy":"category","embeddable":true,"href":"https:\/\/swissbaker.ch\/fr\/wp-json\/wp\/v2\/categories?post=76246"},{"taxonomy":"post_tag","embeddable":true,"href":"https:\/\/swissbaker.ch\/fr\/wp-json\/wp\/v2\/tags?post=76246"}],"curies":[{"name":"wp","href":"https:\/\/api.w.org\/{rel}","templated":true}]}}