{"id":76218,"date":"2024-03-07T08:21:00","date_gmt":"2024-03-07T07:21:00","guid":{"rendered":"https:\/\/swissbaker.ch\/?p=76218"},"modified":"2024-03-07T17:02:38","modified_gmt":"2024-03-07T16:02:38","slug":"back-to-the-future","status":"publish","type":"post","link":"https:\/\/swissbaker.ch\/fr\/panissimo-news\/back-to-the-future\/","title":{"rendered":"Back to the future"},"content":{"rendered":"\n<p><strong>Le confiseur Jorma Signer de Reinhard AG \u00e0 Berne a remport\u00e9 le prix sp\u00e9cial Carma pour l\u2019esth\u00e9tique et le storytelling au Concours du pralin\u00e9 \u00e0 l\u2019eau-de-vie avec son pralin\u00e9 \u00ab\u2009Back to the Future\u2009\u00bb. Lors de la remise des prix \u00e0 la Chocolate Academy de Zurich, Simon Schroth de la boulangerie H\u00e4chler \u00e0 Seengen (AG) a re\u00e7u le deuxi\u00e8me prix et Michael Renggli et sa collaboratrice Jana Bieri du Caf\u00e9 Amrein Chocolatier \u00e0 Willisau (LU) le troisi\u00e8me.<\/strong><\/p>\n\n\n\n<p>\u00ab\u2009Nous avons \u00e9t\u00e9 tr\u00e8s impressionn\u00e9s par la cr\u00e9ativit\u00e9 dont ont fait preuve certains candidats. La s\u00e9lection n\u2019a pas \u00e9t\u00e9 facile, car la qualit\u00e9 du savoir-faire parmi les participants est \u00e9lev\u00e9e et, en fin de compte, ce sont les d\u00e9tails qui ont fait la diff\u00e9rence\u2009\u00bb, a d\u00e9clar\u00e9 Naomi Wahl, membre du jury du concours et directrice de la Chocolate Academy, en se f\u00e9licitant du niveau \u00e9lev\u00e9.<\/p>\n\n\n\n<figure class=\"wp-block-image size-large\"><img decoding=\"async\" width=\"1024\" height=\"608\" src=\"https:\/\/swissbaker.ch\/wp-content\/uploads\/2024\/03\/5_1_pev_sonderpreis-1024x608.jpg\" alt=\"\" class=\"wp-image-76163\" srcset=\"https:\/\/swissbaker.ch\/wp-content\/uploads\/2024\/03\/5_1_pev_sonderpreis-1024x608.jpg 1024w, https:\/\/swissbaker.ch\/wp-content\/uploads\/2024\/03\/5_1_pev_sonderpreis-768x456.jpg 768w, https:\/\/swissbaker.ch\/wp-content\/uploads\/2024\/03\/5_1_pev_sonderpreis.jpg 1200w\" sizes=\"(max-width: 1024px) 100vw, 1024px\" \/><figcaption class=\"wp-element-caption\"><em>Von links: Jana Bieri, Jorma Signer und Simon Schroth an der Preis\u00fcbergabe.<\/em><\/figcaption><\/figure>\n\n\n\n<p>Tous les participants ont d\u00e9clar\u00e9 que leurs pralin\u00e9s allaient \u00eatre int\u00e9gr\u00e9s \u00e0 l\u2019assortiment ou l\u2019avaient d\u00e9j\u00e0 \u00e9t\u00e9. Le Concours du pralin\u00e9 \u00e0 l\u2019eau-de-vie, qui s\u2019est d\u00e9roul\u00e9 le 2\u202ff\u00e9vrier \u00e0 l\u2019\u00e9cole professionnelle Richemont de Lucerne, a \u00e9t\u00e9 lanc\u00e9 parla BCS et par l\u2019organisation DistiSuisse, en collaboration avec Patrick Zbinden, Ambassadeur du pain et du chocolat, sp\u00e9cialiste de l\u2019analyse sensorielle et journaliste alimentaire.<\/p>\n\n\n\n<figure class=\"wp-block-image size-large\"><img decoding=\"async\" width=\"1024\" height=\"768\" src=\"https:\/\/swissbaker.ch\/wp-content\/uploads\/2024\/03\/pev_carma_sonderpreis-9-1024x768.jpg\" alt=\"\" class=\"wp-image-76196\" srcset=\"https:\/\/swissbaker.ch\/wp-content\/uploads\/2024\/03\/pev_carma_sonderpreis-9-1024x768.jpg 1024w, https:\/\/swissbaker.ch\/wp-content\/uploads\/2024\/03\/pev_carma_sonderpreis-9-768x576.jpg 768w, https:\/\/swissbaker.ch\/wp-content\/uploads\/2024\/03\/pev_carma_sonderpreis-9-1000x750.jpg 1000w, https:\/\/swissbaker.ch\/wp-content\/uploads\/2024\/03\/pev_carma_sonderpreis-9.jpg 1200w\" sizes=\"(max-width: 1024px) 100vw, 1024px\" \/><figcaption class=\"wp-element-caption\"><em>de gauche: Maximilian Niederberger (Area Sales Manager Carma), Jana Bieri und Michael Renggli (Caf\u00e9 Amrein Chocolatier Willisau) Jorma Signer (Reinhard AG Bern) Alix Delaveau (Trade Marketing Managerin Carma, Simon Schroth (B\u00e4ckerei H\u00e4chler Seengen), Noemi Wahl (Chocolate Acadamy in Z\u00fcrich), Patrick Zbinden (sp\u00e9cialiste de l\u2019analyse sensorielle et journaliste)<\/em><\/figcaption><\/figure>\n\n\n\n<p><a href=\"https:\/\/swissbaker.ch\/panissimo-news\/fotogalerie\/pev-preisuebergabe-carma-sonderpreis\/\" target=\"_blank\" rel=\"noreferrer noopener\">Plus des photos dan la galerie..\u00bb<\/a><\/p>\n\n\n\n<div class=\"wp-block-media-text is-stacked-on-mobile\" style=\"grid-template-columns:25% auto\"><figure class=\"wp-block-media-text__media\"><img decoding=\"async\" width=\"300\" height=\"300\" src=\"https:\/\/swissbaker.ch\/wp-content\/uploads\/2024\/03\/carma_praline_1.jpg\" alt=\"\" class=\"wp-image-76155 size-full\" srcset=\"https:\/\/swissbaker.ch\/wp-content\/uploads\/2024\/03\/carma_praline_1.jpg 300w, https:\/\/swissbaker.ch\/wp-content\/uploads\/2024\/03\/carma_praline_1-150x150.jpg 150w\" sizes=\"(max-width: 300px) 100vw, 300px\" \/><\/figure><div class=\"wp-block-media-text__content\">\n<p><strong>1<sup>er<\/sup> prix &#8211; Jorma Signer (Reinhard AG, Berne), \u00ab\u2009Back to the Future\u2009\u00bb avec de la Williams de la distillerie B\u00e4rtschi \u00e0 Schlosswil (BE)\u2009:<\/strong> un produit innovant qui recycle le pain d\u2019\u00e9pices invendu de mani\u00e8re cr\u00e9ative. \u00ab\u2009Food Save\u2009\u00bb est un th\u00e8me actuel du secteur alimentaire. En associant plaisir, innovation et tradition, il s\u2019adresse \u00e0 un large public. L\u2019aspect du pralin\u00e9, en forme de poire croqu\u00e9e, reprend le logo Apple et associe en outre symboliquement la fra\u00eecheur du fruit. L\u2019innovation et la tradition sont r\u00e9unies, tant sur le plan visuel que sensoriel. Le \u00ab\u2009storytelling\u2009\u00bb renforce la premi\u00e8re impression du pralin\u00e9.<\/p>\n<\/div><\/div>\n\n\n\n<div style=\"height:24px\" aria-hidden=\"true\" class=\"wp-block-spacer\"><\/div>\n\n\n\n<div class=\"wp-block-media-text is-stacked-on-mobile\" style=\"grid-template-columns:25% auto\"><figure class=\"wp-block-media-text__media\"><img decoding=\"async\" width=\"300\" height=\"300\" src=\"https:\/\/swissbaker.ch\/wp-content\/uploads\/2024\/03\/carma_praline_2.jpg\" alt=\"\" class=\"wp-image-76157 size-full\" srcset=\"https:\/\/swissbaker.ch\/wp-content\/uploads\/2024\/03\/carma_praline_2.jpg 300w, https:\/\/swissbaker.ch\/wp-content\/uploads\/2024\/03\/carma_praline_2-150x150.jpg 150w\" sizes=\"(max-width: 300px) 100vw, 300px\" \/><\/figure><div class=\"wp-block-media-text__content\">\n<p><strong>2<sup>e<\/sup> prix &#8211; Simon Schroth (B\u00e4ckerei H\u00e4chler, Seengen), avec le pralin\u00e9 \u00ab\u2009Williamscoup\u2009\u00bb\u2009:<\/strong> la forme moderne et les couleurs, qui se rapprochent presque \u00e0 la perfection d\u2019une vraie poire, ont attir\u00e9 l\u2019attention du jury. L\u2019\u00e9l\u00e9ment d\u00e9cisif qui a permis au pralin\u00e9 d\u2019\u00eatre s\u00e9lectionn\u00e9 est sa r\u00e9alisation parfaite. Le r\u00e9cit de l\u2019histoire invite \u00e0 un voyage de d\u00e9gustation et donne une description pr\u00e9cise de ce \u00e0 quoi on peut s\u2019attendre. La clart\u00e9 du concept a convaincu le jury que cette cr\u00e9ation pourrait devenir un best-seller gr\u00e2ce \u00e0 la narration de l\u2019histoire et \u00e0 l\u2019esth\u00e9tique.<\/p>\n<\/div><\/div>\n\n\n\n<div style=\"height:21px\" aria-hidden=\"true\" class=\"wp-block-spacer\"><\/div>\n\n\n\n<div class=\"wp-block-media-text is-stacked-on-mobile\" style=\"grid-template-columns:26% auto\"><figure class=\"wp-block-media-text__media\"><img decoding=\"async\" width=\"300\" height=\"300\" src=\"https:\/\/swissbaker.ch\/wp-content\/uploads\/2024\/03\/carma_praline_3.jpg\" alt=\"\" class=\"wp-image-76159 size-full\" srcset=\"https:\/\/swissbaker.ch\/wp-content\/uploads\/2024\/03\/carma_praline_3.jpg 300w, https:\/\/swissbaker.ch\/wp-content\/uploads\/2024\/03\/carma_praline_3-150x150.jpg 150w\" sizes=\"(max-width: 300px) 100vw, 300px\" \/><\/figure><div class=\"wp-block-media-text__content\">\n<p><strong>3<sup>e<\/sup> prix &#8211; Michael Renggli et Jana Bieri (Caf\u00e9 Amrein Chocolatier Willisau) avec le pralin\u00e9 \u00ab\u2009Williams Kotto\u2009\u00bb. <\/strong>La perfection de l\u2019imitation de la peau de poire a attir\u00e9 l\u2019attention du jury. Les couleurs naturelles et les taches noires sur la surface ont donn\u00e9 l\u2019impression que le pralin\u00e9 \u00e9tait une vraie poire. La ma\u00eetrise de la technique de fabrication d\u2019un pralin\u00e9 a \u00e9galement impressionn\u00e9. Le plus convaincant a \u00e9t\u00e9 le fil conducteur clair entre l\u2019esth\u00e9tique, o\u00f9 l\u2019illusion de la r\u00e9alit\u00e9 l\u2019emporte, et l\u2019histoire, qui met en \u00e9vidence l\u2019origine de la poire, son habitat naturel et le processus par lequel elle passe pour devenir une poire comestible.<\/p>\n<\/div><\/div>\n\n\n\n<p class=\"has-text-align-right\"><em>Pan<\/em><\/p>\n","protected":false},"excerpt":{"rendered":"<p>Le confiseur Jorma Signer de Reinhard AG \u00e0 Berne a remport\u00e9 le prix sp\u00e9cial Carma pour l\u2019esth\u00e9tique et le storytelling au Concours du pralin\u00e9 \u00e0 l\u2019eau-de-vie avec son pralin\u00e9 \u00ab\u2009Back to the Future\u2009\u00bb. Lors de la remise des prix \u00e0 la Chocolate Academy de Zurich, Simon Schroth de la boulangerie H\u00e4chler \u00e0 Seengen (AG) a re\u00e7u le deuxi\u00e8me prix et Michael Renggli et sa collaboratrice Jana Bieri du Caf\u00e9 Amrein Chocolatier \u00e0 Willisau (LU) le troisi\u00e8me.<\/p>\n","protected":false},"author":5,"featured_media":76164,"comment_status":"closed","ping_status":"closed","sticky":true,"template":"","format":"standard","meta":{"_acf_changed":false,"footnotes":""},"categories":[43],"tags":[298,293,296,292,295,294,297],"class_list":["post-76218","post","type-post","status-publish","format-standard","has-post-thumbnail","hentry","category-concours","tag-chocolate-academy-de-zurich","tag-concours-du-praline-a-leau-de-vie-2","tag-jana-bieri-2","tag-jorma-signer-2","tag-michael-renggli-2","tag-prix-special-carma","tag-simon-schroth-2"],"acf":[],"yoast_head":"<!-- This site is optimized with the Yoast SEO Premium plugin v26.8 (Yoast SEO v26.8) - https:\/\/yoast.com\/product\/yoast-seo-premium-wordpress\/ -->\n<title>Back to the future | SBC<\/title>\n<meta name=\"description\" content=\"Le confiseur Jorma Signer de Reinhard AG \u00e0 Berne a remport\u00e9 le prix sp\u00e9cial Carma pour l\u2019esth\u00e9tique et le storytelling au Concours du pralin\u00e9 \u00e0 l\u2019eau-de-vie avec son pralin\u00e9 \u00ab\u2009Back to the Future\u2009\u00bb.\" \/>\n<meta name=\"robots\" content=\"index, follow, max-snippet:-1, max-image-preview:large, max-video-preview:-1\" \/>\n<link rel=\"canonical\" href=\"https:\/\/swissbaker.ch\/fr\/panissimo-news\/back-to-the-future\/\" \/>\n<meta property=\"og:locale\" content=\"fr_FR\" \/>\n<meta property=\"og:type\" content=\"article\" \/>\n<meta property=\"og:title\" content=\"Back to the future\" \/>\n<meta property=\"og:description\" content=\"Le confiseur Jorma Signer de Reinhard AG \u00e0 Berne a remport\u00e9 le prix sp\u00e9cial Carma pour l\u2019esth\u00e9tique et le storytelling au Concours du pralin\u00e9 \u00e0 l\u2019eau-de-vie avec son pralin\u00e9 \u00ab\u2009Back to the Future\u2009\u00bb.\" \/>\n<meta property=\"og:url\" content=\"https:\/\/swissbaker.ch\/fr\/panissimo-news\/back-to-the-future\/\" \/>\n<meta property=\"og:site_name\" content=\"SBC\" \/>\n<meta property=\"article:publisher\" content=\"https:\/\/www.facebook.com\/swissbaker.ch\" \/>\n<meta property=\"article:published_time\" content=\"2024-03-07T07:21:00+00:00\" \/>\n<meta property=\"article:modified_time\" content=\"2024-03-07T16:02:38+00:00\" \/>\n<meta property=\"og:image\" content=\"https:\/\/swissbaker.ch\/wp-content\/uploads\/2024\/03\/5_1_pev_sonderpreis.jpg\" \/>\n\t<meta property=\"og:image:width\" content=\"1200\" \/>\n\t<meta property=\"og:image:height\" content=\"712\" \/>\n\t<meta property=\"og:image:type\" content=\"image\/jpeg\" \/>\n<meta name=\"author\" content=\"Simon Nussbaum\" \/>\n<meta name=\"twitter:card\" content=\"summary_large_image\" \/>\n<meta name=\"twitter:creator\" content=\"@ch_swissbaker\" \/>\n<meta name=\"twitter:site\" content=\"@ch_swissbaker\" \/>\n<meta name=\"twitter:label1\" content=\"Written by\" \/>\n\t<meta name=\"twitter:data1\" content=\"Simon Nussbaum\" \/>\n\t<meta name=\"twitter:label2\" content=\"Est. reading time\" \/>\n\t<meta name=\"twitter:data2\" content=\"3 minutes\" \/>\n<script type=\"application\/ld+json\" class=\"yoast-schema-graph\">{\"@context\":\"https:\/\/schema.org\",\"@graph\":[{\"@type\":\"Article\",\"@id\":\"https:\/\/swissbaker.ch\/fr\/panissimo-news\/back-to-the-future\/#article\",\"isPartOf\":{\"@id\":\"https:\/\/swissbaker.ch\/fr\/panissimo-news\/back-to-the-future\/\"},\"author\":{\"name\":\"Simon Nussbaum\",\"@id\":\"https:\/\/swissbaker.ch\/fr\/#\/schema\/person\/74bd327b08c18ca6042c02ff6f0ed5e2\"},\"headline\":\"Back to the future\",\"datePublished\":\"2024-03-07T07:21:00+00:00\",\"dateModified\":\"2024-03-07T16:02:38+00:00\",\"mainEntityOfPage\":{\"@id\":\"https:\/\/swissbaker.ch\/fr\/panissimo-news\/back-to-the-future\/\"},\"wordCount\":635,\"publisher\":{\"@id\":\"https:\/\/swissbaker.ch\/fr\/#organization\"},\"image\":{\"@id\":\"https:\/\/swissbaker.ch\/fr\/panissimo-news\/back-to-the-future\/#primaryimage\"},\"thumbnailUrl\":\"https:\/\/swissbaker.ch\/wp-content\/uploads\/2024\/03\/5_1_pev_sonderpreis.jpg\",\"keywords\":[\"Chocolate Academy de Zurich\",\"Concours du pralin\u00e9 \u00e0 l\u2019eau-de-vie\",\"Jana Bieri\",\"Jorma Signer\",\"Michael Renggli\",\"prix sp\u00e9cial Carma\",\"Simon Schroth\"],\"articleSection\":[\"Concours\"],\"inLanguage\":\"fr-FR\"},{\"@type\":\"WebPage\",\"@id\":\"https:\/\/swissbaker.ch\/fr\/panissimo-news\/back-to-the-future\/\",\"url\":\"https:\/\/swissbaker.ch\/fr\/panissimo-news\/back-to-the-future\/\",\"name\":\"Back to the future | SBC\",\"isPartOf\":{\"@id\":\"https:\/\/swissbaker.ch\/fr\/#website\"},\"primaryImageOfPage\":{\"@id\":\"https:\/\/swissbaker.ch\/fr\/panissimo-news\/back-to-the-future\/#primaryimage\"},\"image\":{\"@id\":\"https:\/\/swissbaker.ch\/fr\/panissimo-news\/back-to-the-future\/#primaryimage\"},\"thumbnailUrl\":\"https:\/\/swissbaker.ch\/wp-content\/uploads\/2024\/03\/5_1_pev_sonderpreis.jpg\",\"datePublished\":\"2024-03-07T07:21:00+00:00\",\"dateModified\":\"2024-03-07T16:02:38+00:00\",\"description\":\"Le confiseur Jorma Signer de Reinhard AG \u00e0 Berne a remport\u00e9 le prix sp\u00e9cial Carma pour l\u2019esth\u00e9tique et le storytelling au Concours du pralin\u00e9 \u00e0 l\u2019eau-de-vie avec son pralin\u00e9 \u00ab\u2009Back to the Future\u2009\u00bb.\",\"breadcrumb\":{\"@id\":\"https:\/\/swissbaker.ch\/fr\/panissimo-news\/back-to-the-future\/#breadcrumb\"},\"inLanguage\":\"fr-FR\",\"potentialAction\":[{\"@type\":\"ReadAction\",\"target\":[\"https:\/\/swissbaker.ch\/fr\/panissimo-news\/back-to-the-future\/\"]}]},{\"@type\":\"ImageObject\",\"inLanguage\":\"fr-FR\",\"@id\":\"https:\/\/swissbaker.ch\/fr\/panissimo-news\/back-to-the-future\/#primaryimage\",\"url\":\"https:\/\/swissbaker.ch\/wp-content\/uploads\/2024\/03\/5_1_pev_sonderpreis.jpg\",\"contentUrl\":\"https:\/\/swissbaker.ch\/wp-content\/uploads\/2024\/03\/5_1_pev_sonderpreis.jpg\",\"width\":1200,\"height\":712},{\"@type\":\"BreadcrumbList\",\"@id\":\"https:\/\/swissbaker.ch\/fr\/panissimo-news\/back-to-the-future\/#breadcrumb\",\"itemListElement\":[{\"@type\":\"ListItem\",\"position\":1,\"name\":\"\",\"item\":\"https:\/\/swissbaker.ch\/fr\/\"},{\"@type\":\"ListItem\",\"position\":2,\"name\":\"Concours\",\"item\":\"https:\/\/swissbaker.ch\/fr\/panissimo-news\/category\/concours\/\"},{\"@type\":\"ListItem\",\"position\":3,\"name\":\"Back to the future\"}]},{\"@type\":\"WebSite\",\"@id\":\"https:\/\/swissbaker.ch\/fr\/#website\",\"url\":\"https:\/\/swissbaker.ch\/fr\/\",\"name\":\"SBC\",\"description\":\"\",\"publisher\":{\"@id\":\"https:\/\/swissbaker.ch\/fr\/#organization\"},\"potentialAction\":[{\"@type\":\"SearchAction\",\"target\":{\"@type\":\"EntryPoint\",\"urlTemplate\":\"https:\/\/swissbaker.ch\/fr\/?s={search_term_string}\"},\"query-input\":{\"@type\":\"PropertyValueSpecification\",\"valueRequired\":true,\"valueName\":\"search_term_string\"}}],\"inLanguage\":\"fr-FR\"},{\"@type\":\"Organization\",\"@id\":\"https:\/\/swissbaker.ch\/fr\/#organization\",\"name\":\"Schweizerischer B\u00e4cker-Confiseurmeister-Verband\",\"url\":\"https:\/\/swissbaker.ch\/fr\/\",\"logo\":{\"@type\":\"ImageObject\",\"inLanguage\":\"fr-FR\",\"@id\":\"https:\/\/swissbaker.ch\/fr\/#\/schema\/logo\/image\/\",\"url\":\"https:\/\/swissbaker.ch\/wp-content\/uploads\/2022\/04\/sbc-logo-yoast.jpg\",\"contentUrl\":\"https:\/\/swissbaker.ch\/wp-content\/uploads\/2022\/04\/sbc-logo-yoast.jpg\",\"width\":512,\"height\":512,\"caption\":\"Schweizerischer B\u00e4cker-Confiseurmeister-Verband\"},\"image\":{\"@id\":\"https:\/\/swissbaker.ch\/fr\/#\/schema\/logo\/image\/\"},\"sameAs\":[\"https:\/\/www.facebook.com\/swissbaker.ch\",\"https:\/\/x.com\/ch_swissbaker\"]},{\"@type\":\"Person\",\"@id\":\"https:\/\/swissbaker.ch\/fr\/#\/schema\/person\/74bd327b08c18ca6042c02ff6f0ed5e2\",\"name\":\"Simon Nussbaum\",\"image\":{\"@type\":\"ImageObject\",\"inLanguage\":\"fr-FR\",\"@id\":\"https:\/\/swissbaker.ch\/fr\/#\/schema\/person\/image\/\",\"url\":\"https:\/\/secure.gravatar.com\/avatar\/df0eced3bb556c806cb760cf503ade1ed1df25b4104d80d6fd28d93a9509aa12?s=96&d=mm&r=g\",\"contentUrl\":\"https:\/\/secure.gravatar.com\/avatar\/df0eced3bb556c806cb760cf503ade1ed1df25b4104d80d6fd28d93a9509aa12?s=96&d=mm&r=g\",\"caption\":\"Simon Nussbaum\"},\"url\":\"https:\/\/swissbaker.ch\/fr\/panissimo-news\/author\/simon-nussbaum\/\"}]}<\/script>\n<!-- \/ Yoast SEO Premium plugin. -->","yoast_head_json":{"title":"Back to the future | SBC","description":"Le confiseur Jorma Signer de Reinhard AG \u00e0 Berne a remport\u00e9 le prix sp\u00e9cial Carma pour l\u2019esth\u00e9tique et le storytelling au Concours du pralin\u00e9 \u00e0 l\u2019eau-de-vie avec son pralin\u00e9 \u00ab\u2009Back to the Future\u2009\u00bb.","robots":{"index":"index","follow":"follow","max-snippet":"max-snippet:-1","max-image-preview":"max-image-preview:large","max-video-preview":"max-video-preview:-1"},"canonical":"https:\/\/swissbaker.ch\/fr\/panissimo-news\/back-to-the-future\/","og_locale":"fr_FR","og_type":"article","og_title":"Back to the future","og_description":"Le confiseur Jorma Signer de Reinhard AG \u00e0 Berne a remport\u00e9 le prix sp\u00e9cial Carma pour l\u2019esth\u00e9tique et le storytelling au Concours du pralin\u00e9 \u00e0 l\u2019eau-de-vie avec son pralin\u00e9 \u00ab\u2009Back to the Future\u2009\u00bb.","og_url":"https:\/\/swissbaker.ch\/fr\/panissimo-news\/back-to-the-future\/","og_site_name":"SBC","article_publisher":"https:\/\/www.facebook.com\/swissbaker.ch","article_published_time":"2024-03-07T07:21:00+00:00","article_modified_time":"2024-03-07T16:02:38+00:00","og_image":[{"width":1200,"height":712,"url":"https:\/\/swissbaker.ch\/wp-content\/uploads\/2024\/03\/5_1_pev_sonderpreis.jpg","type":"image\/jpeg"}],"author":"Simon Nussbaum","twitter_card":"summary_large_image","twitter_creator":"@ch_swissbaker","twitter_site":"@ch_swissbaker","twitter_misc":{"Written by":"Simon Nussbaum","Est. reading time":"3 minutes"},"schema":{"@context":"https:\/\/schema.org","@graph":[{"@type":"Article","@id":"https:\/\/swissbaker.ch\/fr\/panissimo-news\/back-to-the-future\/#article","isPartOf":{"@id":"https:\/\/swissbaker.ch\/fr\/panissimo-news\/back-to-the-future\/"},"author":{"name":"Simon Nussbaum","@id":"https:\/\/swissbaker.ch\/fr\/#\/schema\/person\/74bd327b08c18ca6042c02ff6f0ed5e2"},"headline":"Back to the future","datePublished":"2024-03-07T07:21:00+00:00","dateModified":"2024-03-07T16:02:38+00:00","mainEntityOfPage":{"@id":"https:\/\/swissbaker.ch\/fr\/panissimo-news\/back-to-the-future\/"},"wordCount":635,"publisher":{"@id":"https:\/\/swissbaker.ch\/fr\/#organization"},"image":{"@id":"https:\/\/swissbaker.ch\/fr\/panissimo-news\/back-to-the-future\/#primaryimage"},"thumbnailUrl":"https:\/\/swissbaker.ch\/wp-content\/uploads\/2024\/03\/5_1_pev_sonderpreis.jpg","keywords":["Chocolate Academy de Zurich","Concours du pralin\u00e9 \u00e0 l\u2019eau-de-vie","Jana Bieri","Jorma Signer","Michael Renggli","prix sp\u00e9cial Carma","Simon Schroth"],"articleSection":["Concours"],"inLanguage":"fr-FR"},{"@type":"WebPage","@id":"https:\/\/swissbaker.ch\/fr\/panissimo-news\/back-to-the-future\/","url":"https:\/\/swissbaker.ch\/fr\/panissimo-news\/back-to-the-future\/","name":"Back to the future | SBC","isPartOf":{"@id":"https:\/\/swissbaker.ch\/fr\/#website"},"primaryImageOfPage":{"@id":"https:\/\/swissbaker.ch\/fr\/panissimo-news\/back-to-the-future\/#primaryimage"},"image":{"@id":"https:\/\/swissbaker.ch\/fr\/panissimo-news\/back-to-the-future\/#primaryimage"},"thumbnailUrl":"https:\/\/swissbaker.ch\/wp-content\/uploads\/2024\/03\/5_1_pev_sonderpreis.jpg","datePublished":"2024-03-07T07:21:00+00:00","dateModified":"2024-03-07T16:02:38+00:00","description":"Le confiseur Jorma Signer de Reinhard AG \u00e0 Berne a remport\u00e9 le prix sp\u00e9cial Carma pour l\u2019esth\u00e9tique et le storytelling au Concours du pralin\u00e9 \u00e0 l\u2019eau-de-vie avec son pralin\u00e9 \u00ab\u2009Back to the Future\u2009\u00bb.","breadcrumb":{"@id":"https:\/\/swissbaker.ch\/fr\/panissimo-news\/back-to-the-future\/#breadcrumb"},"inLanguage":"fr-FR","potentialAction":[{"@type":"ReadAction","target":["https:\/\/swissbaker.ch\/fr\/panissimo-news\/back-to-the-future\/"]}]},{"@type":"ImageObject","inLanguage":"fr-FR","@id":"https:\/\/swissbaker.ch\/fr\/panissimo-news\/back-to-the-future\/#primaryimage","url":"https:\/\/swissbaker.ch\/wp-content\/uploads\/2024\/03\/5_1_pev_sonderpreis.jpg","contentUrl":"https:\/\/swissbaker.ch\/wp-content\/uploads\/2024\/03\/5_1_pev_sonderpreis.jpg","width":1200,"height":712},{"@type":"BreadcrumbList","@id":"https:\/\/swissbaker.ch\/fr\/panissimo-news\/back-to-the-future\/#breadcrumb","itemListElement":[{"@type":"ListItem","position":1,"name":"","item":"https:\/\/swissbaker.ch\/fr\/"},{"@type":"ListItem","position":2,"name":"Concours","item":"https:\/\/swissbaker.ch\/fr\/panissimo-news\/category\/concours\/"},{"@type":"ListItem","position":3,"name":"Back to the future"}]},{"@type":"WebSite","@id":"https:\/\/swissbaker.ch\/fr\/#website","url":"https:\/\/swissbaker.ch\/fr\/","name":"SBC","description":"","publisher":{"@id":"https:\/\/swissbaker.ch\/fr\/#organization"},"potentialAction":[{"@type":"SearchAction","target":{"@type":"EntryPoint","urlTemplate":"https:\/\/swissbaker.ch\/fr\/?s={search_term_string}"},"query-input":{"@type":"PropertyValueSpecification","valueRequired":true,"valueName":"search_term_string"}}],"inLanguage":"fr-FR"},{"@type":"Organization","@id":"https:\/\/swissbaker.ch\/fr\/#organization","name":"Schweizerischer B\u00e4cker-Confiseurmeister-Verband","url":"https:\/\/swissbaker.ch\/fr\/","logo":{"@type":"ImageObject","inLanguage":"fr-FR","@id":"https:\/\/swissbaker.ch\/fr\/#\/schema\/logo\/image\/","url":"https:\/\/swissbaker.ch\/wp-content\/uploads\/2022\/04\/sbc-logo-yoast.jpg","contentUrl":"https:\/\/swissbaker.ch\/wp-content\/uploads\/2022\/04\/sbc-logo-yoast.jpg","width":512,"height":512,"caption":"Schweizerischer B\u00e4cker-Confiseurmeister-Verband"},"image":{"@id":"https:\/\/swissbaker.ch\/fr\/#\/schema\/logo\/image\/"},"sameAs":["https:\/\/www.facebook.com\/swissbaker.ch","https:\/\/x.com\/ch_swissbaker"]},{"@type":"Person","@id":"https:\/\/swissbaker.ch\/fr\/#\/schema\/person\/74bd327b08c18ca6042c02ff6f0ed5e2","name":"Simon Nussbaum","image":{"@type":"ImageObject","inLanguage":"fr-FR","@id":"https:\/\/swissbaker.ch\/fr\/#\/schema\/person\/image\/","url":"https:\/\/secure.gravatar.com\/avatar\/df0eced3bb556c806cb760cf503ade1ed1df25b4104d80d6fd28d93a9509aa12?s=96&d=mm&r=g","contentUrl":"https:\/\/secure.gravatar.com\/avatar\/df0eced3bb556c806cb760cf503ade1ed1df25b4104d80d6fd28d93a9509aa12?s=96&d=mm&r=g","caption":"Simon Nussbaum"},"url":"https:\/\/swissbaker.ch\/fr\/panissimo-news\/author\/simon-nussbaum\/"}]}},"_links":{"self":[{"href":"https:\/\/swissbaker.ch\/fr\/wp-json\/wp\/v2\/posts\/76218","targetHints":{"allow":["GET"]}}],"collection":[{"href":"https:\/\/swissbaker.ch\/fr\/wp-json\/wp\/v2\/posts"}],"about":[{"href":"https:\/\/swissbaker.ch\/fr\/wp-json\/wp\/v2\/types\/post"}],"author":[{"embeddable":true,"href":"https:\/\/swissbaker.ch\/fr\/wp-json\/wp\/v2\/users\/5"}],"replies":[{"embeddable":true,"href":"https:\/\/swissbaker.ch\/fr\/wp-json\/wp\/v2\/comments?post=76218"}],"version-history":[{"count":0,"href":"https:\/\/swissbaker.ch\/fr\/wp-json\/wp\/v2\/posts\/76218\/revisions"}],"wp:featuredmedia":[{"embeddable":true,"href":"https:\/\/swissbaker.ch\/fr\/wp-json\/wp\/v2\/media\/76164"}],"wp:attachment":[{"href":"https:\/\/swissbaker.ch\/fr\/wp-json\/wp\/v2\/media?parent=76218"}],"wp:term":[{"taxonomy":"category","embeddable":true,"href":"https:\/\/swissbaker.ch\/fr\/wp-json\/wp\/v2\/categories?post=76218"},{"taxonomy":"post_tag","embeddable":true,"href":"https:\/\/swissbaker.ch\/fr\/wp-json\/wp\/v2\/tags?post=76218"}],"curies":[{"name":"wp","href":"https:\/\/api.w.org\/{rel}","templated":true}]}}