{"id":76150,"date":"2024-03-07T09:42:00","date_gmt":"2024-03-07T08:42:00","guid":{"rendered":"https:\/\/swissbaker.ch\/?p=76150"},"modified":"2024-03-07T14:22:20","modified_gmt":"2024-03-07T13:22:20","slug":"acheter-local-tout-simplement","status":"publish","type":"post","link":"https:\/\/swissbaker.ch\/fr\/panissimo-news\/acheter-local-tout-simplement\/","title":{"rendered":"Acheter local, tout simplement"},"content":{"rendered":"\n<p><strong>Das lokale Feinkostgewerbe aus Einsiedeln (SZ) tritt seit Juli 2023 in einem gemeinsamen Lokal mit vereinten Kr\u00e4ften auf. Die Zusammenarbeit der B\u00e4ckerei Schefer und der Metzgerei Walhalla ist aus unternehmerischer und pers\u00f6nlicher Wertsch\u00e4tzung hervorgegangen, erz\u00e4hlt Raffael Schefer, Inhaber der B\u00e4ckerei Schefer. Die Er\u00f6ffnung der B\u00e4ckerei-Metzgerei mit Caf\u00e9 lohne sich f\u00fcr beide Seiten.<\/strong><\/p>\n\n<p>Einsiedeln im Kanton Schwyz hat touristisch einiges zu bieten: Das ber\u00fchmte Kloster, die Skisprunganlage oder der idyllische Sihlsee sind nur drei Gr\u00fcnde f\u00fcr einen Besuch. Als Inhaber der B\u00e4ckerei Schefer weiss Raffael Schefer um die Reize der Umgebung bestens Bescheid. Auch deshalb wurde der Filiale neben dem Bahnhof Einsiedeln in Zusammenarbeit mit der Metzgerei Walhalla Delikatessen im Sommer 2023 neues Leben eingehaucht.<\/p>\n\n<p class=\"has-text-color has-link-color wp-elements-6f4b8efeb8ced259d34d283a4e398cf9\" style=\"color:#cc9933;font-size:22px;font-style:normal;font-weight:700\">\u00abDer B\u00e4cker und der Metzger hatten beim Bier die Idee zum gemeinsamen Laden.\u00bb<\/p>\n\n<figure class=\"wp-block-image size-large\"><img decoding=\"async\" width=\"1024\" height=\"608\" src=\"https:\/\/swissbaker.ch\/wp-content\/uploads\/2024\/03\/5_1_schefer_brotgestell-1024x608.jpg\" alt=\"\" class=\"wp-image-76140\" srcset=\"https:\/\/swissbaker.ch\/wp-content\/uploads\/2024\/03\/5_1_schefer_brotgestell-1024x608.jpg 1024w, https:\/\/swissbaker.ch\/wp-content\/uploads\/2024\/03\/5_1_schefer_brotgestell-768x456.jpg 768w, https:\/\/swissbaker.ch\/wp-content\/uploads\/2024\/03\/5_1_schefer_brotgestell.jpg 1200w\" sizes=\"(max-width: 1024px) 100vw, 1024px\" \/><figcaption class=\"wp-element-caption\"><em>Passende Basis f\u00fcr ein Schinken-Sandwich: B\u00e4ckerei-Inhaber Raffael Schefers Lieblingsbrot ist das Baslerbrot.<\/em><\/figcaption><\/figure>\n\n<p>\u00abDer B\u00e4cker und der Metzger hatten beim Bier die Idee zum gemeinsamen Laden\u00bb, erz\u00e4hlt B\u00e4cker Raffael Schefer. Das gegenseitige Wohlwollen kam nicht von ungef\u00e4hr: \u00abWir kannten uns bereits sehr gut, Metzger Heiri K\u00e4lin war mein Trauzeuge.\u00bb Die Metapher, die er heiter ansetzt, passt: \u00abVon Anfang an war uns klar, dass wir Privates und Berufliches trennen mussten, obwohl wir fast eine Ehe eingehen w\u00fcrden.\u00bb<\/p>\n\n<p>Doppelrolle zu besetzen Back- und Fleischwaren stellen unterschiedliche Anspr\u00fcche an Handhabung und Verkauf. \u00abWir ben\u00f6tigten einen Ladenbauer, der sich in beiden Terrains gut auskennt. Schlussendlich konnte die Firma Aichinger uns diese Expertise bieten\u00bb, erkl\u00e4rt Raffael Schefer. Zu dritt besichtigten sie unterschiedliche Verkaufsformate. \u00abVom Delikatessen-, \u00fcber den Fabrik- bis hin zum Hofladen war alles dabei\u00bb, berichtet der B\u00e4cker. Die daraus gewonnenen Ideen wurden wiederum auf die M\u00f6glichkeiten vor Ort heruntergebrochen.<\/p>\n\n<h2 class=\"wp-block-heading\" id=\"h-angst-vor-dem-raucherbrot\">Angst vor dem R\u00e4ucherbrot<\/h2>\n\n<p>\u00abAnfangs hatte ich die Bef\u00fcrchtung, dass der intensive Duft der Fleischauslage vom Brot aufgenommen werden k\u00f6nnte\u00bb, beichtet der Branchenmann. \u00abMit dem Abzug \u00fcber der Metzgerei und dem Einspeisen von Frischluft im Caf\u00e9 am anderen Ende werden nun die Luftstr\u00f6me gesteuert.\u00bb <\/p>\n\n<figure class=\"wp-block-image size-large\"><img decoding=\"async\" width=\"1024\" height=\"608\" src=\"https:\/\/swissbaker.ch\/wp-content\/uploads\/2024\/03\/5_1_schefer_walhalla-1024x608.jpg\" alt=\"\" class=\"wp-image-76142\" srcset=\"https:\/\/swissbaker.ch\/wp-content\/uploads\/2024\/03\/5_1_schefer_walhalla-1024x608.jpg 1024w, https:\/\/swissbaker.ch\/wp-content\/uploads\/2024\/03\/5_1_schefer_walhalla-768x456.jpg 768w, https:\/\/swissbaker.ch\/wp-content\/uploads\/2024\/03\/5_1_schefer_walhalla.jpg 1200w\" sizes=\"(max-width: 1024px) 100vw, 1024px\" \/><figcaption class=\"wp-element-caption\"><em>Fleisch und Brot im Laden vereint<\/em><\/figcaption><\/figure>\n\n<p>Die Massnahme scheint zu wirken: Vor dem Brotregal in der Mitte des Ladens l\u00e4sst sich nur mit M\u00fche ein R\u00e4uchergeruch erschnuppern, obwohl dieser vor der Er\u00f6ffnung dem B\u00e4cker in der Nase gekitzelt habe.<\/p>\n\n<h2 class=\"wp-block-heading\" id=\"h-mit-eigener-handschrift\">Mit eigener Handschrift<\/h2>\n\n<p>\u00abDie Zusammenarbeit mit Aichinger war sehr auf unsere Kundschaft gerichtet, ohne die eigenen W\u00fcnsche zu vergessen. Mit Kaufabl\u00e4ufen erarbeiteten sie die Anordnung der Ausstattung und wir durften mit Moodboards pers\u00f6nliche Nuancen einbringen\u00bb, f\u00fchrt Raffael Schefer aus. Letzterer Aspekt war ihm ein wichtiges Anliegen. \u00abDie B\u00e4ckerei wurde 60 Jahre von meinen Grosseltern und Eltern gef\u00fchrt. Nun tr\u00e4gt die Filiale die Handschrift der dritten Generation.\u00bb Was dem Unternehmer in ihm gef\u00e4llt: \u00abNeben den Kosten wurden auch die Erfolgsversprechen eingehalten. Das Projekt bleibt r\u00fcckblickend mit gutem Gef\u00fchl in Erinnerung.\u00bb<\/p>\n\n<h2 class=\"wp-block-heading\" id=\"h-die-marken-erleben\">Die Marken erleben<\/h2>\n\n<p>Die Synergien der zwei Branchen liegen auf der Hand: Das passende Geb\u00e4ck zur Fleischware \u2013 egal ob Bratwurst mit B\u00fcrli, Pastetli oder Salami-Sandwich \u2013 das alles gibt es am selben Ort. \u00abUnsere Kompetenzen konnten wir b\u00fcndeln. Der Einkauf im regionalen Gewerbe wird wie geplant vereinfacht\u00bb, meint Raffael Schefer. Die Einrichtung unterstreiche deren gr\u00f6sste Gemeinsamkeit, schliesst er ab: \u00abDer Anspruch an hohe Qualit\u00e4t vereint unsere Unternehmen. Beim Eintritt in das Gesch\u00e4ft merke ich, wie dieses Markenversprechen von Schefer und Walhalla Delikatessen auf mich als Person \u00fcbertragen wird.\u00bb <\/p>\n\n<ul class=\"wp-block-list\">\n<li><a href=\"https:\/\/www.baeckerei-schefer.ch\/\">B\u00e4ckerei Schefer<\/a><\/li>\n\n\n\n<li><a href=\"https:\/\/www.walhalla-einsiedeln.ch\/\">Walhalla Delikatessen<\/a><\/li>\n<\/ul>\n\n<p class=\"has-text-align-right\"><em>Diego Schwerzmann<\/em><\/p>\n","protected":false},"excerpt":{"rendered":"<p>Depuis juillet\u202f2023, les traiteurs locaux d\u2019Einsiedeln (SZ) ont uni leurs forces dans un local. La collaboration entre la boulangerie Schefer et la boucherie Walhalla est le fruit d\u2019une estime entrepreneuriale et personnelle, confie Raffael Schefer, propri\u00e9taire de la boulangerie Schefer, selon qui l\u2019ouverture de la boulangerie-boucherie avec caf\u00e9 est rentable pour les deux parties.<\/p>\n","protected":false},"author":5,"featured_media":76145,"comment_status":"closed","ping_status":"closed","sticky":true,"template":"","format":"standard","meta":{"_acf_changed":false,"footnotes":""},"categories":[42],"tags":[277,276,283,279,281,278,282,280],"class_list":["post-76150","post","type-post","status-publish","format-standard","has-post-thumbnail","hentry","category-boulangeries-confiseries","tag-boucherie-walhalla","tag-boulangerie-schefer","tag-einsiedeln-2","tag-heiri-kalin","tag-pain","tag-raffael-schefer","tag-viande","tag-walhalla-delikatessen"],"acf":[],"yoast_head":"<!-- This site is optimized with the Yoast SEO Premium plugin v26.8 (Yoast SEO v26.8) - https:\/\/yoast.com\/product\/yoast-seo-premium-wordpress\/ -->\n<title>Acheter local, tout simplement | SBC<\/title>\n<meta name=\"description\" content=\"La collaboration entre la boulangerie Schefer et la boucherie Walhalla est le fruit d\u2019une estime entrepreneuriale et personnelle.\" \/>\n<meta name=\"robots\" content=\"index, follow, max-snippet:-1, max-image-preview:large, max-video-preview:-1\" \/>\n<link rel=\"canonical\" href=\"https:\/\/swissbaker.ch\/fr\/panissimo-news\/acheter-local-tout-simplement\/\" \/>\n<meta property=\"og:locale\" content=\"fr_FR\" \/>\n<meta property=\"og:type\" content=\"article\" \/>\n<meta property=\"og:title\" content=\"Acheter local, tout simplement\" \/>\n<meta property=\"og:description\" content=\"La collaboration entre la boulangerie Schefer et la boucherie Walhalla est le fruit d\u2019une estime entrepreneuriale et personnelle.\" \/>\n<meta property=\"og:url\" content=\"https:\/\/swissbaker.ch\/fr\/panissimo-news\/acheter-local-tout-simplement\/\" \/>\n<meta property=\"og:site_name\" content=\"SBC\" \/>\n<meta property=\"article:publisher\" content=\"https:\/\/www.facebook.com\/swissbaker.ch\" \/>\n<meta property=\"article:published_time\" content=\"2024-03-07T08:42:00+00:00\" \/>\n<meta property=\"article:modified_time\" content=\"2024-03-07T13:22:20+00:00\" \/>\n<meta property=\"og:image\" content=\"https:\/\/swissbaker.ch\/wp-content\/uploads\/2024\/03\/5_1_schefer_walhalla_2.jpg\" \/>\n\t<meta property=\"og:image:width\" content=\"1200\" \/>\n\t<meta property=\"og:image:height\" content=\"712\" \/>\n\t<meta property=\"og:image:type\" content=\"image\/jpeg\" \/>\n<meta name=\"author\" content=\"Simon Nussbaum\" \/>\n<meta name=\"twitter:card\" content=\"summary_large_image\" \/>\n<meta name=\"twitter:creator\" content=\"@ch_swissbaker\" \/>\n<meta name=\"twitter:site\" content=\"@ch_swissbaker\" \/>\n<meta name=\"twitter:label1\" content=\"Written by\" \/>\n\t<meta name=\"twitter:data1\" content=\"Simon Nussbaum\" \/>\n\t<meta name=\"twitter:label2\" content=\"Est. reading time\" \/>\n\t<meta name=\"twitter:data2\" content=\"3 minutes\" \/>\n<script type=\"application\/ld+json\" class=\"yoast-schema-graph\">{\"@context\":\"https:\/\/schema.org\",\"@graph\":[{\"@type\":\"Article\",\"@id\":\"https:\/\/swissbaker.ch\/fr\/panissimo-news\/acheter-local-tout-simplement\/#article\",\"isPartOf\":{\"@id\":\"https:\/\/swissbaker.ch\/fr\/panissimo-news\/acheter-local-tout-simplement\/\"},\"author\":{\"name\":\"Simon Nussbaum\",\"@id\":\"https:\/\/swissbaker.ch\/fr\/#\/schema\/person\/74bd327b08c18ca6042c02ff6f0ed5e2\"},\"headline\":\"Acheter local, tout simplement\",\"datePublished\":\"2024-03-07T08:42:00+00:00\",\"dateModified\":\"2024-03-07T13:22:20+00:00\",\"mainEntityOfPage\":{\"@id\":\"https:\/\/swissbaker.ch\/fr\/panissimo-news\/acheter-local-tout-simplement\/\"},\"wordCount\":590,\"publisher\":{\"@id\":\"https:\/\/swissbaker.ch\/fr\/#organization\"},\"image\":{\"@id\":\"https:\/\/swissbaker.ch\/fr\/panissimo-news\/acheter-local-tout-simplement\/#primaryimage\"},\"thumbnailUrl\":\"https:\/\/swissbaker.ch\/wp-content\/uploads\/2024\/03\/5_1_schefer_walhalla_2.jpg\",\"keywords\":[\"Boucherie Walhalla\",\"Boulangerie Schefer\",\"Einsiedeln\",\"Heiri K\u00e4lin\",\"Pain\",\"Raffael Schefer\",\"Viande\",\"Walhalla DelikatEssen\"],\"articleSection\":[\"Boulangeries\/Confiseries\"],\"inLanguage\":\"fr-FR\"},{\"@type\":\"WebPage\",\"@id\":\"https:\/\/swissbaker.ch\/fr\/panissimo-news\/acheter-local-tout-simplement\/\",\"url\":\"https:\/\/swissbaker.ch\/fr\/panissimo-news\/acheter-local-tout-simplement\/\",\"name\":\"Acheter local, tout simplement | SBC\",\"isPartOf\":{\"@id\":\"https:\/\/swissbaker.ch\/fr\/#website\"},\"primaryImageOfPage\":{\"@id\":\"https:\/\/swissbaker.ch\/fr\/panissimo-news\/acheter-local-tout-simplement\/#primaryimage\"},\"image\":{\"@id\":\"https:\/\/swissbaker.ch\/fr\/panissimo-news\/acheter-local-tout-simplement\/#primaryimage\"},\"thumbnailUrl\":\"https:\/\/swissbaker.ch\/wp-content\/uploads\/2024\/03\/5_1_schefer_walhalla_2.jpg\",\"datePublished\":\"2024-03-07T08:42:00+00:00\",\"dateModified\":\"2024-03-07T13:22:20+00:00\",\"description\":\"La collaboration entre la boulangerie Schefer et la boucherie Walhalla est le fruit d\u2019une estime entrepreneuriale et personnelle.\",\"breadcrumb\":{\"@id\":\"https:\/\/swissbaker.ch\/fr\/panissimo-news\/acheter-local-tout-simplement\/#breadcrumb\"},\"inLanguage\":\"fr-FR\",\"potentialAction\":[{\"@type\":\"ReadAction\",\"target\":[\"https:\/\/swissbaker.ch\/fr\/panissimo-news\/acheter-local-tout-simplement\/\"]}]},{\"@type\":\"ImageObject\",\"inLanguage\":\"fr-FR\",\"@id\":\"https:\/\/swissbaker.ch\/fr\/panissimo-news\/acheter-local-tout-simplement\/#primaryimage\",\"url\":\"https:\/\/swissbaker.ch\/wp-content\/uploads\/2024\/03\/5_1_schefer_walhalla_2.jpg\",\"contentUrl\":\"https:\/\/swissbaker.ch\/wp-content\/uploads\/2024\/03\/5_1_schefer_walhalla_2.jpg\",\"width\":1200,\"height\":712},{\"@type\":\"BreadcrumbList\",\"@id\":\"https:\/\/swissbaker.ch\/fr\/panissimo-news\/acheter-local-tout-simplement\/#breadcrumb\",\"itemListElement\":[{\"@type\":\"ListItem\",\"position\":1,\"name\":\"\",\"item\":\"https:\/\/swissbaker.ch\/fr\/\"},{\"@type\":\"ListItem\",\"position\":2,\"name\":\"Boulangeries\/Confiseries\",\"item\":\"https:\/\/swissbaker.ch\/fr\/panissimo-news\/category\/boulangeries-confiseries\/\"},{\"@type\":\"ListItem\",\"position\":3,\"name\":\"Acheter local, tout simplement\"}]},{\"@type\":\"WebSite\",\"@id\":\"https:\/\/swissbaker.ch\/fr\/#website\",\"url\":\"https:\/\/swissbaker.ch\/fr\/\",\"name\":\"SBC\",\"description\":\"\",\"publisher\":{\"@id\":\"https:\/\/swissbaker.ch\/fr\/#organization\"},\"potentialAction\":[{\"@type\":\"SearchAction\",\"target\":{\"@type\":\"EntryPoint\",\"urlTemplate\":\"https:\/\/swissbaker.ch\/fr\/?s={search_term_string}\"},\"query-input\":{\"@type\":\"PropertyValueSpecification\",\"valueRequired\":true,\"valueName\":\"search_term_string\"}}],\"inLanguage\":\"fr-FR\"},{\"@type\":\"Organization\",\"@id\":\"https:\/\/swissbaker.ch\/fr\/#organization\",\"name\":\"Schweizerischer B\u00e4cker-Confiseurmeister-Verband\",\"url\":\"https:\/\/swissbaker.ch\/fr\/\",\"logo\":{\"@type\":\"ImageObject\",\"inLanguage\":\"fr-FR\",\"@id\":\"https:\/\/swissbaker.ch\/fr\/#\/schema\/logo\/image\/\",\"url\":\"https:\/\/swissbaker.ch\/wp-content\/uploads\/2022\/04\/sbc-logo-yoast.jpg\",\"contentUrl\":\"https:\/\/swissbaker.ch\/wp-content\/uploads\/2022\/04\/sbc-logo-yoast.jpg\",\"width\":512,\"height\":512,\"caption\":\"Schweizerischer B\u00e4cker-Confiseurmeister-Verband\"},\"image\":{\"@id\":\"https:\/\/swissbaker.ch\/fr\/#\/schema\/logo\/image\/\"},\"sameAs\":[\"https:\/\/www.facebook.com\/swissbaker.ch\",\"https:\/\/x.com\/ch_swissbaker\"]},{\"@type\":\"Person\",\"@id\":\"https:\/\/swissbaker.ch\/fr\/#\/schema\/person\/74bd327b08c18ca6042c02ff6f0ed5e2\",\"name\":\"Simon Nussbaum\",\"image\":{\"@type\":\"ImageObject\",\"inLanguage\":\"fr-FR\",\"@id\":\"https:\/\/swissbaker.ch\/fr\/#\/schema\/person\/image\/\",\"url\":\"https:\/\/secure.gravatar.com\/avatar\/df0eced3bb556c806cb760cf503ade1ed1df25b4104d80d6fd28d93a9509aa12?s=96&d=mm&r=g\",\"contentUrl\":\"https:\/\/secure.gravatar.com\/avatar\/df0eced3bb556c806cb760cf503ade1ed1df25b4104d80d6fd28d93a9509aa12?s=96&d=mm&r=g\",\"caption\":\"Simon Nussbaum\"},\"url\":\"https:\/\/swissbaker.ch\/fr\/panissimo-news\/author\/simon-nussbaum\/\"}]}<\/script>\n<!-- \/ Yoast SEO Premium plugin. -->","yoast_head_json":{"title":"Acheter local, tout simplement | SBC","description":"La collaboration entre la boulangerie Schefer et la boucherie Walhalla est le fruit d\u2019une estime entrepreneuriale et personnelle.","robots":{"index":"index","follow":"follow","max-snippet":"max-snippet:-1","max-image-preview":"max-image-preview:large","max-video-preview":"max-video-preview:-1"},"canonical":"https:\/\/swissbaker.ch\/fr\/panissimo-news\/acheter-local-tout-simplement\/","og_locale":"fr_FR","og_type":"article","og_title":"Acheter local, tout simplement","og_description":"La collaboration entre la boulangerie Schefer et la boucherie Walhalla est le fruit d\u2019une estime entrepreneuriale et personnelle.","og_url":"https:\/\/swissbaker.ch\/fr\/panissimo-news\/acheter-local-tout-simplement\/","og_site_name":"SBC","article_publisher":"https:\/\/www.facebook.com\/swissbaker.ch","article_published_time":"2024-03-07T08:42:00+00:00","article_modified_time":"2024-03-07T13:22:20+00:00","og_image":[{"width":1200,"height":712,"url":"https:\/\/swissbaker.ch\/wp-content\/uploads\/2024\/03\/5_1_schefer_walhalla_2.jpg","type":"image\/jpeg"}],"author":"Simon Nussbaum","twitter_card":"summary_large_image","twitter_creator":"@ch_swissbaker","twitter_site":"@ch_swissbaker","twitter_misc":{"Written by":"Simon Nussbaum","Est. reading time":"3 minutes"},"schema":{"@context":"https:\/\/schema.org","@graph":[{"@type":"Article","@id":"https:\/\/swissbaker.ch\/fr\/panissimo-news\/acheter-local-tout-simplement\/#article","isPartOf":{"@id":"https:\/\/swissbaker.ch\/fr\/panissimo-news\/acheter-local-tout-simplement\/"},"author":{"name":"Simon Nussbaum","@id":"https:\/\/swissbaker.ch\/fr\/#\/schema\/person\/74bd327b08c18ca6042c02ff6f0ed5e2"},"headline":"Acheter local, tout simplement","datePublished":"2024-03-07T08:42:00+00:00","dateModified":"2024-03-07T13:22:20+00:00","mainEntityOfPage":{"@id":"https:\/\/swissbaker.ch\/fr\/panissimo-news\/acheter-local-tout-simplement\/"},"wordCount":590,"publisher":{"@id":"https:\/\/swissbaker.ch\/fr\/#organization"},"image":{"@id":"https:\/\/swissbaker.ch\/fr\/panissimo-news\/acheter-local-tout-simplement\/#primaryimage"},"thumbnailUrl":"https:\/\/swissbaker.ch\/wp-content\/uploads\/2024\/03\/5_1_schefer_walhalla_2.jpg","keywords":["Boucherie Walhalla","Boulangerie Schefer","Einsiedeln","Heiri K\u00e4lin","Pain","Raffael Schefer","Viande","Walhalla DelikatEssen"],"articleSection":["Boulangeries\/Confiseries"],"inLanguage":"fr-FR"},{"@type":"WebPage","@id":"https:\/\/swissbaker.ch\/fr\/panissimo-news\/acheter-local-tout-simplement\/","url":"https:\/\/swissbaker.ch\/fr\/panissimo-news\/acheter-local-tout-simplement\/","name":"Acheter local, tout simplement | SBC","isPartOf":{"@id":"https:\/\/swissbaker.ch\/fr\/#website"},"primaryImageOfPage":{"@id":"https:\/\/swissbaker.ch\/fr\/panissimo-news\/acheter-local-tout-simplement\/#primaryimage"},"image":{"@id":"https:\/\/swissbaker.ch\/fr\/panissimo-news\/acheter-local-tout-simplement\/#primaryimage"},"thumbnailUrl":"https:\/\/swissbaker.ch\/wp-content\/uploads\/2024\/03\/5_1_schefer_walhalla_2.jpg","datePublished":"2024-03-07T08:42:00+00:00","dateModified":"2024-03-07T13:22:20+00:00","description":"La collaboration entre la boulangerie Schefer et la boucherie Walhalla est le fruit d\u2019une estime entrepreneuriale et personnelle.","breadcrumb":{"@id":"https:\/\/swissbaker.ch\/fr\/panissimo-news\/acheter-local-tout-simplement\/#breadcrumb"},"inLanguage":"fr-FR","potentialAction":[{"@type":"ReadAction","target":["https:\/\/swissbaker.ch\/fr\/panissimo-news\/acheter-local-tout-simplement\/"]}]},{"@type":"ImageObject","inLanguage":"fr-FR","@id":"https:\/\/swissbaker.ch\/fr\/panissimo-news\/acheter-local-tout-simplement\/#primaryimage","url":"https:\/\/swissbaker.ch\/wp-content\/uploads\/2024\/03\/5_1_schefer_walhalla_2.jpg","contentUrl":"https:\/\/swissbaker.ch\/wp-content\/uploads\/2024\/03\/5_1_schefer_walhalla_2.jpg","width":1200,"height":712},{"@type":"BreadcrumbList","@id":"https:\/\/swissbaker.ch\/fr\/panissimo-news\/acheter-local-tout-simplement\/#breadcrumb","itemListElement":[{"@type":"ListItem","position":1,"name":"","item":"https:\/\/swissbaker.ch\/fr\/"},{"@type":"ListItem","position":2,"name":"Boulangeries\/Confiseries","item":"https:\/\/swissbaker.ch\/fr\/panissimo-news\/category\/boulangeries-confiseries\/"},{"@type":"ListItem","position":3,"name":"Acheter local, tout simplement"}]},{"@type":"WebSite","@id":"https:\/\/swissbaker.ch\/fr\/#website","url":"https:\/\/swissbaker.ch\/fr\/","name":"SBC","description":"","publisher":{"@id":"https:\/\/swissbaker.ch\/fr\/#organization"},"potentialAction":[{"@type":"SearchAction","target":{"@type":"EntryPoint","urlTemplate":"https:\/\/swissbaker.ch\/fr\/?s={search_term_string}"},"query-input":{"@type":"PropertyValueSpecification","valueRequired":true,"valueName":"search_term_string"}}],"inLanguage":"fr-FR"},{"@type":"Organization","@id":"https:\/\/swissbaker.ch\/fr\/#organization","name":"Schweizerischer B\u00e4cker-Confiseurmeister-Verband","url":"https:\/\/swissbaker.ch\/fr\/","logo":{"@type":"ImageObject","inLanguage":"fr-FR","@id":"https:\/\/swissbaker.ch\/fr\/#\/schema\/logo\/image\/","url":"https:\/\/swissbaker.ch\/wp-content\/uploads\/2022\/04\/sbc-logo-yoast.jpg","contentUrl":"https:\/\/swissbaker.ch\/wp-content\/uploads\/2022\/04\/sbc-logo-yoast.jpg","width":512,"height":512,"caption":"Schweizerischer B\u00e4cker-Confiseurmeister-Verband"},"image":{"@id":"https:\/\/swissbaker.ch\/fr\/#\/schema\/logo\/image\/"},"sameAs":["https:\/\/www.facebook.com\/swissbaker.ch","https:\/\/x.com\/ch_swissbaker"]},{"@type":"Person","@id":"https:\/\/swissbaker.ch\/fr\/#\/schema\/person\/74bd327b08c18ca6042c02ff6f0ed5e2","name":"Simon Nussbaum","image":{"@type":"ImageObject","inLanguage":"fr-FR","@id":"https:\/\/swissbaker.ch\/fr\/#\/schema\/person\/image\/","url":"https:\/\/secure.gravatar.com\/avatar\/df0eced3bb556c806cb760cf503ade1ed1df25b4104d80d6fd28d93a9509aa12?s=96&d=mm&r=g","contentUrl":"https:\/\/secure.gravatar.com\/avatar\/df0eced3bb556c806cb760cf503ade1ed1df25b4104d80d6fd28d93a9509aa12?s=96&d=mm&r=g","caption":"Simon Nussbaum"},"url":"https:\/\/swissbaker.ch\/fr\/panissimo-news\/author\/simon-nussbaum\/"}]}},"_links":{"self":[{"href":"https:\/\/swissbaker.ch\/fr\/wp-json\/wp\/v2\/posts\/76150","targetHints":{"allow":["GET"]}}],"collection":[{"href":"https:\/\/swissbaker.ch\/fr\/wp-json\/wp\/v2\/posts"}],"about":[{"href":"https:\/\/swissbaker.ch\/fr\/wp-json\/wp\/v2\/types\/post"}],"author":[{"embeddable":true,"href":"https:\/\/swissbaker.ch\/fr\/wp-json\/wp\/v2\/users\/5"}],"replies":[{"embeddable":true,"href":"https:\/\/swissbaker.ch\/fr\/wp-json\/wp\/v2\/comments?post=76150"}],"version-history":[{"count":0,"href":"https:\/\/swissbaker.ch\/fr\/wp-json\/wp\/v2\/posts\/76150\/revisions"}],"wp:featuredmedia":[{"embeddable":true,"href":"https:\/\/swissbaker.ch\/fr\/wp-json\/wp\/v2\/media\/76145"}],"wp:attachment":[{"href":"https:\/\/swissbaker.ch\/fr\/wp-json\/wp\/v2\/media?parent=76150"}],"wp:term":[{"taxonomy":"category","embeddable":true,"href":"https:\/\/swissbaker.ch\/fr\/wp-json\/wp\/v2\/categories?post=76150"},{"taxonomy":"post_tag","embeddable":true,"href":"https:\/\/swissbaker.ch\/fr\/wp-json\/wp\/v2\/tags?post=76150"}],"curies":[{"name":"wp","href":"https:\/\/api.w.org\/{rel}","templated":true}]}}