{"id":7594,"date":"2021-12-01T15:21:00","date_gmt":"2021-12-01T14:21:00","guid":{"rendered":"https:\/\/swissbaker.ch\/?p=7594"},"modified":"2022-04-29T16:12:53","modified_gmt":"2022-04-29T14:12:53","slug":"ambiance-de-grande-ville-et-sentiment-de-bien-etre","status":"publish","type":"post","link":"https:\/\/swissbaker.ch\/fr\/panissimo-news\/ambiance-de-grande-ville-et-sentiment-de-bien-etre\/","title":{"rendered":"Ambiance de grande ville et sentiment de bien-\u00eatre"},"content":{"rendered":"\n<p><strong>Le changement d\u2019emplacement et de g\u00e9n\u00e9ration de Caf\u00e9 Conditorei Huber AG \u00e0 Widnau s\u2019est d\u00e9roul\u00e9 avec succ\u00e8s. Les trois entrepreneurs sont satisfaits de leur nouveau site. Le lancement a d\u00e9pass\u00e9 leurs attentes.<\/strong><\/p>\n\n\n\n<p><em>Un sol en pierre et des accents en noyer s\u00e9parent visuellement l\u2019espace de vente de celui assis. Les produits sont mis en avant.<\/em><\/p>\n\n\n\n<p>La quatri\u00e8me g\u00e9n\u00e9ration est aux commandes de l\u2019entreprise familiale Caf\u00e9 Conditorei Huber AG \u00e0 Widnau (SG) depuis 2021. Elle se compose de trois fr\u00e8res\u2009: Patrick, Dominic et Daniel Huber. L\u2019a\u00een\u00e9, Patrick, en a pris la direction.<\/p>\n\n\n\n<p>Les travaux de construction du nouveau site \u00e9taient en cours au printemps, comme l\u2019a rapport\u00e9 \u00ab\u2009panissimo\u2009\u00bb dans son \u00e9dition n\u00b0\u202f8 du 16\u202favril. L\u2019inauguration a eu lieu le 15\u202fseptembre, au moment m\u00eame o\u00f9 le Conseil f\u00e9d\u00e9ral d\u00e9cidait d\u2019introduire une obligation de certificat. \u00ab\u2009Nous ne savions pas quelles r\u00e9percussions cette d\u00e9cision aurait sur notre entreprise\u2009\u00bb, se souvient le directeur Patrick Huber. Le fait que les r\u00e9servations pour le tr\u00e8s appr\u00e9ci\u00e9 brunch du fournil et les ventes de produits aient m\u00eame d\u00e9pass\u00e9 les objectifs vis\u00e9s s\u2019est donc av\u00e9r\u00e9 d\u2019autant plus r\u00e9jouissant. \u00ab\u2009En semaine, tout ne se passe pas encore comme pr\u00e9vu au caf\u00e9, et c\u2019est certainement d\u00fb en partie \u00e0 l\u2019obligation de certificat\u2009\u00bb, explique M. Huber.<\/p>\n\n\n\n<h2 class=\"wp-block-heading\" id=\"h-l-equipe-est-au-complet\">L\u2019\u00e9quipe est au complet<\/h2>\n\n\n\n<p>L\u2019augmentation du chiffre d\u2019affaires a permis d\u2019engager des collaborateurs de vente suppl\u00e9mentaires ces derni\u00e8res semaines. \u00ab\u2009L\u2019\u00e9quipe sera largement au complet avec l\u2019arriv\u00e9e de notre nouvelle responsable des ventes en janvier\u202f2022\u2009\u00bb, se r\u00e9jouit-il, avant d\u2019ajouter\u2009: \u00ab\u2009Nous allons engager du personnel suppl\u00e9mentaire en production ces prochains mois.\u2009\u00bb Pour les fr\u00e8res Huber, il est important de trouver des collaborateurs \u00e0 long terme. Les employ\u00e9s en place ont compens\u00e9 le manque de ressources humaines par un grand engagement et de nombreuses heures de travail suppl\u00e9mentaires. \u00ab\u2009Sans eux, nous n\u2019aurions pas pu surmonter les derniers mois.\u2009\u00bb<\/p>\n\n\n\n<h2 class=\"wp-block-heading\" id=\"h-augmentation-de-l-efficacite\">Augmentation de l\u2019efficacit\u00e9<\/h2>\n\n\n\n<p>Le terminal de commande mobile \u00ab\u2009MobileWaiter\u2009\u00bb est utilis\u00e9 en renfort pour faire face \u00e0 l\u2019affluence du week-end. Le personnel de service prend plusieurs commandes \u00e0 la suite. Les informations sont transmises directement en cuisine, o\u00f9 la pr\u00e9paration des commandes peut ainsi commencer pratiquement en m\u00eame temps. \u00ab\u2009Cela permet d\u2019augmenter l\u2019efficacit\u00e9\u2009\u00bb, selon le sp\u00e9cialiste du secteur saint-gallois. \u00ab\u2009En plus, les collaborateurs ont ainsi plus de temps pour se concentrer sur les clients, et il y a moins d\u2019erreurs.\u2009\u00bb Aux heures de pointe, une collaboratrice prend les commandes et une autre les sert.<img srcset=\"inhalte\/02_news\/2021\/12_dezember\/24_1_huber_2.jpg\" alt=\"\">L\u2019estrade au milieu de la pi\u00e8ce cr\u00e9e un deuxi\u00e8me niveau, de sorte que chaque client puisse trouver sa place pr\u00e9f\u00e9r\u00e9e.<\/p>\n\n\n\n<figure class=\"wp-block-image size-full\"><img decoding=\"async\" width=\"551\" height=\"327\" src=\"https:\/\/swissbaker.ch\/wp-content\/uploads\/2022\/04\/csm_24_1_huber_2_09e182308f.jpeg\" alt=\"\" class=\"wp-image-7599\" srcset=\"https:\/\/swissbaker.ch\/wp-content\/uploads\/2022\/04\/csm_24_1_huber_2_09e182308f.jpeg 551w, https:\/\/swissbaker.ch\/wp-content\/uploads\/2022\/04\/csm_24_1_huber_2_09e182308f-300x178.jpeg 300w\" sizes=\"(max-width: 551px) 100vw, 551px\" \/><figcaption>L\u2019estrade au milieu de la pi\u00e8ce cr\u00e9e un deuxi\u00e8me niveau, de sorte que chaque client puisse trouver sa place pr\u00e9f\u00e9r\u00e9e.<\/figcaption><\/figure>\n\n\n\n<h2 class=\"wp-block-heading\" id=\"h-ouverture-et-transparence\">Ouverture et transparence<\/h2>\n\n\n\n<p>Les Huber ont re\u00e7u de tr\u00e8s nombreux commentaires positifs. \u00ab\u2009Certains nous ont dit qu\u2019en entrant, ils avaient l\u2019impression d\u2019\u00eatre dans une grande ville comme Zurich, Londres ou Paris.\u2009\u00bb L\u2019am\u00e9nagement ouvert de l\u2019espace et la vue sur la production sont tr\u00e8s appr\u00e9ci\u00e9s. \u00ab\u2009Nous cr\u00e9ons de la transparence avec la production ouverte. Les clients voient comment sont fabriqu\u00e9s les produits qu\u2019ils savourent\u2009\u00bb, explique le jeune entrepreneur, avant de poursuivre\u2009: \u00ab\u2009D\u2019autre part, les collaborateurs de la production peuvent s\u2019entretenir directement avec eux pour les conseiller.\u2009\u00bb La client\u00e8le n\u2019est pas la seule \u00e0 se r\u00e9jouir. \u00ab\u2009Nous ne pourrions pas \u00eatre plus heureux\u2009! Malgr\u00e9 l\u2019am\u00e9nagement int\u00e9rieur moderne, l\u2019ambiance est chaleureuse et familiale. Il offre une exp\u00e9rience relaxante \u00e0 tous nos clients\u2009; qu\u2019ils soient \u00e9tudiants ou retrait\u00e9s.\u2009\u00bb<\/p>\n\n\n\n<h2 class=\"wp-block-heading\" id=\"h-produits-au-premier-plan\">Produits au premier plan<\/h2>\n\n\n\n<p>L\u2019am\u00e9nagement de l\u2019espace a pos\u00e9 quelques d\u00e9fis. Il y a une entr\u00e9e avant et une autre arri\u00e8re depuis le parking. Il a donc fallu d\u00e9cider de l\u2019orientation du magasin et de l\u2019emplacement du comptoir de vente. Le choix s\u2019est finalement port\u00e9 sur l\u2019entr\u00e9e en direction de la rue principale. Il fallait aussi s\u00e9parer visuellement l\u2019espace de vente et la zone de places assises. Les produits doivent \u00eatre mis en avant. Un rev\u00eatement de sol en gr\u00e8s c\u00e9rame et des accents en bois de noyer dans la pr\u00e9sentation des produits ont permis de parvenir au r\u00e9sultat escompt\u00e9. Les clients ne doivent se sentir ni g\u00ean\u00e9s ni observ\u00e9s par ceux du caf\u00e9 pendant leurs achats.<img srcset=\"inhalte\/02_news\/2021\/12_dezember\/24_1_huber_3.jpg\" alt=\"\">De gauche \u00e0 droite : Patrick, Dominic et Daniel Huber s&#8217;efforcent d&#8217;am\u00e9liorer continuellement l&#8217;exp\u00e9rience client.<\/p>\n\n\n\n<figure class=\"wp-block-image size-full is-resized\"><img decoding=\"async\" src=\"https:\/\/swissbaker.ch\/wp-content\/uploads\/2022\/04\/csm_24_1_huber_3_acdca615b1.jpeg\" alt=\"\" class=\"wp-image-7595\" width=\"566\" height=\"336\" srcset=\"https:\/\/swissbaker.ch\/wp-content\/uploads\/2022\/04\/csm_24_1_huber_3_acdca615b1.jpeg 551w, https:\/\/swissbaker.ch\/wp-content\/uploads\/2022\/04\/csm_24_1_huber_3_acdca615b1-300x178.jpeg 300w\" sizes=\"(max-width: 566px) 100vw, 566px\" \/><figcaption>De gauche \u00e0 droite : Patrick, Dominic et Daniel Huber s&#8217;efforcent d&#8217;am\u00e9liorer continuellement l&#8217;exp\u00e9rience client.<\/figcaption><\/figure>\n\n\n\n<p>L\u2019estrade au milieu de la pi\u00e8ce cr\u00e9e un deuxi\u00e8me niveau, de sorte que chaque client puisse trouver sa place pr\u00e9f\u00e9r\u00e9e. Vu le nombre r\u00e9duit de fen\u00eatres, une planification optimale et le recours \u00e0 un \u00e9clairage d\u00e9coratif et technique ont permis d\u2019\u00e9clairer les locaux de mani\u00e8re judicieuse et agr\u00e9able.<\/p>\n\n\n\n<h2 class=\"wp-block-heading\" id=\"h-la-clientele-au-centre\">La client\u00e8le au centre<\/h2>\n\n\n\n<p>\u00ab\u2009Ce sont les nombreux d\u00e9tails qui font le concept global de notre entreprise familiale\u2009\u00bb, fait remarquer Patrick Huber. \u00ab\u2009Le d\u00e9m\u00e9nagement a fortement modifi\u00e9 certains processus. Nous allons devoir continuer \u00e0 les adapter en permanence. L\u2019objectif est de nous orienter vers le client.\u2009\u00bb La fratrie vise une am\u00e9lioration continue de l\u2019exp\u00e9rience client dans le caf\u00e9 et dans le magasin de vente. A l\u2019avenir, elle veut \u00e9galement \u00e9largir les interactions via les canaux num\u00e9riques et mieux exploiter les possibilit\u00e9s. \u00ab\u2009Nous nous r\u00e9jouissons en tout cas de ce qui nous attend\u2009\u00bb, conclut Patrick Huber.<\/p>\n\n\n\n<p><a href=\"https:\/\/www.swissbaker.ch\/de\/panissimo-news\/fotogalerien\/galerien-2021\/cafe-conditorei-huber-ag-widnau-sg-12-21\/\" target=\"_blank\" rel=\"noreferrer noopener\">Galerie de photos&#8230;\u00bb<\/a><\/p>\n\n\n\n<p><strong><a href=\"https:\/\/www.backstube-widnau.ch\/\" target=\"_blank\" rel=\"noreferrer noopener\">backstube-widnau.ch<\/a><\/strong><\/p>\n","protected":false},"excerpt":{"rendered":"<p>Le changement d\u2019emplacement et de g\u00e9n\u00e9ration de Caf\u00e9 Conditorei Huber AG \u00e0 Widnau s\u2019est d\u00e9roul\u00e9 avec succ\u00e8s. Les trois entrepreneurs sont satisfaits de leur nouveau site. Le lancement a d\u00e9pass\u00e9 leurs attentes. Un sol en pierre et des accents en noyer s\u00e9parent visuellement l\u2019espace de vente de celui assis. Les produits sont mis en avant. La quatri\u00e8me g\u00e9n\u00e9ration est aux [&hellip;]<\/p>\n","protected":false},"author":1,"featured_media":5123,"comment_status":"open","ping_status":"closed","sticky":false,"template":"","format":"standard","meta":{"_acf_changed":false,"footnotes":""},"categories":[42],"tags":[],"class_list":["post-7594","post","type-post","status-publish","format-standard","has-post-thumbnail","hentry","category-boulangeries-confiseries"],"acf":[],"yoast_head":"<!-- This site is optimized with the Yoast SEO Premium plugin v26.8 (Yoast SEO v26.8) - https:\/\/yoast.com\/product\/yoast-seo-premium-wordpress\/ -->\n<title>Ambiance de grande ville et sentiment de bien-\u00eatre | SBC<\/title>\n<meta name=\"robots\" content=\"index, follow, max-snippet:-1, max-image-preview:large, max-video-preview:-1\" \/>\n<link rel=\"canonical\" href=\"https:\/\/swissbaker.ch\/fr\/panissimo-news\/ambiance-de-grande-ville-et-sentiment-de-bien-etre\/\" \/>\n<meta property=\"og:locale\" content=\"fr_FR\" \/>\n<meta property=\"og:type\" content=\"article\" \/>\n<meta property=\"og:title\" content=\"Ambiance de grande ville et sentiment de bien-\u00eatre\" \/>\n<meta property=\"og:description\" content=\"Le changement d\u2019emplacement et de g\u00e9n\u00e9ration de Caf\u00e9 Conditorei Huber AG \u00e0 Widnau s\u2019est d\u00e9roul\u00e9 avec succ\u00e8s. Les trois entrepreneurs sont satisfaits de leur nouveau site. Le lancement a d\u00e9pass\u00e9 leurs attentes. Un sol en pierre et des accents en noyer s\u00e9parent visuellement l\u2019espace de vente de celui assis. Les produits sont mis en avant. La quatri\u00e8me g\u00e9n\u00e9ration est aux [&hellip;]\" \/>\n<meta property=\"og:url\" content=\"https:\/\/swissbaker.ch\/fr\/panissimo-news\/ambiance-de-grande-ville-et-sentiment-de-bien-etre\/\" \/>\n<meta property=\"og:site_name\" content=\"SBC\" \/>\n<meta property=\"article:publisher\" content=\"https:\/\/www.facebook.com\/swissbaker.ch\" \/>\n<meta property=\"article:published_time\" content=\"2021-12-01T14:21:00+00:00\" \/>\n<meta property=\"article:modified_time\" content=\"2022-04-29T14:12:53+00:00\" \/>\n<meta property=\"og:image\" content=\"https:\/\/swissbaker.ch\/wp-content\/uploads\/2022\/03\/24_1_huber_1.jpeg\" \/>\n\t<meta property=\"og:image:width\" content=\"800\" \/>\n\t<meta property=\"og:image:height\" content=\"474\" \/>\n\t<meta property=\"og:image:type\" content=\"image\/jpeg\" \/>\n<meta name=\"author\" content=\"azureart\" \/>\n<meta name=\"twitter:card\" content=\"summary_large_image\" \/>\n<meta name=\"twitter:creator\" content=\"@ch_swissbaker\" \/>\n<meta name=\"twitter:site\" content=\"@ch_swissbaker\" \/>\n<meta name=\"twitter:label1\" content=\"Written by\" \/>\n\t<meta name=\"twitter:data1\" content=\"azureart\" \/>\n\t<meta name=\"twitter:label2\" content=\"Est. reading time\" \/>\n\t<meta name=\"twitter:data2\" content=\"6 minutes\" \/>\n<script type=\"application\/ld+json\" class=\"yoast-schema-graph\">{\"@context\":\"https:\/\/schema.org\",\"@graph\":[{\"@type\":\"Article\",\"@id\":\"https:\/\/swissbaker.ch\/fr\/panissimo-news\/ambiance-de-grande-ville-et-sentiment-de-bien-etre\/#article\",\"isPartOf\":{\"@id\":\"https:\/\/swissbaker.ch\/fr\/panissimo-news\/ambiance-de-grande-ville-et-sentiment-de-bien-etre\/\"},\"author\":{\"name\":\"azureart\",\"@id\":\"https:\/\/swissbaker.ch\/fr\/#\/schema\/person\/058ac47619f7da53df62aba60f939b78\"},\"headline\":\"Ambiance de grande ville et sentiment de bien-\u00eatre\",\"datePublished\":\"2021-12-01T14:21:00+00:00\",\"dateModified\":\"2022-04-29T14:12:53+00:00\",\"mainEntityOfPage\":{\"@id\":\"https:\/\/swissbaker.ch\/fr\/panissimo-news\/ambiance-de-grande-ville-et-sentiment-de-bien-etre\/\"},\"wordCount\":1005,\"commentCount\":0,\"publisher\":{\"@id\":\"https:\/\/swissbaker.ch\/fr\/#organization\"},\"image\":{\"@id\":\"https:\/\/swissbaker.ch\/fr\/panissimo-news\/ambiance-de-grande-ville-et-sentiment-de-bien-etre\/#primaryimage\"},\"thumbnailUrl\":\"https:\/\/swissbaker.ch\/wp-content\/uploads\/2022\/03\/24_1_huber_1.jpeg\",\"articleSection\":[\"Boulangeries\/Confiseries\"],\"inLanguage\":\"fr-FR\",\"potentialAction\":[{\"@type\":\"CommentAction\",\"name\":\"Comment\",\"target\":[\"https:\/\/swissbaker.ch\/fr\/panissimo-news\/ambiance-de-grande-ville-et-sentiment-de-bien-etre\/#respond\"]}]},{\"@type\":\"WebPage\",\"@id\":\"https:\/\/swissbaker.ch\/fr\/panissimo-news\/ambiance-de-grande-ville-et-sentiment-de-bien-etre\/\",\"url\":\"https:\/\/swissbaker.ch\/fr\/panissimo-news\/ambiance-de-grande-ville-et-sentiment-de-bien-etre\/\",\"name\":\"Ambiance de grande ville et sentiment de bien-\u00eatre | SBC\",\"isPartOf\":{\"@id\":\"https:\/\/swissbaker.ch\/fr\/#website\"},\"primaryImageOfPage\":{\"@id\":\"https:\/\/swissbaker.ch\/fr\/panissimo-news\/ambiance-de-grande-ville-et-sentiment-de-bien-etre\/#primaryimage\"},\"image\":{\"@id\":\"https:\/\/swissbaker.ch\/fr\/panissimo-news\/ambiance-de-grande-ville-et-sentiment-de-bien-etre\/#primaryimage\"},\"thumbnailUrl\":\"https:\/\/swissbaker.ch\/wp-content\/uploads\/2022\/03\/24_1_huber_1.jpeg\",\"datePublished\":\"2021-12-01T14:21:00+00:00\",\"dateModified\":\"2022-04-29T14:12:53+00:00\",\"breadcrumb\":{\"@id\":\"https:\/\/swissbaker.ch\/fr\/panissimo-news\/ambiance-de-grande-ville-et-sentiment-de-bien-etre\/#breadcrumb\"},\"inLanguage\":\"fr-FR\",\"potentialAction\":[{\"@type\":\"ReadAction\",\"target\":[\"https:\/\/swissbaker.ch\/fr\/panissimo-news\/ambiance-de-grande-ville-et-sentiment-de-bien-etre\/\"]}]},{\"@type\":\"ImageObject\",\"inLanguage\":\"fr-FR\",\"@id\":\"https:\/\/swissbaker.ch\/fr\/panissimo-news\/ambiance-de-grande-ville-et-sentiment-de-bien-etre\/#primaryimage\",\"url\":\"https:\/\/swissbaker.ch\/wp-content\/uploads\/2022\/03\/24_1_huber_1.jpeg\",\"contentUrl\":\"https:\/\/swissbaker.ch\/wp-content\/uploads\/2022\/03\/24_1_huber_1.jpeg\",\"width\":800,\"height\":474,\"caption\":\"Ambiance de grande ville et sentiment de bien-\u00eatre\"},{\"@type\":\"BreadcrumbList\",\"@id\":\"https:\/\/swissbaker.ch\/fr\/panissimo-news\/ambiance-de-grande-ville-et-sentiment-de-bien-etre\/#breadcrumb\",\"itemListElement\":[{\"@type\":\"ListItem\",\"position\":1,\"name\":\"\",\"item\":\"https:\/\/swissbaker.ch\/fr\/\"},{\"@type\":\"ListItem\",\"position\":2,\"name\":\"Boulangeries\/Confiseries\",\"item\":\"https:\/\/swissbaker.ch\/fr\/panissimo-news\/category\/boulangeries-confiseries\/\"},{\"@type\":\"ListItem\",\"position\":3,\"name\":\"Ambiance de grande ville et sentiment de bien-\u00eatre\"}]},{\"@type\":\"WebSite\",\"@id\":\"https:\/\/swissbaker.ch\/fr\/#website\",\"url\":\"https:\/\/swissbaker.ch\/fr\/\",\"name\":\"SBC\",\"description\":\"\",\"publisher\":{\"@id\":\"https:\/\/swissbaker.ch\/fr\/#organization\"},\"potentialAction\":[{\"@type\":\"SearchAction\",\"target\":{\"@type\":\"EntryPoint\",\"urlTemplate\":\"https:\/\/swissbaker.ch\/fr\/?s={search_term_string}\"},\"query-input\":{\"@type\":\"PropertyValueSpecification\",\"valueRequired\":true,\"valueName\":\"search_term_string\"}}],\"inLanguage\":\"fr-FR\"},{\"@type\":\"Organization\",\"@id\":\"https:\/\/swissbaker.ch\/fr\/#organization\",\"name\":\"Schweizerischer B\u00e4cker-Confiseurmeister-Verband\",\"url\":\"https:\/\/swissbaker.ch\/fr\/\",\"logo\":{\"@type\":\"ImageObject\",\"inLanguage\":\"fr-FR\",\"@id\":\"https:\/\/swissbaker.ch\/fr\/#\/schema\/logo\/image\/\",\"url\":\"https:\/\/swissbaker.ch\/wp-content\/uploads\/2022\/04\/sbc-logo-yoast.jpg\",\"contentUrl\":\"https:\/\/swissbaker.ch\/wp-content\/uploads\/2022\/04\/sbc-logo-yoast.jpg\",\"width\":512,\"height\":512,\"caption\":\"Schweizerischer B\u00e4cker-Confiseurmeister-Verband\"},\"image\":{\"@id\":\"https:\/\/swissbaker.ch\/fr\/#\/schema\/logo\/image\/\"},\"sameAs\":[\"https:\/\/www.facebook.com\/swissbaker.ch\",\"https:\/\/x.com\/ch_swissbaker\"]},{\"@type\":\"Person\",\"@id\":\"https:\/\/swissbaker.ch\/fr\/#\/schema\/person\/058ac47619f7da53df62aba60f939b78\",\"name\":\"azureart\",\"image\":{\"@type\":\"ImageObject\",\"inLanguage\":\"fr-FR\",\"@id\":\"https:\/\/swissbaker.ch\/fr\/#\/schema\/person\/image\/\",\"url\":\"https:\/\/secure.gravatar.com\/avatar\/be04dd3098fd612c83067af4f7a295384c93cb6a9112f51beb9d2f477d25da61?s=96&d=mm&r=g\",\"contentUrl\":\"https:\/\/secure.gravatar.com\/avatar\/be04dd3098fd612c83067af4f7a295384c93cb6a9112f51beb9d2f477d25da61?s=96&d=mm&r=g\",\"caption\":\"azureart\"},\"sameAs\":[\"https:\/\/swissbaker.ch\"],\"url\":\"https:\/\/swissbaker.ch\/fr\/panissimo-news\/author\/pixel-ahoi\/\"}]}<\/script>\n<!-- \/ Yoast SEO Premium plugin. -->","yoast_head_json":{"title":"Ambiance de grande ville et sentiment de bien-\u00eatre | SBC","robots":{"index":"index","follow":"follow","max-snippet":"max-snippet:-1","max-image-preview":"max-image-preview:large","max-video-preview":"max-video-preview:-1"},"canonical":"https:\/\/swissbaker.ch\/fr\/panissimo-news\/ambiance-de-grande-ville-et-sentiment-de-bien-etre\/","og_locale":"fr_FR","og_type":"article","og_title":"Ambiance de grande ville et sentiment de bien-\u00eatre","og_description":"Le changement d\u2019emplacement et de g\u00e9n\u00e9ration de Caf\u00e9 Conditorei Huber AG \u00e0 Widnau s\u2019est d\u00e9roul\u00e9 avec succ\u00e8s. Les trois entrepreneurs sont satisfaits de leur nouveau site. Le lancement a d\u00e9pass\u00e9 leurs attentes. Un sol en pierre et des accents en noyer s\u00e9parent visuellement l\u2019espace de vente de celui assis. Les produits sont mis en avant. La quatri\u00e8me g\u00e9n\u00e9ration est aux [&hellip;]","og_url":"https:\/\/swissbaker.ch\/fr\/panissimo-news\/ambiance-de-grande-ville-et-sentiment-de-bien-etre\/","og_site_name":"SBC","article_publisher":"https:\/\/www.facebook.com\/swissbaker.ch","article_published_time":"2021-12-01T14:21:00+00:00","article_modified_time":"2022-04-29T14:12:53+00:00","og_image":[{"width":800,"height":474,"url":"https:\/\/swissbaker.ch\/wp-content\/uploads\/2022\/03\/24_1_huber_1.jpeg","type":"image\/jpeg"}],"author":"azureart","twitter_card":"summary_large_image","twitter_creator":"@ch_swissbaker","twitter_site":"@ch_swissbaker","twitter_misc":{"Written by":"azureart","Est. reading time":"6 minutes"},"schema":{"@context":"https:\/\/schema.org","@graph":[{"@type":"Article","@id":"https:\/\/swissbaker.ch\/fr\/panissimo-news\/ambiance-de-grande-ville-et-sentiment-de-bien-etre\/#article","isPartOf":{"@id":"https:\/\/swissbaker.ch\/fr\/panissimo-news\/ambiance-de-grande-ville-et-sentiment-de-bien-etre\/"},"author":{"name":"azureart","@id":"https:\/\/swissbaker.ch\/fr\/#\/schema\/person\/058ac47619f7da53df62aba60f939b78"},"headline":"Ambiance de grande ville et sentiment de bien-\u00eatre","datePublished":"2021-12-01T14:21:00+00:00","dateModified":"2022-04-29T14:12:53+00:00","mainEntityOfPage":{"@id":"https:\/\/swissbaker.ch\/fr\/panissimo-news\/ambiance-de-grande-ville-et-sentiment-de-bien-etre\/"},"wordCount":1005,"commentCount":0,"publisher":{"@id":"https:\/\/swissbaker.ch\/fr\/#organization"},"image":{"@id":"https:\/\/swissbaker.ch\/fr\/panissimo-news\/ambiance-de-grande-ville-et-sentiment-de-bien-etre\/#primaryimage"},"thumbnailUrl":"https:\/\/swissbaker.ch\/wp-content\/uploads\/2022\/03\/24_1_huber_1.jpeg","articleSection":["Boulangeries\/Confiseries"],"inLanguage":"fr-FR","potentialAction":[{"@type":"CommentAction","name":"Comment","target":["https:\/\/swissbaker.ch\/fr\/panissimo-news\/ambiance-de-grande-ville-et-sentiment-de-bien-etre\/#respond"]}]},{"@type":"WebPage","@id":"https:\/\/swissbaker.ch\/fr\/panissimo-news\/ambiance-de-grande-ville-et-sentiment-de-bien-etre\/","url":"https:\/\/swissbaker.ch\/fr\/panissimo-news\/ambiance-de-grande-ville-et-sentiment-de-bien-etre\/","name":"Ambiance de grande ville et sentiment de bien-\u00eatre | SBC","isPartOf":{"@id":"https:\/\/swissbaker.ch\/fr\/#website"},"primaryImageOfPage":{"@id":"https:\/\/swissbaker.ch\/fr\/panissimo-news\/ambiance-de-grande-ville-et-sentiment-de-bien-etre\/#primaryimage"},"image":{"@id":"https:\/\/swissbaker.ch\/fr\/panissimo-news\/ambiance-de-grande-ville-et-sentiment-de-bien-etre\/#primaryimage"},"thumbnailUrl":"https:\/\/swissbaker.ch\/wp-content\/uploads\/2022\/03\/24_1_huber_1.jpeg","datePublished":"2021-12-01T14:21:00+00:00","dateModified":"2022-04-29T14:12:53+00:00","breadcrumb":{"@id":"https:\/\/swissbaker.ch\/fr\/panissimo-news\/ambiance-de-grande-ville-et-sentiment-de-bien-etre\/#breadcrumb"},"inLanguage":"fr-FR","potentialAction":[{"@type":"ReadAction","target":["https:\/\/swissbaker.ch\/fr\/panissimo-news\/ambiance-de-grande-ville-et-sentiment-de-bien-etre\/"]}]},{"@type":"ImageObject","inLanguage":"fr-FR","@id":"https:\/\/swissbaker.ch\/fr\/panissimo-news\/ambiance-de-grande-ville-et-sentiment-de-bien-etre\/#primaryimage","url":"https:\/\/swissbaker.ch\/wp-content\/uploads\/2022\/03\/24_1_huber_1.jpeg","contentUrl":"https:\/\/swissbaker.ch\/wp-content\/uploads\/2022\/03\/24_1_huber_1.jpeg","width":800,"height":474,"caption":"Ambiance de grande ville et sentiment de bien-\u00eatre"},{"@type":"BreadcrumbList","@id":"https:\/\/swissbaker.ch\/fr\/panissimo-news\/ambiance-de-grande-ville-et-sentiment-de-bien-etre\/#breadcrumb","itemListElement":[{"@type":"ListItem","position":1,"name":"","item":"https:\/\/swissbaker.ch\/fr\/"},{"@type":"ListItem","position":2,"name":"Boulangeries\/Confiseries","item":"https:\/\/swissbaker.ch\/fr\/panissimo-news\/category\/boulangeries-confiseries\/"},{"@type":"ListItem","position":3,"name":"Ambiance de grande ville et sentiment de bien-\u00eatre"}]},{"@type":"WebSite","@id":"https:\/\/swissbaker.ch\/fr\/#website","url":"https:\/\/swissbaker.ch\/fr\/","name":"SBC","description":"","publisher":{"@id":"https:\/\/swissbaker.ch\/fr\/#organization"},"potentialAction":[{"@type":"SearchAction","target":{"@type":"EntryPoint","urlTemplate":"https:\/\/swissbaker.ch\/fr\/?s={search_term_string}"},"query-input":{"@type":"PropertyValueSpecification","valueRequired":true,"valueName":"search_term_string"}}],"inLanguage":"fr-FR"},{"@type":"Organization","@id":"https:\/\/swissbaker.ch\/fr\/#organization","name":"Schweizerischer B\u00e4cker-Confiseurmeister-Verband","url":"https:\/\/swissbaker.ch\/fr\/","logo":{"@type":"ImageObject","inLanguage":"fr-FR","@id":"https:\/\/swissbaker.ch\/fr\/#\/schema\/logo\/image\/","url":"https:\/\/swissbaker.ch\/wp-content\/uploads\/2022\/04\/sbc-logo-yoast.jpg","contentUrl":"https:\/\/swissbaker.ch\/wp-content\/uploads\/2022\/04\/sbc-logo-yoast.jpg","width":512,"height":512,"caption":"Schweizerischer B\u00e4cker-Confiseurmeister-Verband"},"image":{"@id":"https:\/\/swissbaker.ch\/fr\/#\/schema\/logo\/image\/"},"sameAs":["https:\/\/www.facebook.com\/swissbaker.ch","https:\/\/x.com\/ch_swissbaker"]},{"@type":"Person","@id":"https:\/\/swissbaker.ch\/fr\/#\/schema\/person\/058ac47619f7da53df62aba60f939b78","name":"azureart","image":{"@type":"ImageObject","inLanguage":"fr-FR","@id":"https:\/\/swissbaker.ch\/fr\/#\/schema\/person\/image\/","url":"https:\/\/secure.gravatar.com\/avatar\/be04dd3098fd612c83067af4f7a295384c93cb6a9112f51beb9d2f477d25da61?s=96&d=mm&r=g","contentUrl":"https:\/\/secure.gravatar.com\/avatar\/be04dd3098fd612c83067af4f7a295384c93cb6a9112f51beb9d2f477d25da61?s=96&d=mm&r=g","caption":"azureart"},"sameAs":["https:\/\/swissbaker.ch"],"url":"https:\/\/swissbaker.ch\/fr\/panissimo-news\/author\/pixel-ahoi\/"}]}},"_links":{"self":[{"href":"https:\/\/swissbaker.ch\/fr\/wp-json\/wp\/v2\/posts\/7594","targetHints":{"allow":["GET"]}}],"collection":[{"href":"https:\/\/swissbaker.ch\/fr\/wp-json\/wp\/v2\/posts"}],"about":[{"href":"https:\/\/swissbaker.ch\/fr\/wp-json\/wp\/v2\/types\/post"}],"author":[{"embeddable":true,"href":"https:\/\/swissbaker.ch\/fr\/wp-json\/wp\/v2\/users\/1"}],"replies":[{"embeddable":true,"href":"https:\/\/swissbaker.ch\/fr\/wp-json\/wp\/v2\/comments?post=7594"}],"version-history":[{"count":0,"href":"https:\/\/swissbaker.ch\/fr\/wp-json\/wp\/v2\/posts\/7594\/revisions"}],"wp:featuredmedia":[{"embeddable":true,"href":"https:\/\/swissbaker.ch\/fr\/wp-json\/wp\/v2\/media\/5123"}],"wp:attachment":[{"href":"https:\/\/swissbaker.ch\/fr\/wp-json\/wp\/v2\/media?parent=7594"}],"wp:term":[{"taxonomy":"category","embeddable":true,"href":"https:\/\/swissbaker.ch\/fr\/wp-json\/wp\/v2\/categories?post=7594"},{"taxonomy":"post_tag","embeddable":true,"href":"https:\/\/swissbaker.ch\/fr\/wp-json\/wp\/v2\/tags?post=7594"}],"curies":[{"name":"wp","href":"https:\/\/api.w.org\/{rel}","templated":true}]}}