{"id":75840,"date":"2024-02-28T10:24:31","date_gmt":"2024-02-28T09:24:31","guid":{"rendered":"https:\/\/swissbaker.ch\/?p=75840"},"modified":"2024-02-28T10:52:09","modified_gmt":"2024-02-28T09:52:09","slug":"qui-portera-la-couronne-boulangere-en-2024-participez-des-maintenant","status":"publish","type":"post","link":"https:\/\/swissbaker.ch\/fr\/panissimo-news\/qui-portera-la-couronne-boulangere-en-2024-participez-des-maintenant\/","title":{"rendered":"Qui portera la couronne boulang\u00e8re en 2024 ? Participez d\u00e8s maintenant !"},"content":{"rendered":"\n<p><strong>La remise de la couronne boulang\u00e8re aura bient\u00f4t lieu : cette ann\u00e9e aussi, nous recherchons des boulang\u00e8res et boulangers innovants ainsi que des  confiseuses et confiseurs cr\u00e9atifs ; que ce soit dans le domaine professionnel, social, \u00e9conomique ou \u00e9cologique. La reine ou le roi de la boulangerie remportera le titre et le prix de 15 000 francs. <\/strong><\/p>\n\n\n\n<p>Le coup d\u2019envoi de l\u2019appel \u00e0 candidatures pour la couronne boulang\u00e8re 2024 a \u00e9t\u00e9 donn\u00e9 : chers boulangers et boulang\u00e8res, confiseurs et confiseuses, p\u00e2tissiers et p\u00e2tissi\u00e8res, entrez d\u00e8s maintenant dans la course. Onze fois d\u00e9j\u00e0, une personne particuli\u00e8rement innovante ou une boulangerie-confiserie exceptionnelle a \u00e9t\u00e9 r\u00e9compens\u00e9e. Le r\u00e8gne du roi actuel de la boulangerie \u00abMastro Piff\u00bb se termine en \u00e9t\u00e9.<\/p>\n\n\n\n<h2 class=\"wp-block-heading\" id=\"h-postuler-soi-meme-ou-inciter-la-clientele-a-le-faire\">POSTULER SOI-M\u00caME OU INCITER LA CLIENT\u00c8LE \u00c0 LE FAIRE \u2026<\/h2>\n\n\n\n<p>L\u2019Union suisse de la levure (SHV) d\u00e9cerne la couronne boulang\u00e8re en collaboration avec l\u2019Association suisse des patrons boulangers-confiseurs (BCS). Toute personne membre de la BCS, qu\u2019il s\u2019agisse d\u2019un particulier ou d\u2019une entreprise, peut participer. Indiquez au jury pourquoi vous devriez devenir le roi ou la reine de la boulangerie 2024. Vous pouvez choisir librement le format &#8211; des variantes \u00e9crites, des photos ou des enregistrements vid\u00e9o, sur papier ou sous forme \u00e9lectronique, sont possibles. Vous pr\u00e9f\u00e9rez laisser la client\u00e8le s\u2019en charger ? Dans ce cas, motivez vos clients et clientes \u00e0 vous nominer ou \u00e0 nominer votre exploitation en ligne sur le site <a href=\"https:\/\/baeckerkrone.ch\/fr\" target=\"_blank\" rel=\"noreferrer noopener\">www.couronneboulangere.ch.<\/a><br><\/p>\n\n\n\n<h2 class=\"wp-block-heading\" id=\"h-particularite-engagement-ou-specialite\">PARTICULARIT\u00c9, ENGAGEMENT OU SP\u00c9CIALIT\u00c9<\/h2>\n\n\n\n<p>Avez-vous une sp\u00e9cialit\u00e9 particuli\u00e8re ? Ou avez-vous fait preuve d\u2019un engagement exceptionnel l\u2019ann\u00e9e derni\u00e8re ? Vous avez peut-\u00eatre pu r\u00e9aliser un projet qui vous tenait \u00e0 coeur ? Vous avez fait briller la branche de mani\u00e8re sympathique, durable ou professionnelle ? Le gagnant ou la gagnante pourra  porter le titre pendant un an, recevra les deux plaques de vainqueur et empochera bien entendu la prime de vainqueur de 15 000 francs offerte par l\u2019Union suisse de la levure. La couronne boulang\u00e8re est d\u00e9cern\u00e9e sans limite pr\u00e9d\u00e9finie, ce qui rend la participation extr\u00eamement simple. Par exemple, l\u2019un des points suivants pourrait \u00eatre d\u00e9terminant :<\/p>\n\n\n\n<ul class=\"wp-block-list\">\n<li>Innovations de produits sp\u00e9cifiques<\/li>\n\n\n\n<li>Innovations cr\u00e9atives dans l\u2019exploitation<\/li>\n\n\n\n<li>Engagement pour l\u2019environnement<\/li>\n\n\n\n<li>Encouragement exceptionnel des collaborateurs ou d\u2019autres personne<\/li>\n\n\n\n<li>Responsabilit\u00e9 sociale<\/li>\n\n\n\n<li>D\u00e9veloppement professionnel de la branche artisanale<\/li>\n<\/ul>\n\n\n\n<h2 class=\"wp-block-heading\" id=\"h-de-la-publicite-et-de-l-argent-a-gagner\">DE LA PUBLICIT\u00c9 ET DE L&#8217;ARGENT \u00c0 GAGNER \u2026<\/h2>\n\n\n\n<p>Le gagnant ou la gagnante pourra porter le titre de \u00abRoi ou Reine de la boulangerie\u00bb pendant un an, b\u00e9n\u00e9ficiera d\u2019une publicit\u00e9 nationale et pourra peut-\u00eatre r\u00e9aliser certains projets gr\u00e2ce au prix de 15 000 francs. D\u2019autre part, la SHV et la BCS se r\u00e9jouissent de r\u00e9compenser des personnes engag\u00e9es et des id\u00e9es particuli\u00e8rement cr\u00e9atives. Une situation gagnant-gagnant !<\/p>\n\n\n\n<h2 class=\"wp-block-heading\" id=\"h-inscrivez-vous-des-aujourd-hui-et-au-plus-tard-le-27-mars\">INSCRIVEZ-VOUS D\u00c8S AUJOURD\u2019HUI ET AU PLUS TARD LE 27 MARS<\/h2>\n\n\n\n<p>Envoyez votre dossier au jury \u00e0 l\u2019adresse postale suivante : <br>Schweizerischer Hefeverband SHV<br>Thunstrasse 82<br>Postfach 1009<br>3000 Bern 6 <\/p>\n\n\n\n<p>ou par e-mail \u00e0 <a href=\"mailto:info@baeckerkrone.ch\">info@baeckerkrone.ch<\/a>. <\/p>\n\n\n\n<p>Il est \u00e9galement possible de remplir directement le formulaire de nomination mis en ligne sur <a href=\"https:\/\/baeckerkrone.ch\/fr\" target=\"_blank\" rel=\"noreferrer noopener\">www.couronneboulangere.ch<\/a> ou justement d\u2019inciter les clients \u00e0 le faire. <\/p>\n\n\n\n<p>La date limite d\u2019inscription est fix\u00e9e au 27 mars 2024, apr\u00e8s quoi la balle sera dans le camp du jury. Compos\u00e9 de trois repr\u00e9sentants de l\u2019Union suisse de la levure et de trois repr\u00e9sentants de la BCS, il examinera les dossiers et les nominations re\u00e7us et \u00e9lira finalement le nouveau roi ou la nouvelle reine de la boulangerie. La gagnante ou le gagnant de la couronne boulang\u00e8re 2024 sera officiellement r\u00e9compens\u00e9(e) \u00e0 l\u2019occasion du congr\u00e8s de la BCS le 4 juin 2024.<\/p>\n\n\n\n<p class=\"has-text-align-right\"><em>SHV \/ BCS<\/em><\/p>\n","protected":false},"excerpt":{"rendered":"<p>La remise de la couronne boulang\u00e8re aura bient\u00f4t lieu : cette ann\u00e9e aussi, nous recherchons des boulang\u00e8res et boulangers innovants ainsi que des  confiseuses et confiseurs cr\u00e9atifs ; que ce soit dans le domaine professionnel, social, \u00e9conomique ou \u00e9cologique. La reine ou le roi de la boulangerie remportera le titre et le prix de 15 000 francs. <\/p>\n","protected":false},"author":5,"featured_media":75844,"comment_status":"closed","ping_status":"closed","sticky":true,"template":"","format":"standard","meta":{"_acf_changed":false,"footnotes":""},"categories":[41,39],"tags":[],"class_list":["post-75840","post","type-post","status-publish","format-standard","has-post-thumbnail","hentry","category-association","category-de-la-branche"],"acf":[],"yoast_head":"<!-- This site is optimized with the Yoast SEO Premium plugin v26.8 (Yoast SEO v26.8) - https:\/\/yoast.com\/product\/yoast-seo-premium-wordpress\/ -->\n<title>Qui portera la couronne boulang\u00e8re en 2024 ? Participez d\u00e8s maintenant ! | SBC<\/title>\n<meta name=\"robots\" content=\"index, follow, max-snippet:-1, max-image-preview:large, max-video-preview:-1\" \/>\n<link rel=\"canonical\" href=\"https:\/\/swissbaker.ch\/fr\/panissimo-news\/qui-portera-la-couronne-boulangere-en-2024-participez-des-maintenant\/\" \/>\n<meta property=\"og:locale\" content=\"fr_FR\" \/>\n<meta property=\"og:type\" content=\"article\" \/>\n<meta property=\"og:title\" content=\"Qui portera la couronne boulang\u00e8re en 2024 ? Participez d\u00e8s maintenant !\" \/>\n<meta property=\"og:description\" content=\"La remise de la couronne boulang\u00e8re aura bient\u00f4t lieu : cette ann\u00e9e aussi, nous recherchons des boulang\u00e8res et boulangers innovants ainsi que des confiseuses et confiseurs cr\u00e9atifs ; que ce soit dans le domaine professionnel, social, \u00e9conomique ou \u00e9cologique. La reine ou le roi de la boulangerie remportera le titre et le prix de 15 000 francs.\" \/>\n<meta property=\"og:url\" content=\"https:\/\/swissbaker.ch\/fr\/panissimo-news\/qui-portera-la-couronne-boulangere-en-2024-participez-des-maintenant\/\" \/>\n<meta property=\"og:site_name\" content=\"SBC\" \/>\n<meta property=\"article:publisher\" content=\"https:\/\/www.facebook.com\/swissbaker.ch\" \/>\n<meta property=\"article:published_time\" content=\"2024-02-28T09:24:31+00:00\" \/>\n<meta property=\"article:modified_time\" content=\"2024-02-28T09:52:09+00:00\" \/>\n<meta property=\"og:image\" content=\"https:\/\/swissbaker.ch\/wp-content\/uploads\/2024\/02\/baeckerkrone_fr.jpg\" \/>\n\t<meta property=\"og:image:width\" content=\"1200\" \/>\n\t<meta property=\"og:image:height\" content=\"712\" \/>\n\t<meta property=\"og:image:type\" content=\"image\/jpeg\" \/>\n<meta name=\"author\" content=\"Simon Nussbaum\" \/>\n<meta name=\"twitter:card\" content=\"summary_large_image\" \/>\n<meta name=\"twitter:creator\" content=\"@ch_swissbaker\" \/>\n<meta name=\"twitter:site\" content=\"@ch_swissbaker\" \/>\n<meta name=\"twitter:label1\" content=\"Written by\" \/>\n\t<meta name=\"twitter:data1\" content=\"Simon Nussbaum\" \/>\n\t<meta name=\"twitter:label2\" content=\"Est. reading time\" \/>\n\t<meta name=\"twitter:data2\" content=\"3 minutes\" \/>\n<script type=\"application\/ld+json\" class=\"yoast-schema-graph\">{\"@context\":\"https:\/\/schema.org\",\"@graph\":[{\"@type\":\"Article\",\"@id\":\"https:\/\/swissbaker.ch\/fr\/panissimo-news\/qui-portera-la-couronne-boulangere-en-2024-participez-des-maintenant\/#article\",\"isPartOf\":{\"@id\":\"https:\/\/swissbaker.ch\/fr\/panissimo-news\/qui-portera-la-couronne-boulangere-en-2024-participez-des-maintenant\/\"},\"author\":{\"name\":\"Simon Nussbaum\",\"@id\":\"https:\/\/swissbaker.ch\/fr\/#\/schema\/person\/74bd327b08c18ca6042c02ff6f0ed5e2\"},\"headline\":\"Qui portera la couronne boulang\u00e8re en 2024 ? Participez d\u00e8s maintenant !\",\"datePublished\":\"2024-02-28T09:24:31+00:00\",\"dateModified\":\"2024-02-28T09:52:09+00:00\",\"mainEntityOfPage\":{\"@id\":\"https:\/\/swissbaker.ch\/fr\/panissimo-news\/qui-portera-la-couronne-boulangere-en-2024-participez-des-maintenant\/\"},\"wordCount\":638,\"publisher\":{\"@id\":\"https:\/\/swissbaker.ch\/fr\/#organization\"},\"image\":{\"@id\":\"https:\/\/swissbaker.ch\/fr\/panissimo-news\/qui-portera-la-couronne-boulangere-en-2024-participez-des-maintenant\/#primaryimage\"},\"thumbnailUrl\":\"https:\/\/swissbaker.ch\/wp-content\/uploads\/2024\/02\/baeckerkrone_fr.jpg\",\"articleSection\":[\"Association\",\"De la branche\"],\"inLanguage\":\"fr-FR\"},{\"@type\":\"WebPage\",\"@id\":\"https:\/\/swissbaker.ch\/fr\/panissimo-news\/qui-portera-la-couronne-boulangere-en-2024-participez-des-maintenant\/\",\"url\":\"https:\/\/swissbaker.ch\/fr\/panissimo-news\/qui-portera-la-couronne-boulangere-en-2024-participez-des-maintenant\/\",\"name\":\"Qui portera la couronne boulang\u00e8re en 2024 ? Participez d\u00e8s maintenant ! | SBC\",\"isPartOf\":{\"@id\":\"https:\/\/swissbaker.ch\/fr\/#website\"},\"primaryImageOfPage\":{\"@id\":\"https:\/\/swissbaker.ch\/fr\/panissimo-news\/qui-portera-la-couronne-boulangere-en-2024-participez-des-maintenant\/#primaryimage\"},\"image\":{\"@id\":\"https:\/\/swissbaker.ch\/fr\/panissimo-news\/qui-portera-la-couronne-boulangere-en-2024-participez-des-maintenant\/#primaryimage\"},\"thumbnailUrl\":\"https:\/\/swissbaker.ch\/wp-content\/uploads\/2024\/02\/baeckerkrone_fr.jpg\",\"datePublished\":\"2024-02-28T09:24:31+00:00\",\"dateModified\":\"2024-02-28T09:52:09+00:00\",\"breadcrumb\":{\"@id\":\"https:\/\/swissbaker.ch\/fr\/panissimo-news\/qui-portera-la-couronne-boulangere-en-2024-participez-des-maintenant\/#breadcrumb\"},\"inLanguage\":\"fr-FR\",\"potentialAction\":[{\"@type\":\"ReadAction\",\"target\":[\"https:\/\/swissbaker.ch\/fr\/panissimo-news\/qui-portera-la-couronne-boulangere-en-2024-participez-des-maintenant\/\"]}]},{\"@type\":\"ImageObject\",\"inLanguage\":\"fr-FR\",\"@id\":\"https:\/\/swissbaker.ch\/fr\/panissimo-news\/qui-portera-la-couronne-boulangere-en-2024-participez-des-maintenant\/#primaryimage\",\"url\":\"https:\/\/swissbaker.ch\/wp-content\/uploads\/2024\/02\/baeckerkrone_fr.jpg\",\"contentUrl\":\"https:\/\/swissbaker.ch\/wp-content\/uploads\/2024\/02\/baeckerkrone_fr.jpg\",\"width\":1200,\"height\":712},{\"@type\":\"BreadcrumbList\",\"@id\":\"https:\/\/swissbaker.ch\/fr\/panissimo-news\/qui-portera-la-couronne-boulangere-en-2024-participez-des-maintenant\/#breadcrumb\",\"itemListElement\":[{\"@type\":\"ListItem\",\"position\":1,\"name\":\"\",\"item\":\"https:\/\/swissbaker.ch\/fr\/\"},{\"@type\":\"ListItem\",\"position\":2,\"name\":\"De la branche\",\"item\":\"https:\/\/swissbaker.ch\/fr\/panissimo-news\/category\/de-la-branche\/\"},{\"@type\":\"ListItem\",\"position\":3,\"name\":\"Qui portera la couronne boulang\u00e8re en 2024 ? Participez d\u00e8s maintenant !\"}]},{\"@type\":\"WebSite\",\"@id\":\"https:\/\/swissbaker.ch\/fr\/#website\",\"url\":\"https:\/\/swissbaker.ch\/fr\/\",\"name\":\"SBC\",\"description\":\"\",\"publisher\":{\"@id\":\"https:\/\/swissbaker.ch\/fr\/#organization\"},\"potentialAction\":[{\"@type\":\"SearchAction\",\"target\":{\"@type\":\"EntryPoint\",\"urlTemplate\":\"https:\/\/swissbaker.ch\/fr\/?s={search_term_string}\"},\"query-input\":{\"@type\":\"PropertyValueSpecification\",\"valueRequired\":true,\"valueName\":\"search_term_string\"}}],\"inLanguage\":\"fr-FR\"},{\"@type\":\"Organization\",\"@id\":\"https:\/\/swissbaker.ch\/fr\/#organization\",\"name\":\"Schweizerischer B\u00e4cker-Confiseurmeister-Verband\",\"url\":\"https:\/\/swissbaker.ch\/fr\/\",\"logo\":{\"@type\":\"ImageObject\",\"inLanguage\":\"fr-FR\",\"@id\":\"https:\/\/swissbaker.ch\/fr\/#\/schema\/logo\/image\/\",\"url\":\"https:\/\/swissbaker.ch\/wp-content\/uploads\/2022\/04\/sbc-logo-yoast.jpg\",\"contentUrl\":\"https:\/\/swissbaker.ch\/wp-content\/uploads\/2022\/04\/sbc-logo-yoast.jpg\",\"width\":512,\"height\":512,\"caption\":\"Schweizerischer B\u00e4cker-Confiseurmeister-Verband\"},\"image\":{\"@id\":\"https:\/\/swissbaker.ch\/fr\/#\/schema\/logo\/image\/\"},\"sameAs\":[\"https:\/\/www.facebook.com\/swissbaker.ch\",\"https:\/\/x.com\/ch_swissbaker\"]},{\"@type\":\"Person\",\"@id\":\"https:\/\/swissbaker.ch\/fr\/#\/schema\/person\/74bd327b08c18ca6042c02ff6f0ed5e2\",\"name\":\"Simon Nussbaum\",\"image\":{\"@type\":\"ImageObject\",\"inLanguage\":\"fr-FR\",\"@id\":\"https:\/\/swissbaker.ch\/fr\/#\/schema\/person\/image\/\",\"url\":\"https:\/\/secure.gravatar.com\/avatar\/df0eced3bb556c806cb760cf503ade1ed1df25b4104d80d6fd28d93a9509aa12?s=96&d=mm&r=g\",\"contentUrl\":\"https:\/\/secure.gravatar.com\/avatar\/df0eced3bb556c806cb760cf503ade1ed1df25b4104d80d6fd28d93a9509aa12?s=96&d=mm&r=g\",\"caption\":\"Simon Nussbaum\"},\"url\":\"https:\/\/swissbaker.ch\/fr\/panissimo-news\/author\/simon-nussbaum\/\"}]}<\/script>\n<!-- \/ Yoast SEO Premium plugin. -->","yoast_head_json":{"title":"Qui portera la couronne boulang\u00e8re en 2024 ? Participez d\u00e8s maintenant ! | SBC","robots":{"index":"index","follow":"follow","max-snippet":"max-snippet:-1","max-image-preview":"max-image-preview:large","max-video-preview":"max-video-preview:-1"},"canonical":"https:\/\/swissbaker.ch\/fr\/panissimo-news\/qui-portera-la-couronne-boulangere-en-2024-participez-des-maintenant\/","og_locale":"fr_FR","og_type":"article","og_title":"Qui portera la couronne boulang\u00e8re en 2024 ? Participez d\u00e8s maintenant !","og_description":"La remise de la couronne boulang\u00e8re aura bient\u00f4t lieu : cette ann\u00e9e aussi, nous recherchons des boulang\u00e8res et boulangers innovants ainsi que des confiseuses et confiseurs cr\u00e9atifs ; que ce soit dans le domaine professionnel, social, \u00e9conomique ou \u00e9cologique. La reine ou le roi de la boulangerie remportera le titre et le prix de 15 000 francs.","og_url":"https:\/\/swissbaker.ch\/fr\/panissimo-news\/qui-portera-la-couronne-boulangere-en-2024-participez-des-maintenant\/","og_site_name":"SBC","article_publisher":"https:\/\/www.facebook.com\/swissbaker.ch","article_published_time":"2024-02-28T09:24:31+00:00","article_modified_time":"2024-02-28T09:52:09+00:00","og_image":[{"width":1200,"height":712,"url":"https:\/\/swissbaker.ch\/wp-content\/uploads\/2024\/02\/baeckerkrone_fr.jpg","type":"image\/jpeg"}],"author":"Simon Nussbaum","twitter_card":"summary_large_image","twitter_creator":"@ch_swissbaker","twitter_site":"@ch_swissbaker","twitter_misc":{"Written by":"Simon Nussbaum","Est. reading time":"3 minutes"},"schema":{"@context":"https:\/\/schema.org","@graph":[{"@type":"Article","@id":"https:\/\/swissbaker.ch\/fr\/panissimo-news\/qui-portera-la-couronne-boulangere-en-2024-participez-des-maintenant\/#article","isPartOf":{"@id":"https:\/\/swissbaker.ch\/fr\/panissimo-news\/qui-portera-la-couronne-boulangere-en-2024-participez-des-maintenant\/"},"author":{"name":"Simon Nussbaum","@id":"https:\/\/swissbaker.ch\/fr\/#\/schema\/person\/74bd327b08c18ca6042c02ff6f0ed5e2"},"headline":"Qui portera la couronne boulang\u00e8re en 2024 ? Participez d\u00e8s maintenant !","datePublished":"2024-02-28T09:24:31+00:00","dateModified":"2024-02-28T09:52:09+00:00","mainEntityOfPage":{"@id":"https:\/\/swissbaker.ch\/fr\/panissimo-news\/qui-portera-la-couronne-boulangere-en-2024-participez-des-maintenant\/"},"wordCount":638,"publisher":{"@id":"https:\/\/swissbaker.ch\/fr\/#organization"},"image":{"@id":"https:\/\/swissbaker.ch\/fr\/panissimo-news\/qui-portera-la-couronne-boulangere-en-2024-participez-des-maintenant\/#primaryimage"},"thumbnailUrl":"https:\/\/swissbaker.ch\/wp-content\/uploads\/2024\/02\/baeckerkrone_fr.jpg","articleSection":["Association","De la branche"],"inLanguage":"fr-FR"},{"@type":"WebPage","@id":"https:\/\/swissbaker.ch\/fr\/panissimo-news\/qui-portera-la-couronne-boulangere-en-2024-participez-des-maintenant\/","url":"https:\/\/swissbaker.ch\/fr\/panissimo-news\/qui-portera-la-couronne-boulangere-en-2024-participez-des-maintenant\/","name":"Qui portera la couronne boulang\u00e8re en 2024 ? Participez d\u00e8s maintenant ! | SBC","isPartOf":{"@id":"https:\/\/swissbaker.ch\/fr\/#website"},"primaryImageOfPage":{"@id":"https:\/\/swissbaker.ch\/fr\/panissimo-news\/qui-portera-la-couronne-boulangere-en-2024-participez-des-maintenant\/#primaryimage"},"image":{"@id":"https:\/\/swissbaker.ch\/fr\/panissimo-news\/qui-portera-la-couronne-boulangere-en-2024-participez-des-maintenant\/#primaryimage"},"thumbnailUrl":"https:\/\/swissbaker.ch\/wp-content\/uploads\/2024\/02\/baeckerkrone_fr.jpg","datePublished":"2024-02-28T09:24:31+00:00","dateModified":"2024-02-28T09:52:09+00:00","breadcrumb":{"@id":"https:\/\/swissbaker.ch\/fr\/panissimo-news\/qui-portera-la-couronne-boulangere-en-2024-participez-des-maintenant\/#breadcrumb"},"inLanguage":"fr-FR","potentialAction":[{"@type":"ReadAction","target":["https:\/\/swissbaker.ch\/fr\/panissimo-news\/qui-portera-la-couronne-boulangere-en-2024-participez-des-maintenant\/"]}]},{"@type":"ImageObject","inLanguage":"fr-FR","@id":"https:\/\/swissbaker.ch\/fr\/panissimo-news\/qui-portera-la-couronne-boulangere-en-2024-participez-des-maintenant\/#primaryimage","url":"https:\/\/swissbaker.ch\/wp-content\/uploads\/2024\/02\/baeckerkrone_fr.jpg","contentUrl":"https:\/\/swissbaker.ch\/wp-content\/uploads\/2024\/02\/baeckerkrone_fr.jpg","width":1200,"height":712},{"@type":"BreadcrumbList","@id":"https:\/\/swissbaker.ch\/fr\/panissimo-news\/qui-portera-la-couronne-boulangere-en-2024-participez-des-maintenant\/#breadcrumb","itemListElement":[{"@type":"ListItem","position":1,"name":"","item":"https:\/\/swissbaker.ch\/fr\/"},{"@type":"ListItem","position":2,"name":"De la branche","item":"https:\/\/swissbaker.ch\/fr\/panissimo-news\/category\/de-la-branche\/"},{"@type":"ListItem","position":3,"name":"Qui portera la couronne boulang\u00e8re en 2024 ? Participez d\u00e8s maintenant !"}]},{"@type":"WebSite","@id":"https:\/\/swissbaker.ch\/fr\/#website","url":"https:\/\/swissbaker.ch\/fr\/","name":"SBC","description":"","publisher":{"@id":"https:\/\/swissbaker.ch\/fr\/#organization"},"potentialAction":[{"@type":"SearchAction","target":{"@type":"EntryPoint","urlTemplate":"https:\/\/swissbaker.ch\/fr\/?s={search_term_string}"},"query-input":{"@type":"PropertyValueSpecification","valueRequired":true,"valueName":"search_term_string"}}],"inLanguage":"fr-FR"},{"@type":"Organization","@id":"https:\/\/swissbaker.ch\/fr\/#organization","name":"Schweizerischer B\u00e4cker-Confiseurmeister-Verband","url":"https:\/\/swissbaker.ch\/fr\/","logo":{"@type":"ImageObject","inLanguage":"fr-FR","@id":"https:\/\/swissbaker.ch\/fr\/#\/schema\/logo\/image\/","url":"https:\/\/swissbaker.ch\/wp-content\/uploads\/2022\/04\/sbc-logo-yoast.jpg","contentUrl":"https:\/\/swissbaker.ch\/wp-content\/uploads\/2022\/04\/sbc-logo-yoast.jpg","width":512,"height":512,"caption":"Schweizerischer B\u00e4cker-Confiseurmeister-Verband"},"image":{"@id":"https:\/\/swissbaker.ch\/fr\/#\/schema\/logo\/image\/"},"sameAs":["https:\/\/www.facebook.com\/swissbaker.ch","https:\/\/x.com\/ch_swissbaker"]},{"@type":"Person","@id":"https:\/\/swissbaker.ch\/fr\/#\/schema\/person\/74bd327b08c18ca6042c02ff6f0ed5e2","name":"Simon Nussbaum","image":{"@type":"ImageObject","inLanguage":"fr-FR","@id":"https:\/\/swissbaker.ch\/fr\/#\/schema\/person\/image\/","url":"https:\/\/secure.gravatar.com\/avatar\/df0eced3bb556c806cb760cf503ade1ed1df25b4104d80d6fd28d93a9509aa12?s=96&d=mm&r=g","contentUrl":"https:\/\/secure.gravatar.com\/avatar\/df0eced3bb556c806cb760cf503ade1ed1df25b4104d80d6fd28d93a9509aa12?s=96&d=mm&r=g","caption":"Simon Nussbaum"},"url":"https:\/\/swissbaker.ch\/fr\/panissimo-news\/author\/simon-nussbaum\/"}]}},"_links":{"self":[{"href":"https:\/\/swissbaker.ch\/fr\/wp-json\/wp\/v2\/posts\/75840","targetHints":{"allow":["GET"]}}],"collection":[{"href":"https:\/\/swissbaker.ch\/fr\/wp-json\/wp\/v2\/posts"}],"about":[{"href":"https:\/\/swissbaker.ch\/fr\/wp-json\/wp\/v2\/types\/post"}],"author":[{"embeddable":true,"href":"https:\/\/swissbaker.ch\/fr\/wp-json\/wp\/v2\/users\/5"}],"replies":[{"embeddable":true,"href":"https:\/\/swissbaker.ch\/fr\/wp-json\/wp\/v2\/comments?post=75840"}],"version-history":[{"count":0,"href":"https:\/\/swissbaker.ch\/fr\/wp-json\/wp\/v2\/posts\/75840\/revisions"}],"wp:featuredmedia":[{"embeddable":true,"href":"https:\/\/swissbaker.ch\/fr\/wp-json\/wp\/v2\/media\/75844"}],"wp:attachment":[{"href":"https:\/\/swissbaker.ch\/fr\/wp-json\/wp\/v2\/media?parent=75840"}],"wp:term":[{"taxonomy":"category","embeddable":true,"href":"https:\/\/swissbaker.ch\/fr\/wp-json\/wp\/v2\/categories?post=75840"},{"taxonomy":"post_tag","embeddable":true,"href":"https:\/\/swissbaker.ch\/fr\/wp-json\/wp\/v2\/tags?post=75840"}],"curies":[{"name":"wp","href":"https:\/\/api.w.org\/{rel}","templated":true}]}}