{"id":75809,"date":"2024-02-27T15:02:07","date_gmt":"2024-02-27T14:02:07","guid":{"rendered":"https:\/\/swissbaker.ch\/?p=75809"},"modified":"2024-02-28T08:22:07","modified_gmt":"2024-02-28T07:22:07","slug":"pistor-inaugure-un-batiment-logistique-plus-grand","status":"publish","type":"post","link":"https:\/\/swissbaker.ch\/fr\/panissimo-news\/pistor-inaugure-un-batiment-logistique-plus-grand\/","title":{"rendered":"Pistor inaugure un b\u00e2timent logistique plus grand"},"content":{"rendered":"\n<p><strong>Pour faire face \u00e0 la hausse des volumes de commandes, Pistor a agrandi son centre de transbordement \u00abCT Ouest\u00bb situ\u00e9 \u00e0 son si\u00e8ge social, \u00e0 Rothenburg, pleinement tourn\u00e9 vers la durabilit\u00e9 gr\u00e2ce \u00e0 une installation photovolta\u00efque, \u00e0 son efficacit\u00e9 \u00e9nerg\u00e9tique et \u00e0 un syst\u00e8me de r\u00e9cup\u00e9ration de chaleur.<\/strong><\/p>\n\n\n\n<p>Le grossiste et prestataire de services Pistor ne cesse de cro\u00eetre. Outre son activit\u00e9 de base aupr\u00e8s des boulangeries et des p\u00e2tisseries, l\u2019entreprise de Rothenburg fournit \u00e9galement le secteur de la gastronomie, ainsi que des \u00e9tablissements de sant\u00e9 tels que des h\u00f4pitaux et des EMS. \u00abL&#8217;ann\u00e9e derni\u00e8re, nous avons re\u00e7u 622&#8217;000 commandes pour un total de environ 119&#8217;000 tonnes de marchandises\u00bb, explique Richard Betschart, membre de la direction et responsable de la logistique. <\/p>\n\n\n\n<p>\u00abCes chiffres sont en constante augmentation.\u00bb Pour faire face \u00e0 un volume toujours plus grand, Pistor investit dans des solutions logistiques durables. L\u2019entreprise d\u00e9veloppe non seulement sa flotte de camions \u00e9lectriques, mais aussi ses infrastructures. Elle a ainsi r\u00e9cemment inaugur\u00e9 son entrep\u00f4t de r\u00e9approvisionnement enti\u00e8rement automatis\u00e9 \u00e0 Rothenburg. Il fait partie du Centre de Transbordement \u00abCT Ouest\u00bb existant et les travaux de construction ont dur\u00e9 un an et demi pour un co\u00fbt de 34 millions de francs. Sa capacit\u00e9 est de 22&#8217;000 palettes, soit 7&#8217;000 de plus qu\u2019auparavant.<\/p>\n\n\n\n<h2 class=\"wp-block-heading\" id=\"h-un-batiment-durable\"><strong>Un b\u00e2timent durable<\/strong><\/h2>\n\n\n\n<p>Pour ce b\u00e2timent \u00e9galement, la coop\u00e9rative a mis\u00e9 sur la durabilit\u00e9. Une installation solaire qui couvre toute la surface du toit produit par exemple suffisamment d\u2019\u00e9lectricit\u00e9 pour alimenter l\u2019\u00e9quivalent de 66&nbsp;m\u00e9nages. \u00abPar ailleurs, nous avons install\u00e9 un grand accumulateur qui nous permet de chauffer le site en hiver avec la chaleur perdue r\u00e9cup\u00e9r\u00e9e en \u00e9t\u00e9 et de minimiser les \u00e9missions de CO2\u00bb, ajoute Richard Betschart. Pistor utilise donc des technologies de pointe pour pr\u00e9server l\u2019environnement.<\/p>\n\n\n\n<h2 class=\"wp-block-heading\" id=\"h-le-grand-saut-reste-a-venir\"><strong>Le grand saut reste \u00e0 venir<\/strong><\/h2>\n\n\n\n<p>Le b\u00e2timent logistique r\u00e9cemment inaugur\u00e9 n\u2019est pour Pistor qu\u2019une \u00e9tape vers des objectifs plus ambitieux: d\u2019ici 2030 verront le jour au si\u00e8ge de nouvelles surfaces de bureaux, d\u2019entreposage, de transbordement et de distribution sur une superficie de quatre terrains de football. Cette ann\u00e9e, le premier coup de pioche sera en outre donn\u00e9 pour un nouveau centre de distribution \u00e0 Sennwald (SG), qui permettra d\u2019augmenter la fr\u00e9quence des livraisons en Suisse orientale et de les rendre plus durables.<\/p>\n\n\n\n<p class=\"has-text-align-right\"><em>com<\/em><\/p>\n","protected":false},"excerpt":{"rendered":"<p>Pour faire face \u00e0 la hausse des volumes de commandes, Pistor a agrandi son Centre de Transbordement \u00abCT Ouest\u00bb situ\u00e9 \u00e0 son si\u00e8ge social, \u00e0 Rothenburg, pleinement tourn\u00e9 vers la durabilit\u00e9 gr\u00e2ce \u00e0 une installation photovolta\u00efque, \u00e0 son efficacit\u00e9 \u00e9nerg\u00e9tique et \u00e0 un syst\u00e8me de r\u00e9cup\u00e9ration de chaleur.<\/p>\n","protected":false},"author":5,"featured_media":75807,"comment_status":"closed","ping_status":"closed","sticky":true,"template":"","format":"standard","meta":{"_acf_changed":false,"footnotes":""},"categories":[39],"tags":[],"class_list":["post-75809","post","type-post","status-publish","format-standard","has-post-thumbnail","hentry","category-de-la-branche"],"acf":[],"yoast_head":"<!-- This site is optimized with the Yoast SEO Premium plugin v26.8 (Yoast SEO v26.8) - https:\/\/yoast.com\/product\/yoast-seo-premium-wordpress\/ -->\n<title>Pistor inaugure un b\u00e2timent logistique plus grand | SBC<\/title>\n<meta name=\"description\" content=\"Pour faire face \u00e0 la hausse des volumes de commandes, Pistor a agrandi son Centre de Transbordement \u00abCT Ouest\u00bb situ\u00e9 \u00e0 son si\u00e8ge social, \u00e0 Rothenburg.\" \/>\n<meta name=\"robots\" content=\"index, follow, max-snippet:-1, max-image-preview:large, max-video-preview:-1\" \/>\n<link rel=\"canonical\" href=\"https:\/\/swissbaker.ch\/fr\/panissimo-news\/pistor-inaugure-un-batiment-logistique-plus-grand\/\" \/>\n<meta property=\"og:locale\" content=\"fr_FR\" \/>\n<meta property=\"og:type\" content=\"article\" \/>\n<meta property=\"og:title\" content=\"Pistor inaugure un b\u00e2timent logistique plus grand\" \/>\n<meta property=\"og:description\" content=\"Pour faire face \u00e0 la hausse des volumes de commandes, Pistor a agrandi son Centre de Transbordement \u00abCT Ouest\u00bb situ\u00e9 \u00e0 son si\u00e8ge social, \u00e0 Rothenburg.\" \/>\n<meta property=\"og:url\" content=\"https:\/\/swissbaker.ch\/fr\/panissimo-news\/pistor-inaugure-un-batiment-logistique-plus-grand\/\" \/>\n<meta property=\"og:site_name\" content=\"SBC\" \/>\n<meta property=\"article:publisher\" content=\"https:\/\/www.facebook.com\/swissbaker.ch\" \/>\n<meta property=\"article:published_time\" content=\"2024-02-27T14:02:07+00:00\" \/>\n<meta property=\"article:modified_time\" content=\"2024-02-28T07:22:07+00:00\" \/>\n<meta property=\"og:image\" content=\"https:\/\/swissbaker.ch\/wp-content\/uploads\/2024\/02\/4_2_pistor_ausbau.jpg\" \/>\n\t<meta property=\"og:image:width\" content=\"1200\" \/>\n\t<meta property=\"og:image:height\" content=\"712\" \/>\n\t<meta property=\"og:image:type\" content=\"image\/jpeg\" \/>\n<meta name=\"author\" content=\"Simon Nussbaum\" \/>\n<meta name=\"twitter:card\" content=\"summary_large_image\" \/>\n<meta name=\"twitter:creator\" content=\"@ch_swissbaker\" \/>\n<meta name=\"twitter:site\" content=\"@ch_swissbaker\" \/>\n<meta name=\"twitter:label1\" content=\"Written by\" \/>\n\t<meta name=\"twitter:data1\" content=\"Simon Nussbaum\" \/>\n\t<meta name=\"twitter:label2\" content=\"Est. reading time\" \/>\n\t<meta name=\"twitter:data2\" content=\"2 minutes\" \/>\n<script type=\"application\/ld+json\" class=\"yoast-schema-graph\">{\"@context\":\"https:\/\/schema.org\",\"@graph\":[{\"@type\":\"Article\",\"@id\":\"https:\/\/swissbaker.ch\/fr\/panissimo-news\/pistor-inaugure-un-batiment-logistique-plus-grand\/#article\",\"isPartOf\":{\"@id\":\"https:\/\/swissbaker.ch\/fr\/panissimo-news\/pistor-inaugure-un-batiment-logistique-plus-grand\/\"},\"author\":{\"name\":\"Simon Nussbaum\",\"@id\":\"https:\/\/swissbaker.ch\/fr\/#\/schema\/person\/74bd327b08c18ca6042c02ff6f0ed5e2\"},\"headline\":\"Pistor inaugure un b\u00e2timent logistique plus grand\",\"datePublished\":\"2024-02-27T14:02:07+00:00\",\"dateModified\":\"2024-02-28T07:22:07+00:00\",\"mainEntityOfPage\":{\"@id\":\"https:\/\/swissbaker.ch\/fr\/panissimo-news\/pistor-inaugure-un-batiment-logistique-plus-grand\/\"},\"wordCount\":409,\"publisher\":{\"@id\":\"https:\/\/swissbaker.ch\/fr\/#organization\"},\"image\":{\"@id\":\"https:\/\/swissbaker.ch\/fr\/panissimo-news\/pistor-inaugure-un-batiment-logistique-plus-grand\/#primaryimage\"},\"thumbnailUrl\":\"https:\/\/swissbaker.ch\/wp-content\/uploads\/2024\/02\/4_2_pistor_ausbau.jpg\",\"articleSection\":[\"De la branche\"],\"inLanguage\":\"fr-FR\"},{\"@type\":\"WebPage\",\"@id\":\"https:\/\/swissbaker.ch\/fr\/panissimo-news\/pistor-inaugure-un-batiment-logistique-plus-grand\/\",\"url\":\"https:\/\/swissbaker.ch\/fr\/panissimo-news\/pistor-inaugure-un-batiment-logistique-plus-grand\/\",\"name\":\"Pistor inaugure un b\u00e2timent logistique plus grand | SBC\",\"isPartOf\":{\"@id\":\"https:\/\/swissbaker.ch\/fr\/#website\"},\"primaryImageOfPage\":{\"@id\":\"https:\/\/swissbaker.ch\/fr\/panissimo-news\/pistor-inaugure-un-batiment-logistique-plus-grand\/#primaryimage\"},\"image\":{\"@id\":\"https:\/\/swissbaker.ch\/fr\/panissimo-news\/pistor-inaugure-un-batiment-logistique-plus-grand\/#primaryimage\"},\"thumbnailUrl\":\"https:\/\/swissbaker.ch\/wp-content\/uploads\/2024\/02\/4_2_pistor_ausbau.jpg\",\"datePublished\":\"2024-02-27T14:02:07+00:00\",\"dateModified\":\"2024-02-28T07:22:07+00:00\",\"description\":\"Pour faire face \u00e0 la hausse des volumes de commandes, Pistor a agrandi son Centre de Transbordement \u00abCT Ouest\u00bb situ\u00e9 \u00e0 son si\u00e8ge social, \u00e0 Rothenburg.\",\"breadcrumb\":{\"@id\":\"https:\/\/swissbaker.ch\/fr\/panissimo-news\/pistor-inaugure-un-batiment-logistique-plus-grand\/#breadcrumb\"},\"inLanguage\":\"fr-FR\",\"potentialAction\":[{\"@type\":\"ReadAction\",\"target\":[\"https:\/\/swissbaker.ch\/fr\/panissimo-news\/pistor-inaugure-un-batiment-logistique-plus-grand\/\"]}]},{\"@type\":\"ImageObject\",\"inLanguage\":\"fr-FR\",\"@id\":\"https:\/\/swissbaker.ch\/fr\/panissimo-news\/pistor-inaugure-un-batiment-logistique-plus-grand\/#primaryimage\",\"url\":\"https:\/\/swissbaker.ch\/wp-content\/uploads\/2024\/02\/4_2_pistor_ausbau.jpg\",\"contentUrl\":\"https:\/\/swissbaker.ch\/wp-content\/uploads\/2024\/02\/4_2_pistor_ausbau.jpg\",\"width\":1200,\"height\":712},{\"@type\":\"BreadcrumbList\",\"@id\":\"https:\/\/swissbaker.ch\/fr\/panissimo-news\/pistor-inaugure-un-batiment-logistique-plus-grand\/#breadcrumb\",\"itemListElement\":[{\"@type\":\"ListItem\",\"position\":1,\"name\":\"\",\"item\":\"https:\/\/swissbaker.ch\/fr\/\"},{\"@type\":\"ListItem\",\"position\":2,\"name\":\"De la branche\",\"item\":\"https:\/\/swissbaker.ch\/fr\/panissimo-news\/category\/de-la-branche\/\"},{\"@type\":\"ListItem\",\"position\":3,\"name\":\"Pistor inaugure un b\u00e2timent logistique plus grand\"}]},{\"@type\":\"WebSite\",\"@id\":\"https:\/\/swissbaker.ch\/fr\/#website\",\"url\":\"https:\/\/swissbaker.ch\/fr\/\",\"name\":\"SBC\",\"description\":\"\",\"publisher\":{\"@id\":\"https:\/\/swissbaker.ch\/fr\/#organization\"},\"potentialAction\":[{\"@type\":\"SearchAction\",\"target\":{\"@type\":\"EntryPoint\",\"urlTemplate\":\"https:\/\/swissbaker.ch\/fr\/?s={search_term_string}\"},\"query-input\":{\"@type\":\"PropertyValueSpecification\",\"valueRequired\":true,\"valueName\":\"search_term_string\"}}],\"inLanguage\":\"fr-FR\"},{\"@type\":\"Organization\",\"@id\":\"https:\/\/swissbaker.ch\/fr\/#organization\",\"name\":\"Schweizerischer B\u00e4cker-Confiseurmeister-Verband\",\"url\":\"https:\/\/swissbaker.ch\/fr\/\",\"logo\":{\"@type\":\"ImageObject\",\"inLanguage\":\"fr-FR\",\"@id\":\"https:\/\/swissbaker.ch\/fr\/#\/schema\/logo\/image\/\",\"url\":\"https:\/\/swissbaker.ch\/wp-content\/uploads\/2022\/04\/sbc-logo-yoast.jpg\",\"contentUrl\":\"https:\/\/swissbaker.ch\/wp-content\/uploads\/2022\/04\/sbc-logo-yoast.jpg\",\"width\":512,\"height\":512,\"caption\":\"Schweizerischer B\u00e4cker-Confiseurmeister-Verband\"},\"image\":{\"@id\":\"https:\/\/swissbaker.ch\/fr\/#\/schema\/logo\/image\/\"},\"sameAs\":[\"https:\/\/www.facebook.com\/swissbaker.ch\",\"https:\/\/x.com\/ch_swissbaker\"]},{\"@type\":\"Person\",\"@id\":\"https:\/\/swissbaker.ch\/fr\/#\/schema\/person\/74bd327b08c18ca6042c02ff6f0ed5e2\",\"name\":\"Simon Nussbaum\",\"image\":{\"@type\":\"ImageObject\",\"inLanguage\":\"fr-FR\",\"@id\":\"https:\/\/swissbaker.ch\/fr\/#\/schema\/person\/image\/\",\"url\":\"https:\/\/secure.gravatar.com\/avatar\/df0eced3bb556c806cb760cf503ade1ed1df25b4104d80d6fd28d93a9509aa12?s=96&d=mm&r=g\",\"contentUrl\":\"https:\/\/secure.gravatar.com\/avatar\/df0eced3bb556c806cb760cf503ade1ed1df25b4104d80d6fd28d93a9509aa12?s=96&d=mm&r=g\",\"caption\":\"Simon Nussbaum\"},\"url\":\"https:\/\/swissbaker.ch\/fr\/panissimo-news\/author\/simon-nussbaum\/\"}]}<\/script>\n<!-- \/ Yoast SEO Premium plugin. -->","yoast_head_json":{"title":"Pistor inaugure un b\u00e2timent logistique plus grand | SBC","description":"Pour faire face \u00e0 la hausse des volumes de commandes, Pistor a agrandi son Centre de Transbordement \u00abCT Ouest\u00bb situ\u00e9 \u00e0 son si\u00e8ge social, \u00e0 Rothenburg.","robots":{"index":"index","follow":"follow","max-snippet":"max-snippet:-1","max-image-preview":"max-image-preview:large","max-video-preview":"max-video-preview:-1"},"canonical":"https:\/\/swissbaker.ch\/fr\/panissimo-news\/pistor-inaugure-un-batiment-logistique-plus-grand\/","og_locale":"fr_FR","og_type":"article","og_title":"Pistor inaugure un b\u00e2timent logistique plus grand","og_description":"Pour faire face \u00e0 la hausse des volumes de commandes, Pistor a agrandi son Centre de Transbordement \u00abCT Ouest\u00bb situ\u00e9 \u00e0 son si\u00e8ge social, \u00e0 Rothenburg.","og_url":"https:\/\/swissbaker.ch\/fr\/panissimo-news\/pistor-inaugure-un-batiment-logistique-plus-grand\/","og_site_name":"SBC","article_publisher":"https:\/\/www.facebook.com\/swissbaker.ch","article_published_time":"2024-02-27T14:02:07+00:00","article_modified_time":"2024-02-28T07:22:07+00:00","og_image":[{"width":1200,"height":712,"url":"https:\/\/swissbaker.ch\/wp-content\/uploads\/2024\/02\/4_2_pistor_ausbau.jpg","type":"image\/jpeg"}],"author":"Simon Nussbaum","twitter_card":"summary_large_image","twitter_creator":"@ch_swissbaker","twitter_site":"@ch_swissbaker","twitter_misc":{"Written by":"Simon Nussbaum","Est. reading time":"2 minutes"},"schema":{"@context":"https:\/\/schema.org","@graph":[{"@type":"Article","@id":"https:\/\/swissbaker.ch\/fr\/panissimo-news\/pistor-inaugure-un-batiment-logistique-plus-grand\/#article","isPartOf":{"@id":"https:\/\/swissbaker.ch\/fr\/panissimo-news\/pistor-inaugure-un-batiment-logistique-plus-grand\/"},"author":{"name":"Simon Nussbaum","@id":"https:\/\/swissbaker.ch\/fr\/#\/schema\/person\/74bd327b08c18ca6042c02ff6f0ed5e2"},"headline":"Pistor inaugure un b\u00e2timent logistique plus grand","datePublished":"2024-02-27T14:02:07+00:00","dateModified":"2024-02-28T07:22:07+00:00","mainEntityOfPage":{"@id":"https:\/\/swissbaker.ch\/fr\/panissimo-news\/pistor-inaugure-un-batiment-logistique-plus-grand\/"},"wordCount":409,"publisher":{"@id":"https:\/\/swissbaker.ch\/fr\/#organization"},"image":{"@id":"https:\/\/swissbaker.ch\/fr\/panissimo-news\/pistor-inaugure-un-batiment-logistique-plus-grand\/#primaryimage"},"thumbnailUrl":"https:\/\/swissbaker.ch\/wp-content\/uploads\/2024\/02\/4_2_pistor_ausbau.jpg","articleSection":["De la branche"],"inLanguage":"fr-FR"},{"@type":"WebPage","@id":"https:\/\/swissbaker.ch\/fr\/panissimo-news\/pistor-inaugure-un-batiment-logistique-plus-grand\/","url":"https:\/\/swissbaker.ch\/fr\/panissimo-news\/pistor-inaugure-un-batiment-logistique-plus-grand\/","name":"Pistor inaugure un b\u00e2timent logistique plus grand | SBC","isPartOf":{"@id":"https:\/\/swissbaker.ch\/fr\/#website"},"primaryImageOfPage":{"@id":"https:\/\/swissbaker.ch\/fr\/panissimo-news\/pistor-inaugure-un-batiment-logistique-plus-grand\/#primaryimage"},"image":{"@id":"https:\/\/swissbaker.ch\/fr\/panissimo-news\/pistor-inaugure-un-batiment-logistique-plus-grand\/#primaryimage"},"thumbnailUrl":"https:\/\/swissbaker.ch\/wp-content\/uploads\/2024\/02\/4_2_pistor_ausbau.jpg","datePublished":"2024-02-27T14:02:07+00:00","dateModified":"2024-02-28T07:22:07+00:00","description":"Pour faire face \u00e0 la hausse des volumes de commandes, Pistor a agrandi son Centre de Transbordement \u00abCT Ouest\u00bb situ\u00e9 \u00e0 son si\u00e8ge social, \u00e0 Rothenburg.","breadcrumb":{"@id":"https:\/\/swissbaker.ch\/fr\/panissimo-news\/pistor-inaugure-un-batiment-logistique-plus-grand\/#breadcrumb"},"inLanguage":"fr-FR","potentialAction":[{"@type":"ReadAction","target":["https:\/\/swissbaker.ch\/fr\/panissimo-news\/pistor-inaugure-un-batiment-logistique-plus-grand\/"]}]},{"@type":"ImageObject","inLanguage":"fr-FR","@id":"https:\/\/swissbaker.ch\/fr\/panissimo-news\/pistor-inaugure-un-batiment-logistique-plus-grand\/#primaryimage","url":"https:\/\/swissbaker.ch\/wp-content\/uploads\/2024\/02\/4_2_pistor_ausbau.jpg","contentUrl":"https:\/\/swissbaker.ch\/wp-content\/uploads\/2024\/02\/4_2_pistor_ausbau.jpg","width":1200,"height":712},{"@type":"BreadcrumbList","@id":"https:\/\/swissbaker.ch\/fr\/panissimo-news\/pistor-inaugure-un-batiment-logistique-plus-grand\/#breadcrumb","itemListElement":[{"@type":"ListItem","position":1,"name":"","item":"https:\/\/swissbaker.ch\/fr\/"},{"@type":"ListItem","position":2,"name":"De la branche","item":"https:\/\/swissbaker.ch\/fr\/panissimo-news\/category\/de-la-branche\/"},{"@type":"ListItem","position":3,"name":"Pistor inaugure un b\u00e2timent logistique plus grand"}]},{"@type":"WebSite","@id":"https:\/\/swissbaker.ch\/fr\/#website","url":"https:\/\/swissbaker.ch\/fr\/","name":"SBC","description":"","publisher":{"@id":"https:\/\/swissbaker.ch\/fr\/#organization"},"potentialAction":[{"@type":"SearchAction","target":{"@type":"EntryPoint","urlTemplate":"https:\/\/swissbaker.ch\/fr\/?s={search_term_string}"},"query-input":{"@type":"PropertyValueSpecification","valueRequired":true,"valueName":"search_term_string"}}],"inLanguage":"fr-FR"},{"@type":"Organization","@id":"https:\/\/swissbaker.ch\/fr\/#organization","name":"Schweizerischer B\u00e4cker-Confiseurmeister-Verband","url":"https:\/\/swissbaker.ch\/fr\/","logo":{"@type":"ImageObject","inLanguage":"fr-FR","@id":"https:\/\/swissbaker.ch\/fr\/#\/schema\/logo\/image\/","url":"https:\/\/swissbaker.ch\/wp-content\/uploads\/2022\/04\/sbc-logo-yoast.jpg","contentUrl":"https:\/\/swissbaker.ch\/wp-content\/uploads\/2022\/04\/sbc-logo-yoast.jpg","width":512,"height":512,"caption":"Schweizerischer B\u00e4cker-Confiseurmeister-Verband"},"image":{"@id":"https:\/\/swissbaker.ch\/fr\/#\/schema\/logo\/image\/"},"sameAs":["https:\/\/www.facebook.com\/swissbaker.ch","https:\/\/x.com\/ch_swissbaker"]},{"@type":"Person","@id":"https:\/\/swissbaker.ch\/fr\/#\/schema\/person\/74bd327b08c18ca6042c02ff6f0ed5e2","name":"Simon Nussbaum","image":{"@type":"ImageObject","inLanguage":"fr-FR","@id":"https:\/\/swissbaker.ch\/fr\/#\/schema\/person\/image\/","url":"https:\/\/secure.gravatar.com\/avatar\/df0eced3bb556c806cb760cf503ade1ed1df25b4104d80d6fd28d93a9509aa12?s=96&d=mm&r=g","contentUrl":"https:\/\/secure.gravatar.com\/avatar\/df0eced3bb556c806cb760cf503ade1ed1df25b4104d80d6fd28d93a9509aa12?s=96&d=mm&r=g","caption":"Simon Nussbaum"},"url":"https:\/\/swissbaker.ch\/fr\/panissimo-news\/author\/simon-nussbaum\/"}]}},"_links":{"self":[{"href":"https:\/\/swissbaker.ch\/fr\/wp-json\/wp\/v2\/posts\/75809","targetHints":{"allow":["GET"]}}],"collection":[{"href":"https:\/\/swissbaker.ch\/fr\/wp-json\/wp\/v2\/posts"}],"about":[{"href":"https:\/\/swissbaker.ch\/fr\/wp-json\/wp\/v2\/types\/post"}],"author":[{"embeddable":true,"href":"https:\/\/swissbaker.ch\/fr\/wp-json\/wp\/v2\/users\/5"}],"replies":[{"embeddable":true,"href":"https:\/\/swissbaker.ch\/fr\/wp-json\/wp\/v2\/comments?post=75809"}],"version-history":[{"count":0,"href":"https:\/\/swissbaker.ch\/fr\/wp-json\/wp\/v2\/posts\/75809\/revisions"}],"wp:featuredmedia":[{"embeddable":true,"href":"https:\/\/swissbaker.ch\/fr\/wp-json\/wp\/v2\/media\/75807"}],"wp:attachment":[{"href":"https:\/\/swissbaker.ch\/fr\/wp-json\/wp\/v2\/media?parent=75809"}],"wp:term":[{"taxonomy":"category","embeddable":true,"href":"https:\/\/swissbaker.ch\/fr\/wp-json\/wp\/v2\/categories?post=75809"},{"taxonomy":"post_tag","embeddable":true,"href":"https:\/\/swissbaker.ch\/fr\/wp-json\/wp\/v2\/tags?post=75809"}],"curies":[{"name":"wp","href":"https:\/\/api.w.org\/{rel}","templated":true}]}}