{"id":75723,"date":"2024-02-23T07:44:01","date_gmt":"2024-02-23T06:44:01","guid":{"rendered":"https:\/\/swissbaker.ch\/?p=75723"},"modified":"2024-02-23T07:58:47","modified_gmt":"2024-02-23T06:58:47","slug":"rester-au-gout-du-jour","status":"publish","type":"post","link":"https:\/\/swissbaker.ch\/fr\/panissimo-news\/rester-au-gout-du-jour\/","title":{"rendered":"Rester au go\u00fbt du jour"},"content":{"rendered":"\n<p><strong>Issu d\u2019une longue lign\u00e9e de boulangers-p\u00e2tissiers, Guillaume Bigler en est convaincu\u2009: dans un monde professionnel de plus en plus comp\u00e9titif, les artisans doivent faire preuve d\u2019adaptabilit\u00e9.<\/strong><\/p>\n\n\n\n<p>Depuis mon plus jeune \u00e2ge j\u2019ai su que je serai boulanger-p\u00e2tissier. Cinqui\u00e8me g\u00e9n\u00e9ration \u00e0 le devenir, je me trouvais d\u00e9j\u00e0 dans le laboratoire familial d\u00e8s que j\u2019ai \u00e9t\u00e9 en mesure de voir par-dessus le plan de travail. Mon arri\u00e8re-arri\u00e8re-grand-p\u00e8re, qui fonda la boulangerie Bigler en 1933, a lanc\u00e9 une machine aujourd\u2019hui inarr\u00eatable. Les g\u00e9n\u00e9rations se succ\u00e9dant, c\u2019est en 2012 que je me d\u00e9cidai \u00e0 entamer mon apprentissage dans la boulangerie qui m\u2019a vu grandir.<\/p>\n\n\n\n<p>J\u2019ai ensuite suivi un autre chemin pour \u00e9largir mes connaissances et apprendre la confiserie chez M. Fornerod \u00e0 Morges (VD). Gr\u00e2ce \u00e0 ces deux apprentissages j\u2019ai \u00e9tendu mes comp\u00e9tences et cela m\u2019a donn\u00e9 envie d\u2019en voir plus, et de toujours apprendre quelque chose de nouveau.<\/p>\n\n\n\n<h2 class=\"wp-block-heading\" id=\"h-nouvel-horizon\"><br>Nouvel horizon<\/h2>\n\n\n\n<p>Plus tard, je suis parti vivre \u00e0 Zweisimmen (BE). J\u2019ai trouv\u00e9 une place de boulanger-p\u00e2tissier-confiseur \u00e0 Sch\u00f6nried (BE) chez Mme\u202fWehren. L\u00e0, ma carri\u00e8re a pris un nouveau cap. Avec son aide, j\u2019ai pu passer \u00e0 l\u2019\u00e9tape sup\u00e9rieure en r\u00e9alisant mon brevet f\u00e9d\u00e9ral en boulangerie-p\u00e2tisserie dans son entreprise. Avoir r\u00e9ussi ce brevet m\u2019a ouvert de nouveau horizon. Cette exp\u00e9rience formidable permet d\u2019\u00e9largir ses comp\u00e9tences et la compr\u00e9hension du m\u00e9tier \u00e0 un niveau tr\u00e8s \u00e9lev\u00e9.<\/p>\n\n\n\n<figure class=\"wp-block-pullquote has-text-color has-link-color wp-elements-d3e12b8b68e19e17c55ee04913e96136\" style=\"color:#cc9933;font-size:22px;font-style:normal;font-weight:700\"><blockquote><p>\u00ab\u2009R\u00e9ussir le brevet permet d\u2019\u00e9largir ses comp\u00e9tences et la compr\u00e9hension du m\u00e9tier \u00e0 un niveau tr\u00e8s \u00e9lev\u00e9.\u2009\u00bb<\/p><cite>Guillaume Bigler<\/cite><\/blockquote><\/figure>\n\n\n\n<p>L\u2019extraordinaire capacit\u00e9 d\u2019adaptation dont il faut faire preuve dans notre m\u00e9tier, me motive toujours plus \u00e0 d\u00e9couvrir et vivre de nouvelles exp\u00e9riences. Il faut dire que la boulangerie et la confiserie sont en constante \u00e9volution. Cela sugg\u00e8re de toujours \u00eatre \u00e0 la recherche de nouveaut\u00e9 et de pouvoir s\u2019adapter \u00e0 tous types de clients. La branche artisanale en a besoin pour rester aux go\u00fbts du jour, et ne pas se faire d\u00e9passer par l\u2019industrie.<\/p>\n\n\n\n<figure class=\"wp-block-pullquote has-text-color has-link-color wp-elements-d529f24f4a1b183b450969e9f7d7b38d\" style=\"color:#cc9933;font-size:22px;font-style:normal;font-weight:700\"><blockquote><p>\u00ab\u2009Plus que jamais, nous devons former et trouver un moyen d\u2019attirer des jeunes dans nos m\u00e9tiers.\u2009\u00bb<\/p><cite>Guillaume Bigler<\/cite><\/blockquote><\/figure>\n\n\n\n<p>Aujourd\u2019hui, plus que jamais, nous devons former et trouver un moyen d\u2019attirer des jeunes dans nos m\u00e9tiers de bouche. J\u2019aimerais pouvoir montrer aux gens toute l\u2019attractivit\u00e9 de nos m\u00e9tiers et continuer \u00e0 former des jeunes. C\u2019est pourquoi, je compte reprendre un commerce et amener mes id\u00e9es pour continuer \u00e0 promouvoir notre si beau m\u00e9tier. Cela permettra peut-\u00eatre, de donner l\u2019opportunit\u00e9 \u00e0 de jeunes de prendre conscience de leur capacit\u00e9 et de les initier \u00e0 un m\u00e9tier qui leur plaira.<\/p>\n\n\n\n<p>Pour conclure, je remercie toutes les personnes qui m\u2019ont suivi durant mon parcours professionnel. Et, j\u2019encourage les jeunes apprentis \u00e0 toujours d\u00e9couvrir et \u00e9largir leurs horizons. <\/p>\n\n\n\n<p class=\"has-text-align-right\"><em>Guillaume Bigler<\/em><\/p>\n\n\n\n<h2 class=\"wp-block-heading\" id=\"h-guillaume-bigler\">Guillaume Bigler<\/h2>\n\n\n\n<ul class=\"wp-block-list\">\n<li>07.2012\u202f: apprentissage boulanger-p\u00e2tissier, Boulangerie-P\u00e2tisserie Bigler, Combremont-le-Grand (VD)<\/li>\n\n\n\n<li>07.2015\u202f: apprentissage confiseur, confiserie L\u2019Arlequin, G\u00e9rard Charles Fornerod, Morges (VD)<\/li>\n\n\n\n<li>07.2017\u202f: \u00e9cole de recrues et de sous-officiers, Arm\u00e9e suisse, Thoune (BE)<\/li>\n\n\n\n<li>06.2018\u202f: boulanger-p\u00e2tissier-confiseur, La Sarrasine S\u00e0rl, Lucens (VD)<\/li>\n\n\n\n<li>04.2019\u202f: responsable p\u00e2tissier-confiseur, Kaffeehaus B\u00e4ckerei Kafi Complet Florian Schenk, Zweisimmen (BE)<\/li>\n\n\n\n<li>04.2020\u202f: sous-chef boulanger-p\u00e2tissier-confiseur, B\u00e4ckerei Chnusper Becke, Sch\u00f6nried (BE)<\/li>\n\n\n\n<li>04.2023\u202f: obtention du brevet f\u00e9d\u00e9ral Chef de production, orientation p\u00e2tisserie-boulangerie<\/li>\n\n\n\n<li>11.2023\u202f: responsable boulanger-p\u00e2tissier, Aux 1000 feuilles SA, Payerne (VD)<\/li>\n<\/ul>\n\n\n\n<p><\/p>\n","protected":false},"excerpt":{"rendered":"<p>Issu d\u2019une longue lign\u00e9e de boulangers-p\u00e2tissiers, Guillaume Bigler en est convaincu\u2009: dans un monde professionnel de plus en plus comp\u00e9titif, les artisans doivent faire preuve d\u2019adaptabilit\u00e9.<\/p>\n","protected":false},"author":5,"featured_media":75717,"comment_status":"closed","ping_status":"closed","sticky":true,"template":"","format":"standard","meta":{"_acf_changed":false,"footnotes":""},"categories":[53],"tags":[],"class_list":["post-75723","post","type-post","status-publish","format-standard","has-post-thumbnail","hentry","category-our-future-fr"],"acf":[],"yoast_head":"<!-- This site is optimized with the Yoast SEO Premium plugin v26.8 (Yoast SEO v26.8) - https:\/\/yoast.com\/product\/yoast-seo-premium-wordpress\/ -->\n<title>Rester au go\u00fbt du jour | SBC<\/title>\n<meta name=\"description\" content=\"Issu d\u2019une longue lign\u00e9e de boulangers-p\u00e2tissiers, Guillaume Bigler en est convaincu\u2009: les artisans doivent faire preuve d\u2019adaptabilit\u00e9.\" \/>\n<meta name=\"robots\" content=\"index, follow, max-snippet:-1, max-image-preview:large, max-video-preview:-1\" \/>\n<link rel=\"canonical\" href=\"https:\/\/swissbaker.ch\/fr\/panissimo-news\/rester-au-gout-du-jour\/\" \/>\n<meta property=\"og:locale\" content=\"fr_FR\" \/>\n<meta property=\"og:type\" content=\"article\" \/>\n<meta property=\"og:title\" content=\"Rester au go\u00fbt du jour\" \/>\n<meta property=\"og:description\" content=\"Issu d\u2019une longue lign\u00e9e de boulangers-p\u00e2tissiers, Guillaume Bigler en est convaincu\u2009: les artisans doivent faire preuve d\u2019adaptabilit\u00e9.\" \/>\n<meta property=\"og:url\" content=\"https:\/\/swissbaker.ch\/fr\/panissimo-news\/rester-au-gout-du-jour\/\" \/>\n<meta property=\"og:site_name\" content=\"SBC\" \/>\n<meta property=\"article:publisher\" content=\"https:\/\/www.facebook.com\/swissbaker.ch\" \/>\n<meta property=\"article:published_time\" content=\"2024-02-23T06:44:01+00:00\" \/>\n<meta property=\"article:modified_time\" content=\"2024-02-23T06:58:47+00:00\" \/>\n<meta property=\"og:image\" content=\"https:\/\/swissbaker.ch\/wp-content\/uploads\/2024\/02\/4_2_guillaume_bigler.jpg\" \/>\n\t<meta property=\"og:image:width\" content=\"1200\" \/>\n\t<meta property=\"og:image:height\" content=\"712\" \/>\n\t<meta property=\"og:image:type\" content=\"image\/jpeg\" \/>\n<meta name=\"author\" content=\"Simon Nussbaum\" \/>\n<meta name=\"twitter:card\" content=\"summary_large_image\" \/>\n<meta name=\"twitter:creator\" content=\"@ch_swissbaker\" \/>\n<meta name=\"twitter:site\" content=\"@ch_swissbaker\" \/>\n<meta name=\"twitter:label1\" content=\"Written by\" \/>\n\t<meta name=\"twitter:data1\" content=\"Simon Nussbaum\" \/>\n\t<meta name=\"twitter:label2\" content=\"Est. reading time\" \/>\n\t<meta name=\"twitter:data2\" content=\"3 minutes\" \/>\n<script type=\"application\/ld+json\" class=\"yoast-schema-graph\">{\"@context\":\"https:\/\/schema.org\",\"@graph\":[{\"@type\":\"Article\",\"@id\":\"https:\/\/swissbaker.ch\/fr\/panissimo-news\/rester-au-gout-du-jour\/#article\",\"isPartOf\":{\"@id\":\"https:\/\/swissbaker.ch\/fr\/panissimo-news\/rester-au-gout-du-jour\/\"},\"author\":{\"name\":\"Simon Nussbaum\",\"@id\":\"https:\/\/swissbaker.ch\/fr\/#\/schema\/person\/74bd327b08c18ca6042c02ff6f0ed5e2\"},\"headline\":\"Rester au go\u00fbt du jour\",\"datePublished\":\"2024-02-23T06:44:01+00:00\",\"dateModified\":\"2024-02-23T06:58:47+00:00\",\"mainEntityOfPage\":{\"@id\":\"https:\/\/swissbaker.ch\/fr\/panissimo-news\/rester-au-gout-du-jour\/\"},\"wordCount\":590,\"publisher\":{\"@id\":\"https:\/\/swissbaker.ch\/fr\/#organization\"},\"image\":{\"@id\":\"https:\/\/swissbaker.ch\/fr\/panissimo-news\/rester-au-gout-du-jour\/#primaryimage\"},\"thumbnailUrl\":\"https:\/\/swissbaker.ch\/wp-content\/uploads\/2024\/02\/4_2_guillaume_bigler.jpg\",\"articleSection\":[\"Our Future\"],\"inLanguage\":\"fr-FR\"},{\"@type\":\"WebPage\",\"@id\":\"https:\/\/swissbaker.ch\/fr\/panissimo-news\/rester-au-gout-du-jour\/\",\"url\":\"https:\/\/swissbaker.ch\/fr\/panissimo-news\/rester-au-gout-du-jour\/\",\"name\":\"Rester au go\u00fbt du jour | SBC\",\"isPartOf\":{\"@id\":\"https:\/\/swissbaker.ch\/fr\/#website\"},\"primaryImageOfPage\":{\"@id\":\"https:\/\/swissbaker.ch\/fr\/panissimo-news\/rester-au-gout-du-jour\/#primaryimage\"},\"image\":{\"@id\":\"https:\/\/swissbaker.ch\/fr\/panissimo-news\/rester-au-gout-du-jour\/#primaryimage\"},\"thumbnailUrl\":\"https:\/\/swissbaker.ch\/wp-content\/uploads\/2024\/02\/4_2_guillaume_bigler.jpg\",\"datePublished\":\"2024-02-23T06:44:01+00:00\",\"dateModified\":\"2024-02-23T06:58:47+00:00\",\"description\":\"Issu d\u2019une longue lign\u00e9e de boulangers-p\u00e2tissiers, Guillaume Bigler en est convaincu\u2009: les artisans doivent faire preuve d\u2019adaptabilit\u00e9.\",\"breadcrumb\":{\"@id\":\"https:\/\/swissbaker.ch\/fr\/panissimo-news\/rester-au-gout-du-jour\/#breadcrumb\"},\"inLanguage\":\"fr-FR\",\"potentialAction\":[{\"@type\":\"ReadAction\",\"target\":[\"https:\/\/swissbaker.ch\/fr\/panissimo-news\/rester-au-gout-du-jour\/\"]}]},{\"@type\":\"ImageObject\",\"inLanguage\":\"fr-FR\",\"@id\":\"https:\/\/swissbaker.ch\/fr\/panissimo-news\/rester-au-gout-du-jour\/#primaryimage\",\"url\":\"https:\/\/swissbaker.ch\/wp-content\/uploads\/2024\/02\/4_2_guillaume_bigler.jpg\",\"contentUrl\":\"https:\/\/swissbaker.ch\/wp-content\/uploads\/2024\/02\/4_2_guillaume_bigler.jpg\",\"width\":1200,\"height\":712},{\"@type\":\"BreadcrumbList\",\"@id\":\"https:\/\/swissbaker.ch\/fr\/panissimo-news\/rester-au-gout-du-jour\/#breadcrumb\",\"itemListElement\":[{\"@type\":\"ListItem\",\"position\":1,\"name\":\"\",\"item\":\"https:\/\/swissbaker.ch\/fr\/\"},{\"@type\":\"ListItem\",\"position\":2,\"name\":\"Our Future\",\"item\":\"https:\/\/swissbaker.ch\/fr\/panissimo-news\/category\/our-future-fr\/\"},{\"@type\":\"ListItem\",\"position\":3,\"name\":\"Rester au go\u00fbt du jour\"}]},{\"@type\":\"WebSite\",\"@id\":\"https:\/\/swissbaker.ch\/fr\/#website\",\"url\":\"https:\/\/swissbaker.ch\/fr\/\",\"name\":\"SBC\",\"description\":\"\",\"publisher\":{\"@id\":\"https:\/\/swissbaker.ch\/fr\/#organization\"},\"potentialAction\":[{\"@type\":\"SearchAction\",\"target\":{\"@type\":\"EntryPoint\",\"urlTemplate\":\"https:\/\/swissbaker.ch\/fr\/?s={search_term_string}\"},\"query-input\":{\"@type\":\"PropertyValueSpecification\",\"valueRequired\":true,\"valueName\":\"search_term_string\"}}],\"inLanguage\":\"fr-FR\"},{\"@type\":\"Organization\",\"@id\":\"https:\/\/swissbaker.ch\/fr\/#organization\",\"name\":\"Schweizerischer B\u00e4cker-Confiseurmeister-Verband\",\"url\":\"https:\/\/swissbaker.ch\/fr\/\",\"logo\":{\"@type\":\"ImageObject\",\"inLanguage\":\"fr-FR\",\"@id\":\"https:\/\/swissbaker.ch\/fr\/#\/schema\/logo\/image\/\",\"url\":\"https:\/\/swissbaker.ch\/wp-content\/uploads\/2022\/04\/sbc-logo-yoast.jpg\",\"contentUrl\":\"https:\/\/swissbaker.ch\/wp-content\/uploads\/2022\/04\/sbc-logo-yoast.jpg\",\"width\":512,\"height\":512,\"caption\":\"Schweizerischer B\u00e4cker-Confiseurmeister-Verband\"},\"image\":{\"@id\":\"https:\/\/swissbaker.ch\/fr\/#\/schema\/logo\/image\/\"},\"sameAs\":[\"https:\/\/www.facebook.com\/swissbaker.ch\",\"https:\/\/x.com\/ch_swissbaker\"]},{\"@type\":\"Person\",\"@id\":\"https:\/\/swissbaker.ch\/fr\/#\/schema\/person\/74bd327b08c18ca6042c02ff6f0ed5e2\",\"name\":\"Simon Nussbaum\",\"image\":{\"@type\":\"ImageObject\",\"inLanguage\":\"fr-FR\",\"@id\":\"https:\/\/swissbaker.ch\/fr\/#\/schema\/person\/image\/\",\"url\":\"https:\/\/secure.gravatar.com\/avatar\/df0eced3bb556c806cb760cf503ade1ed1df25b4104d80d6fd28d93a9509aa12?s=96&d=mm&r=g\",\"contentUrl\":\"https:\/\/secure.gravatar.com\/avatar\/df0eced3bb556c806cb760cf503ade1ed1df25b4104d80d6fd28d93a9509aa12?s=96&d=mm&r=g\",\"caption\":\"Simon Nussbaum\"},\"url\":\"https:\/\/swissbaker.ch\/fr\/panissimo-news\/author\/simon-nussbaum\/\"}]}<\/script>\n<!-- \/ Yoast SEO Premium plugin. -->","yoast_head_json":{"title":"Rester au go\u00fbt du jour | SBC","description":"Issu d\u2019une longue lign\u00e9e de boulangers-p\u00e2tissiers, Guillaume Bigler en est convaincu\u2009: les artisans doivent faire preuve d\u2019adaptabilit\u00e9.","robots":{"index":"index","follow":"follow","max-snippet":"max-snippet:-1","max-image-preview":"max-image-preview:large","max-video-preview":"max-video-preview:-1"},"canonical":"https:\/\/swissbaker.ch\/fr\/panissimo-news\/rester-au-gout-du-jour\/","og_locale":"fr_FR","og_type":"article","og_title":"Rester au go\u00fbt du jour","og_description":"Issu d\u2019une longue lign\u00e9e de boulangers-p\u00e2tissiers, Guillaume Bigler en est convaincu\u2009: les artisans doivent faire preuve d\u2019adaptabilit\u00e9.","og_url":"https:\/\/swissbaker.ch\/fr\/panissimo-news\/rester-au-gout-du-jour\/","og_site_name":"SBC","article_publisher":"https:\/\/www.facebook.com\/swissbaker.ch","article_published_time":"2024-02-23T06:44:01+00:00","article_modified_time":"2024-02-23T06:58:47+00:00","og_image":[{"width":1200,"height":712,"url":"https:\/\/swissbaker.ch\/wp-content\/uploads\/2024\/02\/4_2_guillaume_bigler.jpg","type":"image\/jpeg"}],"author":"Simon Nussbaum","twitter_card":"summary_large_image","twitter_creator":"@ch_swissbaker","twitter_site":"@ch_swissbaker","twitter_misc":{"Written by":"Simon Nussbaum","Est. reading time":"3 minutes"},"schema":{"@context":"https:\/\/schema.org","@graph":[{"@type":"Article","@id":"https:\/\/swissbaker.ch\/fr\/panissimo-news\/rester-au-gout-du-jour\/#article","isPartOf":{"@id":"https:\/\/swissbaker.ch\/fr\/panissimo-news\/rester-au-gout-du-jour\/"},"author":{"name":"Simon Nussbaum","@id":"https:\/\/swissbaker.ch\/fr\/#\/schema\/person\/74bd327b08c18ca6042c02ff6f0ed5e2"},"headline":"Rester au go\u00fbt du jour","datePublished":"2024-02-23T06:44:01+00:00","dateModified":"2024-02-23T06:58:47+00:00","mainEntityOfPage":{"@id":"https:\/\/swissbaker.ch\/fr\/panissimo-news\/rester-au-gout-du-jour\/"},"wordCount":590,"publisher":{"@id":"https:\/\/swissbaker.ch\/fr\/#organization"},"image":{"@id":"https:\/\/swissbaker.ch\/fr\/panissimo-news\/rester-au-gout-du-jour\/#primaryimage"},"thumbnailUrl":"https:\/\/swissbaker.ch\/wp-content\/uploads\/2024\/02\/4_2_guillaume_bigler.jpg","articleSection":["Our Future"],"inLanguage":"fr-FR"},{"@type":"WebPage","@id":"https:\/\/swissbaker.ch\/fr\/panissimo-news\/rester-au-gout-du-jour\/","url":"https:\/\/swissbaker.ch\/fr\/panissimo-news\/rester-au-gout-du-jour\/","name":"Rester au go\u00fbt du jour | SBC","isPartOf":{"@id":"https:\/\/swissbaker.ch\/fr\/#website"},"primaryImageOfPage":{"@id":"https:\/\/swissbaker.ch\/fr\/panissimo-news\/rester-au-gout-du-jour\/#primaryimage"},"image":{"@id":"https:\/\/swissbaker.ch\/fr\/panissimo-news\/rester-au-gout-du-jour\/#primaryimage"},"thumbnailUrl":"https:\/\/swissbaker.ch\/wp-content\/uploads\/2024\/02\/4_2_guillaume_bigler.jpg","datePublished":"2024-02-23T06:44:01+00:00","dateModified":"2024-02-23T06:58:47+00:00","description":"Issu d\u2019une longue lign\u00e9e de boulangers-p\u00e2tissiers, Guillaume Bigler en est convaincu\u2009: les artisans doivent faire preuve d\u2019adaptabilit\u00e9.","breadcrumb":{"@id":"https:\/\/swissbaker.ch\/fr\/panissimo-news\/rester-au-gout-du-jour\/#breadcrumb"},"inLanguage":"fr-FR","potentialAction":[{"@type":"ReadAction","target":["https:\/\/swissbaker.ch\/fr\/panissimo-news\/rester-au-gout-du-jour\/"]}]},{"@type":"ImageObject","inLanguage":"fr-FR","@id":"https:\/\/swissbaker.ch\/fr\/panissimo-news\/rester-au-gout-du-jour\/#primaryimage","url":"https:\/\/swissbaker.ch\/wp-content\/uploads\/2024\/02\/4_2_guillaume_bigler.jpg","contentUrl":"https:\/\/swissbaker.ch\/wp-content\/uploads\/2024\/02\/4_2_guillaume_bigler.jpg","width":1200,"height":712},{"@type":"BreadcrumbList","@id":"https:\/\/swissbaker.ch\/fr\/panissimo-news\/rester-au-gout-du-jour\/#breadcrumb","itemListElement":[{"@type":"ListItem","position":1,"name":"","item":"https:\/\/swissbaker.ch\/fr\/"},{"@type":"ListItem","position":2,"name":"Our Future","item":"https:\/\/swissbaker.ch\/fr\/panissimo-news\/category\/our-future-fr\/"},{"@type":"ListItem","position":3,"name":"Rester au go\u00fbt du jour"}]},{"@type":"WebSite","@id":"https:\/\/swissbaker.ch\/fr\/#website","url":"https:\/\/swissbaker.ch\/fr\/","name":"SBC","description":"","publisher":{"@id":"https:\/\/swissbaker.ch\/fr\/#organization"},"potentialAction":[{"@type":"SearchAction","target":{"@type":"EntryPoint","urlTemplate":"https:\/\/swissbaker.ch\/fr\/?s={search_term_string}"},"query-input":{"@type":"PropertyValueSpecification","valueRequired":true,"valueName":"search_term_string"}}],"inLanguage":"fr-FR"},{"@type":"Organization","@id":"https:\/\/swissbaker.ch\/fr\/#organization","name":"Schweizerischer B\u00e4cker-Confiseurmeister-Verband","url":"https:\/\/swissbaker.ch\/fr\/","logo":{"@type":"ImageObject","inLanguage":"fr-FR","@id":"https:\/\/swissbaker.ch\/fr\/#\/schema\/logo\/image\/","url":"https:\/\/swissbaker.ch\/wp-content\/uploads\/2022\/04\/sbc-logo-yoast.jpg","contentUrl":"https:\/\/swissbaker.ch\/wp-content\/uploads\/2022\/04\/sbc-logo-yoast.jpg","width":512,"height":512,"caption":"Schweizerischer B\u00e4cker-Confiseurmeister-Verband"},"image":{"@id":"https:\/\/swissbaker.ch\/fr\/#\/schema\/logo\/image\/"},"sameAs":["https:\/\/www.facebook.com\/swissbaker.ch","https:\/\/x.com\/ch_swissbaker"]},{"@type":"Person","@id":"https:\/\/swissbaker.ch\/fr\/#\/schema\/person\/74bd327b08c18ca6042c02ff6f0ed5e2","name":"Simon Nussbaum","image":{"@type":"ImageObject","inLanguage":"fr-FR","@id":"https:\/\/swissbaker.ch\/fr\/#\/schema\/person\/image\/","url":"https:\/\/secure.gravatar.com\/avatar\/df0eced3bb556c806cb760cf503ade1ed1df25b4104d80d6fd28d93a9509aa12?s=96&d=mm&r=g","contentUrl":"https:\/\/secure.gravatar.com\/avatar\/df0eced3bb556c806cb760cf503ade1ed1df25b4104d80d6fd28d93a9509aa12?s=96&d=mm&r=g","caption":"Simon Nussbaum"},"url":"https:\/\/swissbaker.ch\/fr\/panissimo-news\/author\/simon-nussbaum\/"}]}},"_links":{"self":[{"href":"https:\/\/swissbaker.ch\/fr\/wp-json\/wp\/v2\/posts\/75723","targetHints":{"allow":["GET"]}}],"collection":[{"href":"https:\/\/swissbaker.ch\/fr\/wp-json\/wp\/v2\/posts"}],"about":[{"href":"https:\/\/swissbaker.ch\/fr\/wp-json\/wp\/v2\/types\/post"}],"author":[{"embeddable":true,"href":"https:\/\/swissbaker.ch\/fr\/wp-json\/wp\/v2\/users\/5"}],"replies":[{"embeddable":true,"href":"https:\/\/swissbaker.ch\/fr\/wp-json\/wp\/v2\/comments?post=75723"}],"version-history":[{"count":0,"href":"https:\/\/swissbaker.ch\/fr\/wp-json\/wp\/v2\/posts\/75723\/revisions"}],"wp:featuredmedia":[{"embeddable":true,"href":"https:\/\/swissbaker.ch\/fr\/wp-json\/wp\/v2\/media\/75717"}],"wp:attachment":[{"href":"https:\/\/swissbaker.ch\/fr\/wp-json\/wp\/v2\/media?parent=75723"}],"wp:term":[{"taxonomy":"category","embeddable":true,"href":"https:\/\/swissbaker.ch\/fr\/wp-json\/wp\/v2\/categories?post=75723"},{"taxonomy":"post_tag","embeddable":true,"href":"https:\/\/swissbaker.ch\/fr\/wp-json\/wp\/v2\/tags?post=75723"}],"curies":[{"name":"wp","href":"https:\/\/api.w.org\/{rel}","templated":true}]}}