{"id":75636,"date":"2024-02-22T12:01:22","date_gmt":"2024-02-22T11:01:22","guid":{"rendered":"https:\/\/swissbaker.ch\/?p=75636"},"modified":"2024-02-22T15:10:54","modified_gmt":"2024-02-22T14:10:54","slug":"vingt-trois-pralines-une-gagnante-radieuse","status":"publish","type":"post","link":"https:\/\/swissbaker.ch\/fr\/panissimo-news\/vingt-trois-pralines-une-gagnante-radieuse\/","title":{"rendered":"Vingt-trois pralin\u00e9s, une gagnante radieuse"},"content":{"rendered":"\n<p><strong>La gagnante du 2e Concours du pralin\u00e9 \u00e0 l\u2019eau-de-vie a \u00e9t\u00e9 d\u00e9sign\u00e9e\u2009: Ursula Schmid de la Confiserie Speck \u00e0 Zoug a s\u00e9duit le jury avec sa cr\u00e9ation \u00ab\u2009Little Pear Crumble\u2009\u00bb. Les places du podium sont occup\u00e9es par Thurgovie et Zurich. Le prix sp\u00e9cial Carma pour l\u2019esth\u00e9tique et le \u00ab\u2009storytelling\u2009\u00bb est remport\u00e9 par un confiseur bernois.<\/strong><\/p>\n\n\n\n<p>La concurrence \u00e9tait rude et une \u00e9valuation objective difficile, a d\u00e9clar\u00e9 le pr\u00e9sident du jury Patrick Zbinden\u2009: \u00ab\u2009C\u2019\u00e9tait beau de voir &#8211; et de go\u00fbter &#8211; \u00e0 quel point les pralin\u00e9s \u00e9taient cr\u00e9atifs et diff\u00e9rents les uns des autres.\u2009\u00bb Vingt-trois pralin\u00e9s ont \u00e9t\u00e9 analys\u00e9s et \u00e9valu\u00e9s par le jury \u00e0 l\u2019\u00e9cole professionnelle Richemont de Lucerne.<\/p>\n\n\n\n<h2 class=\"wp-block-heading\" id=\"h-le-classement\">Le classement<\/h2>\n\n\n\n<div class=\"wp-block-media-text is-stacked-on-mobile\" style=\"grid-template-columns:27% auto\"><figure class=\"wp-block-media-text__media\"><img decoding=\"async\" width=\"300\" height=\"300\" src=\"https:\/\/swissbaker.ch\/wp-content\/uploads\/2024\/02\/pev_2024_praline_1rang.jpg\" alt=\"\" class=\"wp-image-75332 size-full\" srcset=\"https:\/\/swissbaker.ch\/wp-content\/uploads\/2024\/02\/pev_2024_praline_1rang.jpg 300w, https:\/\/swissbaker.ch\/wp-content\/uploads\/2024\/02\/pev_2024_praline_1rang-150x150.jpg 150w\" sizes=\"(max-width: 300px) 100vw, 300px\" \/><\/figure><div class=\"wp-block-media-text__content\">\n<p><strong>1<sup>\u00e8re<\/sup> place\u2009: Ursula Schmid de Speck Genuss AG \u00e0 Zoug<\/strong> avec <strong>\u00ab\u2009Little Pear Crumble\u2009\u00bb<\/strong> au Roter Williams (40\u202f% vol.) de la distillerie Heiner\u2019s Destillate \u00e0 Zoug. Le pralin\u00e9 s\u00e9duit par l\u2019harmonie et l\u2019originalit\u00e9 de son aspect, de son go\u00fbt et de sa texture qui est \u00e0 la fois croustillante, tendre et velout\u00e9e. L\u2019ar\u00f4me est \u00e9quilibr\u00e9.<\/p>\n<\/div><\/div>\n\n\n\n<div style=\"height:24px\" aria-hidden=\"true\" class=\"wp-block-spacer\"><\/div>\n\n\n\n<div class=\"wp-block-media-text is-stacked-on-mobile\" style=\"grid-template-columns:27% auto\"><figure class=\"wp-block-media-text__media\"><img decoding=\"async\" width=\"300\" height=\"300\" src=\"https:\/\/swissbaker.ch\/wp-content\/uploads\/2024\/02\/pev_2024_praline_3rang.jpg\" alt=\"\" class=\"wp-image-75339 size-full\" srcset=\"https:\/\/swissbaker.ch\/wp-content\/uploads\/2024\/02\/pev_2024_praline_3rang.jpg 300w, https:\/\/swissbaker.ch\/wp-content\/uploads\/2024\/02\/pev_2024_praline_3rang-150x150.jpg 150w\" sizes=\"(max-width: 300px) 100vw, 300px\" \/><\/figure><div class=\"wp-block-media-text__content\">\n<p><strong>2<sup>e<\/sup> place\u2009: Lucia R\u00f6llin de la Confiserie-Boulangerie Mohn AG \u00e0 Sulgen (TG)<\/strong> avec <strong>\u00ab\u2009Poire W cristallis\u00e9e\u2009\u00bb<\/strong> avec Brennmeister Williams, M\u00f6hl (40\u202f% vol.) de la cidrerie M\u00f6hl \u00e0 Arbon (TG). La poire Williams est \u00e0 l\u2019honneur dans ce pralin\u00e9. La note douce et sucr\u00e9e de l\u2019ar\u00f4me de la poire Williams s\u2019harmonise parfaitement avec le chocolat noir.<\/p>\n<\/div><\/div>\n\n\n\n<div style=\"height:22px\" aria-hidden=\"true\" class=\"wp-block-spacer\"><\/div>\n\n\n\n<div class=\"wp-block-media-text is-stacked-on-mobile\" style=\"grid-template-columns:27% auto\"><figure class=\"wp-block-media-text__media\"><img decoding=\"async\" width=\"300\" height=\"300\" src=\"https:\/\/swissbaker.ch\/wp-content\/uploads\/2024\/02\/pev_2024_praline_2rang.jpg\" alt=\"\" class=\"wp-image-75336 size-full\" srcset=\"https:\/\/swissbaker.ch\/wp-content\/uploads\/2024\/02\/pev_2024_praline_2rang.jpg 300w, https:\/\/swissbaker.ch\/wp-content\/uploads\/2024\/02\/pev_2024_praline_2rang-150x150.jpg 150w\" sizes=\"(max-width: 300px) 100vw, 300px\" \/><\/figure><div class=\"wp-block-media-text__content\">\n<p><strong>3<sup>e<\/sup> place\u2009: Marco Meier de la Confiserie Honold AG<\/strong> <strong>\u00e0 Zurich<\/strong> avec <strong>\u00ab\u2009Amicezia da p\u00e9r e nusch\u2009\u00bb<\/strong> avec de la Gelber Williams n\u00b0\u202f21 de la distillerie Humbel \u00e0 Stetten (AG). La composition s\u2019assemble harmonieusement et offre une exp\u00e9rience gustative vari\u00e9e.<\/p>\n<\/div><\/div>\n\n\n\n<div style=\"height:28px\" aria-hidden=\"true\" class=\"wp-block-spacer\"><\/div>\n\n\n\n<div class=\"wp-block-media-text is-stacked-on-mobile\" style=\"grid-template-columns:27% auto\"><figure class=\"wp-block-media-text__media\"><img decoding=\"async\" width=\"300\" height=\"300\" src=\"https:\/\/swissbaker.ch\/wp-content\/uploads\/2024\/02\/pev_2024_praline_spezialpreis_carma_2.jpg\" alt=\"\" class=\"wp-image-75665 size-full\" srcset=\"https:\/\/swissbaker.ch\/wp-content\/uploads\/2024\/02\/pev_2024_praline_spezialpreis_carma_2.jpg 300w, https:\/\/swissbaker.ch\/wp-content\/uploads\/2024\/02\/pev_2024_praline_spezialpreis_carma_2-150x150.jpg 150w\" sizes=\"(max-width: 300px) 100vw, 300px\" \/><\/figure><div class=\"wp-block-media-text__content\">\n<p><strong>Prix sp\u00e9cial Carma pour l\u2019esth\u00e9tique et le \u00ab\u2009storytelling\u2009\u00bb\u2009: Jorma Signer de Reinhard AG \u00e0 Berne<\/strong> avec <strong>\u00ab\u2009Back to the Future\u2009\u00bb<\/strong> avec de la Williams de la distillerie B\u00e4rtschi \u00e0 Schlosswil (BE). Un produit innovant qui recycle le pain d\u2019\u00e9pices de mani\u00e8re cr\u00e9ative. Food Save est un th\u00e8me actuel et important dans le secteur alimentaire. Il fait rimer plaisir, innovation et tradition. Le public est ainsi interpell\u00e9. Le nom du pralin\u00e9 et sa forme correspondent\u2009: le pralin\u00e9 en forme de poire entam\u00e9e, en r\u00e9f\u00e9rence au logo Apple.<\/p>\n<\/div><\/div>\n\n\n\n<h2 class=\"wp-block-heading\" id=\"h-la-gagnante\">La gagnante<\/h2>\n\n\n<div class=\"wp-block-image\">\n<figure class=\"aligncenter size-large is-resized\"><img decoding=\"async\" width=\"1024\" height=\"768\" src=\"https:\/\/swissbaker.ch\/wp-content\/uploads\/2024\/02\/img_3946-1024x768.jpg\" alt=\"\" class=\"wp-image-75617\" style=\"width:599px;height:auto\" srcset=\"https:\/\/swissbaker.ch\/wp-content\/uploads\/2024\/02\/img_3946-1024x768.jpg 1024w, https:\/\/swissbaker.ch\/wp-content\/uploads\/2024\/02\/img_3946-768x576.jpg 768w, https:\/\/swissbaker.ch\/wp-content\/uploads\/2024\/02\/img_3946-1536x1152.jpg 1536w, https:\/\/swissbaker.ch\/wp-content\/uploads\/2024\/02\/img_3946-2048x1536.jpg 2048w, https:\/\/swissbaker.ch\/wp-content\/uploads\/2024\/02\/img_3946-1000x750.jpg 1000w\" sizes=\"(max-width: 1024px) 100vw, 1024px\" \/><figcaption class=\"wp-element-caption\"><em>Ursula Schmid et Peter Speck, patron de Speck Genuss AG<\/em><\/figcaption><\/figure>\n<\/div>\n\n\n<p>Ursula Schmid avait d\u00e9j\u00e0 particip\u00e9 \u00e0 la premi\u00e8re \u00e9dition du concours en 2022. Elle avait alors remport\u00e9 la deuxi\u00e8me place. La premi\u00e8re avait \u00e9t\u00e9 d\u00e9cern\u00e9e \u00e0 son directeur de production Markus Waser. Cela r\u00e9jouit particuli\u00e8rement Peter Speck, de la confiserie o\u00f9 ils travaillent tous les deux\u2009: \u00ab\u2009Je suis tr\u00e8s fier de la performance d\u2019Ursula Schmid\u2009!\u2009\u00bb Il va de soi que ce pralin\u00e9 sera int\u00e9gr\u00e9 \u00e0 l\u2019assortiment. \u00ab\u2009Notre c\u0153ur bat pour la cerise, mais nous pouvons aussi faire de la poire\u2009!\u2009\u00bb, conclut-il avec un sourire.<\/p>\n\n\n\n<p><a href=\"https:\/\/swissbaker.ch\/fr\/panissimo-news\/fotogalerie\/concours-du-praline-a-leau-de-vie-ursula-schmid\/\"><strong>Plus de photos de la gagnante&#8230;\u00bb<\/strong><\/a><\/p>\n\n\n\n<p>La confiseuse schwyzoise \u00e9tait tr\u00e8s heureuse d\u2019avoir remport\u00e9 le premier prix, d\u2019autant plus qu\u2019elle ne s\u2019y attendait pas. Trois essais ont \u00e9t\u00e9 n\u00e9cessaires, ainsi que les suggestions d\u2019amis et de coll\u00e8gues, avant qu\u2019elle ne soit satisfaite du r\u00e9sultat. Qu\u2019est-ce qui rend ce pralin\u00e9 si particulier\u2009? \u00ab\u2009Les cubes de poire marin\u00e9s avec de la gel\u00e9e de Williams avec du crumble de gianduja et bien s\u00fbr la Williams. La mise en place de la tr\u00e8s fine tige en chocolat de la poire est d\u00e9licate et n\u2019est pas \u00e0 la port\u00e9e de tout le monde, c\u2019est un travail au millim\u00e8tre\u2009!\u2009\u00bb<\/p>\n\n\n\n<h3 class=\"wp-block-heading\" id=\"h-complement-de-patissiere-confiseuse\">Compl\u00e9ment de p\u00e2tissi\u00e8re-confiseuse<\/h3>\n\n\n\n<p>Ursula Schmid a d\u2019abord appris le m\u00e9tier de boulang\u00e8re-p\u00e2tissi\u00e8re \u00e0 Brunnen (SZ), puis a pass\u00e9 deux ans en Angleterre comme jeune fille au pair avant de reprendre le m\u00e9tier qu\u2019elle avait appris. A 23 ans, elle a commenc\u00e9 un apprentissage compl\u00e9mentaire d\u2019un an et demi en tant que p\u00e2tissi\u00e8re-confiseuse \u00e0 la confiserie Speck \u00e0 Zoug, o\u00f9 elle travaille depuis cinq ans. Lorsqu\u2019Ursula Schmid parle de son m\u00e9tier, sa passion est palpable. \u00ab\u2009J\u2019aime le c\u00f4t\u00e9 cr\u00e9atif. Ici, je peux le vivre pleinement\u2009! C\u2019est tr\u00e8s gratifiant de pouvoir faire plaisir aux gens avec des g\u00e2teaux, des tartes et des pralin\u00e9s.\u2009\u00bb<\/p>\n\n\n\n<h2 class=\"wp-block-heading\" id=\"h-le-concours\">Le concours<\/h2>\n\n\n\n<p>Le concours a \u00e9t\u00e9 organis\u00e9 pour la deuxi\u00e8me fois. Il a \u00e9t\u00e9 cr\u00e9\u00e9 par la BCS et par DistiSuisse, le plus important concours suisse de spiritueux. L\u2019initiateur du concours est Patrick Zbinden, sp\u00e9cialiste renomm\u00e9 de l\u2019analyse sensorielle des aliments et journaliste.<\/p>\n\n\n\n<h2 class=\"wp-block-heading\" id=\"h-les-criteres\">Les crit\u00e8res<\/h2>\n\n\n\n<p>Pour le Concours du pralin\u00e9 \u00e0 l\u2019eau-de-vie Williams, seuls des distillats Williams fabriqu\u00e9s \u00e0 partir de mati\u00e8res premi\u00e8res suisses pouvaient \u00eatre utilis\u00e9s. Le jury a \u00e9valu\u00e9 entre autres l\u2019aspect ext\u00e9rieur, l\u2019ar\u00f4me et le go\u00fbt ainsi que la texture des pralin\u00e9s. En outre, le lien avec la r\u00e9gion devait \u00eatre \u00e9vident et le storytelling compr\u00e9hensible.<\/p>\n\n\n\n<h2 class=\"wp-block-heading\" id=\"h-le-jury\">Le Jury<\/h2>\n\n\n\n<figure class=\"wp-block-image size-large\"><img decoding=\"async\" width=\"907\" height=\"1024\" src=\"https:\/\/swissbaker.ch\/wp-content\/uploads\/2024\/02\/pev_2024_jury-907x1024.jpg\" alt=\"\" class=\"wp-image-75633\" srcset=\"https:\/\/swissbaker.ch\/wp-content\/uploads\/2024\/02\/pev_2024_jury-907x1024.jpg 907w, https:\/\/swissbaker.ch\/wp-content\/uploads\/2024\/02\/pev_2024_jury-768x867.jpg 768w, https:\/\/swissbaker.ch\/wp-content\/uploads\/2024\/02\/pev_2024_jury.jpg 1200w\" sizes=\"(max-width: 907px) 100vw, 907px\" \/><\/figure>\n\n\n\n<ul class=\"wp-block-list\">\n<li>Patrick Zbinden, pr\u00e9sident du jury, journaliste sp\u00e9cialis\u00e9 dans l&#8217;alimentation, sp\u00e9cialiste ind\u00e9pendant de l&#8217;analyse sensorielle des aliments et &#8220;Ambassadeur du pain et chocolat&#8221;.<\/li>\n\n\n\n<li>Victor Egger, AOP\/DistiSuisse<\/li>\n\n\n\n<li>Lisa Frunz, membre du Comit\u00e9 central de la BCS et responsable du commerce de d\u00e9tail, Confiserie Bebi\u00e9 \u00e0 Lucerne<\/li>\n\n\n\n<li>Silvan Hotz, pr\u00e9sident de la BCS et copropri\u00e9taire de la boulangerie Hotz Rust \u00e0 Baar<\/li>\n\n\n\n<li>Jonas Inderbitzin, Acroscope<\/li>\n\n\n\n<li>Peter Jauch, pr\u00e9sident du Forum suisse des eaux-de-vie<\/li>\n\n\n\n<li>Nina Kobelt, journaliste alimentaire Tamedia<\/li>\n\n\n\n<li>Maximilian Niederberger, Carma \u00e0 Zurich<\/li>\n\n\n\n<li>Andr\u00e9 Richiger, membre du Forum suisse des eaux-de-vie<\/li>\n\n\n\n<li>Rebekka Salzmann, directrice et barmaid plusieurs fois prim\u00e9e<\/li>\n\n\n\n<li>Juliana Th\u00f6ny : championne du monde en titre de p\u00e2tisserie-confiserie, H\u00f4tel des Balances \u00e0 Lucerne<\/li>\n\n\n\n<li>Naomi Wahl, directrice de la Chocolate Academy de Carma \u00e0 Zurich<\/li>\n\n\n\n<li>Florian Walpen, membre du comit\u00e9 directeur du Forum suisse des eaux-de-vie<\/li>\n\n\n\n<li>Sina Z\u00fcger, deuxi\u00e8me au classement des SwissSkills 2022 en p\u00e2tisserie-confiserie, Richemont Fachschule \u00e0 Lucerne<\/li>\n<\/ul>\n\n\n\n<p>Coordinateur : Urs Meichtry, directeur de la p\u00e2tisserie Richemont Fachschule \u00e0 Lucerne<\/p>\n\n\n\n<p><a href=\"https:\/\/swissbaker.ch\/fr\/panissimo-news\/galerie\/concours-du-praline-a-leau-de-vie-2024\/\" target=\"_blank\" rel=\"noreferrer noopener\"><strong>Galerie de photos&#8230;\u00bb<\/strong><\/a><\/p>\n\n\n\n<p class=\"has-text-align-right\"><em>Claudia Vernocchi<\/em><\/p>\n","protected":false},"excerpt":{"rendered":"<p>La gagnante du 2e Concours du pralin\u00e9 \u00e0 l\u2019eau-de-vie a \u00e9t\u00e9 d\u00e9sign\u00e9e\u2009: Ursula Schmid de la Confiserie Speck \u00e0 Zoug a s\u00e9duit le jury avec sa cr\u00e9ation \u00ab\u2009Little Pear Crumble\u2009\u00bb. Les places du podium sont occup\u00e9es par Thurgovie et Zurich. Le prix sp\u00e9cial Carma pour l\u2019esth\u00e9tique et le \u00ab\u2009storytelling\u2009\u00bb est remport\u00e9 par un confiseur bernois.<\/p>\n","protected":false},"author":5,"featured_media":75364,"comment_status":"closed","ping_status":"closed","sticky":true,"template":"","format":"standard","meta":{"_acf_changed":false,"footnotes":""},"categories":[43],"tags":[],"class_list":["post-75636","post","type-post","status-publish","format-standard","has-post-thumbnail","hentry","category-concours"],"acf":[],"yoast_head":"<!-- This site is optimized with the Yoast SEO Premium plugin v26.8 (Yoast SEO v26.8) - https:\/\/yoast.com\/product\/yoast-seo-premium-wordpress\/ -->\n<title>Vingt-trois pralin\u00e9s, une gagnante radieuse | SBC<\/title>\n<meta name=\"description\" content=\"La gagnante du 2e Concours du pralin\u00e9 \u00e0 l\u2019eau-de-vie a \u00e9t\u00e9 d\u00e9sign\u00e9e\u2009: Ursula Schmid de la Confiserie Speck \u00e0 Zoug a s\u00e9duit le jury avec sa cr\u00e9ation.\" \/>\n<meta name=\"robots\" content=\"index, follow, max-snippet:-1, max-image-preview:large, max-video-preview:-1\" \/>\n<link rel=\"canonical\" href=\"https:\/\/swissbaker.ch\/fr\/panissimo-news\/vingt-trois-pralines-une-gagnante-radieuse\/\" \/>\n<meta property=\"og:locale\" content=\"fr_FR\" \/>\n<meta property=\"og:type\" content=\"article\" \/>\n<meta property=\"og:title\" content=\"Vingt-trois pralin\u00e9s, une gagnante radieuse\" \/>\n<meta property=\"og:description\" content=\"La gagnante du 2e Concours du pralin\u00e9 \u00e0 l\u2019eau-de-vie a \u00e9t\u00e9 d\u00e9sign\u00e9e\u2009: Ursula Schmid de la Confiserie Speck \u00e0 Zoug a s\u00e9duit le jury avec sa cr\u00e9ation.\" \/>\n<meta property=\"og:url\" content=\"https:\/\/swissbaker.ch\/fr\/panissimo-news\/vingt-trois-pralines-une-gagnante-radieuse\/\" \/>\n<meta property=\"og:site_name\" content=\"SBC\" \/>\n<meta property=\"article:publisher\" content=\"https:\/\/www.facebook.com\/swissbaker.ch\" \/>\n<meta property=\"article:published_time\" content=\"2024-02-22T11:01:22+00:00\" \/>\n<meta property=\"article:modified_time\" content=\"2024-02-22T14:10:54+00:00\" \/>\n<meta property=\"og:image\" content=\"https:\/\/swissbaker.ch\/wp-content\/uploads\/2024\/02\/4_1_pev_ursula_schmid.jpg\" \/>\n\t<meta property=\"og:image:width\" content=\"1200\" \/>\n\t<meta property=\"og:image:height\" content=\"712\" \/>\n\t<meta property=\"og:image:type\" content=\"image\/jpeg\" \/>\n<meta name=\"author\" content=\"Simon Nussbaum\" \/>\n<meta name=\"twitter:card\" content=\"summary_large_image\" \/>\n<meta name=\"twitter:creator\" content=\"@ch_swissbaker\" \/>\n<meta name=\"twitter:site\" content=\"@ch_swissbaker\" \/>\n<meta name=\"twitter:label1\" content=\"Written by\" \/>\n\t<meta name=\"twitter:data1\" content=\"Simon Nussbaum\" \/>\n\t<meta name=\"twitter:label2\" content=\"Est. reading time\" \/>\n\t<meta name=\"twitter:data2\" content=\"5 minutes\" \/>\n<script type=\"application\/ld+json\" class=\"yoast-schema-graph\">{\"@context\":\"https:\/\/schema.org\",\"@graph\":[{\"@type\":\"Article\",\"@id\":\"https:\/\/swissbaker.ch\/fr\/panissimo-news\/vingt-trois-pralines-une-gagnante-radieuse\/#article\",\"isPartOf\":{\"@id\":\"https:\/\/swissbaker.ch\/fr\/panissimo-news\/vingt-trois-pralines-une-gagnante-radieuse\/\"},\"author\":{\"name\":\"Simon Nussbaum\",\"@id\":\"https:\/\/swissbaker.ch\/fr\/#\/schema\/person\/74bd327b08c18ca6042c02ff6f0ed5e2\"},\"headline\":\"Vingt-trois pralin\u00e9s, une gagnante radieuse\",\"datePublished\":\"2024-02-22T11:01:22+00:00\",\"dateModified\":\"2024-02-22T14:10:54+00:00\",\"mainEntityOfPage\":{\"@id\":\"https:\/\/swissbaker.ch\/fr\/panissimo-news\/vingt-trois-pralines-une-gagnante-radieuse\/\"},\"wordCount\":1027,\"publisher\":{\"@id\":\"https:\/\/swissbaker.ch\/fr\/#organization\"},\"image\":{\"@id\":\"https:\/\/swissbaker.ch\/fr\/panissimo-news\/vingt-trois-pralines-une-gagnante-radieuse\/#primaryimage\"},\"thumbnailUrl\":\"https:\/\/swissbaker.ch\/wp-content\/uploads\/2024\/02\/4_1_pev_ursula_schmid.jpg\",\"articleSection\":[\"Concours\"],\"inLanguage\":\"fr-FR\"},{\"@type\":\"WebPage\",\"@id\":\"https:\/\/swissbaker.ch\/fr\/panissimo-news\/vingt-trois-pralines-une-gagnante-radieuse\/\",\"url\":\"https:\/\/swissbaker.ch\/fr\/panissimo-news\/vingt-trois-pralines-une-gagnante-radieuse\/\",\"name\":\"Vingt-trois pralin\u00e9s, une gagnante radieuse | SBC\",\"isPartOf\":{\"@id\":\"https:\/\/swissbaker.ch\/fr\/#website\"},\"primaryImageOfPage\":{\"@id\":\"https:\/\/swissbaker.ch\/fr\/panissimo-news\/vingt-trois-pralines-une-gagnante-radieuse\/#primaryimage\"},\"image\":{\"@id\":\"https:\/\/swissbaker.ch\/fr\/panissimo-news\/vingt-trois-pralines-une-gagnante-radieuse\/#primaryimage\"},\"thumbnailUrl\":\"https:\/\/swissbaker.ch\/wp-content\/uploads\/2024\/02\/4_1_pev_ursula_schmid.jpg\",\"datePublished\":\"2024-02-22T11:01:22+00:00\",\"dateModified\":\"2024-02-22T14:10:54+00:00\",\"description\":\"La gagnante du 2e Concours du pralin\u00e9 \u00e0 l\u2019eau-de-vie a \u00e9t\u00e9 d\u00e9sign\u00e9e\u2009: Ursula Schmid de la Confiserie Speck \u00e0 Zoug a s\u00e9duit le jury avec sa cr\u00e9ation.\",\"breadcrumb\":{\"@id\":\"https:\/\/swissbaker.ch\/fr\/panissimo-news\/vingt-trois-pralines-une-gagnante-radieuse\/#breadcrumb\"},\"inLanguage\":\"fr-FR\",\"potentialAction\":[{\"@type\":\"ReadAction\",\"target\":[\"https:\/\/swissbaker.ch\/fr\/panissimo-news\/vingt-trois-pralines-une-gagnante-radieuse\/\"]}]},{\"@type\":\"ImageObject\",\"inLanguage\":\"fr-FR\",\"@id\":\"https:\/\/swissbaker.ch\/fr\/panissimo-news\/vingt-trois-pralines-une-gagnante-radieuse\/#primaryimage\",\"url\":\"https:\/\/swissbaker.ch\/wp-content\/uploads\/2024\/02\/4_1_pev_ursula_schmid.jpg\",\"contentUrl\":\"https:\/\/swissbaker.ch\/wp-content\/uploads\/2024\/02\/4_1_pev_ursula_schmid.jpg\",\"width\":1200,\"height\":712},{\"@type\":\"BreadcrumbList\",\"@id\":\"https:\/\/swissbaker.ch\/fr\/panissimo-news\/vingt-trois-pralines-une-gagnante-radieuse\/#breadcrumb\",\"itemListElement\":[{\"@type\":\"ListItem\",\"position\":1,\"name\":\"\",\"item\":\"https:\/\/swissbaker.ch\/fr\/\"},{\"@type\":\"ListItem\",\"position\":2,\"name\":\"Concours\",\"item\":\"https:\/\/swissbaker.ch\/fr\/panissimo-news\/category\/concours\/\"},{\"@type\":\"ListItem\",\"position\":3,\"name\":\"Vingt-trois pralin\u00e9s, une gagnante radieuse\"}]},{\"@type\":\"WebSite\",\"@id\":\"https:\/\/swissbaker.ch\/fr\/#website\",\"url\":\"https:\/\/swissbaker.ch\/fr\/\",\"name\":\"SBC\",\"description\":\"\",\"publisher\":{\"@id\":\"https:\/\/swissbaker.ch\/fr\/#organization\"},\"potentialAction\":[{\"@type\":\"SearchAction\",\"target\":{\"@type\":\"EntryPoint\",\"urlTemplate\":\"https:\/\/swissbaker.ch\/fr\/?s={search_term_string}\"},\"query-input\":{\"@type\":\"PropertyValueSpecification\",\"valueRequired\":true,\"valueName\":\"search_term_string\"}}],\"inLanguage\":\"fr-FR\"},{\"@type\":\"Organization\",\"@id\":\"https:\/\/swissbaker.ch\/fr\/#organization\",\"name\":\"Schweizerischer B\u00e4cker-Confiseurmeister-Verband\",\"url\":\"https:\/\/swissbaker.ch\/fr\/\",\"logo\":{\"@type\":\"ImageObject\",\"inLanguage\":\"fr-FR\",\"@id\":\"https:\/\/swissbaker.ch\/fr\/#\/schema\/logo\/image\/\",\"url\":\"https:\/\/swissbaker.ch\/wp-content\/uploads\/2022\/04\/sbc-logo-yoast.jpg\",\"contentUrl\":\"https:\/\/swissbaker.ch\/wp-content\/uploads\/2022\/04\/sbc-logo-yoast.jpg\",\"width\":512,\"height\":512,\"caption\":\"Schweizerischer B\u00e4cker-Confiseurmeister-Verband\"},\"image\":{\"@id\":\"https:\/\/swissbaker.ch\/fr\/#\/schema\/logo\/image\/\"},\"sameAs\":[\"https:\/\/www.facebook.com\/swissbaker.ch\",\"https:\/\/x.com\/ch_swissbaker\"]},{\"@type\":\"Person\",\"@id\":\"https:\/\/swissbaker.ch\/fr\/#\/schema\/person\/74bd327b08c18ca6042c02ff6f0ed5e2\",\"name\":\"Simon Nussbaum\",\"image\":{\"@type\":\"ImageObject\",\"inLanguage\":\"fr-FR\",\"@id\":\"https:\/\/swissbaker.ch\/fr\/#\/schema\/person\/image\/\",\"url\":\"https:\/\/secure.gravatar.com\/avatar\/df0eced3bb556c806cb760cf503ade1ed1df25b4104d80d6fd28d93a9509aa12?s=96&d=mm&r=g\",\"contentUrl\":\"https:\/\/secure.gravatar.com\/avatar\/df0eced3bb556c806cb760cf503ade1ed1df25b4104d80d6fd28d93a9509aa12?s=96&d=mm&r=g\",\"caption\":\"Simon Nussbaum\"},\"url\":\"https:\/\/swissbaker.ch\/fr\/panissimo-news\/author\/simon-nussbaum\/\"}]}<\/script>\n<!-- \/ Yoast SEO Premium plugin. -->","yoast_head_json":{"title":"Vingt-trois pralin\u00e9s, une gagnante radieuse | SBC","description":"La gagnante du 2e Concours du pralin\u00e9 \u00e0 l\u2019eau-de-vie a \u00e9t\u00e9 d\u00e9sign\u00e9e\u2009: Ursula Schmid de la Confiserie Speck \u00e0 Zoug a s\u00e9duit le jury avec sa cr\u00e9ation.","robots":{"index":"index","follow":"follow","max-snippet":"max-snippet:-1","max-image-preview":"max-image-preview:large","max-video-preview":"max-video-preview:-1"},"canonical":"https:\/\/swissbaker.ch\/fr\/panissimo-news\/vingt-trois-pralines-une-gagnante-radieuse\/","og_locale":"fr_FR","og_type":"article","og_title":"Vingt-trois pralin\u00e9s, une gagnante radieuse","og_description":"La gagnante du 2e Concours du pralin\u00e9 \u00e0 l\u2019eau-de-vie a \u00e9t\u00e9 d\u00e9sign\u00e9e\u2009: Ursula Schmid de la Confiserie Speck \u00e0 Zoug a s\u00e9duit le jury avec sa cr\u00e9ation.","og_url":"https:\/\/swissbaker.ch\/fr\/panissimo-news\/vingt-trois-pralines-une-gagnante-radieuse\/","og_site_name":"SBC","article_publisher":"https:\/\/www.facebook.com\/swissbaker.ch","article_published_time":"2024-02-22T11:01:22+00:00","article_modified_time":"2024-02-22T14:10:54+00:00","og_image":[{"width":1200,"height":712,"url":"https:\/\/swissbaker.ch\/wp-content\/uploads\/2024\/02\/4_1_pev_ursula_schmid.jpg","type":"image\/jpeg"}],"author":"Simon Nussbaum","twitter_card":"summary_large_image","twitter_creator":"@ch_swissbaker","twitter_site":"@ch_swissbaker","twitter_misc":{"Written by":"Simon Nussbaum","Est. reading time":"5 minutes"},"schema":{"@context":"https:\/\/schema.org","@graph":[{"@type":"Article","@id":"https:\/\/swissbaker.ch\/fr\/panissimo-news\/vingt-trois-pralines-une-gagnante-radieuse\/#article","isPartOf":{"@id":"https:\/\/swissbaker.ch\/fr\/panissimo-news\/vingt-trois-pralines-une-gagnante-radieuse\/"},"author":{"name":"Simon Nussbaum","@id":"https:\/\/swissbaker.ch\/fr\/#\/schema\/person\/74bd327b08c18ca6042c02ff6f0ed5e2"},"headline":"Vingt-trois pralin\u00e9s, une gagnante radieuse","datePublished":"2024-02-22T11:01:22+00:00","dateModified":"2024-02-22T14:10:54+00:00","mainEntityOfPage":{"@id":"https:\/\/swissbaker.ch\/fr\/panissimo-news\/vingt-trois-pralines-une-gagnante-radieuse\/"},"wordCount":1027,"publisher":{"@id":"https:\/\/swissbaker.ch\/fr\/#organization"},"image":{"@id":"https:\/\/swissbaker.ch\/fr\/panissimo-news\/vingt-trois-pralines-une-gagnante-radieuse\/#primaryimage"},"thumbnailUrl":"https:\/\/swissbaker.ch\/wp-content\/uploads\/2024\/02\/4_1_pev_ursula_schmid.jpg","articleSection":["Concours"],"inLanguage":"fr-FR"},{"@type":"WebPage","@id":"https:\/\/swissbaker.ch\/fr\/panissimo-news\/vingt-trois-pralines-une-gagnante-radieuse\/","url":"https:\/\/swissbaker.ch\/fr\/panissimo-news\/vingt-trois-pralines-une-gagnante-radieuse\/","name":"Vingt-trois pralin\u00e9s, une gagnante radieuse | SBC","isPartOf":{"@id":"https:\/\/swissbaker.ch\/fr\/#website"},"primaryImageOfPage":{"@id":"https:\/\/swissbaker.ch\/fr\/panissimo-news\/vingt-trois-pralines-une-gagnante-radieuse\/#primaryimage"},"image":{"@id":"https:\/\/swissbaker.ch\/fr\/panissimo-news\/vingt-trois-pralines-une-gagnante-radieuse\/#primaryimage"},"thumbnailUrl":"https:\/\/swissbaker.ch\/wp-content\/uploads\/2024\/02\/4_1_pev_ursula_schmid.jpg","datePublished":"2024-02-22T11:01:22+00:00","dateModified":"2024-02-22T14:10:54+00:00","description":"La gagnante du 2e Concours du pralin\u00e9 \u00e0 l\u2019eau-de-vie a \u00e9t\u00e9 d\u00e9sign\u00e9e\u2009: Ursula Schmid de la Confiserie Speck \u00e0 Zoug a s\u00e9duit le jury avec sa cr\u00e9ation.","breadcrumb":{"@id":"https:\/\/swissbaker.ch\/fr\/panissimo-news\/vingt-trois-pralines-une-gagnante-radieuse\/#breadcrumb"},"inLanguage":"fr-FR","potentialAction":[{"@type":"ReadAction","target":["https:\/\/swissbaker.ch\/fr\/panissimo-news\/vingt-trois-pralines-une-gagnante-radieuse\/"]}]},{"@type":"ImageObject","inLanguage":"fr-FR","@id":"https:\/\/swissbaker.ch\/fr\/panissimo-news\/vingt-trois-pralines-une-gagnante-radieuse\/#primaryimage","url":"https:\/\/swissbaker.ch\/wp-content\/uploads\/2024\/02\/4_1_pev_ursula_schmid.jpg","contentUrl":"https:\/\/swissbaker.ch\/wp-content\/uploads\/2024\/02\/4_1_pev_ursula_schmid.jpg","width":1200,"height":712},{"@type":"BreadcrumbList","@id":"https:\/\/swissbaker.ch\/fr\/panissimo-news\/vingt-trois-pralines-une-gagnante-radieuse\/#breadcrumb","itemListElement":[{"@type":"ListItem","position":1,"name":"","item":"https:\/\/swissbaker.ch\/fr\/"},{"@type":"ListItem","position":2,"name":"Concours","item":"https:\/\/swissbaker.ch\/fr\/panissimo-news\/category\/concours\/"},{"@type":"ListItem","position":3,"name":"Vingt-trois pralin\u00e9s, une gagnante radieuse"}]},{"@type":"WebSite","@id":"https:\/\/swissbaker.ch\/fr\/#website","url":"https:\/\/swissbaker.ch\/fr\/","name":"SBC","description":"","publisher":{"@id":"https:\/\/swissbaker.ch\/fr\/#organization"},"potentialAction":[{"@type":"SearchAction","target":{"@type":"EntryPoint","urlTemplate":"https:\/\/swissbaker.ch\/fr\/?s={search_term_string}"},"query-input":{"@type":"PropertyValueSpecification","valueRequired":true,"valueName":"search_term_string"}}],"inLanguage":"fr-FR"},{"@type":"Organization","@id":"https:\/\/swissbaker.ch\/fr\/#organization","name":"Schweizerischer B\u00e4cker-Confiseurmeister-Verband","url":"https:\/\/swissbaker.ch\/fr\/","logo":{"@type":"ImageObject","inLanguage":"fr-FR","@id":"https:\/\/swissbaker.ch\/fr\/#\/schema\/logo\/image\/","url":"https:\/\/swissbaker.ch\/wp-content\/uploads\/2022\/04\/sbc-logo-yoast.jpg","contentUrl":"https:\/\/swissbaker.ch\/wp-content\/uploads\/2022\/04\/sbc-logo-yoast.jpg","width":512,"height":512,"caption":"Schweizerischer B\u00e4cker-Confiseurmeister-Verband"},"image":{"@id":"https:\/\/swissbaker.ch\/fr\/#\/schema\/logo\/image\/"},"sameAs":["https:\/\/www.facebook.com\/swissbaker.ch","https:\/\/x.com\/ch_swissbaker"]},{"@type":"Person","@id":"https:\/\/swissbaker.ch\/fr\/#\/schema\/person\/74bd327b08c18ca6042c02ff6f0ed5e2","name":"Simon Nussbaum","image":{"@type":"ImageObject","inLanguage":"fr-FR","@id":"https:\/\/swissbaker.ch\/fr\/#\/schema\/person\/image\/","url":"https:\/\/secure.gravatar.com\/avatar\/df0eced3bb556c806cb760cf503ade1ed1df25b4104d80d6fd28d93a9509aa12?s=96&d=mm&r=g","contentUrl":"https:\/\/secure.gravatar.com\/avatar\/df0eced3bb556c806cb760cf503ade1ed1df25b4104d80d6fd28d93a9509aa12?s=96&d=mm&r=g","caption":"Simon Nussbaum"},"url":"https:\/\/swissbaker.ch\/fr\/panissimo-news\/author\/simon-nussbaum\/"}]}},"_links":{"self":[{"href":"https:\/\/swissbaker.ch\/fr\/wp-json\/wp\/v2\/posts\/75636","targetHints":{"allow":["GET"]}}],"collection":[{"href":"https:\/\/swissbaker.ch\/fr\/wp-json\/wp\/v2\/posts"}],"about":[{"href":"https:\/\/swissbaker.ch\/fr\/wp-json\/wp\/v2\/types\/post"}],"author":[{"embeddable":true,"href":"https:\/\/swissbaker.ch\/fr\/wp-json\/wp\/v2\/users\/5"}],"replies":[{"embeddable":true,"href":"https:\/\/swissbaker.ch\/fr\/wp-json\/wp\/v2\/comments?post=75636"}],"version-history":[{"count":0,"href":"https:\/\/swissbaker.ch\/fr\/wp-json\/wp\/v2\/posts\/75636\/revisions"}],"wp:featuredmedia":[{"embeddable":true,"href":"https:\/\/swissbaker.ch\/fr\/wp-json\/wp\/v2\/media\/75364"}],"wp:attachment":[{"href":"https:\/\/swissbaker.ch\/fr\/wp-json\/wp\/v2\/media?parent=75636"}],"wp:term":[{"taxonomy":"category","embeddable":true,"href":"https:\/\/swissbaker.ch\/fr\/wp-json\/wp\/v2\/categories?post=75636"},{"taxonomy":"post_tag","embeddable":true,"href":"https:\/\/swissbaker.ch\/fr\/wp-json\/wp\/v2\/tags?post=75636"}],"curies":[{"name":"wp","href":"https:\/\/api.w.org\/{rel}","templated":true}]}}