{"id":7552,"date":"2021-12-15T14:08:00","date_gmt":"2021-12-15T13:08:00","guid":{"rendered":"https:\/\/swissbaker.ch\/?p=7552"},"modified":"2022-04-29T15:06:31","modified_gmt":"2022-04-29T13:06:31","slug":"christof-erne-prend-sa-retraite","status":"publish","type":"post","link":"https:\/\/swissbaker.ch\/fr\/panissimo-news\/christof-erne-prend-sa-retraite\/","title":{"rendered":"Christof Erne prend sa retraite"},"content":{"rendered":"\n<p><strong>En m\u00eame temps que cette derni\u00e8re \u00e9dition de \u00ab\u2009panissimo\u2009\u00bb en format journal (lire ci-dessous), Christof Erne, membre appr\u00e9ci\u00e9 de la r\u00e9daction depuis de nombreuses ann\u00e9es, prend sa retraite. Il a collabor\u00e9 pendant 22 ans en tant que r\u00e9dacteur comp\u00e9tent, engag\u00e9 et conscient de ses obligations. L\u2019\u00e9quipe de la BCS et les membres de la branche ont beaucoup appr\u00e9ci\u00e9 la collaboration avec Christof Erne.<\/strong><\/p>\n\n\n\n<p>Au secr\u00e9tariat de la BCS, ce ne sont pas seulement les excellentes connaissances de la langue allemande, le flair technique, l\u2019exactitude et le soin de l\u2019ancien enseignant et correcteur qui ont \u00e9t\u00e9 appr\u00e9ci\u00e9s. Ses connaissances approfondies de la branche, son grand int\u00e9r\u00eat pour la boulangerie-confiserie, sa soif d\u2019apprendre et sa serviabilit\u00e9 vont \u00e9galement manquer. Avec son style journalistique concis, il \u00e9tait capable de r\u00e9sumer les textes les plus complexes dans un langage compr\u00e9hensible et adapt\u00e9 au groupe cible.<br>Sa derni\u00e8re \u0153uvre, la s\u00e9rie sur le levain, publi\u00e9e \u00e0 intervalles r\u00e9guliers dans \u00ab panissimo \u00bb et en ligne en 2021, restera inoubliable et a suscit\u00e9 un grand int\u00e9r\u00eat. Elle t\u00e9moigne de son important savoir-faire et de ses comp\u00e9tences journalistiques. D\u2019ailleurs, gr\u00e2ce \u00e0 ses vastes connaissances en InDesign et en informatique, Christof Erne a jou\u00e9 un r\u00f4le d\u00e9terminant dans la refonte de \u00ab panissimo \u00bb. Ses traces sont conserv\u00e9es.<\/p>\n\n\n\n<p>Cher Christof, un grand merci pour ta pr\u00e9cieuse collaboration et ton engagement. Toute l\u2019\u00e9quipe de la BCS te souhaite le meilleur pour l\u2019avenir.<\/p>\n","protected":false},"excerpt":{"rendered":"<p>En m\u00eame temps que cette derni\u00e8re \u00e9dition de \u00ab\u2009panissimo\u2009\u00bb en format journal (lire ci-dessous), Christof Erne, membre appr\u00e9ci\u00e9 de la r\u00e9daction depuis de nombreuses ann\u00e9es, prend sa retraite. Il a collabor\u00e9 pendant 22 ans en tant que r\u00e9dacteur comp\u00e9tent, engag\u00e9 et conscient de ses obligations. L\u2019\u00e9quipe de la BCS et les membres de la branche ont beaucoup appr\u00e9ci\u00e9 la collaboration [&hellip;]<\/p>\n","protected":false},"author":1,"featured_media":5111,"comment_status":"open","ping_status":"closed","sticky":false,"template":"","format":"standard","meta":{"_acf_changed":false,"footnotes":""},"categories":[41],"tags":[],"class_list":["post-7552","post","type-post","status-publish","format-standard","has-post-thumbnail","hentry","category-association"],"acf":[],"yoast_head":"<!-- This site is optimized with the Yoast SEO Premium plugin v26.8 (Yoast SEO v26.8) - https:\/\/yoast.com\/product\/yoast-seo-premium-wordpress\/ -->\n<title>Christof Erne prend sa retraite | SBC<\/title>\n<meta name=\"robots\" content=\"index, follow, max-snippet:-1, max-image-preview:large, max-video-preview:-1\" \/>\n<link rel=\"canonical\" href=\"https:\/\/swissbaker.ch\/fr\/panissimo-news\/christof-erne-prend-sa-retraite\/\" \/>\n<meta property=\"og:locale\" content=\"fr_FR\" \/>\n<meta property=\"og:type\" content=\"article\" \/>\n<meta property=\"og:title\" content=\"Christof Erne prend sa retraite\" \/>\n<meta property=\"og:description\" content=\"En m\u00eame temps que cette derni\u00e8re \u00e9dition de \u00ab\u2009panissimo\u2009\u00bb en format journal (lire ci-dessous), Christof Erne, membre appr\u00e9ci\u00e9 de la r\u00e9daction depuis de nombreuses ann\u00e9es, prend sa retraite. Il a collabor\u00e9 pendant 22 ans en tant que r\u00e9dacteur comp\u00e9tent, engag\u00e9 et conscient de ses obligations. L\u2019\u00e9quipe de la BCS et les membres de la branche ont beaucoup appr\u00e9ci\u00e9 la collaboration [&hellip;]\" \/>\n<meta property=\"og:url\" content=\"https:\/\/swissbaker.ch\/fr\/panissimo-news\/christof-erne-prend-sa-retraite\/\" \/>\n<meta property=\"og:site_name\" content=\"SBC\" \/>\n<meta property=\"article:publisher\" content=\"https:\/\/www.facebook.com\/swissbaker.ch\" \/>\n<meta property=\"article:published_time\" content=\"2021-12-15T13:08:00+00:00\" \/>\n<meta property=\"article:modified_time\" content=\"2022-04-29T13:06:31+00:00\" \/>\n<meta property=\"og:image\" content=\"https:\/\/swissbaker.ch\/wp-content\/uploads\/2022\/03\/25_1_christof.jpeg\" \/>\n\t<meta property=\"og:image:width\" content=\"800\" \/>\n\t<meta property=\"og:image:height\" content=\"474\" \/>\n\t<meta property=\"og:image:type\" content=\"image\/jpeg\" \/>\n<meta name=\"author\" content=\"azureart\" \/>\n<meta name=\"twitter:card\" content=\"summary_large_image\" \/>\n<meta name=\"twitter:creator\" content=\"@ch_swissbaker\" \/>\n<meta name=\"twitter:site\" content=\"@ch_swissbaker\" \/>\n<meta name=\"twitter:label1\" content=\"Written by\" \/>\n\t<meta name=\"twitter:data1\" content=\"azureart\" \/>\n\t<meta name=\"twitter:label2\" content=\"Est. reading time\" \/>\n\t<meta name=\"twitter:data2\" content=\"2 minutes\" \/>\n<script type=\"application\/ld+json\" class=\"yoast-schema-graph\">{\"@context\":\"https:\/\/schema.org\",\"@graph\":[{\"@type\":\"Article\",\"@id\":\"https:\/\/swissbaker.ch\/fr\/panissimo-news\/christof-erne-prend-sa-retraite\/#article\",\"isPartOf\":{\"@id\":\"https:\/\/swissbaker.ch\/fr\/panissimo-news\/christof-erne-prend-sa-retraite\/\"},\"author\":{\"name\":\"azureart\",\"@id\":\"https:\/\/swissbaker.ch\/fr\/#\/schema\/person\/058ac47619f7da53df62aba60f939b78\"},\"headline\":\"Christof Erne prend sa retraite\",\"datePublished\":\"2021-12-15T13:08:00+00:00\",\"dateModified\":\"2022-04-29T13:06:31+00:00\",\"mainEntityOfPage\":{\"@id\":\"https:\/\/swissbaker.ch\/fr\/panissimo-news\/christof-erne-prend-sa-retraite\/\"},\"wordCount\":265,\"commentCount\":0,\"publisher\":{\"@id\":\"https:\/\/swissbaker.ch\/fr\/#organization\"},\"image\":{\"@id\":\"https:\/\/swissbaker.ch\/fr\/panissimo-news\/christof-erne-prend-sa-retraite\/#primaryimage\"},\"thumbnailUrl\":\"https:\/\/swissbaker.ch\/wp-content\/uploads\/2022\/03\/25_1_christof.jpeg\",\"articleSection\":[\"Association\"],\"inLanguage\":\"fr-FR\",\"potentialAction\":[{\"@type\":\"CommentAction\",\"name\":\"Comment\",\"target\":[\"https:\/\/swissbaker.ch\/fr\/panissimo-news\/christof-erne-prend-sa-retraite\/#respond\"]}]},{\"@type\":\"WebPage\",\"@id\":\"https:\/\/swissbaker.ch\/fr\/panissimo-news\/christof-erne-prend-sa-retraite\/\",\"url\":\"https:\/\/swissbaker.ch\/fr\/panissimo-news\/christof-erne-prend-sa-retraite\/\",\"name\":\"Christof Erne prend sa retraite | SBC\",\"isPartOf\":{\"@id\":\"https:\/\/swissbaker.ch\/fr\/#website\"},\"primaryImageOfPage\":{\"@id\":\"https:\/\/swissbaker.ch\/fr\/panissimo-news\/christof-erne-prend-sa-retraite\/#primaryimage\"},\"image\":{\"@id\":\"https:\/\/swissbaker.ch\/fr\/panissimo-news\/christof-erne-prend-sa-retraite\/#primaryimage\"},\"thumbnailUrl\":\"https:\/\/swissbaker.ch\/wp-content\/uploads\/2022\/03\/25_1_christof.jpeg\",\"datePublished\":\"2021-12-15T13:08:00+00:00\",\"dateModified\":\"2022-04-29T13:06:31+00:00\",\"breadcrumb\":{\"@id\":\"https:\/\/swissbaker.ch\/fr\/panissimo-news\/christof-erne-prend-sa-retraite\/#breadcrumb\"},\"inLanguage\":\"fr-FR\",\"potentialAction\":[{\"@type\":\"ReadAction\",\"target\":[\"https:\/\/swissbaker.ch\/fr\/panissimo-news\/christof-erne-prend-sa-retraite\/\"]}]},{\"@type\":\"ImageObject\",\"inLanguage\":\"fr-FR\",\"@id\":\"https:\/\/swissbaker.ch\/fr\/panissimo-news\/christof-erne-prend-sa-retraite\/#primaryimage\",\"url\":\"https:\/\/swissbaker.ch\/wp-content\/uploads\/2022\/03\/25_1_christof.jpeg\",\"contentUrl\":\"https:\/\/swissbaker.ch\/wp-content\/uploads\/2022\/03\/25_1_christof.jpeg\",\"width\":800,\"height\":474,\"caption\":\"Christof Erne prend sa retraite\"},{\"@type\":\"BreadcrumbList\",\"@id\":\"https:\/\/swissbaker.ch\/fr\/panissimo-news\/christof-erne-prend-sa-retraite\/#breadcrumb\",\"itemListElement\":[{\"@type\":\"ListItem\",\"position\":1,\"name\":\"\",\"item\":\"https:\/\/swissbaker.ch\/fr\/\"},{\"@type\":\"ListItem\",\"position\":2,\"name\":\"Association\",\"item\":\"https:\/\/swissbaker.ch\/fr\/panissimo-news\/category\/association\/\"},{\"@type\":\"ListItem\",\"position\":3,\"name\":\"Christof Erne prend sa retraite\"}]},{\"@type\":\"WebSite\",\"@id\":\"https:\/\/swissbaker.ch\/fr\/#website\",\"url\":\"https:\/\/swissbaker.ch\/fr\/\",\"name\":\"SBC\",\"description\":\"\",\"publisher\":{\"@id\":\"https:\/\/swissbaker.ch\/fr\/#organization\"},\"potentialAction\":[{\"@type\":\"SearchAction\",\"target\":{\"@type\":\"EntryPoint\",\"urlTemplate\":\"https:\/\/swissbaker.ch\/fr\/?s={search_term_string}\"},\"query-input\":{\"@type\":\"PropertyValueSpecification\",\"valueRequired\":true,\"valueName\":\"search_term_string\"}}],\"inLanguage\":\"fr-FR\"},{\"@type\":\"Organization\",\"@id\":\"https:\/\/swissbaker.ch\/fr\/#organization\",\"name\":\"Schweizerischer B\u00e4cker-Confiseurmeister-Verband\",\"url\":\"https:\/\/swissbaker.ch\/fr\/\",\"logo\":{\"@type\":\"ImageObject\",\"inLanguage\":\"fr-FR\",\"@id\":\"https:\/\/swissbaker.ch\/fr\/#\/schema\/logo\/image\/\",\"url\":\"https:\/\/swissbaker.ch\/wp-content\/uploads\/2022\/04\/sbc-logo-yoast.jpg\",\"contentUrl\":\"https:\/\/swissbaker.ch\/wp-content\/uploads\/2022\/04\/sbc-logo-yoast.jpg\",\"width\":512,\"height\":512,\"caption\":\"Schweizerischer B\u00e4cker-Confiseurmeister-Verband\"},\"image\":{\"@id\":\"https:\/\/swissbaker.ch\/fr\/#\/schema\/logo\/image\/\"},\"sameAs\":[\"https:\/\/www.facebook.com\/swissbaker.ch\",\"https:\/\/x.com\/ch_swissbaker\"]},{\"@type\":\"Person\",\"@id\":\"https:\/\/swissbaker.ch\/fr\/#\/schema\/person\/058ac47619f7da53df62aba60f939b78\",\"name\":\"azureart\",\"image\":{\"@type\":\"ImageObject\",\"inLanguage\":\"fr-FR\",\"@id\":\"https:\/\/swissbaker.ch\/fr\/#\/schema\/person\/image\/\",\"url\":\"https:\/\/secure.gravatar.com\/avatar\/be04dd3098fd612c83067af4f7a295384c93cb6a9112f51beb9d2f477d25da61?s=96&d=mm&r=g\",\"contentUrl\":\"https:\/\/secure.gravatar.com\/avatar\/be04dd3098fd612c83067af4f7a295384c93cb6a9112f51beb9d2f477d25da61?s=96&d=mm&r=g\",\"caption\":\"azureart\"},\"sameAs\":[\"https:\/\/swissbaker.ch\"],\"url\":\"https:\/\/swissbaker.ch\/fr\/panissimo-news\/author\/pixel-ahoi\/\"}]}<\/script>\n<!-- \/ Yoast SEO Premium plugin. -->","yoast_head_json":{"title":"Christof Erne prend sa retraite | SBC","robots":{"index":"index","follow":"follow","max-snippet":"max-snippet:-1","max-image-preview":"max-image-preview:large","max-video-preview":"max-video-preview:-1"},"canonical":"https:\/\/swissbaker.ch\/fr\/panissimo-news\/christof-erne-prend-sa-retraite\/","og_locale":"fr_FR","og_type":"article","og_title":"Christof Erne prend sa retraite","og_description":"En m\u00eame temps que cette derni\u00e8re \u00e9dition de \u00ab\u2009panissimo\u2009\u00bb en format journal (lire ci-dessous), Christof Erne, membre appr\u00e9ci\u00e9 de la r\u00e9daction depuis de nombreuses ann\u00e9es, prend sa retraite. Il a collabor\u00e9 pendant 22 ans en tant que r\u00e9dacteur comp\u00e9tent, engag\u00e9 et conscient de ses obligations. L\u2019\u00e9quipe de la BCS et les membres de la branche ont beaucoup appr\u00e9ci\u00e9 la collaboration [&hellip;]","og_url":"https:\/\/swissbaker.ch\/fr\/panissimo-news\/christof-erne-prend-sa-retraite\/","og_site_name":"SBC","article_publisher":"https:\/\/www.facebook.com\/swissbaker.ch","article_published_time":"2021-12-15T13:08:00+00:00","article_modified_time":"2022-04-29T13:06:31+00:00","og_image":[{"width":800,"height":474,"url":"https:\/\/swissbaker.ch\/wp-content\/uploads\/2022\/03\/25_1_christof.jpeg","type":"image\/jpeg"}],"author":"azureart","twitter_card":"summary_large_image","twitter_creator":"@ch_swissbaker","twitter_site":"@ch_swissbaker","twitter_misc":{"Written by":"azureart","Est. reading time":"2 minutes"},"schema":{"@context":"https:\/\/schema.org","@graph":[{"@type":"Article","@id":"https:\/\/swissbaker.ch\/fr\/panissimo-news\/christof-erne-prend-sa-retraite\/#article","isPartOf":{"@id":"https:\/\/swissbaker.ch\/fr\/panissimo-news\/christof-erne-prend-sa-retraite\/"},"author":{"name":"azureart","@id":"https:\/\/swissbaker.ch\/fr\/#\/schema\/person\/058ac47619f7da53df62aba60f939b78"},"headline":"Christof Erne prend sa retraite","datePublished":"2021-12-15T13:08:00+00:00","dateModified":"2022-04-29T13:06:31+00:00","mainEntityOfPage":{"@id":"https:\/\/swissbaker.ch\/fr\/panissimo-news\/christof-erne-prend-sa-retraite\/"},"wordCount":265,"commentCount":0,"publisher":{"@id":"https:\/\/swissbaker.ch\/fr\/#organization"},"image":{"@id":"https:\/\/swissbaker.ch\/fr\/panissimo-news\/christof-erne-prend-sa-retraite\/#primaryimage"},"thumbnailUrl":"https:\/\/swissbaker.ch\/wp-content\/uploads\/2022\/03\/25_1_christof.jpeg","articleSection":["Association"],"inLanguage":"fr-FR","potentialAction":[{"@type":"CommentAction","name":"Comment","target":["https:\/\/swissbaker.ch\/fr\/panissimo-news\/christof-erne-prend-sa-retraite\/#respond"]}]},{"@type":"WebPage","@id":"https:\/\/swissbaker.ch\/fr\/panissimo-news\/christof-erne-prend-sa-retraite\/","url":"https:\/\/swissbaker.ch\/fr\/panissimo-news\/christof-erne-prend-sa-retraite\/","name":"Christof Erne prend sa retraite | SBC","isPartOf":{"@id":"https:\/\/swissbaker.ch\/fr\/#website"},"primaryImageOfPage":{"@id":"https:\/\/swissbaker.ch\/fr\/panissimo-news\/christof-erne-prend-sa-retraite\/#primaryimage"},"image":{"@id":"https:\/\/swissbaker.ch\/fr\/panissimo-news\/christof-erne-prend-sa-retraite\/#primaryimage"},"thumbnailUrl":"https:\/\/swissbaker.ch\/wp-content\/uploads\/2022\/03\/25_1_christof.jpeg","datePublished":"2021-12-15T13:08:00+00:00","dateModified":"2022-04-29T13:06:31+00:00","breadcrumb":{"@id":"https:\/\/swissbaker.ch\/fr\/panissimo-news\/christof-erne-prend-sa-retraite\/#breadcrumb"},"inLanguage":"fr-FR","potentialAction":[{"@type":"ReadAction","target":["https:\/\/swissbaker.ch\/fr\/panissimo-news\/christof-erne-prend-sa-retraite\/"]}]},{"@type":"ImageObject","inLanguage":"fr-FR","@id":"https:\/\/swissbaker.ch\/fr\/panissimo-news\/christof-erne-prend-sa-retraite\/#primaryimage","url":"https:\/\/swissbaker.ch\/wp-content\/uploads\/2022\/03\/25_1_christof.jpeg","contentUrl":"https:\/\/swissbaker.ch\/wp-content\/uploads\/2022\/03\/25_1_christof.jpeg","width":800,"height":474,"caption":"Christof Erne prend sa retraite"},{"@type":"BreadcrumbList","@id":"https:\/\/swissbaker.ch\/fr\/panissimo-news\/christof-erne-prend-sa-retraite\/#breadcrumb","itemListElement":[{"@type":"ListItem","position":1,"name":"","item":"https:\/\/swissbaker.ch\/fr\/"},{"@type":"ListItem","position":2,"name":"Association","item":"https:\/\/swissbaker.ch\/fr\/panissimo-news\/category\/association\/"},{"@type":"ListItem","position":3,"name":"Christof Erne prend sa retraite"}]},{"@type":"WebSite","@id":"https:\/\/swissbaker.ch\/fr\/#website","url":"https:\/\/swissbaker.ch\/fr\/","name":"SBC","description":"","publisher":{"@id":"https:\/\/swissbaker.ch\/fr\/#organization"},"potentialAction":[{"@type":"SearchAction","target":{"@type":"EntryPoint","urlTemplate":"https:\/\/swissbaker.ch\/fr\/?s={search_term_string}"},"query-input":{"@type":"PropertyValueSpecification","valueRequired":true,"valueName":"search_term_string"}}],"inLanguage":"fr-FR"},{"@type":"Organization","@id":"https:\/\/swissbaker.ch\/fr\/#organization","name":"Schweizerischer B\u00e4cker-Confiseurmeister-Verband","url":"https:\/\/swissbaker.ch\/fr\/","logo":{"@type":"ImageObject","inLanguage":"fr-FR","@id":"https:\/\/swissbaker.ch\/fr\/#\/schema\/logo\/image\/","url":"https:\/\/swissbaker.ch\/wp-content\/uploads\/2022\/04\/sbc-logo-yoast.jpg","contentUrl":"https:\/\/swissbaker.ch\/wp-content\/uploads\/2022\/04\/sbc-logo-yoast.jpg","width":512,"height":512,"caption":"Schweizerischer B\u00e4cker-Confiseurmeister-Verband"},"image":{"@id":"https:\/\/swissbaker.ch\/fr\/#\/schema\/logo\/image\/"},"sameAs":["https:\/\/www.facebook.com\/swissbaker.ch","https:\/\/x.com\/ch_swissbaker"]},{"@type":"Person","@id":"https:\/\/swissbaker.ch\/fr\/#\/schema\/person\/058ac47619f7da53df62aba60f939b78","name":"azureart","image":{"@type":"ImageObject","inLanguage":"fr-FR","@id":"https:\/\/swissbaker.ch\/fr\/#\/schema\/person\/image\/","url":"https:\/\/secure.gravatar.com\/avatar\/be04dd3098fd612c83067af4f7a295384c93cb6a9112f51beb9d2f477d25da61?s=96&d=mm&r=g","contentUrl":"https:\/\/secure.gravatar.com\/avatar\/be04dd3098fd612c83067af4f7a295384c93cb6a9112f51beb9d2f477d25da61?s=96&d=mm&r=g","caption":"azureart"},"sameAs":["https:\/\/swissbaker.ch"],"url":"https:\/\/swissbaker.ch\/fr\/panissimo-news\/author\/pixel-ahoi\/"}]}},"_links":{"self":[{"href":"https:\/\/swissbaker.ch\/fr\/wp-json\/wp\/v2\/posts\/7552","targetHints":{"allow":["GET"]}}],"collection":[{"href":"https:\/\/swissbaker.ch\/fr\/wp-json\/wp\/v2\/posts"}],"about":[{"href":"https:\/\/swissbaker.ch\/fr\/wp-json\/wp\/v2\/types\/post"}],"author":[{"embeddable":true,"href":"https:\/\/swissbaker.ch\/fr\/wp-json\/wp\/v2\/users\/1"}],"replies":[{"embeddable":true,"href":"https:\/\/swissbaker.ch\/fr\/wp-json\/wp\/v2\/comments?post=7552"}],"version-history":[{"count":0,"href":"https:\/\/swissbaker.ch\/fr\/wp-json\/wp\/v2\/posts\/7552\/revisions"}],"wp:featuredmedia":[{"embeddable":true,"href":"https:\/\/swissbaker.ch\/fr\/wp-json\/wp\/v2\/media\/5111"}],"wp:attachment":[{"href":"https:\/\/swissbaker.ch\/fr\/wp-json\/wp\/v2\/media?parent=7552"}],"wp:term":[{"taxonomy":"category","embeddable":true,"href":"https:\/\/swissbaker.ch\/fr\/wp-json\/wp\/v2\/categories?post=7552"},{"taxonomy":"post_tag","embeddable":true,"href":"https:\/\/swissbaker.ch\/fr\/wp-json\/wp\/v2\/tags?post=7552"}],"curies":[{"name":"wp","href":"https:\/\/api.w.org\/{rel}","templated":true}]}}