{"id":7536,"date":"2016-11-17T14:45:00","date_gmt":"2016-11-17T13:45:00","guid":{"rendered":"https:\/\/swissbaker.ch\/?p=7536"},"modified":"2022-04-29T14:48:28","modified_gmt":"2022-04-29T12:48:28","slug":"quel-est-le-produit-de-notre-secteur-que-vous-preferez","status":"publish","type":"post","link":"https:\/\/swissbaker.ch\/fr\/panissimo-news\/quel-est-le-produit-de-notre-secteur-que-vous-preferez\/","title":{"rendered":"Quel est le produit de notre secteur que vous pr\u00e9f\u00e9rez\u2009?"},"content":{"rendered":"\n<p><strong>\u00ab\u2009panissimo\u2009\u00bb a sond\u00e9 par courrier \u00e9lectronique le musicien fribourgeois Gustav sur ses idoles, ses fans et ses pr\u00e9f\u00e9rences gourmandes. Une intervention de ce dernier est pr\u00e9vue dans le cadre des SwissSkills.<\/strong><\/p>\n\n\n\n<p>Gustav a publi\u00e9 plusieurs albums depuis 1998. Sa langue d\u2019expression est \u00e0 la fois le suisse allemand singinois, le fran\u00e7ais et l\u2019allemand. Gustav a remport\u00e9 en 2010 l\u2019\u00e9mission de t\u00e9l\u00e9vision \u00ab\u2009Kampf der Ch\u00f6re\u2009\u00bb sur la cha\u00eene suisse SRF. Il a \u00e9crit en 2012 la chanson officielle \u00ab\u2009100\u2009000 gouttes d\u2019eau\u2009\u00bb pour la collecte de fonds Chaque centime compte de la Radio t\u00e9l\u00e9vision suisse. Gustav a par ailleurs \u00e9crit la chanson suisse officielle de l\u2019Euro 2016 en France nomm\u00e9e \u00ab\u2009Tous ensemble.\u2009\u00bb<\/p>\n\n\n\n<h2 class=\"wp-block-heading\" id=\"h-adolescent-etiez-vous-fan-d-une-personne-d-une-equipe-ou-d-un-groupe\">Adolescent, \u00e9tiez-vous fan d\u2019une personne, d\u2019une \u00e9quipe ou d\u2019un groupe\u2009?<\/h2>\n\n\n\n<p>Evidemment\u2009; j\u2019\u00e9tais fan de grunge et de hardcore. J\u2019adorais Nirvana, Soundgarden et Rage Against the Machine. Je portais des chemises en flanelle et des jeans sales, comme mes idoles de Seattle, et je tra\u00eenais dans la ville, comme les jeunes des clips musicaux de l\u2019\u00e9poque. Le fait d\u2019\u00e9couter de la musique me permettait d\u2019exprimer ma col\u00e8re et mon agressivit\u00e9 \u2013 m\u00eame si je ne savais et ne sais toujours pas exactement ce qui me f\u00e2chait. Une musique simple mais toujours relativement hard m\u2019a accompagn\u00e9 durant toute ma scolarit\u00e9, mais je n\u2019\u00e9tais pas un fan inconditionnel. Ces groupes m\u2019ont plut\u00f4t ouvert des portes pour ma carri\u00e8re.<\/p>\n\n\n\n<h2 class=\"wp-block-heading\">Aujourd\u2019hui, avez-vous une idole\u2009?<\/h2>\n\n\n\n<p>Je n\u2019idol\u00e2tre personne. J\u2019admire des gens pour leur engagement ou leur passion, et notamment ceux qui suivent leur propre voie, poursuivent leur objectif envers et contre tout, ceux qui parviennent \u00e0 prendre de la hauteur pour consid\u00e9rer le monde dans son ensemble, et non dans le moindre d\u00e9tail. Mais je ne les id\u00e9alise pas pour autant, je m\u2019y refuse. Nous avons tous nos forces et nos faiblesses \u2013 les idoles ne diff\u00e8rent pas des gens \u00ab\u2009normaux\u2009\u00bb en cela.<\/p>\n\n\n\n<h2 class=\"wp-block-heading\">Vous avez de nombreux fans et vous \u00eates un exemple pour certains. Qu\u2019est-ce que cela signifie pour vous\u2009?<\/h2>\n\n\n\n<p>Je ne crois pas que mon public et mes fans me consid\u00e8rent comme un exemple, ou du moins j\u2019esp\u00e8re qu\u2019ils ne le font pas. Mais cela me touche de pouvoir les accompagner musicalement dans leur vie. Selon moi, mon r\u00f4le ne se limite pas \u00e0 celui d\u2019artiste, je suis \u00e9galement une sorte de prestataire de service. Une certaine amiti\u00e9 me lie \u00e0 mes fans, je leur donne mes chansons, et en contrepartie ils me donnent leurs applaudissements, ce qui satisfait les deux parties. Nous sommes comme l\u2019an\u00e9mone et le poisson clown, qui ne peuvent pas vivre l\u2019un sans l\u2019autre.<\/p>\n\n\n\n<h2 class=\"wp-block-heading\">Quel est le produit de notre secteur que vous pr\u00e9f\u00e9rez\u2009?<\/h2>\n\n\n\n<p>Quand je vais dans ma boulangerie pr\u00e9f\u00e9r\u00e9e, ici \u00e0 Fribourg, je suis tent\u00e9 par tous les rayons. L\u2019odeur du pain et des viennoiseries me rend compl\u00e8tement fou. La visite chez l\u2019artisan boulanger fait d\u00e9finitivement partie des meilleurs moments de la vie, au niveau sensoriel \u00e9galement.<\/p>\n","protected":false},"excerpt":{"rendered":"<p>\u00ab\u2009panissimo\u2009\u00bb a sond\u00e9 par courrier \u00e9lectronique le musicien fribourgeois Gustav sur ses idoles, ses fans et ses pr\u00e9f\u00e9rences gourmandes. Une intervention de ce dernier est pr\u00e9vue dans le cadre des SwissSkills. Gustav a publi\u00e9 plusieurs albums depuis 1998. Sa langue d\u2019expression est \u00e0 la fois le suisse allemand singinois, le fran\u00e7ais et l\u2019allemand. Gustav a remport\u00e9 en 2010 l\u2019\u00e9mission de [&hellip;]<\/p>\n","protected":false},"author":1,"featured_media":5468,"comment_status":"open","ping_status":"closed","sticky":false,"template":"","format":"standard","meta":{"_acf_changed":false,"footnotes":""},"categories":[25],"tags":[],"class_list":["post-7536","post","type-post","status-publish","format-standard","has-post-thumbnail","hentry","category-non-classifiee"],"acf":[],"yoast_head":"<!-- This site is optimized with the Yoast SEO Premium plugin v26.8 (Yoast SEO v26.8) - https:\/\/yoast.com\/product\/yoast-seo-premium-wordpress\/ -->\n<title>Quel est le produit de notre secteur que vous pr\u00e9f\u00e9rez\u2009? | SBC<\/title>\n<meta name=\"robots\" content=\"index, follow, max-snippet:-1, max-image-preview:large, max-video-preview:-1\" \/>\n<link rel=\"canonical\" href=\"https:\/\/swissbaker.ch\/fr\/panissimo-news\/quel-est-le-produit-de-notre-secteur-que-vous-preferez\/\" \/>\n<meta property=\"og:locale\" content=\"fr_FR\" \/>\n<meta property=\"og:type\" content=\"article\" \/>\n<meta property=\"og:title\" content=\"Quel est le produit de notre secteur que vous pr\u00e9f\u00e9rez\u2009?\" \/>\n<meta property=\"og:description\" content=\"\u00ab\u2009panissimo\u2009\u00bb a sond\u00e9 par courrier \u00e9lectronique le musicien fribourgeois Gustav sur ses idoles, ses fans et ses pr\u00e9f\u00e9rences gourmandes. Une intervention de ce dernier est pr\u00e9vue dans le cadre des SwissSkills. Gustav a publi\u00e9 plusieurs albums depuis 1998. Sa langue d\u2019expression est \u00e0 la fois le suisse allemand singinois, le fran\u00e7ais et l\u2019allemand. Gustav a remport\u00e9 en 2010 l\u2019\u00e9mission de [&hellip;]\" \/>\n<meta property=\"og:url\" content=\"https:\/\/swissbaker.ch\/fr\/panissimo-news\/quel-est-le-produit-de-notre-secteur-que-vous-preferez\/\" \/>\n<meta property=\"og:site_name\" content=\"SBC\" \/>\n<meta property=\"article:publisher\" content=\"https:\/\/www.facebook.com\/swissbaker.ch\" \/>\n<meta property=\"article:published_time\" content=\"2016-11-17T13:45:00+00:00\" \/>\n<meta property=\"article:modified_time\" content=\"2022-04-29T12:48:28+00:00\" \/>\n<meta property=\"og:image\" content=\"https:\/\/swissbaker.ch\/wp-content\/uploads\/2022\/03\/bs_gustav_sebastian_magnani.jpg\" \/>\n\t<meta property=\"og:image:width\" content=\"800\" \/>\n\t<meta property=\"og:image:height\" content=\"474\" \/>\n\t<meta property=\"og:image:type\" content=\"image\/jpeg\" \/>\n<meta name=\"author\" content=\"azureart\" \/>\n<meta name=\"twitter:card\" content=\"summary_large_image\" \/>\n<meta name=\"twitter:creator\" content=\"@ch_swissbaker\" \/>\n<meta name=\"twitter:site\" content=\"@ch_swissbaker\" \/>\n<meta name=\"twitter:label1\" content=\"Written by\" \/>\n\t<meta name=\"twitter:data1\" content=\"azureart\" \/>\n\t<meta name=\"twitter:label2\" content=\"Est. reading time\" \/>\n\t<meta name=\"twitter:data2\" content=\"3 minutes\" \/>\n<script type=\"application\/ld+json\" class=\"yoast-schema-graph\">{\"@context\":\"https:\/\/schema.org\",\"@graph\":[{\"@type\":\"Article\",\"@id\":\"https:\/\/swissbaker.ch\/fr\/panissimo-news\/quel-est-le-produit-de-notre-secteur-que-vous-preferez\/#article\",\"isPartOf\":{\"@id\":\"https:\/\/swissbaker.ch\/fr\/panissimo-news\/quel-est-le-produit-de-notre-secteur-que-vous-preferez\/\"},\"author\":{\"name\":\"azureart\",\"@id\":\"https:\/\/swissbaker.ch\/fr\/#\/schema\/person\/058ac47619f7da53df62aba60f939b78\"},\"headline\":\"Quel est le produit de notre secteur que vous pr\u00e9f\u00e9rez\u2009?\",\"datePublished\":\"2016-11-17T13:45:00+00:00\",\"dateModified\":\"2022-04-29T12:48:28+00:00\",\"mainEntityOfPage\":{\"@id\":\"https:\/\/swissbaker.ch\/fr\/panissimo-news\/quel-est-le-produit-de-notre-secteur-que-vous-preferez\/\"},\"wordCount\":541,\"commentCount\":0,\"publisher\":{\"@id\":\"https:\/\/swissbaker.ch\/fr\/#organization\"},\"image\":{\"@id\":\"https:\/\/swissbaker.ch\/fr\/panissimo-news\/quel-est-le-produit-de-notre-secteur-que-vous-preferez\/#primaryimage\"},\"thumbnailUrl\":\"https:\/\/swissbaker.ch\/wp-content\/uploads\/2022\/03\/bs_gustav_sebastian_magnani.jpg\",\"articleSection\":[\"Non classifi\u00e9(e)\"],\"inLanguage\":\"fr-FR\",\"potentialAction\":[{\"@type\":\"CommentAction\",\"name\":\"Comment\",\"target\":[\"https:\/\/swissbaker.ch\/fr\/panissimo-news\/quel-est-le-produit-de-notre-secteur-que-vous-preferez\/#respond\"]}]},{\"@type\":\"WebPage\",\"@id\":\"https:\/\/swissbaker.ch\/fr\/panissimo-news\/quel-est-le-produit-de-notre-secteur-que-vous-preferez\/\",\"url\":\"https:\/\/swissbaker.ch\/fr\/panissimo-news\/quel-est-le-produit-de-notre-secteur-que-vous-preferez\/\",\"name\":\"Quel est le produit de notre secteur que vous pr\u00e9f\u00e9rez\u2009? | SBC\",\"isPartOf\":{\"@id\":\"https:\/\/swissbaker.ch\/fr\/#website\"},\"primaryImageOfPage\":{\"@id\":\"https:\/\/swissbaker.ch\/fr\/panissimo-news\/quel-est-le-produit-de-notre-secteur-que-vous-preferez\/#primaryimage\"},\"image\":{\"@id\":\"https:\/\/swissbaker.ch\/fr\/panissimo-news\/quel-est-le-produit-de-notre-secteur-que-vous-preferez\/#primaryimage\"},\"thumbnailUrl\":\"https:\/\/swissbaker.ch\/wp-content\/uploads\/2022\/03\/bs_gustav_sebastian_magnani.jpg\",\"datePublished\":\"2016-11-17T13:45:00+00:00\",\"dateModified\":\"2022-04-29T12:48:28+00:00\",\"breadcrumb\":{\"@id\":\"https:\/\/swissbaker.ch\/fr\/panissimo-news\/quel-est-le-produit-de-notre-secteur-que-vous-preferez\/#breadcrumb\"},\"inLanguage\":\"fr-FR\",\"potentialAction\":[{\"@type\":\"ReadAction\",\"target\":[\"https:\/\/swissbaker.ch\/fr\/panissimo-news\/quel-est-le-produit-de-notre-secteur-que-vous-preferez\/\"]}]},{\"@type\":\"ImageObject\",\"inLanguage\":\"fr-FR\",\"@id\":\"https:\/\/swissbaker.ch\/fr\/panissimo-news\/quel-est-le-produit-de-notre-secteur-que-vous-preferez\/#primaryimage\",\"url\":\"https:\/\/swissbaker.ch\/wp-content\/uploads\/2022\/03\/bs_gustav_sebastian_magnani.jpg\",\"contentUrl\":\"https:\/\/swissbaker.ch\/wp-content\/uploads\/2022\/03\/bs_gustav_sebastian_magnani.jpg\",\"width\":800,\"height\":474,\"caption\":\"Quel est le produit de notre secteur que vous pr\u00e9f\u00e9rez\u2009?\"},{\"@type\":\"BreadcrumbList\",\"@id\":\"https:\/\/swissbaker.ch\/fr\/panissimo-news\/quel-est-le-produit-de-notre-secteur-que-vous-preferez\/#breadcrumb\",\"itemListElement\":[{\"@type\":\"ListItem\",\"position\":1,\"name\":\"\",\"item\":\"https:\/\/swissbaker.ch\/fr\/\"},{\"@type\":\"ListItem\",\"position\":2,\"name\":\"Non classifi\u00e9(e)\",\"item\":\"https:\/\/swissbaker.ch\/fr\/panissimo-news\/category\/non-classifiee\/\"},{\"@type\":\"ListItem\",\"position\":3,\"name\":\"Quel est le produit de notre secteur que vous pr\u00e9f\u00e9rez\u2009?\"}]},{\"@type\":\"WebSite\",\"@id\":\"https:\/\/swissbaker.ch\/fr\/#website\",\"url\":\"https:\/\/swissbaker.ch\/fr\/\",\"name\":\"SBC\",\"description\":\"\",\"publisher\":{\"@id\":\"https:\/\/swissbaker.ch\/fr\/#organization\"},\"potentialAction\":[{\"@type\":\"SearchAction\",\"target\":{\"@type\":\"EntryPoint\",\"urlTemplate\":\"https:\/\/swissbaker.ch\/fr\/?s={search_term_string}\"},\"query-input\":{\"@type\":\"PropertyValueSpecification\",\"valueRequired\":true,\"valueName\":\"search_term_string\"}}],\"inLanguage\":\"fr-FR\"},{\"@type\":\"Organization\",\"@id\":\"https:\/\/swissbaker.ch\/fr\/#organization\",\"name\":\"Schweizerischer B\u00e4cker-Confiseurmeister-Verband\",\"url\":\"https:\/\/swissbaker.ch\/fr\/\",\"logo\":{\"@type\":\"ImageObject\",\"inLanguage\":\"fr-FR\",\"@id\":\"https:\/\/swissbaker.ch\/fr\/#\/schema\/logo\/image\/\",\"url\":\"https:\/\/swissbaker.ch\/wp-content\/uploads\/2022\/04\/sbc-logo-yoast.jpg\",\"contentUrl\":\"https:\/\/swissbaker.ch\/wp-content\/uploads\/2022\/04\/sbc-logo-yoast.jpg\",\"width\":512,\"height\":512,\"caption\":\"Schweizerischer B\u00e4cker-Confiseurmeister-Verband\"},\"image\":{\"@id\":\"https:\/\/swissbaker.ch\/fr\/#\/schema\/logo\/image\/\"},\"sameAs\":[\"https:\/\/www.facebook.com\/swissbaker.ch\",\"https:\/\/x.com\/ch_swissbaker\"]},{\"@type\":\"Person\",\"@id\":\"https:\/\/swissbaker.ch\/fr\/#\/schema\/person\/058ac47619f7da53df62aba60f939b78\",\"name\":\"azureart\",\"image\":{\"@type\":\"ImageObject\",\"inLanguage\":\"fr-FR\",\"@id\":\"https:\/\/swissbaker.ch\/fr\/#\/schema\/person\/image\/\",\"url\":\"https:\/\/secure.gravatar.com\/avatar\/be04dd3098fd612c83067af4f7a295384c93cb6a9112f51beb9d2f477d25da61?s=96&d=mm&r=g\",\"contentUrl\":\"https:\/\/secure.gravatar.com\/avatar\/be04dd3098fd612c83067af4f7a295384c93cb6a9112f51beb9d2f477d25da61?s=96&d=mm&r=g\",\"caption\":\"azureart\"},\"sameAs\":[\"https:\/\/swissbaker.ch\"],\"url\":\"https:\/\/swissbaker.ch\/fr\/panissimo-news\/author\/pixel-ahoi\/\"}]}<\/script>\n<!-- \/ Yoast SEO Premium plugin. -->","yoast_head_json":{"title":"Quel est le produit de notre secteur que vous pr\u00e9f\u00e9rez\u2009? | SBC","robots":{"index":"index","follow":"follow","max-snippet":"max-snippet:-1","max-image-preview":"max-image-preview:large","max-video-preview":"max-video-preview:-1"},"canonical":"https:\/\/swissbaker.ch\/fr\/panissimo-news\/quel-est-le-produit-de-notre-secteur-que-vous-preferez\/","og_locale":"fr_FR","og_type":"article","og_title":"Quel est le produit de notre secteur que vous pr\u00e9f\u00e9rez\u2009?","og_description":"\u00ab\u2009panissimo\u2009\u00bb a sond\u00e9 par courrier \u00e9lectronique le musicien fribourgeois Gustav sur ses idoles, ses fans et ses pr\u00e9f\u00e9rences gourmandes. Une intervention de ce dernier est pr\u00e9vue dans le cadre des SwissSkills. Gustav a publi\u00e9 plusieurs albums depuis 1998. Sa langue d\u2019expression est \u00e0 la fois le suisse allemand singinois, le fran\u00e7ais et l\u2019allemand. Gustav a remport\u00e9 en 2010 l\u2019\u00e9mission de [&hellip;]","og_url":"https:\/\/swissbaker.ch\/fr\/panissimo-news\/quel-est-le-produit-de-notre-secteur-que-vous-preferez\/","og_site_name":"SBC","article_publisher":"https:\/\/www.facebook.com\/swissbaker.ch","article_published_time":"2016-11-17T13:45:00+00:00","article_modified_time":"2022-04-29T12:48:28+00:00","og_image":[{"width":800,"height":474,"url":"https:\/\/swissbaker.ch\/wp-content\/uploads\/2022\/03\/bs_gustav_sebastian_magnani.jpg","type":"image\/jpeg"}],"author":"azureart","twitter_card":"summary_large_image","twitter_creator":"@ch_swissbaker","twitter_site":"@ch_swissbaker","twitter_misc":{"Written by":"azureart","Est. reading time":"3 minutes"},"schema":{"@context":"https:\/\/schema.org","@graph":[{"@type":"Article","@id":"https:\/\/swissbaker.ch\/fr\/panissimo-news\/quel-est-le-produit-de-notre-secteur-que-vous-preferez\/#article","isPartOf":{"@id":"https:\/\/swissbaker.ch\/fr\/panissimo-news\/quel-est-le-produit-de-notre-secteur-que-vous-preferez\/"},"author":{"name":"azureart","@id":"https:\/\/swissbaker.ch\/fr\/#\/schema\/person\/058ac47619f7da53df62aba60f939b78"},"headline":"Quel est le produit de notre secteur que vous pr\u00e9f\u00e9rez\u2009?","datePublished":"2016-11-17T13:45:00+00:00","dateModified":"2022-04-29T12:48:28+00:00","mainEntityOfPage":{"@id":"https:\/\/swissbaker.ch\/fr\/panissimo-news\/quel-est-le-produit-de-notre-secteur-que-vous-preferez\/"},"wordCount":541,"commentCount":0,"publisher":{"@id":"https:\/\/swissbaker.ch\/fr\/#organization"},"image":{"@id":"https:\/\/swissbaker.ch\/fr\/panissimo-news\/quel-est-le-produit-de-notre-secteur-que-vous-preferez\/#primaryimage"},"thumbnailUrl":"https:\/\/swissbaker.ch\/wp-content\/uploads\/2022\/03\/bs_gustav_sebastian_magnani.jpg","articleSection":["Non classifi\u00e9(e)"],"inLanguage":"fr-FR","potentialAction":[{"@type":"CommentAction","name":"Comment","target":["https:\/\/swissbaker.ch\/fr\/panissimo-news\/quel-est-le-produit-de-notre-secteur-que-vous-preferez\/#respond"]}]},{"@type":"WebPage","@id":"https:\/\/swissbaker.ch\/fr\/panissimo-news\/quel-est-le-produit-de-notre-secteur-que-vous-preferez\/","url":"https:\/\/swissbaker.ch\/fr\/panissimo-news\/quel-est-le-produit-de-notre-secteur-que-vous-preferez\/","name":"Quel est le produit de notre secteur que vous pr\u00e9f\u00e9rez\u2009? | SBC","isPartOf":{"@id":"https:\/\/swissbaker.ch\/fr\/#website"},"primaryImageOfPage":{"@id":"https:\/\/swissbaker.ch\/fr\/panissimo-news\/quel-est-le-produit-de-notre-secteur-que-vous-preferez\/#primaryimage"},"image":{"@id":"https:\/\/swissbaker.ch\/fr\/panissimo-news\/quel-est-le-produit-de-notre-secteur-que-vous-preferez\/#primaryimage"},"thumbnailUrl":"https:\/\/swissbaker.ch\/wp-content\/uploads\/2022\/03\/bs_gustav_sebastian_magnani.jpg","datePublished":"2016-11-17T13:45:00+00:00","dateModified":"2022-04-29T12:48:28+00:00","breadcrumb":{"@id":"https:\/\/swissbaker.ch\/fr\/panissimo-news\/quel-est-le-produit-de-notre-secteur-que-vous-preferez\/#breadcrumb"},"inLanguage":"fr-FR","potentialAction":[{"@type":"ReadAction","target":["https:\/\/swissbaker.ch\/fr\/panissimo-news\/quel-est-le-produit-de-notre-secteur-que-vous-preferez\/"]}]},{"@type":"ImageObject","inLanguage":"fr-FR","@id":"https:\/\/swissbaker.ch\/fr\/panissimo-news\/quel-est-le-produit-de-notre-secteur-que-vous-preferez\/#primaryimage","url":"https:\/\/swissbaker.ch\/wp-content\/uploads\/2022\/03\/bs_gustav_sebastian_magnani.jpg","contentUrl":"https:\/\/swissbaker.ch\/wp-content\/uploads\/2022\/03\/bs_gustav_sebastian_magnani.jpg","width":800,"height":474,"caption":"Quel est le produit de notre secteur que vous pr\u00e9f\u00e9rez\u2009?"},{"@type":"BreadcrumbList","@id":"https:\/\/swissbaker.ch\/fr\/panissimo-news\/quel-est-le-produit-de-notre-secteur-que-vous-preferez\/#breadcrumb","itemListElement":[{"@type":"ListItem","position":1,"name":"","item":"https:\/\/swissbaker.ch\/fr\/"},{"@type":"ListItem","position":2,"name":"Non classifi\u00e9(e)","item":"https:\/\/swissbaker.ch\/fr\/panissimo-news\/category\/non-classifiee\/"},{"@type":"ListItem","position":3,"name":"Quel est le produit de notre secteur que vous pr\u00e9f\u00e9rez\u2009?"}]},{"@type":"WebSite","@id":"https:\/\/swissbaker.ch\/fr\/#website","url":"https:\/\/swissbaker.ch\/fr\/","name":"SBC","description":"","publisher":{"@id":"https:\/\/swissbaker.ch\/fr\/#organization"},"potentialAction":[{"@type":"SearchAction","target":{"@type":"EntryPoint","urlTemplate":"https:\/\/swissbaker.ch\/fr\/?s={search_term_string}"},"query-input":{"@type":"PropertyValueSpecification","valueRequired":true,"valueName":"search_term_string"}}],"inLanguage":"fr-FR"},{"@type":"Organization","@id":"https:\/\/swissbaker.ch\/fr\/#organization","name":"Schweizerischer B\u00e4cker-Confiseurmeister-Verband","url":"https:\/\/swissbaker.ch\/fr\/","logo":{"@type":"ImageObject","inLanguage":"fr-FR","@id":"https:\/\/swissbaker.ch\/fr\/#\/schema\/logo\/image\/","url":"https:\/\/swissbaker.ch\/wp-content\/uploads\/2022\/04\/sbc-logo-yoast.jpg","contentUrl":"https:\/\/swissbaker.ch\/wp-content\/uploads\/2022\/04\/sbc-logo-yoast.jpg","width":512,"height":512,"caption":"Schweizerischer B\u00e4cker-Confiseurmeister-Verband"},"image":{"@id":"https:\/\/swissbaker.ch\/fr\/#\/schema\/logo\/image\/"},"sameAs":["https:\/\/www.facebook.com\/swissbaker.ch","https:\/\/x.com\/ch_swissbaker"]},{"@type":"Person","@id":"https:\/\/swissbaker.ch\/fr\/#\/schema\/person\/058ac47619f7da53df62aba60f939b78","name":"azureart","image":{"@type":"ImageObject","inLanguage":"fr-FR","@id":"https:\/\/swissbaker.ch\/fr\/#\/schema\/person\/image\/","url":"https:\/\/secure.gravatar.com\/avatar\/be04dd3098fd612c83067af4f7a295384c93cb6a9112f51beb9d2f477d25da61?s=96&d=mm&r=g","contentUrl":"https:\/\/secure.gravatar.com\/avatar\/be04dd3098fd612c83067af4f7a295384c93cb6a9112f51beb9d2f477d25da61?s=96&d=mm&r=g","caption":"azureart"},"sameAs":["https:\/\/swissbaker.ch"],"url":"https:\/\/swissbaker.ch\/fr\/panissimo-news\/author\/pixel-ahoi\/"}]}},"_links":{"self":[{"href":"https:\/\/swissbaker.ch\/fr\/wp-json\/wp\/v2\/posts\/7536","targetHints":{"allow":["GET"]}}],"collection":[{"href":"https:\/\/swissbaker.ch\/fr\/wp-json\/wp\/v2\/posts"}],"about":[{"href":"https:\/\/swissbaker.ch\/fr\/wp-json\/wp\/v2\/types\/post"}],"author":[{"embeddable":true,"href":"https:\/\/swissbaker.ch\/fr\/wp-json\/wp\/v2\/users\/1"}],"replies":[{"embeddable":true,"href":"https:\/\/swissbaker.ch\/fr\/wp-json\/wp\/v2\/comments?post=7536"}],"version-history":[{"count":0,"href":"https:\/\/swissbaker.ch\/fr\/wp-json\/wp\/v2\/posts\/7536\/revisions"}],"wp:featuredmedia":[{"embeddable":true,"href":"https:\/\/swissbaker.ch\/fr\/wp-json\/wp\/v2\/media\/5468"}],"wp:attachment":[{"href":"https:\/\/swissbaker.ch\/fr\/wp-json\/wp\/v2\/media?parent=7536"}],"wp:term":[{"taxonomy":"category","embeddable":true,"href":"https:\/\/swissbaker.ch\/fr\/wp-json\/wp\/v2\/categories?post=7536"},{"taxonomy":"post_tag","embeddable":true,"href":"https:\/\/swissbaker.ch\/fr\/wp-json\/wp\/v2\/tags?post=7536"}],"curies":[{"name":"wp","href":"https:\/\/api.w.org\/{rel}","templated":true}]}}