{"id":7533,"date":"2021-12-17T13:59:00","date_gmt":"2021-12-17T12:59:00","guid":{"rendered":"https:\/\/swissbaker.ch\/?p=7533"},"modified":"2022-04-29T14:42:38","modified_gmt":"2022-04-29T12:42:38","slug":"retrospective-et-perspectives-avec-le-president-et-le-directeur-de-la-bcs","status":"publish","type":"post","link":"https:\/\/swissbaker.ch\/fr\/panissimo-news\/retrospective-et-perspectives-avec-le-president-et-le-directeur-de-la-bcs\/","title":{"rendered":"R\u00e9trospective et perspectives avec le pr\u00e9sident et le directeur de la BCS"},"content":{"rendered":"\n<p><strong>Le pr\u00e9sident de l\u2019Association suisse des patrons boulangers-confiseurs, Silvan Hotz, et le directeur, Urs Wellauer, font une br\u00e8ve r\u00e9trospective de l\u2019ann\u00e9e 2021 dans une vid\u00e9o. Outre le sujet r\u00e9current de la pand\u00e9mie, ils abordent des th\u00e8mes tels que la politique nationale et la collaboration avec les associations r\u00e9gionales et cantonales.<\/strong><\/p>\n\n\n\n<figure class=\"wp-block-embed is-type-video is-provider-youtube wp-block-embed-youtube wp-embed-aspect-16-9 wp-has-aspect-ratio\"><div class=\"wp-block-embed__wrapper\">\n<iframe title=\"R\u00fcck- und Ausblick mit SBC-Pr\u00e4sident und -Direktor\" width=\"800\" height=\"450\" src=\"https:\/\/www.youtube.com\/embed\/pnkbbbJfjNs?feature=oembed\" frameborder=\"0\" allow=\"accelerometer; autoplay; clipboard-write; encrypted-media; gyroscope; picture-in-picture\" allowfullscreen><\/iframe>\n<\/div><\/figure>\n","protected":false},"excerpt":{"rendered":"<p>Le pr\u00e9sident de l\u2019Association suisse des patrons boulangers-confiseurs, Silvan Hotz, et le directeur, Urs Wellauer, font une br\u00e8ve r\u00e9trospective de l\u2019ann\u00e9e 2021 dans une vid\u00e9o. Outre le sujet r\u00e9current de la pand\u00e9mie, ils abordent des th\u00e8mes tels que la politique nationale et la collaboration avec les associations r\u00e9gionales et cantonales.<\/p>\n","protected":false},"author":1,"featured_media":5108,"comment_status":"open","ping_status":"closed","sticky":false,"template":"","format":"standard","meta":{"_acf_changed":false,"footnotes":""},"categories":[41],"tags":[],"class_list":["post-7533","post","type-post","status-publish","format-standard","has-post-thumbnail","hentry","category-association"],"acf":[],"yoast_head":"<!-- This site is optimized with the Yoast SEO Premium plugin v26.8 (Yoast SEO v26.8) - https:\/\/yoast.com\/product\/yoast-seo-premium-wordpress\/ -->\n<title>R\u00e9trospective et perspectives avec le pr\u00e9sident et le directeur de la BCS | SBC<\/title>\n<meta name=\"robots\" content=\"index, follow, max-snippet:-1, max-image-preview:large, max-video-preview:-1\" \/>\n<link rel=\"canonical\" href=\"https:\/\/swissbaker.ch\/fr\/panissimo-news\/retrospective-et-perspectives-avec-le-president-et-le-directeur-de-la-bcs\/\" \/>\n<meta property=\"og:locale\" content=\"fr_FR\" \/>\n<meta property=\"og:type\" content=\"article\" \/>\n<meta property=\"og:title\" content=\"R\u00e9trospective et perspectives avec le pr\u00e9sident et le directeur de la BCS\" \/>\n<meta property=\"og:description\" content=\"Le pr\u00e9sident de l\u2019Association suisse des patrons boulangers-confiseurs, Silvan Hotz, et le directeur, Urs Wellauer, font une br\u00e8ve r\u00e9trospective de l\u2019ann\u00e9e 2021 dans une vid\u00e9o. Outre le sujet r\u00e9current de la pand\u00e9mie, ils abordent des th\u00e8mes tels que la politique nationale et la collaboration avec les associations r\u00e9gionales et cantonales.\" \/>\n<meta property=\"og:url\" content=\"https:\/\/swissbaker.ch\/fr\/panissimo-news\/retrospective-et-perspectives-avec-le-president-et-le-directeur-de-la-bcs\/\" \/>\n<meta property=\"og:site_name\" content=\"SBC\" \/>\n<meta property=\"article:publisher\" content=\"https:\/\/www.facebook.com\/swissbaker.ch\" \/>\n<meta property=\"article:published_time\" content=\"2021-12-17T12:59:00+00:00\" \/>\n<meta property=\"article:modified_time\" content=\"2022-04-29T12:42:38+00:00\" \/>\n<meta property=\"og:image\" content=\"https:\/\/swissbaker.ch\/wp-content\/uploads\/2022\/03\/25_1_urs_silvan.jpeg\" \/>\n\t<meta property=\"og:image:width\" content=\"800\" \/>\n\t<meta property=\"og:image:height\" content=\"474\" \/>\n\t<meta property=\"og:image:type\" content=\"image\/jpeg\" \/>\n<meta name=\"author\" content=\"azureart\" \/>\n<meta name=\"twitter:card\" content=\"summary_large_image\" \/>\n<meta name=\"twitter:creator\" content=\"@ch_swissbaker\" \/>\n<meta name=\"twitter:site\" content=\"@ch_swissbaker\" \/>\n<meta name=\"twitter:label1\" content=\"Written by\" \/>\n\t<meta name=\"twitter:data1\" content=\"azureart\" \/>\n\t<meta name=\"twitter:label2\" content=\"Est. reading time\" \/>\n\t<meta name=\"twitter:data2\" content=\"1 minute\" \/>\n<script type=\"application\/ld+json\" class=\"yoast-schema-graph\">{\"@context\":\"https:\/\/schema.org\",\"@graph\":[{\"@type\":\"Article\",\"@id\":\"https:\/\/swissbaker.ch\/fr\/panissimo-news\/retrospective-et-perspectives-avec-le-president-et-le-directeur-de-la-bcs\/#article\",\"isPartOf\":{\"@id\":\"https:\/\/swissbaker.ch\/fr\/panissimo-news\/retrospective-et-perspectives-avec-le-president-et-le-directeur-de-la-bcs\/\"},\"author\":{\"name\":\"azureart\",\"@id\":\"https:\/\/swissbaker.ch\/fr\/#\/schema\/person\/058ac47619f7da53df62aba60f939b78\"},\"headline\":\"R\u00e9trospective et perspectives avec le pr\u00e9sident et le directeur de la BCS\",\"datePublished\":\"2021-12-17T12:59:00+00:00\",\"dateModified\":\"2022-04-29T12:42:38+00:00\",\"mainEntityOfPage\":{\"@id\":\"https:\/\/swissbaker.ch\/fr\/panissimo-news\/retrospective-et-perspectives-avec-le-president-et-le-directeur-de-la-bcs\/\"},\"wordCount\":78,\"commentCount\":0,\"publisher\":{\"@id\":\"https:\/\/swissbaker.ch\/fr\/#organization\"},\"image\":{\"@id\":\"https:\/\/swissbaker.ch\/fr\/panissimo-news\/retrospective-et-perspectives-avec-le-president-et-le-directeur-de-la-bcs\/#primaryimage\"},\"thumbnailUrl\":\"https:\/\/swissbaker.ch\/wp-content\/uploads\/2022\/03\/25_1_urs_silvan.jpeg\",\"articleSection\":[\"Association\"],\"inLanguage\":\"fr-FR\",\"potentialAction\":[{\"@type\":\"CommentAction\",\"name\":\"Comment\",\"target\":[\"https:\/\/swissbaker.ch\/fr\/panissimo-news\/retrospective-et-perspectives-avec-le-president-et-le-directeur-de-la-bcs\/#respond\"]}]},{\"@type\":\"WebPage\",\"@id\":\"https:\/\/swissbaker.ch\/fr\/panissimo-news\/retrospective-et-perspectives-avec-le-president-et-le-directeur-de-la-bcs\/\",\"url\":\"https:\/\/swissbaker.ch\/fr\/panissimo-news\/retrospective-et-perspectives-avec-le-president-et-le-directeur-de-la-bcs\/\",\"name\":\"R\u00e9trospective et perspectives avec le pr\u00e9sident et le directeur de la BCS | SBC\",\"isPartOf\":{\"@id\":\"https:\/\/swissbaker.ch\/fr\/#website\"},\"primaryImageOfPage\":{\"@id\":\"https:\/\/swissbaker.ch\/fr\/panissimo-news\/retrospective-et-perspectives-avec-le-president-et-le-directeur-de-la-bcs\/#primaryimage\"},\"image\":{\"@id\":\"https:\/\/swissbaker.ch\/fr\/panissimo-news\/retrospective-et-perspectives-avec-le-president-et-le-directeur-de-la-bcs\/#primaryimage\"},\"thumbnailUrl\":\"https:\/\/swissbaker.ch\/wp-content\/uploads\/2022\/03\/25_1_urs_silvan.jpeg\",\"datePublished\":\"2021-12-17T12:59:00+00:00\",\"dateModified\":\"2022-04-29T12:42:38+00:00\",\"breadcrumb\":{\"@id\":\"https:\/\/swissbaker.ch\/fr\/panissimo-news\/retrospective-et-perspectives-avec-le-president-et-le-directeur-de-la-bcs\/#breadcrumb\"},\"inLanguage\":\"fr-FR\",\"potentialAction\":[{\"@type\":\"ReadAction\",\"target\":[\"https:\/\/swissbaker.ch\/fr\/panissimo-news\/retrospective-et-perspectives-avec-le-president-et-le-directeur-de-la-bcs\/\"]}]},{\"@type\":\"ImageObject\",\"inLanguage\":\"fr-FR\",\"@id\":\"https:\/\/swissbaker.ch\/fr\/panissimo-news\/retrospective-et-perspectives-avec-le-president-et-le-directeur-de-la-bcs\/#primaryimage\",\"url\":\"https:\/\/swissbaker.ch\/wp-content\/uploads\/2022\/03\/25_1_urs_silvan.jpeg\",\"contentUrl\":\"https:\/\/swissbaker.ch\/wp-content\/uploads\/2022\/03\/25_1_urs_silvan.jpeg\",\"width\":800,\"height\":474,\"caption\":\"R\u00e9trospective et perspectives avec le pr\u00e9sident et le directeur de la BCS\"},{\"@type\":\"BreadcrumbList\",\"@id\":\"https:\/\/swissbaker.ch\/fr\/panissimo-news\/retrospective-et-perspectives-avec-le-president-et-le-directeur-de-la-bcs\/#breadcrumb\",\"itemListElement\":[{\"@type\":\"ListItem\",\"position\":1,\"name\":\"\",\"item\":\"https:\/\/swissbaker.ch\/fr\/\"},{\"@type\":\"ListItem\",\"position\":2,\"name\":\"Association\",\"item\":\"https:\/\/swissbaker.ch\/fr\/panissimo-news\/category\/association\/\"},{\"@type\":\"ListItem\",\"position\":3,\"name\":\"R\u00e9trospective et perspectives avec le pr\u00e9sident et le directeur de la BCS\"}]},{\"@type\":\"WebSite\",\"@id\":\"https:\/\/swissbaker.ch\/fr\/#website\",\"url\":\"https:\/\/swissbaker.ch\/fr\/\",\"name\":\"SBC\",\"description\":\"\",\"publisher\":{\"@id\":\"https:\/\/swissbaker.ch\/fr\/#organization\"},\"potentialAction\":[{\"@type\":\"SearchAction\",\"target\":{\"@type\":\"EntryPoint\",\"urlTemplate\":\"https:\/\/swissbaker.ch\/fr\/?s={search_term_string}\"},\"query-input\":{\"@type\":\"PropertyValueSpecification\",\"valueRequired\":true,\"valueName\":\"search_term_string\"}}],\"inLanguage\":\"fr-FR\"},{\"@type\":\"Organization\",\"@id\":\"https:\/\/swissbaker.ch\/fr\/#organization\",\"name\":\"Schweizerischer B\u00e4cker-Confiseurmeister-Verband\",\"url\":\"https:\/\/swissbaker.ch\/fr\/\",\"logo\":{\"@type\":\"ImageObject\",\"inLanguage\":\"fr-FR\",\"@id\":\"https:\/\/swissbaker.ch\/fr\/#\/schema\/logo\/image\/\",\"url\":\"https:\/\/swissbaker.ch\/wp-content\/uploads\/2022\/04\/sbc-logo-yoast.jpg\",\"contentUrl\":\"https:\/\/swissbaker.ch\/wp-content\/uploads\/2022\/04\/sbc-logo-yoast.jpg\",\"width\":512,\"height\":512,\"caption\":\"Schweizerischer B\u00e4cker-Confiseurmeister-Verband\"},\"image\":{\"@id\":\"https:\/\/swissbaker.ch\/fr\/#\/schema\/logo\/image\/\"},\"sameAs\":[\"https:\/\/www.facebook.com\/swissbaker.ch\",\"https:\/\/x.com\/ch_swissbaker\"]},{\"@type\":\"Person\",\"@id\":\"https:\/\/swissbaker.ch\/fr\/#\/schema\/person\/058ac47619f7da53df62aba60f939b78\",\"name\":\"azureart\",\"image\":{\"@type\":\"ImageObject\",\"inLanguage\":\"fr-FR\",\"@id\":\"https:\/\/swissbaker.ch\/fr\/#\/schema\/person\/image\/\",\"url\":\"https:\/\/secure.gravatar.com\/avatar\/be04dd3098fd612c83067af4f7a295384c93cb6a9112f51beb9d2f477d25da61?s=96&d=mm&r=g\",\"contentUrl\":\"https:\/\/secure.gravatar.com\/avatar\/be04dd3098fd612c83067af4f7a295384c93cb6a9112f51beb9d2f477d25da61?s=96&d=mm&r=g\",\"caption\":\"azureart\"},\"sameAs\":[\"https:\/\/swissbaker.ch\"],\"url\":\"https:\/\/swissbaker.ch\/fr\/panissimo-news\/author\/pixel-ahoi\/\"}]}<\/script>\n<!-- \/ Yoast SEO Premium plugin. -->","yoast_head_json":{"title":"R\u00e9trospective et perspectives avec le pr\u00e9sident et le directeur de la BCS | SBC","robots":{"index":"index","follow":"follow","max-snippet":"max-snippet:-1","max-image-preview":"max-image-preview:large","max-video-preview":"max-video-preview:-1"},"canonical":"https:\/\/swissbaker.ch\/fr\/panissimo-news\/retrospective-et-perspectives-avec-le-president-et-le-directeur-de-la-bcs\/","og_locale":"fr_FR","og_type":"article","og_title":"R\u00e9trospective et perspectives avec le pr\u00e9sident et le directeur de la BCS","og_description":"Le pr\u00e9sident de l\u2019Association suisse des patrons boulangers-confiseurs, Silvan Hotz, et le directeur, Urs Wellauer, font une br\u00e8ve r\u00e9trospective de l\u2019ann\u00e9e 2021 dans une vid\u00e9o. Outre le sujet r\u00e9current de la pand\u00e9mie, ils abordent des th\u00e8mes tels que la politique nationale et la collaboration avec les associations r\u00e9gionales et cantonales.","og_url":"https:\/\/swissbaker.ch\/fr\/panissimo-news\/retrospective-et-perspectives-avec-le-president-et-le-directeur-de-la-bcs\/","og_site_name":"SBC","article_publisher":"https:\/\/www.facebook.com\/swissbaker.ch","article_published_time":"2021-12-17T12:59:00+00:00","article_modified_time":"2022-04-29T12:42:38+00:00","og_image":[{"width":800,"height":474,"url":"https:\/\/swissbaker.ch\/wp-content\/uploads\/2022\/03\/25_1_urs_silvan.jpeg","type":"image\/jpeg"}],"author":"azureart","twitter_card":"summary_large_image","twitter_creator":"@ch_swissbaker","twitter_site":"@ch_swissbaker","twitter_misc":{"Written by":"azureart","Est. reading time":"1 minute"},"schema":{"@context":"https:\/\/schema.org","@graph":[{"@type":"Article","@id":"https:\/\/swissbaker.ch\/fr\/panissimo-news\/retrospective-et-perspectives-avec-le-president-et-le-directeur-de-la-bcs\/#article","isPartOf":{"@id":"https:\/\/swissbaker.ch\/fr\/panissimo-news\/retrospective-et-perspectives-avec-le-president-et-le-directeur-de-la-bcs\/"},"author":{"name":"azureart","@id":"https:\/\/swissbaker.ch\/fr\/#\/schema\/person\/058ac47619f7da53df62aba60f939b78"},"headline":"R\u00e9trospective et perspectives avec le pr\u00e9sident et le directeur de la BCS","datePublished":"2021-12-17T12:59:00+00:00","dateModified":"2022-04-29T12:42:38+00:00","mainEntityOfPage":{"@id":"https:\/\/swissbaker.ch\/fr\/panissimo-news\/retrospective-et-perspectives-avec-le-president-et-le-directeur-de-la-bcs\/"},"wordCount":78,"commentCount":0,"publisher":{"@id":"https:\/\/swissbaker.ch\/fr\/#organization"},"image":{"@id":"https:\/\/swissbaker.ch\/fr\/panissimo-news\/retrospective-et-perspectives-avec-le-president-et-le-directeur-de-la-bcs\/#primaryimage"},"thumbnailUrl":"https:\/\/swissbaker.ch\/wp-content\/uploads\/2022\/03\/25_1_urs_silvan.jpeg","articleSection":["Association"],"inLanguage":"fr-FR","potentialAction":[{"@type":"CommentAction","name":"Comment","target":["https:\/\/swissbaker.ch\/fr\/panissimo-news\/retrospective-et-perspectives-avec-le-president-et-le-directeur-de-la-bcs\/#respond"]}]},{"@type":"WebPage","@id":"https:\/\/swissbaker.ch\/fr\/panissimo-news\/retrospective-et-perspectives-avec-le-president-et-le-directeur-de-la-bcs\/","url":"https:\/\/swissbaker.ch\/fr\/panissimo-news\/retrospective-et-perspectives-avec-le-president-et-le-directeur-de-la-bcs\/","name":"R\u00e9trospective et perspectives avec le pr\u00e9sident et le directeur de la BCS | SBC","isPartOf":{"@id":"https:\/\/swissbaker.ch\/fr\/#website"},"primaryImageOfPage":{"@id":"https:\/\/swissbaker.ch\/fr\/panissimo-news\/retrospective-et-perspectives-avec-le-president-et-le-directeur-de-la-bcs\/#primaryimage"},"image":{"@id":"https:\/\/swissbaker.ch\/fr\/panissimo-news\/retrospective-et-perspectives-avec-le-president-et-le-directeur-de-la-bcs\/#primaryimage"},"thumbnailUrl":"https:\/\/swissbaker.ch\/wp-content\/uploads\/2022\/03\/25_1_urs_silvan.jpeg","datePublished":"2021-12-17T12:59:00+00:00","dateModified":"2022-04-29T12:42:38+00:00","breadcrumb":{"@id":"https:\/\/swissbaker.ch\/fr\/panissimo-news\/retrospective-et-perspectives-avec-le-president-et-le-directeur-de-la-bcs\/#breadcrumb"},"inLanguage":"fr-FR","potentialAction":[{"@type":"ReadAction","target":["https:\/\/swissbaker.ch\/fr\/panissimo-news\/retrospective-et-perspectives-avec-le-president-et-le-directeur-de-la-bcs\/"]}]},{"@type":"ImageObject","inLanguage":"fr-FR","@id":"https:\/\/swissbaker.ch\/fr\/panissimo-news\/retrospective-et-perspectives-avec-le-president-et-le-directeur-de-la-bcs\/#primaryimage","url":"https:\/\/swissbaker.ch\/wp-content\/uploads\/2022\/03\/25_1_urs_silvan.jpeg","contentUrl":"https:\/\/swissbaker.ch\/wp-content\/uploads\/2022\/03\/25_1_urs_silvan.jpeg","width":800,"height":474,"caption":"R\u00e9trospective et perspectives avec le pr\u00e9sident et le directeur de la BCS"},{"@type":"BreadcrumbList","@id":"https:\/\/swissbaker.ch\/fr\/panissimo-news\/retrospective-et-perspectives-avec-le-president-et-le-directeur-de-la-bcs\/#breadcrumb","itemListElement":[{"@type":"ListItem","position":1,"name":"","item":"https:\/\/swissbaker.ch\/fr\/"},{"@type":"ListItem","position":2,"name":"Association","item":"https:\/\/swissbaker.ch\/fr\/panissimo-news\/category\/association\/"},{"@type":"ListItem","position":3,"name":"R\u00e9trospective et perspectives avec le pr\u00e9sident et le directeur de la BCS"}]},{"@type":"WebSite","@id":"https:\/\/swissbaker.ch\/fr\/#website","url":"https:\/\/swissbaker.ch\/fr\/","name":"SBC","description":"","publisher":{"@id":"https:\/\/swissbaker.ch\/fr\/#organization"},"potentialAction":[{"@type":"SearchAction","target":{"@type":"EntryPoint","urlTemplate":"https:\/\/swissbaker.ch\/fr\/?s={search_term_string}"},"query-input":{"@type":"PropertyValueSpecification","valueRequired":true,"valueName":"search_term_string"}}],"inLanguage":"fr-FR"},{"@type":"Organization","@id":"https:\/\/swissbaker.ch\/fr\/#organization","name":"Schweizerischer B\u00e4cker-Confiseurmeister-Verband","url":"https:\/\/swissbaker.ch\/fr\/","logo":{"@type":"ImageObject","inLanguage":"fr-FR","@id":"https:\/\/swissbaker.ch\/fr\/#\/schema\/logo\/image\/","url":"https:\/\/swissbaker.ch\/wp-content\/uploads\/2022\/04\/sbc-logo-yoast.jpg","contentUrl":"https:\/\/swissbaker.ch\/wp-content\/uploads\/2022\/04\/sbc-logo-yoast.jpg","width":512,"height":512,"caption":"Schweizerischer B\u00e4cker-Confiseurmeister-Verband"},"image":{"@id":"https:\/\/swissbaker.ch\/fr\/#\/schema\/logo\/image\/"},"sameAs":["https:\/\/www.facebook.com\/swissbaker.ch","https:\/\/x.com\/ch_swissbaker"]},{"@type":"Person","@id":"https:\/\/swissbaker.ch\/fr\/#\/schema\/person\/058ac47619f7da53df62aba60f939b78","name":"azureart","image":{"@type":"ImageObject","inLanguage":"fr-FR","@id":"https:\/\/swissbaker.ch\/fr\/#\/schema\/person\/image\/","url":"https:\/\/secure.gravatar.com\/avatar\/be04dd3098fd612c83067af4f7a295384c93cb6a9112f51beb9d2f477d25da61?s=96&d=mm&r=g","contentUrl":"https:\/\/secure.gravatar.com\/avatar\/be04dd3098fd612c83067af4f7a295384c93cb6a9112f51beb9d2f477d25da61?s=96&d=mm&r=g","caption":"azureart"},"sameAs":["https:\/\/swissbaker.ch"],"url":"https:\/\/swissbaker.ch\/fr\/panissimo-news\/author\/pixel-ahoi\/"}]}},"_links":{"self":[{"href":"https:\/\/swissbaker.ch\/fr\/wp-json\/wp\/v2\/posts\/7533","targetHints":{"allow":["GET"]}}],"collection":[{"href":"https:\/\/swissbaker.ch\/fr\/wp-json\/wp\/v2\/posts"}],"about":[{"href":"https:\/\/swissbaker.ch\/fr\/wp-json\/wp\/v2\/types\/post"}],"author":[{"embeddable":true,"href":"https:\/\/swissbaker.ch\/fr\/wp-json\/wp\/v2\/users\/1"}],"replies":[{"embeddable":true,"href":"https:\/\/swissbaker.ch\/fr\/wp-json\/wp\/v2\/comments?post=7533"}],"version-history":[{"count":0,"href":"https:\/\/swissbaker.ch\/fr\/wp-json\/wp\/v2\/posts\/7533\/revisions"}],"wp:featuredmedia":[{"embeddable":true,"href":"https:\/\/swissbaker.ch\/fr\/wp-json\/wp\/v2\/media\/5108"}],"wp:attachment":[{"href":"https:\/\/swissbaker.ch\/fr\/wp-json\/wp\/v2\/media?parent=7533"}],"wp:term":[{"taxonomy":"category","embeddable":true,"href":"https:\/\/swissbaker.ch\/fr\/wp-json\/wp\/v2\/categories?post=7533"},{"taxonomy":"post_tag","embeddable":true,"href":"https:\/\/swissbaker.ch\/fr\/wp-json\/wp\/v2\/tags?post=7533"}],"curies":[{"name":"wp","href":"https:\/\/api.w.org\/{rel}","templated":true}]}}