{"id":7513,"date":"2022-01-10T13:34:00","date_gmt":"2022-01-10T12:34:00","guid":{"rendered":"https:\/\/swissbaker.ch\/?p=7513"},"modified":"2022-04-29T14:30:32","modified_gmt":"2022-04-29T12:30:32","slug":"projet-commun-ensemble","status":"publish","type":"post","link":"https:\/\/swissbaker.ch\/fr\/panissimo-news\/projet-commun-ensemble\/","title":{"rendered":"Projet commun \u00ab Ensemble \u00bb"},"content":{"rendered":"\n<p><strong>Du 15 au 31 janvier, douze boulangeries vendront le pain Ensemble qu\u2019elles ont d\u00e9velopp\u00e9 conjointement. La sp\u00e9cialit\u00e9 vise \u00e0 promouvoir des moments de plaisirs partag\u00e9s et heureux. Elle doit servir d&#8217;impulsion pour repenser la vie en commun et la solidarit\u00e9 ; \u00e0 une \u00e9poque o\u00f9 la soci\u00e9t\u00e9 souffre de nombreux d\u00e9saccords.<\/strong><\/p>\n\n\n\n<p>L&#8217;id\u00e9e d&#8217;une action visant \u00e0 unifier la soci\u00e9t\u00e9 a germ\u00e9 chez Merz \u00e0 Coire, \u00e0 l\u2019automne. Son pr\u00e9sident de direction, Roni Merz a pr\u00e9sent\u00e9 l&#8217;id\u00e9e au groupe Erfa B\u00e4cker1. L\u2019action Ensemble est ainsi n\u00e9e. Douze boulangeries de Suisse participent au projet.<\/p>\n\n\n\n<p>Dans la deuxi\u00e8me moiti\u00e9 du mois de janvier, leurs filiales vendront le pain Ensemble d\u00e9velopp\u00e9 en commun pour l&#8217;action. Il symbolise la coh\u00e9sion, invite au partage et incite \u00e0 la r\u00e9flexion. Il ne s&#8217;agit pas uniquement du th\u00e8me actuel dominant du coronavirus, mais aussi de la protection du climat ou du foss\u00e9 ville-campagne, selon Roni Merz. J\u00f6rg Zenh\u00e4usern, CEO de la boulangerie Zenh\u00e4usern Fr\u00e8res SA \u00e0 Sion, estime que \u00ab cela doit contribuer \u00e0 rapprocher \u00e0 nouveau les gens, \u00e0 encourager le dialogue et peut-\u00eatre \u00e0 r\u00e9soudre l&#8217;un ou l&#8217;autre conflit en partageant un bon pain \u00bb.<\/p>\n\n\n\n<h2 class=\"wp-block-heading\" id=\"h-voici-ce-que-quelques-unes-des-entreprises-participantes-disent-du-projet\">Voici ce que quelques-unes des entreprises participantes disent du projet :<\/h2>\n\n\n\n<p><strong>Christen Beck<\/strong> (Buochs, NW) : \u00ab En cette p\u00e9riode difficile de pand\u00e9mie, o\u00f9 les opinions s\u00e9parent les meilleurs amis, il est d&#8217;autant plus agr\u00e9able de sortir ensemble du fournil un projet de pain du four avec des moyens relativement simples, \u00e0 travers toute la Suisse.<\/p>\n\n\n\n<p>Ce pain r\u00e9alis\u00e9 avec les ingr\u00e9dients les plus simples, de la farine, de l&#8217;eau, du sel et une longue pousse, enchante le palais et invite au partage. \u00bb<\/p>\n\n\n\n<p><br><strong>Felber Beck<\/strong> (Langenthal, BE) : \u00ab Notre motivation a \u00e9t\u00e9 de r\u00e9aliser et de mettre en \u0153uvre un projet commun. Le fait de travailler ensemble et aussi d&#8217;apprendre les uns des autres sont des incitations qui nous ont rendus positifs. \u00bb<\/p>\n\n\n\n<p><strong>Merz <\/strong>(Coire) : \u00ab Cet automne, Dario Bernasocchi, membre de la direction, a lanc\u00e9 l&#8217;id\u00e9e de lancer une action visant \u00e0 unifier la soci\u00e9t\u00e9. Le dialogue doit \u00eatre encourag\u00e9 par le biais du plaisir partag\u00e9. (\u2026) La Suisse est confront\u00e9e \u00e0 de nombreux d\u00e9fis dont le traitement se solde malheureusement aussi r\u00e9guli\u00e8rement par des disputes ou par l&#8217;ignorance. \u00bb<\/p>\n\n\n\n<p><strong>Boulangerie Nussbaumer<\/strong> (Cham, ZG) : \u00ab Ensemble, avec mes amis et coll\u00e8gues de travail, je veux lancer un pain pour r\u00e9fl\u00e9chir \u00e0 la vie en commun et \u00e0 la solidarit\u00e9 en Suisse.<\/p>\n\n\n\n<p>Nous r\u00e9fl\u00e9chissons, nous repensons, nous commen\u00e7ons peut-\u00eatre \u00e0 percevoir les choses avec plus de sensibilit\u00e9, \u00e0 devenir plus emphatiques envers nos semblables.<\/p>\n\n\n\n<p>Nous avons cr\u00e9\u00e9 un pain croustillant qui souligne pr\u00e9cis\u00e9ment ces valeurs : diversifi\u00e9, rassembleur, unique. \u00bb<\/p>\n\n\n\n<p><br><strong>Boulangerie-p\u00e2tisserie Schefer<\/strong> (Einsiedeln, SZ) : \u00ab Les boulangeries se sont toujours r\u00e9v\u00e9l\u00e9es \u00eatre des partenaires solides en p\u00e9riode de pand\u00e9mie. Elles ont \u00e9t\u00e9 une pierre angulaire importante pendant le &#8216; lockdown &#8216;, assurant un peu de normalit\u00e9. Ensemble, tout va simplement mieux ! Que ce soit au quotidien ou dans l&#8217;entreprise, nous devons \u00e0 pr\u00e9sent tous nous unir une nouvelle fois pour que tout se termine le plus rapidement possible.<\/p>\n\n\n\n<p>Notre pain doit \u00eatre un symbole : celui de la coh\u00e9sion, de l&#8217;objectif commun et de la r\u00e9alisation commune de celui-ci. En tant que boulangeries, nous touchons de nombreux clients chaque jour, c&#8217;est donc un th\u00e8me bienvenu pour un petit appel \u00e0 croire ensemble en l&#8217;objectif et \u00e0 se serrer une fois de plus les coudes. De plus, c&#8217;est un signe que les entreprises sont solidaires et m\u00e8nent ensemble une action importante dans toute la Suisse. La pand\u00e9mie ne s&#8217;arr\u00eate pas aux fronti\u00e8res cantonales, mais nous concerne tous. \u00bb<\/p>\n\n\n\n<p><strong>Reinhard<\/strong> (Berne) : \u00ab Ensemble est une id\u00e9e spontan\u00e9e d&#8217;un groupe d&#8217;amis boulangers de toute la Suisse. Nous sommes d&#8217;avis que ces derniers temps, il y a beaucoup de d\u00e9saccords et d&#8217;exclusions inutiles au sein de la soci\u00e9t\u00e9. Nous voulons donner un coup de pouce \u00e0 la coh\u00e9sion et \u00e0 la solidarit\u00e9. Nous donnons un petit signe pour que les choses puissent \u00e0 nouveau changer de mani\u00e8re positive. Quoi de mieux qu&#8217;un bon pain \u00e0 partager ? \u00bb<\/p>\n\n\n\n<p><strong>Zenh\u00e4usern Fr\u00e8res SA<\/strong> (Sion) : \u00ab Ce projet a \u00e9t\u00e9 lanc\u00e9 par notre groupe. Il nous tient \u00e0 c\u0153ur d&#8217;en faire partie et de le rendre visible le plus largement possible autour de nous.<\/p>\n\n\n\n<p>Ce projet appelle \u00e0 la r\u00e9flexion. L&#8217;objectif est de r\u00e9fl\u00e9chir \u00e0 la situation actuelle en termes de cohabitation et de solidarit\u00e9, mais aussi de compr\u00e9hension et de dialogue.<\/p>\n\n\n\n<p>De mon point de vue personnel, nous sommes confront\u00e9s \u00e0 des th\u00e8mes et des probl\u00e8mes que l&#8217;on ne peut pas r\u00e9gler uniquement en tant que personne, canton ou pays. Il s&#8217;agit de probl\u00e8mes globaux, voire plan\u00e9taires, pour lesquels la communaut\u00e9 et le sens du plus grand ensemble devraient l\u2019emporter sur les int\u00e9r\u00eats ou les convictions personnelles. C&#8217;est un peu comme pour le climat : d&#8217;une part, chacun peut se dire : &#8216;Qu&#8217;est-ce que je peux y faire?&#8217;<\/p>\n\n\n\n<p>D&#8217;autre part, si nous ne nous identifions pas individuellement, mais aussi avec une conscience de l&#8217;ensemble et au-del\u00e0 des fronti\u00e8res existantes, il sera difficile de faire bouger les choses.<\/p>\n\n\n\n<p>Notre projet ne doit pas \u00eatre orient\u00e9 politiquement ou convaincre qui que ce soit d&#8217;une quelconque opinion. Il doit contribuer \u00e0 rapprocher \u00e0 nouveau les gens, \u00e0 encourager le dialogue et peut-\u00eatre \u00e0 r\u00e9soudre l&#8217;un ou l&#8217;autre conflit autour du partage d&#8217;un bon pain. \u00bb<\/p>\n\n\n\n<p><a href=\"https:\/\/www.swissbaker.ch\/inhalte\/02_news\/2022\/1_januar\/Projet_ensemble_FR.pdf\">Projet commun Ensemble<\/a><\/p>\n","protected":false},"excerpt":{"rendered":"<p>Du 15 au 31 janvier, douze boulangeries vendront le pain Ensemble qu\u2019elles ont d\u00e9velopp\u00e9 conjointement. La sp\u00e9cialit\u00e9 vise \u00e0 promouvoir des moments de plaisirs partag\u00e9s et heureux. Elle doit servir d&#8217;impulsion pour repenser la vie en commun et la solidarit\u00e9 ; \u00e0 une \u00e9poque o\u00f9 la soci\u00e9t\u00e9 souffre de nombreux d\u00e9saccords. L&#8217;id\u00e9e d&#8217;une action visant \u00e0 unifier la soci\u00e9t\u00e9 a [&hellip;]<\/p>\n","protected":false},"author":1,"featured_media":5103,"comment_status":"open","ping_status":"closed","sticky":false,"template":"","format":"standard","meta":{"_acf_changed":false,"footnotes":""},"categories":[45],"tags":[],"class_list":["post-7513","post","type-post","status-publish","format-standard","has-post-thumbnail","hentry","category-environnement-professionnel"],"acf":[],"yoast_head":"<!-- This site is optimized with the Yoast SEO Premium plugin v26.8 (Yoast SEO v26.8) - https:\/\/yoast.com\/product\/yoast-seo-premium-wordpress\/ -->\n<title>Projet commun \u00ab Ensemble \u00bb | SBC<\/title>\n<meta name=\"robots\" content=\"index, follow, max-snippet:-1, max-image-preview:large, max-video-preview:-1\" \/>\n<link rel=\"canonical\" href=\"https:\/\/swissbaker.ch\/fr\/panissimo-news\/projet-commun-ensemble\/\" \/>\n<meta property=\"og:locale\" content=\"fr_FR\" \/>\n<meta property=\"og:type\" content=\"article\" \/>\n<meta property=\"og:title\" content=\"Projet commun \u00ab Ensemble \u00bb\" \/>\n<meta property=\"og:description\" content=\"Du 15 au 31 janvier, douze boulangeries vendront le pain Ensemble qu\u2019elles ont d\u00e9velopp\u00e9 conjointement. La sp\u00e9cialit\u00e9 vise \u00e0 promouvoir des moments de plaisirs partag\u00e9s et heureux. Elle doit servir d&#8217;impulsion pour repenser la vie en commun et la solidarit\u00e9 ; \u00e0 une \u00e9poque o\u00f9 la soci\u00e9t\u00e9 souffre de nombreux d\u00e9saccords. L&#8217;id\u00e9e d&#8217;une action visant \u00e0 unifier la soci\u00e9t\u00e9 a [&hellip;]\" \/>\n<meta property=\"og:url\" content=\"https:\/\/swissbaker.ch\/fr\/panissimo-news\/projet-commun-ensemble\/\" \/>\n<meta property=\"og:site_name\" content=\"SBC\" \/>\n<meta property=\"article:publisher\" content=\"https:\/\/www.facebook.com\/swissbaker.ch\" \/>\n<meta property=\"article:published_time\" content=\"2022-01-10T12:34:00+00:00\" \/>\n<meta property=\"article:modified_time\" content=\"2022-04-29T12:30:32+00:00\" \/>\n<meta property=\"og:image\" content=\"https:\/\/swissbaker.ch\/wp-content\/uploads\/2022\/03\/1_1_ensemble_neu.jpeg\" \/>\n\t<meta property=\"og:image:width\" content=\"800\" \/>\n\t<meta property=\"og:image:height\" content=\"474\" \/>\n\t<meta property=\"og:image:type\" content=\"image\/jpeg\" \/>\n<meta name=\"author\" content=\"azureart\" \/>\n<meta name=\"twitter:card\" content=\"summary_large_image\" \/>\n<meta name=\"twitter:creator\" content=\"@ch_swissbaker\" \/>\n<meta name=\"twitter:site\" content=\"@ch_swissbaker\" \/>\n<meta name=\"twitter:label1\" content=\"Written by\" \/>\n\t<meta name=\"twitter:data1\" content=\"azureart\" \/>\n\t<meta name=\"twitter:label2\" content=\"Est. reading time\" \/>\n\t<meta name=\"twitter:data2\" content=\"5 minutes\" \/>\n<script type=\"application\/ld+json\" class=\"yoast-schema-graph\">{\"@context\":\"https:\/\/schema.org\",\"@graph\":[{\"@type\":\"Article\",\"@id\":\"https:\/\/swissbaker.ch\/fr\/panissimo-news\/projet-commun-ensemble\/#article\",\"isPartOf\":{\"@id\":\"https:\/\/swissbaker.ch\/fr\/panissimo-news\/projet-commun-ensemble\/\"},\"author\":{\"name\":\"azureart\",\"@id\":\"https:\/\/swissbaker.ch\/fr\/#\/schema\/person\/058ac47619f7da53df62aba60f939b78\"},\"headline\":\"Projet commun \u00ab Ensemble \u00bb\",\"datePublished\":\"2022-01-10T12:34:00+00:00\",\"dateModified\":\"2022-04-29T12:30:32+00:00\",\"mainEntityOfPage\":{\"@id\":\"https:\/\/swissbaker.ch\/fr\/panissimo-news\/projet-commun-ensemble\/\"},\"wordCount\":954,\"commentCount\":0,\"publisher\":{\"@id\":\"https:\/\/swissbaker.ch\/fr\/#organization\"},\"image\":{\"@id\":\"https:\/\/swissbaker.ch\/fr\/panissimo-news\/projet-commun-ensemble\/#primaryimage\"},\"thumbnailUrl\":\"https:\/\/swissbaker.ch\/wp-content\/uploads\/2022\/03\/1_1_ensemble_neu.jpeg\",\"articleSection\":[\"Environnement professionnel\"],\"inLanguage\":\"fr-FR\",\"potentialAction\":[{\"@type\":\"CommentAction\",\"name\":\"Comment\",\"target\":[\"https:\/\/swissbaker.ch\/fr\/panissimo-news\/projet-commun-ensemble\/#respond\"]}]},{\"@type\":\"WebPage\",\"@id\":\"https:\/\/swissbaker.ch\/fr\/panissimo-news\/projet-commun-ensemble\/\",\"url\":\"https:\/\/swissbaker.ch\/fr\/panissimo-news\/projet-commun-ensemble\/\",\"name\":\"Projet commun \u00ab Ensemble \u00bb | SBC\",\"isPartOf\":{\"@id\":\"https:\/\/swissbaker.ch\/fr\/#website\"},\"primaryImageOfPage\":{\"@id\":\"https:\/\/swissbaker.ch\/fr\/panissimo-news\/projet-commun-ensemble\/#primaryimage\"},\"image\":{\"@id\":\"https:\/\/swissbaker.ch\/fr\/panissimo-news\/projet-commun-ensemble\/#primaryimage\"},\"thumbnailUrl\":\"https:\/\/swissbaker.ch\/wp-content\/uploads\/2022\/03\/1_1_ensemble_neu.jpeg\",\"datePublished\":\"2022-01-10T12:34:00+00:00\",\"dateModified\":\"2022-04-29T12:30:32+00:00\",\"breadcrumb\":{\"@id\":\"https:\/\/swissbaker.ch\/fr\/panissimo-news\/projet-commun-ensemble\/#breadcrumb\"},\"inLanguage\":\"fr-FR\",\"potentialAction\":[{\"@type\":\"ReadAction\",\"target\":[\"https:\/\/swissbaker.ch\/fr\/panissimo-news\/projet-commun-ensemble\/\"]}]},{\"@type\":\"ImageObject\",\"inLanguage\":\"fr-FR\",\"@id\":\"https:\/\/swissbaker.ch\/fr\/panissimo-news\/projet-commun-ensemble\/#primaryimage\",\"url\":\"https:\/\/swissbaker.ch\/wp-content\/uploads\/2022\/03\/1_1_ensemble_neu.jpeg\",\"contentUrl\":\"https:\/\/swissbaker.ch\/wp-content\/uploads\/2022\/03\/1_1_ensemble_neu.jpeg\",\"width\":800,\"height\":474,\"caption\":\"Projet commun \u00ab Ensemble \u00bb\"},{\"@type\":\"BreadcrumbList\",\"@id\":\"https:\/\/swissbaker.ch\/fr\/panissimo-news\/projet-commun-ensemble\/#breadcrumb\",\"itemListElement\":[{\"@type\":\"ListItem\",\"position\":1,\"name\":\"\",\"item\":\"https:\/\/swissbaker.ch\/fr\/\"},{\"@type\":\"ListItem\",\"position\":2,\"name\":\"Environnement professionnel\",\"item\":\"https:\/\/swissbaker.ch\/fr\/panissimo-news\/category\/environnement-professionnel\/\"},{\"@type\":\"ListItem\",\"position\":3,\"name\":\"Projet commun \u00ab Ensemble \u00bb\"}]},{\"@type\":\"WebSite\",\"@id\":\"https:\/\/swissbaker.ch\/fr\/#website\",\"url\":\"https:\/\/swissbaker.ch\/fr\/\",\"name\":\"SBC\",\"description\":\"\",\"publisher\":{\"@id\":\"https:\/\/swissbaker.ch\/fr\/#organization\"},\"potentialAction\":[{\"@type\":\"SearchAction\",\"target\":{\"@type\":\"EntryPoint\",\"urlTemplate\":\"https:\/\/swissbaker.ch\/fr\/?s={search_term_string}\"},\"query-input\":{\"@type\":\"PropertyValueSpecification\",\"valueRequired\":true,\"valueName\":\"search_term_string\"}}],\"inLanguage\":\"fr-FR\"},{\"@type\":\"Organization\",\"@id\":\"https:\/\/swissbaker.ch\/fr\/#organization\",\"name\":\"Schweizerischer B\u00e4cker-Confiseurmeister-Verband\",\"url\":\"https:\/\/swissbaker.ch\/fr\/\",\"logo\":{\"@type\":\"ImageObject\",\"inLanguage\":\"fr-FR\",\"@id\":\"https:\/\/swissbaker.ch\/fr\/#\/schema\/logo\/image\/\",\"url\":\"https:\/\/swissbaker.ch\/wp-content\/uploads\/2022\/04\/sbc-logo-yoast.jpg\",\"contentUrl\":\"https:\/\/swissbaker.ch\/wp-content\/uploads\/2022\/04\/sbc-logo-yoast.jpg\",\"width\":512,\"height\":512,\"caption\":\"Schweizerischer B\u00e4cker-Confiseurmeister-Verband\"},\"image\":{\"@id\":\"https:\/\/swissbaker.ch\/fr\/#\/schema\/logo\/image\/\"},\"sameAs\":[\"https:\/\/www.facebook.com\/swissbaker.ch\",\"https:\/\/x.com\/ch_swissbaker\"]},{\"@type\":\"Person\",\"@id\":\"https:\/\/swissbaker.ch\/fr\/#\/schema\/person\/058ac47619f7da53df62aba60f939b78\",\"name\":\"azureart\",\"image\":{\"@type\":\"ImageObject\",\"inLanguage\":\"fr-FR\",\"@id\":\"https:\/\/swissbaker.ch\/fr\/#\/schema\/person\/image\/\",\"url\":\"https:\/\/secure.gravatar.com\/avatar\/be04dd3098fd612c83067af4f7a295384c93cb6a9112f51beb9d2f477d25da61?s=96&d=mm&r=g\",\"contentUrl\":\"https:\/\/secure.gravatar.com\/avatar\/be04dd3098fd612c83067af4f7a295384c93cb6a9112f51beb9d2f477d25da61?s=96&d=mm&r=g\",\"caption\":\"azureart\"},\"sameAs\":[\"https:\/\/swissbaker.ch\"],\"url\":\"https:\/\/swissbaker.ch\/fr\/panissimo-news\/author\/pixel-ahoi\/\"}]}<\/script>\n<!-- \/ Yoast SEO Premium plugin. -->","yoast_head_json":{"title":"Projet commun \u00ab Ensemble \u00bb | SBC","robots":{"index":"index","follow":"follow","max-snippet":"max-snippet:-1","max-image-preview":"max-image-preview:large","max-video-preview":"max-video-preview:-1"},"canonical":"https:\/\/swissbaker.ch\/fr\/panissimo-news\/projet-commun-ensemble\/","og_locale":"fr_FR","og_type":"article","og_title":"Projet commun \u00ab Ensemble \u00bb","og_description":"Du 15 au 31 janvier, douze boulangeries vendront le pain Ensemble qu\u2019elles ont d\u00e9velopp\u00e9 conjointement. La sp\u00e9cialit\u00e9 vise \u00e0 promouvoir des moments de plaisirs partag\u00e9s et heureux. Elle doit servir d&#8217;impulsion pour repenser la vie en commun et la solidarit\u00e9 ; \u00e0 une \u00e9poque o\u00f9 la soci\u00e9t\u00e9 souffre de nombreux d\u00e9saccords. L&#8217;id\u00e9e d&#8217;une action visant \u00e0 unifier la soci\u00e9t\u00e9 a [&hellip;]","og_url":"https:\/\/swissbaker.ch\/fr\/panissimo-news\/projet-commun-ensemble\/","og_site_name":"SBC","article_publisher":"https:\/\/www.facebook.com\/swissbaker.ch","article_published_time":"2022-01-10T12:34:00+00:00","article_modified_time":"2022-04-29T12:30:32+00:00","og_image":[{"width":800,"height":474,"url":"https:\/\/swissbaker.ch\/wp-content\/uploads\/2022\/03\/1_1_ensemble_neu.jpeg","type":"image\/jpeg"}],"author":"azureart","twitter_card":"summary_large_image","twitter_creator":"@ch_swissbaker","twitter_site":"@ch_swissbaker","twitter_misc":{"Written by":"azureart","Est. reading time":"5 minutes"},"schema":{"@context":"https:\/\/schema.org","@graph":[{"@type":"Article","@id":"https:\/\/swissbaker.ch\/fr\/panissimo-news\/projet-commun-ensemble\/#article","isPartOf":{"@id":"https:\/\/swissbaker.ch\/fr\/panissimo-news\/projet-commun-ensemble\/"},"author":{"name":"azureart","@id":"https:\/\/swissbaker.ch\/fr\/#\/schema\/person\/058ac47619f7da53df62aba60f939b78"},"headline":"Projet commun \u00ab Ensemble \u00bb","datePublished":"2022-01-10T12:34:00+00:00","dateModified":"2022-04-29T12:30:32+00:00","mainEntityOfPage":{"@id":"https:\/\/swissbaker.ch\/fr\/panissimo-news\/projet-commun-ensemble\/"},"wordCount":954,"commentCount":0,"publisher":{"@id":"https:\/\/swissbaker.ch\/fr\/#organization"},"image":{"@id":"https:\/\/swissbaker.ch\/fr\/panissimo-news\/projet-commun-ensemble\/#primaryimage"},"thumbnailUrl":"https:\/\/swissbaker.ch\/wp-content\/uploads\/2022\/03\/1_1_ensemble_neu.jpeg","articleSection":["Environnement professionnel"],"inLanguage":"fr-FR","potentialAction":[{"@type":"CommentAction","name":"Comment","target":["https:\/\/swissbaker.ch\/fr\/panissimo-news\/projet-commun-ensemble\/#respond"]}]},{"@type":"WebPage","@id":"https:\/\/swissbaker.ch\/fr\/panissimo-news\/projet-commun-ensemble\/","url":"https:\/\/swissbaker.ch\/fr\/panissimo-news\/projet-commun-ensemble\/","name":"Projet commun \u00ab Ensemble \u00bb | SBC","isPartOf":{"@id":"https:\/\/swissbaker.ch\/fr\/#website"},"primaryImageOfPage":{"@id":"https:\/\/swissbaker.ch\/fr\/panissimo-news\/projet-commun-ensemble\/#primaryimage"},"image":{"@id":"https:\/\/swissbaker.ch\/fr\/panissimo-news\/projet-commun-ensemble\/#primaryimage"},"thumbnailUrl":"https:\/\/swissbaker.ch\/wp-content\/uploads\/2022\/03\/1_1_ensemble_neu.jpeg","datePublished":"2022-01-10T12:34:00+00:00","dateModified":"2022-04-29T12:30:32+00:00","breadcrumb":{"@id":"https:\/\/swissbaker.ch\/fr\/panissimo-news\/projet-commun-ensemble\/#breadcrumb"},"inLanguage":"fr-FR","potentialAction":[{"@type":"ReadAction","target":["https:\/\/swissbaker.ch\/fr\/panissimo-news\/projet-commun-ensemble\/"]}]},{"@type":"ImageObject","inLanguage":"fr-FR","@id":"https:\/\/swissbaker.ch\/fr\/panissimo-news\/projet-commun-ensemble\/#primaryimage","url":"https:\/\/swissbaker.ch\/wp-content\/uploads\/2022\/03\/1_1_ensemble_neu.jpeg","contentUrl":"https:\/\/swissbaker.ch\/wp-content\/uploads\/2022\/03\/1_1_ensemble_neu.jpeg","width":800,"height":474,"caption":"Projet commun \u00ab Ensemble \u00bb"},{"@type":"BreadcrumbList","@id":"https:\/\/swissbaker.ch\/fr\/panissimo-news\/projet-commun-ensemble\/#breadcrumb","itemListElement":[{"@type":"ListItem","position":1,"name":"","item":"https:\/\/swissbaker.ch\/fr\/"},{"@type":"ListItem","position":2,"name":"Environnement professionnel","item":"https:\/\/swissbaker.ch\/fr\/panissimo-news\/category\/environnement-professionnel\/"},{"@type":"ListItem","position":3,"name":"Projet commun \u00ab Ensemble \u00bb"}]},{"@type":"WebSite","@id":"https:\/\/swissbaker.ch\/fr\/#website","url":"https:\/\/swissbaker.ch\/fr\/","name":"SBC","description":"","publisher":{"@id":"https:\/\/swissbaker.ch\/fr\/#organization"},"potentialAction":[{"@type":"SearchAction","target":{"@type":"EntryPoint","urlTemplate":"https:\/\/swissbaker.ch\/fr\/?s={search_term_string}"},"query-input":{"@type":"PropertyValueSpecification","valueRequired":true,"valueName":"search_term_string"}}],"inLanguage":"fr-FR"},{"@type":"Organization","@id":"https:\/\/swissbaker.ch\/fr\/#organization","name":"Schweizerischer B\u00e4cker-Confiseurmeister-Verband","url":"https:\/\/swissbaker.ch\/fr\/","logo":{"@type":"ImageObject","inLanguage":"fr-FR","@id":"https:\/\/swissbaker.ch\/fr\/#\/schema\/logo\/image\/","url":"https:\/\/swissbaker.ch\/wp-content\/uploads\/2022\/04\/sbc-logo-yoast.jpg","contentUrl":"https:\/\/swissbaker.ch\/wp-content\/uploads\/2022\/04\/sbc-logo-yoast.jpg","width":512,"height":512,"caption":"Schweizerischer B\u00e4cker-Confiseurmeister-Verband"},"image":{"@id":"https:\/\/swissbaker.ch\/fr\/#\/schema\/logo\/image\/"},"sameAs":["https:\/\/www.facebook.com\/swissbaker.ch","https:\/\/x.com\/ch_swissbaker"]},{"@type":"Person","@id":"https:\/\/swissbaker.ch\/fr\/#\/schema\/person\/058ac47619f7da53df62aba60f939b78","name":"azureart","image":{"@type":"ImageObject","inLanguage":"fr-FR","@id":"https:\/\/swissbaker.ch\/fr\/#\/schema\/person\/image\/","url":"https:\/\/secure.gravatar.com\/avatar\/be04dd3098fd612c83067af4f7a295384c93cb6a9112f51beb9d2f477d25da61?s=96&d=mm&r=g","contentUrl":"https:\/\/secure.gravatar.com\/avatar\/be04dd3098fd612c83067af4f7a295384c93cb6a9112f51beb9d2f477d25da61?s=96&d=mm&r=g","caption":"azureart"},"sameAs":["https:\/\/swissbaker.ch"],"url":"https:\/\/swissbaker.ch\/fr\/panissimo-news\/author\/pixel-ahoi\/"}]}},"_links":{"self":[{"href":"https:\/\/swissbaker.ch\/fr\/wp-json\/wp\/v2\/posts\/7513","targetHints":{"allow":["GET"]}}],"collection":[{"href":"https:\/\/swissbaker.ch\/fr\/wp-json\/wp\/v2\/posts"}],"about":[{"href":"https:\/\/swissbaker.ch\/fr\/wp-json\/wp\/v2\/types\/post"}],"author":[{"embeddable":true,"href":"https:\/\/swissbaker.ch\/fr\/wp-json\/wp\/v2\/users\/1"}],"replies":[{"embeddable":true,"href":"https:\/\/swissbaker.ch\/fr\/wp-json\/wp\/v2\/comments?post=7513"}],"version-history":[{"count":0,"href":"https:\/\/swissbaker.ch\/fr\/wp-json\/wp\/v2\/posts\/7513\/revisions"}],"wp:featuredmedia":[{"embeddable":true,"href":"https:\/\/swissbaker.ch\/fr\/wp-json\/wp\/v2\/media\/5103"}],"wp:attachment":[{"href":"https:\/\/swissbaker.ch\/fr\/wp-json\/wp\/v2\/media?parent=7513"}],"wp:term":[{"taxonomy":"category","embeddable":true,"href":"https:\/\/swissbaker.ch\/fr\/wp-json\/wp\/v2\/categories?post=7513"},{"taxonomy":"post_tag","embeddable":true,"href":"https:\/\/swissbaker.ch\/fr\/wp-json\/wp\/v2\/tags?post=7513"}],"curies":[{"name":"wp","href":"https:\/\/api.w.org\/{rel}","templated":true}]}}