{"id":7508,"date":"2022-01-12T13:32:00","date_gmt":"2022-01-12T12:32:00","guid":{"rendered":"https:\/\/swissbaker.ch\/?p=7508"},"modified":"2022-04-29T14:22:44","modified_gmt":"2022-04-29T12:22:44","slug":"lobscurite-precoce-le-verglas-et-la-saison-des-sports-dhiver-augmentent-le-risque-daccident","status":"publish","type":"post","link":"https:\/\/swissbaker.ch\/fr\/panissimo-news\/lobscurite-precoce-le-verglas-et-la-saison-des-sports-dhiver-augmentent-le-risque-daccident\/","title":{"rendered":"L\u2019obscurit\u00e9 pr\u00e9coce, le verglas et la saison des sports d\u2019hiver augmentent le risque d\u2019accident"},"content":{"rendered":"\n<p><strong>La BCS recommande de mener r\u00e9guli\u00e8rement des campagnes de pr\u00e9vention dans les entreprises.<\/strong><\/p>\n\n\n\n<p>Du mat\u00e9riel d\u2019information sur divers risques d\u2019accident peut \u00eatre command\u00e9 gratuitement sur le site du Bureau de pr\u00e9vention des accidents.<br><a href=\"https:\/\/www.bfu.ch\/fr\" target=\"_blank\" rel=\"noreferrer noopener\">Homepage bpa&#8230;\u00bb<\/a><\/p>\n","protected":false},"excerpt":{"rendered":"<p>La BCS recommande de mener r\u00e9guli\u00e8rement des campagnes de pr\u00e9vention dans les entreprises. Du mat\u00e9riel d\u2019information sur divers risques d\u2019accident peut \u00eatre command\u00e9 gratuitement sur le site du Bureau de pr\u00e9vention des accidents.Homepage bpa&#8230;\u00bb<\/p>\n","protected":false},"author":1,"featured_media":5102,"comment_status":"open","ping_status":"closed","sticky":false,"template":"","format":"standard","meta":{"_acf_changed":false,"footnotes":""},"categories":[49],"tags":[],"class_list":["post-7508","post","type-post","status-publish","format-standard","has-post-thumbnail","hentry","category-sante-securite"],"acf":[],"yoast_head":"<!-- This site is optimized with the Yoast SEO Premium plugin v26.8 (Yoast SEO v26.8) - https:\/\/yoast.com\/product\/yoast-seo-premium-wordpress\/ -->\n<title>L\u2019obscurit\u00e9 pr\u00e9coce, le verglas et la saison des sports d\u2019hiver augmentent le risque d\u2019accident | SBC<\/title>\n<meta name=\"robots\" content=\"index, follow, max-snippet:-1, max-image-preview:large, max-video-preview:-1\" \/>\n<link rel=\"canonical\" href=\"https:\/\/swissbaker.ch\/fr\/panissimo-news\/lobscurite-precoce-le-verglas-et-la-saison-des-sports-dhiver-augmentent-le-risque-daccident\/\" \/>\n<meta property=\"og:locale\" content=\"fr_FR\" \/>\n<meta property=\"og:type\" content=\"article\" \/>\n<meta property=\"og:title\" content=\"L\u2019obscurit\u00e9 pr\u00e9coce, le verglas et la saison des sports d\u2019hiver augmentent le risque d\u2019accident\" \/>\n<meta property=\"og:description\" content=\"La BCS recommande de mener r\u00e9guli\u00e8rement des campagnes de pr\u00e9vention dans les entreprises. Du mat\u00e9riel d\u2019information sur divers risques d\u2019accident peut \u00eatre command\u00e9 gratuitement sur le site du Bureau de pr\u00e9vention des accidents.Homepage bpa&#8230;\u00bb\" \/>\n<meta property=\"og:url\" content=\"https:\/\/swissbaker.ch\/fr\/panissimo-news\/lobscurite-precoce-le-verglas-et-la-saison-des-sports-dhiver-augmentent-le-risque-daccident\/\" \/>\n<meta property=\"og:site_name\" content=\"SBC\" \/>\n<meta property=\"article:publisher\" content=\"https:\/\/www.facebook.com\/swissbaker.ch\" \/>\n<meta property=\"article:published_time\" content=\"2022-01-12T12:32:00+00:00\" \/>\n<meta property=\"article:modified_time\" content=\"2022-04-29T12:22:44+00:00\" \/>\n<meta property=\"og:image\" content=\"https:\/\/swissbaker.ch\/wp-content\/uploads\/2022\/03\/1_1_sturzgefahr.jpeg\" \/>\n\t<meta property=\"og:image:width\" content=\"800\" \/>\n\t<meta property=\"og:image:height\" content=\"474\" \/>\n\t<meta property=\"og:image:type\" content=\"image\/jpeg\" \/>\n<meta name=\"author\" content=\"azureart\" \/>\n<meta name=\"twitter:card\" content=\"summary_large_image\" \/>\n<meta name=\"twitter:creator\" content=\"@ch_swissbaker\" \/>\n<meta name=\"twitter:site\" content=\"@ch_swissbaker\" \/>\n<meta name=\"twitter:label1\" content=\"Written by\" \/>\n\t<meta name=\"twitter:data1\" content=\"azureart\" \/>\n\t<meta name=\"twitter:label2\" content=\"Est. reading time\" \/>\n\t<meta name=\"twitter:data2\" content=\"1 minute\" \/>\n<script type=\"application\/ld+json\" class=\"yoast-schema-graph\">{\"@context\":\"https:\/\/schema.org\",\"@graph\":[{\"@type\":\"Article\",\"@id\":\"https:\/\/swissbaker.ch\/fr\/panissimo-news\/lobscurite-precoce-le-verglas-et-la-saison-des-sports-dhiver-augmentent-le-risque-daccident\/#article\",\"isPartOf\":{\"@id\":\"https:\/\/swissbaker.ch\/fr\/panissimo-news\/lobscurite-precoce-le-verglas-et-la-saison-des-sports-dhiver-augmentent-le-risque-daccident\/\"},\"author\":{\"name\":\"azureart\",\"@id\":\"https:\/\/swissbaker.ch\/fr\/#\/schema\/person\/058ac47619f7da53df62aba60f939b78\"},\"headline\":\"L\u2019obscurit\u00e9 pr\u00e9coce, le verglas et la saison des sports d\u2019hiver augmentent le risque d\u2019accident\",\"datePublished\":\"2022-01-12T12:32:00+00:00\",\"dateModified\":\"2022-04-29T12:22:44+00:00\",\"mainEntityOfPage\":{\"@id\":\"https:\/\/swissbaker.ch\/fr\/panissimo-news\/lobscurite-precoce-le-verglas-et-la-saison-des-sports-dhiver-augmentent-le-risque-daccident\/\"},\"wordCount\":60,\"commentCount\":0,\"publisher\":{\"@id\":\"https:\/\/swissbaker.ch\/fr\/#organization\"},\"image\":{\"@id\":\"https:\/\/swissbaker.ch\/fr\/panissimo-news\/lobscurite-precoce-le-verglas-et-la-saison-des-sports-dhiver-augmentent-le-risque-daccident\/#primaryimage\"},\"thumbnailUrl\":\"https:\/\/swissbaker.ch\/wp-content\/uploads\/2022\/03\/1_1_sturzgefahr.jpeg\",\"articleSection\":[\"Sant\u00e9\/S\u00e9curit\u00e9\"],\"inLanguage\":\"fr-FR\",\"potentialAction\":[{\"@type\":\"CommentAction\",\"name\":\"Comment\",\"target\":[\"https:\/\/swissbaker.ch\/fr\/panissimo-news\/lobscurite-precoce-le-verglas-et-la-saison-des-sports-dhiver-augmentent-le-risque-daccident\/#respond\"]}]},{\"@type\":\"WebPage\",\"@id\":\"https:\/\/swissbaker.ch\/fr\/panissimo-news\/lobscurite-precoce-le-verglas-et-la-saison-des-sports-dhiver-augmentent-le-risque-daccident\/\",\"url\":\"https:\/\/swissbaker.ch\/fr\/panissimo-news\/lobscurite-precoce-le-verglas-et-la-saison-des-sports-dhiver-augmentent-le-risque-daccident\/\",\"name\":\"L\u2019obscurit\u00e9 pr\u00e9coce, le verglas et la saison des sports d\u2019hiver augmentent le risque d\u2019accident | SBC\",\"isPartOf\":{\"@id\":\"https:\/\/swissbaker.ch\/fr\/#website\"},\"primaryImageOfPage\":{\"@id\":\"https:\/\/swissbaker.ch\/fr\/panissimo-news\/lobscurite-precoce-le-verglas-et-la-saison-des-sports-dhiver-augmentent-le-risque-daccident\/#primaryimage\"},\"image\":{\"@id\":\"https:\/\/swissbaker.ch\/fr\/panissimo-news\/lobscurite-precoce-le-verglas-et-la-saison-des-sports-dhiver-augmentent-le-risque-daccident\/#primaryimage\"},\"thumbnailUrl\":\"https:\/\/swissbaker.ch\/wp-content\/uploads\/2022\/03\/1_1_sturzgefahr.jpeg\",\"datePublished\":\"2022-01-12T12:32:00+00:00\",\"dateModified\":\"2022-04-29T12:22:44+00:00\",\"breadcrumb\":{\"@id\":\"https:\/\/swissbaker.ch\/fr\/panissimo-news\/lobscurite-precoce-le-verglas-et-la-saison-des-sports-dhiver-augmentent-le-risque-daccident\/#breadcrumb\"},\"inLanguage\":\"fr-FR\",\"potentialAction\":[{\"@type\":\"ReadAction\",\"target\":[\"https:\/\/swissbaker.ch\/fr\/panissimo-news\/lobscurite-precoce-le-verglas-et-la-saison-des-sports-dhiver-augmentent-le-risque-daccident\/\"]}]},{\"@type\":\"ImageObject\",\"inLanguage\":\"fr-FR\",\"@id\":\"https:\/\/swissbaker.ch\/fr\/panissimo-news\/lobscurite-precoce-le-verglas-et-la-saison-des-sports-dhiver-augmentent-le-risque-daccident\/#primaryimage\",\"url\":\"https:\/\/swissbaker.ch\/wp-content\/uploads\/2022\/03\/1_1_sturzgefahr.jpeg\",\"contentUrl\":\"https:\/\/swissbaker.ch\/wp-content\/uploads\/2022\/03\/1_1_sturzgefahr.jpeg\",\"width\":800,\"height\":474,\"caption\":\"L\u2019obscurit\u00e9 pr\u00e9coce, le verglas et la saison des sports d\u2019hiver augmentent le risque d\u2019accident\"},{\"@type\":\"BreadcrumbList\",\"@id\":\"https:\/\/swissbaker.ch\/fr\/panissimo-news\/lobscurite-precoce-le-verglas-et-la-saison-des-sports-dhiver-augmentent-le-risque-daccident\/#breadcrumb\",\"itemListElement\":[{\"@type\":\"ListItem\",\"position\":1,\"name\":\"\",\"item\":\"https:\/\/swissbaker.ch\/fr\/\"},{\"@type\":\"ListItem\",\"position\":2,\"name\":\"Sant\u00e9\/S\u00e9curit\u00e9\",\"item\":\"https:\/\/swissbaker.ch\/fr\/panissimo-news\/category\/sante-securite\/\"},{\"@type\":\"ListItem\",\"position\":3,\"name\":\"L\u2019obscurit\u00e9 pr\u00e9coce, le verglas et la saison des sports d\u2019hiver augmentent le risque d\u2019accident\"}]},{\"@type\":\"WebSite\",\"@id\":\"https:\/\/swissbaker.ch\/fr\/#website\",\"url\":\"https:\/\/swissbaker.ch\/fr\/\",\"name\":\"SBC\",\"description\":\"\",\"publisher\":{\"@id\":\"https:\/\/swissbaker.ch\/fr\/#organization\"},\"potentialAction\":[{\"@type\":\"SearchAction\",\"target\":{\"@type\":\"EntryPoint\",\"urlTemplate\":\"https:\/\/swissbaker.ch\/fr\/?s={search_term_string}\"},\"query-input\":{\"@type\":\"PropertyValueSpecification\",\"valueRequired\":true,\"valueName\":\"search_term_string\"}}],\"inLanguage\":\"fr-FR\"},{\"@type\":\"Organization\",\"@id\":\"https:\/\/swissbaker.ch\/fr\/#organization\",\"name\":\"Schweizerischer B\u00e4cker-Confiseurmeister-Verband\",\"url\":\"https:\/\/swissbaker.ch\/fr\/\",\"logo\":{\"@type\":\"ImageObject\",\"inLanguage\":\"fr-FR\",\"@id\":\"https:\/\/swissbaker.ch\/fr\/#\/schema\/logo\/image\/\",\"url\":\"https:\/\/swissbaker.ch\/wp-content\/uploads\/2022\/04\/sbc-logo-yoast.jpg\",\"contentUrl\":\"https:\/\/swissbaker.ch\/wp-content\/uploads\/2022\/04\/sbc-logo-yoast.jpg\",\"width\":512,\"height\":512,\"caption\":\"Schweizerischer B\u00e4cker-Confiseurmeister-Verband\"},\"image\":{\"@id\":\"https:\/\/swissbaker.ch\/fr\/#\/schema\/logo\/image\/\"},\"sameAs\":[\"https:\/\/www.facebook.com\/swissbaker.ch\",\"https:\/\/x.com\/ch_swissbaker\"]},{\"@type\":\"Person\",\"@id\":\"https:\/\/swissbaker.ch\/fr\/#\/schema\/person\/058ac47619f7da53df62aba60f939b78\",\"name\":\"azureart\",\"image\":{\"@type\":\"ImageObject\",\"inLanguage\":\"fr-FR\",\"@id\":\"https:\/\/swissbaker.ch\/fr\/#\/schema\/person\/image\/\",\"url\":\"https:\/\/secure.gravatar.com\/avatar\/be04dd3098fd612c83067af4f7a295384c93cb6a9112f51beb9d2f477d25da61?s=96&d=mm&r=g\",\"contentUrl\":\"https:\/\/secure.gravatar.com\/avatar\/be04dd3098fd612c83067af4f7a295384c93cb6a9112f51beb9d2f477d25da61?s=96&d=mm&r=g\",\"caption\":\"azureart\"},\"sameAs\":[\"https:\/\/swissbaker.ch\"],\"url\":\"https:\/\/swissbaker.ch\/fr\/panissimo-news\/author\/pixel-ahoi\/\"}]}<\/script>\n<!-- \/ Yoast SEO Premium plugin. -->","yoast_head_json":{"title":"L\u2019obscurit\u00e9 pr\u00e9coce, le verglas et la saison des sports d\u2019hiver augmentent le risque d\u2019accident | SBC","robots":{"index":"index","follow":"follow","max-snippet":"max-snippet:-1","max-image-preview":"max-image-preview:large","max-video-preview":"max-video-preview:-1"},"canonical":"https:\/\/swissbaker.ch\/fr\/panissimo-news\/lobscurite-precoce-le-verglas-et-la-saison-des-sports-dhiver-augmentent-le-risque-daccident\/","og_locale":"fr_FR","og_type":"article","og_title":"L\u2019obscurit\u00e9 pr\u00e9coce, le verglas et la saison des sports d\u2019hiver augmentent le risque d\u2019accident","og_description":"La BCS recommande de mener r\u00e9guli\u00e8rement des campagnes de pr\u00e9vention dans les entreprises. Du mat\u00e9riel d\u2019information sur divers risques d\u2019accident peut \u00eatre command\u00e9 gratuitement sur le site du Bureau de pr\u00e9vention des accidents.Homepage bpa&#8230;\u00bb","og_url":"https:\/\/swissbaker.ch\/fr\/panissimo-news\/lobscurite-precoce-le-verglas-et-la-saison-des-sports-dhiver-augmentent-le-risque-daccident\/","og_site_name":"SBC","article_publisher":"https:\/\/www.facebook.com\/swissbaker.ch","article_published_time":"2022-01-12T12:32:00+00:00","article_modified_time":"2022-04-29T12:22:44+00:00","og_image":[{"width":800,"height":474,"url":"https:\/\/swissbaker.ch\/wp-content\/uploads\/2022\/03\/1_1_sturzgefahr.jpeg","type":"image\/jpeg"}],"author":"azureart","twitter_card":"summary_large_image","twitter_creator":"@ch_swissbaker","twitter_site":"@ch_swissbaker","twitter_misc":{"Written by":"azureart","Est. reading time":"1 minute"},"schema":{"@context":"https:\/\/schema.org","@graph":[{"@type":"Article","@id":"https:\/\/swissbaker.ch\/fr\/panissimo-news\/lobscurite-precoce-le-verglas-et-la-saison-des-sports-dhiver-augmentent-le-risque-daccident\/#article","isPartOf":{"@id":"https:\/\/swissbaker.ch\/fr\/panissimo-news\/lobscurite-precoce-le-verglas-et-la-saison-des-sports-dhiver-augmentent-le-risque-daccident\/"},"author":{"name":"azureart","@id":"https:\/\/swissbaker.ch\/fr\/#\/schema\/person\/058ac47619f7da53df62aba60f939b78"},"headline":"L\u2019obscurit\u00e9 pr\u00e9coce, le verglas et la saison des sports d\u2019hiver augmentent le risque d\u2019accident","datePublished":"2022-01-12T12:32:00+00:00","dateModified":"2022-04-29T12:22:44+00:00","mainEntityOfPage":{"@id":"https:\/\/swissbaker.ch\/fr\/panissimo-news\/lobscurite-precoce-le-verglas-et-la-saison-des-sports-dhiver-augmentent-le-risque-daccident\/"},"wordCount":60,"commentCount":0,"publisher":{"@id":"https:\/\/swissbaker.ch\/fr\/#organization"},"image":{"@id":"https:\/\/swissbaker.ch\/fr\/panissimo-news\/lobscurite-precoce-le-verglas-et-la-saison-des-sports-dhiver-augmentent-le-risque-daccident\/#primaryimage"},"thumbnailUrl":"https:\/\/swissbaker.ch\/wp-content\/uploads\/2022\/03\/1_1_sturzgefahr.jpeg","articleSection":["Sant\u00e9\/S\u00e9curit\u00e9"],"inLanguage":"fr-FR","potentialAction":[{"@type":"CommentAction","name":"Comment","target":["https:\/\/swissbaker.ch\/fr\/panissimo-news\/lobscurite-precoce-le-verglas-et-la-saison-des-sports-dhiver-augmentent-le-risque-daccident\/#respond"]}]},{"@type":"WebPage","@id":"https:\/\/swissbaker.ch\/fr\/panissimo-news\/lobscurite-precoce-le-verglas-et-la-saison-des-sports-dhiver-augmentent-le-risque-daccident\/","url":"https:\/\/swissbaker.ch\/fr\/panissimo-news\/lobscurite-precoce-le-verglas-et-la-saison-des-sports-dhiver-augmentent-le-risque-daccident\/","name":"L\u2019obscurit\u00e9 pr\u00e9coce, le verglas et la saison des sports d\u2019hiver augmentent le risque d\u2019accident | SBC","isPartOf":{"@id":"https:\/\/swissbaker.ch\/fr\/#website"},"primaryImageOfPage":{"@id":"https:\/\/swissbaker.ch\/fr\/panissimo-news\/lobscurite-precoce-le-verglas-et-la-saison-des-sports-dhiver-augmentent-le-risque-daccident\/#primaryimage"},"image":{"@id":"https:\/\/swissbaker.ch\/fr\/panissimo-news\/lobscurite-precoce-le-verglas-et-la-saison-des-sports-dhiver-augmentent-le-risque-daccident\/#primaryimage"},"thumbnailUrl":"https:\/\/swissbaker.ch\/wp-content\/uploads\/2022\/03\/1_1_sturzgefahr.jpeg","datePublished":"2022-01-12T12:32:00+00:00","dateModified":"2022-04-29T12:22:44+00:00","breadcrumb":{"@id":"https:\/\/swissbaker.ch\/fr\/panissimo-news\/lobscurite-precoce-le-verglas-et-la-saison-des-sports-dhiver-augmentent-le-risque-daccident\/#breadcrumb"},"inLanguage":"fr-FR","potentialAction":[{"@type":"ReadAction","target":["https:\/\/swissbaker.ch\/fr\/panissimo-news\/lobscurite-precoce-le-verglas-et-la-saison-des-sports-dhiver-augmentent-le-risque-daccident\/"]}]},{"@type":"ImageObject","inLanguage":"fr-FR","@id":"https:\/\/swissbaker.ch\/fr\/panissimo-news\/lobscurite-precoce-le-verglas-et-la-saison-des-sports-dhiver-augmentent-le-risque-daccident\/#primaryimage","url":"https:\/\/swissbaker.ch\/wp-content\/uploads\/2022\/03\/1_1_sturzgefahr.jpeg","contentUrl":"https:\/\/swissbaker.ch\/wp-content\/uploads\/2022\/03\/1_1_sturzgefahr.jpeg","width":800,"height":474,"caption":"L\u2019obscurit\u00e9 pr\u00e9coce, le verglas et la saison des sports d\u2019hiver augmentent le risque d\u2019accident"},{"@type":"BreadcrumbList","@id":"https:\/\/swissbaker.ch\/fr\/panissimo-news\/lobscurite-precoce-le-verglas-et-la-saison-des-sports-dhiver-augmentent-le-risque-daccident\/#breadcrumb","itemListElement":[{"@type":"ListItem","position":1,"name":"","item":"https:\/\/swissbaker.ch\/fr\/"},{"@type":"ListItem","position":2,"name":"Sant\u00e9\/S\u00e9curit\u00e9","item":"https:\/\/swissbaker.ch\/fr\/panissimo-news\/category\/sante-securite\/"},{"@type":"ListItem","position":3,"name":"L\u2019obscurit\u00e9 pr\u00e9coce, le verglas et la saison des sports d\u2019hiver augmentent le risque d\u2019accident"}]},{"@type":"WebSite","@id":"https:\/\/swissbaker.ch\/fr\/#website","url":"https:\/\/swissbaker.ch\/fr\/","name":"SBC","description":"","publisher":{"@id":"https:\/\/swissbaker.ch\/fr\/#organization"},"potentialAction":[{"@type":"SearchAction","target":{"@type":"EntryPoint","urlTemplate":"https:\/\/swissbaker.ch\/fr\/?s={search_term_string}"},"query-input":{"@type":"PropertyValueSpecification","valueRequired":true,"valueName":"search_term_string"}}],"inLanguage":"fr-FR"},{"@type":"Organization","@id":"https:\/\/swissbaker.ch\/fr\/#organization","name":"Schweizerischer B\u00e4cker-Confiseurmeister-Verband","url":"https:\/\/swissbaker.ch\/fr\/","logo":{"@type":"ImageObject","inLanguage":"fr-FR","@id":"https:\/\/swissbaker.ch\/fr\/#\/schema\/logo\/image\/","url":"https:\/\/swissbaker.ch\/wp-content\/uploads\/2022\/04\/sbc-logo-yoast.jpg","contentUrl":"https:\/\/swissbaker.ch\/wp-content\/uploads\/2022\/04\/sbc-logo-yoast.jpg","width":512,"height":512,"caption":"Schweizerischer B\u00e4cker-Confiseurmeister-Verband"},"image":{"@id":"https:\/\/swissbaker.ch\/fr\/#\/schema\/logo\/image\/"},"sameAs":["https:\/\/www.facebook.com\/swissbaker.ch","https:\/\/x.com\/ch_swissbaker"]},{"@type":"Person","@id":"https:\/\/swissbaker.ch\/fr\/#\/schema\/person\/058ac47619f7da53df62aba60f939b78","name":"azureart","image":{"@type":"ImageObject","inLanguage":"fr-FR","@id":"https:\/\/swissbaker.ch\/fr\/#\/schema\/person\/image\/","url":"https:\/\/secure.gravatar.com\/avatar\/be04dd3098fd612c83067af4f7a295384c93cb6a9112f51beb9d2f477d25da61?s=96&d=mm&r=g","contentUrl":"https:\/\/secure.gravatar.com\/avatar\/be04dd3098fd612c83067af4f7a295384c93cb6a9112f51beb9d2f477d25da61?s=96&d=mm&r=g","caption":"azureart"},"sameAs":["https:\/\/swissbaker.ch"],"url":"https:\/\/swissbaker.ch\/fr\/panissimo-news\/author\/pixel-ahoi\/"}]}},"_links":{"self":[{"href":"https:\/\/swissbaker.ch\/fr\/wp-json\/wp\/v2\/posts\/7508","targetHints":{"allow":["GET"]}}],"collection":[{"href":"https:\/\/swissbaker.ch\/fr\/wp-json\/wp\/v2\/posts"}],"about":[{"href":"https:\/\/swissbaker.ch\/fr\/wp-json\/wp\/v2\/types\/post"}],"author":[{"embeddable":true,"href":"https:\/\/swissbaker.ch\/fr\/wp-json\/wp\/v2\/users\/1"}],"replies":[{"embeddable":true,"href":"https:\/\/swissbaker.ch\/fr\/wp-json\/wp\/v2\/comments?post=7508"}],"version-history":[{"count":0,"href":"https:\/\/swissbaker.ch\/fr\/wp-json\/wp\/v2\/posts\/7508\/revisions"}],"wp:featuredmedia":[{"embeddable":true,"href":"https:\/\/swissbaker.ch\/fr\/wp-json\/wp\/v2\/media\/5102"}],"wp:attachment":[{"href":"https:\/\/swissbaker.ch\/fr\/wp-json\/wp\/v2\/media?parent=7508"}],"wp:term":[{"taxonomy":"category","embeddable":true,"href":"https:\/\/swissbaker.ch\/fr\/wp-json\/wp\/v2\/categories?post=7508"},{"taxonomy":"post_tag","embeddable":true,"href":"https:\/\/swissbaker.ch\/fr\/wp-json\/wp\/v2\/tags?post=7508"}],"curies":[{"name":"wp","href":"https:\/\/api.w.org\/{rel}","templated":true}]}}