{"id":7500,"date":"2022-01-13T13:07:00","date_gmt":"2022-01-13T12:07:00","guid":{"rendered":"https:\/\/swissbaker.ch\/?p=7500"},"modified":"2022-04-29T14:10:43","modified_gmt":"2022-04-29T12:10:43","slug":"moins-cest-plus","status":"publish","type":"post","link":"https:\/\/swissbaker.ch\/fr\/panissimo-news\/moins-cest-plus\/","title":{"rendered":"Moins, c\u2019est plus"},"content":{"rendered":"\n<p><strong>L\u2019apparence et le contenu du journal sectoriel ont \u00e9t\u00e9 revus. \u00ab\u2009Panissimo\u2009\u00bb devient d\u00e9sormais un magazine au design frais et tendance. Adieu les innombrables articles charg\u00e9s de texte avec peu d\u2019images\u2009! Place aux informations br\u00e8ves, aussi compactes et croustillantes que possible. Les points forts sont clairement d\u00e9finis. Ceux qui veulent en savoir plus peuvent lire l\u2019article complet en ligne sur swissbaker.ch gr\u00e2ce au QR code.<\/strong><\/p>\n\n\n\n<p>L&#8217;\u00e9quipe \u00abPanissimo\u00bb de gauche \u00e0 droite\u00a0:\u00a0\u00a0Claudia Vernocchi, Elina Laich, Simon Nussbaum, Christof Erne (Il a pris sa retraite, mais a contribu\u00e9 de mani\u00e8re d\u00e9terminante au nouveau magazine.), Nathalie G\u00fcntert, Johann Ruppen, ins\u00e9r\u00e9e en bas: Sandra Fogato, r\u00e9dactrice\u00a0Tessin<\/p>\n\n\n\n<h2 class=\"wp-block-heading\" id=\"h-refonte-de-swissbaker-ch\">Refonte de swissbaker.ch<\/h2>\n\n\n\n<p>La prochaine \u00e9tape importante est pr\u00e9vue \u00e0 la fin du printemps\u2009: la refonte du site de la BCS swissbaker.ch. Petit avant go\u00fbt\u2009: le Tessin aura sa propre page d\u2019infos.<br>Nous cr\u00e9ons ainsi un \u00e9quilibre entre l\u2019\u00e9dition papier et le online. Nous relevons le d\u00e9fi moderne de la communication \u00e0 l\u2019heure du zapping sur smartphone.<\/p>\n\n\n\n<h2 class=\"wp-block-heading\" id=\"h-toujours-trilingue\">Toujours trilingue<\/h2>\n\n\n\n<p>Unique publication suisse dans le secteur de la boulangerie-confiserie, \u00abPanissimo\u2009\u00bb traitera toujours en trois langues les th\u00e8mes et les tendances actuels. En effet, la communication avec les membres, la branche et la promotion de notre image aupr\u00e8s du public sont nos priorit\u00e9s.<\/p>\n\n\n\n<h2 class=\"wp-block-heading\" id=\"h-merci\">Merci<\/h2>\n\n\n\n<p>Le comit\u00e9 central de la BCS et la direction ont \u00e9labor\u00e9 de mani\u00e8re constructive le nouveau mode de communication lors de deux ateliers. Ces derniers mois, l\u2019\u00e9quipe de \u00ab\u2009Panissimo\u2009\u00bb et ses partenaires ont mis en \u0153uvre les directives avec engagement\u2009; ils y travaillent encore en partie. Ce pas vers un avenir communicatif n\u2019a \u00e9t\u00e9 possible que gr\u00e2ce \u00e0 la participation, au soutien et \u00e0 la confiance de l\u2019ensemble du comit\u00e9 central et de la direction, ainsi qu\u2019\u00e0 l\u2019engagement important de la BCS et de ses partenaires. Un grand merci \u00e0 tous\u2009!<\/p>\n\n\n\n<p>Nous vous souhaitons une bonne lecture\u2009!<\/p>\n\n\n\n<p>Vos feedbacks sont les bienvenus\u2009:&nbsp;<a href=\"javascript:linkTo_UnCryptMailto('ocknvq,rcpkuukoqBuykuudcmgt0ej');\">panissimo(at)swissbaker.ch.&nbsp;<\/a><\/p>\n","protected":false},"excerpt":{"rendered":"<p>L\u2019apparence et le contenu du journal sectoriel ont \u00e9t\u00e9 revus. \u00ab\u2009Panissimo\u2009\u00bb devient d\u00e9sormais un magazine au design frais et tendance. Adieu les innombrables articles charg\u00e9s de texte avec peu d\u2019images\u2009! Place aux informations br\u00e8ves, aussi compactes et croustillantes que possible. Les points forts sont clairement d\u00e9finis. Ceux qui veulent en savoir plus peuvent lire l\u2019article complet en ligne sur swissbaker.ch [&hellip;]<\/p>\n","protected":false},"author":1,"featured_media":5097,"comment_status":"open","ping_status":"closed","sticky":false,"template":"","format":"standard","meta":{"_acf_changed":false,"footnotes":""},"categories":[41],"tags":[],"class_list":["post-7500","post","type-post","status-publish","format-standard","has-post-thumbnail","hentry","category-association"],"acf":[],"yoast_head":"<!-- This site is optimized with the Yoast SEO Premium plugin v26.8 (Yoast SEO v26.8) - https:\/\/yoast.com\/product\/yoast-seo-premium-wordpress\/ -->\n<title>Moins, c\u2019est plus | SBC<\/title>\n<meta name=\"robots\" content=\"index, follow, max-snippet:-1, max-image-preview:large, max-video-preview:-1\" \/>\n<link rel=\"canonical\" href=\"https:\/\/swissbaker.ch\/fr\/panissimo-news\/moins-cest-plus\/\" \/>\n<meta property=\"og:locale\" content=\"fr_FR\" \/>\n<meta property=\"og:type\" content=\"article\" \/>\n<meta property=\"og:title\" content=\"Moins, c\u2019est plus\" \/>\n<meta property=\"og:description\" content=\"L\u2019apparence et le contenu du journal sectoriel ont \u00e9t\u00e9 revus. \u00ab\u2009Panissimo\u2009\u00bb devient d\u00e9sormais un magazine au design frais et tendance. Adieu les innombrables articles charg\u00e9s de texte avec peu d\u2019images\u2009! Place aux informations br\u00e8ves, aussi compactes et croustillantes que possible. Les points forts sont clairement d\u00e9finis. Ceux qui veulent en savoir plus peuvent lire l\u2019article complet en ligne sur swissbaker.ch [&hellip;]\" \/>\n<meta property=\"og:url\" content=\"https:\/\/swissbaker.ch\/fr\/panissimo-news\/moins-cest-plus\/\" \/>\n<meta property=\"og:site_name\" content=\"SBC\" \/>\n<meta property=\"article:publisher\" content=\"https:\/\/www.facebook.com\/swissbaker.ch\" \/>\n<meta property=\"article:published_time\" content=\"2022-01-13T12:07:00+00:00\" \/>\n<meta property=\"article:modified_time\" content=\"2022-04-29T12:10:43+00:00\" \/>\n<meta property=\"og:image\" content=\"https:\/\/swissbaker.ch\/wp-content\/uploads\/2022\/03\/1_1_panissimo_team_2.jpeg\" \/>\n\t<meta property=\"og:image:width\" content=\"800\" \/>\n\t<meta property=\"og:image:height\" content=\"474\" \/>\n\t<meta property=\"og:image:type\" content=\"image\/jpeg\" \/>\n<meta name=\"author\" content=\"azureart\" \/>\n<meta name=\"twitter:card\" content=\"summary_large_image\" \/>\n<meta name=\"twitter:creator\" content=\"@ch_swissbaker\" \/>\n<meta name=\"twitter:site\" content=\"@ch_swissbaker\" \/>\n<meta name=\"twitter:label1\" content=\"Written by\" \/>\n\t<meta name=\"twitter:data1\" content=\"azureart\" \/>\n\t<meta name=\"twitter:label2\" content=\"Est. reading time\" \/>\n\t<meta name=\"twitter:data2\" content=\"2 minutes\" \/>\n<script type=\"application\/ld+json\" class=\"yoast-schema-graph\">{\"@context\":\"https:\/\/schema.org\",\"@graph\":[{\"@type\":\"Article\",\"@id\":\"https:\/\/swissbaker.ch\/fr\/panissimo-news\/moins-cest-plus\/#article\",\"isPartOf\":{\"@id\":\"https:\/\/swissbaker.ch\/fr\/panissimo-news\/moins-cest-plus\/\"},\"author\":{\"name\":\"azureart\",\"@id\":\"https:\/\/swissbaker.ch\/fr\/#\/schema\/person\/058ac47619f7da53df62aba60f939b78\"},\"headline\":\"Moins, c\u2019est plus\",\"datePublished\":\"2022-01-13T12:07:00+00:00\",\"dateModified\":\"2022-04-29T12:10:43+00:00\",\"mainEntityOfPage\":{\"@id\":\"https:\/\/swissbaker.ch\/fr\/panissimo-news\/moins-cest-plus\/\"},\"wordCount\":345,\"commentCount\":0,\"publisher\":{\"@id\":\"https:\/\/swissbaker.ch\/fr\/#organization\"},\"image\":{\"@id\":\"https:\/\/swissbaker.ch\/fr\/panissimo-news\/moins-cest-plus\/#primaryimage\"},\"thumbnailUrl\":\"https:\/\/swissbaker.ch\/wp-content\/uploads\/2022\/03\/1_1_panissimo_team_2.jpeg\",\"articleSection\":[\"Association\"],\"inLanguage\":\"fr-FR\",\"potentialAction\":[{\"@type\":\"CommentAction\",\"name\":\"Comment\",\"target\":[\"https:\/\/swissbaker.ch\/fr\/panissimo-news\/moins-cest-plus\/#respond\"]}]},{\"@type\":\"WebPage\",\"@id\":\"https:\/\/swissbaker.ch\/fr\/panissimo-news\/moins-cest-plus\/\",\"url\":\"https:\/\/swissbaker.ch\/fr\/panissimo-news\/moins-cest-plus\/\",\"name\":\"Moins, c\u2019est plus | SBC\",\"isPartOf\":{\"@id\":\"https:\/\/swissbaker.ch\/fr\/#website\"},\"primaryImageOfPage\":{\"@id\":\"https:\/\/swissbaker.ch\/fr\/panissimo-news\/moins-cest-plus\/#primaryimage\"},\"image\":{\"@id\":\"https:\/\/swissbaker.ch\/fr\/panissimo-news\/moins-cest-plus\/#primaryimage\"},\"thumbnailUrl\":\"https:\/\/swissbaker.ch\/wp-content\/uploads\/2022\/03\/1_1_panissimo_team_2.jpeg\",\"datePublished\":\"2022-01-13T12:07:00+00:00\",\"dateModified\":\"2022-04-29T12:10:43+00:00\",\"breadcrumb\":{\"@id\":\"https:\/\/swissbaker.ch\/fr\/panissimo-news\/moins-cest-plus\/#breadcrumb\"},\"inLanguage\":\"fr-FR\",\"potentialAction\":[{\"@type\":\"ReadAction\",\"target\":[\"https:\/\/swissbaker.ch\/fr\/panissimo-news\/moins-cest-plus\/\"]}]},{\"@type\":\"ImageObject\",\"inLanguage\":\"fr-FR\",\"@id\":\"https:\/\/swissbaker.ch\/fr\/panissimo-news\/moins-cest-plus\/#primaryimage\",\"url\":\"https:\/\/swissbaker.ch\/wp-content\/uploads\/2022\/03\/1_1_panissimo_team_2.jpeg\",\"contentUrl\":\"https:\/\/swissbaker.ch\/wp-content\/uploads\/2022\/03\/1_1_panissimo_team_2.jpeg\",\"width\":800,\"height\":474,\"caption\":\"Moins, c\u2019est plus\"},{\"@type\":\"BreadcrumbList\",\"@id\":\"https:\/\/swissbaker.ch\/fr\/panissimo-news\/moins-cest-plus\/#breadcrumb\",\"itemListElement\":[{\"@type\":\"ListItem\",\"position\":1,\"name\":\"\",\"item\":\"https:\/\/swissbaker.ch\/fr\/\"},{\"@type\":\"ListItem\",\"position\":2,\"name\":\"Association\",\"item\":\"https:\/\/swissbaker.ch\/fr\/panissimo-news\/category\/association\/\"},{\"@type\":\"ListItem\",\"position\":3,\"name\":\"Moins, c\u2019est plus\"}]},{\"@type\":\"WebSite\",\"@id\":\"https:\/\/swissbaker.ch\/fr\/#website\",\"url\":\"https:\/\/swissbaker.ch\/fr\/\",\"name\":\"SBC\",\"description\":\"\",\"publisher\":{\"@id\":\"https:\/\/swissbaker.ch\/fr\/#organization\"},\"potentialAction\":[{\"@type\":\"SearchAction\",\"target\":{\"@type\":\"EntryPoint\",\"urlTemplate\":\"https:\/\/swissbaker.ch\/fr\/?s={search_term_string}\"},\"query-input\":{\"@type\":\"PropertyValueSpecification\",\"valueRequired\":true,\"valueName\":\"search_term_string\"}}],\"inLanguage\":\"fr-FR\"},{\"@type\":\"Organization\",\"@id\":\"https:\/\/swissbaker.ch\/fr\/#organization\",\"name\":\"Schweizerischer B\u00e4cker-Confiseurmeister-Verband\",\"url\":\"https:\/\/swissbaker.ch\/fr\/\",\"logo\":{\"@type\":\"ImageObject\",\"inLanguage\":\"fr-FR\",\"@id\":\"https:\/\/swissbaker.ch\/fr\/#\/schema\/logo\/image\/\",\"url\":\"https:\/\/swissbaker.ch\/wp-content\/uploads\/2022\/04\/sbc-logo-yoast.jpg\",\"contentUrl\":\"https:\/\/swissbaker.ch\/wp-content\/uploads\/2022\/04\/sbc-logo-yoast.jpg\",\"width\":512,\"height\":512,\"caption\":\"Schweizerischer B\u00e4cker-Confiseurmeister-Verband\"},\"image\":{\"@id\":\"https:\/\/swissbaker.ch\/fr\/#\/schema\/logo\/image\/\"},\"sameAs\":[\"https:\/\/www.facebook.com\/swissbaker.ch\",\"https:\/\/x.com\/ch_swissbaker\"]},{\"@type\":\"Person\",\"@id\":\"https:\/\/swissbaker.ch\/fr\/#\/schema\/person\/058ac47619f7da53df62aba60f939b78\",\"name\":\"azureart\",\"image\":{\"@type\":\"ImageObject\",\"inLanguage\":\"fr-FR\",\"@id\":\"https:\/\/swissbaker.ch\/fr\/#\/schema\/person\/image\/\",\"url\":\"https:\/\/secure.gravatar.com\/avatar\/be04dd3098fd612c83067af4f7a295384c93cb6a9112f51beb9d2f477d25da61?s=96&d=mm&r=g\",\"contentUrl\":\"https:\/\/secure.gravatar.com\/avatar\/be04dd3098fd612c83067af4f7a295384c93cb6a9112f51beb9d2f477d25da61?s=96&d=mm&r=g\",\"caption\":\"azureart\"},\"sameAs\":[\"https:\/\/swissbaker.ch\"],\"url\":\"https:\/\/swissbaker.ch\/fr\/panissimo-news\/author\/pixel-ahoi\/\"}]}<\/script>\n<!-- \/ Yoast SEO Premium plugin. -->","yoast_head_json":{"title":"Moins, c\u2019est plus | SBC","robots":{"index":"index","follow":"follow","max-snippet":"max-snippet:-1","max-image-preview":"max-image-preview:large","max-video-preview":"max-video-preview:-1"},"canonical":"https:\/\/swissbaker.ch\/fr\/panissimo-news\/moins-cest-plus\/","og_locale":"fr_FR","og_type":"article","og_title":"Moins, c\u2019est plus","og_description":"L\u2019apparence et le contenu du journal sectoriel ont \u00e9t\u00e9 revus. \u00ab\u2009Panissimo\u2009\u00bb devient d\u00e9sormais un magazine au design frais et tendance. Adieu les innombrables articles charg\u00e9s de texte avec peu d\u2019images\u2009! Place aux informations br\u00e8ves, aussi compactes et croustillantes que possible. Les points forts sont clairement d\u00e9finis. Ceux qui veulent en savoir plus peuvent lire l\u2019article complet en ligne sur swissbaker.ch [&hellip;]","og_url":"https:\/\/swissbaker.ch\/fr\/panissimo-news\/moins-cest-plus\/","og_site_name":"SBC","article_publisher":"https:\/\/www.facebook.com\/swissbaker.ch","article_published_time":"2022-01-13T12:07:00+00:00","article_modified_time":"2022-04-29T12:10:43+00:00","og_image":[{"width":800,"height":474,"url":"https:\/\/swissbaker.ch\/wp-content\/uploads\/2022\/03\/1_1_panissimo_team_2.jpeg","type":"image\/jpeg"}],"author":"azureart","twitter_card":"summary_large_image","twitter_creator":"@ch_swissbaker","twitter_site":"@ch_swissbaker","twitter_misc":{"Written by":"azureart","Est. reading time":"2 minutes"},"schema":{"@context":"https:\/\/schema.org","@graph":[{"@type":"Article","@id":"https:\/\/swissbaker.ch\/fr\/panissimo-news\/moins-cest-plus\/#article","isPartOf":{"@id":"https:\/\/swissbaker.ch\/fr\/panissimo-news\/moins-cest-plus\/"},"author":{"name":"azureart","@id":"https:\/\/swissbaker.ch\/fr\/#\/schema\/person\/058ac47619f7da53df62aba60f939b78"},"headline":"Moins, c\u2019est plus","datePublished":"2022-01-13T12:07:00+00:00","dateModified":"2022-04-29T12:10:43+00:00","mainEntityOfPage":{"@id":"https:\/\/swissbaker.ch\/fr\/panissimo-news\/moins-cest-plus\/"},"wordCount":345,"commentCount":0,"publisher":{"@id":"https:\/\/swissbaker.ch\/fr\/#organization"},"image":{"@id":"https:\/\/swissbaker.ch\/fr\/panissimo-news\/moins-cest-plus\/#primaryimage"},"thumbnailUrl":"https:\/\/swissbaker.ch\/wp-content\/uploads\/2022\/03\/1_1_panissimo_team_2.jpeg","articleSection":["Association"],"inLanguage":"fr-FR","potentialAction":[{"@type":"CommentAction","name":"Comment","target":["https:\/\/swissbaker.ch\/fr\/panissimo-news\/moins-cest-plus\/#respond"]}]},{"@type":"WebPage","@id":"https:\/\/swissbaker.ch\/fr\/panissimo-news\/moins-cest-plus\/","url":"https:\/\/swissbaker.ch\/fr\/panissimo-news\/moins-cest-plus\/","name":"Moins, c\u2019est plus | SBC","isPartOf":{"@id":"https:\/\/swissbaker.ch\/fr\/#website"},"primaryImageOfPage":{"@id":"https:\/\/swissbaker.ch\/fr\/panissimo-news\/moins-cest-plus\/#primaryimage"},"image":{"@id":"https:\/\/swissbaker.ch\/fr\/panissimo-news\/moins-cest-plus\/#primaryimage"},"thumbnailUrl":"https:\/\/swissbaker.ch\/wp-content\/uploads\/2022\/03\/1_1_panissimo_team_2.jpeg","datePublished":"2022-01-13T12:07:00+00:00","dateModified":"2022-04-29T12:10:43+00:00","breadcrumb":{"@id":"https:\/\/swissbaker.ch\/fr\/panissimo-news\/moins-cest-plus\/#breadcrumb"},"inLanguage":"fr-FR","potentialAction":[{"@type":"ReadAction","target":["https:\/\/swissbaker.ch\/fr\/panissimo-news\/moins-cest-plus\/"]}]},{"@type":"ImageObject","inLanguage":"fr-FR","@id":"https:\/\/swissbaker.ch\/fr\/panissimo-news\/moins-cest-plus\/#primaryimage","url":"https:\/\/swissbaker.ch\/wp-content\/uploads\/2022\/03\/1_1_panissimo_team_2.jpeg","contentUrl":"https:\/\/swissbaker.ch\/wp-content\/uploads\/2022\/03\/1_1_panissimo_team_2.jpeg","width":800,"height":474,"caption":"Moins, c\u2019est plus"},{"@type":"BreadcrumbList","@id":"https:\/\/swissbaker.ch\/fr\/panissimo-news\/moins-cest-plus\/#breadcrumb","itemListElement":[{"@type":"ListItem","position":1,"name":"","item":"https:\/\/swissbaker.ch\/fr\/"},{"@type":"ListItem","position":2,"name":"Association","item":"https:\/\/swissbaker.ch\/fr\/panissimo-news\/category\/association\/"},{"@type":"ListItem","position":3,"name":"Moins, c\u2019est plus"}]},{"@type":"WebSite","@id":"https:\/\/swissbaker.ch\/fr\/#website","url":"https:\/\/swissbaker.ch\/fr\/","name":"SBC","description":"","publisher":{"@id":"https:\/\/swissbaker.ch\/fr\/#organization"},"potentialAction":[{"@type":"SearchAction","target":{"@type":"EntryPoint","urlTemplate":"https:\/\/swissbaker.ch\/fr\/?s={search_term_string}"},"query-input":{"@type":"PropertyValueSpecification","valueRequired":true,"valueName":"search_term_string"}}],"inLanguage":"fr-FR"},{"@type":"Organization","@id":"https:\/\/swissbaker.ch\/fr\/#organization","name":"Schweizerischer B\u00e4cker-Confiseurmeister-Verband","url":"https:\/\/swissbaker.ch\/fr\/","logo":{"@type":"ImageObject","inLanguage":"fr-FR","@id":"https:\/\/swissbaker.ch\/fr\/#\/schema\/logo\/image\/","url":"https:\/\/swissbaker.ch\/wp-content\/uploads\/2022\/04\/sbc-logo-yoast.jpg","contentUrl":"https:\/\/swissbaker.ch\/wp-content\/uploads\/2022\/04\/sbc-logo-yoast.jpg","width":512,"height":512,"caption":"Schweizerischer B\u00e4cker-Confiseurmeister-Verband"},"image":{"@id":"https:\/\/swissbaker.ch\/fr\/#\/schema\/logo\/image\/"},"sameAs":["https:\/\/www.facebook.com\/swissbaker.ch","https:\/\/x.com\/ch_swissbaker"]},{"@type":"Person","@id":"https:\/\/swissbaker.ch\/fr\/#\/schema\/person\/058ac47619f7da53df62aba60f939b78","name":"azureart","image":{"@type":"ImageObject","inLanguage":"fr-FR","@id":"https:\/\/swissbaker.ch\/fr\/#\/schema\/person\/image\/","url":"https:\/\/secure.gravatar.com\/avatar\/be04dd3098fd612c83067af4f7a295384c93cb6a9112f51beb9d2f477d25da61?s=96&d=mm&r=g","contentUrl":"https:\/\/secure.gravatar.com\/avatar\/be04dd3098fd612c83067af4f7a295384c93cb6a9112f51beb9d2f477d25da61?s=96&d=mm&r=g","caption":"azureart"},"sameAs":["https:\/\/swissbaker.ch"],"url":"https:\/\/swissbaker.ch\/fr\/panissimo-news\/author\/pixel-ahoi\/"}]}},"_links":{"self":[{"href":"https:\/\/swissbaker.ch\/fr\/wp-json\/wp\/v2\/posts\/7500","targetHints":{"allow":["GET"]}}],"collection":[{"href":"https:\/\/swissbaker.ch\/fr\/wp-json\/wp\/v2\/posts"}],"about":[{"href":"https:\/\/swissbaker.ch\/fr\/wp-json\/wp\/v2\/types\/post"}],"author":[{"embeddable":true,"href":"https:\/\/swissbaker.ch\/fr\/wp-json\/wp\/v2\/users\/1"}],"replies":[{"embeddable":true,"href":"https:\/\/swissbaker.ch\/fr\/wp-json\/wp\/v2\/comments?post=7500"}],"version-history":[{"count":0,"href":"https:\/\/swissbaker.ch\/fr\/wp-json\/wp\/v2\/posts\/7500\/revisions"}],"wp:featuredmedia":[{"embeddable":true,"href":"https:\/\/swissbaker.ch\/fr\/wp-json\/wp\/v2\/media\/5097"}],"wp:attachment":[{"href":"https:\/\/swissbaker.ch\/fr\/wp-json\/wp\/v2\/media?parent=7500"}],"wp:term":[{"taxonomy":"category","embeddable":true,"href":"https:\/\/swissbaker.ch\/fr\/wp-json\/wp\/v2\/categories?post=7500"},{"taxonomy":"post_tag","embeddable":true,"href":"https:\/\/swissbaker.ch\/fr\/wp-json\/wp\/v2\/tags?post=7500"}],"curies":[{"name":"wp","href":"https:\/\/api.w.org\/{rel}","templated":true}]}}