{"id":74840,"date":"2024-02-08T09:00:00","date_gmt":"2024-02-08T08:00:00","guid":{"rendered":"https:\/\/swissbaker.ch\/?p=74840"},"modified":"2024-02-07T12:53:24","modified_gmt":"2024-02-07T11:53:24","slug":"ce-ne-sont-pas-des-pommes-de-terre","status":"publish","type":"post","link":"https:\/\/swissbaker.ch\/fr\/panissimo-news\/ce-ne-sont-pas-des-pommes-de-terre\/","title":{"rendered":"\u00ab Ce ne sont pas des pommes de terre ! \u00bb"},"content":{"rendered":"\n<p>Ch\u00e8re lectrice, cher lecteur,<\/p>\n\n\n\n<p>J\u2019ai \u00e9t\u00e9 tr\u00e8s choqu\u00e9e quand mon ma\u00eetre d\u2019apprentissage m\u2019a intim\u00e9 de prendre davantage soin des boules de Berlin. Attrist\u00e9e devant ma tour de beignets \u00e9rig\u00e9e artistiquement, j\u2019ai cherch\u00e9 du r\u00e9confort aupr\u00e8s de ma formatrice. \u00ab Elles sont dispos\u00e9es ainsi sur le plateau dans le calendrier des boulangers \u00bb, ai-je r\u00e9torqu\u00e9. Oui, bien s\u00fbr, m\u2019a-t-elle r\u00e9pondu, mais nos boules de Berlin sont encore chaudes et doivent donc \u00eatre trait\u00e9es avec soin. L\u2019\u00e9vidence s\u2019est impos\u00e9e \u00e0 moi.<\/p>\n\n\n\n<p>Aujourd\u2019hui, \u00ab m\u00e9nager les produits \u00bb signifie pour moi \u00e9galement d\u2019accorder le respect n\u00e9cessaire aux travaux complexes de la production et aux emballages cadeaux artistiques de notre personnel de vente. Avec toutes les informations importantes sur les produits pour la vente et la client\u00e8le, nous cr\u00e9ons une grande valeur ajout\u00e9e sur le march\u00e9.<\/p>\n\n\n\n<p>Lors de mon tour de Suisse, j\u2019observe souvent que les produits soigneusement pr\u00e9par\u00e9s sont froidement<br>vendus sur le comptoir, sans valorisation de l\u2019achat\u2026 dans des emballages inadapt\u00e9s \u2013 ou pire encore selon moi, dans des sacs \u00e0 pain \u00ab glauques \u00bb r\u00e9utilisables, \u00e0 l\u2019effigie de la concurrence, apport\u00e9s par la client\u00e8le.<\/p>\n\n\n\n<p>L\u2019autre jour, un client a voulu ramener chez lui ses petits chocolats de la Saint-Sylvestre dans un sachet \u00e0 petits pains, par amour de l\u2019environnement. Je lui ai expliqu\u00e9 que nos sacs en papier \u00e9taient \u00e9galement durables et que les petits chocolats ne risquaient rien dans ces derniers. Avec un clin d\u2019oeil, je lui ai parl\u00e9 de mon coeur en chocolat qui pleure quand je pense \u00e0 la production minutieuse, \u00e0 l\u2019emballage des oeuvres d\u2019art et \u00e0 la mani\u00e8re dont elles sont finalement mises en sc\u00e8ne en magasin ; tout ce travail devant \u00eatre reconnu \u00e0 sa juste valeur. Le client a failli pleurer avec moi\u2026<\/p>\n\n\n\n<p>P.S. : Au fait, je stocke aussi dignement mes petites \u00ab pommes de terre \u00bb informes dans une belle corbeille.<\/p>\n\n\n\n<p class=\"has-text-align-right\">Lisa Frunz, membre du cc,<br>d\u00e9partement du commerce de d\u00e9tail<\/p>\n","protected":false},"excerpt":{"rendered":"<p>Ch\u00e8re lectrice, cher lecteur, J\u2019ai \u00e9t\u00e9 tr\u00e8s choqu\u00e9e quand mon ma\u00eetre d\u2019apprentissage m\u2019a intim\u00e9 de prendre davantage soin des boules de Berlin. Attrist\u00e9e devant ma tour de beignets \u00e9rig\u00e9e artistiquement, j\u2019ai cherch\u00e9 du r\u00e9confort aupr\u00e8s de ma formatrice. \u00ab Elles sont dispos\u00e9es ainsi sur le plateau dans le calendrier des boulangers \u00bb, ai-je r\u00e9torqu\u00e9. Oui, bien s\u00fbr, m\u2019a-t-elle r\u00e9pondu, mais [&hellip;]<\/p>\n","protected":false},"author":4,"featured_media":66395,"comment_status":"closed","ping_status":"closed","sticky":true,"template":"","format":"standard","meta":{"_acf_changed":false,"footnotes":""},"categories":[45],"tags":[],"class_list":["post-74840","post","type-post","status-publish","format-standard","has-post-thumbnail","hentry","category-environnement-professionnel"],"acf":[],"yoast_head":"<!-- This site is optimized with the Yoast SEO Premium plugin v26.8 (Yoast SEO v26.8) - https:\/\/yoast.com\/product\/yoast-seo-premium-wordpress\/ -->\n<title>\u00ab Ce ne sont pas des pommes de terre ! \u00bb | SBC<\/title>\n<meta name=\"description\" content=\"Lisa Frunz \u00e9crit qu&#039;il est important de prendre soin des produits. Apr\u00e8s tout, les boules de Berlin ne sont pas des pommes de terre.\" \/>\n<meta name=\"robots\" content=\"index, follow, max-snippet:-1, max-image-preview:large, max-video-preview:-1\" \/>\n<link rel=\"canonical\" href=\"https:\/\/swissbaker.ch\/fr\/panissimo-news\/ce-ne-sont-pas-des-pommes-de-terre\/\" \/>\n<meta property=\"og:locale\" content=\"fr_FR\" \/>\n<meta property=\"og:type\" content=\"article\" \/>\n<meta property=\"og:title\" content=\"\u00ab Ce ne sont pas des pommes de terre ! \u00bb\" \/>\n<meta property=\"og:description\" content=\"Lisa Frunz \u00e9crit qu&#039;il est important de prendre soin des produits. Apr\u00e8s tout, les boules de Berlin ne sont pas des pommes de terre.\" \/>\n<meta property=\"og:url\" content=\"https:\/\/swissbaker.ch\/fr\/panissimo-news\/ce-ne-sont-pas-des-pommes-de-terre\/\" \/>\n<meta property=\"og:site_name\" content=\"SBC\" \/>\n<meta property=\"article:publisher\" content=\"https:\/\/www.facebook.com\/swissbaker.ch\" \/>\n<meta property=\"article:published_time\" content=\"2024-02-08T08:00:00+00:00\" \/>\n<meta property=\"og:image\" content=\"https:\/\/swissbaker.ch\/wp-content\/uploads\/2023\/08\/lisa_frunz_2023.jpg\" \/>\n\t<meta property=\"og:image:width\" content=\"1200\" \/>\n\t<meta property=\"og:image:height\" content=\"712\" \/>\n\t<meta property=\"og:image:type\" content=\"image\/jpeg\" \/>\n<meta name=\"author\" content=\"Elina Laich\" \/>\n<meta name=\"twitter:card\" content=\"summary_large_image\" \/>\n<meta name=\"twitter:creator\" content=\"@ch_swissbaker\" \/>\n<meta name=\"twitter:site\" content=\"@ch_swissbaker\" \/>\n<meta name=\"twitter:label1\" content=\"Written by\" \/>\n\t<meta name=\"twitter:data1\" content=\"Elina Laich\" \/>\n\t<meta name=\"twitter:label2\" content=\"Est. reading time\" \/>\n\t<meta name=\"twitter:data2\" content=\"2 minutes\" \/>\n<script type=\"application\/ld+json\" class=\"yoast-schema-graph\">{\"@context\":\"https:\/\/schema.org\",\"@graph\":[{\"@type\":\"Article\",\"@id\":\"https:\/\/swissbaker.ch\/fr\/panissimo-news\/ce-ne-sont-pas-des-pommes-de-terre\/#article\",\"isPartOf\":{\"@id\":\"https:\/\/swissbaker.ch\/fr\/panissimo-news\/ce-ne-sont-pas-des-pommes-de-terre\/\"},\"author\":{\"name\":\"Elina Laich\",\"@id\":\"https:\/\/swissbaker.ch\/fr\/#\/schema\/person\/0c7464407782a0917d6e91a74206a176\"},\"headline\":\"\u00ab Ce ne sont pas des pommes de terre ! \u00bb\",\"datePublished\":\"2024-02-08T08:00:00+00:00\",\"mainEntityOfPage\":{\"@id\":\"https:\/\/swissbaker.ch\/fr\/panissimo-news\/ce-ne-sont-pas-des-pommes-de-terre\/\"},\"wordCount\":354,\"publisher\":{\"@id\":\"https:\/\/swissbaker.ch\/fr\/#organization\"},\"image\":{\"@id\":\"https:\/\/swissbaker.ch\/fr\/panissimo-news\/ce-ne-sont-pas-des-pommes-de-terre\/#primaryimage\"},\"thumbnailUrl\":\"https:\/\/swissbaker.ch\/wp-content\/uploads\/2023\/08\/lisa_frunz_2023.jpg\",\"articleSection\":[\"Environnement professionnel\"],\"inLanguage\":\"fr-FR\"},{\"@type\":\"WebPage\",\"@id\":\"https:\/\/swissbaker.ch\/fr\/panissimo-news\/ce-ne-sont-pas-des-pommes-de-terre\/\",\"url\":\"https:\/\/swissbaker.ch\/fr\/panissimo-news\/ce-ne-sont-pas-des-pommes-de-terre\/\",\"name\":\"\u00ab Ce ne sont pas des pommes de terre ! \u00bb | SBC\",\"isPartOf\":{\"@id\":\"https:\/\/swissbaker.ch\/fr\/#website\"},\"primaryImageOfPage\":{\"@id\":\"https:\/\/swissbaker.ch\/fr\/panissimo-news\/ce-ne-sont-pas-des-pommes-de-terre\/#primaryimage\"},\"image\":{\"@id\":\"https:\/\/swissbaker.ch\/fr\/panissimo-news\/ce-ne-sont-pas-des-pommes-de-terre\/#primaryimage\"},\"thumbnailUrl\":\"https:\/\/swissbaker.ch\/wp-content\/uploads\/2023\/08\/lisa_frunz_2023.jpg\",\"datePublished\":\"2024-02-08T08:00:00+00:00\",\"description\":\"Lisa Frunz \u00e9crit qu'il est important de prendre soin des produits. Apr\u00e8s tout, les boules de Berlin ne sont pas des pommes de terre.\",\"breadcrumb\":{\"@id\":\"https:\/\/swissbaker.ch\/fr\/panissimo-news\/ce-ne-sont-pas-des-pommes-de-terre\/#breadcrumb\"},\"inLanguage\":\"fr-FR\",\"potentialAction\":[{\"@type\":\"ReadAction\",\"target\":[\"https:\/\/swissbaker.ch\/fr\/panissimo-news\/ce-ne-sont-pas-des-pommes-de-terre\/\"]}]},{\"@type\":\"ImageObject\",\"inLanguage\":\"fr-FR\",\"@id\":\"https:\/\/swissbaker.ch\/fr\/panissimo-news\/ce-ne-sont-pas-des-pommes-de-terre\/#primaryimage\",\"url\":\"https:\/\/swissbaker.ch\/wp-content\/uploads\/2023\/08\/lisa_frunz_2023.jpg\",\"contentUrl\":\"https:\/\/swissbaker.ch\/wp-content\/uploads\/2023\/08\/lisa_frunz_2023.jpg\",\"width\":1200,\"height\":712},{\"@type\":\"BreadcrumbList\",\"@id\":\"https:\/\/swissbaker.ch\/fr\/panissimo-news\/ce-ne-sont-pas-des-pommes-de-terre\/#breadcrumb\",\"itemListElement\":[{\"@type\":\"ListItem\",\"position\":1,\"name\":\"\",\"item\":\"https:\/\/swissbaker.ch\/fr\/\"},{\"@type\":\"ListItem\",\"position\":2,\"name\":\"Environnement professionnel\",\"item\":\"https:\/\/swissbaker.ch\/fr\/panissimo-news\/category\/environnement-professionnel\/\"},{\"@type\":\"ListItem\",\"position\":3,\"name\":\"\u00ab Ce ne sont pas des pommes de terre ! \u00bb\"}]},{\"@type\":\"WebSite\",\"@id\":\"https:\/\/swissbaker.ch\/fr\/#website\",\"url\":\"https:\/\/swissbaker.ch\/fr\/\",\"name\":\"SBC\",\"description\":\"\",\"publisher\":{\"@id\":\"https:\/\/swissbaker.ch\/fr\/#organization\"},\"potentialAction\":[{\"@type\":\"SearchAction\",\"target\":{\"@type\":\"EntryPoint\",\"urlTemplate\":\"https:\/\/swissbaker.ch\/fr\/?s={search_term_string}\"},\"query-input\":{\"@type\":\"PropertyValueSpecification\",\"valueRequired\":true,\"valueName\":\"search_term_string\"}}],\"inLanguage\":\"fr-FR\"},{\"@type\":\"Organization\",\"@id\":\"https:\/\/swissbaker.ch\/fr\/#organization\",\"name\":\"Schweizerischer B\u00e4cker-Confiseurmeister-Verband\",\"url\":\"https:\/\/swissbaker.ch\/fr\/\",\"logo\":{\"@type\":\"ImageObject\",\"inLanguage\":\"fr-FR\",\"@id\":\"https:\/\/swissbaker.ch\/fr\/#\/schema\/logo\/image\/\",\"url\":\"https:\/\/swissbaker.ch\/wp-content\/uploads\/2022\/04\/sbc-logo-yoast.jpg\",\"contentUrl\":\"https:\/\/swissbaker.ch\/wp-content\/uploads\/2022\/04\/sbc-logo-yoast.jpg\",\"width\":512,\"height\":512,\"caption\":\"Schweizerischer B\u00e4cker-Confiseurmeister-Verband\"},\"image\":{\"@id\":\"https:\/\/swissbaker.ch\/fr\/#\/schema\/logo\/image\/\"},\"sameAs\":[\"https:\/\/www.facebook.com\/swissbaker.ch\",\"https:\/\/x.com\/ch_swissbaker\"]},{\"@type\":\"Person\",\"@id\":\"https:\/\/swissbaker.ch\/fr\/#\/schema\/person\/0c7464407782a0917d6e91a74206a176\",\"name\":\"Elina Laich\",\"image\":{\"@type\":\"ImageObject\",\"inLanguage\":\"fr-FR\",\"@id\":\"https:\/\/swissbaker.ch\/fr\/#\/schema\/person\/image\/\",\"url\":\"https:\/\/secure.gravatar.com\/avatar\/f942ca5f8668781d3ded9592a21de46001e053aff264ff1c6deb97b59d3604b2?s=96&d=mm&r=g\",\"contentUrl\":\"https:\/\/secure.gravatar.com\/avatar\/f942ca5f8668781d3ded9592a21de46001e053aff264ff1c6deb97b59d3604b2?s=96&d=mm&r=g\",\"caption\":\"Elina Laich\"},\"url\":\"https:\/\/swissbaker.ch\/fr\/panissimo-news\/author\/elina-laich\/\"}]}<\/script>\n<!-- \/ Yoast SEO Premium plugin. -->","yoast_head_json":{"title":"\u00ab Ce ne sont pas des pommes de terre ! \u00bb | SBC","description":"Lisa Frunz \u00e9crit qu'il est important de prendre soin des produits. Apr\u00e8s tout, les boules de Berlin ne sont pas des pommes de terre.","robots":{"index":"index","follow":"follow","max-snippet":"max-snippet:-1","max-image-preview":"max-image-preview:large","max-video-preview":"max-video-preview:-1"},"canonical":"https:\/\/swissbaker.ch\/fr\/panissimo-news\/ce-ne-sont-pas-des-pommes-de-terre\/","og_locale":"fr_FR","og_type":"article","og_title":"\u00ab Ce ne sont pas des pommes de terre ! \u00bb","og_description":"Lisa Frunz \u00e9crit qu'il est important de prendre soin des produits. Apr\u00e8s tout, les boules de Berlin ne sont pas des pommes de terre.","og_url":"https:\/\/swissbaker.ch\/fr\/panissimo-news\/ce-ne-sont-pas-des-pommes-de-terre\/","og_site_name":"SBC","article_publisher":"https:\/\/www.facebook.com\/swissbaker.ch","article_published_time":"2024-02-08T08:00:00+00:00","og_image":[{"width":1200,"height":712,"url":"https:\/\/swissbaker.ch\/wp-content\/uploads\/2023\/08\/lisa_frunz_2023.jpg","type":"image\/jpeg"}],"author":"Elina Laich","twitter_card":"summary_large_image","twitter_creator":"@ch_swissbaker","twitter_site":"@ch_swissbaker","twitter_misc":{"Written by":"Elina Laich","Est. reading time":"2 minutes"},"schema":{"@context":"https:\/\/schema.org","@graph":[{"@type":"Article","@id":"https:\/\/swissbaker.ch\/fr\/panissimo-news\/ce-ne-sont-pas-des-pommes-de-terre\/#article","isPartOf":{"@id":"https:\/\/swissbaker.ch\/fr\/panissimo-news\/ce-ne-sont-pas-des-pommes-de-terre\/"},"author":{"name":"Elina Laich","@id":"https:\/\/swissbaker.ch\/fr\/#\/schema\/person\/0c7464407782a0917d6e91a74206a176"},"headline":"\u00ab Ce ne sont pas des pommes de terre ! \u00bb","datePublished":"2024-02-08T08:00:00+00:00","mainEntityOfPage":{"@id":"https:\/\/swissbaker.ch\/fr\/panissimo-news\/ce-ne-sont-pas-des-pommes-de-terre\/"},"wordCount":354,"publisher":{"@id":"https:\/\/swissbaker.ch\/fr\/#organization"},"image":{"@id":"https:\/\/swissbaker.ch\/fr\/panissimo-news\/ce-ne-sont-pas-des-pommes-de-terre\/#primaryimage"},"thumbnailUrl":"https:\/\/swissbaker.ch\/wp-content\/uploads\/2023\/08\/lisa_frunz_2023.jpg","articleSection":["Environnement professionnel"],"inLanguage":"fr-FR"},{"@type":"WebPage","@id":"https:\/\/swissbaker.ch\/fr\/panissimo-news\/ce-ne-sont-pas-des-pommes-de-terre\/","url":"https:\/\/swissbaker.ch\/fr\/panissimo-news\/ce-ne-sont-pas-des-pommes-de-terre\/","name":"\u00ab Ce ne sont pas des pommes de terre ! \u00bb | SBC","isPartOf":{"@id":"https:\/\/swissbaker.ch\/fr\/#website"},"primaryImageOfPage":{"@id":"https:\/\/swissbaker.ch\/fr\/panissimo-news\/ce-ne-sont-pas-des-pommes-de-terre\/#primaryimage"},"image":{"@id":"https:\/\/swissbaker.ch\/fr\/panissimo-news\/ce-ne-sont-pas-des-pommes-de-terre\/#primaryimage"},"thumbnailUrl":"https:\/\/swissbaker.ch\/wp-content\/uploads\/2023\/08\/lisa_frunz_2023.jpg","datePublished":"2024-02-08T08:00:00+00:00","description":"Lisa Frunz \u00e9crit qu'il est important de prendre soin des produits. Apr\u00e8s tout, les boules de Berlin ne sont pas des pommes de terre.","breadcrumb":{"@id":"https:\/\/swissbaker.ch\/fr\/panissimo-news\/ce-ne-sont-pas-des-pommes-de-terre\/#breadcrumb"},"inLanguage":"fr-FR","potentialAction":[{"@type":"ReadAction","target":["https:\/\/swissbaker.ch\/fr\/panissimo-news\/ce-ne-sont-pas-des-pommes-de-terre\/"]}]},{"@type":"ImageObject","inLanguage":"fr-FR","@id":"https:\/\/swissbaker.ch\/fr\/panissimo-news\/ce-ne-sont-pas-des-pommes-de-terre\/#primaryimage","url":"https:\/\/swissbaker.ch\/wp-content\/uploads\/2023\/08\/lisa_frunz_2023.jpg","contentUrl":"https:\/\/swissbaker.ch\/wp-content\/uploads\/2023\/08\/lisa_frunz_2023.jpg","width":1200,"height":712},{"@type":"BreadcrumbList","@id":"https:\/\/swissbaker.ch\/fr\/panissimo-news\/ce-ne-sont-pas-des-pommes-de-terre\/#breadcrumb","itemListElement":[{"@type":"ListItem","position":1,"name":"","item":"https:\/\/swissbaker.ch\/fr\/"},{"@type":"ListItem","position":2,"name":"Environnement professionnel","item":"https:\/\/swissbaker.ch\/fr\/panissimo-news\/category\/environnement-professionnel\/"},{"@type":"ListItem","position":3,"name":"\u00ab Ce ne sont pas des pommes de terre ! \u00bb"}]},{"@type":"WebSite","@id":"https:\/\/swissbaker.ch\/fr\/#website","url":"https:\/\/swissbaker.ch\/fr\/","name":"SBC","description":"","publisher":{"@id":"https:\/\/swissbaker.ch\/fr\/#organization"},"potentialAction":[{"@type":"SearchAction","target":{"@type":"EntryPoint","urlTemplate":"https:\/\/swissbaker.ch\/fr\/?s={search_term_string}"},"query-input":{"@type":"PropertyValueSpecification","valueRequired":true,"valueName":"search_term_string"}}],"inLanguage":"fr-FR"},{"@type":"Organization","@id":"https:\/\/swissbaker.ch\/fr\/#organization","name":"Schweizerischer B\u00e4cker-Confiseurmeister-Verband","url":"https:\/\/swissbaker.ch\/fr\/","logo":{"@type":"ImageObject","inLanguage":"fr-FR","@id":"https:\/\/swissbaker.ch\/fr\/#\/schema\/logo\/image\/","url":"https:\/\/swissbaker.ch\/wp-content\/uploads\/2022\/04\/sbc-logo-yoast.jpg","contentUrl":"https:\/\/swissbaker.ch\/wp-content\/uploads\/2022\/04\/sbc-logo-yoast.jpg","width":512,"height":512,"caption":"Schweizerischer B\u00e4cker-Confiseurmeister-Verband"},"image":{"@id":"https:\/\/swissbaker.ch\/fr\/#\/schema\/logo\/image\/"},"sameAs":["https:\/\/www.facebook.com\/swissbaker.ch","https:\/\/x.com\/ch_swissbaker"]},{"@type":"Person","@id":"https:\/\/swissbaker.ch\/fr\/#\/schema\/person\/0c7464407782a0917d6e91a74206a176","name":"Elina Laich","image":{"@type":"ImageObject","inLanguage":"fr-FR","@id":"https:\/\/swissbaker.ch\/fr\/#\/schema\/person\/image\/","url":"https:\/\/secure.gravatar.com\/avatar\/f942ca5f8668781d3ded9592a21de46001e053aff264ff1c6deb97b59d3604b2?s=96&d=mm&r=g","contentUrl":"https:\/\/secure.gravatar.com\/avatar\/f942ca5f8668781d3ded9592a21de46001e053aff264ff1c6deb97b59d3604b2?s=96&d=mm&r=g","caption":"Elina Laich"},"url":"https:\/\/swissbaker.ch\/fr\/panissimo-news\/author\/elina-laich\/"}]}},"_links":{"self":[{"href":"https:\/\/swissbaker.ch\/fr\/wp-json\/wp\/v2\/posts\/74840","targetHints":{"allow":["GET"]}}],"collection":[{"href":"https:\/\/swissbaker.ch\/fr\/wp-json\/wp\/v2\/posts"}],"about":[{"href":"https:\/\/swissbaker.ch\/fr\/wp-json\/wp\/v2\/types\/post"}],"author":[{"embeddable":true,"href":"https:\/\/swissbaker.ch\/fr\/wp-json\/wp\/v2\/users\/4"}],"replies":[{"embeddable":true,"href":"https:\/\/swissbaker.ch\/fr\/wp-json\/wp\/v2\/comments?post=74840"}],"version-history":[{"count":0,"href":"https:\/\/swissbaker.ch\/fr\/wp-json\/wp\/v2\/posts\/74840\/revisions"}],"wp:featuredmedia":[{"embeddable":true,"href":"https:\/\/swissbaker.ch\/fr\/wp-json\/wp\/v2\/media\/66395"}],"wp:attachment":[{"href":"https:\/\/swissbaker.ch\/fr\/wp-json\/wp\/v2\/media?parent=74840"}],"wp:term":[{"taxonomy":"category","embeddable":true,"href":"https:\/\/swissbaker.ch\/fr\/wp-json\/wp\/v2\/categories?post=74840"},{"taxonomy":"post_tag","embeddable":true,"href":"https:\/\/swissbaker.ch\/fr\/wp-json\/wp\/v2\/tags?post=74840"}],"curies":[{"name":"wp","href":"https:\/\/api.w.org\/{rel}","templated":true}]}}