{"id":7451,"date":"2016-10-21T12:24:00","date_gmt":"2016-10-21T10:24:00","guid":{"rendered":"https:\/\/swissbaker.ch\/?p=7451"},"modified":"2022-04-29T13:24:50","modified_gmt":"2022-04-29T11:24:50","slug":"securite-sur-le-chemin-du-travail-et-des-moyens-de-transport","status":"publish","type":"post","link":"https:\/\/swissbaker.ch\/fr\/panissimo-news\/securite-sur-le-chemin-du-travail-et-des-moyens-de-transport\/","title":{"rendered":"S\u00e9curit\u00e9 sur le chemin du travail et des moyens de transport"},"content":{"rendered":"\n<p><strong>Les journ\u00e9es plus courtes et les brouillards matinaux annoncent l\u2019automne et limitent la visibilit\u00e9.<\/strong><\/p>\n\n\n\n<p>En tant que nouvel apprenti, vous avez d\u00e9j\u00e0 accompli 100 jours d\u2019apprentissage. Entre-temps, vous avez sans doute pris l\u2019habitude de vous lever plus t\u00f4t que vos contemporains et de voir le jour pointer \u00e0 l\u2019horizon.<\/p>\n\n\n\n<p>Or, il peut arriver de ne pas entendre le r\u00e9veil, ce qui est \u00e0 la fois aga\u00e7ant et stressant. Votre formateur pratique ainsi que vos parents ou votre \u00e9ducateur vous auront recommand\u00e9 de garder votre calme et d\u2019alerter aussit\u00f4t les personnes concern\u00e9es que vous arriverez un peu en retard.<\/p>\n\n\n\n<pre class=\"wp-block-preformatted\">Pour l\u2019amour de la s\u00e9curit\u00e9\u2009: rehaussez votre visibilit\u00e9\u2009!<\/pre>\n\n\n\n<p>De nuit, le reste de la circulation ne peut percevoir les pi\u00e9tons, les conducteurs de v\u00e9lomoteurs ou les cyclistes habill\u00e9s de noir et sans lumi\u00e8re.<\/p>\n\n\n\n<p>Le chemin du travail rec\u00e8le certains dangers dans l\u2019obscurit\u00e9, notamment pendant les mois d\u2019hiver. Glissements dus aux feuilles mouill\u00e9es, neige et verglas, objets per\u00e7us trop tard sur la route, branches et pierres\u2009: tout cela, et bien plus encore, peut entra\u00eener des accidents. Pour \u00eatre plus visible sur votre chemin du travail, optez pour plus de clart\u00e9 que d\u2019habitude. Portez des v\u00eatements clairs, un bonnet, de bonnes chaussures, des vestes de sport confortables et des sacs dot\u00e9s de r\u00e9flecteurs ou de bandes lumineuses. Utilisez tous les points forts de votre moyen de locomotion\u2009: coiffez-vous d\u2019un casque, assurez une illumination irr\u00e9prochable et installez des r\u00e9flecteurs puissants aux roues et entre les rayons. Cela augmentera votre s\u00e9curit\u00e9 en route et vous \u00e9vitera les frais inutiles (amendes de la police).<\/p>\n\n\n\n<p>Nous vous souhaitons un apprentissage cool et s\u00fbr\u2009!<\/p>\n","protected":false},"excerpt":{"rendered":"<p>Les journ\u00e9es plus courtes et les brouillards matinaux annoncent l\u2019automne et limitent la visibilit\u00e9. En tant que nouvel apprenti, vous avez d\u00e9j\u00e0 accompli 100 jours d\u2019apprentissage. Entre-temps, vous avez sans doute pris l\u2019habitude de vous lever plus t\u00f4t que vos contemporains et de voir le jour pointer \u00e0 l\u2019horizon. Or, il peut arriver de ne pas entendre le r\u00e9veil, ce [&hellip;]<\/p>\n","protected":false},"author":1,"featured_media":5434,"comment_status":"open","ping_status":"closed","sticky":false,"template":"","format":"standard","meta":{"_acf_changed":false,"footnotes":""},"categories":[49],"tags":[],"class_list":["post-7451","post","type-post","status-publish","format-standard","has-post-thumbnail","hentry","category-sante-securite"],"acf":[],"yoast_head":"<!-- This site is optimized with the Yoast SEO Premium plugin v26.8 (Yoast SEO v26.8) - https:\/\/yoast.com\/product\/yoast-seo-premium-wordpress\/ -->\n<title>S\u00e9curit\u00e9 sur le chemin du travail et des moyens de transport | SBC<\/title>\n<meta name=\"robots\" content=\"index, follow, max-snippet:-1, max-image-preview:large, max-video-preview:-1\" \/>\n<link rel=\"canonical\" href=\"https:\/\/swissbaker.ch\/fr\/panissimo-news\/securite-sur-le-chemin-du-travail-et-des-moyens-de-transport\/\" \/>\n<meta property=\"og:locale\" content=\"fr_FR\" \/>\n<meta property=\"og:type\" content=\"article\" \/>\n<meta property=\"og:title\" content=\"S\u00e9curit\u00e9 sur le chemin du travail et des moyens de transport\" \/>\n<meta property=\"og:description\" content=\"Les journ\u00e9es plus courtes et les brouillards matinaux annoncent l\u2019automne et limitent la visibilit\u00e9. En tant que nouvel apprenti, vous avez d\u00e9j\u00e0 accompli 100 jours d\u2019apprentissage. Entre-temps, vous avez sans doute pris l\u2019habitude de vous lever plus t\u00f4t que vos contemporains et de voir le jour pointer \u00e0 l\u2019horizon. Or, il peut arriver de ne pas entendre le r\u00e9veil, ce [&hellip;]\" \/>\n<meta property=\"og:url\" content=\"https:\/\/swissbaker.ch\/fr\/panissimo-news\/securite-sur-le-chemin-du-travail-et-des-moyens-de-transport\/\" \/>\n<meta property=\"og:site_name\" content=\"SBC\" \/>\n<meta property=\"article:publisher\" content=\"https:\/\/www.facebook.com\/swissbaker.ch\" \/>\n<meta property=\"article:published_time\" content=\"2016-10-21T10:24:00+00:00\" \/>\n<meta property=\"article:modified_time\" content=\"2022-04-29T11:24:50+00:00\" \/>\n<meta property=\"og:image\" content=\"https:\/\/swissbaker.ch\/wp-content\/uploads\/2022\/03\/Sicherheitshirsch_BaslerVersicherung_1.jpg\" \/>\n\t<meta property=\"og:image:width\" content=\"600\" \/>\n\t<meta property=\"og:image:height\" content=\"600\" \/>\n\t<meta property=\"og:image:type\" content=\"image\/jpeg\" \/>\n<meta name=\"author\" content=\"azureart\" \/>\n<meta name=\"twitter:card\" content=\"summary_large_image\" \/>\n<meta name=\"twitter:creator\" content=\"@ch_swissbaker\" \/>\n<meta name=\"twitter:site\" content=\"@ch_swissbaker\" \/>\n<meta name=\"twitter:label1\" content=\"Written by\" \/>\n\t<meta name=\"twitter:data1\" content=\"azureart\" \/>\n\t<meta name=\"twitter:label2\" content=\"Est. reading time\" \/>\n\t<meta name=\"twitter:data2\" content=\"2 minutes\" \/>\n<script type=\"application\/ld+json\" class=\"yoast-schema-graph\">{\"@context\":\"https:\/\/schema.org\",\"@graph\":[{\"@type\":\"Article\",\"@id\":\"https:\/\/swissbaker.ch\/fr\/panissimo-news\/securite-sur-le-chemin-du-travail-et-des-moyens-de-transport\/#article\",\"isPartOf\":{\"@id\":\"https:\/\/swissbaker.ch\/fr\/panissimo-news\/securite-sur-le-chemin-du-travail-et-des-moyens-de-transport\/\"},\"author\":{\"name\":\"azureart\",\"@id\":\"https:\/\/swissbaker.ch\/fr\/#\/schema\/person\/058ac47619f7da53df62aba60f939b78\"},\"headline\":\"S\u00e9curit\u00e9 sur le chemin du travail et des moyens de transport\",\"datePublished\":\"2016-10-21T10:24:00+00:00\",\"dateModified\":\"2022-04-29T11:24:50+00:00\",\"mainEntityOfPage\":{\"@id\":\"https:\/\/swissbaker.ch\/fr\/panissimo-news\/securite-sur-le-chemin-du-travail-et-des-moyens-de-transport\/\"},\"wordCount\":297,\"commentCount\":0,\"publisher\":{\"@id\":\"https:\/\/swissbaker.ch\/fr\/#organization\"},\"image\":{\"@id\":\"https:\/\/swissbaker.ch\/fr\/panissimo-news\/securite-sur-le-chemin-du-travail-et-des-moyens-de-transport\/#primaryimage\"},\"thumbnailUrl\":\"https:\/\/swissbaker.ch\/wp-content\/uploads\/2022\/03\/Sicherheitshirsch_BaslerVersicherung_1.jpg\",\"articleSection\":[\"Sant\u00e9\/S\u00e9curit\u00e9\"],\"inLanguage\":\"fr-FR\",\"potentialAction\":[{\"@type\":\"CommentAction\",\"name\":\"Comment\",\"target\":[\"https:\/\/swissbaker.ch\/fr\/panissimo-news\/securite-sur-le-chemin-du-travail-et-des-moyens-de-transport\/#respond\"]}]},{\"@type\":\"WebPage\",\"@id\":\"https:\/\/swissbaker.ch\/fr\/panissimo-news\/securite-sur-le-chemin-du-travail-et-des-moyens-de-transport\/\",\"url\":\"https:\/\/swissbaker.ch\/fr\/panissimo-news\/securite-sur-le-chemin-du-travail-et-des-moyens-de-transport\/\",\"name\":\"S\u00e9curit\u00e9 sur le chemin du travail et des moyens de transport | SBC\",\"isPartOf\":{\"@id\":\"https:\/\/swissbaker.ch\/fr\/#website\"},\"primaryImageOfPage\":{\"@id\":\"https:\/\/swissbaker.ch\/fr\/panissimo-news\/securite-sur-le-chemin-du-travail-et-des-moyens-de-transport\/#primaryimage\"},\"image\":{\"@id\":\"https:\/\/swissbaker.ch\/fr\/panissimo-news\/securite-sur-le-chemin-du-travail-et-des-moyens-de-transport\/#primaryimage\"},\"thumbnailUrl\":\"https:\/\/swissbaker.ch\/wp-content\/uploads\/2022\/03\/Sicherheitshirsch_BaslerVersicherung_1.jpg\",\"datePublished\":\"2016-10-21T10:24:00+00:00\",\"dateModified\":\"2022-04-29T11:24:50+00:00\",\"breadcrumb\":{\"@id\":\"https:\/\/swissbaker.ch\/fr\/panissimo-news\/securite-sur-le-chemin-du-travail-et-des-moyens-de-transport\/#breadcrumb\"},\"inLanguage\":\"fr-FR\",\"potentialAction\":[{\"@type\":\"ReadAction\",\"target\":[\"https:\/\/swissbaker.ch\/fr\/panissimo-news\/securite-sur-le-chemin-du-travail-et-des-moyens-de-transport\/\"]}]},{\"@type\":\"ImageObject\",\"inLanguage\":\"fr-FR\",\"@id\":\"https:\/\/swissbaker.ch\/fr\/panissimo-news\/securite-sur-le-chemin-du-travail-et-des-moyens-de-transport\/#primaryimage\",\"url\":\"https:\/\/swissbaker.ch\/wp-content\/uploads\/2022\/03\/Sicherheitshirsch_BaslerVersicherung_1.jpg\",\"contentUrl\":\"https:\/\/swissbaker.ch\/wp-content\/uploads\/2022\/03\/Sicherheitshirsch_BaslerVersicherung_1.jpg\",\"width\":600,\"height\":600,\"caption\":\"Sicherer Arbeitsweg \u2013 sichere Verkehrsmittel\"},{\"@type\":\"BreadcrumbList\",\"@id\":\"https:\/\/swissbaker.ch\/fr\/panissimo-news\/securite-sur-le-chemin-du-travail-et-des-moyens-de-transport\/#breadcrumb\",\"itemListElement\":[{\"@type\":\"ListItem\",\"position\":1,\"name\":\"\",\"item\":\"https:\/\/swissbaker.ch\/fr\/\"},{\"@type\":\"ListItem\",\"position\":2,\"name\":\"Sant\u00e9\/S\u00e9curit\u00e9\",\"item\":\"https:\/\/swissbaker.ch\/fr\/panissimo-news\/category\/sante-securite\/\"},{\"@type\":\"ListItem\",\"position\":3,\"name\":\"S\u00e9curit\u00e9 sur le chemin du travail et des moyens de transport\"}]},{\"@type\":\"WebSite\",\"@id\":\"https:\/\/swissbaker.ch\/fr\/#website\",\"url\":\"https:\/\/swissbaker.ch\/fr\/\",\"name\":\"SBC\",\"description\":\"\",\"publisher\":{\"@id\":\"https:\/\/swissbaker.ch\/fr\/#organization\"},\"potentialAction\":[{\"@type\":\"SearchAction\",\"target\":{\"@type\":\"EntryPoint\",\"urlTemplate\":\"https:\/\/swissbaker.ch\/fr\/?s={search_term_string}\"},\"query-input\":{\"@type\":\"PropertyValueSpecification\",\"valueRequired\":true,\"valueName\":\"search_term_string\"}}],\"inLanguage\":\"fr-FR\"},{\"@type\":\"Organization\",\"@id\":\"https:\/\/swissbaker.ch\/fr\/#organization\",\"name\":\"Schweizerischer B\u00e4cker-Confiseurmeister-Verband\",\"url\":\"https:\/\/swissbaker.ch\/fr\/\",\"logo\":{\"@type\":\"ImageObject\",\"inLanguage\":\"fr-FR\",\"@id\":\"https:\/\/swissbaker.ch\/fr\/#\/schema\/logo\/image\/\",\"url\":\"https:\/\/swissbaker.ch\/wp-content\/uploads\/2022\/04\/sbc-logo-yoast.jpg\",\"contentUrl\":\"https:\/\/swissbaker.ch\/wp-content\/uploads\/2022\/04\/sbc-logo-yoast.jpg\",\"width\":512,\"height\":512,\"caption\":\"Schweizerischer B\u00e4cker-Confiseurmeister-Verband\"},\"image\":{\"@id\":\"https:\/\/swissbaker.ch\/fr\/#\/schema\/logo\/image\/\"},\"sameAs\":[\"https:\/\/www.facebook.com\/swissbaker.ch\",\"https:\/\/x.com\/ch_swissbaker\"]},{\"@type\":\"Person\",\"@id\":\"https:\/\/swissbaker.ch\/fr\/#\/schema\/person\/058ac47619f7da53df62aba60f939b78\",\"name\":\"azureart\",\"image\":{\"@type\":\"ImageObject\",\"inLanguage\":\"fr-FR\",\"@id\":\"https:\/\/swissbaker.ch\/fr\/#\/schema\/person\/image\/\",\"url\":\"https:\/\/secure.gravatar.com\/avatar\/be04dd3098fd612c83067af4f7a295384c93cb6a9112f51beb9d2f477d25da61?s=96&d=mm&r=g\",\"contentUrl\":\"https:\/\/secure.gravatar.com\/avatar\/be04dd3098fd612c83067af4f7a295384c93cb6a9112f51beb9d2f477d25da61?s=96&d=mm&r=g\",\"caption\":\"azureart\"},\"sameAs\":[\"https:\/\/swissbaker.ch\"],\"url\":\"https:\/\/swissbaker.ch\/fr\/panissimo-news\/author\/pixel-ahoi\/\"}]}<\/script>\n<!-- \/ Yoast SEO Premium plugin. -->","yoast_head_json":{"title":"S\u00e9curit\u00e9 sur le chemin du travail et des moyens de transport | SBC","robots":{"index":"index","follow":"follow","max-snippet":"max-snippet:-1","max-image-preview":"max-image-preview:large","max-video-preview":"max-video-preview:-1"},"canonical":"https:\/\/swissbaker.ch\/fr\/panissimo-news\/securite-sur-le-chemin-du-travail-et-des-moyens-de-transport\/","og_locale":"fr_FR","og_type":"article","og_title":"S\u00e9curit\u00e9 sur le chemin du travail et des moyens de transport","og_description":"Les journ\u00e9es plus courtes et les brouillards matinaux annoncent l\u2019automne et limitent la visibilit\u00e9. En tant que nouvel apprenti, vous avez d\u00e9j\u00e0 accompli 100 jours d\u2019apprentissage. Entre-temps, vous avez sans doute pris l\u2019habitude de vous lever plus t\u00f4t que vos contemporains et de voir le jour pointer \u00e0 l\u2019horizon. Or, il peut arriver de ne pas entendre le r\u00e9veil, ce [&hellip;]","og_url":"https:\/\/swissbaker.ch\/fr\/panissimo-news\/securite-sur-le-chemin-du-travail-et-des-moyens-de-transport\/","og_site_name":"SBC","article_publisher":"https:\/\/www.facebook.com\/swissbaker.ch","article_published_time":"2016-10-21T10:24:00+00:00","article_modified_time":"2022-04-29T11:24:50+00:00","og_image":[{"width":600,"height":600,"url":"https:\/\/swissbaker.ch\/wp-content\/uploads\/2022\/03\/Sicherheitshirsch_BaslerVersicherung_1.jpg","type":"image\/jpeg"}],"author":"azureart","twitter_card":"summary_large_image","twitter_creator":"@ch_swissbaker","twitter_site":"@ch_swissbaker","twitter_misc":{"Written by":"azureart","Est. reading time":"2 minutes"},"schema":{"@context":"https:\/\/schema.org","@graph":[{"@type":"Article","@id":"https:\/\/swissbaker.ch\/fr\/panissimo-news\/securite-sur-le-chemin-du-travail-et-des-moyens-de-transport\/#article","isPartOf":{"@id":"https:\/\/swissbaker.ch\/fr\/panissimo-news\/securite-sur-le-chemin-du-travail-et-des-moyens-de-transport\/"},"author":{"name":"azureart","@id":"https:\/\/swissbaker.ch\/fr\/#\/schema\/person\/058ac47619f7da53df62aba60f939b78"},"headline":"S\u00e9curit\u00e9 sur le chemin du travail et des moyens de transport","datePublished":"2016-10-21T10:24:00+00:00","dateModified":"2022-04-29T11:24:50+00:00","mainEntityOfPage":{"@id":"https:\/\/swissbaker.ch\/fr\/panissimo-news\/securite-sur-le-chemin-du-travail-et-des-moyens-de-transport\/"},"wordCount":297,"commentCount":0,"publisher":{"@id":"https:\/\/swissbaker.ch\/fr\/#organization"},"image":{"@id":"https:\/\/swissbaker.ch\/fr\/panissimo-news\/securite-sur-le-chemin-du-travail-et-des-moyens-de-transport\/#primaryimage"},"thumbnailUrl":"https:\/\/swissbaker.ch\/wp-content\/uploads\/2022\/03\/Sicherheitshirsch_BaslerVersicherung_1.jpg","articleSection":["Sant\u00e9\/S\u00e9curit\u00e9"],"inLanguage":"fr-FR","potentialAction":[{"@type":"CommentAction","name":"Comment","target":["https:\/\/swissbaker.ch\/fr\/panissimo-news\/securite-sur-le-chemin-du-travail-et-des-moyens-de-transport\/#respond"]}]},{"@type":"WebPage","@id":"https:\/\/swissbaker.ch\/fr\/panissimo-news\/securite-sur-le-chemin-du-travail-et-des-moyens-de-transport\/","url":"https:\/\/swissbaker.ch\/fr\/panissimo-news\/securite-sur-le-chemin-du-travail-et-des-moyens-de-transport\/","name":"S\u00e9curit\u00e9 sur le chemin du travail et des moyens de transport | SBC","isPartOf":{"@id":"https:\/\/swissbaker.ch\/fr\/#website"},"primaryImageOfPage":{"@id":"https:\/\/swissbaker.ch\/fr\/panissimo-news\/securite-sur-le-chemin-du-travail-et-des-moyens-de-transport\/#primaryimage"},"image":{"@id":"https:\/\/swissbaker.ch\/fr\/panissimo-news\/securite-sur-le-chemin-du-travail-et-des-moyens-de-transport\/#primaryimage"},"thumbnailUrl":"https:\/\/swissbaker.ch\/wp-content\/uploads\/2022\/03\/Sicherheitshirsch_BaslerVersicherung_1.jpg","datePublished":"2016-10-21T10:24:00+00:00","dateModified":"2022-04-29T11:24:50+00:00","breadcrumb":{"@id":"https:\/\/swissbaker.ch\/fr\/panissimo-news\/securite-sur-le-chemin-du-travail-et-des-moyens-de-transport\/#breadcrumb"},"inLanguage":"fr-FR","potentialAction":[{"@type":"ReadAction","target":["https:\/\/swissbaker.ch\/fr\/panissimo-news\/securite-sur-le-chemin-du-travail-et-des-moyens-de-transport\/"]}]},{"@type":"ImageObject","inLanguage":"fr-FR","@id":"https:\/\/swissbaker.ch\/fr\/panissimo-news\/securite-sur-le-chemin-du-travail-et-des-moyens-de-transport\/#primaryimage","url":"https:\/\/swissbaker.ch\/wp-content\/uploads\/2022\/03\/Sicherheitshirsch_BaslerVersicherung_1.jpg","contentUrl":"https:\/\/swissbaker.ch\/wp-content\/uploads\/2022\/03\/Sicherheitshirsch_BaslerVersicherung_1.jpg","width":600,"height":600,"caption":"Sicherer Arbeitsweg \u2013 sichere Verkehrsmittel"},{"@type":"BreadcrumbList","@id":"https:\/\/swissbaker.ch\/fr\/panissimo-news\/securite-sur-le-chemin-du-travail-et-des-moyens-de-transport\/#breadcrumb","itemListElement":[{"@type":"ListItem","position":1,"name":"","item":"https:\/\/swissbaker.ch\/fr\/"},{"@type":"ListItem","position":2,"name":"Sant\u00e9\/S\u00e9curit\u00e9","item":"https:\/\/swissbaker.ch\/fr\/panissimo-news\/category\/sante-securite\/"},{"@type":"ListItem","position":3,"name":"S\u00e9curit\u00e9 sur le chemin du travail et des moyens de transport"}]},{"@type":"WebSite","@id":"https:\/\/swissbaker.ch\/fr\/#website","url":"https:\/\/swissbaker.ch\/fr\/","name":"SBC","description":"","publisher":{"@id":"https:\/\/swissbaker.ch\/fr\/#organization"},"potentialAction":[{"@type":"SearchAction","target":{"@type":"EntryPoint","urlTemplate":"https:\/\/swissbaker.ch\/fr\/?s={search_term_string}"},"query-input":{"@type":"PropertyValueSpecification","valueRequired":true,"valueName":"search_term_string"}}],"inLanguage":"fr-FR"},{"@type":"Organization","@id":"https:\/\/swissbaker.ch\/fr\/#organization","name":"Schweizerischer B\u00e4cker-Confiseurmeister-Verband","url":"https:\/\/swissbaker.ch\/fr\/","logo":{"@type":"ImageObject","inLanguage":"fr-FR","@id":"https:\/\/swissbaker.ch\/fr\/#\/schema\/logo\/image\/","url":"https:\/\/swissbaker.ch\/wp-content\/uploads\/2022\/04\/sbc-logo-yoast.jpg","contentUrl":"https:\/\/swissbaker.ch\/wp-content\/uploads\/2022\/04\/sbc-logo-yoast.jpg","width":512,"height":512,"caption":"Schweizerischer B\u00e4cker-Confiseurmeister-Verband"},"image":{"@id":"https:\/\/swissbaker.ch\/fr\/#\/schema\/logo\/image\/"},"sameAs":["https:\/\/www.facebook.com\/swissbaker.ch","https:\/\/x.com\/ch_swissbaker"]},{"@type":"Person","@id":"https:\/\/swissbaker.ch\/fr\/#\/schema\/person\/058ac47619f7da53df62aba60f939b78","name":"azureart","image":{"@type":"ImageObject","inLanguage":"fr-FR","@id":"https:\/\/swissbaker.ch\/fr\/#\/schema\/person\/image\/","url":"https:\/\/secure.gravatar.com\/avatar\/be04dd3098fd612c83067af4f7a295384c93cb6a9112f51beb9d2f477d25da61?s=96&d=mm&r=g","contentUrl":"https:\/\/secure.gravatar.com\/avatar\/be04dd3098fd612c83067af4f7a295384c93cb6a9112f51beb9d2f477d25da61?s=96&d=mm&r=g","caption":"azureart"},"sameAs":["https:\/\/swissbaker.ch"],"url":"https:\/\/swissbaker.ch\/fr\/panissimo-news\/author\/pixel-ahoi\/"}]}},"_links":{"self":[{"href":"https:\/\/swissbaker.ch\/fr\/wp-json\/wp\/v2\/posts\/7451","targetHints":{"allow":["GET"]}}],"collection":[{"href":"https:\/\/swissbaker.ch\/fr\/wp-json\/wp\/v2\/posts"}],"about":[{"href":"https:\/\/swissbaker.ch\/fr\/wp-json\/wp\/v2\/types\/post"}],"author":[{"embeddable":true,"href":"https:\/\/swissbaker.ch\/fr\/wp-json\/wp\/v2\/users\/1"}],"replies":[{"embeddable":true,"href":"https:\/\/swissbaker.ch\/fr\/wp-json\/wp\/v2\/comments?post=7451"}],"version-history":[{"count":0,"href":"https:\/\/swissbaker.ch\/fr\/wp-json\/wp\/v2\/posts\/7451\/revisions"}],"wp:featuredmedia":[{"embeddable":true,"href":"https:\/\/swissbaker.ch\/fr\/wp-json\/wp\/v2\/media\/5434"}],"wp:attachment":[{"href":"https:\/\/swissbaker.ch\/fr\/wp-json\/wp\/v2\/media?parent=7451"}],"wp:term":[{"taxonomy":"category","embeddable":true,"href":"https:\/\/swissbaker.ch\/fr\/wp-json\/wp\/v2\/categories?post=7451"},{"taxonomy":"post_tag","embeddable":true,"href":"https:\/\/swissbaker.ch\/fr\/wp-json\/wp\/v2\/tags?post=7451"}],"curies":[{"name":"wp","href":"https:\/\/api.w.org\/{rel}","templated":true}]}}