{"id":7448,"date":"2022-02-02T11:37:00","date_gmt":"2022-02-02T10:37:00","guid":{"rendered":"https:\/\/swissbaker.ch\/?p=7448"},"modified":"2022-04-29T13:19:33","modified_gmt":"2022-04-29T11:19:33","slug":"qui-remportera-la-couronne-boulangere-2022-participez-des-maintenant","status":"publish","type":"post","link":"https:\/\/swissbaker.ch\/fr\/panissimo-news\/qui-remportera-la-couronne-boulangere-2022-participez-des-maintenant\/","title":{"rendered":"Qui remportera la couronne boulang\u00e8re 2022 ? Participez d\u00e8s maintenant !"},"content":{"rendered":"\n<p><strong>Nous recherchons des boulang\u00e8res et boulangers innovants ou des confiseuses et confiseurs inventifs \u2013 que ce soit dans le domaine professionnel, social, \u00e9conomique ou \u00e9cologique. Cette ann\u00e9e aussi, la couronne boulang\u00e8re sera d\u00e9cern\u00e9e \u00e0 l&#8217;une ou l&#8217;un d&#8217;entre eux, avec un prix de 15000 francs \u00e0 la cl\u00e9.<\/strong><\/p>\n\n\n\n<p>Avis aux boulang\u00e8res et boulangers, confiseuses et confiseurs: le coup d&#8217;envoi du concours pour la couronne boulang\u00e8re 2022 a \u00e9t\u00e9 donn\u00e9! Pour la 10e fois d\u00e9j\u00e0, une boulang\u00e8re-confiseuse ou un boulanger-confiseur particuli\u00e8rement innovant(e) sera r\u00e9compens\u00e9(e) cette ann\u00e9e. Qui h\u00e9ritera de la couronne de l&#8217;actuel roi de la boulangerie David Schmid (La Patisserie David Schmid GmbH \u00e0 Zofingen)?<\/p>\n\n\n\n<h2 class=\"wp-block-heading\" id=\"h-qui-peut-participer-et-comment-cela-fonctionne-t-il\">Qui peut participer? et comment cela fonctionne-t-il?<\/h2>\n\n\n\n<p>La couronne boulang\u00e8re est d\u00e9cern\u00e9e par l&#8217;Union suisse de la levure (SHV) en collaboration avec l&#8217;Association suisse des patrons boulangers- confiseurs (BCS). La proc\u00e9dure pour les candidats est tr\u00e8s simple: \u00eates-vous membre de l&#8217;Association suisse des patrons boulangers-confiseurs, soit \u00e0 titre individuel, soit en tant qu&#8217;entreprise? Dans ce cas, d\u00e9crivez tr\u00e8s bri\u00e8vement votre particularit\u00e9 et envoyez le dossier directement au jury ou soumettez-le en ligne. Vous pouvez choisir librement le format \u2013 en plus des variantes \u00e9crites, vous pouvez par exemple envoyer des photos ou des enregistrements vid\u00e9o. Vous pouvez \u00e9galement motiver votre client\u00e8le \u00e0 vous nommer ou \u00e0 nommer votre entreprise en ligne et \u00e0 r\u00e9compenser ainsi vos particularit\u00e9s ou vos caract\u00e9ristiques.<\/p>\n\n\n\n<h2 class=\"wp-block-heading\" id=\"h-quels-sont-les-criteres-recherches\">Quels sont les crit\u00e8res recherch\u00e9s?<\/h2>\n\n\n\n<p>Sont recherch\u00e9s: les id\u00e9es cr\u00e9atives, un comportement particuli\u00e8re-ment professionnel ou un engagement exceptionnel \u2013 et le jury a d\u00e9j\u00e0 trouv\u00e9 neuf fois ce qu&#8217;il cherchait! Il est certain qu&#8217;en 2022 aussi, il y aura un roi ou une reine digne de ce nom: seront r\u00e9compens\u00e9s ceux qui auront fait briller notre branche au cours de l&#8217;ann\u00e9e \u00e9coul\u00e9e de mani\u00e8re sympa-thique, durable ou cr\u00e9ative. Le vainqueur ne recevra pas seulement le titre, mais aussi la prime de CHF 15 000.\u2013 offerte par l&#8217;Union suisse de la levure.<\/p>\n\n\n\n<p>La couronne boulang\u00e8re est d\u00e9cern\u00e9e sans limite pr\u00e9d\u00e9finie, ce qui rend la participation extr\u00eamement simple. Par exemple, l&#8217;un des points suivants pourrait \u00eatre d\u00e9terminant:<\/p>\n\n\n\n<p>\u2022 innovations sp\u00e9ciales en mati\u00e8re de produits<br>\u2022 innovations cr\u00e9atives dans les entreprises<br>\u2022 engagement pour l&#8217;environnement<br>\u2022 promotion exceptionnelle des collaborateurs, soit de ses semblables<br>\u2022 responsabilit\u00e9 sociale<br>\u2022 d\u00e9veloppement professionnel de la branche artisanale au niveau national<\/p>\n\n\n\n<h2 class=\"wp-block-heading\" id=\"h-pourquoi-participer\">Pourquoi participer?<\/h2>\n\n\n\n<p>D&#8217;une part, le prix de CHF 15 000.\u2013 permet de r\u00e9aliser certains projets et, d&#8217;autre part, bien s\u00fbr de profiter d&#8217;une publicit\u00e9 nationale. La SHV et la BCS se r\u00e9jouissent de r\u00e9compenser des personnes engag\u00e9es et des id\u00e9es particuli\u00e8rement cr\u00e9atives. Une situation gagnant-gagnant!<\/p>\n\n\n\n<h2 class=\"wp-block-heading\" id=\"h-comment-faut-il-proceder\">Comment faut-il proc\u00e9der?<\/h2>\n\n\n\n<p>Envoyez votre dossier au jury \u00e0 l&#8217;adresse postale suivante: Union suisse de la levure SHV, Thunstrasse 82, Case postale 1009, 3000 Berne 6 ou par e-mail \u00e0 info(at)baeckerkrone.ch. Il est \u00e9galement possible de remplir directement le formulaire de nomination mis en ligne su<a href=\"https:\/\/www.baeckerkrone.ch\/fr\/\">r www.baeckerkrone.ch<\/a> ou d&#8217;inciter les clients \u00e0 le faire. La date limite d&#8217;inscription est fix\u00e9e au 25 mars 2022, apr\u00e8s quoi la balle sera dans le camp du jury. Compos\u00e9 de trois repr\u00e9sentants de l&#8217;Union suisse de la levure et de trois repr\u00e9sentants de la BCS, il examinera tous les docu-ments et nominations re\u00e7us, rendra visite aux finalistes d\u00e9sign\u00e9s et \u00e9lira finalement le nouveau roi ou la nouvelle reine de la boulangerie. La gagnante ou le gagnant de la couronne boulang\u00e8re 2022 sera solennellement r\u00e9compens\u00e9(e) \u00e0 l&#8217;occasion du congr\u00e8s de la BCS le 13 juin 2022.<\/p>\n\n\n\n<p>Toutes les informations et le formulaire de nomination:<br><a href=\"https:\/\/www.baeckerkrone.ch\/fr\/nominez\/\">www.baeckerkrone.ch\/nominez<\/a><\/p>\n\n\n\n<p>Date limite d&#8217;envoi: 25 mars 2022<\/p>\n","protected":false},"excerpt":{"rendered":"<p>Nous recherchons des boulang\u00e8res et boulangers innovants ou des confiseuses et confiseurs inventifs \u2013 que ce soit dans le domaine professionnel, social, \u00e9conomique ou \u00e9cologique. Cette ann\u00e9e aussi, la couronne boulang\u00e8re sera d\u00e9cern\u00e9e \u00e0 l&#8217;une ou l&#8217;un d&#8217;entre eux, avec un prix de 15000 francs \u00e0 la cl\u00e9. Avis aux boulang\u00e8res et boulangers, confiseuses et confiseurs: le coup d&#8217;envoi du [&hellip;]<\/p>\n","protected":false},"author":1,"featured_media":5082,"comment_status":"open","ping_status":"closed","sticky":false,"template":"","format":"standard","meta":{"_acf_changed":false,"footnotes":""},"categories":[41],"tags":[],"class_list":["post-7448","post","type-post","status-publish","format-standard","has-post-thumbnail","hentry","category-association"],"acf":[],"yoast_head":"<!-- This site is optimized with the Yoast SEO Premium plugin v26.8 (Yoast SEO v26.8) - https:\/\/yoast.com\/product\/yoast-seo-premium-wordpress\/ -->\n<title>Qui remportera la couronne boulang\u00e8re 2022 ? Participez d\u00e8s maintenant ! | SBC<\/title>\n<meta name=\"robots\" content=\"index, follow, max-snippet:-1, max-image-preview:large, max-video-preview:-1\" \/>\n<link rel=\"canonical\" href=\"https:\/\/swissbaker.ch\/fr\/panissimo-news\/qui-remportera-la-couronne-boulangere-2022-participez-des-maintenant\/\" \/>\n<meta property=\"og:locale\" content=\"fr_FR\" \/>\n<meta property=\"og:type\" content=\"article\" \/>\n<meta property=\"og:title\" content=\"Qui remportera la couronne boulang\u00e8re 2022 ? Participez d\u00e8s maintenant !\" \/>\n<meta property=\"og:description\" content=\"Nous recherchons des boulang\u00e8res et boulangers innovants ou des confiseuses et confiseurs inventifs \u2013 que ce soit dans le domaine professionnel, social, \u00e9conomique ou \u00e9cologique. Cette ann\u00e9e aussi, la couronne boulang\u00e8re sera d\u00e9cern\u00e9e \u00e0 l&#8217;une ou l&#8217;un d&#8217;entre eux, avec un prix de 15000 francs \u00e0 la cl\u00e9. Avis aux boulang\u00e8res et boulangers, confiseuses et confiseurs: le coup d&#8217;envoi du [&hellip;]\" \/>\n<meta property=\"og:url\" content=\"https:\/\/swissbaker.ch\/fr\/panissimo-news\/qui-remportera-la-couronne-boulangere-2022-participez-des-maintenant\/\" \/>\n<meta property=\"og:site_name\" content=\"SBC\" \/>\n<meta property=\"article:publisher\" content=\"https:\/\/www.facebook.com\/swissbaker.ch\" \/>\n<meta property=\"article:published_time\" content=\"2022-02-02T10:37:00+00:00\" \/>\n<meta property=\"article:modified_time\" content=\"2022-04-29T11:19:33+00:00\" \/>\n<meta property=\"og:image\" content=\"https:\/\/swissbaker.ch\/wp-content\/uploads\/2022\/03\/2_2_baeckerkrone_d.jpeg\" \/>\n\t<meta property=\"og:image:width\" content=\"800\" \/>\n\t<meta property=\"og:image:height\" content=\"474\" \/>\n\t<meta property=\"og:image:type\" content=\"image\/jpeg\" \/>\n<meta name=\"author\" content=\"azureart\" \/>\n<meta name=\"twitter:card\" content=\"summary_large_image\" \/>\n<meta name=\"twitter:creator\" content=\"@ch_swissbaker\" \/>\n<meta name=\"twitter:site\" content=\"@ch_swissbaker\" \/>\n<meta name=\"twitter:label1\" content=\"Written by\" \/>\n\t<meta name=\"twitter:data1\" content=\"azureart\" \/>\n\t<meta name=\"twitter:label2\" content=\"Est. reading time\" \/>\n\t<meta name=\"twitter:data2\" content=\"4 minutes\" \/>\n<script type=\"application\/ld+json\" class=\"yoast-schema-graph\">{\"@context\":\"https:\/\/schema.org\",\"@graph\":[{\"@type\":\"Article\",\"@id\":\"https:\/\/swissbaker.ch\/fr\/panissimo-news\/qui-remportera-la-couronne-boulangere-2022-participez-des-maintenant\/#article\",\"isPartOf\":{\"@id\":\"https:\/\/swissbaker.ch\/fr\/panissimo-news\/qui-remportera-la-couronne-boulangere-2022-participez-des-maintenant\/\"},\"author\":{\"name\":\"azureart\",\"@id\":\"https:\/\/swissbaker.ch\/fr\/#\/schema\/person\/058ac47619f7da53df62aba60f939b78\"},\"headline\":\"Qui remportera la couronne boulang\u00e8re 2022 ? Participez d\u00e8s maintenant !\",\"datePublished\":\"2022-02-02T10:37:00+00:00\",\"dateModified\":\"2022-04-29T11:19:33+00:00\",\"mainEntityOfPage\":{\"@id\":\"https:\/\/swissbaker.ch\/fr\/panissimo-news\/qui-remportera-la-couronne-boulangere-2022-participez-des-maintenant\/\"},\"wordCount\":656,\"commentCount\":0,\"publisher\":{\"@id\":\"https:\/\/swissbaker.ch\/fr\/#organization\"},\"image\":{\"@id\":\"https:\/\/swissbaker.ch\/fr\/panissimo-news\/qui-remportera-la-couronne-boulangere-2022-participez-des-maintenant\/#primaryimage\"},\"thumbnailUrl\":\"https:\/\/swissbaker.ch\/wp-content\/uploads\/2022\/03\/2_2_baeckerkrone_d.jpeg\",\"articleSection\":[\"Association\"],\"inLanguage\":\"fr-FR\",\"potentialAction\":[{\"@type\":\"CommentAction\",\"name\":\"Comment\",\"target\":[\"https:\/\/swissbaker.ch\/fr\/panissimo-news\/qui-remportera-la-couronne-boulangere-2022-participez-des-maintenant\/#respond\"]}]},{\"@type\":\"WebPage\",\"@id\":\"https:\/\/swissbaker.ch\/fr\/panissimo-news\/qui-remportera-la-couronne-boulangere-2022-participez-des-maintenant\/\",\"url\":\"https:\/\/swissbaker.ch\/fr\/panissimo-news\/qui-remportera-la-couronne-boulangere-2022-participez-des-maintenant\/\",\"name\":\"Qui remportera la couronne boulang\u00e8re 2022 ? Participez d\u00e8s maintenant ! | SBC\",\"isPartOf\":{\"@id\":\"https:\/\/swissbaker.ch\/fr\/#website\"},\"primaryImageOfPage\":{\"@id\":\"https:\/\/swissbaker.ch\/fr\/panissimo-news\/qui-remportera-la-couronne-boulangere-2022-participez-des-maintenant\/#primaryimage\"},\"image\":{\"@id\":\"https:\/\/swissbaker.ch\/fr\/panissimo-news\/qui-remportera-la-couronne-boulangere-2022-participez-des-maintenant\/#primaryimage\"},\"thumbnailUrl\":\"https:\/\/swissbaker.ch\/wp-content\/uploads\/2022\/03\/2_2_baeckerkrone_d.jpeg\",\"datePublished\":\"2022-02-02T10:37:00+00:00\",\"dateModified\":\"2022-04-29T11:19:33+00:00\",\"breadcrumb\":{\"@id\":\"https:\/\/swissbaker.ch\/fr\/panissimo-news\/qui-remportera-la-couronne-boulangere-2022-participez-des-maintenant\/#breadcrumb\"},\"inLanguage\":\"fr-FR\",\"potentialAction\":[{\"@type\":\"ReadAction\",\"target\":[\"https:\/\/swissbaker.ch\/fr\/panissimo-news\/qui-remportera-la-couronne-boulangere-2022-participez-des-maintenant\/\"]}]},{\"@type\":\"ImageObject\",\"inLanguage\":\"fr-FR\",\"@id\":\"https:\/\/swissbaker.ch\/fr\/panissimo-news\/qui-remportera-la-couronne-boulangere-2022-participez-des-maintenant\/#primaryimage\",\"url\":\"https:\/\/swissbaker.ch\/wp-content\/uploads\/2022\/03\/2_2_baeckerkrone_d.jpeg\",\"contentUrl\":\"https:\/\/swissbaker.ch\/wp-content\/uploads\/2022\/03\/2_2_baeckerkrone_d.jpeg\",\"width\":800,\"height\":474,\"caption\":\"Qui remportera la couronne boulang\u00e8re 2022 ? Participez d\u00e8s maintenant !\"},{\"@type\":\"BreadcrumbList\",\"@id\":\"https:\/\/swissbaker.ch\/fr\/panissimo-news\/qui-remportera-la-couronne-boulangere-2022-participez-des-maintenant\/#breadcrumb\",\"itemListElement\":[{\"@type\":\"ListItem\",\"position\":1,\"name\":\"\",\"item\":\"https:\/\/swissbaker.ch\/fr\/\"},{\"@type\":\"ListItem\",\"position\":2,\"name\":\"Association\",\"item\":\"https:\/\/swissbaker.ch\/fr\/panissimo-news\/category\/association\/\"},{\"@type\":\"ListItem\",\"position\":3,\"name\":\"Qui remportera la couronne boulang\u00e8re 2022 ? Participez d\u00e8s maintenant !\"}]},{\"@type\":\"WebSite\",\"@id\":\"https:\/\/swissbaker.ch\/fr\/#website\",\"url\":\"https:\/\/swissbaker.ch\/fr\/\",\"name\":\"SBC\",\"description\":\"\",\"publisher\":{\"@id\":\"https:\/\/swissbaker.ch\/fr\/#organization\"},\"potentialAction\":[{\"@type\":\"SearchAction\",\"target\":{\"@type\":\"EntryPoint\",\"urlTemplate\":\"https:\/\/swissbaker.ch\/fr\/?s={search_term_string}\"},\"query-input\":{\"@type\":\"PropertyValueSpecification\",\"valueRequired\":true,\"valueName\":\"search_term_string\"}}],\"inLanguage\":\"fr-FR\"},{\"@type\":\"Organization\",\"@id\":\"https:\/\/swissbaker.ch\/fr\/#organization\",\"name\":\"Schweizerischer B\u00e4cker-Confiseurmeister-Verband\",\"url\":\"https:\/\/swissbaker.ch\/fr\/\",\"logo\":{\"@type\":\"ImageObject\",\"inLanguage\":\"fr-FR\",\"@id\":\"https:\/\/swissbaker.ch\/fr\/#\/schema\/logo\/image\/\",\"url\":\"https:\/\/swissbaker.ch\/wp-content\/uploads\/2022\/04\/sbc-logo-yoast.jpg\",\"contentUrl\":\"https:\/\/swissbaker.ch\/wp-content\/uploads\/2022\/04\/sbc-logo-yoast.jpg\",\"width\":512,\"height\":512,\"caption\":\"Schweizerischer B\u00e4cker-Confiseurmeister-Verband\"},\"image\":{\"@id\":\"https:\/\/swissbaker.ch\/fr\/#\/schema\/logo\/image\/\"},\"sameAs\":[\"https:\/\/www.facebook.com\/swissbaker.ch\",\"https:\/\/x.com\/ch_swissbaker\"]},{\"@type\":\"Person\",\"@id\":\"https:\/\/swissbaker.ch\/fr\/#\/schema\/person\/058ac47619f7da53df62aba60f939b78\",\"name\":\"azureart\",\"image\":{\"@type\":\"ImageObject\",\"inLanguage\":\"fr-FR\",\"@id\":\"https:\/\/swissbaker.ch\/fr\/#\/schema\/person\/image\/\",\"url\":\"https:\/\/secure.gravatar.com\/avatar\/be04dd3098fd612c83067af4f7a295384c93cb6a9112f51beb9d2f477d25da61?s=96&d=mm&r=g\",\"contentUrl\":\"https:\/\/secure.gravatar.com\/avatar\/be04dd3098fd612c83067af4f7a295384c93cb6a9112f51beb9d2f477d25da61?s=96&d=mm&r=g\",\"caption\":\"azureart\"},\"sameAs\":[\"https:\/\/swissbaker.ch\"],\"url\":\"https:\/\/swissbaker.ch\/fr\/panissimo-news\/author\/pixel-ahoi\/\"}]}<\/script>\n<!-- \/ Yoast SEO Premium plugin. -->","yoast_head_json":{"title":"Qui remportera la couronne boulang\u00e8re 2022 ? Participez d\u00e8s maintenant ! | SBC","robots":{"index":"index","follow":"follow","max-snippet":"max-snippet:-1","max-image-preview":"max-image-preview:large","max-video-preview":"max-video-preview:-1"},"canonical":"https:\/\/swissbaker.ch\/fr\/panissimo-news\/qui-remportera-la-couronne-boulangere-2022-participez-des-maintenant\/","og_locale":"fr_FR","og_type":"article","og_title":"Qui remportera la couronne boulang\u00e8re 2022 ? Participez d\u00e8s maintenant !","og_description":"Nous recherchons des boulang\u00e8res et boulangers innovants ou des confiseuses et confiseurs inventifs \u2013 que ce soit dans le domaine professionnel, social, \u00e9conomique ou \u00e9cologique. Cette ann\u00e9e aussi, la couronne boulang\u00e8re sera d\u00e9cern\u00e9e \u00e0 l&#8217;une ou l&#8217;un d&#8217;entre eux, avec un prix de 15000 francs \u00e0 la cl\u00e9. Avis aux boulang\u00e8res et boulangers, confiseuses et confiseurs: le coup d&#8217;envoi du [&hellip;]","og_url":"https:\/\/swissbaker.ch\/fr\/panissimo-news\/qui-remportera-la-couronne-boulangere-2022-participez-des-maintenant\/","og_site_name":"SBC","article_publisher":"https:\/\/www.facebook.com\/swissbaker.ch","article_published_time":"2022-02-02T10:37:00+00:00","article_modified_time":"2022-04-29T11:19:33+00:00","og_image":[{"width":800,"height":474,"url":"https:\/\/swissbaker.ch\/wp-content\/uploads\/2022\/03\/2_2_baeckerkrone_d.jpeg","type":"image\/jpeg"}],"author":"azureart","twitter_card":"summary_large_image","twitter_creator":"@ch_swissbaker","twitter_site":"@ch_swissbaker","twitter_misc":{"Written by":"azureart","Est. reading time":"4 minutes"},"schema":{"@context":"https:\/\/schema.org","@graph":[{"@type":"Article","@id":"https:\/\/swissbaker.ch\/fr\/panissimo-news\/qui-remportera-la-couronne-boulangere-2022-participez-des-maintenant\/#article","isPartOf":{"@id":"https:\/\/swissbaker.ch\/fr\/panissimo-news\/qui-remportera-la-couronne-boulangere-2022-participez-des-maintenant\/"},"author":{"name":"azureart","@id":"https:\/\/swissbaker.ch\/fr\/#\/schema\/person\/058ac47619f7da53df62aba60f939b78"},"headline":"Qui remportera la couronne boulang\u00e8re 2022 ? Participez d\u00e8s maintenant !","datePublished":"2022-02-02T10:37:00+00:00","dateModified":"2022-04-29T11:19:33+00:00","mainEntityOfPage":{"@id":"https:\/\/swissbaker.ch\/fr\/panissimo-news\/qui-remportera-la-couronne-boulangere-2022-participez-des-maintenant\/"},"wordCount":656,"commentCount":0,"publisher":{"@id":"https:\/\/swissbaker.ch\/fr\/#organization"},"image":{"@id":"https:\/\/swissbaker.ch\/fr\/panissimo-news\/qui-remportera-la-couronne-boulangere-2022-participez-des-maintenant\/#primaryimage"},"thumbnailUrl":"https:\/\/swissbaker.ch\/wp-content\/uploads\/2022\/03\/2_2_baeckerkrone_d.jpeg","articleSection":["Association"],"inLanguage":"fr-FR","potentialAction":[{"@type":"CommentAction","name":"Comment","target":["https:\/\/swissbaker.ch\/fr\/panissimo-news\/qui-remportera-la-couronne-boulangere-2022-participez-des-maintenant\/#respond"]}]},{"@type":"WebPage","@id":"https:\/\/swissbaker.ch\/fr\/panissimo-news\/qui-remportera-la-couronne-boulangere-2022-participez-des-maintenant\/","url":"https:\/\/swissbaker.ch\/fr\/panissimo-news\/qui-remportera-la-couronne-boulangere-2022-participez-des-maintenant\/","name":"Qui remportera la couronne boulang\u00e8re 2022 ? Participez d\u00e8s maintenant ! | SBC","isPartOf":{"@id":"https:\/\/swissbaker.ch\/fr\/#website"},"primaryImageOfPage":{"@id":"https:\/\/swissbaker.ch\/fr\/panissimo-news\/qui-remportera-la-couronne-boulangere-2022-participez-des-maintenant\/#primaryimage"},"image":{"@id":"https:\/\/swissbaker.ch\/fr\/panissimo-news\/qui-remportera-la-couronne-boulangere-2022-participez-des-maintenant\/#primaryimage"},"thumbnailUrl":"https:\/\/swissbaker.ch\/wp-content\/uploads\/2022\/03\/2_2_baeckerkrone_d.jpeg","datePublished":"2022-02-02T10:37:00+00:00","dateModified":"2022-04-29T11:19:33+00:00","breadcrumb":{"@id":"https:\/\/swissbaker.ch\/fr\/panissimo-news\/qui-remportera-la-couronne-boulangere-2022-participez-des-maintenant\/#breadcrumb"},"inLanguage":"fr-FR","potentialAction":[{"@type":"ReadAction","target":["https:\/\/swissbaker.ch\/fr\/panissimo-news\/qui-remportera-la-couronne-boulangere-2022-participez-des-maintenant\/"]}]},{"@type":"ImageObject","inLanguage":"fr-FR","@id":"https:\/\/swissbaker.ch\/fr\/panissimo-news\/qui-remportera-la-couronne-boulangere-2022-participez-des-maintenant\/#primaryimage","url":"https:\/\/swissbaker.ch\/wp-content\/uploads\/2022\/03\/2_2_baeckerkrone_d.jpeg","contentUrl":"https:\/\/swissbaker.ch\/wp-content\/uploads\/2022\/03\/2_2_baeckerkrone_d.jpeg","width":800,"height":474,"caption":"Qui remportera la couronne boulang\u00e8re 2022 ? Participez d\u00e8s maintenant !"},{"@type":"BreadcrumbList","@id":"https:\/\/swissbaker.ch\/fr\/panissimo-news\/qui-remportera-la-couronne-boulangere-2022-participez-des-maintenant\/#breadcrumb","itemListElement":[{"@type":"ListItem","position":1,"name":"","item":"https:\/\/swissbaker.ch\/fr\/"},{"@type":"ListItem","position":2,"name":"Association","item":"https:\/\/swissbaker.ch\/fr\/panissimo-news\/category\/association\/"},{"@type":"ListItem","position":3,"name":"Qui remportera la couronne boulang\u00e8re 2022 ? Participez d\u00e8s maintenant !"}]},{"@type":"WebSite","@id":"https:\/\/swissbaker.ch\/fr\/#website","url":"https:\/\/swissbaker.ch\/fr\/","name":"SBC","description":"","publisher":{"@id":"https:\/\/swissbaker.ch\/fr\/#organization"},"potentialAction":[{"@type":"SearchAction","target":{"@type":"EntryPoint","urlTemplate":"https:\/\/swissbaker.ch\/fr\/?s={search_term_string}"},"query-input":{"@type":"PropertyValueSpecification","valueRequired":true,"valueName":"search_term_string"}}],"inLanguage":"fr-FR"},{"@type":"Organization","@id":"https:\/\/swissbaker.ch\/fr\/#organization","name":"Schweizerischer B\u00e4cker-Confiseurmeister-Verband","url":"https:\/\/swissbaker.ch\/fr\/","logo":{"@type":"ImageObject","inLanguage":"fr-FR","@id":"https:\/\/swissbaker.ch\/fr\/#\/schema\/logo\/image\/","url":"https:\/\/swissbaker.ch\/wp-content\/uploads\/2022\/04\/sbc-logo-yoast.jpg","contentUrl":"https:\/\/swissbaker.ch\/wp-content\/uploads\/2022\/04\/sbc-logo-yoast.jpg","width":512,"height":512,"caption":"Schweizerischer B\u00e4cker-Confiseurmeister-Verband"},"image":{"@id":"https:\/\/swissbaker.ch\/fr\/#\/schema\/logo\/image\/"},"sameAs":["https:\/\/www.facebook.com\/swissbaker.ch","https:\/\/x.com\/ch_swissbaker"]},{"@type":"Person","@id":"https:\/\/swissbaker.ch\/fr\/#\/schema\/person\/058ac47619f7da53df62aba60f939b78","name":"azureart","image":{"@type":"ImageObject","inLanguage":"fr-FR","@id":"https:\/\/swissbaker.ch\/fr\/#\/schema\/person\/image\/","url":"https:\/\/secure.gravatar.com\/avatar\/be04dd3098fd612c83067af4f7a295384c93cb6a9112f51beb9d2f477d25da61?s=96&d=mm&r=g","contentUrl":"https:\/\/secure.gravatar.com\/avatar\/be04dd3098fd612c83067af4f7a295384c93cb6a9112f51beb9d2f477d25da61?s=96&d=mm&r=g","caption":"azureart"},"sameAs":["https:\/\/swissbaker.ch"],"url":"https:\/\/swissbaker.ch\/fr\/panissimo-news\/author\/pixel-ahoi\/"}]}},"_links":{"self":[{"href":"https:\/\/swissbaker.ch\/fr\/wp-json\/wp\/v2\/posts\/7448","targetHints":{"allow":["GET"]}}],"collection":[{"href":"https:\/\/swissbaker.ch\/fr\/wp-json\/wp\/v2\/posts"}],"about":[{"href":"https:\/\/swissbaker.ch\/fr\/wp-json\/wp\/v2\/types\/post"}],"author":[{"embeddable":true,"href":"https:\/\/swissbaker.ch\/fr\/wp-json\/wp\/v2\/users\/1"}],"replies":[{"embeddable":true,"href":"https:\/\/swissbaker.ch\/fr\/wp-json\/wp\/v2\/comments?post=7448"}],"version-history":[{"count":0,"href":"https:\/\/swissbaker.ch\/fr\/wp-json\/wp\/v2\/posts\/7448\/revisions"}],"wp:featuredmedia":[{"embeddable":true,"href":"https:\/\/swissbaker.ch\/fr\/wp-json\/wp\/v2\/media\/5082"}],"wp:attachment":[{"href":"https:\/\/swissbaker.ch\/fr\/wp-json\/wp\/v2\/media?parent=7448"}],"wp:term":[{"taxonomy":"category","embeddable":true,"href":"https:\/\/swissbaker.ch\/fr\/wp-json\/wp\/v2\/categories?post=7448"},{"taxonomy":"post_tag","embeddable":true,"href":"https:\/\/swissbaker.ch\/fr\/wp-json\/wp\/v2\/tags?post=7448"}],"curies":[{"name":"wp","href":"https:\/\/api.w.org\/{rel}","templated":true}]}}