{"id":74448,"date":"2024-02-01T10:58:00","date_gmt":"2024-02-01T09:58:00","guid":{"rendered":"https:\/\/swissbaker.ch\/?p=74448"},"modified":"2024-02-01T13:01:33","modified_gmt":"2024-02-01T12:01:33","slug":"declaration-du-pain-et-des-articles-de-boulangerie-fine","status":"publish","type":"post","link":"https:\/\/swissbaker.ch\/fr\/panissimo-news\/declaration-du-pain-et-des-articles-de-boulangerie-fine\/","title":{"rendered":"R\u00e9vision du droit sur les denr\u00e9es alimentaires \u2013 Stretto\u00a04 est en marche"},"content":{"rendered":"\n<p><strong>1er f\u00e9vrier 2024, la r\u00e9vision Stretto 4 entre en vigueur. Les modifications apport\u00e9es \u00e0 25 ordonnances du droit sur les denr\u00e9es alimentaires visent \u00e0 prot\u00e9ger davantage la sant\u00e9 et \u00e0 am\u00e9liorer la protection contre la tromperie. Un d\u00e9lai transitoire d\u2019un an, jusqu&#8217;\u00e0 fin janvier 2025, est pr\u00e9vu pour les nouvelles r\u00e9glementations.<\/strong><\/p>\n\n\n\n<p>La BCS recommande \u00e0 ses membres de demander des sp\u00e9cifications fournisseurs actualis\u00e9es et d&#8217;examiner de mani\u00e8re critique les recettes, y compris la d\u00e9claration. Les membres de la BCS auront acc\u00e8s, \u00e0 partir de la mi-f\u00e9vrier environ, \u00e0 une liste des modifications pertinentes, disponible sur la plateforme du GBP sous l\u2019onglet \u00abT\u00e9l\u00e9chargements\u00bb.<\/p>\n\n\n\n<h3 class=\"wp-block-heading\" id=\"h-vente-en-vrac-indication-ecrite\"><strong>Vente en vrac: indication \u00e9crite<\/strong><\/h3>\n\n\n\n<p>L\u2019indication \u00e9crite du pays de production du pain et des articles de boulangerie fine, nouvelle dans la vente en vrac, est tr\u00e8s pr\u00e9sente dans les m\u00e9dias. Elle s&#8217;applique tant \u00e0 la vente classique de produits entiers dans les commerces, qu\u2019\u00e0 la mise sur le march\u00e9 de pain en morceaux, dans la restauration notamment. La r\u00e9vision stipule explicitement que le simple fait de faire cuire des p\u00e2tons import\u00e9s ne peut plus \u00eatre invoqu\u00e9 pour modifier le pays de production. Un affichage tel que \u00abLe pain et les articles de boulangerie fine sont exclusivement fabriqu\u00e9s en Suisse\u00bb permet de tenir compte de cette nouvelle exigence. Si certains articles de l&#8217;assortiment sont import\u00e9s, ces exceptions doivent \u00eatre clairement mentionn\u00e9es sur des affiches (signalant par exemple que \u00ables exceptions sont d\u00e9clar\u00e9es sur les \u00e9tiquettes de prix\u00bb). Si l&#8217;indication \u00e9crite du pays de production est compl\u00e9t\u00e9e par des informations facultatives, relatives \u00e0 un approvisionnement r\u00e9gional par exemple, celles-ci ne doivent pas \u00eatre trompeuses.<\/p>\n\n\n\n<h3 class=\"wp-block-heading\" id=\"h-declaration-des-traces-d-allergene-s-simplifiee-mais\">D\u00e9claration des traces d\u2019allerg\u00e8ne s simplifi\u00e9e \u2013 mais\u2026<\/h3>\n\n\n\n<p>Avec le droit actualis\u00e9, la d\u00e9claration facultative des traces en dessous des limites fix\u00e9es peut se faire sous forme de termes g\u00e9n\u00e9riques (tels que noix). Il fallait jusqu\u2019\u00e0 pr\u00e9sent fournir des indications concr\u00e8tes (telles que noix communes ou noisettes) en cas de d\u00e9claration de traces \u00e9galement. Il faut d\u00e9sormais assurer le nettoyage et le contr\u00f4le des emballages de transport pour \u00e9viter les contaminations ou m\u00e9langes involontaires.<\/p>\n\n\n\n<h3 class=\"wp-block-heading\" id=\"h-indications-sur-les-produits-preemballes\">Indications sur les produits pr\u00e9emball\u00e9s<\/h3>\n\n\n\n<p>Pour la d\u00e9claration des valeurs nutritives sur les produits pr\u00e9emball\u00e9s, seule la grande variante du tableau des valeurs nutritives sera autoris\u00e9e \u00e0 l&#8217;avenir (acides gras satur\u00e9s et sucres compris). Les produits issus d&#8217;une fabrication artisanale et vendus uniquement au niveau r\u00e9gional sont notamment toujours exclus de la d\u00e9claration des valeurs nutritives.<\/p>\n\n\n\n<h3 class=\"wp-block-heading\" id=\"h-lutter-contre-le-gaspillage-alimentaire\">Lutter contre le gaspillage alimentaire<\/h3>\n\n\n\n<p>Une d\u00e9claration simplifi\u00e9e des allerg\u00e8nes contenus peut \u00eatre faite pour les stocks r\u00e9siduels consolid\u00e9s en cas de don de marchandises invendues mais consommables \u00e0 des organisations exon\u00e9r\u00e9es d\u2019imp\u00f4t. Dans ce cas, les consommateurs et consommatrices doivent \u00eatre inform\u00e9s de l&#8217;\u00e9tendue de tous les allerg\u00e8nes potentiellement contenus. L\u2019attribution d\u2019allerg\u00e8nes \u00e0 des produits individuels n\u2019est pas n\u00e9cessaire, compte tenu des contaminations ou m\u00e9langes possibles pendant la proc\u00e9dure de collecte.<\/p>\n\n\n\n<p class=\"has-text-align-right\"><em>BCS<\/em><\/p>\n","protected":false},"excerpt":{"rendered":"<p>1er f\u00e9vrier 2024, la r\u00e9vision Stretto 4 entre en vigueur. Les modifications apport\u00e9es \u00e0 25 ordonnances du droit sur les denr\u00e9es alimentaires visent \u00e0 prot\u00e9ger davantage la sant\u00e9 et \u00e0 am\u00e9liorer la protection contre la tromperie. Un d\u00e9lai transitoire d\u2019un an, jusqu&#8217;\u00e0 fin janvier 2025, est pr\u00e9vu pour les nouvelles r\u00e9glementations.<\/p>\n","protected":false},"author":5,"featured_media":74442,"comment_status":"closed","ping_status":"closed","sticky":true,"template":"","format":"standard","meta":{"_acf_changed":false,"footnotes":""},"categories":[41,44,49],"tags":[],"class_list":["post-74448","post","type-post","status-publish","format-standard","has-post-thumbnail","hentry","category-association","category-droit-politique","category-sante-securite"],"acf":[],"yoast_head":"<!-- This site is optimized with the Yoast SEO Premium plugin v26.8 (Yoast SEO v26.8) - https:\/\/yoast.com\/product\/yoast-seo-premium-wordpress\/ -->\n<title>R\u00e9vision du droit sur les denr\u00e9es alimentaires \u2013 Stretto\u00a04 est en marche | SBC<\/title>\n<meta name=\"description\" content=\"D\u00e9claration \u00e9crite du pays de production du pain et des articles de boulangerie fine vendus en vrac.\" \/>\n<meta name=\"robots\" content=\"index, follow, max-snippet:-1, max-image-preview:large, max-video-preview:-1\" \/>\n<link rel=\"canonical\" href=\"https:\/\/swissbaker.ch\/fr\/panissimo-news\/declaration-du-pain-et-des-articles-de-boulangerie-fine\/\" \/>\n<meta property=\"og:locale\" content=\"fr_FR\" \/>\n<meta property=\"og:type\" content=\"article\" \/>\n<meta property=\"og:title\" content=\"R\u00e9vision du droit sur les denr\u00e9es alimentaires \u2013 Stretto\u00a04 est en marche\" \/>\n<meta property=\"og:description\" content=\"D\u00e9claration \u00e9crite du pays de production du pain et des articles de boulangerie fine vendus en vrac.\" \/>\n<meta property=\"og:url\" content=\"https:\/\/swissbaker.ch\/fr\/panissimo-news\/declaration-du-pain-et-des-articles-de-boulangerie-fine\/\" \/>\n<meta property=\"og:site_name\" content=\"SBC\" \/>\n<meta property=\"article:publisher\" content=\"https:\/\/www.facebook.com\/swissbaker.ch\" \/>\n<meta property=\"article:published_time\" content=\"2024-02-01T09:58:00+00:00\" \/>\n<meta property=\"article:modified_time\" content=\"2024-02-01T12:01:33+00:00\" \/>\n<meta property=\"og:image\" content=\"https:\/\/swissbaker.ch\/wp-content\/uploads\/2024\/01\/bild_brotgestell.jpg\" \/>\n\t<meta property=\"og:image:width\" content=\"1200\" \/>\n\t<meta property=\"og:image:height\" content=\"712\" \/>\n\t<meta property=\"og:image:type\" content=\"image\/jpeg\" \/>\n<meta name=\"author\" content=\"Simon Nussbaum\" \/>\n<meta name=\"twitter:card\" content=\"summary_large_image\" \/>\n<meta name=\"twitter:creator\" content=\"@ch_swissbaker\" \/>\n<meta name=\"twitter:site\" content=\"@ch_swissbaker\" \/>\n<meta name=\"twitter:label1\" content=\"Written by\" \/>\n\t<meta name=\"twitter:data1\" content=\"Simon Nussbaum\" \/>\n\t<meta name=\"twitter:label2\" content=\"Est. reading time\" \/>\n\t<meta name=\"twitter:data2\" content=\"3 minutes\" \/>\n<script type=\"application\/ld+json\" class=\"yoast-schema-graph\">{\"@context\":\"https:\/\/schema.org\",\"@graph\":[{\"@type\":\"Article\",\"@id\":\"https:\/\/swissbaker.ch\/fr\/panissimo-news\/declaration-du-pain-et-des-articles-de-boulangerie-fine\/#article\",\"isPartOf\":{\"@id\":\"https:\/\/swissbaker.ch\/fr\/panissimo-news\/declaration-du-pain-et-des-articles-de-boulangerie-fine\/\"},\"author\":{\"name\":\"Simon Nussbaum\",\"@id\":\"https:\/\/swissbaker.ch\/fr\/#\/schema\/person\/74bd327b08c18ca6042c02ff6f0ed5e2\"},\"headline\":\"R\u00e9vision du droit sur les denr\u00e9es alimentaires \u2013 Stretto\u00a04 est en marche\",\"datePublished\":\"2024-02-01T09:58:00+00:00\",\"dateModified\":\"2024-02-01T12:01:33+00:00\",\"mainEntityOfPage\":{\"@id\":\"https:\/\/swissbaker.ch\/fr\/panissimo-news\/declaration-du-pain-et-des-articles-de-boulangerie-fine\/\"},\"wordCount\":547,\"publisher\":{\"@id\":\"https:\/\/swissbaker.ch\/fr\/#organization\"},\"image\":{\"@id\":\"https:\/\/swissbaker.ch\/fr\/panissimo-news\/declaration-du-pain-et-des-articles-de-boulangerie-fine\/#primaryimage\"},\"thumbnailUrl\":\"https:\/\/swissbaker.ch\/wp-content\/uploads\/2024\/01\/bild_brotgestell.jpg\",\"articleSection\":[\"Association\",\"Droit &amp; politique\",\"Sant\u00e9\/S\u00e9curit\u00e9\"],\"inLanguage\":\"fr-FR\"},{\"@type\":\"WebPage\",\"@id\":\"https:\/\/swissbaker.ch\/fr\/panissimo-news\/declaration-du-pain-et-des-articles-de-boulangerie-fine\/\",\"url\":\"https:\/\/swissbaker.ch\/fr\/panissimo-news\/declaration-du-pain-et-des-articles-de-boulangerie-fine\/\",\"name\":\"R\u00e9vision du droit sur les denr\u00e9es alimentaires \u2013 Stretto\u00a04 est en marche | SBC\",\"isPartOf\":{\"@id\":\"https:\/\/swissbaker.ch\/fr\/#website\"},\"primaryImageOfPage\":{\"@id\":\"https:\/\/swissbaker.ch\/fr\/panissimo-news\/declaration-du-pain-et-des-articles-de-boulangerie-fine\/#primaryimage\"},\"image\":{\"@id\":\"https:\/\/swissbaker.ch\/fr\/panissimo-news\/declaration-du-pain-et-des-articles-de-boulangerie-fine\/#primaryimage\"},\"thumbnailUrl\":\"https:\/\/swissbaker.ch\/wp-content\/uploads\/2024\/01\/bild_brotgestell.jpg\",\"datePublished\":\"2024-02-01T09:58:00+00:00\",\"dateModified\":\"2024-02-01T12:01:33+00:00\",\"description\":\"D\u00e9claration \u00e9crite du pays de production du pain et des articles de boulangerie fine vendus en vrac.\",\"breadcrumb\":{\"@id\":\"https:\/\/swissbaker.ch\/fr\/panissimo-news\/declaration-du-pain-et-des-articles-de-boulangerie-fine\/#breadcrumb\"},\"inLanguage\":\"fr-FR\",\"potentialAction\":[{\"@type\":\"ReadAction\",\"target\":[\"https:\/\/swissbaker.ch\/fr\/panissimo-news\/declaration-du-pain-et-des-articles-de-boulangerie-fine\/\"]}]},{\"@type\":\"ImageObject\",\"inLanguage\":\"fr-FR\",\"@id\":\"https:\/\/swissbaker.ch\/fr\/panissimo-news\/declaration-du-pain-et-des-articles-de-boulangerie-fine\/#primaryimage\",\"url\":\"https:\/\/swissbaker.ch\/wp-content\/uploads\/2024\/01\/bild_brotgestell.jpg\",\"contentUrl\":\"https:\/\/swissbaker.ch\/wp-content\/uploads\/2024\/01\/bild_brotgestell.jpg\",\"width\":1200,\"height\":712},{\"@type\":\"BreadcrumbList\",\"@id\":\"https:\/\/swissbaker.ch\/fr\/panissimo-news\/declaration-du-pain-et-des-articles-de-boulangerie-fine\/#breadcrumb\",\"itemListElement\":[{\"@type\":\"ListItem\",\"position\":1,\"name\":\"\",\"item\":\"https:\/\/swissbaker.ch\/fr\/\"},{\"@type\":\"ListItem\",\"position\":2,\"name\":\"Sant\u00e9\/S\u00e9curit\u00e9\",\"item\":\"https:\/\/swissbaker.ch\/fr\/panissimo-news\/category\/sante-securite\/\"},{\"@type\":\"ListItem\",\"position\":3,\"name\":\"R\u00e9vision du droit sur les denr\u00e9es alimentaires \u2013 Stretto\u00a04 est en marche\"}]},{\"@type\":\"WebSite\",\"@id\":\"https:\/\/swissbaker.ch\/fr\/#website\",\"url\":\"https:\/\/swissbaker.ch\/fr\/\",\"name\":\"SBC\",\"description\":\"\",\"publisher\":{\"@id\":\"https:\/\/swissbaker.ch\/fr\/#organization\"},\"potentialAction\":[{\"@type\":\"SearchAction\",\"target\":{\"@type\":\"EntryPoint\",\"urlTemplate\":\"https:\/\/swissbaker.ch\/fr\/?s={search_term_string}\"},\"query-input\":{\"@type\":\"PropertyValueSpecification\",\"valueRequired\":true,\"valueName\":\"search_term_string\"}}],\"inLanguage\":\"fr-FR\"},{\"@type\":\"Organization\",\"@id\":\"https:\/\/swissbaker.ch\/fr\/#organization\",\"name\":\"Schweizerischer B\u00e4cker-Confiseurmeister-Verband\",\"url\":\"https:\/\/swissbaker.ch\/fr\/\",\"logo\":{\"@type\":\"ImageObject\",\"inLanguage\":\"fr-FR\",\"@id\":\"https:\/\/swissbaker.ch\/fr\/#\/schema\/logo\/image\/\",\"url\":\"https:\/\/swissbaker.ch\/wp-content\/uploads\/2022\/04\/sbc-logo-yoast.jpg\",\"contentUrl\":\"https:\/\/swissbaker.ch\/wp-content\/uploads\/2022\/04\/sbc-logo-yoast.jpg\",\"width\":512,\"height\":512,\"caption\":\"Schweizerischer B\u00e4cker-Confiseurmeister-Verband\"},\"image\":{\"@id\":\"https:\/\/swissbaker.ch\/fr\/#\/schema\/logo\/image\/\"},\"sameAs\":[\"https:\/\/www.facebook.com\/swissbaker.ch\",\"https:\/\/x.com\/ch_swissbaker\"]},{\"@type\":\"Person\",\"@id\":\"https:\/\/swissbaker.ch\/fr\/#\/schema\/person\/74bd327b08c18ca6042c02ff6f0ed5e2\",\"name\":\"Simon Nussbaum\",\"image\":{\"@type\":\"ImageObject\",\"inLanguage\":\"fr-FR\",\"@id\":\"https:\/\/swissbaker.ch\/fr\/#\/schema\/person\/image\/\",\"url\":\"https:\/\/secure.gravatar.com\/avatar\/df0eced3bb556c806cb760cf503ade1ed1df25b4104d80d6fd28d93a9509aa12?s=96&d=mm&r=g\",\"contentUrl\":\"https:\/\/secure.gravatar.com\/avatar\/df0eced3bb556c806cb760cf503ade1ed1df25b4104d80d6fd28d93a9509aa12?s=96&d=mm&r=g\",\"caption\":\"Simon Nussbaum\"},\"url\":\"https:\/\/swissbaker.ch\/fr\/panissimo-news\/author\/simon-nussbaum\/\"}]}<\/script>\n<!-- \/ Yoast SEO Premium plugin. -->","yoast_head_json":{"title":"R\u00e9vision du droit sur les denr\u00e9es alimentaires \u2013 Stretto\u00a04 est en marche | SBC","description":"D\u00e9claration \u00e9crite du pays de production du pain et des articles de boulangerie fine vendus en vrac.","robots":{"index":"index","follow":"follow","max-snippet":"max-snippet:-1","max-image-preview":"max-image-preview:large","max-video-preview":"max-video-preview:-1"},"canonical":"https:\/\/swissbaker.ch\/fr\/panissimo-news\/declaration-du-pain-et-des-articles-de-boulangerie-fine\/","og_locale":"fr_FR","og_type":"article","og_title":"R\u00e9vision du droit sur les denr\u00e9es alimentaires \u2013 Stretto\u00a04 est en marche","og_description":"D\u00e9claration \u00e9crite du pays de production du pain et des articles de boulangerie fine vendus en vrac.","og_url":"https:\/\/swissbaker.ch\/fr\/panissimo-news\/declaration-du-pain-et-des-articles-de-boulangerie-fine\/","og_site_name":"SBC","article_publisher":"https:\/\/www.facebook.com\/swissbaker.ch","article_published_time":"2024-02-01T09:58:00+00:00","article_modified_time":"2024-02-01T12:01:33+00:00","og_image":[{"width":1200,"height":712,"url":"https:\/\/swissbaker.ch\/wp-content\/uploads\/2024\/01\/bild_brotgestell.jpg","type":"image\/jpeg"}],"author":"Simon Nussbaum","twitter_card":"summary_large_image","twitter_creator":"@ch_swissbaker","twitter_site":"@ch_swissbaker","twitter_misc":{"Written by":"Simon Nussbaum","Est. reading time":"3 minutes"},"schema":{"@context":"https:\/\/schema.org","@graph":[{"@type":"Article","@id":"https:\/\/swissbaker.ch\/fr\/panissimo-news\/declaration-du-pain-et-des-articles-de-boulangerie-fine\/#article","isPartOf":{"@id":"https:\/\/swissbaker.ch\/fr\/panissimo-news\/declaration-du-pain-et-des-articles-de-boulangerie-fine\/"},"author":{"name":"Simon Nussbaum","@id":"https:\/\/swissbaker.ch\/fr\/#\/schema\/person\/74bd327b08c18ca6042c02ff6f0ed5e2"},"headline":"R\u00e9vision du droit sur les denr\u00e9es alimentaires \u2013 Stretto\u00a04 est en marche","datePublished":"2024-02-01T09:58:00+00:00","dateModified":"2024-02-01T12:01:33+00:00","mainEntityOfPage":{"@id":"https:\/\/swissbaker.ch\/fr\/panissimo-news\/declaration-du-pain-et-des-articles-de-boulangerie-fine\/"},"wordCount":547,"publisher":{"@id":"https:\/\/swissbaker.ch\/fr\/#organization"},"image":{"@id":"https:\/\/swissbaker.ch\/fr\/panissimo-news\/declaration-du-pain-et-des-articles-de-boulangerie-fine\/#primaryimage"},"thumbnailUrl":"https:\/\/swissbaker.ch\/wp-content\/uploads\/2024\/01\/bild_brotgestell.jpg","articleSection":["Association","Droit &amp; politique","Sant\u00e9\/S\u00e9curit\u00e9"],"inLanguage":"fr-FR"},{"@type":"WebPage","@id":"https:\/\/swissbaker.ch\/fr\/panissimo-news\/declaration-du-pain-et-des-articles-de-boulangerie-fine\/","url":"https:\/\/swissbaker.ch\/fr\/panissimo-news\/declaration-du-pain-et-des-articles-de-boulangerie-fine\/","name":"R\u00e9vision du droit sur les denr\u00e9es alimentaires \u2013 Stretto\u00a04 est en marche | SBC","isPartOf":{"@id":"https:\/\/swissbaker.ch\/fr\/#website"},"primaryImageOfPage":{"@id":"https:\/\/swissbaker.ch\/fr\/panissimo-news\/declaration-du-pain-et-des-articles-de-boulangerie-fine\/#primaryimage"},"image":{"@id":"https:\/\/swissbaker.ch\/fr\/panissimo-news\/declaration-du-pain-et-des-articles-de-boulangerie-fine\/#primaryimage"},"thumbnailUrl":"https:\/\/swissbaker.ch\/wp-content\/uploads\/2024\/01\/bild_brotgestell.jpg","datePublished":"2024-02-01T09:58:00+00:00","dateModified":"2024-02-01T12:01:33+00:00","description":"D\u00e9claration \u00e9crite du pays de production du pain et des articles de boulangerie fine vendus en vrac.","breadcrumb":{"@id":"https:\/\/swissbaker.ch\/fr\/panissimo-news\/declaration-du-pain-et-des-articles-de-boulangerie-fine\/#breadcrumb"},"inLanguage":"fr-FR","potentialAction":[{"@type":"ReadAction","target":["https:\/\/swissbaker.ch\/fr\/panissimo-news\/declaration-du-pain-et-des-articles-de-boulangerie-fine\/"]}]},{"@type":"ImageObject","inLanguage":"fr-FR","@id":"https:\/\/swissbaker.ch\/fr\/panissimo-news\/declaration-du-pain-et-des-articles-de-boulangerie-fine\/#primaryimage","url":"https:\/\/swissbaker.ch\/wp-content\/uploads\/2024\/01\/bild_brotgestell.jpg","contentUrl":"https:\/\/swissbaker.ch\/wp-content\/uploads\/2024\/01\/bild_brotgestell.jpg","width":1200,"height":712},{"@type":"BreadcrumbList","@id":"https:\/\/swissbaker.ch\/fr\/panissimo-news\/declaration-du-pain-et-des-articles-de-boulangerie-fine\/#breadcrumb","itemListElement":[{"@type":"ListItem","position":1,"name":"","item":"https:\/\/swissbaker.ch\/fr\/"},{"@type":"ListItem","position":2,"name":"Sant\u00e9\/S\u00e9curit\u00e9","item":"https:\/\/swissbaker.ch\/fr\/panissimo-news\/category\/sante-securite\/"},{"@type":"ListItem","position":3,"name":"R\u00e9vision du droit sur les denr\u00e9es alimentaires \u2013 Stretto\u00a04 est en marche"}]},{"@type":"WebSite","@id":"https:\/\/swissbaker.ch\/fr\/#website","url":"https:\/\/swissbaker.ch\/fr\/","name":"SBC","description":"","publisher":{"@id":"https:\/\/swissbaker.ch\/fr\/#organization"},"potentialAction":[{"@type":"SearchAction","target":{"@type":"EntryPoint","urlTemplate":"https:\/\/swissbaker.ch\/fr\/?s={search_term_string}"},"query-input":{"@type":"PropertyValueSpecification","valueRequired":true,"valueName":"search_term_string"}}],"inLanguage":"fr-FR"},{"@type":"Organization","@id":"https:\/\/swissbaker.ch\/fr\/#organization","name":"Schweizerischer B\u00e4cker-Confiseurmeister-Verband","url":"https:\/\/swissbaker.ch\/fr\/","logo":{"@type":"ImageObject","inLanguage":"fr-FR","@id":"https:\/\/swissbaker.ch\/fr\/#\/schema\/logo\/image\/","url":"https:\/\/swissbaker.ch\/wp-content\/uploads\/2022\/04\/sbc-logo-yoast.jpg","contentUrl":"https:\/\/swissbaker.ch\/wp-content\/uploads\/2022\/04\/sbc-logo-yoast.jpg","width":512,"height":512,"caption":"Schweizerischer B\u00e4cker-Confiseurmeister-Verband"},"image":{"@id":"https:\/\/swissbaker.ch\/fr\/#\/schema\/logo\/image\/"},"sameAs":["https:\/\/www.facebook.com\/swissbaker.ch","https:\/\/x.com\/ch_swissbaker"]},{"@type":"Person","@id":"https:\/\/swissbaker.ch\/fr\/#\/schema\/person\/74bd327b08c18ca6042c02ff6f0ed5e2","name":"Simon Nussbaum","image":{"@type":"ImageObject","inLanguage":"fr-FR","@id":"https:\/\/swissbaker.ch\/fr\/#\/schema\/person\/image\/","url":"https:\/\/secure.gravatar.com\/avatar\/df0eced3bb556c806cb760cf503ade1ed1df25b4104d80d6fd28d93a9509aa12?s=96&d=mm&r=g","contentUrl":"https:\/\/secure.gravatar.com\/avatar\/df0eced3bb556c806cb760cf503ade1ed1df25b4104d80d6fd28d93a9509aa12?s=96&d=mm&r=g","caption":"Simon Nussbaum"},"url":"https:\/\/swissbaker.ch\/fr\/panissimo-news\/author\/simon-nussbaum\/"}]}},"_links":{"self":[{"href":"https:\/\/swissbaker.ch\/fr\/wp-json\/wp\/v2\/posts\/74448","targetHints":{"allow":["GET"]}}],"collection":[{"href":"https:\/\/swissbaker.ch\/fr\/wp-json\/wp\/v2\/posts"}],"about":[{"href":"https:\/\/swissbaker.ch\/fr\/wp-json\/wp\/v2\/types\/post"}],"author":[{"embeddable":true,"href":"https:\/\/swissbaker.ch\/fr\/wp-json\/wp\/v2\/users\/5"}],"replies":[{"embeddable":true,"href":"https:\/\/swissbaker.ch\/fr\/wp-json\/wp\/v2\/comments?post=74448"}],"version-history":[{"count":0,"href":"https:\/\/swissbaker.ch\/fr\/wp-json\/wp\/v2\/posts\/74448\/revisions"}],"wp:featuredmedia":[{"embeddable":true,"href":"https:\/\/swissbaker.ch\/fr\/wp-json\/wp\/v2\/media\/74442"}],"wp:attachment":[{"href":"https:\/\/swissbaker.ch\/fr\/wp-json\/wp\/v2\/media?parent=74448"}],"wp:term":[{"taxonomy":"category","embeddable":true,"href":"https:\/\/swissbaker.ch\/fr\/wp-json\/wp\/v2\/categories?post=74448"},{"taxonomy":"post_tag","embeddable":true,"href":"https:\/\/swissbaker.ch\/fr\/wp-json\/wp\/v2\/tags?post=74448"}],"curies":[{"name":"wp","href":"https:\/\/api.w.org\/{rel}","templated":true}]}}